{"id":201397,"date":"2023-01-02T09:56:00","date_gmt":"2023-01-02T09:56:00","guid":{"rendered":"https:\/\/www.webdo.tn\/fr\/blog\/les-taxis-en-greve-dans-le-grand-tunis\/201397\/"},"modified":"2025-05-20T22:06:38","modified_gmt":"2025-05-20T22:06:38","slug":"les-taxis-en-greve-dans-le-grand-tunis","status":"publish","type":"post","link":"https:\/\/www.webdo.tn\/fr\/actualite\/national\/les-taxis-en-greve-dans-le-grand-tunis\/201397\/","title":{"rendered":"Les taxis en gr\u00e8ve dans le Grand-Tunis"},"content":{"rendered":"<p>Les taxis individuels du Grand-Tunis, sont en gr\u00e8ve. Ils observent, ce lundi 2 janvier 2023, une gr\u00e8ve, \u00e0 l\u2019appel lanc\u00e9 par les diff\u00e9rentes chambres r\u00e9gionales des taxis individuels relevant de l\u2019UTICA.<\/p>\n<p>\t\t\t\t\t\t\t\t\tCe mouvement de gr\u00e8ve d\u00e9cid\u00e9 le 22 d\u00e9cembre dernier vient en signe de protestation contre la non-publication du d\u00e9cret num\u00e9ro 2202, relatif \u00e0 l\u2019octroi des autorisations.<\/p>\n<p>Cette gr\u00e8ve co\u00efncide avec les fortes perturbations enregistr\u00e9es dans les dessertes de bus et de m\u00e9tro au sein des transports en commun relevant de la TRANSTU.<\/p>\n<p>Des perturbations dues au sit-in que la F\u00e9d\u00e9ration du transport relevant de l&rsquo;UGTT compte organiser aujourd\u2019hui, \u00e0 la place du gouvernement \u00e0 la Kasbah.<\/p>\n","protected":false},"excerpt":{"rendered":"<p>Les taxis individuels du Grand-Tunis, sont en gr\u00e8ve. Ils observent, ce lundi 2 janvier 2023, une gr\u00e8ve, \u00e0 l\u2019appel lanc\u00e9 par les diff\u00e9rentes chambres r\u00e9gionales&#8230;<\/p>\n","protected":false},"author":3162,"featured_media":277486,"comment_status":"open","ping_status":"closed","sticky":false,"template":"","format":"standard","meta":{"footnotes":""},"categories":[44],"tags":[2647,2648,2818,2640],"class_list":["post-201397","post","type-post","status-publish","format-standard","has-post-thumbnail","hentry","category-national","tag-greve","tag-taxi","tag-transport","tag-tunis"],"yoast_head":"<!-- This site is optimized with the Yoast SEO Premium plugin v27.4 (Yoast SEO v27.5) - https:\/\/yoast.com\/product\/yoast-seo-premium-wordpress\/ -->\n<title>Les taxis en gr\u00e8ve dans le Grand-Tunis<\/title>\n<meta name=\"description\" content=\"Les taxis individuels du Grand-Tunis, sont en gr\u00e8ve. Ils observent, ce lundi 2 janvier 2023, une gr\u00e8ve, \u00e0 l\u2019appel lanc\u00e9 par les diff\u00e9rentes chambres r\u00e9gionales...\" \/>\n<link rel=\"canonical\" href=\"https:\/\/www.webdo.tn\/fr\/actualite\/national\/les-taxis-en-greve-dans-le-grand-tunis\/201397\/\" \/>\n<meta property=\"og:locale\" content=\"fr_FR\" \/>\n<meta property=\"og:type\" content=\"article\" \/>\n<meta property=\"og:title\" content=\"Les taxis en gr\u00e8ve dans le Grand-Tunis\" \/>\n<meta property=\"og:description\" content=\"Les taxis individuels du Grand-Tunis, sont en gr\u00e8ve. Ils observent, ce lundi 2 janvier 2023, une gr\u00e8ve, \u00e0 l\u2019appel lanc\u00e9 par les diff\u00e9rentes chambres r\u00e9gionales...\" \/>\n<meta property=\"og:url\" content=\"https:\/\/www.webdo.tn\/fr\/actualite\/national\/les-taxis-en-greve-dans-le-grand-tunis\/201397\/\" \/>\n<meta property=\"og:site_name\" content=\"webdo\" \/>\n<meta property=\"article:publisher\" content=\"https:\/\/www.facebook.com\/webdotn\" \/>\n<meta property=\"article:published_time\" content=\"2023-01-02T09:56:00+00:00\" \/>\n<meta property=\"article:modified_time\" content=\"2025-05-20T22:06:38+00:00\" \/>\n<meta property=\"og:image\" content=\"https:\/\/www.webdo.tn\/fr\/wp-content\/uploads\/2023\/01\/97ea646ef3f51dcfdb91179efbeb7fe8.jpg\" \/>\n\t<meta property=\"og:image:width\" content=\"720\" \/>\n\t<meta property=\"og:image:height\" content=\"384\" \/>\n\t<meta property=\"og:image:type\" content=\"image\/jpeg\" \/>\n<meta name=\"author\" content=\"MC\" \/>\n<meta name=\"twitter:card\" content=\"summary_large_image\" \/>\n<meta name=\"twitter:creator\" content=\"@webdo_tn\" \/>\n<meta name=\"twitter:site\" content=\"@webdo_tn\" \/>\n<meta name=\"twitter:label1\" content=\"\u00c9crit par\" \/>\n\t<meta name=\"twitter:data1\" content=\"MC\" \/>\n\t<meta name=\"twitter:label2\" content=\"Dur\u00e9e de lecture estim\u00e9e\" \/>\n\t<meta name=\"twitter:data2\" content=\"1 minute\" \/>\n<script type=\"application\/ld+json\" class=\"yoast-schema-graph\">{\"@context\":\"https:\\\/\\\/schema.org\",\"@graph\":[{\"@type\":\"NewsArticle\",\"@id\":\"https:\\\/\\\/www.webdo.tn\\\/fr\\\/actualite\\\/national\\\/les-taxis-en-greve-dans-le-grand-tunis\\\/201397\\\/#article\",\"isPartOf\":{\"@id\":\"https:\\\/\\\/www.webdo.tn\\\/fr\\\/actualite\\\/national\\\/les-taxis-en-greve-dans-le-grand-tunis\\\/201397\\\/\"},\"author\":{\"name\":\"MC\",\"@id\":\"https:\\\/\\\/www.webdo.tn\\\/fr\\\/#\\\/schema\\\/person\\\/2c4929cbf5a809e3bd38617c6ce150f6\"},\"headline\":\"Les taxis en gr\u00e8ve dans le Grand-Tunis\",\"datePublished\":\"2023-01-02T09:56:00+00:00\",\"dateModified\":\"2025-05-20T22:06:38+00:00\",\"mainEntityOfPage\":{\"@id\":\"https:\\\/\\\/www.webdo.tn\\\/fr\\\/actualite\\\/national\\\/les-taxis-en-greve-dans-le-grand-tunis\\\/201397\\\/\"},\"wordCount\":127,\"commentCount\":0,\"publisher\":{\"@id\":\"https:\\\/\\\/www.webdo.tn\\\/fr\\\/#organization\"},\"image\":{\"@id\":\"https:\\\/\\\/www.webdo.tn\\\/fr\\\/actualite\\\/national\\\/les-taxis-en-greve-dans-le-grand-tunis\\\/201397\\\/#primaryimage\"},\"thumbnailUrl\":\"https:\\\/\\\/www.webdo.tn\\\/fr\\\/wp-content\\\/uploads\\\/2023\\\/01\\\/97ea646ef3f51dcfdb91179efbeb7fe8.jpg\",\"keywords\":[\"Gr\u00e8ve\",\"Taxi\",\"Transport\",\"Tunis\"],\"articleSection\":[\"National\"],\"inLanguage\":\"fr-FR\"},{\"@type\":\"WebPage\",\"@id\":\"https:\\\/\\\/www.webdo.tn\\\/fr\\\/actualite\\\/national\\\/les-taxis-en-greve-dans-le-grand-tunis\\\/201397\\\/\",\"url\":\"https:\\\/\\\/www.webdo.tn\\\/fr\\\/actualite\\\/national\\\/les-taxis-en-greve-dans-le-grand-tunis\\\/201397\\\/\",\"name\":\"Les taxis en gr\u00e8ve dans le Grand-Tunis\",\"isPartOf\":{\"@id\":\"https:\\\/\\\/www.webdo.tn\\\/fr\\\/#website\"},\"primaryImageOfPage\":{\"@id\":\"https:\\\/\\\/www.webdo.tn\\\/fr\\\/actualite\\\/national\\\/les-taxis-en-greve-dans-le-grand-tunis\\\/201397\\\/#primaryimage\"},\"image\":{\"@id\":\"https:\\\/\\\/www.webdo.tn\\\/fr\\\/actualite\\\/national\\\/les-taxis-en-greve-dans-le-grand-tunis\\\/201397\\\/#primaryimage\"},\"thumbnailUrl\":\"https:\\\/\\\/www.webdo.tn\\\/fr\\\/wp-content\\\/uploads\\\/2023\\\/01\\\/97ea646ef3f51dcfdb91179efbeb7fe8.jpg\",\"datePublished\":\"2023-01-02T09:56:00+00:00\",\"dateModified\":\"2025-05-20T22:06:38+00:00\",\"description\":\"Les taxis individuels du Grand-Tunis, sont en gr\u00e8ve. Ils observent, ce lundi 2 janvier 2023, une gr\u00e8ve, \u00e0 l\u2019appel lanc\u00e9 par les diff\u00e9rentes chambres r\u00e9gionales...\",\"breadcrumb\":{\"@id\":\"https:\\\/\\\/www.webdo.tn\\\/fr\\\/actualite\\\/national\\\/les-taxis-en-greve-dans-le-grand-tunis\\\/201397\\\/#breadcrumb\"},\"inLanguage\":\"fr-FR\",\"potentialAction\":[{\"@type\":\"ReadAction\",\"target\":[\"https:\\\/\\\/www.webdo.tn\\\/fr\\\/actualite\\\/national\\\/les-taxis-en-greve-dans-le-grand-tunis\\\/201397\\\/\"]}]},{\"@type\":\"ImageObject\",\"inLanguage\":\"fr-FR\",\"@id\":\"https:\\\/\\\/www.webdo.tn\\\/fr\\\/actualite\\\/national\\\/les-taxis-en-greve-dans-le-grand-tunis\\\/201397\\\/#primaryimage\",\"url\":\"https:\\\/\\\/www.webdo.tn\\\/fr\\\/wp-content\\\/uploads\\\/2023\\\/01\\\/97ea646ef3f51dcfdb91179efbeb7fe8.jpg\",\"contentUrl\":\"https:\\\/\\\/www.webdo.tn\\\/fr\\\/wp-content\\\/uploads\\\/2023\\\/01\\\/97ea646ef3f51dcfdb91179efbeb7fe8.jpg\",\"width\":720,\"height\":384,\"caption\":\"Les taxis en gr\u00e8ve dans le Grand-Tunis\"},{\"@type\":\"BreadcrumbList\",\"@id\":\"https:\\\/\\\/www.webdo.tn\\\/fr\\\/actualite\\\/national\\\/les-taxis-en-greve-dans-le-grand-tunis\\\/201397\\\/#breadcrumb\",\"itemListElement\":[{\"@type\":\"ListItem\",\"position\":1,\"name\":\"Accueil\",\"item\":\"https:\\\/\\\/www.webdo.tn\\\/fr\\\/\"},{\"@type\":\"ListItem\",\"position\":2,\"name\":\"Les taxis en gr\u00e8ve dans le Grand-Tunis\"}]},{\"@type\":\"WebSite\",\"@id\":\"https:\\\/\\\/www.webdo.tn\\\/fr\\\/#website\",\"url\":\"https:\\\/\\\/www.webdo.tn\\\/fr\\\/\",\"name\":\"webdo\",\"description\":\"Tunisie - News en Tunisie et \u00e0 l&#039;international sur Webdo.tn\",\"publisher\":{\"@id\":\"https:\\\/\\\/www.webdo.tn\\\/fr\\\/#organization\"},\"potentialAction\":[{\"@type\":\"SearchAction\",\"target\":{\"@type\":\"EntryPoint\",\"urlTemplate\":\"https:\\\/\\\/www.webdo.tn\\\/fr\\\/?s={search_term_string}\"},\"query-input\":{\"@type\":\"PropertyValueSpecification\",\"valueRequired\":true,\"valueName\":\"search_term_string\"}}],\"inLanguage\":\"fr-FR\"},{\"@type\":\"Organization\",\"@id\":\"https:\\\/\\\/www.webdo.tn\\\/fr\\\/#organization\",\"name\":\"Webdo\",\"alternateName\":\"Webdo.tn\",\"url\":\"https:\\\/\\\/www.webdo.tn\\\/fr\\\/\",\"logo\":{\"@type\":\"ImageObject\",\"inLanguage\":\"fr-FR\",\"@id\":\"https:\\\/\\\/www.webdo.tn\\\/fr\\\/#\\\/schema\\\/logo\\\/image\\\/\",\"url\":\"https:\\\/\\\/www.webdo.tn\\\/fr\\\/wp-content\\\/uploads\\\/2025\\\/06\\\/Webdo-Tunisie_168377.jpg\",\"contentUrl\":\"https:\\\/\\\/www.webdo.tn\\\/fr\\\/wp-content\\\/uploads\\\/2025\\\/06\\\/Webdo-Tunisie_168377.jpg\",\"width\":301,\"height\":301,\"caption\":\"Webdo\"},\"image\":{\"@id\":\"https:\\\/\\\/www.webdo.tn\\\/fr\\\/#\\\/schema\\\/logo\\\/image\\\/\"},\"sameAs\":[\"https:\\\/\\\/www.facebook.com\\\/webdotn\",\"https:\\\/\\\/x.com\\\/webdo_tn\"],\"description\":\"Webdo est un m\u00e9dia num\u00e9rique tunisien fond\u00e9 en 2010, sp\u00e9cialis\u00e9 dans l\u2019actualit\u00e9 nationale et internationale, l\u2019\u00e9conomie, la soci\u00e9t\u00e9 et les analyses politiques. Le site s\u2019adresse \u00e0 un large public francophone et couvre l\u2019information tunisienne en temps r\u00e9el.\",\"email\":\"redac@webdo.tn\",\"legalName\":\"YNJ SARL\",\"foundingDate\":\"2010-09-06\",\"numberOfEmployees\":{\"@type\":\"QuantitativeValue\",\"minValue\":\"11\",\"maxValue\":\"50\"}},{\"@type\":\"Person\",\"@id\":\"https:\\\/\\\/www.webdo.tn\\\/fr\\\/#\\\/schema\\\/person\\\/2c4929cbf5a809e3bd38617c6ce150f6\",\"name\":\"MC\",\"image\":{\"@type\":\"ImageObject\",\"inLanguage\":\"fr-FR\",\"@id\":\"https:\\\/\\\/secure.gravatar.com\\\/avatar\\\/a545bbb6f84efdd5553dbbc2895e3ca8f1d12c5215e00a041c9670b54aa9b18a?s=96&d=mm&r=g\",\"url\":\"https:\\\/\\\/secure.gravatar.com\\\/avatar\\\/a545bbb6f84efdd5553dbbc2895e3ca8f1d12c5215e00a041c9670b54aa9b18a?s=96&d=mm&r=g\",\"contentUrl\":\"https:\\\/\\\/secure.gravatar.com\\\/avatar\\\/a545bbb6f84efdd5553dbbc2895e3ca8f1d12c5215e00a041c9670b54aa9b18a?s=96&d=mm&r=g\",\"caption\":\"MC\"},\"url\":\"https:\\\/\\\/www.webdo.tn\\\/fr\\\/actualite\\\/author\\\/mc\\\/\"}]}<\/script>\n<!-- \/ Yoast SEO Premium plugin. -->","yoast_head_json":{"title":"Les taxis en gr\u00e8ve dans le Grand-Tunis","description":"Les taxis individuels du Grand-Tunis, sont en gr\u00e8ve. Ils observent, ce lundi 2 janvier 2023, une gr\u00e8ve, \u00e0 l\u2019appel lanc\u00e9 par les diff\u00e9rentes chambres r\u00e9gionales...","canonical":"https:\/\/www.webdo.tn\/fr\/actualite\/national\/les-taxis-en-greve-dans-le-grand-tunis\/201397\/","og_locale":"fr_FR","og_type":"article","og_title":"Les taxis en gr\u00e8ve dans le Grand-Tunis","og_description":"Les taxis individuels du Grand-Tunis, sont en gr\u00e8ve. Ils observent, ce lundi 2 janvier 2023, une gr\u00e8ve, \u00e0 l\u2019appel lanc\u00e9 par les diff\u00e9rentes chambres r\u00e9gionales...","og_url":"https:\/\/www.webdo.tn\/fr\/actualite\/national\/les-taxis-en-greve-dans-le-grand-tunis\/201397\/","og_site_name":"webdo","article_publisher":"https:\/\/www.facebook.com\/webdotn","article_published_time":"2023-01-02T09:56:00+00:00","article_modified_time":"2025-05-20T22:06:38+00:00","og_image":[{"width":720,"height":384,"url":"https:\/\/www.webdo.tn\/fr\/wp-content\/uploads\/2023\/01\/97ea646ef3f51dcfdb91179efbeb7fe8.jpg","type":"image\/jpeg"}],"author":"MC","twitter_card":"summary_large_image","twitter_creator":"@webdo_tn","twitter_site":"@webdo_tn","twitter_misc":{"\u00c9crit par":"MC","Dur\u00e9e de lecture estim\u00e9e":"1 minute"},"schema":{"@context":"https:\/\/schema.org","@graph":[{"@type":"NewsArticle","@id":"https:\/\/www.webdo.tn\/fr\/actualite\/national\/les-taxis-en-greve-dans-le-grand-tunis\/201397\/#article","isPartOf":{"@id":"https:\/\/www.webdo.tn\/fr\/actualite\/national\/les-taxis-en-greve-dans-le-grand-tunis\/201397\/"},"author":{"name":"MC","@id":"https:\/\/www.webdo.tn\/fr\/#\/schema\/person\/2c4929cbf5a809e3bd38617c6ce150f6"},"headline":"Les taxis en gr\u00e8ve dans le Grand-Tunis","datePublished":"2023-01-02T09:56:00+00:00","dateModified":"2025-05-20T22:06:38+00:00","mainEntityOfPage":{"@id":"https:\/\/www.webdo.tn\/fr\/actualite\/national\/les-taxis-en-greve-dans-le-grand-tunis\/201397\/"},"wordCount":127,"commentCount":0,"publisher":{"@id":"https:\/\/www.webdo.tn\/fr\/#organization"},"image":{"@id":"https:\/\/www.webdo.tn\/fr\/actualite\/national\/les-taxis-en-greve-dans-le-grand-tunis\/201397\/#primaryimage"},"thumbnailUrl":"https:\/\/www.webdo.tn\/fr\/wp-content\/uploads\/2023\/01\/97ea646ef3f51dcfdb91179efbeb7fe8.jpg","keywords":["Gr\u00e8ve","Taxi","Transport","Tunis"],"articleSection":["National"],"inLanguage":"fr-FR"},{"@type":"WebPage","@id":"https:\/\/www.webdo.tn\/fr\/actualite\/national\/les-taxis-en-greve-dans-le-grand-tunis\/201397\/","url":"https:\/\/www.webdo.tn\/fr\/actualite\/national\/les-taxis-en-greve-dans-le-grand-tunis\/201397\/","name":"Les taxis en gr\u00e8ve dans le Grand-Tunis","isPartOf":{"@id":"https:\/\/www.webdo.tn\/fr\/#website"},"primaryImageOfPage":{"@id":"https:\/\/www.webdo.tn\/fr\/actualite\/national\/les-taxis-en-greve-dans-le-grand-tunis\/201397\/#primaryimage"},"image":{"@id":"https:\/\/www.webdo.tn\/fr\/actualite\/national\/les-taxis-en-greve-dans-le-grand-tunis\/201397\/#primaryimage"},"thumbnailUrl":"https:\/\/www.webdo.tn\/fr\/wp-content\/uploads\/2023\/01\/97ea646ef3f51dcfdb91179efbeb7fe8.jpg","datePublished":"2023-01-02T09:56:00+00:00","dateModified":"2025-05-20T22:06:38+00:00","description":"Les taxis individuels du Grand-Tunis, sont en gr\u00e8ve. Ils observent, ce lundi 2 janvier 2023, une gr\u00e8ve, \u00e0 l\u2019appel lanc\u00e9 par les diff\u00e9rentes chambres r\u00e9gionales...","breadcrumb":{"@id":"https:\/\/www.webdo.tn\/fr\/actualite\/national\/les-taxis-en-greve-dans-le-grand-tunis\/201397\/#breadcrumb"},"inLanguage":"fr-FR","potentialAction":[{"@type":"ReadAction","target":["https:\/\/www.webdo.tn\/fr\/actualite\/national\/les-taxis-en-greve-dans-le-grand-tunis\/201397\/"]}]},{"@type":"ImageObject","inLanguage":"fr-FR","@id":"https:\/\/www.webdo.tn\/fr\/actualite\/national\/les-taxis-en-greve-dans-le-grand-tunis\/201397\/#primaryimage","url":"https:\/\/www.webdo.tn\/fr\/wp-content\/uploads\/2023\/01\/97ea646ef3f51dcfdb91179efbeb7fe8.jpg","contentUrl":"https:\/\/www.webdo.tn\/fr\/wp-content\/uploads\/2023\/01\/97ea646ef3f51dcfdb91179efbeb7fe8.jpg","width":720,"height":384,"caption":"Les taxis en gr\u00e8ve dans le Grand-Tunis"},{"@type":"BreadcrumbList","@id":"https:\/\/www.webdo.tn\/fr\/actualite\/national\/les-taxis-en-greve-dans-le-grand-tunis\/201397\/#breadcrumb","itemListElement":[{"@type":"ListItem","position":1,"name":"Accueil","item":"https:\/\/www.webdo.tn\/fr\/"},{"@type":"ListItem","position":2,"name":"Les taxis en gr\u00e8ve dans le Grand-Tunis"}]},{"@type":"WebSite","@id":"https:\/\/www.webdo.tn\/fr\/#website","url":"https:\/\/www.webdo.tn\/fr\/","name":"webdo","description":"Tunisie - News en Tunisie et \u00e0 l&#039;international sur Webdo.tn","publisher":{"@id":"https:\/\/www.webdo.tn\/fr\/#organization"},"potentialAction":[{"@type":"SearchAction","target":{"@type":"EntryPoint","urlTemplate":"https:\/\/www.webdo.tn\/fr\/?s={search_term_string}"},"query-input":{"@type":"PropertyValueSpecification","valueRequired":true,"valueName":"search_term_string"}}],"inLanguage":"fr-FR"},{"@type":"Organization","@id":"https:\/\/www.webdo.tn\/fr\/#organization","name":"Webdo","alternateName":"Webdo.tn","url":"https:\/\/www.webdo.tn\/fr\/","logo":{"@type":"ImageObject","inLanguage":"fr-FR","@id":"https:\/\/www.webdo.tn\/fr\/#\/schema\/logo\/image\/","url":"https:\/\/www.webdo.tn\/fr\/wp-content\/uploads\/2025\/06\/Webdo-Tunisie_168377.jpg","contentUrl":"https:\/\/www.webdo.tn\/fr\/wp-content\/uploads\/2025\/06\/Webdo-Tunisie_168377.jpg","width":301,"height":301,"caption":"Webdo"},"image":{"@id":"https:\/\/www.webdo.tn\/fr\/#\/schema\/logo\/image\/"},"sameAs":["https:\/\/www.facebook.com\/webdotn","https:\/\/x.com\/webdo_tn"],"description":"Webdo est un m\u00e9dia num\u00e9rique tunisien fond\u00e9 en 2010, sp\u00e9cialis\u00e9 dans l\u2019actualit\u00e9 nationale et internationale, l\u2019\u00e9conomie, la soci\u00e9t\u00e9 et les analyses politiques. Le site s\u2019adresse \u00e0 un large public francophone et couvre l\u2019information tunisienne en temps r\u00e9el.","email":"redac@webdo.tn","legalName":"YNJ SARL","foundingDate":"2010-09-06","numberOfEmployees":{"@type":"QuantitativeValue","minValue":"11","maxValue":"50"}},{"@type":"Person","@id":"https:\/\/www.webdo.tn\/fr\/#\/schema\/person\/2c4929cbf5a809e3bd38617c6ce150f6","name":"MC","image":{"@type":"ImageObject","inLanguage":"fr-FR","@id":"https:\/\/secure.gravatar.com\/avatar\/a545bbb6f84efdd5553dbbc2895e3ca8f1d12c5215e00a041c9670b54aa9b18a?s=96&d=mm&r=g","url":"https:\/\/secure.gravatar.com\/avatar\/a545bbb6f84efdd5553dbbc2895e3ca8f1d12c5215e00a041c9670b54aa9b18a?s=96&d=mm&r=g","contentUrl":"https:\/\/secure.gravatar.com\/avatar\/a545bbb6f84efdd5553dbbc2895e3ca8f1d12c5215e00a041c9670b54aa9b18a?s=96&d=mm&r=g","caption":"MC"},"url":"https:\/\/www.webdo.tn\/fr\/actualite\/author\/mc\/"}]}},"_links":{"self":[{"href":"https:\/\/www.webdo.tn\/fr\/wp-json\/wp\/v2\/posts\/201397","targetHints":{"allow":["GET"]}}],"collection":[{"href":"https:\/\/www.webdo.tn\/fr\/wp-json\/wp\/v2\/posts"}],"about":[{"href":"https:\/\/www.webdo.tn\/fr\/wp-json\/wp\/v2\/types\/post"}],"author":[{"embeddable":true,"href":"https:\/\/www.webdo.tn\/fr\/wp-json\/wp\/v2\/users\/3162"}],"replies":[{"embeddable":true,"href":"https:\/\/www.webdo.tn\/fr\/wp-json\/wp\/v2\/comments?post=201397"}],"version-history":[{"count":0,"href":"https:\/\/www.webdo.tn\/fr\/wp-json\/wp\/v2\/posts\/201397\/revisions"}],"wp:featuredmedia":[{"embeddable":true,"href":"https:\/\/www.webdo.tn\/fr\/wp-json\/wp\/v2\/media\/277486"}],"wp:attachment":[{"href":"https:\/\/www.webdo.tn\/fr\/wp-json\/wp\/v2\/media?parent=201397"}],"wp:term":[{"taxonomy":"category","embeddable":true,"href":"https:\/\/www.webdo.tn\/fr\/wp-json\/wp\/v2\/categories?post=201397"},{"taxonomy":"post_tag","embeddable":true,"href":"https:\/\/www.webdo.tn\/fr\/wp-json\/wp\/v2\/tags?post=201397"}],"curies":[{"name":"wp","href":"https:\/\/api.w.org\/{rel}","templated":true}]}}