{"id":201389,"date":"2023-01-02T08:32:00","date_gmt":"2023-01-02T08:32:00","guid":{"rendered":"https:\/\/www.webdo.tn\/fr\/actualite\/blog\/perturbations-dans-les-transports-en-commun-du-grand-tunis\/201389\/"},"modified":"2025-05-22T11:39:17","modified_gmt":"2025-05-22T11:39:17","slug":"perturbations-dans-les-transports-en-commun-du-grand-tunis","status":"publish","type":"post","link":"https:\/\/www.webdo.tn\/fr\/actualite\/national\/perturbations-dans-les-transports-en-commun-du-grand-tunis\/201389\/","title":{"rendered":"Perturbations dans les transports en commun du Grand-Tunis"},"content":{"rendered":"<p>Des perturbations dans les horaires des dessertes de bus et de m\u00e9tro sont pr\u00e9vues ce lundi 2 janvier 2023, annonce, la Soci\u00e9t\u00e9 des transports de Tunis (TRANSTU).<\/p>\n<p> Ces perturbations seront dues au sit-in que la F\u00e9d\u00e9ration du transport relevant de l&rsquo;UGTT compte organiser aujourd\u2019hui, \u00e0 la place du gouvernement \u00e0 la Kasbah, pr\u00e9cise la TRANSTU dans un communiqu\u00e9.<\/p>\n<p>La Transtu a affirm\u00e9 dans son communiqu\u00e9 publi\u00e9 hier, qu\u2019elle sera en mesure de pr\u00e9server le service public, or des perturbations ont \u00e9t\u00e9 enregistr\u00e9es un peu partout dans le Grand-Tunis.<\/p>\n<p>Rappelons, \u00e9galement, que les propri\u00e9taires de taxis individuels observeront une gr\u00e8ve sur le Grand-Tunis, ce lundi.<\/p>\n<p>La F\u00e9d\u00e9ration g\u00e9n\u00e9rale du transport a appel\u00e9 sur sa page Facebook, les agents et les cadres de la TRANSTU \u00e0 observer, le 2 janvier 2023, un sit-in de protestation \u00e0 la place du gouvernement de la Kasbah.<\/p>\n<p>Elle a \u00e9galement d\u00e9cid\u00e9 le 28 d\u00e9cembre 2022, de mener une gr\u00e8ve g\u00e9n\u00e9rale du transport terrestre, maritime et a\u00e9rien, les 25 et 26 janvier 2023.<\/p>\n","protected":false},"excerpt":{"rendered":"<p>Des perturbations dans les horaires des dessertes de bus et de m\u00e9tro sont pr\u00e9vues ce lundi 2 janvier 2023, annonce, la Soci\u00e9t\u00e9 des transports de Tunis (TRANSTU)&#8230;<\/p>\n","protected":false},"author":3162,"featured_media":348341,"comment_status":"open","ping_status":"closed","sticky":false,"template":"","format":"standard","meta":{"footnotes":""},"categories":[44],"tags":[3190,2818,4045,2640],"class_list":["post-201389","post","type-post","status-publish","format-standard","has-post-thumbnail","hentry","category-national","tag-sit-in","tag-transport","tag-transtu","tag-tunis"],"yoast_head":"<!-- This site is optimized with the Yoast SEO Premium plugin v27.4 (Yoast SEO v27.5) - https:\/\/yoast.com\/product\/yoast-seo-premium-wordpress\/ -->\n<title>Perturbations dans les transports en commun du Grand-Tunis<\/title>\n<meta name=\"description\" content=\"Des perturbations dans les horaires des dessertes de bus et de m\u00e9tro sont pr\u00e9vues ce lundi 2 janvier 2023, annonce, la Soci\u00e9t\u00e9 des transports de Tunis (TRANSTU)...\" \/>\n<link rel=\"canonical\" href=\"https:\/\/www.webdo.tn\/fr\/actualite\/national-45\/perturbations-dans-les-transports-en-commun-du-grand-tunis\/201389\/\" \/>\n<meta property=\"og:locale\" content=\"fr_FR\" \/>\n<meta property=\"og:type\" content=\"article\" \/>\n<meta property=\"og:title\" content=\"Perturbations dans les transports en commun du Grand-Tunis\" \/>\n<meta property=\"og:description\" content=\"Des perturbations dans les horaires des dessertes de bus et de m\u00e9tro sont pr\u00e9vues ce lundi 2 janvier 2023, annonce, la Soci\u00e9t\u00e9 des transports de Tunis (TRANSTU)...\" \/>\n<meta property=\"og:url\" content=\"https:\/\/www.webdo.tn\/fr\/actualite\/national-45\/perturbations-dans-les-transports-en-commun-du-grand-tunis\/201389\/\" \/>\n<meta property=\"og:site_name\" content=\"webdo\" \/>\n<meta property=\"article:publisher\" content=\"https:\/\/www.facebook.com\/webdotn\" \/>\n<meta property=\"article:published_time\" content=\"2023-01-02T08:32:00+00:00\" \/>\n<meta property=\"article:modified_time\" content=\"2025-05-22T11:39:17+00:00\" \/>\n<meta property=\"og:image\" content=\"https:\/\/www.webdo.tn\/fr\/wp-content\/uploads\/2023\/01\/d89263ca431dd7914947dee96d24bb0f.jpg\" \/>\n\t<meta property=\"og:image:width\" content=\"750\" \/>\n\t<meta property=\"og:image:height\" content=\"400\" \/>\n\t<meta property=\"og:image:type\" content=\"image\/jpeg\" \/>\n<meta name=\"author\" content=\"MC\" \/>\n<meta name=\"twitter:card\" content=\"summary_large_image\" \/>\n<meta name=\"twitter:creator\" content=\"@webdo_tn\" \/>\n<meta name=\"twitter:site\" content=\"@webdo_tn\" \/>\n<meta name=\"twitter:label1\" content=\"\u00c9crit par\" \/>\n\t<meta name=\"twitter:data1\" content=\"MC\" \/>\n\t<meta name=\"twitter:label2\" content=\"Dur\u00e9e de lecture estim\u00e9e\" \/>\n\t<meta name=\"twitter:data2\" content=\"1 minute\" \/>\n<script type=\"application\/ld+json\" class=\"yoast-schema-graph\">{\"@context\":\"https:\\\/\\\/schema.org\",\"@graph\":[{\"@type\":\"NewsArticle\",\"@id\":\"https:\\\/\\\/www.webdo.tn\\\/fr\\\/actualite\\\/national-45\\\/perturbations-dans-les-transports-en-commun-du-grand-tunis\\\/201389\\\/#article\",\"isPartOf\":{\"@id\":\"https:\\\/\\\/www.webdo.tn\\\/fr\\\/actualite\\\/national-45\\\/perturbations-dans-les-transports-en-commun-du-grand-tunis\\\/201389\\\/\"},\"author\":{\"name\":\"MC\",\"@id\":\"https:\\\/\\\/www.webdo.tn\\\/fr\\\/#\\\/schema\\\/person\\\/2c4929cbf5a809e3bd38617c6ce150f6\"},\"headline\":\"Perturbations dans les transports en commun du Grand-Tunis\",\"datePublished\":\"2023-01-02T08:32:00+00:00\",\"dateModified\":\"2025-05-22T11:39:17+00:00\",\"mainEntityOfPage\":{\"@id\":\"https:\\\/\\\/www.webdo.tn\\\/fr\\\/actualite\\\/national-45\\\/perturbations-dans-les-transports-en-commun-du-grand-tunis\\\/201389\\\/\"},\"wordCount\":184,\"commentCount\":0,\"publisher\":{\"@id\":\"https:\\\/\\\/www.webdo.tn\\\/fr\\\/#organization\"},\"image\":{\"@id\":\"https:\\\/\\\/www.webdo.tn\\\/fr\\\/actualite\\\/national-45\\\/perturbations-dans-les-transports-en-commun-du-grand-tunis\\\/201389\\\/#primaryimage\"},\"thumbnailUrl\":\"https:\\\/\\\/www.webdo.tn\\\/fr\\\/wp-content\\\/uploads\\\/2023\\\/01\\\/d89263ca431dd7914947dee96d24bb0f.jpg\",\"keywords\":[\"sit-in\",\"Transport\",\"TRANSTU\",\"Tunis\"],\"articleSection\":[\"National\"],\"inLanguage\":\"fr-FR\"},{\"@type\":\"WebPage\",\"@id\":\"https:\\\/\\\/www.webdo.tn\\\/fr\\\/actualite\\\/national-45\\\/perturbations-dans-les-transports-en-commun-du-grand-tunis\\\/201389\\\/\",\"url\":\"https:\\\/\\\/www.webdo.tn\\\/fr\\\/actualite\\\/national-45\\\/perturbations-dans-les-transports-en-commun-du-grand-tunis\\\/201389\\\/\",\"name\":\"Perturbations dans les transports en commun du Grand-Tunis\",\"isPartOf\":{\"@id\":\"https:\\\/\\\/www.webdo.tn\\\/fr\\\/#website\"},\"primaryImageOfPage\":{\"@id\":\"https:\\\/\\\/www.webdo.tn\\\/fr\\\/actualite\\\/national-45\\\/perturbations-dans-les-transports-en-commun-du-grand-tunis\\\/201389\\\/#primaryimage\"},\"image\":{\"@id\":\"https:\\\/\\\/www.webdo.tn\\\/fr\\\/actualite\\\/national-45\\\/perturbations-dans-les-transports-en-commun-du-grand-tunis\\\/201389\\\/#primaryimage\"},\"thumbnailUrl\":\"https:\\\/\\\/www.webdo.tn\\\/fr\\\/wp-content\\\/uploads\\\/2023\\\/01\\\/d89263ca431dd7914947dee96d24bb0f.jpg\",\"datePublished\":\"2023-01-02T08:32:00+00:00\",\"dateModified\":\"2025-05-22T11:39:17+00:00\",\"description\":\"Des perturbations dans les horaires des dessertes de bus et de m\u00e9tro sont pr\u00e9vues ce lundi 2 janvier 2023, annonce, la Soci\u00e9t\u00e9 des transports de Tunis (TRANSTU)...\",\"breadcrumb\":{\"@id\":\"https:\\\/\\\/www.webdo.tn\\\/fr\\\/actualite\\\/national-45\\\/perturbations-dans-les-transports-en-commun-du-grand-tunis\\\/201389\\\/#breadcrumb\"},\"inLanguage\":\"fr-FR\",\"potentialAction\":[{\"@type\":\"ReadAction\",\"target\":[\"https:\\\/\\\/www.webdo.tn\\\/fr\\\/actualite\\\/national-45\\\/perturbations-dans-les-transports-en-commun-du-grand-tunis\\\/201389\\\/\"]}]},{\"@type\":\"ImageObject\",\"inLanguage\":\"fr-FR\",\"@id\":\"https:\\\/\\\/www.webdo.tn\\\/fr\\\/actualite\\\/national-45\\\/perturbations-dans-les-transports-en-commun-du-grand-tunis\\\/201389\\\/#primaryimage\",\"url\":\"https:\\\/\\\/www.webdo.tn\\\/fr\\\/wp-content\\\/uploads\\\/2023\\\/01\\\/d89263ca431dd7914947dee96d24bb0f.jpg\",\"contentUrl\":\"https:\\\/\\\/www.webdo.tn\\\/fr\\\/wp-content\\\/uploads\\\/2023\\\/01\\\/d89263ca431dd7914947dee96d24bb0f.jpg\",\"width\":750,\"height\":400,\"caption\":\"Perturbations dans les transports en commun du Grand-Tunis\"},{\"@type\":\"BreadcrumbList\",\"@id\":\"https:\\\/\\\/www.webdo.tn\\\/fr\\\/actualite\\\/national-45\\\/perturbations-dans-les-transports-en-commun-du-grand-tunis\\\/201389\\\/#breadcrumb\",\"itemListElement\":[{\"@type\":\"ListItem\",\"position\":1,\"name\":\"Accueil\",\"item\":\"https:\\\/\\\/www.webdo.tn\\\/fr\\\/\"},{\"@type\":\"ListItem\",\"position\":2,\"name\":\"Perturbations dans les transports en commun du Grand-Tunis\"}]},{\"@type\":\"WebSite\",\"@id\":\"https:\\\/\\\/www.webdo.tn\\\/fr\\\/#website\",\"url\":\"https:\\\/\\\/www.webdo.tn\\\/fr\\\/\",\"name\":\"webdo\",\"description\":\"Tunisie - News en Tunisie et \u00e0 l&#039;international sur Webdo.tn\",\"publisher\":{\"@id\":\"https:\\\/\\\/www.webdo.tn\\\/fr\\\/#organization\"},\"potentialAction\":[{\"@type\":\"SearchAction\",\"target\":{\"@type\":\"EntryPoint\",\"urlTemplate\":\"https:\\\/\\\/www.webdo.tn\\\/fr\\\/?s={search_term_string}\"},\"query-input\":{\"@type\":\"PropertyValueSpecification\",\"valueRequired\":true,\"valueName\":\"search_term_string\"}}],\"inLanguage\":\"fr-FR\"},{\"@type\":\"Organization\",\"@id\":\"https:\\\/\\\/www.webdo.tn\\\/fr\\\/#organization\",\"name\":\"Webdo\",\"alternateName\":\"Webdo.tn\",\"url\":\"https:\\\/\\\/www.webdo.tn\\\/fr\\\/\",\"logo\":{\"@type\":\"ImageObject\",\"inLanguage\":\"fr-FR\",\"@id\":\"https:\\\/\\\/www.webdo.tn\\\/fr\\\/#\\\/schema\\\/logo\\\/image\\\/\",\"url\":\"https:\\\/\\\/www.webdo.tn\\\/fr\\\/wp-content\\\/uploads\\\/2025\\\/06\\\/Webdo-Tunisie_168377.jpg\",\"contentUrl\":\"https:\\\/\\\/www.webdo.tn\\\/fr\\\/wp-content\\\/uploads\\\/2025\\\/06\\\/Webdo-Tunisie_168377.jpg\",\"width\":301,\"height\":301,\"caption\":\"Webdo\"},\"image\":{\"@id\":\"https:\\\/\\\/www.webdo.tn\\\/fr\\\/#\\\/schema\\\/logo\\\/image\\\/\"},\"sameAs\":[\"https:\\\/\\\/www.facebook.com\\\/webdotn\",\"https:\\\/\\\/x.com\\\/webdo_tn\"],\"description\":\"Webdo est un m\u00e9dia num\u00e9rique tunisien fond\u00e9 en 2010, sp\u00e9cialis\u00e9 dans l\u2019actualit\u00e9 nationale et internationale, l\u2019\u00e9conomie, la soci\u00e9t\u00e9 et les analyses politiques. Le site s\u2019adresse \u00e0 un large public francophone et couvre l\u2019information tunisienne en temps r\u00e9el.\",\"email\":\"redac@webdo.tn\",\"legalName\":\"YNJ SARL\",\"foundingDate\":\"2010-09-06\",\"numberOfEmployees\":{\"@type\":\"QuantitativeValue\",\"minValue\":\"11\",\"maxValue\":\"50\"}},{\"@type\":\"Person\",\"@id\":\"https:\\\/\\\/www.webdo.tn\\\/fr\\\/#\\\/schema\\\/person\\\/2c4929cbf5a809e3bd38617c6ce150f6\",\"name\":\"MC\",\"image\":{\"@type\":\"ImageObject\",\"inLanguage\":\"fr-FR\",\"@id\":\"https:\\\/\\\/secure.gravatar.com\\\/avatar\\\/a545bbb6f84efdd5553dbbc2895e3ca8f1d12c5215e00a041c9670b54aa9b18a?s=96&d=mm&r=g\",\"url\":\"https:\\\/\\\/secure.gravatar.com\\\/avatar\\\/a545bbb6f84efdd5553dbbc2895e3ca8f1d12c5215e00a041c9670b54aa9b18a?s=96&d=mm&r=g\",\"contentUrl\":\"https:\\\/\\\/secure.gravatar.com\\\/avatar\\\/a545bbb6f84efdd5553dbbc2895e3ca8f1d12c5215e00a041c9670b54aa9b18a?s=96&d=mm&r=g\",\"caption\":\"MC\"},\"url\":\"https:\\\/\\\/www.webdo.tn\\\/fr\\\/actualite\\\/author\\\/mc\\\/\"}]}<\/script>\n<!-- \/ Yoast SEO Premium plugin. -->","yoast_head_json":{"title":"Perturbations dans les transports en commun du Grand-Tunis","description":"Des perturbations dans les horaires des dessertes de bus et de m\u00e9tro sont pr\u00e9vues ce lundi 2 janvier 2023, annonce, la Soci\u00e9t\u00e9 des transports de Tunis (TRANSTU)...","canonical":"https:\/\/www.webdo.tn\/fr\/actualite\/national-45\/perturbations-dans-les-transports-en-commun-du-grand-tunis\/201389\/","og_locale":"fr_FR","og_type":"article","og_title":"Perturbations dans les transports en commun du Grand-Tunis","og_description":"Des perturbations dans les horaires des dessertes de bus et de m\u00e9tro sont pr\u00e9vues ce lundi 2 janvier 2023, annonce, la Soci\u00e9t\u00e9 des transports de Tunis (TRANSTU)...","og_url":"https:\/\/www.webdo.tn\/fr\/actualite\/national-45\/perturbations-dans-les-transports-en-commun-du-grand-tunis\/201389\/","og_site_name":"webdo","article_publisher":"https:\/\/www.facebook.com\/webdotn","article_published_time":"2023-01-02T08:32:00+00:00","article_modified_time":"2025-05-22T11:39:17+00:00","og_image":[{"width":750,"height":400,"url":"https:\/\/www.webdo.tn\/fr\/wp-content\/uploads\/2023\/01\/d89263ca431dd7914947dee96d24bb0f.jpg","type":"image\/jpeg"}],"author":"MC","twitter_card":"summary_large_image","twitter_creator":"@webdo_tn","twitter_site":"@webdo_tn","twitter_misc":{"\u00c9crit par":"MC","Dur\u00e9e de lecture estim\u00e9e":"1 minute"},"schema":{"@context":"https:\/\/schema.org","@graph":[{"@type":"NewsArticle","@id":"https:\/\/www.webdo.tn\/fr\/actualite\/national-45\/perturbations-dans-les-transports-en-commun-du-grand-tunis\/201389\/#article","isPartOf":{"@id":"https:\/\/www.webdo.tn\/fr\/actualite\/national-45\/perturbations-dans-les-transports-en-commun-du-grand-tunis\/201389\/"},"author":{"name":"MC","@id":"https:\/\/www.webdo.tn\/fr\/#\/schema\/person\/2c4929cbf5a809e3bd38617c6ce150f6"},"headline":"Perturbations dans les transports en commun du Grand-Tunis","datePublished":"2023-01-02T08:32:00+00:00","dateModified":"2025-05-22T11:39:17+00:00","mainEntityOfPage":{"@id":"https:\/\/www.webdo.tn\/fr\/actualite\/national-45\/perturbations-dans-les-transports-en-commun-du-grand-tunis\/201389\/"},"wordCount":184,"commentCount":0,"publisher":{"@id":"https:\/\/www.webdo.tn\/fr\/#organization"},"image":{"@id":"https:\/\/www.webdo.tn\/fr\/actualite\/national-45\/perturbations-dans-les-transports-en-commun-du-grand-tunis\/201389\/#primaryimage"},"thumbnailUrl":"https:\/\/www.webdo.tn\/fr\/wp-content\/uploads\/2023\/01\/d89263ca431dd7914947dee96d24bb0f.jpg","keywords":["sit-in","Transport","TRANSTU","Tunis"],"articleSection":["National"],"inLanguage":"fr-FR"},{"@type":"WebPage","@id":"https:\/\/www.webdo.tn\/fr\/actualite\/national-45\/perturbations-dans-les-transports-en-commun-du-grand-tunis\/201389\/","url":"https:\/\/www.webdo.tn\/fr\/actualite\/national-45\/perturbations-dans-les-transports-en-commun-du-grand-tunis\/201389\/","name":"Perturbations dans les transports en commun du Grand-Tunis","isPartOf":{"@id":"https:\/\/www.webdo.tn\/fr\/#website"},"primaryImageOfPage":{"@id":"https:\/\/www.webdo.tn\/fr\/actualite\/national-45\/perturbations-dans-les-transports-en-commun-du-grand-tunis\/201389\/#primaryimage"},"image":{"@id":"https:\/\/www.webdo.tn\/fr\/actualite\/national-45\/perturbations-dans-les-transports-en-commun-du-grand-tunis\/201389\/#primaryimage"},"thumbnailUrl":"https:\/\/www.webdo.tn\/fr\/wp-content\/uploads\/2023\/01\/d89263ca431dd7914947dee96d24bb0f.jpg","datePublished":"2023-01-02T08:32:00+00:00","dateModified":"2025-05-22T11:39:17+00:00","description":"Des perturbations dans les horaires des dessertes de bus et de m\u00e9tro sont pr\u00e9vues ce lundi 2 janvier 2023, annonce, la Soci\u00e9t\u00e9 des transports de Tunis (TRANSTU)...","breadcrumb":{"@id":"https:\/\/www.webdo.tn\/fr\/actualite\/national-45\/perturbations-dans-les-transports-en-commun-du-grand-tunis\/201389\/#breadcrumb"},"inLanguage":"fr-FR","potentialAction":[{"@type":"ReadAction","target":["https:\/\/www.webdo.tn\/fr\/actualite\/national-45\/perturbations-dans-les-transports-en-commun-du-grand-tunis\/201389\/"]}]},{"@type":"ImageObject","inLanguage":"fr-FR","@id":"https:\/\/www.webdo.tn\/fr\/actualite\/national-45\/perturbations-dans-les-transports-en-commun-du-grand-tunis\/201389\/#primaryimage","url":"https:\/\/www.webdo.tn\/fr\/wp-content\/uploads\/2023\/01\/d89263ca431dd7914947dee96d24bb0f.jpg","contentUrl":"https:\/\/www.webdo.tn\/fr\/wp-content\/uploads\/2023\/01\/d89263ca431dd7914947dee96d24bb0f.jpg","width":750,"height":400,"caption":"Perturbations dans les transports en commun du Grand-Tunis"},{"@type":"BreadcrumbList","@id":"https:\/\/www.webdo.tn\/fr\/actualite\/national-45\/perturbations-dans-les-transports-en-commun-du-grand-tunis\/201389\/#breadcrumb","itemListElement":[{"@type":"ListItem","position":1,"name":"Accueil","item":"https:\/\/www.webdo.tn\/fr\/"},{"@type":"ListItem","position":2,"name":"Perturbations dans les transports en commun du Grand-Tunis"}]},{"@type":"WebSite","@id":"https:\/\/www.webdo.tn\/fr\/#website","url":"https:\/\/www.webdo.tn\/fr\/","name":"webdo","description":"Tunisie - News en Tunisie et \u00e0 l&#039;international sur Webdo.tn","publisher":{"@id":"https:\/\/www.webdo.tn\/fr\/#organization"},"potentialAction":[{"@type":"SearchAction","target":{"@type":"EntryPoint","urlTemplate":"https:\/\/www.webdo.tn\/fr\/?s={search_term_string}"},"query-input":{"@type":"PropertyValueSpecification","valueRequired":true,"valueName":"search_term_string"}}],"inLanguage":"fr-FR"},{"@type":"Organization","@id":"https:\/\/www.webdo.tn\/fr\/#organization","name":"Webdo","alternateName":"Webdo.tn","url":"https:\/\/www.webdo.tn\/fr\/","logo":{"@type":"ImageObject","inLanguage":"fr-FR","@id":"https:\/\/www.webdo.tn\/fr\/#\/schema\/logo\/image\/","url":"https:\/\/www.webdo.tn\/fr\/wp-content\/uploads\/2025\/06\/Webdo-Tunisie_168377.jpg","contentUrl":"https:\/\/www.webdo.tn\/fr\/wp-content\/uploads\/2025\/06\/Webdo-Tunisie_168377.jpg","width":301,"height":301,"caption":"Webdo"},"image":{"@id":"https:\/\/www.webdo.tn\/fr\/#\/schema\/logo\/image\/"},"sameAs":["https:\/\/www.facebook.com\/webdotn","https:\/\/x.com\/webdo_tn"],"description":"Webdo est un m\u00e9dia num\u00e9rique tunisien fond\u00e9 en 2010, sp\u00e9cialis\u00e9 dans l\u2019actualit\u00e9 nationale et internationale, l\u2019\u00e9conomie, la soci\u00e9t\u00e9 et les analyses politiques. Le site s\u2019adresse \u00e0 un large public francophone et couvre l\u2019information tunisienne en temps r\u00e9el.","email":"redac@webdo.tn","legalName":"YNJ SARL","foundingDate":"2010-09-06","numberOfEmployees":{"@type":"QuantitativeValue","minValue":"11","maxValue":"50"}},{"@type":"Person","@id":"https:\/\/www.webdo.tn\/fr\/#\/schema\/person\/2c4929cbf5a809e3bd38617c6ce150f6","name":"MC","image":{"@type":"ImageObject","inLanguage":"fr-FR","@id":"https:\/\/secure.gravatar.com\/avatar\/a545bbb6f84efdd5553dbbc2895e3ca8f1d12c5215e00a041c9670b54aa9b18a?s=96&d=mm&r=g","url":"https:\/\/secure.gravatar.com\/avatar\/a545bbb6f84efdd5553dbbc2895e3ca8f1d12c5215e00a041c9670b54aa9b18a?s=96&d=mm&r=g","contentUrl":"https:\/\/secure.gravatar.com\/avatar\/a545bbb6f84efdd5553dbbc2895e3ca8f1d12c5215e00a041c9670b54aa9b18a?s=96&d=mm&r=g","caption":"MC"},"url":"https:\/\/www.webdo.tn\/fr\/actualite\/author\/mc\/"}]}},"_links":{"self":[{"href":"https:\/\/www.webdo.tn\/fr\/wp-json\/wp\/v2\/posts\/201389","targetHints":{"allow":["GET"]}}],"collection":[{"href":"https:\/\/www.webdo.tn\/fr\/wp-json\/wp\/v2\/posts"}],"about":[{"href":"https:\/\/www.webdo.tn\/fr\/wp-json\/wp\/v2\/types\/post"}],"author":[{"embeddable":true,"href":"https:\/\/www.webdo.tn\/fr\/wp-json\/wp\/v2\/users\/3162"}],"replies":[{"embeddable":true,"href":"https:\/\/www.webdo.tn\/fr\/wp-json\/wp\/v2\/comments?post=201389"}],"version-history":[{"count":0,"href":"https:\/\/www.webdo.tn\/fr\/wp-json\/wp\/v2\/posts\/201389\/revisions"}],"wp:featuredmedia":[{"embeddable":true,"href":"https:\/\/www.webdo.tn\/fr\/wp-json\/wp\/v2\/media\/348341"}],"wp:attachment":[{"href":"https:\/\/www.webdo.tn\/fr\/wp-json\/wp\/v2\/media?parent=201389"}],"wp:term":[{"taxonomy":"category","embeddable":true,"href":"https:\/\/www.webdo.tn\/fr\/wp-json\/wp\/v2\/categories?post=201389"},{"taxonomy":"post_tag","embeddable":true,"href":"https:\/\/www.webdo.tn\/fr\/wp-json\/wp\/v2\/tags?post=201389"}],"curies":[{"name":"wp","href":"https:\/\/api.w.org\/{rel}","templated":true}]}}