{"id":201383,"date":"2023-01-01T11:52:00","date_gmt":"2023-01-01T11:52:00","guid":{"rendered":"https:\/\/www.webdo.tn\/fr\/actualite\/blog\/bouden-a-l-institut-saleh-azaiz-a-l-occasion-de-la-nouvelle-annee\/201383\/"},"modified":"2025-05-22T11:39:23","modified_gmt":"2025-05-22T11:39:23","slug":"bouden-a-l-institut-saleh-azaiz-a-l-occasion-de-la-nouvelle-annee","status":"publish","type":"post","link":"https:\/\/www.webdo.tn\/fr\/actualite\/national\/bouden-a-l-institut-saleh-azaiz-a-l-occasion-de-la-nouvelle-annee\/201383\/","title":{"rendered":"Bouden \u00e0 l&rsquo;Institut Saleh Aza\u00efz \u00e0 l&rsquo;occasion de la nouvelle ann\u00e9e"},"content":{"rendered":"<p>La cheffe du gouvernement, Najla Bouden s&rsquo;est rendue, samedi soir, \u00e0 l&rsquo;Institut Saleh Aza\u00efz \u00e0 Tunis, \u00e0 l&rsquo;occasion de l&rsquo;av\u00e8nement de la nouvelle ann\u00e9e administrative, selon un communiqu\u00e9 de la pr\u00e9sidence du gouvernement.<\/p>\n<p> La cheffe du gouvernement, qui \u00e9tait accompagn\u00e9e du ministre de la Sant\u00e9, Ali Mrabet, s&rsquo;est rendue au chevet des malades au service de chirurgie de l&rsquo;h\u00f4pital et pris connaissances des conditions de leur s\u00e9jour et de leurs pr\u00e9occupations.<\/p>\n<p>Bouden s&rsquo;est, \u00e9galement, entretenue avec le personnel administratif, m\u00e9dical et param\u00e9dical au sujet des prestations fournies, soulignant l&rsquo;importance du r\u00f4le qui leur est d\u00e9volu dans l&rsquo;am\u00e9lioration des conditions de soins et de traitement, et les a remerci\u00e9s pour les efforts qu&rsquo;ils d\u00e9ploient au service des patients.<\/p>\n<p>La cheffe du gouvernement a soulign\u00e9 le r\u00f4le majeur que joue l&rsquo;Institut Saleh Aza\u00efz depuis les ann\u00e9es 60, saluant les efforts importants fournis par le personnel m\u00e9dical pour soigner les malades \u00e0 tout moment et en toutes circonstances.<\/p>\n<p>Elle a, \u00e0 cette occasion, souhait\u00e9 \u00e0 toutes les personnes pr\u00e9sentes une bonne ann\u00e9e administrative et \u00e0 la Tunisie davantage de progr\u00e8s et de prosp\u00e9rit\u00e9.<\/p>\n<p>L&rsquo;Institut Saleh Aza\u00efz est un \u00e9tablissement tunisien de sant\u00e9 publique qui constitue un centre de r\u00e9f\u00e9rence dans le pays pour la surveillance, le diagnostic et le traitement des cancers.<\/p>\n","protected":false},"excerpt":{"rendered":"<p>La cheffe du gouvernement, Najla Bouden s&rsquo;est rendue, samedi soir, \u00e0 l&rsquo;Institut Saleh Aza\u00efz \u00e0 Tunis, \u00e0 l&rsquo;occasion de l&rsquo;av\u00e8nement de la nouvelle ann\u00e9e administra&#8230;<\/p>\n","protected":false},"author":3175,"featured_media":348345,"comment_status":"open","ping_status":"closed","sticky":false,"template":"","format":"standard","meta":{"footnotes":""},"categories":[44],"tags":[8290,2608],"class_list":["post-201383","post","type-post","status-publish","format-standard","has-post-thumbnail","hentry","category-national","tag-najla-bouden","tag-tunisie"],"yoast_head":"<!-- This site is optimized with the Yoast SEO Premium plugin v27.4 (Yoast SEO v27.4) - https:\/\/yoast.com\/product\/yoast-seo-premium-wordpress\/ -->\n<title>Bouden \u00e0 l&#039;Institut Saleh Aza\u00efz \u00e0 l&#039;occasion de la nouvelle ann\u00e9e<\/title>\n<meta name=\"description\" content=\"La cheffe du gouvernement, Najla Bouden s&#039;est rendue, samedi soir, \u00e0 l&#039;Institut Saleh Aza\u00efz \u00e0 Tunis, \u00e0 l&#039;occasion de l&#039;av\u00e8nement de la nouvelle ann\u00e9e administra...\" \/>\n<link rel=\"canonical\" href=\"https:\/\/www.webdo.tn\/fr\/actualite\/national-45\/bouden-a-l-institut-saleh-azaiz-a-l-occasion-de-la-nouvelle-annee\/201383\/\" \/>\n<meta property=\"og:locale\" content=\"fr_FR\" \/>\n<meta property=\"og:type\" content=\"article\" \/>\n<meta property=\"og:title\" content=\"Bouden \u00e0 l&#039;Institut Saleh Aza\u00efz \u00e0 l&#039;occasion de la nouvelle ann\u00e9e\" \/>\n<meta property=\"og:description\" content=\"La cheffe du gouvernement, Najla Bouden s&#039;est rendue, samedi soir, \u00e0 l&#039;Institut Saleh Aza\u00efz \u00e0 Tunis, \u00e0 l&#039;occasion de l&#039;av\u00e8nement de la nouvelle ann\u00e9e administra...\" \/>\n<meta property=\"og:url\" content=\"https:\/\/www.webdo.tn\/fr\/actualite\/national-45\/bouden-a-l-institut-saleh-azaiz-a-l-occasion-de-la-nouvelle-annee\/201383\/\" \/>\n<meta property=\"og:site_name\" content=\"webdo\" \/>\n<meta property=\"article:publisher\" content=\"https:\/\/www.facebook.com\/webdotn\" \/>\n<meta property=\"article:published_time\" content=\"2023-01-01T11:52:00+00:00\" \/>\n<meta property=\"article:modified_time\" content=\"2025-05-22T11:39:23+00:00\" \/>\n<meta property=\"og:image\" content=\"https:\/\/www.webdo.tn\/fr\/wp-content\/uploads\/2023\/01\/e8b162ddf583b7fe8ccab9d19f498e83.jpg\" \/>\n\t<meta property=\"og:image:width\" content=\"750\" \/>\n\t<meta property=\"og:image:height\" content=\"400\" \/>\n\t<meta property=\"og:image:type\" content=\"image\/jpeg\" \/>\n<meta name=\"author\" content=\"CL\" \/>\n<meta name=\"twitter:card\" content=\"summary_large_image\" \/>\n<meta name=\"twitter:creator\" content=\"@webdo_tn\" \/>\n<meta name=\"twitter:site\" content=\"@webdo_tn\" \/>\n<meta name=\"twitter:label1\" content=\"\u00c9crit par\" \/>\n\t<meta name=\"twitter:data1\" content=\"CL\" \/>\n\t<meta name=\"twitter:label2\" content=\"Dur\u00e9e de lecture estim\u00e9e\" \/>\n\t<meta name=\"twitter:data2\" content=\"1 minute\" \/>\n<script type=\"application\/ld+json\" class=\"yoast-schema-graph\">{\"@context\":\"https:\\\/\\\/schema.org\",\"@graph\":[{\"@type\":\"NewsArticle\",\"@id\":\"https:\\\/\\\/www.webdo.tn\\\/fr\\\/actualite\\\/national-45\\\/bouden-a-l-institut-saleh-azaiz-a-l-occasion-de-la-nouvelle-annee\\\/201383\\\/#article\",\"isPartOf\":{\"@id\":\"https:\\\/\\\/www.webdo.tn\\\/fr\\\/actualite\\\/national-45\\\/bouden-a-l-institut-saleh-azaiz-a-l-occasion-de-la-nouvelle-annee\\\/201383\\\/\"},\"author\":{\"name\":\"CL\",\"@id\":\"https:\\\/\\\/www.webdo.tn\\\/fr\\\/#\\\/schema\\\/person\\\/f35b42a42c5e2511bbd282959d6385cc\"},\"headline\":\"Bouden \u00e0 l&rsquo;Institut Saleh Aza\u00efz \u00e0 l&rsquo;occasion de la nouvelle ann\u00e9e\",\"datePublished\":\"2023-01-01T11:52:00+00:00\",\"dateModified\":\"2025-05-22T11:39:23+00:00\",\"mainEntityOfPage\":{\"@id\":\"https:\\\/\\\/www.webdo.tn\\\/fr\\\/actualite\\\/national-45\\\/bouden-a-l-institut-saleh-azaiz-a-l-occasion-de-la-nouvelle-annee\\\/201383\\\/\"},\"wordCount\":252,\"commentCount\":0,\"publisher\":{\"@id\":\"https:\\\/\\\/www.webdo.tn\\\/fr\\\/#organization\"},\"image\":{\"@id\":\"https:\\\/\\\/www.webdo.tn\\\/fr\\\/actualite\\\/national-45\\\/bouden-a-l-institut-saleh-azaiz-a-l-occasion-de-la-nouvelle-annee\\\/201383\\\/#primaryimage\"},\"thumbnailUrl\":\"https:\\\/\\\/www.webdo.tn\\\/fr\\\/wp-content\\\/uploads\\\/2023\\\/01\\\/e8b162ddf583b7fe8ccab9d19f498e83.jpg\",\"keywords\":[\"Najla Bouden\",\"Tunisie\"],\"articleSection\":[\"National\"],\"inLanguage\":\"fr-FR\"},{\"@type\":\"WebPage\",\"@id\":\"https:\\\/\\\/www.webdo.tn\\\/fr\\\/actualite\\\/national-45\\\/bouden-a-l-institut-saleh-azaiz-a-l-occasion-de-la-nouvelle-annee\\\/201383\\\/\",\"url\":\"https:\\\/\\\/www.webdo.tn\\\/fr\\\/actualite\\\/national-45\\\/bouden-a-l-institut-saleh-azaiz-a-l-occasion-de-la-nouvelle-annee\\\/201383\\\/\",\"name\":\"Bouden \u00e0 l'Institut Saleh Aza\u00efz \u00e0 l'occasion de la nouvelle ann\u00e9e\",\"isPartOf\":{\"@id\":\"https:\\\/\\\/www.webdo.tn\\\/fr\\\/#website\"},\"primaryImageOfPage\":{\"@id\":\"https:\\\/\\\/www.webdo.tn\\\/fr\\\/actualite\\\/national-45\\\/bouden-a-l-institut-saleh-azaiz-a-l-occasion-de-la-nouvelle-annee\\\/201383\\\/#primaryimage\"},\"image\":{\"@id\":\"https:\\\/\\\/www.webdo.tn\\\/fr\\\/actualite\\\/national-45\\\/bouden-a-l-institut-saleh-azaiz-a-l-occasion-de-la-nouvelle-annee\\\/201383\\\/#primaryimage\"},\"thumbnailUrl\":\"https:\\\/\\\/www.webdo.tn\\\/fr\\\/wp-content\\\/uploads\\\/2023\\\/01\\\/e8b162ddf583b7fe8ccab9d19f498e83.jpg\",\"datePublished\":\"2023-01-01T11:52:00+00:00\",\"dateModified\":\"2025-05-22T11:39:23+00:00\",\"description\":\"La cheffe du gouvernement, Najla Bouden s'est rendue, samedi soir, \u00e0 l'Institut Saleh Aza\u00efz \u00e0 Tunis, \u00e0 l'occasion de l'av\u00e8nement de la nouvelle ann\u00e9e administra...\",\"breadcrumb\":{\"@id\":\"https:\\\/\\\/www.webdo.tn\\\/fr\\\/actualite\\\/national-45\\\/bouden-a-l-institut-saleh-azaiz-a-l-occasion-de-la-nouvelle-annee\\\/201383\\\/#breadcrumb\"},\"inLanguage\":\"fr-FR\",\"potentialAction\":[{\"@type\":\"ReadAction\",\"target\":[\"https:\\\/\\\/www.webdo.tn\\\/fr\\\/actualite\\\/national-45\\\/bouden-a-l-institut-saleh-azaiz-a-l-occasion-de-la-nouvelle-annee\\\/201383\\\/\"]}]},{\"@type\":\"ImageObject\",\"inLanguage\":\"fr-FR\",\"@id\":\"https:\\\/\\\/www.webdo.tn\\\/fr\\\/actualite\\\/national-45\\\/bouden-a-l-institut-saleh-azaiz-a-l-occasion-de-la-nouvelle-annee\\\/201383\\\/#primaryimage\",\"url\":\"https:\\\/\\\/www.webdo.tn\\\/fr\\\/wp-content\\\/uploads\\\/2023\\\/01\\\/e8b162ddf583b7fe8ccab9d19f498e83.jpg\",\"contentUrl\":\"https:\\\/\\\/www.webdo.tn\\\/fr\\\/wp-content\\\/uploads\\\/2023\\\/01\\\/e8b162ddf583b7fe8ccab9d19f498e83.jpg\",\"width\":750,\"height\":400,\"caption\":\"Najla Bouden\"},{\"@type\":\"BreadcrumbList\",\"@id\":\"https:\\\/\\\/www.webdo.tn\\\/fr\\\/actualite\\\/national-45\\\/bouden-a-l-institut-saleh-azaiz-a-l-occasion-de-la-nouvelle-annee\\\/201383\\\/#breadcrumb\",\"itemListElement\":[{\"@type\":\"ListItem\",\"position\":1,\"name\":\"Accueil\",\"item\":\"https:\\\/\\\/www.webdo.tn\\\/fr\\\/\"},{\"@type\":\"ListItem\",\"position\":2,\"name\":\"Bouden \u00e0 l&rsquo;Institut Saleh Aza\u00efz \u00e0 l&rsquo;occasion de la nouvelle ann\u00e9e\"}]},{\"@type\":\"WebSite\",\"@id\":\"https:\\\/\\\/www.webdo.tn\\\/fr\\\/#website\",\"url\":\"https:\\\/\\\/www.webdo.tn\\\/fr\\\/\",\"name\":\"webdo\",\"description\":\"Tunisie - News en Tunisie et \u00e0 l&#039;international sur Webdo.tn\",\"publisher\":{\"@id\":\"https:\\\/\\\/www.webdo.tn\\\/fr\\\/#organization\"},\"potentialAction\":[{\"@type\":\"SearchAction\",\"target\":{\"@type\":\"EntryPoint\",\"urlTemplate\":\"https:\\\/\\\/www.webdo.tn\\\/fr\\\/?s={search_term_string}\"},\"query-input\":{\"@type\":\"PropertyValueSpecification\",\"valueRequired\":true,\"valueName\":\"search_term_string\"}}],\"inLanguage\":\"fr-FR\"},{\"@type\":\"Organization\",\"@id\":\"https:\\\/\\\/www.webdo.tn\\\/fr\\\/#organization\",\"name\":\"Webdo\",\"alternateName\":\"Webdo.tn\",\"url\":\"https:\\\/\\\/www.webdo.tn\\\/fr\\\/\",\"logo\":{\"@type\":\"ImageObject\",\"inLanguage\":\"fr-FR\",\"@id\":\"https:\\\/\\\/www.webdo.tn\\\/fr\\\/#\\\/schema\\\/logo\\\/image\\\/\",\"url\":\"https:\\\/\\\/www.webdo.tn\\\/fr\\\/wp-content\\\/uploads\\\/2025\\\/06\\\/Webdo-Tunisie_168377.jpg\",\"contentUrl\":\"https:\\\/\\\/www.webdo.tn\\\/fr\\\/wp-content\\\/uploads\\\/2025\\\/06\\\/Webdo-Tunisie_168377.jpg\",\"width\":301,\"height\":301,\"caption\":\"Webdo\"},\"image\":{\"@id\":\"https:\\\/\\\/www.webdo.tn\\\/fr\\\/#\\\/schema\\\/logo\\\/image\\\/\"},\"sameAs\":[\"https:\\\/\\\/www.facebook.com\\\/webdotn\",\"https:\\\/\\\/x.com\\\/webdo_tn\"],\"description\":\"Webdo est un m\u00e9dia num\u00e9rique tunisien fond\u00e9 en 2010, sp\u00e9cialis\u00e9 dans l\u2019actualit\u00e9 nationale et internationale, l\u2019\u00e9conomie, la soci\u00e9t\u00e9 et les analyses politiques. Le site s\u2019adresse \u00e0 un large public francophone et couvre l\u2019information tunisienne en temps r\u00e9el.\",\"email\":\"redac@webdo.tn\",\"legalName\":\"YNJ SARL\",\"foundingDate\":\"2010-09-06\",\"numberOfEmployees\":{\"@type\":\"QuantitativeValue\",\"minValue\":\"11\",\"maxValue\":\"50\"}},{\"@type\":\"Person\",\"@id\":\"https:\\\/\\\/www.webdo.tn\\\/fr\\\/#\\\/schema\\\/person\\\/f35b42a42c5e2511bbd282959d6385cc\",\"name\":\"CL\",\"image\":{\"@type\":\"ImageObject\",\"inLanguage\":\"fr-FR\",\"@id\":\"https:\\\/\\\/secure.gravatar.com\\\/avatar\\\/1447a49909b67aa657c488aec6512e1dd6143a480c1ecfee9b5b5cd74eb3b59e?s=96&d=mm&r=g\",\"url\":\"https:\\\/\\\/secure.gravatar.com\\\/avatar\\\/1447a49909b67aa657c488aec6512e1dd6143a480c1ecfee9b5b5cd74eb3b59e?s=96&d=mm&r=g\",\"contentUrl\":\"https:\\\/\\\/secure.gravatar.com\\\/avatar\\\/1447a49909b67aa657c488aec6512e1dd6143a480c1ecfee9b5b5cd74eb3b59e?s=96&d=mm&r=g\",\"caption\":\"CL\"},\"url\":\"https:\\\/\\\/www.webdo.tn\\\/fr\\\/actualite\\\/author\\\/cl\\\/\"}]}<\/script>\n<!-- \/ Yoast SEO Premium plugin. -->","yoast_head_json":{"title":"Bouden \u00e0 l'Institut Saleh Aza\u00efz \u00e0 l'occasion de la nouvelle ann\u00e9e","description":"La cheffe du gouvernement, Najla Bouden s'est rendue, samedi soir, \u00e0 l'Institut Saleh Aza\u00efz \u00e0 Tunis, \u00e0 l'occasion de l'av\u00e8nement de la nouvelle ann\u00e9e administra...","canonical":"https:\/\/www.webdo.tn\/fr\/actualite\/national-45\/bouden-a-l-institut-saleh-azaiz-a-l-occasion-de-la-nouvelle-annee\/201383\/","og_locale":"fr_FR","og_type":"article","og_title":"Bouden \u00e0 l'Institut Saleh Aza\u00efz \u00e0 l'occasion de la nouvelle ann\u00e9e","og_description":"La cheffe du gouvernement, Najla Bouden s'est rendue, samedi soir, \u00e0 l'Institut Saleh Aza\u00efz \u00e0 Tunis, \u00e0 l'occasion de l'av\u00e8nement de la nouvelle ann\u00e9e administra...","og_url":"https:\/\/www.webdo.tn\/fr\/actualite\/national-45\/bouden-a-l-institut-saleh-azaiz-a-l-occasion-de-la-nouvelle-annee\/201383\/","og_site_name":"webdo","article_publisher":"https:\/\/www.facebook.com\/webdotn","article_published_time":"2023-01-01T11:52:00+00:00","article_modified_time":"2025-05-22T11:39:23+00:00","og_image":[{"width":750,"height":400,"url":"https:\/\/www.webdo.tn\/fr\/wp-content\/uploads\/2023\/01\/e8b162ddf583b7fe8ccab9d19f498e83.jpg","type":"image\/jpeg"}],"author":"CL","twitter_card":"summary_large_image","twitter_creator":"@webdo_tn","twitter_site":"@webdo_tn","twitter_misc":{"\u00c9crit par":"CL","Dur\u00e9e de lecture estim\u00e9e":"1 minute"},"schema":{"@context":"https:\/\/schema.org","@graph":[{"@type":"NewsArticle","@id":"https:\/\/www.webdo.tn\/fr\/actualite\/national-45\/bouden-a-l-institut-saleh-azaiz-a-l-occasion-de-la-nouvelle-annee\/201383\/#article","isPartOf":{"@id":"https:\/\/www.webdo.tn\/fr\/actualite\/national-45\/bouden-a-l-institut-saleh-azaiz-a-l-occasion-de-la-nouvelle-annee\/201383\/"},"author":{"name":"CL","@id":"https:\/\/www.webdo.tn\/fr\/#\/schema\/person\/f35b42a42c5e2511bbd282959d6385cc"},"headline":"Bouden \u00e0 l&rsquo;Institut Saleh Aza\u00efz \u00e0 l&rsquo;occasion de la nouvelle ann\u00e9e","datePublished":"2023-01-01T11:52:00+00:00","dateModified":"2025-05-22T11:39:23+00:00","mainEntityOfPage":{"@id":"https:\/\/www.webdo.tn\/fr\/actualite\/national-45\/bouden-a-l-institut-saleh-azaiz-a-l-occasion-de-la-nouvelle-annee\/201383\/"},"wordCount":252,"commentCount":0,"publisher":{"@id":"https:\/\/www.webdo.tn\/fr\/#organization"},"image":{"@id":"https:\/\/www.webdo.tn\/fr\/actualite\/national-45\/bouden-a-l-institut-saleh-azaiz-a-l-occasion-de-la-nouvelle-annee\/201383\/#primaryimage"},"thumbnailUrl":"https:\/\/www.webdo.tn\/fr\/wp-content\/uploads\/2023\/01\/e8b162ddf583b7fe8ccab9d19f498e83.jpg","keywords":["Najla Bouden","Tunisie"],"articleSection":["National"],"inLanguage":"fr-FR"},{"@type":"WebPage","@id":"https:\/\/www.webdo.tn\/fr\/actualite\/national-45\/bouden-a-l-institut-saleh-azaiz-a-l-occasion-de-la-nouvelle-annee\/201383\/","url":"https:\/\/www.webdo.tn\/fr\/actualite\/national-45\/bouden-a-l-institut-saleh-azaiz-a-l-occasion-de-la-nouvelle-annee\/201383\/","name":"Bouden \u00e0 l'Institut Saleh Aza\u00efz \u00e0 l'occasion de la nouvelle ann\u00e9e","isPartOf":{"@id":"https:\/\/www.webdo.tn\/fr\/#website"},"primaryImageOfPage":{"@id":"https:\/\/www.webdo.tn\/fr\/actualite\/national-45\/bouden-a-l-institut-saleh-azaiz-a-l-occasion-de-la-nouvelle-annee\/201383\/#primaryimage"},"image":{"@id":"https:\/\/www.webdo.tn\/fr\/actualite\/national-45\/bouden-a-l-institut-saleh-azaiz-a-l-occasion-de-la-nouvelle-annee\/201383\/#primaryimage"},"thumbnailUrl":"https:\/\/www.webdo.tn\/fr\/wp-content\/uploads\/2023\/01\/e8b162ddf583b7fe8ccab9d19f498e83.jpg","datePublished":"2023-01-01T11:52:00+00:00","dateModified":"2025-05-22T11:39:23+00:00","description":"La cheffe du gouvernement, Najla Bouden s'est rendue, samedi soir, \u00e0 l'Institut Saleh Aza\u00efz \u00e0 Tunis, \u00e0 l'occasion de l'av\u00e8nement de la nouvelle ann\u00e9e administra...","breadcrumb":{"@id":"https:\/\/www.webdo.tn\/fr\/actualite\/national-45\/bouden-a-l-institut-saleh-azaiz-a-l-occasion-de-la-nouvelle-annee\/201383\/#breadcrumb"},"inLanguage":"fr-FR","potentialAction":[{"@type":"ReadAction","target":["https:\/\/www.webdo.tn\/fr\/actualite\/national-45\/bouden-a-l-institut-saleh-azaiz-a-l-occasion-de-la-nouvelle-annee\/201383\/"]}]},{"@type":"ImageObject","inLanguage":"fr-FR","@id":"https:\/\/www.webdo.tn\/fr\/actualite\/national-45\/bouden-a-l-institut-saleh-azaiz-a-l-occasion-de-la-nouvelle-annee\/201383\/#primaryimage","url":"https:\/\/www.webdo.tn\/fr\/wp-content\/uploads\/2023\/01\/e8b162ddf583b7fe8ccab9d19f498e83.jpg","contentUrl":"https:\/\/www.webdo.tn\/fr\/wp-content\/uploads\/2023\/01\/e8b162ddf583b7fe8ccab9d19f498e83.jpg","width":750,"height":400,"caption":"Najla Bouden"},{"@type":"BreadcrumbList","@id":"https:\/\/www.webdo.tn\/fr\/actualite\/national-45\/bouden-a-l-institut-saleh-azaiz-a-l-occasion-de-la-nouvelle-annee\/201383\/#breadcrumb","itemListElement":[{"@type":"ListItem","position":1,"name":"Accueil","item":"https:\/\/www.webdo.tn\/fr\/"},{"@type":"ListItem","position":2,"name":"Bouden \u00e0 l&rsquo;Institut Saleh Aza\u00efz \u00e0 l&rsquo;occasion de la nouvelle ann\u00e9e"}]},{"@type":"WebSite","@id":"https:\/\/www.webdo.tn\/fr\/#website","url":"https:\/\/www.webdo.tn\/fr\/","name":"webdo","description":"Tunisie - News en Tunisie et \u00e0 l&#039;international sur Webdo.tn","publisher":{"@id":"https:\/\/www.webdo.tn\/fr\/#organization"},"potentialAction":[{"@type":"SearchAction","target":{"@type":"EntryPoint","urlTemplate":"https:\/\/www.webdo.tn\/fr\/?s={search_term_string}"},"query-input":{"@type":"PropertyValueSpecification","valueRequired":true,"valueName":"search_term_string"}}],"inLanguage":"fr-FR"},{"@type":"Organization","@id":"https:\/\/www.webdo.tn\/fr\/#organization","name":"Webdo","alternateName":"Webdo.tn","url":"https:\/\/www.webdo.tn\/fr\/","logo":{"@type":"ImageObject","inLanguage":"fr-FR","@id":"https:\/\/www.webdo.tn\/fr\/#\/schema\/logo\/image\/","url":"https:\/\/www.webdo.tn\/fr\/wp-content\/uploads\/2025\/06\/Webdo-Tunisie_168377.jpg","contentUrl":"https:\/\/www.webdo.tn\/fr\/wp-content\/uploads\/2025\/06\/Webdo-Tunisie_168377.jpg","width":301,"height":301,"caption":"Webdo"},"image":{"@id":"https:\/\/www.webdo.tn\/fr\/#\/schema\/logo\/image\/"},"sameAs":["https:\/\/www.facebook.com\/webdotn","https:\/\/x.com\/webdo_tn"],"description":"Webdo est un m\u00e9dia num\u00e9rique tunisien fond\u00e9 en 2010, sp\u00e9cialis\u00e9 dans l\u2019actualit\u00e9 nationale et internationale, l\u2019\u00e9conomie, la soci\u00e9t\u00e9 et les analyses politiques. Le site s\u2019adresse \u00e0 un large public francophone et couvre l\u2019information tunisienne en temps r\u00e9el.","email":"redac@webdo.tn","legalName":"YNJ SARL","foundingDate":"2010-09-06","numberOfEmployees":{"@type":"QuantitativeValue","minValue":"11","maxValue":"50"}},{"@type":"Person","@id":"https:\/\/www.webdo.tn\/fr\/#\/schema\/person\/f35b42a42c5e2511bbd282959d6385cc","name":"CL","image":{"@type":"ImageObject","inLanguage":"fr-FR","@id":"https:\/\/secure.gravatar.com\/avatar\/1447a49909b67aa657c488aec6512e1dd6143a480c1ecfee9b5b5cd74eb3b59e?s=96&d=mm&r=g","url":"https:\/\/secure.gravatar.com\/avatar\/1447a49909b67aa657c488aec6512e1dd6143a480c1ecfee9b5b5cd74eb3b59e?s=96&d=mm&r=g","contentUrl":"https:\/\/secure.gravatar.com\/avatar\/1447a49909b67aa657c488aec6512e1dd6143a480c1ecfee9b5b5cd74eb3b59e?s=96&d=mm&r=g","caption":"CL"},"url":"https:\/\/www.webdo.tn\/fr\/actualite\/author\/cl\/"}]}},"_links":{"self":[{"href":"https:\/\/www.webdo.tn\/fr\/wp-json\/wp\/v2\/posts\/201383","targetHints":{"allow":["GET"]}}],"collection":[{"href":"https:\/\/www.webdo.tn\/fr\/wp-json\/wp\/v2\/posts"}],"about":[{"href":"https:\/\/www.webdo.tn\/fr\/wp-json\/wp\/v2\/types\/post"}],"author":[{"embeddable":true,"href":"https:\/\/www.webdo.tn\/fr\/wp-json\/wp\/v2\/users\/3175"}],"replies":[{"embeddable":true,"href":"https:\/\/www.webdo.tn\/fr\/wp-json\/wp\/v2\/comments?post=201383"}],"version-history":[{"count":0,"href":"https:\/\/www.webdo.tn\/fr\/wp-json\/wp\/v2\/posts\/201383\/revisions"}],"wp:featuredmedia":[{"embeddable":true,"href":"https:\/\/www.webdo.tn\/fr\/wp-json\/wp\/v2\/media\/348345"}],"wp:attachment":[{"href":"https:\/\/www.webdo.tn\/fr\/wp-json\/wp\/v2\/media?parent=201383"}],"wp:term":[{"taxonomy":"category","embeddable":true,"href":"https:\/\/www.webdo.tn\/fr\/wp-json\/wp\/v2\/categories?post=201383"},{"taxonomy":"post_tag","embeddable":true,"href":"https:\/\/www.webdo.tn\/fr\/wp-json\/wp\/v2\/tags?post=201383"}],"curies":[{"name":"wp","href":"https:\/\/api.w.org\/{rel}","templated":true}]}}