{"id":201378,"date":"2023-01-01T10:25:00","date_gmt":"2023-01-01T10:25:00","guid":{"rendered":"https:\/\/www.webdo.tn\/fr\/actualite\/blog\/un-dirigeant-au-sein-d-un-parti-politique-en-garde-a-vue-pour-blanchiment-d-argent\/201378\/"},"modified":"2025-05-22T11:39:22","modified_gmt":"2025-05-22T11:39:22","slug":"un-dirigeant-au-sein-d-un-parti-politique-en-garde-a-vue-pour-blanchiment-d-argent","status":"publish","type":"post","link":"https:\/\/www.webdo.tn\/fr\/actualite\/national\/un-dirigeant-au-sein-d-un-parti-politique-en-garde-a-vue-pour-blanchiment-d-argent\/201378\/","title":{"rendered":"Un dirigeant politique en garde \u00e0 vue pour blanchiment d&rsquo;argent"},"content":{"rendered":"<p>Un dirigeant au sein d&rsquo;un parti politique a \u00e9t\u00e9 plac\u00e9 en garde \u00e0 vue pour suspicions de blanchiment d&rsquo;argents, annonce le minist\u00e8re de l&rsquo;Int\u00e9rieur, dans un communiqu\u00e9 publi\u00e9 samedi.<\/p>\n<p> Le d\u00e9partement n&rsquo;a pas r\u00e9v\u00e9l\u00e9 l&rsquo;identit\u00e9 de l&rsquo;individu en question, assurant que le minist\u00e8re public a \u00e9t\u00e9 consult\u00e9 \u00e0 ce sujet.<\/p>\n<p>\u00ab\u00a0Il s&rsquo;agit de l&rsquo;un des accus\u00e9s dans plusieurs affaires \u00e0 la fois, dont celle dite \u00ab\u00a0Instalingo\u00a0\u00bb, l&rsquo;affaire de l&rsquo;association \u00ab\u00a0Namaa\u00a0\u00bb et celle relative \u00e0 l&rsquo;envoi des jeunes Tunisiens vers les zones de conflit\u00a0\u00bb, pr\u00e9cise encore le minist\u00e8re.<\/p>\n","protected":false},"excerpt":{"rendered":"<p>Un dirigeant au sein d&rsquo;un parti politique a \u00e9t\u00e9 plac\u00e9 en garde \u00e0 vue pour suspicions de blanchiment d&rsquo;argents, annonce le minist\u00e8re de l&rsquo;Int\u00e9rieur, dans un comm&#8230;<\/p>\n","protected":false},"author":3175,"featured_media":348344,"comment_status":"open","ping_status":"closed","sticky":false,"template":"","format":"standard","meta":{"footnotes":""},"categories":[44],"tags":[2966,2706,2608],"class_list":["post-201378","post","type-post","status-publish","format-standard","has-post-thumbnail","hentry","category-national","tag-arrestation","tag-blanchiment-dargent","tag-tunisie"],"yoast_head":"<!-- This site is optimized with the Yoast SEO Premium plugin v27.4 (Yoast SEO v27.5) - https:\/\/yoast.com\/product\/yoast-seo-premium-wordpress\/ -->\n<title>Un dirigeant politique en garde \u00e0 vue pour blanchiment d&#039;argent<\/title>\n<meta name=\"description\" content=\"Un dirigeant au sein d&#039;un parti politique a \u00e9t\u00e9 plac\u00e9 en garde \u00e0 vue pour suspicions de blanchiment d&#039;argents, annonce le minist\u00e8re de l&#039;Int\u00e9rieur, dans un comm...\" \/>\n<link rel=\"canonical\" href=\"https:\/\/www.webdo.tn\/fr\/actualite\/national-45\/un-dirigeant-au-sein-d-un-parti-politique-en-garde-a-vue-pour-blanchiment-d-argent\/201378\/\" \/>\n<meta property=\"og:locale\" content=\"fr_FR\" \/>\n<meta property=\"og:type\" content=\"article\" \/>\n<meta property=\"og:title\" content=\"Un dirigeant politique en garde \u00e0 vue pour blanchiment d&#039;argent\" \/>\n<meta property=\"og:description\" content=\"Un dirigeant au sein d&#039;un parti politique a \u00e9t\u00e9 plac\u00e9 en garde \u00e0 vue pour suspicions de blanchiment d&#039;argents, annonce le minist\u00e8re de l&#039;Int\u00e9rieur, dans un comm...\" \/>\n<meta property=\"og:url\" content=\"https:\/\/www.webdo.tn\/fr\/actualite\/national-45\/un-dirigeant-au-sein-d-un-parti-politique-en-garde-a-vue-pour-blanchiment-d-argent\/201378\/\" \/>\n<meta property=\"og:site_name\" content=\"webdo\" \/>\n<meta property=\"article:publisher\" content=\"https:\/\/www.facebook.com\/webdotn\" \/>\n<meta property=\"article:published_time\" content=\"2023-01-01T10:25:00+00:00\" \/>\n<meta property=\"article:modified_time\" content=\"2025-05-22T11:39:22+00:00\" \/>\n<meta property=\"og:image\" content=\"https:\/\/www.webdo.tn\/fr\/wp-content\/uploads\/2023\/01\/d2d3b898062e7ecb00e096d3b31f9bee.jpg\" \/>\n\t<meta property=\"og:image:width\" content=\"660\" \/>\n\t<meta property=\"og:image:height\" content=\"352\" \/>\n\t<meta property=\"og:image:type\" content=\"image\/jpeg\" \/>\n<meta name=\"author\" content=\"CL\" \/>\n<meta name=\"twitter:card\" content=\"summary_large_image\" \/>\n<meta name=\"twitter:creator\" content=\"@webdo_tn\" \/>\n<meta name=\"twitter:site\" content=\"@webdo_tn\" \/>\n<meta name=\"twitter:label1\" content=\"\u00c9crit par\" \/>\n\t<meta name=\"twitter:data1\" content=\"CL\" \/>\n<script type=\"application\/ld+json\" class=\"yoast-schema-graph\">{\"@context\":\"https:\\\/\\\/schema.org\",\"@graph\":[{\"@type\":\"NewsArticle\",\"@id\":\"https:\\\/\\\/www.webdo.tn\\\/fr\\\/actualite\\\/national-45\\\/un-dirigeant-au-sein-d-un-parti-politique-en-garde-a-vue-pour-blanchiment-d-argent\\\/201378\\\/#article\",\"isPartOf\":{\"@id\":\"https:\\\/\\\/www.webdo.tn\\\/fr\\\/actualite\\\/national-45\\\/un-dirigeant-au-sein-d-un-parti-politique-en-garde-a-vue-pour-blanchiment-d-argent\\\/201378\\\/\"},\"author\":{\"name\":\"CL\",\"@id\":\"https:\\\/\\\/www.webdo.tn\\\/fr\\\/#\\\/schema\\\/person\\\/f35b42a42c5e2511bbd282959d6385cc\"},\"headline\":\"Un dirigeant politique en garde \u00e0 vue pour blanchiment d&rsquo;argent\",\"datePublished\":\"2023-01-01T10:25:00+00:00\",\"dateModified\":\"2025-05-22T11:39:22+00:00\",\"mainEntityOfPage\":{\"@id\":\"https:\\\/\\\/www.webdo.tn\\\/fr\\\/actualite\\\/national-45\\\/un-dirigeant-au-sein-d-un-parti-politique-en-garde-a-vue-pour-blanchiment-d-argent\\\/201378\\\/\"},\"wordCount\":113,\"commentCount\":0,\"publisher\":{\"@id\":\"https:\\\/\\\/www.webdo.tn\\\/fr\\\/#organization\"},\"image\":{\"@id\":\"https:\\\/\\\/www.webdo.tn\\\/fr\\\/actualite\\\/national-45\\\/un-dirigeant-au-sein-d-un-parti-politique-en-garde-a-vue-pour-blanchiment-d-argent\\\/201378\\\/#primaryimage\"},\"thumbnailUrl\":\"https:\\\/\\\/www.webdo.tn\\\/fr\\\/wp-content\\\/uploads\\\/2023\\\/01\\\/d2d3b898062e7ecb00e096d3b31f9bee.jpg\",\"keywords\":[\"arrestation\",\"blanchiment d'argent\",\"Tunisie\"],\"articleSection\":[\"National\"],\"inLanguage\":\"fr-FR\"},{\"@type\":\"WebPage\",\"@id\":\"https:\\\/\\\/www.webdo.tn\\\/fr\\\/actualite\\\/national-45\\\/un-dirigeant-au-sein-d-un-parti-politique-en-garde-a-vue-pour-blanchiment-d-argent\\\/201378\\\/\",\"url\":\"https:\\\/\\\/www.webdo.tn\\\/fr\\\/actualite\\\/national-45\\\/un-dirigeant-au-sein-d-un-parti-politique-en-garde-a-vue-pour-blanchiment-d-argent\\\/201378\\\/\",\"name\":\"Un dirigeant politique en garde \u00e0 vue pour blanchiment d'argent\",\"isPartOf\":{\"@id\":\"https:\\\/\\\/www.webdo.tn\\\/fr\\\/#website\"},\"primaryImageOfPage\":{\"@id\":\"https:\\\/\\\/www.webdo.tn\\\/fr\\\/actualite\\\/national-45\\\/un-dirigeant-au-sein-d-un-parti-politique-en-garde-a-vue-pour-blanchiment-d-argent\\\/201378\\\/#primaryimage\"},\"image\":{\"@id\":\"https:\\\/\\\/www.webdo.tn\\\/fr\\\/actualite\\\/national-45\\\/un-dirigeant-au-sein-d-un-parti-politique-en-garde-a-vue-pour-blanchiment-d-argent\\\/201378\\\/#primaryimage\"},\"thumbnailUrl\":\"https:\\\/\\\/www.webdo.tn\\\/fr\\\/wp-content\\\/uploads\\\/2023\\\/01\\\/d2d3b898062e7ecb00e096d3b31f9bee.jpg\",\"datePublished\":\"2023-01-01T10:25:00+00:00\",\"dateModified\":\"2025-05-22T11:39:22+00:00\",\"description\":\"Un dirigeant au sein d'un parti politique a \u00e9t\u00e9 plac\u00e9 en garde \u00e0 vue pour suspicions de blanchiment d'argents, annonce le minist\u00e8re de l'Int\u00e9rieur, dans un comm...\",\"breadcrumb\":{\"@id\":\"https:\\\/\\\/www.webdo.tn\\\/fr\\\/actualite\\\/national-45\\\/un-dirigeant-au-sein-d-un-parti-politique-en-garde-a-vue-pour-blanchiment-d-argent\\\/201378\\\/#breadcrumb\"},\"inLanguage\":\"fr-FR\",\"potentialAction\":[{\"@type\":\"ReadAction\",\"target\":[\"https:\\\/\\\/www.webdo.tn\\\/fr\\\/actualite\\\/national-45\\\/un-dirigeant-au-sein-d-un-parti-politique-en-garde-a-vue-pour-blanchiment-d-argent\\\/201378\\\/\"]}]},{\"@type\":\"ImageObject\",\"inLanguage\":\"fr-FR\",\"@id\":\"https:\\\/\\\/www.webdo.tn\\\/fr\\\/actualite\\\/national-45\\\/un-dirigeant-au-sein-d-un-parti-politique-en-garde-a-vue-pour-blanchiment-d-argent\\\/201378\\\/#primaryimage\",\"url\":\"https:\\\/\\\/www.webdo.tn\\\/fr\\\/wp-content\\\/uploads\\\/2023\\\/01\\\/d2d3b898062e7ecb00e096d3b31f9bee.jpg\",\"contentUrl\":\"https:\\\/\\\/www.webdo.tn\\\/fr\\\/wp-content\\\/uploads\\\/2023\\\/01\\\/d2d3b898062e7ecb00e096d3b31f9bee.jpg\",\"width\":660,\"height\":352,\"caption\":\"Arrestation\"},{\"@type\":\"BreadcrumbList\",\"@id\":\"https:\\\/\\\/www.webdo.tn\\\/fr\\\/actualite\\\/national-45\\\/un-dirigeant-au-sein-d-un-parti-politique-en-garde-a-vue-pour-blanchiment-d-argent\\\/201378\\\/#breadcrumb\",\"itemListElement\":[{\"@type\":\"ListItem\",\"position\":1,\"name\":\"Accueil\",\"item\":\"https:\\\/\\\/www.webdo.tn\\\/fr\\\/\"},{\"@type\":\"ListItem\",\"position\":2,\"name\":\"Un dirigeant politique en garde \u00e0 vue pour blanchiment d&rsquo;argent\"}]},{\"@type\":\"WebSite\",\"@id\":\"https:\\\/\\\/www.webdo.tn\\\/fr\\\/#website\",\"url\":\"https:\\\/\\\/www.webdo.tn\\\/fr\\\/\",\"name\":\"webdo\",\"description\":\"Tunisie - News en Tunisie et \u00e0 l&#039;international sur Webdo.tn\",\"publisher\":{\"@id\":\"https:\\\/\\\/www.webdo.tn\\\/fr\\\/#organization\"},\"potentialAction\":[{\"@type\":\"SearchAction\",\"target\":{\"@type\":\"EntryPoint\",\"urlTemplate\":\"https:\\\/\\\/www.webdo.tn\\\/fr\\\/?s={search_term_string}\"},\"query-input\":{\"@type\":\"PropertyValueSpecification\",\"valueRequired\":true,\"valueName\":\"search_term_string\"}}],\"inLanguage\":\"fr-FR\"},{\"@type\":\"Organization\",\"@id\":\"https:\\\/\\\/www.webdo.tn\\\/fr\\\/#organization\",\"name\":\"Webdo\",\"alternateName\":\"Webdo.tn\",\"url\":\"https:\\\/\\\/www.webdo.tn\\\/fr\\\/\",\"logo\":{\"@type\":\"ImageObject\",\"inLanguage\":\"fr-FR\",\"@id\":\"https:\\\/\\\/www.webdo.tn\\\/fr\\\/#\\\/schema\\\/logo\\\/image\\\/\",\"url\":\"https:\\\/\\\/www.webdo.tn\\\/fr\\\/wp-content\\\/uploads\\\/2025\\\/06\\\/Webdo-Tunisie_168377.jpg\",\"contentUrl\":\"https:\\\/\\\/www.webdo.tn\\\/fr\\\/wp-content\\\/uploads\\\/2025\\\/06\\\/Webdo-Tunisie_168377.jpg\",\"width\":301,\"height\":301,\"caption\":\"Webdo\"},\"image\":{\"@id\":\"https:\\\/\\\/www.webdo.tn\\\/fr\\\/#\\\/schema\\\/logo\\\/image\\\/\"},\"sameAs\":[\"https:\\\/\\\/www.facebook.com\\\/webdotn\",\"https:\\\/\\\/x.com\\\/webdo_tn\"],\"description\":\"Webdo est un m\u00e9dia num\u00e9rique tunisien fond\u00e9 en 2010, sp\u00e9cialis\u00e9 dans l\u2019actualit\u00e9 nationale et internationale, l\u2019\u00e9conomie, la soci\u00e9t\u00e9 et les analyses politiques. Le site s\u2019adresse \u00e0 un large public francophone et couvre l\u2019information tunisienne en temps r\u00e9el.\",\"email\":\"redac@webdo.tn\",\"legalName\":\"YNJ SARL\",\"foundingDate\":\"2010-09-06\",\"numberOfEmployees\":{\"@type\":\"QuantitativeValue\",\"minValue\":\"11\",\"maxValue\":\"50\"}},{\"@type\":\"Person\",\"@id\":\"https:\\\/\\\/www.webdo.tn\\\/fr\\\/#\\\/schema\\\/person\\\/f35b42a42c5e2511bbd282959d6385cc\",\"name\":\"CL\",\"image\":{\"@type\":\"ImageObject\",\"inLanguage\":\"fr-FR\",\"@id\":\"https:\\\/\\\/secure.gravatar.com\\\/avatar\\\/1447a49909b67aa657c488aec6512e1dd6143a480c1ecfee9b5b5cd74eb3b59e?s=96&d=mm&r=g\",\"url\":\"https:\\\/\\\/secure.gravatar.com\\\/avatar\\\/1447a49909b67aa657c488aec6512e1dd6143a480c1ecfee9b5b5cd74eb3b59e?s=96&d=mm&r=g\",\"contentUrl\":\"https:\\\/\\\/secure.gravatar.com\\\/avatar\\\/1447a49909b67aa657c488aec6512e1dd6143a480c1ecfee9b5b5cd74eb3b59e?s=96&d=mm&r=g\",\"caption\":\"CL\"},\"url\":\"https:\\\/\\\/www.webdo.tn\\\/fr\\\/actualite\\\/author\\\/cl\\\/\"}]}<\/script>\n<!-- \/ Yoast SEO Premium plugin. -->","yoast_head_json":{"title":"Un dirigeant politique en garde \u00e0 vue pour blanchiment d'argent","description":"Un dirigeant au sein d'un parti politique a \u00e9t\u00e9 plac\u00e9 en garde \u00e0 vue pour suspicions de blanchiment d'argents, annonce le minist\u00e8re de l'Int\u00e9rieur, dans un comm...","canonical":"https:\/\/www.webdo.tn\/fr\/actualite\/national-45\/un-dirigeant-au-sein-d-un-parti-politique-en-garde-a-vue-pour-blanchiment-d-argent\/201378\/","og_locale":"fr_FR","og_type":"article","og_title":"Un dirigeant politique en garde \u00e0 vue pour blanchiment d'argent","og_description":"Un dirigeant au sein d'un parti politique a \u00e9t\u00e9 plac\u00e9 en garde \u00e0 vue pour suspicions de blanchiment d'argents, annonce le minist\u00e8re de l'Int\u00e9rieur, dans un comm...","og_url":"https:\/\/www.webdo.tn\/fr\/actualite\/national-45\/un-dirigeant-au-sein-d-un-parti-politique-en-garde-a-vue-pour-blanchiment-d-argent\/201378\/","og_site_name":"webdo","article_publisher":"https:\/\/www.facebook.com\/webdotn","article_published_time":"2023-01-01T10:25:00+00:00","article_modified_time":"2025-05-22T11:39:22+00:00","og_image":[{"width":660,"height":352,"url":"https:\/\/www.webdo.tn\/fr\/wp-content\/uploads\/2023\/01\/d2d3b898062e7ecb00e096d3b31f9bee.jpg","type":"image\/jpeg"}],"author":"CL","twitter_card":"summary_large_image","twitter_creator":"@webdo_tn","twitter_site":"@webdo_tn","twitter_misc":{"\u00c9crit par":"CL"},"schema":{"@context":"https:\/\/schema.org","@graph":[{"@type":"NewsArticle","@id":"https:\/\/www.webdo.tn\/fr\/actualite\/national-45\/un-dirigeant-au-sein-d-un-parti-politique-en-garde-a-vue-pour-blanchiment-d-argent\/201378\/#article","isPartOf":{"@id":"https:\/\/www.webdo.tn\/fr\/actualite\/national-45\/un-dirigeant-au-sein-d-un-parti-politique-en-garde-a-vue-pour-blanchiment-d-argent\/201378\/"},"author":{"name":"CL","@id":"https:\/\/www.webdo.tn\/fr\/#\/schema\/person\/f35b42a42c5e2511bbd282959d6385cc"},"headline":"Un dirigeant politique en garde \u00e0 vue pour blanchiment d&rsquo;argent","datePublished":"2023-01-01T10:25:00+00:00","dateModified":"2025-05-22T11:39:22+00:00","mainEntityOfPage":{"@id":"https:\/\/www.webdo.tn\/fr\/actualite\/national-45\/un-dirigeant-au-sein-d-un-parti-politique-en-garde-a-vue-pour-blanchiment-d-argent\/201378\/"},"wordCount":113,"commentCount":0,"publisher":{"@id":"https:\/\/www.webdo.tn\/fr\/#organization"},"image":{"@id":"https:\/\/www.webdo.tn\/fr\/actualite\/national-45\/un-dirigeant-au-sein-d-un-parti-politique-en-garde-a-vue-pour-blanchiment-d-argent\/201378\/#primaryimage"},"thumbnailUrl":"https:\/\/www.webdo.tn\/fr\/wp-content\/uploads\/2023\/01\/d2d3b898062e7ecb00e096d3b31f9bee.jpg","keywords":["arrestation","blanchiment d'argent","Tunisie"],"articleSection":["National"],"inLanguage":"fr-FR"},{"@type":"WebPage","@id":"https:\/\/www.webdo.tn\/fr\/actualite\/national-45\/un-dirigeant-au-sein-d-un-parti-politique-en-garde-a-vue-pour-blanchiment-d-argent\/201378\/","url":"https:\/\/www.webdo.tn\/fr\/actualite\/national-45\/un-dirigeant-au-sein-d-un-parti-politique-en-garde-a-vue-pour-blanchiment-d-argent\/201378\/","name":"Un dirigeant politique en garde \u00e0 vue pour blanchiment d'argent","isPartOf":{"@id":"https:\/\/www.webdo.tn\/fr\/#website"},"primaryImageOfPage":{"@id":"https:\/\/www.webdo.tn\/fr\/actualite\/national-45\/un-dirigeant-au-sein-d-un-parti-politique-en-garde-a-vue-pour-blanchiment-d-argent\/201378\/#primaryimage"},"image":{"@id":"https:\/\/www.webdo.tn\/fr\/actualite\/national-45\/un-dirigeant-au-sein-d-un-parti-politique-en-garde-a-vue-pour-blanchiment-d-argent\/201378\/#primaryimage"},"thumbnailUrl":"https:\/\/www.webdo.tn\/fr\/wp-content\/uploads\/2023\/01\/d2d3b898062e7ecb00e096d3b31f9bee.jpg","datePublished":"2023-01-01T10:25:00+00:00","dateModified":"2025-05-22T11:39:22+00:00","description":"Un dirigeant au sein d'un parti politique a \u00e9t\u00e9 plac\u00e9 en garde \u00e0 vue pour suspicions de blanchiment d'argents, annonce le minist\u00e8re de l'Int\u00e9rieur, dans un comm...","breadcrumb":{"@id":"https:\/\/www.webdo.tn\/fr\/actualite\/national-45\/un-dirigeant-au-sein-d-un-parti-politique-en-garde-a-vue-pour-blanchiment-d-argent\/201378\/#breadcrumb"},"inLanguage":"fr-FR","potentialAction":[{"@type":"ReadAction","target":["https:\/\/www.webdo.tn\/fr\/actualite\/national-45\/un-dirigeant-au-sein-d-un-parti-politique-en-garde-a-vue-pour-blanchiment-d-argent\/201378\/"]}]},{"@type":"ImageObject","inLanguage":"fr-FR","@id":"https:\/\/www.webdo.tn\/fr\/actualite\/national-45\/un-dirigeant-au-sein-d-un-parti-politique-en-garde-a-vue-pour-blanchiment-d-argent\/201378\/#primaryimage","url":"https:\/\/www.webdo.tn\/fr\/wp-content\/uploads\/2023\/01\/d2d3b898062e7ecb00e096d3b31f9bee.jpg","contentUrl":"https:\/\/www.webdo.tn\/fr\/wp-content\/uploads\/2023\/01\/d2d3b898062e7ecb00e096d3b31f9bee.jpg","width":660,"height":352,"caption":"Arrestation"},{"@type":"BreadcrumbList","@id":"https:\/\/www.webdo.tn\/fr\/actualite\/national-45\/un-dirigeant-au-sein-d-un-parti-politique-en-garde-a-vue-pour-blanchiment-d-argent\/201378\/#breadcrumb","itemListElement":[{"@type":"ListItem","position":1,"name":"Accueil","item":"https:\/\/www.webdo.tn\/fr\/"},{"@type":"ListItem","position":2,"name":"Un dirigeant politique en garde \u00e0 vue pour blanchiment d&rsquo;argent"}]},{"@type":"WebSite","@id":"https:\/\/www.webdo.tn\/fr\/#website","url":"https:\/\/www.webdo.tn\/fr\/","name":"webdo","description":"Tunisie - News en Tunisie et \u00e0 l&#039;international sur Webdo.tn","publisher":{"@id":"https:\/\/www.webdo.tn\/fr\/#organization"},"potentialAction":[{"@type":"SearchAction","target":{"@type":"EntryPoint","urlTemplate":"https:\/\/www.webdo.tn\/fr\/?s={search_term_string}"},"query-input":{"@type":"PropertyValueSpecification","valueRequired":true,"valueName":"search_term_string"}}],"inLanguage":"fr-FR"},{"@type":"Organization","@id":"https:\/\/www.webdo.tn\/fr\/#organization","name":"Webdo","alternateName":"Webdo.tn","url":"https:\/\/www.webdo.tn\/fr\/","logo":{"@type":"ImageObject","inLanguage":"fr-FR","@id":"https:\/\/www.webdo.tn\/fr\/#\/schema\/logo\/image\/","url":"https:\/\/www.webdo.tn\/fr\/wp-content\/uploads\/2025\/06\/Webdo-Tunisie_168377.jpg","contentUrl":"https:\/\/www.webdo.tn\/fr\/wp-content\/uploads\/2025\/06\/Webdo-Tunisie_168377.jpg","width":301,"height":301,"caption":"Webdo"},"image":{"@id":"https:\/\/www.webdo.tn\/fr\/#\/schema\/logo\/image\/"},"sameAs":["https:\/\/www.facebook.com\/webdotn","https:\/\/x.com\/webdo_tn"],"description":"Webdo est un m\u00e9dia num\u00e9rique tunisien fond\u00e9 en 2010, sp\u00e9cialis\u00e9 dans l\u2019actualit\u00e9 nationale et internationale, l\u2019\u00e9conomie, la soci\u00e9t\u00e9 et les analyses politiques. Le site s\u2019adresse \u00e0 un large public francophone et couvre l\u2019information tunisienne en temps r\u00e9el.","email":"redac@webdo.tn","legalName":"YNJ SARL","foundingDate":"2010-09-06","numberOfEmployees":{"@type":"QuantitativeValue","minValue":"11","maxValue":"50"}},{"@type":"Person","@id":"https:\/\/www.webdo.tn\/fr\/#\/schema\/person\/f35b42a42c5e2511bbd282959d6385cc","name":"CL","image":{"@type":"ImageObject","inLanguage":"fr-FR","@id":"https:\/\/secure.gravatar.com\/avatar\/1447a49909b67aa657c488aec6512e1dd6143a480c1ecfee9b5b5cd74eb3b59e?s=96&d=mm&r=g","url":"https:\/\/secure.gravatar.com\/avatar\/1447a49909b67aa657c488aec6512e1dd6143a480c1ecfee9b5b5cd74eb3b59e?s=96&d=mm&r=g","contentUrl":"https:\/\/secure.gravatar.com\/avatar\/1447a49909b67aa657c488aec6512e1dd6143a480c1ecfee9b5b5cd74eb3b59e?s=96&d=mm&r=g","caption":"CL"},"url":"https:\/\/www.webdo.tn\/fr\/actualite\/author\/cl\/"}]}},"_links":{"self":[{"href":"https:\/\/www.webdo.tn\/fr\/wp-json\/wp\/v2\/posts\/201378","targetHints":{"allow":["GET"]}}],"collection":[{"href":"https:\/\/www.webdo.tn\/fr\/wp-json\/wp\/v2\/posts"}],"about":[{"href":"https:\/\/www.webdo.tn\/fr\/wp-json\/wp\/v2\/types\/post"}],"author":[{"embeddable":true,"href":"https:\/\/www.webdo.tn\/fr\/wp-json\/wp\/v2\/users\/3175"}],"replies":[{"embeddable":true,"href":"https:\/\/www.webdo.tn\/fr\/wp-json\/wp\/v2\/comments?post=201378"}],"version-history":[{"count":0,"href":"https:\/\/www.webdo.tn\/fr\/wp-json\/wp\/v2\/posts\/201378\/revisions"}],"wp:featuredmedia":[{"embeddable":true,"href":"https:\/\/www.webdo.tn\/fr\/wp-json\/wp\/v2\/media\/348344"}],"wp:attachment":[{"href":"https:\/\/www.webdo.tn\/fr\/wp-json\/wp\/v2\/media?parent=201378"}],"wp:term":[{"taxonomy":"category","embeddable":true,"href":"https:\/\/www.webdo.tn\/fr\/wp-json\/wp\/v2\/categories?post=201378"},{"taxonomy":"post_tag","embeddable":true,"href":"https:\/\/www.webdo.tn\/fr\/wp-json\/wp\/v2\/tags?post=201378"}],"curies":[{"name":"wp","href":"https:\/\/api.w.org\/{rel}","templated":true}]}}