{"id":201364,"date":"2022-12-31T10:00:00","date_gmt":"2022-12-31T10:00:00","guid":{"rendered":"https:\/\/www.webdo.tn\/fr\/blog\/loi-de-finances-2023-journee-de-colere-des-avocats-le-5-janvier\/201364\/"},"modified":"2025-05-20T22:06:36","modified_gmt":"2025-05-20T22:06:36","slug":"loi-de-finances-2023-journee-de-colere-des-avocats-le-5-janvier","status":"publish","type":"post","link":"https:\/\/www.webdo.tn\/fr\/actualite\/national\/loi-de-finances-2023-journee-de-colere-des-avocats-le-5-janvier\/201364\/","title":{"rendered":"Loi de Finances 2023 : journ\u00e9e de col\u00e8re des avocats, le 5 janvier"},"content":{"rendered":"<p>Le conseil de l\u2019Ordre national des avocats de Tunisie, a r\u00e9it\u00e9r\u00e9 son rejet de la Loi de Finances 2023 lors d&rsquo;une annonce faite par le b\u00e2tonnier Hatem Mziou, via un communiqu\u00e9 publi\u00e9 ce vendredi 30 d\u00e9cembre 2022.<\/p>\n<p>\t\t\t\t\t\t\t\t\tLe conseil de l\u2019Ordre des avocats consid\u00e8re reproche \u00e0 ce texte le manque de vision r\u00e9formiste, et de mesure encourageant l\u2019\u00e9conomie, les secteurs et les m\u00e9tiers.<\/p>\n<p>Ainsi, l\u2019Ordre a d\u00e9cid\u00e9 de former une commission en charge de pr\u00e9senter des propositions pour la r\u00e9forme et la rectification du d\u00e9cret de Finances de l\u2019ann\u00e9e 2023, fournissant une vision globale pour une r\u00e9forme structurelle du syst\u00e8me \u00e9conomique, social et fiscal et consacrant les principes d\u2019\u00e9galit\u00e9, de justice et de bonne gestion et gouvernance.<\/p>\n<p>Par ailleurs, le conseil a appel\u00e9 les avocats \u00e0 ne pas s\u2019acquitter de la TVA que lorsqu\u2019elle est r\u00e9ellement pay\u00e9e par le client en plus de leurs honoraires. Il a, \u00e9galement, annonc\u00e9 l\u2019organisation d\u2019une journ\u00e9e de col\u00e8re nationale le 5 janvier 2023, ainsi que des manifestations devant les tribunaux.<\/p>\n<p>Enfin, le conseil de l\u2019Ordre des avocats a insist\u00e9 sur l\u2019importance du dialogue face \u00e0 la crise que subit la Tunisie, appelant par la m\u00eame occasion le pr\u00e9sident de la R\u00e9publique \u00e0 interagir positivement avec l\u2019initiative nationale, afin de surmonter la crise et ne pas l\u2019approfondir, tout en tenant le gouvernement pleinement responsable de la d\u00e9t\u00e9rioration de la situation dans le pays.<\/p>\n<p>Lors d&rsquo;un pr\u00e9c\u00e9dent communiqu\u00e9, le S\u00e9minaire des sections r\u00e9gionales des avocats avait donn\u00e9 son feu vert au Conseil de l&rsquo;ordre national des avocats de Tunisie pour recourir \u00e0 toutes les formes de lutte possibles contre la Loi de Finances 2023 quitte \u00e0 d\u00e9clarer la d\u00e9sob\u00e9issance fiscale.<\/p>\n<p>Les sections r\u00e9gionales ont \u00e9galement appel\u00e9 le Conseil de l&rsquo;ordre national des avocats de Tunisie \u00e0 organiser, de concert avec les organisations nationales, les composantes de la soci\u00e9t\u00e9 civile et les professions lib\u00e9rales, des mouvements de protestation, une conf\u00e9rence de presse et une campagne m\u00e9diatique pour d\u00e9noncer la loi en question.<\/p>\n","protected":false},"excerpt":{"rendered":"<p>Le conseil de l\u2019Ordre national des avocats de Tunisie, a r\u00e9it\u00e9r\u00e9 son rejet de la Loi de Finances 2023 lors d&rsquo;une annonce faite par le b\u00e2tonnier Hatem Mziou, via&#8230;<\/p>\n","protected":false},"author":3162,"featured_media":277509,"comment_status":"open","ping_status":"closed","sticky":false,"template":"","format":"standard","meta":{"footnotes":""},"categories":[44],"tags":[4962,4190,4579],"class_list":["post-201364","post","type-post","status-publish","format-standard","has-post-thumbnail","hentry","category-national","tag-avocats","tag-journee-de-colere","tag-loi-de-finances"],"yoast_head":"<!-- This site is optimized with the Yoast SEO Premium plugin v27.5 (Yoast SEO v27.5) - https:\/\/yoast.com\/product\/yoast-seo-premium-wordpress\/ -->\n<title>Loi de Finances 2023 : journ\u00e9e de col\u00e8re des avocats, le 5 janvier<\/title>\n<meta name=\"description\" content=\"Le conseil de l\u2019Ordre national des avocats de Tunisie, a r\u00e9it\u00e9r\u00e9 son rejet de la Loi de Finances 2023 lors d&#039;une annonce faite par le b\u00e2tonnier Hatem Mziou, via...\" \/>\n<link rel=\"canonical\" href=\"https:\/\/www.webdo.tn\/fr\/actualite\/national\/loi-de-finances-2023-journee-de-colere-des-avocats-le-5-janvier\/201364\/\" \/>\n<meta property=\"og:locale\" content=\"fr_FR\" \/>\n<meta property=\"og:type\" content=\"article\" \/>\n<meta property=\"og:title\" content=\"Loi de Finances 2023 : journ\u00e9e de col\u00e8re des avocats, le 5 janvier\" \/>\n<meta property=\"og:description\" content=\"Le conseil de l\u2019Ordre national des avocats de Tunisie, a r\u00e9it\u00e9r\u00e9 son rejet de la Loi de Finances 2023 lors d&#039;une annonce faite par le b\u00e2tonnier Hatem Mziou, via...\" \/>\n<meta property=\"og:url\" content=\"https:\/\/www.webdo.tn\/fr\/actualite\/national\/loi-de-finances-2023-journee-de-colere-des-avocats-le-5-janvier\/201364\/\" \/>\n<meta property=\"og:site_name\" content=\"webdo\" \/>\n<meta property=\"article:publisher\" content=\"https:\/\/www.facebook.com\/webdotn\" \/>\n<meta property=\"article:published_time\" content=\"2022-12-31T10:00:00+00:00\" \/>\n<meta property=\"article:modified_time\" content=\"2025-05-20T22:06:36+00:00\" \/>\n<meta property=\"og:image\" content=\"https:\/\/www.webdo.tn\/fr\/wp-content\/uploads\/2022\/12\/1bc17658eaeb93c7510eaff567aab178.png\" \/>\n\t<meta property=\"og:image:width\" content=\"660\" \/>\n\t<meta property=\"og:image:height\" content=\"352\" \/>\n\t<meta property=\"og:image:type\" content=\"image\/png\" \/>\n<meta name=\"author\" content=\"MC\" \/>\n<meta name=\"twitter:card\" content=\"summary_large_image\" \/>\n<meta name=\"twitter:creator\" content=\"@webdo_tn\" \/>\n<meta name=\"twitter:site\" content=\"@webdo_tn\" \/>\n<meta name=\"twitter:label1\" content=\"\u00c9crit par\" \/>\n\t<meta name=\"twitter:data1\" content=\"MC\" \/>\n\t<meta name=\"twitter:label2\" content=\"Dur\u00e9e de lecture estim\u00e9e\" \/>\n\t<meta name=\"twitter:data2\" content=\"2 minutes\" \/>\n<script type=\"application\/ld+json\" class=\"yoast-schema-graph\">{\"@context\":\"https:\\\/\\\/schema.org\",\"@graph\":[{\"@type\":\"NewsArticle\",\"@id\":\"https:\\\/\\\/www.webdo.tn\\\/fr\\\/actualite\\\/national\\\/loi-de-finances-2023-journee-de-colere-des-avocats-le-5-janvier\\\/201364\\\/#article\",\"isPartOf\":{\"@id\":\"https:\\\/\\\/www.webdo.tn\\\/fr\\\/actualite\\\/national\\\/loi-de-finances-2023-journee-de-colere-des-avocats-le-5-janvier\\\/201364\\\/\"},\"author\":{\"name\":\"MC\",\"@id\":\"https:\\\/\\\/www.webdo.tn\\\/fr\\\/#\\\/schema\\\/person\\\/2c4929cbf5a809e3bd38617c6ce150f6\"},\"headline\":\"Loi de Finances 2023 : journ\u00e9e de col\u00e8re des avocats, le 5 janvier\",\"datePublished\":\"2022-12-31T10:00:00+00:00\",\"dateModified\":\"2025-05-20T22:06:36+00:00\",\"mainEntityOfPage\":{\"@id\":\"https:\\\/\\\/www.webdo.tn\\\/fr\\\/actualite\\\/national\\\/loi-de-finances-2023-journee-de-colere-des-avocats-le-5-janvier\\\/201364\\\/\"},\"wordCount\":377,\"commentCount\":0,\"publisher\":{\"@id\":\"https:\\\/\\\/www.webdo.tn\\\/fr\\\/#organization\"},\"image\":{\"@id\":\"https:\\\/\\\/www.webdo.tn\\\/fr\\\/actualite\\\/national\\\/loi-de-finances-2023-journee-de-colere-des-avocats-le-5-janvier\\\/201364\\\/#primaryimage\"},\"thumbnailUrl\":\"https:\\\/\\\/www.webdo.tn\\\/fr\\\/wp-content\\\/uploads\\\/2022\\\/12\\\/1bc17658eaeb93c7510eaff567aab178.png\",\"keywords\":[\"avocats\",\"journ\u00e9e de col\u00e8re\",\"Loi de Finances\"],\"articleSection\":[\"National\"],\"inLanguage\":\"fr-FR\"},{\"@type\":\"WebPage\",\"@id\":\"https:\\\/\\\/www.webdo.tn\\\/fr\\\/actualite\\\/national\\\/loi-de-finances-2023-journee-de-colere-des-avocats-le-5-janvier\\\/201364\\\/\",\"url\":\"https:\\\/\\\/www.webdo.tn\\\/fr\\\/actualite\\\/national\\\/loi-de-finances-2023-journee-de-colere-des-avocats-le-5-janvier\\\/201364\\\/\",\"name\":\"Loi de Finances 2023 : journ\u00e9e de col\u00e8re des avocats, le 5 janvier\",\"isPartOf\":{\"@id\":\"https:\\\/\\\/www.webdo.tn\\\/fr\\\/#website\"},\"primaryImageOfPage\":{\"@id\":\"https:\\\/\\\/www.webdo.tn\\\/fr\\\/actualite\\\/national\\\/loi-de-finances-2023-journee-de-colere-des-avocats-le-5-janvier\\\/201364\\\/#primaryimage\"},\"image\":{\"@id\":\"https:\\\/\\\/www.webdo.tn\\\/fr\\\/actualite\\\/national\\\/loi-de-finances-2023-journee-de-colere-des-avocats-le-5-janvier\\\/201364\\\/#primaryimage\"},\"thumbnailUrl\":\"https:\\\/\\\/www.webdo.tn\\\/fr\\\/wp-content\\\/uploads\\\/2022\\\/12\\\/1bc17658eaeb93c7510eaff567aab178.png\",\"datePublished\":\"2022-12-31T10:00:00+00:00\",\"dateModified\":\"2025-05-20T22:06:36+00:00\",\"description\":\"Le conseil de l\u2019Ordre national des avocats de Tunisie, a r\u00e9it\u00e9r\u00e9 son rejet de la Loi de Finances 2023 lors d'une annonce faite par le b\u00e2tonnier Hatem Mziou, via...\",\"breadcrumb\":{\"@id\":\"https:\\\/\\\/www.webdo.tn\\\/fr\\\/actualite\\\/national\\\/loi-de-finances-2023-journee-de-colere-des-avocats-le-5-janvier\\\/201364\\\/#breadcrumb\"},\"inLanguage\":\"fr-FR\",\"potentialAction\":[{\"@type\":\"ReadAction\",\"target\":[\"https:\\\/\\\/www.webdo.tn\\\/fr\\\/actualite\\\/national\\\/loi-de-finances-2023-journee-de-colere-des-avocats-le-5-janvier\\\/201364\\\/\"]}]},{\"@type\":\"ImageObject\",\"inLanguage\":\"fr-FR\",\"@id\":\"https:\\\/\\\/www.webdo.tn\\\/fr\\\/actualite\\\/national\\\/loi-de-finances-2023-journee-de-colere-des-avocats-le-5-janvier\\\/201364\\\/#primaryimage\",\"url\":\"https:\\\/\\\/www.webdo.tn\\\/fr\\\/wp-content\\\/uploads\\\/2022\\\/12\\\/1bc17658eaeb93c7510eaff567aab178.png\",\"contentUrl\":\"https:\\\/\\\/www.webdo.tn\\\/fr\\\/wp-content\\\/uploads\\\/2022\\\/12\\\/1bc17658eaeb93c7510eaff567aab178.png\",\"width\":660,\"height\":352,\"caption\":\"Loi de Finances 2023 : journ\u00e9e de col\u00e8re des avocats, le 5 janvier\"},{\"@type\":\"BreadcrumbList\",\"@id\":\"https:\\\/\\\/www.webdo.tn\\\/fr\\\/actualite\\\/national\\\/loi-de-finances-2023-journee-de-colere-des-avocats-le-5-janvier\\\/201364\\\/#breadcrumb\",\"itemListElement\":[{\"@type\":\"ListItem\",\"position\":1,\"name\":\"Accueil\",\"item\":\"https:\\\/\\\/www.webdo.tn\\\/fr\\\/\"},{\"@type\":\"ListItem\",\"position\":2,\"name\":\"Loi de Finances 2023 : journ\u00e9e de col\u00e8re des avocats, le 5 janvier\"}]},{\"@type\":\"WebSite\",\"@id\":\"https:\\\/\\\/www.webdo.tn\\\/fr\\\/#website\",\"url\":\"https:\\\/\\\/www.webdo.tn\\\/fr\\\/\",\"name\":\"webdo\",\"description\":\"Tunisie - News en Tunisie et \u00e0 l&#039;international sur Webdo.tn\",\"publisher\":{\"@id\":\"https:\\\/\\\/www.webdo.tn\\\/fr\\\/#organization\"},\"potentialAction\":[{\"@type\":\"SearchAction\",\"target\":{\"@type\":\"EntryPoint\",\"urlTemplate\":\"https:\\\/\\\/www.webdo.tn\\\/fr\\\/?s={search_term_string}\"},\"query-input\":{\"@type\":\"PropertyValueSpecification\",\"valueRequired\":true,\"valueName\":\"search_term_string\"}}],\"inLanguage\":\"fr-FR\"},{\"@type\":\"Organization\",\"@id\":\"https:\\\/\\\/www.webdo.tn\\\/fr\\\/#organization\",\"name\":\"Webdo\",\"alternateName\":\"Webdo.tn\",\"url\":\"https:\\\/\\\/www.webdo.tn\\\/fr\\\/\",\"logo\":{\"@type\":\"ImageObject\",\"inLanguage\":\"fr-FR\",\"@id\":\"https:\\\/\\\/www.webdo.tn\\\/fr\\\/#\\\/schema\\\/logo\\\/image\\\/\",\"url\":\"https:\\\/\\\/www.webdo.tn\\\/fr\\\/wp-content\\\/uploads\\\/2025\\\/06\\\/Webdo-Tunisie_168377.jpg\",\"contentUrl\":\"https:\\\/\\\/www.webdo.tn\\\/fr\\\/wp-content\\\/uploads\\\/2025\\\/06\\\/Webdo-Tunisie_168377.jpg\",\"width\":301,\"height\":301,\"caption\":\"Webdo\"},\"image\":{\"@id\":\"https:\\\/\\\/www.webdo.tn\\\/fr\\\/#\\\/schema\\\/logo\\\/image\\\/\"},\"sameAs\":[\"https:\\\/\\\/www.facebook.com\\\/webdotn\",\"https:\\\/\\\/x.com\\\/webdo_tn\"],\"description\":\"Webdo est un m\u00e9dia num\u00e9rique tunisien fond\u00e9 en 2010, sp\u00e9cialis\u00e9 dans l\u2019actualit\u00e9 nationale et internationale, l\u2019\u00e9conomie, la soci\u00e9t\u00e9 et les analyses politiques. Le site s\u2019adresse \u00e0 un large public francophone et couvre l\u2019information tunisienne en temps r\u00e9el.\",\"email\":\"redac@webdo.tn\",\"legalName\":\"YNJ SARL\",\"foundingDate\":\"2010-09-06\",\"numberOfEmployees\":{\"@type\":\"QuantitativeValue\",\"minValue\":\"11\",\"maxValue\":\"50\"}},{\"@type\":\"Person\",\"@id\":\"https:\\\/\\\/www.webdo.tn\\\/fr\\\/#\\\/schema\\\/person\\\/2c4929cbf5a809e3bd38617c6ce150f6\",\"name\":\"MC\",\"image\":{\"@type\":\"ImageObject\",\"inLanguage\":\"fr-FR\",\"@id\":\"https:\\\/\\\/secure.gravatar.com\\\/avatar\\\/a545bbb6f84efdd5553dbbc2895e3ca8f1d12c5215e00a041c9670b54aa9b18a?s=96&d=mm&r=g\",\"url\":\"https:\\\/\\\/secure.gravatar.com\\\/avatar\\\/a545bbb6f84efdd5553dbbc2895e3ca8f1d12c5215e00a041c9670b54aa9b18a?s=96&d=mm&r=g\",\"contentUrl\":\"https:\\\/\\\/secure.gravatar.com\\\/avatar\\\/a545bbb6f84efdd5553dbbc2895e3ca8f1d12c5215e00a041c9670b54aa9b18a?s=96&d=mm&r=g\",\"caption\":\"MC\"},\"url\":\"https:\\\/\\\/www.webdo.tn\\\/fr\\\/actualite\\\/author\\\/mc\\\/\"}]}<\/script>\n<!-- \/ Yoast SEO Premium plugin. -->","yoast_head_json":{"title":"Loi de Finances 2023 : journ\u00e9e de col\u00e8re des avocats, le 5 janvier","description":"Le conseil de l\u2019Ordre national des avocats de Tunisie, a r\u00e9it\u00e9r\u00e9 son rejet de la Loi de Finances 2023 lors d'une annonce faite par le b\u00e2tonnier Hatem Mziou, via...","canonical":"https:\/\/www.webdo.tn\/fr\/actualite\/national\/loi-de-finances-2023-journee-de-colere-des-avocats-le-5-janvier\/201364\/","og_locale":"fr_FR","og_type":"article","og_title":"Loi de Finances 2023 : journ\u00e9e de col\u00e8re des avocats, le 5 janvier","og_description":"Le conseil de l\u2019Ordre national des avocats de Tunisie, a r\u00e9it\u00e9r\u00e9 son rejet de la Loi de Finances 2023 lors d'une annonce faite par le b\u00e2tonnier Hatem Mziou, via...","og_url":"https:\/\/www.webdo.tn\/fr\/actualite\/national\/loi-de-finances-2023-journee-de-colere-des-avocats-le-5-janvier\/201364\/","og_site_name":"webdo","article_publisher":"https:\/\/www.facebook.com\/webdotn","article_published_time":"2022-12-31T10:00:00+00:00","article_modified_time":"2025-05-20T22:06:36+00:00","og_image":[{"width":660,"height":352,"url":"https:\/\/www.webdo.tn\/fr\/wp-content\/uploads\/2022\/12\/1bc17658eaeb93c7510eaff567aab178.png","type":"image\/png"}],"author":"MC","twitter_card":"summary_large_image","twitter_creator":"@webdo_tn","twitter_site":"@webdo_tn","twitter_misc":{"\u00c9crit par":"MC","Dur\u00e9e de lecture estim\u00e9e":"2 minutes"},"schema":{"@context":"https:\/\/schema.org","@graph":[{"@type":"NewsArticle","@id":"https:\/\/www.webdo.tn\/fr\/actualite\/national\/loi-de-finances-2023-journee-de-colere-des-avocats-le-5-janvier\/201364\/#article","isPartOf":{"@id":"https:\/\/www.webdo.tn\/fr\/actualite\/national\/loi-de-finances-2023-journee-de-colere-des-avocats-le-5-janvier\/201364\/"},"author":{"name":"MC","@id":"https:\/\/www.webdo.tn\/fr\/#\/schema\/person\/2c4929cbf5a809e3bd38617c6ce150f6"},"headline":"Loi de Finances 2023 : journ\u00e9e de col\u00e8re des avocats, le 5 janvier","datePublished":"2022-12-31T10:00:00+00:00","dateModified":"2025-05-20T22:06:36+00:00","mainEntityOfPage":{"@id":"https:\/\/www.webdo.tn\/fr\/actualite\/national\/loi-de-finances-2023-journee-de-colere-des-avocats-le-5-janvier\/201364\/"},"wordCount":377,"commentCount":0,"publisher":{"@id":"https:\/\/www.webdo.tn\/fr\/#organization"},"image":{"@id":"https:\/\/www.webdo.tn\/fr\/actualite\/national\/loi-de-finances-2023-journee-de-colere-des-avocats-le-5-janvier\/201364\/#primaryimage"},"thumbnailUrl":"https:\/\/www.webdo.tn\/fr\/wp-content\/uploads\/2022\/12\/1bc17658eaeb93c7510eaff567aab178.png","keywords":["avocats","journ\u00e9e de col\u00e8re","Loi de Finances"],"articleSection":["National"],"inLanguage":"fr-FR"},{"@type":"WebPage","@id":"https:\/\/www.webdo.tn\/fr\/actualite\/national\/loi-de-finances-2023-journee-de-colere-des-avocats-le-5-janvier\/201364\/","url":"https:\/\/www.webdo.tn\/fr\/actualite\/national\/loi-de-finances-2023-journee-de-colere-des-avocats-le-5-janvier\/201364\/","name":"Loi de Finances 2023 : journ\u00e9e de col\u00e8re des avocats, le 5 janvier","isPartOf":{"@id":"https:\/\/www.webdo.tn\/fr\/#website"},"primaryImageOfPage":{"@id":"https:\/\/www.webdo.tn\/fr\/actualite\/national\/loi-de-finances-2023-journee-de-colere-des-avocats-le-5-janvier\/201364\/#primaryimage"},"image":{"@id":"https:\/\/www.webdo.tn\/fr\/actualite\/national\/loi-de-finances-2023-journee-de-colere-des-avocats-le-5-janvier\/201364\/#primaryimage"},"thumbnailUrl":"https:\/\/www.webdo.tn\/fr\/wp-content\/uploads\/2022\/12\/1bc17658eaeb93c7510eaff567aab178.png","datePublished":"2022-12-31T10:00:00+00:00","dateModified":"2025-05-20T22:06:36+00:00","description":"Le conseil de l\u2019Ordre national des avocats de Tunisie, a r\u00e9it\u00e9r\u00e9 son rejet de la Loi de Finances 2023 lors d'une annonce faite par le b\u00e2tonnier Hatem Mziou, via...","breadcrumb":{"@id":"https:\/\/www.webdo.tn\/fr\/actualite\/national\/loi-de-finances-2023-journee-de-colere-des-avocats-le-5-janvier\/201364\/#breadcrumb"},"inLanguage":"fr-FR","potentialAction":[{"@type":"ReadAction","target":["https:\/\/www.webdo.tn\/fr\/actualite\/national\/loi-de-finances-2023-journee-de-colere-des-avocats-le-5-janvier\/201364\/"]}]},{"@type":"ImageObject","inLanguage":"fr-FR","@id":"https:\/\/www.webdo.tn\/fr\/actualite\/national\/loi-de-finances-2023-journee-de-colere-des-avocats-le-5-janvier\/201364\/#primaryimage","url":"https:\/\/www.webdo.tn\/fr\/wp-content\/uploads\/2022\/12\/1bc17658eaeb93c7510eaff567aab178.png","contentUrl":"https:\/\/www.webdo.tn\/fr\/wp-content\/uploads\/2022\/12\/1bc17658eaeb93c7510eaff567aab178.png","width":660,"height":352,"caption":"Loi de Finances 2023 : journ\u00e9e de col\u00e8re des avocats, le 5 janvier"},{"@type":"BreadcrumbList","@id":"https:\/\/www.webdo.tn\/fr\/actualite\/national\/loi-de-finances-2023-journee-de-colere-des-avocats-le-5-janvier\/201364\/#breadcrumb","itemListElement":[{"@type":"ListItem","position":1,"name":"Accueil","item":"https:\/\/www.webdo.tn\/fr\/"},{"@type":"ListItem","position":2,"name":"Loi de Finances 2023 : journ\u00e9e de col\u00e8re des avocats, le 5 janvier"}]},{"@type":"WebSite","@id":"https:\/\/www.webdo.tn\/fr\/#website","url":"https:\/\/www.webdo.tn\/fr\/","name":"webdo","description":"Tunisie - News en Tunisie et \u00e0 l&#039;international sur Webdo.tn","publisher":{"@id":"https:\/\/www.webdo.tn\/fr\/#organization"},"potentialAction":[{"@type":"SearchAction","target":{"@type":"EntryPoint","urlTemplate":"https:\/\/www.webdo.tn\/fr\/?s={search_term_string}"},"query-input":{"@type":"PropertyValueSpecification","valueRequired":true,"valueName":"search_term_string"}}],"inLanguage":"fr-FR"},{"@type":"Organization","@id":"https:\/\/www.webdo.tn\/fr\/#organization","name":"Webdo","alternateName":"Webdo.tn","url":"https:\/\/www.webdo.tn\/fr\/","logo":{"@type":"ImageObject","inLanguage":"fr-FR","@id":"https:\/\/www.webdo.tn\/fr\/#\/schema\/logo\/image\/","url":"https:\/\/www.webdo.tn\/fr\/wp-content\/uploads\/2025\/06\/Webdo-Tunisie_168377.jpg","contentUrl":"https:\/\/www.webdo.tn\/fr\/wp-content\/uploads\/2025\/06\/Webdo-Tunisie_168377.jpg","width":301,"height":301,"caption":"Webdo"},"image":{"@id":"https:\/\/www.webdo.tn\/fr\/#\/schema\/logo\/image\/"},"sameAs":["https:\/\/www.facebook.com\/webdotn","https:\/\/x.com\/webdo_tn"],"description":"Webdo est un m\u00e9dia num\u00e9rique tunisien fond\u00e9 en 2010, sp\u00e9cialis\u00e9 dans l\u2019actualit\u00e9 nationale et internationale, l\u2019\u00e9conomie, la soci\u00e9t\u00e9 et les analyses politiques. Le site s\u2019adresse \u00e0 un large public francophone et couvre l\u2019information tunisienne en temps r\u00e9el.","email":"redac@webdo.tn","legalName":"YNJ SARL","foundingDate":"2010-09-06","numberOfEmployees":{"@type":"QuantitativeValue","minValue":"11","maxValue":"50"}},{"@type":"Person","@id":"https:\/\/www.webdo.tn\/fr\/#\/schema\/person\/2c4929cbf5a809e3bd38617c6ce150f6","name":"MC","image":{"@type":"ImageObject","inLanguage":"fr-FR","@id":"https:\/\/secure.gravatar.com\/avatar\/a545bbb6f84efdd5553dbbc2895e3ca8f1d12c5215e00a041c9670b54aa9b18a?s=96&d=mm&r=g","url":"https:\/\/secure.gravatar.com\/avatar\/a545bbb6f84efdd5553dbbc2895e3ca8f1d12c5215e00a041c9670b54aa9b18a?s=96&d=mm&r=g","contentUrl":"https:\/\/secure.gravatar.com\/avatar\/a545bbb6f84efdd5553dbbc2895e3ca8f1d12c5215e00a041c9670b54aa9b18a?s=96&d=mm&r=g","caption":"MC"},"url":"https:\/\/www.webdo.tn\/fr\/actualite\/author\/mc\/"}]}},"_links":{"self":[{"href":"https:\/\/www.webdo.tn\/fr\/wp-json\/wp\/v2\/posts\/201364","targetHints":{"allow":["GET"]}}],"collection":[{"href":"https:\/\/www.webdo.tn\/fr\/wp-json\/wp\/v2\/posts"}],"about":[{"href":"https:\/\/www.webdo.tn\/fr\/wp-json\/wp\/v2\/types\/post"}],"author":[{"embeddable":true,"href":"https:\/\/www.webdo.tn\/fr\/wp-json\/wp\/v2\/users\/3162"}],"replies":[{"embeddable":true,"href":"https:\/\/www.webdo.tn\/fr\/wp-json\/wp\/v2\/comments?post=201364"}],"version-history":[{"count":0,"href":"https:\/\/www.webdo.tn\/fr\/wp-json\/wp\/v2\/posts\/201364\/revisions"}],"wp:featuredmedia":[{"embeddable":true,"href":"https:\/\/www.webdo.tn\/fr\/wp-json\/wp\/v2\/media\/277509"}],"wp:attachment":[{"href":"https:\/\/www.webdo.tn\/fr\/wp-json\/wp\/v2\/media?parent=201364"}],"wp:term":[{"taxonomy":"category","embeddable":true,"href":"https:\/\/www.webdo.tn\/fr\/wp-json\/wp\/v2\/categories?post=201364"},{"taxonomy":"post_tag","embeddable":true,"href":"https:\/\/www.webdo.tn\/fr\/wp-json\/wp\/v2\/tags?post=201364"}],"curies":[{"name":"wp","href":"https:\/\/api.w.org\/{rel}","templated":true}]}}