{"id":201362,"date":"2022-12-31T09:08:00","date_gmt":"2022-12-31T09:08:00","guid":{"rendered":"https:\/\/www.webdo.tn\/fr\/blog\/mort-de-pele-une-veillee-funebre-sera-organisee-au-stade-du-santos-fc\/201362\/"},"modified":"2025-05-20T22:03:39","modified_gmt":"2025-05-20T22:03:39","slug":"mort-de-pele-une-veillee-funebre-sera-organisee-au-stade-du-santos-fc-2","status":"publish","type":"post","link":"https:\/\/www.webdo.tn\/fr\/actualite\/sport\/mort-de-pele-une-veillee-funebre-sera-organisee-au-stade-du-santos-fc-2\/201362\/","title":{"rendered":"Mort de Pel\u00e9 : une veill\u00e9e fun\u00e8bre au stade du Santos FC"},"content":{"rendered":"<p>Apr\u00e8s le d\u00e9c\u00e8s de Pel\u00e9, une veill\u00e9e fun\u00e8bre sera organis\u00e9e au stade du Santos FC lundi. Le cort\u00e8ge passera notamment devant la maison de la m\u00e8re du Br\u00e9silien, \u00e2g\u00e9e de 100 ans.<\/p>\n<p>\t\t\t\t\t\t\t\t\tD\u00e9c\u00e9d\u00e9e jeudi \u00e0 l\u2019\u00e2ge de 82 ans, la l\u00e9gende br\u00e9silienne Pel\u00e9 aura le droit \u00e0 une veill\u00e9e fun\u00e8bre. Celle-ci se d\u00e9roulera lundi au stade de Santos, son club de toujours qui a vu \u00e9voluer Pel\u00e9 de 1956 \u00e0 1974.<\/p>\n<p>Le cercueil de l\u2019ancienne gloire du Br\u00e9sil, d\u00e9c\u00e9d\u00e9e \u00e0 l\u2019h\u00f4pital Albert Einstein de S\u00e3o Paulo, sera plac\u00e9 au centre du terrain. Ouverte au public, la veill\u00e9e fun\u00e8bre d\u00e9butera lundi \u00e0 10 h et se terminera \u00e0 10 h le lendemain.<\/p>\n<p>Mardi, un cort\u00e8ge accompagnera le cercueil jusqu\u2019\u00e0 la maison de la m\u00e8re de l\u2019ancien footballeur \u00e2g\u00e9e de 100 ans. L\u2019enterrement aura lieu quant \u00e0 lui au cimeti\u00e8re Memorial Necr\u00f3pole Ecum\u00eanica et sera r\u00e9serv\u00e9 uniquement aux membres de la famille.<\/p>\n<p>Des personnalit\u00e9s politiques, du monde du football, des fans et des supporters sont attendus pour la veill\u00e9e fun\u00e9raire.<\/p>\n<p>La procession aura lieu dans les rues de la ville jusqu&rsquo;\u00e0 un cimeti\u00e8re \u0153cum\u00e9nique vertical.\u00a0\u00ab\u00a0C&rsquo;est Pel\u00e9 qui avait choisi sa derni\u00e8re demeure, au neuvi\u00e8me \u00e9tage, avec une vue panoramique sur son club\u00a0\u00bb.<\/p>\n","protected":false},"excerpt":{"rendered":"<p>Apr\u00e8s le d\u00e9c\u00e8s de Pel\u00e9, une veill\u00e9e fun\u00e8bre sera organis\u00e9e au stade du Santos FC lundi. Le cort\u00e8ge passera notamment devant la maison de la m\u00e8re du Br\u00e9silien, \u00e2&#8230;<\/p>\n","protected":false},"author":3162,"featured_media":252672,"comment_status":"open","ping_status":"closed","sticky":false,"template":"","format":"standard","meta":{"footnotes":""},"categories":[2593],"tags":[4949,8894],"class_list":["post-201362","post","type-post","status-publish","format-standard","has-post-thumbnail","hentry","category-sport","tag-bresil","tag-pele"],"yoast_head":"<!-- This site is optimized with the Yoast SEO Premium plugin v27.5 (Yoast SEO v27.5) - https:\/\/yoast.com\/product\/yoast-seo-premium-wordpress\/ -->\n<title>Mort de Pel\u00e9 : une veill\u00e9e fun\u00e8bre au stade du Santos FC<\/title>\n<meta name=\"description\" content=\"Apr\u00e8s le d\u00e9c\u00e8s de Pel\u00e9, une veill\u00e9e fun\u00e8bre sera organis\u00e9e au stade du Santos FC lundi. Le cort\u00e8ge passera notamment devant la maison de la m\u00e8re du Br\u00e9silien, \u00e2...\" \/>\n<link rel=\"canonical\" href=\"https:\/\/www.webdo.tn\/fr\/actualite\/sport\/mort-de-pele-une-veillee-funebre-sera-organisee-au-stade-du-santos-fc-2\/201362\/\" \/>\n<meta property=\"og:locale\" content=\"fr_FR\" \/>\n<meta property=\"og:type\" content=\"article\" \/>\n<meta property=\"og:title\" content=\"Mort de Pel\u00e9 : une veill\u00e9e fun\u00e8bre au stade du Santos FC\" \/>\n<meta property=\"og:description\" content=\"Apr\u00e8s le d\u00e9c\u00e8s de Pel\u00e9, une veill\u00e9e fun\u00e8bre sera organis\u00e9e au stade du Santos FC lundi. Le cort\u00e8ge passera notamment devant la maison de la m\u00e8re du Br\u00e9silien, \u00e2...\" \/>\n<meta property=\"og:url\" content=\"https:\/\/www.webdo.tn\/fr\/actualite\/sport\/mort-de-pele-une-veillee-funebre-sera-organisee-au-stade-du-santos-fc-2\/201362\/\" \/>\n<meta property=\"og:site_name\" content=\"webdo\" \/>\n<meta property=\"article:publisher\" content=\"https:\/\/www.facebook.com\/webdotn\" \/>\n<meta property=\"article:published_time\" content=\"2022-12-31T09:08:00+00:00\" \/>\n<meta property=\"article:modified_time\" content=\"2025-05-20T22:03:39+00:00\" \/>\n<meta property=\"og:image\" content=\"https:\/\/www.webdo.tn\/fr\/wp-content\/uploads\/2022\/12\/d87ba16b5bebb067e9f672b395c7402b.jpg\" \/>\n\t<meta property=\"og:image:width\" content=\"738\" \/>\n\t<meta property=\"og:image:height\" content=\"394\" \/>\n\t<meta property=\"og:image:type\" content=\"image\/jpeg\" \/>\n<meta name=\"author\" content=\"MC\" \/>\n<meta name=\"twitter:card\" content=\"summary_large_image\" \/>\n<meta name=\"twitter:creator\" content=\"@webdo_tn\" \/>\n<meta name=\"twitter:site\" content=\"@webdo_tn\" \/>\n<meta name=\"twitter:label1\" content=\"\u00c9crit par\" \/>\n\t<meta name=\"twitter:data1\" content=\"MC\" \/>\n\t<meta name=\"twitter:label2\" content=\"Dur\u00e9e de lecture estim\u00e9e\" \/>\n\t<meta name=\"twitter:data2\" content=\"1 minute\" \/>\n<script type=\"application\/ld+json\" class=\"yoast-schema-graph\">{\"@context\":\"https:\\\/\\\/schema.org\",\"@graph\":[{\"@type\":\"NewsArticle\",\"@id\":\"https:\\\/\\\/www.webdo.tn\\\/fr\\\/actualite\\\/sport\\\/mort-de-pele-une-veillee-funebre-sera-organisee-au-stade-du-santos-fc-2\\\/201362\\\/#article\",\"isPartOf\":{\"@id\":\"https:\\\/\\\/www.webdo.tn\\\/fr\\\/actualite\\\/sport\\\/mort-de-pele-une-veillee-funebre-sera-organisee-au-stade-du-santos-fc-2\\\/201362\\\/\"},\"author\":{\"name\":\"MC\",\"@id\":\"https:\\\/\\\/www.webdo.tn\\\/fr\\\/#\\\/schema\\\/person\\\/2c4929cbf5a809e3bd38617c6ce150f6\"},\"headline\":\"Mort de Pel\u00e9 : une veill\u00e9e fun\u00e8bre au stade du Santos FC\",\"datePublished\":\"2022-12-31T09:08:00+00:00\",\"dateModified\":\"2025-05-20T22:03:39+00:00\",\"mainEntityOfPage\":{\"@id\":\"https:\\\/\\\/www.webdo.tn\\\/fr\\\/actualite\\\/sport\\\/mort-de-pele-une-veillee-funebre-sera-organisee-au-stade-du-santos-fc-2\\\/201362\\\/\"},\"wordCount\":247,\"commentCount\":0,\"publisher\":{\"@id\":\"https:\\\/\\\/www.webdo.tn\\\/fr\\\/#organization\"},\"image\":{\"@id\":\"https:\\\/\\\/www.webdo.tn\\\/fr\\\/actualite\\\/sport\\\/mort-de-pele-une-veillee-funebre-sera-organisee-au-stade-du-santos-fc-2\\\/201362\\\/#primaryimage\"},\"thumbnailUrl\":\"https:\\\/\\\/www.webdo.tn\\\/fr\\\/wp-content\\\/uploads\\\/2022\\\/12\\\/d87ba16b5bebb067e9f672b395c7402b.jpg\",\"keywords\":[\"Br\u00e9sil\",\"Pel\u00e9\"],\"articleSection\":[\"Sport\"],\"inLanguage\":\"fr-FR\"},{\"@type\":\"WebPage\",\"@id\":\"https:\\\/\\\/www.webdo.tn\\\/fr\\\/actualite\\\/sport\\\/mort-de-pele-une-veillee-funebre-sera-organisee-au-stade-du-santos-fc-2\\\/201362\\\/\",\"url\":\"https:\\\/\\\/www.webdo.tn\\\/fr\\\/actualite\\\/sport\\\/mort-de-pele-une-veillee-funebre-sera-organisee-au-stade-du-santos-fc-2\\\/201362\\\/\",\"name\":\"Mort de Pel\u00e9 : une veill\u00e9e fun\u00e8bre au stade du Santos FC\",\"isPartOf\":{\"@id\":\"https:\\\/\\\/www.webdo.tn\\\/fr\\\/#website\"},\"primaryImageOfPage\":{\"@id\":\"https:\\\/\\\/www.webdo.tn\\\/fr\\\/actualite\\\/sport\\\/mort-de-pele-une-veillee-funebre-sera-organisee-au-stade-du-santos-fc-2\\\/201362\\\/#primaryimage\"},\"image\":{\"@id\":\"https:\\\/\\\/www.webdo.tn\\\/fr\\\/actualite\\\/sport\\\/mort-de-pele-une-veillee-funebre-sera-organisee-au-stade-du-santos-fc-2\\\/201362\\\/#primaryimage\"},\"thumbnailUrl\":\"https:\\\/\\\/www.webdo.tn\\\/fr\\\/wp-content\\\/uploads\\\/2022\\\/12\\\/d87ba16b5bebb067e9f672b395c7402b.jpg\",\"datePublished\":\"2022-12-31T09:08:00+00:00\",\"dateModified\":\"2025-05-20T22:03:39+00:00\",\"description\":\"Apr\u00e8s le d\u00e9c\u00e8s de Pel\u00e9, une veill\u00e9e fun\u00e8bre sera organis\u00e9e au stade du Santos FC lundi. Le cort\u00e8ge passera notamment devant la maison de la m\u00e8re du Br\u00e9silien, \u00e2...\",\"breadcrumb\":{\"@id\":\"https:\\\/\\\/www.webdo.tn\\\/fr\\\/actualite\\\/sport\\\/mort-de-pele-une-veillee-funebre-sera-organisee-au-stade-du-santos-fc-2\\\/201362\\\/#breadcrumb\"},\"inLanguage\":\"fr-FR\",\"potentialAction\":[{\"@type\":\"ReadAction\",\"target\":[\"https:\\\/\\\/www.webdo.tn\\\/fr\\\/actualite\\\/sport\\\/mort-de-pele-une-veillee-funebre-sera-organisee-au-stade-du-santos-fc-2\\\/201362\\\/\"]}]},{\"@type\":\"ImageObject\",\"inLanguage\":\"fr-FR\",\"@id\":\"https:\\\/\\\/www.webdo.tn\\\/fr\\\/actualite\\\/sport\\\/mort-de-pele-une-veillee-funebre-sera-organisee-au-stade-du-santos-fc-2\\\/201362\\\/#primaryimage\",\"url\":\"https:\\\/\\\/www.webdo.tn\\\/fr\\\/wp-content\\\/uploads\\\/2022\\\/12\\\/d87ba16b5bebb067e9f672b395c7402b.jpg\",\"contentUrl\":\"https:\\\/\\\/www.webdo.tn\\\/fr\\\/wp-content\\\/uploads\\\/2022\\\/12\\\/d87ba16b5bebb067e9f672b395c7402b.jpg\",\"width\":738,\"height\":394,\"caption\":\"Mort de Pel\u00e9 : une veill\u00e9e fun\u00e8bre au stade du Santos FC\"},{\"@type\":\"BreadcrumbList\",\"@id\":\"https:\\\/\\\/www.webdo.tn\\\/fr\\\/actualite\\\/sport\\\/mort-de-pele-une-veillee-funebre-sera-organisee-au-stade-du-santos-fc-2\\\/201362\\\/#breadcrumb\",\"itemListElement\":[{\"@type\":\"ListItem\",\"position\":1,\"name\":\"Accueil\",\"item\":\"https:\\\/\\\/www.webdo.tn\\\/fr\\\/\"},{\"@type\":\"ListItem\",\"position\":2,\"name\":\"Mort de Pel\u00e9 : une veill\u00e9e fun\u00e8bre au stade du Santos FC\"}]},{\"@type\":\"WebSite\",\"@id\":\"https:\\\/\\\/www.webdo.tn\\\/fr\\\/#website\",\"url\":\"https:\\\/\\\/www.webdo.tn\\\/fr\\\/\",\"name\":\"webdo\",\"description\":\"Tunisie - News en Tunisie et \u00e0 l&#039;international sur Webdo.tn\",\"publisher\":{\"@id\":\"https:\\\/\\\/www.webdo.tn\\\/fr\\\/#organization\"},\"potentialAction\":[{\"@type\":\"SearchAction\",\"target\":{\"@type\":\"EntryPoint\",\"urlTemplate\":\"https:\\\/\\\/www.webdo.tn\\\/fr\\\/?s={search_term_string}\"},\"query-input\":{\"@type\":\"PropertyValueSpecification\",\"valueRequired\":true,\"valueName\":\"search_term_string\"}}],\"inLanguage\":\"fr-FR\"},{\"@type\":\"Organization\",\"@id\":\"https:\\\/\\\/www.webdo.tn\\\/fr\\\/#organization\",\"name\":\"Webdo\",\"alternateName\":\"Webdo.tn\",\"url\":\"https:\\\/\\\/www.webdo.tn\\\/fr\\\/\",\"logo\":{\"@type\":\"ImageObject\",\"inLanguage\":\"fr-FR\",\"@id\":\"https:\\\/\\\/www.webdo.tn\\\/fr\\\/#\\\/schema\\\/logo\\\/image\\\/\",\"url\":\"https:\\\/\\\/www.webdo.tn\\\/fr\\\/wp-content\\\/uploads\\\/2025\\\/06\\\/Webdo-Tunisie_168377.jpg\",\"contentUrl\":\"https:\\\/\\\/www.webdo.tn\\\/fr\\\/wp-content\\\/uploads\\\/2025\\\/06\\\/Webdo-Tunisie_168377.jpg\",\"width\":301,\"height\":301,\"caption\":\"Webdo\"},\"image\":{\"@id\":\"https:\\\/\\\/www.webdo.tn\\\/fr\\\/#\\\/schema\\\/logo\\\/image\\\/\"},\"sameAs\":[\"https:\\\/\\\/www.facebook.com\\\/webdotn\",\"https:\\\/\\\/x.com\\\/webdo_tn\"],\"description\":\"Webdo est un m\u00e9dia num\u00e9rique tunisien fond\u00e9 en 2010, sp\u00e9cialis\u00e9 dans l\u2019actualit\u00e9 nationale et internationale, l\u2019\u00e9conomie, la soci\u00e9t\u00e9 et les analyses politiques. Le site s\u2019adresse \u00e0 un large public francophone et couvre l\u2019information tunisienne en temps r\u00e9el.\",\"email\":\"redac@webdo.tn\",\"legalName\":\"YNJ SARL\",\"foundingDate\":\"2010-09-06\",\"numberOfEmployees\":{\"@type\":\"QuantitativeValue\",\"minValue\":\"11\",\"maxValue\":\"50\"}},{\"@type\":\"Person\",\"@id\":\"https:\\\/\\\/www.webdo.tn\\\/fr\\\/#\\\/schema\\\/person\\\/2c4929cbf5a809e3bd38617c6ce150f6\",\"name\":\"MC\",\"image\":{\"@type\":\"ImageObject\",\"inLanguage\":\"fr-FR\",\"@id\":\"https:\\\/\\\/secure.gravatar.com\\\/avatar\\\/a545bbb6f84efdd5553dbbc2895e3ca8f1d12c5215e00a041c9670b54aa9b18a?s=96&d=mm&r=g\",\"url\":\"https:\\\/\\\/secure.gravatar.com\\\/avatar\\\/a545bbb6f84efdd5553dbbc2895e3ca8f1d12c5215e00a041c9670b54aa9b18a?s=96&d=mm&r=g\",\"contentUrl\":\"https:\\\/\\\/secure.gravatar.com\\\/avatar\\\/a545bbb6f84efdd5553dbbc2895e3ca8f1d12c5215e00a041c9670b54aa9b18a?s=96&d=mm&r=g\",\"caption\":\"MC\"},\"url\":\"https:\\\/\\\/www.webdo.tn\\\/fr\\\/actualite\\\/author\\\/mc\\\/\"}]}<\/script>\n<!-- \/ Yoast SEO Premium plugin. -->","yoast_head_json":{"title":"Mort de Pel\u00e9 : une veill\u00e9e fun\u00e8bre au stade du Santos FC","description":"Apr\u00e8s le d\u00e9c\u00e8s de Pel\u00e9, une veill\u00e9e fun\u00e8bre sera organis\u00e9e au stade du Santos FC lundi. Le cort\u00e8ge passera notamment devant la maison de la m\u00e8re du Br\u00e9silien, \u00e2...","canonical":"https:\/\/www.webdo.tn\/fr\/actualite\/sport\/mort-de-pele-une-veillee-funebre-sera-organisee-au-stade-du-santos-fc-2\/201362\/","og_locale":"fr_FR","og_type":"article","og_title":"Mort de Pel\u00e9 : une veill\u00e9e fun\u00e8bre au stade du Santos FC","og_description":"Apr\u00e8s le d\u00e9c\u00e8s de Pel\u00e9, une veill\u00e9e fun\u00e8bre sera organis\u00e9e au stade du Santos FC lundi. Le cort\u00e8ge passera notamment devant la maison de la m\u00e8re du Br\u00e9silien, \u00e2...","og_url":"https:\/\/www.webdo.tn\/fr\/actualite\/sport\/mort-de-pele-une-veillee-funebre-sera-organisee-au-stade-du-santos-fc-2\/201362\/","og_site_name":"webdo","article_publisher":"https:\/\/www.facebook.com\/webdotn","article_published_time":"2022-12-31T09:08:00+00:00","article_modified_time":"2025-05-20T22:03:39+00:00","og_image":[{"width":738,"height":394,"url":"https:\/\/www.webdo.tn\/fr\/wp-content\/uploads\/2022\/12\/d87ba16b5bebb067e9f672b395c7402b.jpg","type":"image\/jpeg"}],"author":"MC","twitter_card":"summary_large_image","twitter_creator":"@webdo_tn","twitter_site":"@webdo_tn","twitter_misc":{"\u00c9crit par":"MC","Dur\u00e9e de lecture estim\u00e9e":"1 minute"},"schema":{"@context":"https:\/\/schema.org","@graph":[{"@type":"NewsArticle","@id":"https:\/\/www.webdo.tn\/fr\/actualite\/sport\/mort-de-pele-une-veillee-funebre-sera-organisee-au-stade-du-santos-fc-2\/201362\/#article","isPartOf":{"@id":"https:\/\/www.webdo.tn\/fr\/actualite\/sport\/mort-de-pele-une-veillee-funebre-sera-organisee-au-stade-du-santos-fc-2\/201362\/"},"author":{"name":"MC","@id":"https:\/\/www.webdo.tn\/fr\/#\/schema\/person\/2c4929cbf5a809e3bd38617c6ce150f6"},"headline":"Mort de Pel\u00e9 : une veill\u00e9e fun\u00e8bre au stade du Santos FC","datePublished":"2022-12-31T09:08:00+00:00","dateModified":"2025-05-20T22:03:39+00:00","mainEntityOfPage":{"@id":"https:\/\/www.webdo.tn\/fr\/actualite\/sport\/mort-de-pele-une-veillee-funebre-sera-organisee-au-stade-du-santos-fc-2\/201362\/"},"wordCount":247,"commentCount":0,"publisher":{"@id":"https:\/\/www.webdo.tn\/fr\/#organization"},"image":{"@id":"https:\/\/www.webdo.tn\/fr\/actualite\/sport\/mort-de-pele-une-veillee-funebre-sera-organisee-au-stade-du-santos-fc-2\/201362\/#primaryimage"},"thumbnailUrl":"https:\/\/www.webdo.tn\/fr\/wp-content\/uploads\/2022\/12\/d87ba16b5bebb067e9f672b395c7402b.jpg","keywords":["Br\u00e9sil","Pel\u00e9"],"articleSection":["Sport"],"inLanguage":"fr-FR"},{"@type":"WebPage","@id":"https:\/\/www.webdo.tn\/fr\/actualite\/sport\/mort-de-pele-une-veillee-funebre-sera-organisee-au-stade-du-santos-fc-2\/201362\/","url":"https:\/\/www.webdo.tn\/fr\/actualite\/sport\/mort-de-pele-une-veillee-funebre-sera-organisee-au-stade-du-santos-fc-2\/201362\/","name":"Mort de Pel\u00e9 : une veill\u00e9e fun\u00e8bre au stade du Santos FC","isPartOf":{"@id":"https:\/\/www.webdo.tn\/fr\/#website"},"primaryImageOfPage":{"@id":"https:\/\/www.webdo.tn\/fr\/actualite\/sport\/mort-de-pele-une-veillee-funebre-sera-organisee-au-stade-du-santos-fc-2\/201362\/#primaryimage"},"image":{"@id":"https:\/\/www.webdo.tn\/fr\/actualite\/sport\/mort-de-pele-une-veillee-funebre-sera-organisee-au-stade-du-santos-fc-2\/201362\/#primaryimage"},"thumbnailUrl":"https:\/\/www.webdo.tn\/fr\/wp-content\/uploads\/2022\/12\/d87ba16b5bebb067e9f672b395c7402b.jpg","datePublished":"2022-12-31T09:08:00+00:00","dateModified":"2025-05-20T22:03:39+00:00","description":"Apr\u00e8s le d\u00e9c\u00e8s de Pel\u00e9, une veill\u00e9e fun\u00e8bre sera organis\u00e9e au stade du Santos FC lundi. Le cort\u00e8ge passera notamment devant la maison de la m\u00e8re du Br\u00e9silien, \u00e2...","breadcrumb":{"@id":"https:\/\/www.webdo.tn\/fr\/actualite\/sport\/mort-de-pele-une-veillee-funebre-sera-organisee-au-stade-du-santos-fc-2\/201362\/#breadcrumb"},"inLanguage":"fr-FR","potentialAction":[{"@type":"ReadAction","target":["https:\/\/www.webdo.tn\/fr\/actualite\/sport\/mort-de-pele-une-veillee-funebre-sera-organisee-au-stade-du-santos-fc-2\/201362\/"]}]},{"@type":"ImageObject","inLanguage":"fr-FR","@id":"https:\/\/www.webdo.tn\/fr\/actualite\/sport\/mort-de-pele-une-veillee-funebre-sera-organisee-au-stade-du-santos-fc-2\/201362\/#primaryimage","url":"https:\/\/www.webdo.tn\/fr\/wp-content\/uploads\/2022\/12\/d87ba16b5bebb067e9f672b395c7402b.jpg","contentUrl":"https:\/\/www.webdo.tn\/fr\/wp-content\/uploads\/2022\/12\/d87ba16b5bebb067e9f672b395c7402b.jpg","width":738,"height":394,"caption":"Mort de Pel\u00e9 : une veill\u00e9e fun\u00e8bre au stade du Santos FC"},{"@type":"BreadcrumbList","@id":"https:\/\/www.webdo.tn\/fr\/actualite\/sport\/mort-de-pele-une-veillee-funebre-sera-organisee-au-stade-du-santos-fc-2\/201362\/#breadcrumb","itemListElement":[{"@type":"ListItem","position":1,"name":"Accueil","item":"https:\/\/www.webdo.tn\/fr\/"},{"@type":"ListItem","position":2,"name":"Mort de Pel\u00e9 : une veill\u00e9e fun\u00e8bre au stade du Santos FC"}]},{"@type":"WebSite","@id":"https:\/\/www.webdo.tn\/fr\/#website","url":"https:\/\/www.webdo.tn\/fr\/","name":"webdo","description":"Tunisie - News en Tunisie et \u00e0 l&#039;international sur Webdo.tn","publisher":{"@id":"https:\/\/www.webdo.tn\/fr\/#organization"},"potentialAction":[{"@type":"SearchAction","target":{"@type":"EntryPoint","urlTemplate":"https:\/\/www.webdo.tn\/fr\/?s={search_term_string}"},"query-input":{"@type":"PropertyValueSpecification","valueRequired":true,"valueName":"search_term_string"}}],"inLanguage":"fr-FR"},{"@type":"Organization","@id":"https:\/\/www.webdo.tn\/fr\/#organization","name":"Webdo","alternateName":"Webdo.tn","url":"https:\/\/www.webdo.tn\/fr\/","logo":{"@type":"ImageObject","inLanguage":"fr-FR","@id":"https:\/\/www.webdo.tn\/fr\/#\/schema\/logo\/image\/","url":"https:\/\/www.webdo.tn\/fr\/wp-content\/uploads\/2025\/06\/Webdo-Tunisie_168377.jpg","contentUrl":"https:\/\/www.webdo.tn\/fr\/wp-content\/uploads\/2025\/06\/Webdo-Tunisie_168377.jpg","width":301,"height":301,"caption":"Webdo"},"image":{"@id":"https:\/\/www.webdo.tn\/fr\/#\/schema\/logo\/image\/"},"sameAs":["https:\/\/www.facebook.com\/webdotn","https:\/\/x.com\/webdo_tn"],"description":"Webdo est un m\u00e9dia num\u00e9rique tunisien fond\u00e9 en 2010, sp\u00e9cialis\u00e9 dans l\u2019actualit\u00e9 nationale et internationale, l\u2019\u00e9conomie, la soci\u00e9t\u00e9 et les analyses politiques. Le site s\u2019adresse \u00e0 un large public francophone et couvre l\u2019information tunisienne en temps r\u00e9el.","email":"redac@webdo.tn","legalName":"YNJ SARL","foundingDate":"2010-09-06","numberOfEmployees":{"@type":"QuantitativeValue","minValue":"11","maxValue":"50"}},{"@type":"Person","@id":"https:\/\/www.webdo.tn\/fr\/#\/schema\/person\/2c4929cbf5a809e3bd38617c6ce150f6","name":"MC","image":{"@type":"ImageObject","inLanguage":"fr-FR","@id":"https:\/\/secure.gravatar.com\/avatar\/a545bbb6f84efdd5553dbbc2895e3ca8f1d12c5215e00a041c9670b54aa9b18a?s=96&d=mm&r=g","url":"https:\/\/secure.gravatar.com\/avatar\/a545bbb6f84efdd5553dbbc2895e3ca8f1d12c5215e00a041c9670b54aa9b18a?s=96&d=mm&r=g","contentUrl":"https:\/\/secure.gravatar.com\/avatar\/a545bbb6f84efdd5553dbbc2895e3ca8f1d12c5215e00a041c9670b54aa9b18a?s=96&d=mm&r=g","caption":"MC"},"url":"https:\/\/www.webdo.tn\/fr\/actualite\/author\/mc\/"}]}},"_links":{"self":[{"href":"https:\/\/www.webdo.tn\/fr\/wp-json\/wp\/v2\/posts\/201362","targetHints":{"allow":["GET"]}}],"collection":[{"href":"https:\/\/www.webdo.tn\/fr\/wp-json\/wp\/v2\/posts"}],"about":[{"href":"https:\/\/www.webdo.tn\/fr\/wp-json\/wp\/v2\/types\/post"}],"author":[{"embeddable":true,"href":"https:\/\/www.webdo.tn\/fr\/wp-json\/wp\/v2\/users\/3162"}],"replies":[{"embeddable":true,"href":"https:\/\/www.webdo.tn\/fr\/wp-json\/wp\/v2\/comments?post=201362"}],"version-history":[{"count":0,"href":"https:\/\/www.webdo.tn\/fr\/wp-json\/wp\/v2\/posts\/201362\/revisions"}],"wp:featuredmedia":[{"embeddable":true,"href":"https:\/\/www.webdo.tn\/fr\/wp-json\/wp\/v2\/media\/252672"}],"wp:attachment":[{"href":"https:\/\/www.webdo.tn\/fr\/wp-json\/wp\/v2\/media?parent=201362"}],"wp:term":[{"taxonomy":"category","embeddable":true,"href":"https:\/\/www.webdo.tn\/fr\/wp-json\/wp\/v2\/categories?post=201362"},{"taxonomy":"post_tag","embeddable":true,"href":"https:\/\/www.webdo.tn\/fr\/wp-json\/wp\/v2\/tags?post=201362"}],"curies":[{"name":"wp","href":"https:\/\/api.w.org\/{rel}","templated":true}]}}