{"id":201349,"date":"2022-12-30T18:37:00","date_gmt":"2022-12-30T18:37:00","guid":{"rendered":"https:\/\/www.webdo.tn\/fr\/actualite\/blog\/tunisie-l-etat-d-urgence-prolonge-d-un-mois-2\/201349\/"},"modified":"2025-05-22T11:39:34","modified_gmt":"2025-05-22T11:39:34","slug":"tunisie-l-etat-d-urgence-prolonge-d-un-mois-2","status":"publish","type":"post","link":"https:\/\/www.webdo.tn\/fr\/actualite\/national\/tunisie-l-etat-d-urgence-prolonge-d-un-mois-2\/201349\/","title":{"rendered":"Tunisie : L\u2019\u00e9tat d\u2019urgence prolong\u00e9 d\u2019un mois"},"content":{"rendered":"<p>En vertu du d\u00e9cret n\u2019o 2022-959 du 30 d\u00e9cembre 2022, paru ce vendredi 30 d\u00e9cembre, dans le JORT, l\u2019\u00e9tat d\u2019urgence a \u00e9t\u00e9 d\u00e9cr\u00e9t\u00e9 sur tout le territoire de la R\u00e9publique tunisienne pour une dur\u00e9e d\u2019un mois, et ce, \u00e0 compter du 1er janvier 2023 jusqu\u2019au 30 janvier 2023.<\/p>\n<p> Sign\u00e9 par le pr\u00e9sident de la r\u00e9publique, Ka\u00efs Sa\u00efed, le d\u00e9cret stipule que les ministres soient charg\u00e9s, de l\u2019ex\u00e9cution de ses dispositions.\u00a0<\/p>\n<p>En f\u00e9vrier dernier, le pr\u00e9sident de la R\u00e9publique, Kais Saied, avait d\u00e9cid\u00e9 de prolonger l&rsquo;\u00e9tat d&rsquo;urgence jusqu&rsquo;au 31 d\u00e9cembre 2022, selon ce qui a \u00e9t\u00e9 publi\u00e9 au Journal officiel de la R\u00e9publique tunisienne en date du 15 f\u00e9vrier.<\/p>\n","protected":false},"excerpt":{"rendered":"<p>En vertu du d\u00e9cret n\u2019o 2022-959 du 30 d\u00e9cembre 2022, paru ce vendredi 30 d\u00e9cembre, dans le JORT, l\u2019\u00e9tat d\u2019urgence a \u00e9t\u00e9 d\u00e9cr\u00e9t\u00e9 sur tout le territoire de la R\u00e9p&#8230;<\/p>\n","protected":false},"author":3175,"featured_media":348356,"comment_status":"open","ping_status":"closed","sticky":false,"template":"","format":"standard","meta":{"footnotes":""},"categories":[44],"tags":[4179,2608],"class_list":["post-201349","post","type-post","status-publish","format-standard","has-post-thumbnail","hentry","category-national","tag-etat-durgence","tag-tunisie"],"yoast_head":"<!-- This site is optimized with the Yoast SEO Premium plugin v27.4 (Yoast SEO v27.5) - https:\/\/yoast.com\/product\/yoast-seo-premium-wordpress\/ -->\n<title>Tunisie : L\u2019\u00e9tat d\u2019urgence prolong\u00e9 d\u2019un mois<\/title>\n<meta name=\"description\" content=\"En vertu du d\u00e9cret n\u2019o 2022-959 du 30 d\u00e9cembre 2022, paru ce vendredi 30 d\u00e9cembre, dans le JORT, l\u2019\u00e9tat d\u2019urgence a \u00e9t\u00e9 d\u00e9cr\u00e9t\u00e9 sur tout le territoire de la R\u00e9p...\" \/>\n<link rel=\"canonical\" href=\"https:\/\/www.webdo.tn\/fr\/actualite\/national-45\/tunisie-l-etat-d-urgence-prolonge-d-un-mois-2\/201349\/\" \/>\n<meta property=\"og:locale\" content=\"fr_FR\" \/>\n<meta property=\"og:type\" content=\"article\" \/>\n<meta property=\"og:title\" content=\"Tunisie : L\u2019\u00e9tat d\u2019urgence prolong\u00e9 d\u2019un mois\" \/>\n<meta property=\"og:description\" content=\"En vertu du d\u00e9cret n\u2019o 2022-959 du 30 d\u00e9cembre 2022, paru ce vendredi 30 d\u00e9cembre, dans le JORT, l\u2019\u00e9tat d\u2019urgence a \u00e9t\u00e9 d\u00e9cr\u00e9t\u00e9 sur tout le territoire de la R\u00e9p...\" \/>\n<meta property=\"og:url\" content=\"https:\/\/www.webdo.tn\/fr\/actualite\/national-45\/tunisie-l-etat-d-urgence-prolonge-d-un-mois-2\/201349\/\" \/>\n<meta property=\"og:site_name\" content=\"webdo\" \/>\n<meta property=\"article:publisher\" content=\"https:\/\/www.facebook.com\/webdotn\" \/>\n<meta property=\"article:published_time\" content=\"2022-12-30T18:37:00+00:00\" \/>\n<meta property=\"article:modified_time\" content=\"2025-05-22T11:39:34+00:00\" \/>\n<meta property=\"og:image\" content=\"https:\/\/www.webdo.tn\/fr\/wp-content\/uploads\/2022\/12\/7d840e2f6491dceaf876e4406c671a73.png\" \/>\n\t<meta property=\"og:image:width\" content=\"750\" \/>\n\t<meta property=\"og:image:height\" content=\"400\" \/>\n\t<meta property=\"og:image:type\" content=\"image\/png\" \/>\n<meta name=\"author\" content=\"CL\" \/>\n<meta name=\"twitter:card\" content=\"summary_large_image\" \/>\n<meta name=\"twitter:creator\" content=\"@webdo_tn\" \/>\n<meta name=\"twitter:site\" content=\"@webdo_tn\" \/>\n<meta name=\"twitter:label1\" content=\"\u00c9crit par\" \/>\n\t<meta name=\"twitter:data1\" content=\"CL\" \/>\n\t<meta name=\"twitter:label2\" content=\"Dur\u00e9e de lecture estim\u00e9e\" \/>\n\t<meta name=\"twitter:data2\" content=\"1 minute\" \/>\n<script type=\"application\/ld+json\" class=\"yoast-schema-graph\">{\"@context\":\"https:\\\/\\\/schema.org\",\"@graph\":[{\"@type\":\"NewsArticle\",\"@id\":\"https:\\\/\\\/www.webdo.tn\\\/fr\\\/actualite\\\/national-45\\\/tunisie-l-etat-d-urgence-prolonge-d-un-mois-2\\\/201349\\\/#article\",\"isPartOf\":{\"@id\":\"https:\\\/\\\/www.webdo.tn\\\/fr\\\/actualite\\\/national-45\\\/tunisie-l-etat-d-urgence-prolonge-d-un-mois-2\\\/201349\\\/\"},\"author\":{\"name\":\"CL\",\"@id\":\"https:\\\/\\\/www.webdo.tn\\\/fr\\\/#\\\/schema\\\/person\\\/f35b42a42c5e2511bbd282959d6385cc\"},\"headline\":\"Tunisie : L\u2019\u00e9tat d\u2019urgence prolong\u00e9 d\u2019un mois\",\"datePublished\":\"2022-12-30T18:37:00+00:00\",\"dateModified\":\"2025-05-22T11:39:34+00:00\",\"mainEntityOfPage\":{\"@id\":\"https:\\\/\\\/www.webdo.tn\\\/fr\\\/actualite\\\/national-45\\\/tunisie-l-etat-d-urgence-prolonge-d-un-mois-2\\\/201349\\\/\"},\"wordCount\":137,\"commentCount\":0,\"publisher\":{\"@id\":\"https:\\\/\\\/www.webdo.tn\\\/fr\\\/#organization\"},\"image\":{\"@id\":\"https:\\\/\\\/www.webdo.tn\\\/fr\\\/actualite\\\/national-45\\\/tunisie-l-etat-d-urgence-prolonge-d-un-mois-2\\\/201349\\\/#primaryimage\"},\"thumbnailUrl\":\"https:\\\/\\\/www.webdo.tn\\\/fr\\\/wp-content\\\/uploads\\\/2022\\\/12\\\/7d840e2f6491dceaf876e4406c671a73.png\",\"keywords\":[\"\u00e9tat d'urgence\",\"Tunisie\"],\"articleSection\":[\"National\"],\"inLanguage\":\"fr-FR\"},{\"@type\":\"WebPage\",\"@id\":\"https:\\\/\\\/www.webdo.tn\\\/fr\\\/actualite\\\/national-45\\\/tunisie-l-etat-d-urgence-prolonge-d-un-mois-2\\\/201349\\\/\",\"url\":\"https:\\\/\\\/www.webdo.tn\\\/fr\\\/actualite\\\/national-45\\\/tunisie-l-etat-d-urgence-prolonge-d-un-mois-2\\\/201349\\\/\",\"name\":\"Tunisie : L\u2019\u00e9tat d\u2019urgence prolong\u00e9 d\u2019un mois\",\"isPartOf\":{\"@id\":\"https:\\\/\\\/www.webdo.tn\\\/fr\\\/#website\"},\"primaryImageOfPage\":{\"@id\":\"https:\\\/\\\/www.webdo.tn\\\/fr\\\/actualite\\\/national-45\\\/tunisie-l-etat-d-urgence-prolonge-d-un-mois-2\\\/201349\\\/#primaryimage\"},\"image\":{\"@id\":\"https:\\\/\\\/www.webdo.tn\\\/fr\\\/actualite\\\/national-45\\\/tunisie-l-etat-d-urgence-prolonge-d-un-mois-2\\\/201349\\\/#primaryimage\"},\"thumbnailUrl\":\"https:\\\/\\\/www.webdo.tn\\\/fr\\\/wp-content\\\/uploads\\\/2022\\\/12\\\/7d840e2f6491dceaf876e4406c671a73.png\",\"datePublished\":\"2022-12-30T18:37:00+00:00\",\"dateModified\":\"2025-05-22T11:39:34+00:00\",\"description\":\"En vertu du d\u00e9cret n\u2019o 2022-959 du 30 d\u00e9cembre 2022, paru ce vendredi 30 d\u00e9cembre, dans le JORT, l\u2019\u00e9tat d\u2019urgence a \u00e9t\u00e9 d\u00e9cr\u00e9t\u00e9 sur tout le territoire de la R\u00e9p...\",\"breadcrumb\":{\"@id\":\"https:\\\/\\\/www.webdo.tn\\\/fr\\\/actualite\\\/national-45\\\/tunisie-l-etat-d-urgence-prolonge-d-un-mois-2\\\/201349\\\/#breadcrumb\"},\"inLanguage\":\"fr-FR\",\"potentialAction\":[{\"@type\":\"ReadAction\",\"target\":[\"https:\\\/\\\/www.webdo.tn\\\/fr\\\/actualite\\\/national-45\\\/tunisie-l-etat-d-urgence-prolonge-d-un-mois-2\\\/201349\\\/\"]}]},{\"@type\":\"ImageObject\",\"inLanguage\":\"fr-FR\",\"@id\":\"https:\\\/\\\/www.webdo.tn\\\/fr\\\/actualite\\\/national-45\\\/tunisie-l-etat-d-urgence-prolonge-d-un-mois-2\\\/201349\\\/#primaryimage\",\"url\":\"https:\\\/\\\/www.webdo.tn\\\/fr\\\/wp-content\\\/uploads\\\/2022\\\/12\\\/7d840e2f6491dceaf876e4406c671a73.png\",\"contentUrl\":\"https:\\\/\\\/www.webdo.tn\\\/fr\\\/wp-content\\\/uploads\\\/2022\\\/12\\\/7d840e2f6491dceaf876e4406c671a73.png\",\"width\":750,\"height\":400,\"caption\":\"\u00e9tat d'urgence arm\u00e9e\"},{\"@type\":\"BreadcrumbList\",\"@id\":\"https:\\\/\\\/www.webdo.tn\\\/fr\\\/actualite\\\/national-45\\\/tunisie-l-etat-d-urgence-prolonge-d-un-mois-2\\\/201349\\\/#breadcrumb\",\"itemListElement\":[{\"@type\":\"ListItem\",\"position\":1,\"name\":\"Accueil\",\"item\":\"https:\\\/\\\/www.webdo.tn\\\/fr\\\/\"},{\"@type\":\"ListItem\",\"position\":2,\"name\":\"Tunisie : L\u2019\u00e9tat d\u2019urgence prolong\u00e9 d\u2019un mois\"}]},{\"@type\":\"WebSite\",\"@id\":\"https:\\\/\\\/www.webdo.tn\\\/fr\\\/#website\",\"url\":\"https:\\\/\\\/www.webdo.tn\\\/fr\\\/\",\"name\":\"webdo\",\"description\":\"Tunisie - News en Tunisie et \u00e0 l&#039;international sur Webdo.tn\",\"publisher\":{\"@id\":\"https:\\\/\\\/www.webdo.tn\\\/fr\\\/#organization\"},\"potentialAction\":[{\"@type\":\"SearchAction\",\"target\":{\"@type\":\"EntryPoint\",\"urlTemplate\":\"https:\\\/\\\/www.webdo.tn\\\/fr\\\/?s={search_term_string}\"},\"query-input\":{\"@type\":\"PropertyValueSpecification\",\"valueRequired\":true,\"valueName\":\"search_term_string\"}}],\"inLanguage\":\"fr-FR\"},{\"@type\":\"Organization\",\"@id\":\"https:\\\/\\\/www.webdo.tn\\\/fr\\\/#organization\",\"name\":\"Webdo\",\"alternateName\":\"Webdo.tn\",\"url\":\"https:\\\/\\\/www.webdo.tn\\\/fr\\\/\",\"logo\":{\"@type\":\"ImageObject\",\"inLanguage\":\"fr-FR\",\"@id\":\"https:\\\/\\\/www.webdo.tn\\\/fr\\\/#\\\/schema\\\/logo\\\/image\\\/\",\"url\":\"https:\\\/\\\/www.webdo.tn\\\/fr\\\/wp-content\\\/uploads\\\/2025\\\/06\\\/Webdo-Tunisie_168377.jpg\",\"contentUrl\":\"https:\\\/\\\/www.webdo.tn\\\/fr\\\/wp-content\\\/uploads\\\/2025\\\/06\\\/Webdo-Tunisie_168377.jpg\",\"width\":301,\"height\":301,\"caption\":\"Webdo\"},\"image\":{\"@id\":\"https:\\\/\\\/www.webdo.tn\\\/fr\\\/#\\\/schema\\\/logo\\\/image\\\/\"},\"sameAs\":[\"https:\\\/\\\/www.facebook.com\\\/webdotn\",\"https:\\\/\\\/x.com\\\/webdo_tn\"],\"description\":\"Webdo est un m\u00e9dia num\u00e9rique tunisien fond\u00e9 en 2010, sp\u00e9cialis\u00e9 dans l\u2019actualit\u00e9 nationale et internationale, l\u2019\u00e9conomie, la soci\u00e9t\u00e9 et les analyses politiques. Le site s\u2019adresse \u00e0 un large public francophone et couvre l\u2019information tunisienne en temps r\u00e9el.\",\"email\":\"redac@webdo.tn\",\"legalName\":\"YNJ SARL\",\"foundingDate\":\"2010-09-06\",\"numberOfEmployees\":{\"@type\":\"QuantitativeValue\",\"minValue\":\"11\",\"maxValue\":\"50\"}},{\"@type\":\"Person\",\"@id\":\"https:\\\/\\\/www.webdo.tn\\\/fr\\\/#\\\/schema\\\/person\\\/f35b42a42c5e2511bbd282959d6385cc\",\"name\":\"CL\",\"image\":{\"@type\":\"ImageObject\",\"inLanguage\":\"fr-FR\",\"@id\":\"https:\\\/\\\/secure.gravatar.com\\\/avatar\\\/1447a49909b67aa657c488aec6512e1dd6143a480c1ecfee9b5b5cd74eb3b59e?s=96&d=mm&r=g\",\"url\":\"https:\\\/\\\/secure.gravatar.com\\\/avatar\\\/1447a49909b67aa657c488aec6512e1dd6143a480c1ecfee9b5b5cd74eb3b59e?s=96&d=mm&r=g\",\"contentUrl\":\"https:\\\/\\\/secure.gravatar.com\\\/avatar\\\/1447a49909b67aa657c488aec6512e1dd6143a480c1ecfee9b5b5cd74eb3b59e?s=96&d=mm&r=g\",\"caption\":\"CL\"},\"url\":\"https:\\\/\\\/www.webdo.tn\\\/fr\\\/actualite\\\/author\\\/cl\\\/\"}]}<\/script>\n<!-- \/ Yoast SEO Premium plugin. -->","yoast_head_json":{"title":"Tunisie : L\u2019\u00e9tat d\u2019urgence prolong\u00e9 d\u2019un mois","description":"En vertu du d\u00e9cret n\u2019o 2022-959 du 30 d\u00e9cembre 2022, paru ce vendredi 30 d\u00e9cembre, dans le JORT, l\u2019\u00e9tat d\u2019urgence a \u00e9t\u00e9 d\u00e9cr\u00e9t\u00e9 sur tout le territoire de la R\u00e9p...","canonical":"https:\/\/www.webdo.tn\/fr\/actualite\/national-45\/tunisie-l-etat-d-urgence-prolonge-d-un-mois-2\/201349\/","og_locale":"fr_FR","og_type":"article","og_title":"Tunisie : L\u2019\u00e9tat d\u2019urgence prolong\u00e9 d\u2019un mois","og_description":"En vertu du d\u00e9cret n\u2019o 2022-959 du 30 d\u00e9cembre 2022, paru ce vendredi 30 d\u00e9cembre, dans le JORT, l\u2019\u00e9tat d\u2019urgence a \u00e9t\u00e9 d\u00e9cr\u00e9t\u00e9 sur tout le territoire de la R\u00e9p...","og_url":"https:\/\/www.webdo.tn\/fr\/actualite\/national-45\/tunisie-l-etat-d-urgence-prolonge-d-un-mois-2\/201349\/","og_site_name":"webdo","article_publisher":"https:\/\/www.facebook.com\/webdotn","article_published_time":"2022-12-30T18:37:00+00:00","article_modified_time":"2025-05-22T11:39:34+00:00","og_image":[{"width":750,"height":400,"url":"https:\/\/www.webdo.tn\/fr\/wp-content\/uploads\/2022\/12\/7d840e2f6491dceaf876e4406c671a73.png","type":"image\/png"}],"author":"CL","twitter_card":"summary_large_image","twitter_creator":"@webdo_tn","twitter_site":"@webdo_tn","twitter_misc":{"\u00c9crit par":"CL","Dur\u00e9e de lecture estim\u00e9e":"1 minute"},"schema":{"@context":"https:\/\/schema.org","@graph":[{"@type":"NewsArticle","@id":"https:\/\/www.webdo.tn\/fr\/actualite\/national-45\/tunisie-l-etat-d-urgence-prolonge-d-un-mois-2\/201349\/#article","isPartOf":{"@id":"https:\/\/www.webdo.tn\/fr\/actualite\/national-45\/tunisie-l-etat-d-urgence-prolonge-d-un-mois-2\/201349\/"},"author":{"name":"CL","@id":"https:\/\/www.webdo.tn\/fr\/#\/schema\/person\/f35b42a42c5e2511bbd282959d6385cc"},"headline":"Tunisie : L\u2019\u00e9tat d\u2019urgence prolong\u00e9 d\u2019un mois","datePublished":"2022-12-30T18:37:00+00:00","dateModified":"2025-05-22T11:39:34+00:00","mainEntityOfPage":{"@id":"https:\/\/www.webdo.tn\/fr\/actualite\/national-45\/tunisie-l-etat-d-urgence-prolonge-d-un-mois-2\/201349\/"},"wordCount":137,"commentCount":0,"publisher":{"@id":"https:\/\/www.webdo.tn\/fr\/#organization"},"image":{"@id":"https:\/\/www.webdo.tn\/fr\/actualite\/national-45\/tunisie-l-etat-d-urgence-prolonge-d-un-mois-2\/201349\/#primaryimage"},"thumbnailUrl":"https:\/\/www.webdo.tn\/fr\/wp-content\/uploads\/2022\/12\/7d840e2f6491dceaf876e4406c671a73.png","keywords":["\u00e9tat d'urgence","Tunisie"],"articleSection":["National"],"inLanguage":"fr-FR"},{"@type":"WebPage","@id":"https:\/\/www.webdo.tn\/fr\/actualite\/national-45\/tunisie-l-etat-d-urgence-prolonge-d-un-mois-2\/201349\/","url":"https:\/\/www.webdo.tn\/fr\/actualite\/national-45\/tunisie-l-etat-d-urgence-prolonge-d-un-mois-2\/201349\/","name":"Tunisie : L\u2019\u00e9tat d\u2019urgence prolong\u00e9 d\u2019un mois","isPartOf":{"@id":"https:\/\/www.webdo.tn\/fr\/#website"},"primaryImageOfPage":{"@id":"https:\/\/www.webdo.tn\/fr\/actualite\/national-45\/tunisie-l-etat-d-urgence-prolonge-d-un-mois-2\/201349\/#primaryimage"},"image":{"@id":"https:\/\/www.webdo.tn\/fr\/actualite\/national-45\/tunisie-l-etat-d-urgence-prolonge-d-un-mois-2\/201349\/#primaryimage"},"thumbnailUrl":"https:\/\/www.webdo.tn\/fr\/wp-content\/uploads\/2022\/12\/7d840e2f6491dceaf876e4406c671a73.png","datePublished":"2022-12-30T18:37:00+00:00","dateModified":"2025-05-22T11:39:34+00:00","description":"En vertu du d\u00e9cret n\u2019o 2022-959 du 30 d\u00e9cembre 2022, paru ce vendredi 30 d\u00e9cembre, dans le JORT, l\u2019\u00e9tat d\u2019urgence a \u00e9t\u00e9 d\u00e9cr\u00e9t\u00e9 sur tout le territoire de la R\u00e9p...","breadcrumb":{"@id":"https:\/\/www.webdo.tn\/fr\/actualite\/national-45\/tunisie-l-etat-d-urgence-prolonge-d-un-mois-2\/201349\/#breadcrumb"},"inLanguage":"fr-FR","potentialAction":[{"@type":"ReadAction","target":["https:\/\/www.webdo.tn\/fr\/actualite\/national-45\/tunisie-l-etat-d-urgence-prolonge-d-un-mois-2\/201349\/"]}]},{"@type":"ImageObject","inLanguage":"fr-FR","@id":"https:\/\/www.webdo.tn\/fr\/actualite\/national-45\/tunisie-l-etat-d-urgence-prolonge-d-un-mois-2\/201349\/#primaryimage","url":"https:\/\/www.webdo.tn\/fr\/wp-content\/uploads\/2022\/12\/7d840e2f6491dceaf876e4406c671a73.png","contentUrl":"https:\/\/www.webdo.tn\/fr\/wp-content\/uploads\/2022\/12\/7d840e2f6491dceaf876e4406c671a73.png","width":750,"height":400,"caption":"\u00e9tat d'urgence arm\u00e9e"},{"@type":"BreadcrumbList","@id":"https:\/\/www.webdo.tn\/fr\/actualite\/national-45\/tunisie-l-etat-d-urgence-prolonge-d-un-mois-2\/201349\/#breadcrumb","itemListElement":[{"@type":"ListItem","position":1,"name":"Accueil","item":"https:\/\/www.webdo.tn\/fr\/"},{"@type":"ListItem","position":2,"name":"Tunisie : L\u2019\u00e9tat d\u2019urgence prolong\u00e9 d\u2019un mois"}]},{"@type":"WebSite","@id":"https:\/\/www.webdo.tn\/fr\/#website","url":"https:\/\/www.webdo.tn\/fr\/","name":"webdo","description":"Tunisie - News en Tunisie et \u00e0 l&#039;international sur Webdo.tn","publisher":{"@id":"https:\/\/www.webdo.tn\/fr\/#organization"},"potentialAction":[{"@type":"SearchAction","target":{"@type":"EntryPoint","urlTemplate":"https:\/\/www.webdo.tn\/fr\/?s={search_term_string}"},"query-input":{"@type":"PropertyValueSpecification","valueRequired":true,"valueName":"search_term_string"}}],"inLanguage":"fr-FR"},{"@type":"Organization","@id":"https:\/\/www.webdo.tn\/fr\/#organization","name":"Webdo","alternateName":"Webdo.tn","url":"https:\/\/www.webdo.tn\/fr\/","logo":{"@type":"ImageObject","inLanguage":"fr-FR","@id":"https:\/\/www.webdo.tn\/fr\/#\/schema\/logo\/image\/","url":"https:\/\/www.webdo.tn\/fr\/wp-content\/uploads\/2025\/06\/Webdo-Tunisie_168377.jpg","contentUrl":"https:\/\/www.webdo.tn\/fr\/wp-content\/uploads\/2025\/06\/Webdo-Tunisie_168377.jpg","width":301,"height":301,"caption":"Webdo"},"image":{"@id":"https:\/\/www.webdo.tn\/fr\/#\/schema\/logo\/image\/"},"sameAs":["https:\/\/www.facebook.com\/webdotn","https:\/\/x.com\/webdo_tn"],"description":"Webdo est un m\u00e9dia num\u00e9rique tunisien fond\u00e9 en 2010, sp\u00e9cialis\u00e9 dans l\u2019actualit\u00e9 nationale et internationale, l\u2019\u00e9conomie, la soci\u00e9t\u00e9 et les analyses politiques. Le site s\u2019adresse \u00e0 un large public francophone et couvre l\u2019information tunisienne en temps r\u00e9el.","email":"redac@webdo.tn","legalName":"YNJ SARL","foundingDate":"2010-09-06","numberOfEmployees":{"@type":"QuantitativeValue","minValue":"11","maxValue":"50"}},{"@type":"Person","@id":"https:\/\/www.webdo.tn\/fr\/#\/schema\/person\/f35b42a42c5e2511bbd282959d6385cc","name":"CL","image":{"@type":"ImageObject","inLanguage":"fr-FR","@id":"https:\/\/secure.gravatar.com\/avatar\/1447a49909b67aa657c488aec6512e1dd6143a480c1ecfee9b5b5cd74eb3b59e?s=96&d=mm&r=g","url":"https:\/\/secure.gravatar.com\/avatar\/1447a49909b67aa657c488aec6512e1dd6143a480c1ecfee9b5b5cd74eb3b59e?s=96&d=mm&r=g","contentUrl":"https:\/\/secure.gravatar.com\/avatar\/1447a49909b67aa657c488aec6512e1dd6143a480c1ecfee9b5b5cd74eb3b59e?s=96&d=mm&r=g","caption":"CL"},"url":"https:\/\/www.webdo.tn\/fr\/actualite\/author\/cl\/"}]}},"_links":{"self":[{"href":"https:\/\/www.webdo.tn\/fr\/wp-json\/wp\/v2\/posts\/201349","targetHints":{"allow":["GET"]}}],"collection":[{"href":"https:\/\/www.webdo.tn\/fr\/wp-json\/wp\/v2\/posts"}],"about":[{"href":"https:\/\/www.webdo.tn\/fr\/wp-json\/wp\/v2\/types\/post"}],"author":[{"embeddable":true,"href":"https:\/\/www.webdo.tn\/fr\/wp-json\/wp\/v2\/users\/3175"}],"replies":[{"embeddable":true,"href":"https:\/\/www.webdo.tn\/fr\/wp-json\/wp\/v2\/comments?post=201349"}],"version-history":[{"count":0,"href":"https:\/\/www.webdo.tn\/fr\/wp-json\/wp\/v2\/posts\/201349\/revisions"}],"wp:featuredmedia":[{"embeddable":true,"href":"https:\/\/www.webdo.tn\/fr\/wp-json\/wp\/v2\/media\/348356"}],"wp:attachment":[{"href":"https:\/\/www.webdo.tn\/fr\/wp-json\/wp\/v2\/media?parent=201349"}],"wp:term":[{"taxonomy":"category","embeddable":true,"href":"https:\/\/www.webdo.tn\/fr\/wp-json\/wp\/v2\/categories?post=201349"},{"taxonomy":"post_tag","embeddable":true,"href":"https:\/\/www.webdo.tn\/fr\/wp-json\/wp\/v2\/tags?post=201349"}],"curies":[{"name":"wp","href":"https:\/\/api.w.org\/{rel}","templated":true}]}}