{"id":201346,"date":"2022-12-30T18:02:00","date_gmt":"2022-12-30T18:02:00","guid":{"rendered":"https:\/\/www.webdo.tn\/fr\/actualite\/blog\/tunisie-la-bct-augmente-son-taux-directeur-de-75-points-a-8\/201346\/"},"modified":"2025-05-22T11:39:39","modified_gmt":"2025-05-22T11:39:39","slug":"tunisie-la-bct-augmente-son-taux-directeur-de-75-points-a-8","status":"publish","type":"post","link":"https:\/\/www.webdo.tn\/fr\/actualite\/national\/tunisie-la-bct-augmente-son-taux-directeur-de-75-points-a-8\/201346\/","title":{"rendered":"Tunisie : La BCT augmente son taux directeur de 75 points \u00e0 8%"},"content":{"rendered":"<p>Le Conseil d&rsquo;Administration de la BCT a d\u00e9cid\u00e9, lors de sa r\u00e9union tenue, vendredi, de relever son taux directeur de 75 points de base \u00e0 8%.<\/p>\n<p> Les facilit\u00e9s de d\u00e9p\u00f4t et de pr\u00eat \u00e0 24 heures ont \u00e9t\u00e9 port\u00e9es respectivement \u00e0 7% et 9%, souligne la BCT, dans un communiqu\u00e9 publi\u00e9 vendredi, faisant savoir que cette d\u00e9cision entrera en vigueur \u00e0 partir du 2 janvier 2023.<\/p>\n<p>Et d&rsquo;ajouter que le conseil a pris cette d\u00e9cision apr\u00e8s l&rsquo;examen des \u00e9volutions \u00e9conomiques et financi\u00e8res r\u00e9centes et les perspectives de l&rsquo;inflation. La BCT vise, ainsi, \u00e0 contribuer \u00e0 freiner la tendance haussi\u00e8re de l&rsquo;inflation, ramenant celle-ci \u00e0 des niveaux soutenables \u00e0 moyen terme, afin de prot\u00e9ger le pouvoir d&rsquo;achat des citoyens, de pr\u00e9server le stock des avoirs en devises et de favoriser les conditions pour une reprise \u00e9conomique saine et durable. Le Conseil de la BCT a d\u00e9cid\u00e9, \u00e9galement, de relever \u00e0 7% le taux minimum de r\u00e9mun\u00e9ration de l&rsquo;\u00e9pargne.<\/p>\n<p>Il a exprim\u00e9, dans ce cadre, ses inqui\u00e9tudes profondes en relation avec les risques qui entourent les \u00e9quilibres mon\u00e9taires et financiers de la Tunisie, tout en soulignant la n\u00e9cessit\u00e9 de garantir les financements ext\u00e9rieurs n\u00e9cessaires aux \u00e9quilibres des finances publiques et renforcer la coordination des politiques \u00e9conomiques (policy-mix).<\/p>\n<p>A cet \u00e9gard, le conseil a affirm\u00e9 que la Banque Centrale, continuera \u00e0 suivre attentivement les d\u00e9veloppements \u00e9conomiques et mon\u00e9taires afin d&#8217;emp\u00eacher qu&rsquo;une inflation persistante s&rsquo;installe dans la dur\u00e9e.<\/p>\n","protected":false},"excerpt":{"rendered":"<p>Le Conseil d&rsquo;Administration de la BCT a d\u00e9cid\u00e9, lors de sa r\u00e9union tenue, vendredi, de relever son taux directeur de 75 points de base \u00e0 8%.<\/p>\n","protected":false},"author":3175,"featured_media":348360,"comment_status":"open","ping_status":"closed","sticky":false,"template":"","format":"standard","meta":{"footnotes":""},"categories":[44],"tags":[2807,3492,2608],"class_list":["post-201346","post","type-post","status-publish","format-standard","has-post-thumbnail","hentry","category-national","tag-bct","tag-taux-directeur","tag-tunisie"],"yoast_head":"<!-- This site is optimized with the Yoast SEO Premium plugin v27.4 (Yoast SEO v27.5) - https:\/\/yoast.com\/product\/yoast-seo-premium-wordpress\/ -->\n<title>Tunisie : La BCT augmente son taux directeur de 75 points \u00e0 8%<\/title>\n<meta name=\"description\" content=\"Le Conseil d&#039;Administration de la BCT a d\u00e9cid\u00e9, lors de sa r\u00e9union tenue, vendredi, de relever son taux directeur de 75 points de base \u00e0 8%.\" \/>\n<link rel=\"canonical\" href=\"https:\/\/www.webdo.tn\/fr\/actualite\/national-45\/tunisie-la-bct-augmente-son-taux-directeur-de-75-points-a-8\/201346\/\" \/>\n<meta property=\"og:locale\" content=\"fr_FR\" \/>\n<meta property=\"og:type\" content=\"article\" \/>\n<meta property=\"og:title\" content=\"Tunisie : La BCT augmente son taux directeur de 75 points \u00e0 8%\" \/>\n<meta property=\"og:description\" content=\"Le Conseil d&#039;Administration de la BCT a d\u00e9cid\u00e9, lors de sa r\u00e9union tenue, vendredi, de relever son taux directeur de 75 points de base \u00e0 8%.\" \/>\n<meta property=\"og:url\" content=\"https:\/\/www.webdo.tn\/fr\/actualite\/national-45\/tunisie-la-bct-augmente-son-taux-directeur-de-75-points-a-8\/201346\/\" \/>\n<meta property=\"og:site_name\" content=\"webdo\" \/>\n<meta property=\"article:publisher\" content=\"https:\/\/www.facebook.com\/webdotn\" \/>\n<meta property=\"article:published_time\" content=\"2022-12-30T18:02:00+00:00\" \/>\n<meta property=\"article:modified_time\" content=\"2025-05-22T11:39:39+00:00\" \/>\n<meta property=\"og:image\" content=\"https:\/\/www.webdo.tn\/fr\/wp-content\/uploads\/2022\/12\/f3b8e4225e39da4b1650404fc43a5d55.png\" \/>\n\t<meta property=\"og:image:width\" content=\"750\" \/>\n\t<meta property=\"og:image:height\" content=\"400\" \/>\n\t<meta property=\"og:image:type\" content=\"image\/png\" \/>\n<meta name=\"author\" content=\"CL\" \/>\n<meta name=\"twitter:card\" content=\"summary_large_image\" \/>\n<meta name=\"twitter:creator\" content=\"@webdo_tn\" \/>\n<meta name=\"twitter:site\" content=\"@webdo_tn\" \/>\n<meta name=\"twitter:label1\" content=\"\u00c9crit par\" \/>\n\t<meta name=\"twitter:data1\" content=\"CL\" \/>\n\t<meta name=\"twitter:label2\" content=\"Dur\u00e9e de lecture estim\u00e9e\" \/>\n\t<meta name=\"twitter:data2\" content=\"1 minute\" \/>\n<script type=\"application\/ld+json\" class=\"yoast-schema-graph\">{\"@context\":\"https:\\\/\\\/schema.org\",\"@graph\":[{\"@type\":\"NewsArticle\",\"@id\":\"https:\\\/\\\/www.webdo.tn\\\/fr\\\/actualite\\\/national-45\\\/tunisie-la-bct-augmente-son-taux-directeur-de-75-points-a-8\\\/201346\\\/#article\",\"isPartOf\":{\"@id\":\"https:\\\/\\\/www.webdo.tn\\\/fr\\\/actualite\\\/national-45\\\/tunisie-la-bct-augmente-son-taux-directeur-de-75-points-a-8\\\/201346\\\/\"},\"author\":{\"name\":\"CL\",\"@id\":\"https:\\\/\\\/www.webdo.tn\\\/fr\\\/#\\\/schema\\\/person\\\/f35b42a42c5e2511bbd282959d6385cc\"},\"headline\":\"Tunisie : La BCT augmente son taux directeur de 75 points \u00e0 8%\",\"datePublished\":\"2022-12-30T18:02:00+00:00\",\"dateModified\":\"2025-05-22T11:39:39+00:00\",\"mainEntityOfPage\":{\"@id\":\"https:\\\/\\\/www.webdo.tn\\\/fr\\\/actualite\\\/national-45\\\/tunisie-la-bct-augmente-son-taux-directeur-de-75-points-a-8\\\/201346\\\/\"},\"wordCount\":262,\"commentCount\":0,\"publisher\":{\"@id\":\"https:\\\/\\\/www.webdo.tn\\\/fr\\\/#organization\"},\"image\":{\"@id\":\"https:\\\/\\\/www.webdo.tn\\\/fr\\\/actualite\\\/national-45\\\/tunisie-la-bct-augmente-son-taux-directeur-de-75-points-a-8\\\/201346\\\/#primaryimage\"},\"thumbnailUrl\":\"https:\\\/\\\/www.webdo.tn\\\/fr\\\/wp-content\\\/uploads\\\/2022\\\/12\\\/f3b8e4225e39da4b1650404fc43a5d55.png\",\"keywords\":[\"BCT\",\"taux directeur\",\"Tunisie\"],\"articleSection\":[\"National\"],\"inLanguage\":\"fr-FR\"},{\"@type\":\"WebPage\",\"@id\":\"https:\\\/\\\/www.webdo.tn\\\/fr\\\/actualite\\\/national-45\\\/tunisie-la-bct-augmente-son-taux-directeur-de-75-points-a-8\\\/201346\\\/\",\"url\":\"https:\\\/\\\/www.webdo.tn\\\/fr\\\/actualite\\\/national-45\\\/tunisie-la-bct-augmente-son-taux-directeur-de-75-points-a-8\\\/201346\\\/\",\"name\":\"Tunisie : La BCT augmente son taux directeur de 75 points \u00e0 8%\",\"isPartOf\":{\"@id\":\"https:\\\/\\\/www.webdo.tn\\\/fr\\\/#website\"},\"primaryImageOfPage\":{\"@id\":\"https:\\\/\\\/www.webdo.tn\\\/fr\\\/actualite\\\/national-45\\\/tunisie-la-bct-augmente-son-taux-directeur-de-75-points-a-8\\\/201346\\\/#primaryimage\"},\"image\":{\"@id\":\"https:\\\/\\\/www.webdo.tn\\\/fr\\\/actualite\\\/national-45\\\/tunisie-la-bct-augmente-son-taux-directeur-de-75-points-a-8\\\/201346\\\/#primaryimage\"},\"thumbnailUrl\":\"https:\\\/\\\/www.webdo.tn\\\/fr\\\/wp-content\\\/uploads\\\/2022\\\/12\\\/f3b8e4225e39da4b1650404fc43a5d55.png\",\"datePublished\":\"2022-12-30T18:02:00+00:00\",\"dateModified\":\"2025-05-22T11:39:39+00:00\",\"description\":\"Le Conseil d'Administration de la BCT a d\u00e9cid\u00e9, lors de sa r\u00e9union tenue, vendredi, de relever son taux directeur de 75 points de base \u00e0 8%.\",\"breadcrumb\":{\"@id\":\"https:\\\/\\\/www.webdo.tn\\\/fr\\\/actualite\\\/national-45\\\/tunisie-la-bct-augmente-son-taux-directeur-de-75-points-a-8\\\/201346\\\/#breadcrumb\"},\"inLanguage\":\"fr-FR\",\"potentialAction\":[{\"@type\":\"ReadAction\",\"target\":[\"https:\\\/\\\/www.webdo.tn\\\/fr\\\/actualite\\\/national-45\\\/tunisie-la-bct-augmente-son-taux-directeur-de-75-points-a-8\\\/201346\\\/\"]}]},{\"@type\":\"ImageObject\",\"inLanguage\":\"fr-FR\",\"@id\":\"https:\\\/\\\/www.webdo.tn\\\/fr\\\/actualite\\\/national-45\\\/tunisie-la-bct-augmente-son-taux-directeur-de-75-points-a-8\\\/201346\\\/#primaryimage\",\"url\":\"https:\\\/\\\/www.webdo.tn\\\/fr\\\/wp-content\\\/uploads\\\/2022\\\/12\\\/f3b8e4225e39da4b1650404fc43a5d55.png\",\"contentUrl\":\"https:\\\/\\\/www.webdo.tn\\\/fr\\\/wp-content\\\/uploads\\\/2022\\\/12\\\/f3b8e4225e39da4b1650404fc43a5d55.png\",\"width\":750,\"height\":400,\"caption\":\"BCT\"},{\"@type\":\"BreadcrumbList\",\"@id\":\"https:\\\/\\\/www.webdo.tn\\\/fr\\\/actualite\\\/national-45\\\/tunisie-la-bct-augmente-son-taux-directeur-de-75-points-a-8\\\/201346\\\/#breadcrumb\",\"itemListElement\":[{\"@type\":\"ListItem\",\"position\":1,\"name\":\"Accueil\",\"item\":\"https:\\\/\\\/www.webdo.tn\\\/fr\\\/\"},{\"@type\":\"ListItem\",\"position\":2,\"name\":\"Tunisie : La BCT augmente son taux directeur de 75 points \u00e0 8%\"}]},{\"@type\":\"WebSite\",\"@id\":\"https:\\\/\\\/www.webdo.tn\\\/fr\\\/#website\",\"url\":\"https:\\\/\\\/www.webdo.tn\\\/fr\\\/\",\"name\":\"webdo\",\"description\":\"Tunisie - News en Tunisie et \u00e0 l&#039;international sur Webdo.tn\",\"publisher\":{\"@id\":\"https:\\\/\\\/www.webdo.tn\\\/fr\\\/#organization\"},\"potentialAction\":[{\"@type\":\"SearchAction\",\"target\":{\"@type\":\"EntryPoint\",\"urlTemplate\":\"https:\\\/\\\/www.webdo.tn\\\/fr\\\/?s={search_term_string}\"},\"query-input\":{\"@type\":\"PropertyValueSpecification\",\"valueRequired\":true,\"valueName\":\"search_term_string\"}}],\"inLanguage\":\"fr-FR\"},{\"@type\":\"Organization\",\"@id\":\"https:\\\/\\\/www.webdo.tn\\\/fr\\\/#organization\",\"name\":\"Webdo\",\"alternateName\":\"Webdo.tn\",\"url\":\"https:\\\/\\\/www.webdo.tn\\\/fr\\\/\",\"logo\":{\"@type\":\"ImageObject\",\"inLanguage\":\"fr-FR\",\"@id\":\"https:\\\/\\\/www.webdo.tn\\\/fr\\\/#\\\/schema\\\/logo\\\/image\\\/\",\"url\":\"https:\\\/\\\/www.webdo.tn\\\/fr\\\/wp-content\\\/uploads\\\/2025\\\/06\\\/Webdo-Tunisie_168377.jpg\",\"contentUrl\":\"https:\\\/\\\/www.webdo.tn\\\/fr\\\/wp-content\\\/uploads\\\/2025\\\/06\\\/Webdo-Tunisie_168377.jpg\",\"width\":301,\"height\":301,\"caption\":\"Webdo\"},\"image\":{\"@id\":\"https:\\\/\\\/www.webdo.tn\\\/fr\\\/#\\\/schema\\\/logo\\\/image\\\/\"},\"sameAs\":[\"https:\\\/\\\/www.facebook.com\\\/webdotn\",\"https:\\\/\\\/x.com\\\/webdo_tn\"],\"description\":\"Webdo est un m\u00e9dia num\u00e9rique tunisien fond\u00e9 en 2010, sp\u00e9cialis\u00e9 dans l\u2019actualit\u00e9 nationale et internationale, l\u2019\u00e9conomie, la soci\u00e9t\u00e9 et les analyses politiques. Le site s\u2019adresse \u00e0 un large public francophone et couvre l\u2019information tunisienne en temps r\u00e9el.\",\"email\":\"redac@webdo.tn\",\"legalName\":\"YNJ SARL\",\"foundingDate\":\"2010-09-06\",\"numberOfEmployees\":{\"@type\":\"QuantitativeValue\",\"minValue\":\"11\",\"maxValue\":\"50\"}},{\"@type\":\"Person\",\"@id\":\"https:\\\/\\\/www.webdo.tn\\\/fr\\\/#\\\/schema\\\/person\\\/f35b42a42c5e2511bbd282959d6385cc\",\"name\":\"CL\",\"image\":{\"@type\":\"ImageObject\",\"inLanguage\":\"fr-FR\",\"@id\":\"https:\\\/\\\/secure.gravatar.com\\\/avatar\\\/1447a49909b67aa657c488aec6512e1dd6143a480c1ecfee9b5b5cd74eb3b59e?s=96&d=mm&r=g\",\"url\":\"https:\\\/\\\/secure.gravatar.com\\\/avatar\\\/1447a49909b67aa657c488aec6512e1dd6143a480c1ecfee9b5b5cd74eb3b59e?s=96&d=mm&r=g\",\"contentUrl\":\"https:\\\/\\\/secure.gravatar.com\\\/avatar\\\/1447a49909b67aa657c488aec6512e1dd6143a480c1ecfee9b5b5cd74eb3b59e?s=96&d=mm&r=g\",\"caption\":\"CL\"},\"url\":\"https:\\\/\\\/www.webdo.tn\\\/fr\\\/actualite\\\/author\\\/cl\\\/\"}]}<\/script>\n<!-- \/ Yoast SEO Premium plugin. -->","yoast_head_json":{"title":"Tunisie : La BCT augmente son taux directeur de 75 points \u00e0 8%","description":"Le Conseil d'Administration de la BCT a d\u00e9cid\u00e9, lors de sa r\u00e9union tenue, vendredi, de relever son taux directeur de 75 points de base \u00e0 8%.","canonical":"https:\/\/www.webdo.tn\/fr\/actualite\/national-45\/tunisie-la-bct-augmente-son-taux-directeur-de-75-points-a-8\/201346\/","og_locale":"fr_FR","og_type":"article","og_title":"Tunisie : La BCT augmente son taux directeur de 75 points \u00e0 8%","og_description":"Le Conseil d'Administration de la BCT a d\u00e9cid\u00e9, lors de sa r\u00e9union tenue, vendredi, de relever son taux directeur de 75 points de base \u00e0 8%.","og_url":"https:\/\/www.webdo.tn\/fr\/actualite\/national-45\/tunisie-la-bct-augmente-son-taux-directeur-de-75-points-a-8\/201346\/","og_site_name":"webdo","article_publisher":"https:\/\/www.facebook.com\/webdotn","article_published_time":"2022-12-30T18:02:00+00:00","article_modified_time":"2025-05-22T11:39:39+00:00","og_image":[{"width":750,"height":400,"url":"https:\/\/www.webdo.tn\/fr\/wp-content\/uploads\/2022\/12\/f3b8e4225e39da4b1650404fc43a5d55.png","type":"image\/png"}],"author":"CL","twitter_card":"summary_large_image","twitter_creator":"@webdo_tn","twitter_site":"@webdo_tn","twitter_misc":{"\u00c9crit par":"CL","Dur\u00e9e de lecture estim\u00e9e":"1 minute"},"schema":{"@context":"https:\/\/schema.org","@graph":[{"@type":"NewsArticle","@id":"https:\/\/www.webdo.tn\/fr\/actualite\/national-45\/tunisie-la-bct-augmente-son-taux-directeur-de-75-points-a-8\/201346\/#article","isPartOf":{"@id":"https:\/\/www.webdo.tn\/fr\/actualite\/national-45\/tunisie-la-bct-augmente-son-taux-directeur-de-75-points-a-8\/201346\/"},"author":{"name":"CL","@id":"https:\/\/www.webdo.tn\/fr\/#\/schema\/person\/f35b42a42c5e2511bbd282959d6385cc"},"headline":"Tunisie : La BCT augmente son taux directeur de 75 points \u00e0 8%","datePublished":"2022-12-30T18:02:00+00:00","dateModified":"2025-05-22T11:39:39+00:00","mainEntityOfPage":{"@id":"https:\/\/www.webdo.tn\/fr\/actualite\/national-45\/tunisie-la-bct-augmente-son-taux-directeur-de-75-points-a-8\/201346\/"},"wordCount":262,"commentCount":0,"publisher":{"@id":"https:\/\/www.webdo.tn\/fr\/#organization"},"image":{"@id":"https:\/\/www.webdo.tn\/fr\/actualite\/national-45\/tunisie-la-bct-augmente-son-taux-directeur-de-75-points-a-8\/201346\/#primaryimage"},"thumbnailUrl":"https:\/\/www.webdo.tn\/fr\/wp-content\/uploads\/2022\/12\/f3b8e4225e39da4b1650404fc43a5d55.png","keywords":["BCT","taux directeur","Tunisie"],"articleSection":["National"],"inLanguage":"fr-FR"},{"@type":"WebPage","@id":"https:\/\/www.webdo.tn\/fr\/actualite\/national-45\/tunisie-la-bct-augmente-son-taux-directeur-de-75-points-a-8\/201346\/","url":"https:\/\/www.webdo.tn\/fr\/actualite\/national-45\/tunisie-la-bct-augmente-son-taux-directeur-de-75-points-a-8\/201346\/","name":"Tunisie : La BCT augmente son taux directeur de 75 points \u00e0 8%","isPartOf":{"@id":"https:\/\/www.webdo.tn\/fr\/#website"},"primaryImageOfPage":{"@id":"https:\/\/www.webdo.tn\/fr\/actualite\/national-45\/tunisie-la-bct-augmente-son-taux-directeur-de-75-points-a-8\/201346\/#primaryimage"},"image":{"@id":"https:\/\/www.webdo.tn\/fr\/actualite\/national-45\/tunisie-la-bct-augmente-son-taux-directeur-de-75-points-a-8\/201346\/#primaryimage"},"thumbnailUrl":"https:\/\/www.webdo.tn\/fr\/wp-content\/uploads\/2022\/12\/f3b8e4225e39da4b1650404fc43a5d55.png","datePublished":"2022-12-30T18:02:00+00:00","dateModified":"2025-05-22T11:39:39+00:00","description":"Le Conseil d'Administration de la BCT a d\u00e9cid\u00e9, lors de sa r\u00e9union tenue, vendredi, de relever son taux directeur de 75 points de base \u00e0 8%.","breadcrumb":{"@id":"https:\/\/www.webdo.tn\/fr\/actualite\/national-45\/tunisie-la-bct-augmente-son-taux-directeur-de-75-points-a-8\/201346\/#breadcrumb"},"inLanguage":"fr-FR","potentialAction":[{"@type":"ReadAction","target":["https:\/\/www.webdo.tn\/fr\/actualite\/national-45\/tunisie-la-bct-augmente-son-taux-directeur-de-75-points-a-8\/201346\/"]}]},{"@type":"ImageObject","inLanguage":"fr-FR","@id":"https:\/\/www.webdo.tn\/fr\/actualite\/national-45\/tunisie-la-bct-augmente-son-taux-directeur-de-75-points-a-8\/201346\/#primaryimage","url":"https:\/\/www.webdo.tn\/fr\/wp-content\/uploads\/2022\/12\/f3b8e4225e39da4b1650404fc43a5d55.png","contentUrl":"https:\/\/www.webdo.tn\/fr\/wp-content\/uploads\/2022\/12\/f3b8e4225e39da4b1650404fc43a5d55.png","width":750,"height":400,"caption":"BCT"},{"@type":"BreadcrumbList","@id":"https:\/\/www.webdo.tn\/fr\/actualite\/national-45\/tunisie-la-bct-augmente-son-taux-directeur-de-75-points-a-8\/201346\/#breadcrumb","itemListElement":[{"@type":"ListItem","position":1,"name":"Accueil","item":"https:\/\/www.webdo.tn\/fr\/"},{"@type":"ListItem","position":2,"name":"Tunisie : La BCT augmente son taux directeur de 75 points \u00e0 8%"}]},{"@type":"WebSite","@id":"https:\/\/www.webdo.tn\/fr\/#website","url":"https:\/\/www.webdo.tn\/fr\/","name":"webdo","description":"Tunisie - News en Tunisie et \u00e0 l&#039;international sur Webdo.tn","publisher":{"@id":"https:\/\/www.webdo.tn\/fr\/#organization"},"potentialAction":[{"@type":"SearchAction","target":{"@type":"EntryPoint","urlTemplate":"https:\/\/www.webdo.tn\/fr\/?s={search_term_string}"},"query-input":{"@type":"PropertyValueSpecification","valueRequired":true,"valueName":"search_term_string"}}],"inLanguage":"fr-FR"},{"@type":"Organization","@id":"https:\/\/www.webdo.tn\/fr\/#organization","name":"Webdo","alternateName":"Webdo.tn","url":"https:\/\/www.webdo.tn\/fr\/","logo":{"@type":"ImageObject","inLanguage":"fr-FR","@id":"https:\/\/www.webdo.tn\/fr\/#\/schema\/logo\/image\/","url":"https:\/\/www.webdo.tn\/fr\/wp-content\/uploads\/2025\/06\/Webdo-Tunisie_168377.jpg","contentUrl":"https:\/\/www.webdo.tn\/fr\/wp-content\/uploads\/2025\/06\/Webdo-Tunisie_168377.jpg","width":301,"height":301,"caption":"Webdo"},"image":{"@id":"https:\/\/www.webdo.tn\/fr\/#\/schema\/logo\/image\/"},"sameAs":["https:\/\/www.facebook.com\/webdotn","https:\/\/x.com\/webdo_tn"],"description":"Webdo est un m\u00e9dia num\u00e9rique tunisien fond\u00e9 en 2010, sp\u00e9cialis\u00e9 dans l\u2019actualit\u00e9 nationale et internationale, l\u2019\u00e9conomie, la soci\u00e9t\u00e9 et les analyses politiques. Le site s\u2019adresse \u00e0 un large public francophone et couvre l\u2019information tunisienne en temps r\u00e9el.","email":"redac@webdo.tn","legalName":"YNJ SARL","foundingDate":"2010-09-06","numberOfEmployees":{"@type":"QuantitativeValue","minValue":"11","maxValue":"50"}},{"@type":"Person","@id":"https:\/\/www.webdo.tn\/fr\/#\/schema\/person\/f35b42a42c5e2511bbd282959d6385cc","name":"CL","image":{"@type":"ImageObject","inLanguage":"fr-FR","@id":"https:\/\/secure.gravatar.com\/avatar\/1447a49909b67aa657c488aec6512e1dd6143a480c1ecfee9b5b5cd74eb3b59e?s=96&d=mm&r=g","url":"https:\/\/secure.gravatar.com\/avatar\/1447a49909b67aa657c488aec6512e1dd6143a480c1ecfee9b5b5cd74eb3b59e?s=96&d=mm&r=g","contentUrl":"https:\/\/secure.gravatar.com\/avatar\/1447a49909b67aa657c488aec6512e1dd6143a480c1ecfee9b5b5cd74eb3b59e?s=96&d=mm&r=g","caption":"CL"},"url":"https:\/\/www.webdo.tn\/fr\/actualite\/author\/cl\/"}]}},"_links":{"self":[{"href":"https:\/\/www.webdo.tn\/fr\/wp-json\/wp\/v2\/posts\/201346","targetHints":{"allow":["GET"]}}],"collection":[{"href":"https:\/\/www.webdo.tn\/fr\/wp-json\/wp\/v2\/posts"}],"about":[{"href":"https:\/\/www.webdo.tn\/fr\/wp-json\/wp\/v2\/types\/post"}],"author":[{"embeddable":true,"href":"https:\/\/www.webdo.tn\/fr\/wp-json\/wp\/v2\/users\/3175"}],"replies":[{"embeddable":true,"href":"https:\/\/www.webdo.tn\/fr\/wp-json\/wp\/v2\/comments?post=201346"}],"version-history":[{"count":0,"href":"https:\/\/www.webdo.tn\/fr\/wp-json\/wp\/v2\/posts\/201346\/revisions"}],"wp:featuredmedia":[{"embeddable":true,"href":"https:\/\/www.webdo.tn\/fr\/wp-json\/wp\/v2\/media\/348360"}],"wp:attachment":[{"href":"https:\/\/www.webdo.tn\/fr\/wp-json\/wp\/v2\/media?parent=201346"}],"wp:term":[{"taxonomy":"category","embeddable":true,"href":"https:\/\/www.webdo.tn\/fr\/wp-json\/wp\/v2\/categories?post=201346"},{"taxonomy":"post_tag","embeddable":true,"href":"https:\/\/www.webdo.tn\/fr\/wp-json\/wp\/v2\/tags?post=201346"}],"curies":[{"name":"wp","href":"https:\/\/api.w.org\/{rel}","templated":true}]}}