{"id":201338,"date":"2022-12-30T14:38:00","date_gmt":"2022-12-30T14:38:00","guid":{"rendered":"https:\/\/www.webdo.tn\/fr\/actualite\/blog\/tunisie-l-ugtt-n-ecarte-pas-l-idee-d-une-greve-generale\/201338\/"},"modified":"2025-05-22T11:39:33","modified_gmt":"2025-05-22T11:39:33","slug":"tunisie-l-ugtt-n-ecarte-pas-l-idee-d-une-greve-generale","status":"publish","type":"post","link":"https:\/\/www.webdo.tn\/fr\/actualite\/national\/tunisie-l-ugtt-n-ecarte-pas-l-idee-d-une-greve-generale\/201338\/","title":{"rendered":"Tunisie : l\u2019UGTT n\u2019\u00e9carte pas l\u2019id\u00e9e d\u2019une gr\u00e8ve g\u00e9n\u00e9rale"},"content":{"rendered":"<p>Les probl\u00e8mes s\u2019amoncellent et l\u2019Union g\u00e9n\u00e9rale tunisienne du travail (UGTT) n\u2019a pas l\u2019intention de rester les bras crois\u00e9s et pourrait aller m\u00eame jusqu\u2019\u00e0 la gr\u00e8ve g\u00e9n\u00e9rale. C\u2019est ce qu\u2019a laiss\u00e9 entendre, aujourd\u2019hui, le secr\u00e9taire g\u00e9n\u00e9ral adjoint de la centrale syndicale, Sami Tahri.<\/p>\n<p> S\u2019exprimant, ce vendredi 30 d\u00e9cembre 2022, sur les ondes de Mosaique fm, Sami Tahri a expliqu\u00e9 que l\u2019UGTT et le gouvernement avaient conclu un accord en septembre dernier sur plusieurs points, mais que seul celui des augmentations salariales a \u00e9t\u00e9 appliqu\u00e9.<\/p>\n<p>Il a indiqu\u00e9, dans ce sens, que la tension est \u00e0 son comble au sein des diff\u00e9rentes structures syndicales et qu\u2019une mobilisation est pr\u00e9vue sans indiquer clairement si cette mobilisation se transformera en gr\u00e8ve g\u00e9n\u00e9rale, mais sans \u00e9carter l\u2019id\u00e9e d\u2019une gr\u00e8ve g\u00e9n\u00e9rale.<\/p>\n<p>Sami Tahri a \u00e9galement indiqu\u00e9 que l\u2019UGTT ne restera pas les bras crois\u00e9s face \u00e0 la loi de Finances 2023 et face \u00e0 la situation du pays et s\u2019active pour trouver des solutions urgentes.<\/p>\n","protected":false},"excerpt":{"rendered":"<p>Les probl\u00e8mes s\u2019amoncellent et l\u2019Union g\u00e9n\u00e9rale tunisienne du travail (UGTT) n\u2019a pas l\u2019intention de rester les bras crois\u00e9s et pourrait aller m\u00eame jusqu\u2019\u00e0 la gr&#8230;<\/p>\n","protected":false},"author":3162,"featured_media":348355,"comment_status":"open","ping_status":"closed","sticky":false,"template":"","format":"standard","meta":{"footnotes":""},"categories":[44],"tags":[2782,8880,2649],"class_list":["post-201338","post","type-post","status-publish","format-standard","has-post-thumbnail","hentry","category-national","tag-greve-generale","tag-loi-de-finances-2023","tag-ugtt"],"yoast_head":"<!-- This site is optimized with the Yoast SEO Premium plugin v27.4 (Yoast SEO v27.5) - https:\/\/yoast.com\/product\/yoast-seo-premium-wordpress\/ -->\n<title>Tunisie : l\u2019UGTT n\u2019\u00e9carte pas l\u2019id\u00e9e d\u2019une gr\u00e8ve g\u00e9n\u00e9rale<\/title>\n<meta name=\"description\" content=\"Les probl\u00e8mes s\u2019amoncellent et l\u2019Union g\u00e9n\u00e9rale tunisienne du travail (UGTT) n\u2019a pas l\u2019intention de rester les bras crois\u00e9s et pourrait aller m\u00eame jusqu\u2019\u00e0 la gr...\" \/>\n<link rel=\"canonical\" href=\"https:\/\/www.webdo.tn\/fr\/actualite\/national-45\/tunisie-l-ugtt-n-ecarte-pas-l-idee-d-une-greve-generale\/201338\/\" \/>\n<meta property=\"og:locale\" content=\"fr_FR\" \/>\n<meta property=\"og:type\" content=\"article\" \/>\n<meta property=\"og:title\" content=\"Tunisie : l\u2019UGTT n\u2019\u00e9carte pas l\u2019id\u00e9e d\u2019une gr\u00e8ve g\u00e9n\u00e9rale\" \/>\n<meta property=\"og:description\" content=\"Les probl\u00e8mes s\u2019amoncellent et l\u2019Union g\u00e9n\u00e9rale tunisienne du travail (UGTT) n\u2019a pas l\u2019intention de rester les bras crois\u00e9s et pourrait aller m\u00eame jusqu\u2019\u00e0 la gr...\" \/>\n<meta property=\"og:url\" content=\"https:\/\/www.webdo.tn\/fr\/actualite\/national-45\/tunisie-l-ugtt-n-ecarte-pas-l-idee-d-une-greve-generale\/201338\/\" \/>\n<meta property=\"og:site_name\" content=\"webdo\" \/>\n<meta property=\"article:publisher\" content=\"https:\/\/www.facebook.com\/webdotn\" \/>\n<meta property=\"article:published_time\" content=\"2022-12-30T14:38:00+00:00\" \/>\n<meta property=\"article:modified_time\" content=\"2025-05-22T11:39:33+00:00\" \/>\n<meta property=\"og:image\" content=\"https:\/\/www.webdo.tn\/fr\/wp-content\/uploads\/2022\/12\/4c475c4d95d0d4c4d61ccfad240ae84d.webp\" \/>\n\t<meta property=\"og:image:width\" content=\"750\" \/>\n\t<meta property=\"og:image:height\" content=\"400\" \/>\n\t<meta property=\"og:image:type\" content=\"image\/webp\" \/>\n<meta name=\"author\" content=\"MC\" \/>\n<meta name=\"twitter:card\" content=\"summary_large_image\" \/>\n<meta name=\"twitter:creator\" content=\"@webdo_tn\" \/>\n<meta name=\"twitter:site\" content=\"@webdo_tn\" \/>\n<meta name=\"twitter:label1\" content=\"\u00c9crit par\" \/>\n\t<meta name=\"twitter:data1\" content=\"MC\" \/>\n\t<meta name=\"twitter:label2\" content=\"Dur\u00e9e de lecture estim\u00e9e\" \/>\n\t<meta name=\"twitter:data2\" content=\"1 minute\" \/>\n<script type=\"application\/ld+json\" class=\"yoast-schema-graph\">{\"@context\":\"https:\\\/\\\/schema.org\",\"@graph\":[{\"@type\":\"NewsArticle\",\"@id\":\"https:\\\/\\\/www.webdo.tn\\\/fr\\\/actualite\\\/national-45\\\/tunisie-l-ugtt-n-ecarte-pas-l-idee-d-une-greve-generale\\\/201338\\\/#article\",\"isPartOf\":{\"@id\":\"https:\\\/\\\/www.webdo.tn\\\/fr\\\/actualite\\\/national-45\\\/tunisie-l-ugtt-n-ecarte-pas-l-idee-d-une-greve-generale\\\/201338\\\/\"},\"author\":{\"name\":\"MC\",\"@id\":\"https:\\\/\\\/www.webdo.tn\\\/fr\\\/#\\\/schema\\\/person\\\/2c4929cbf5a809e3bd38617c6ce150f6\"},\"headline\":\"Tunisie : l\u2019UGTT n\u2019\u00e9carte pas l\u2019id\u00e9e d\u2019une gr\u00e8ve g\u00e9n\u00e9rale\",\"datePublished\":\"2022-12-30T14:38:00+00:00\",\"dateModified\":\"2025-05-22T11:39:33+00:00\",\"mainEntityOfPage\":{\"@id\":\"https:\\\/\\\/www.webdo.tn\\\/fr\\\/actualite\\\/national-45\\\/tunisie-l-ugtt-n-ecarte-pas-l-idee-d-une-greve-generale\\\/201338\\\/\"},\"wordCount\":205,\"commentCount\":0,\"publisher\":{\"@id\":\"https:\\\/\\\/www.webdo.tn\\\/fr\\\/#organization\"},\"image\":{\"@id\":\"https:\\\/\\\/www.webdo.tn\\\/fr\\\/actualite\\\/national-45\\\/tunisie-l-ugtt-n-ecarte-pas-l-idee-d-une-greve-generale\\\/201338\\\/#primaryimage\"},\"thumbnailUrl\":\"https:\\\/\\\/www.webdo.tn\\\/fr\\\/wp-content\\\/uploads\\\/2022\\\/12\\\/4c475c4d95d0d4c4d61ccfad240ae84d.webp\",\"keywords\":[\"Gr\u00e8ve g\u00e9n\u00e9rale\",\"Loi de finances 2023\",\"UGTT\"],\"articleSection\":[\"National\"],\"inLanguage\":\"fr-FR\"},{\"@type\":\"WebPage\",\"@id\":\"https:\\\/\\\/www.webdo.tn\\\/fr\\\/actualite\\\/national-45\\\/tunisie-l-ugtt-n-ecarte-pas-l-idee-d-une-greve-generale\\\/201338\\\/\",\"url\":\"https:\\\/\\\/www.webdo.tn\\\/fr\\\/actualite\\\/national-45\\\/tunisie-l-ugtt-n-ecarte-pas-l-idee-d-une-greve-generale\\\/201338\\\/\",\"name\":\"Tunisie : l\u2019UGTT n\u2019\u00e9carte pas l\u2019id\u00e9e d\u2019une gr\u00e8ve g\u00e9n\u00e9rale\",\"isPartOf\":{\"@id\":\"https:\\\/\\\/www.webdo.tn\\\/fr\\\/#website\"},\"primaryImageOfPage\":{\"@id\":\"https:\\\/\\\/www.webdo.tn\\\/fr\\\/actualite\\\/national-45\\\/tunisie-l-ugtt-n-ecarte-pas-l-idee-d-une-greve-generale\\\/201338\\\/#primaryimage\"},\"image\":{\"@id\":\"https:\\\/\\\/www.webdo.tn\\\/fr\\\/actualite\\\/national-45\\\/tunisie-l-ugtt-n-ecarte-pas-l-idee-d-une-greve-generale\\\/201338\\\/#primaryimage\"},\"thumbnailUrl\":\"https:\\\/\\\/www.webdo.tn\\\/fr\\\/wp-content\\\/uploads\\\/2022\\\/12\\\/4c475c4d95d0d4c4d61ccfad240ae84d.webp\",\"datePublished\":\"2022-12-30T14:38:00+00:00\",\"dateModified\":\"2025-05-22T11:39:33+00:00\",\"description\":\"Les probl\u00e8mes s\u2019amoncellent et l\u2019Union g\u00e9n\u00e9rale tunisienne du travail (UGTT) n\u2019a pas l\u2019intention de rester les bras crois\u00e9s et pourrait aller m\u00eame jusqu\u2019\u00e0 la gr...\",\"breadcrumb\":{\"@id\":\"https:\\\/\\\/www.webdo.tn\\\/fr\\\/actualite\\\/national-45\\\/tunisie-l-ugtt-n-ecarte-pas-l-idee-d-une-greve-generale\\\/201338\\\/#breadcrumb\"},\"inLanguage\":\"fr-FR\",\"potentialAction\":[{\"@type\":\"ReadAction\",\"target\":[\"https:\\\/\\\/www.webdo.tn\\\/fr\\\/actualite\\\/national-45\\\/tunisie-l-ugtt-n-ecarte-pas-l-idee-d-une-greve-generale\\\/201338\\\/\"]}]},{\"@type\":\"ImageObject\",\"inLanguage\":\"fr-FR\",\"@id\":\"https:\\\/\\\/www.webdo.tn\\\/fr\\\/actualite\\\/national-45\\\/tunisie-l-ugtt-n-ecarte-pas-l-idee-d-une-greve-generale\\\/201338\\\/#primaryimage\",\"url\":\"https:\\\/\\\/www.webdo.tn\\\/fr\\\/wp-content\\\/uploads\\\/2022\\\/12\\\/4c475c4d95d0d4c4d61ccfad240ae84d.webp\",\"contentUrl\":\"https:\\\/\\\/www.webdo.tn\\\/fr\\\/wp-content\\\/uploads\\\/2022\\\/12\\\/4c475c4d95d0d4c4d61ccfad240ae84d.webp\",\"width\":750,\"height\":400,\"caption\":\"Tunisie : l\u2019UGTT n\u2019\u00e9carte pas l\u2019id\u00e9e d\u2019une gr\u00e8ve g\u00e9n\u00e9rale\"},{\"@type\":\"BreadcrumbList\",\"@id\":\"https:\\\/\\\/www.webdo.tn\\\/fr\\\/actualite\\\/national-45\\\/tunisie-l-ugtt-n-ecarte-pas-l-idee-d-une-greve-generale\\\/201338\\\/#breadcrumb\",\"itemListElement\":[{\"@type\":\"ListItem\",\"position\":1,\"name\":\"Accueil\",\"item\":\"https:\\\/\\\/www.webdo.tn\\\/fr\\\/\"},{\"@type\":\"ListItem\",\"position\":2,\"name\":\"Tunisie : l\u2019UGTT n\u2019\u00e9carte pas l\u2019id\u00e9e d\u2019une gr\u00e8ve g\u00e9n\u00e9rale\"}]},{\"@type\":\"WebSite\",\"@id\":\"https:\\\/\\\/www.webdo.tn\\\/fr\\\/#website\",\"url\":\"https:\\\/\\\/www.webdo.tn\\\/fr\\\/\",\"name\":\"webdo\",\"description\":\"Tunisie - News en Tunisie et \u00e0 l&#039;international sur Webdo.tn\",\"publisher\":{\"@id\":\"https:\\\/\\\/www.webdo.tn\\\/fr\\\/#organization\"},\"potentialAction\":[{\"@type\":\"SearchAction\",\"target\":{\"@type\":\"EntryPoint\",\"urlTemplate\":\"https:\\\/\\\/www.webdo.tn\\\/fr\\\/?s={search_term_string}\"},\"query-input\":{\"@type\":\"PropertyValueSpecification\",\"valueRequired\":true,\"valueName\":\"search_term_string\"}}],\"inLanguage\":\"fr-FR\"},{\"@type\":\"Organization\",\"@id\":\"https:\\\/\\\/www.webdo.tn\\\/fr\\\/#organization\",\"name\":\"Webdo\",\"alternateName\":\"Webdo.tn\",\"url\":\"https:\\\/\\\/www.webdo.tn\\\/fr\\\/\",\"logo\":{\"@type\":\"ImageObject\",\"inLanguage\":\"fr-FR\",\"@id\":\"https:\\\/\\\/www.webdo.tn\\\/fr\\\/#\\\/schema\\\/logo\\\/image\\\/\",\"url\":\"https:\\\/\\\/www.webdo.tn\\\/fr\\\/wp-content\\\/uploads\\\/2025\\\/06\\\/Webdo-Tunisie_168377.jpg\",\"contentUrl\":\"https:\\\/\\\/www.webdo.tn\\\/fr\\\/wp-content\\\/uploads\\\/2025\\\/06\\\/Webdo-Tunisie_168377.jpg\",\"width\":301,\"height\":301,\"caption\":\"Webdo\"},\"image\":{\"@id\":\"https:\\\/\\\/www.webdo.tn\\\/fr\\\/#\\\/schema\\\/logo\\\/image\\\/\"},\"sameAs\":[\"https:\\\/\\\/www.facebook.com\\\/webdotn\",\"https:\\\/\\\/x.com\\\/webdo_tn\"],\"description\":\"Webdo est un m\u00e9dia num\u00e9rique tunisien fond\u00e9 en 2010, sp\u00e9cialis\u00e9 dans l\u2019actualit\u00e9 nationale et internationale, l\u2019\u00e9conomie, la soci\u00e9t\u00e9 et les analyses politiques. Le site s\u2019adresse \u00e0 un large public francophone et couvre l\u2019information tunisienne en temps r\u00e9el.\",\"email\":\"redac@webdo.tn\",\"legalName\":\"YNJ SARL\",\"foundingDate\":\"2010-09-06\",\"numberOfEmployees\":{\"@type\":\"QuantitativeValue\",\"minValue\":\"11\",\"maxValue\":\"50\"}},{\"@type\":\"Person\",\"@id\":\"https:\\\/\\\/www.webdo.tn\\\/fr\\\/#\\\/schema\\\/person\\\/2c4929cbf5a809e3bd38617c6ce150f6\",\"name\":\"MC\",\"image\":{\"@type\":\"ImageObject\",\"inLanguage\":\"fr-FR\",\"@id\":\"https:\\\/\\\/secure.gravatar.com\\\/avatar\\\/a545bbb6f84efdd5553dbbc2895e3ca8f1d12c5215e00a041c9670b54aa9b18a?s=96&d=mm&r=g\",\"url\":\"https:\\\/\\\/secure.gravatar.com\\\/avatar\\\/a545bbb6f84efdd5553dbbc2895e3ca8f1d12c5215e00a041c9670b54aa9b18a?s=96&d=mm&r=g\",\"contentUrl\":\"https:\\\/\\\/secure.gravatar.com\\\/avatar\\\/a545bbb6f84efdd5553dbbc2895e3ca8f1d12c5215e00a041c9670b54aa9b18a?s=96&d=mm&r=g\",\"caption\":\"MC\"},\"url\":\"https:\\\/\\\/www.webdo.tn\\\/fr\\\/actualite\\\/author\\\/mc\\\/\"}]}<\/script>\n<!-- \/ Yoast SEO Premium plugin. -->","yoast_head_json":{"title":"Tunisie : l\u2019UGTT n\u2019\u00e9carte pas l\u2019id\u00e9e d\u2019une gr\u00e8ve g\u00e9n\u00e9rale","description":"Les probl\u00e8mes s\u2019amoncellent et l\u2019Union g\u00e9n\u00e9rale tunisienne du travail (UGTT) n\u2019a pas l\u2019intention de rester les bras crois\u00e9s et pourrait aller m\u00eame jusqu\u2019\u00e0 la gr...","canonical":"https:\/\/www.webdo.tn\/fr\/actualite\/national-45\/tunisie-l-ugtt-n-ecarte-pas-l-idee-d-une-greve-generale\/201338\/","og_locale":"fr_FR","og_type":"article","og_title":"Tunisie : l\u2019UGTT n\u2019\u00e9carte pas l\u2019id\u00e9e d\u2019une gr\u00e8ve g\u00e9n\u00e9rale","og_description":"Les probl\u00e8mes s\u2019amoncellent et l\u2019Union g\u00e9n\u00e9rale tunisienne du travail (UGTT) n\u2019a pas l\u2019intention de rester les bras crois\u00e9s et pourrait aller m\u00eame jusqu\u2019\u00e0 la gr...","og_url":"https:\/\/www.webdo.tn\/fr\/actualite\/national-45\/tunisie-l-ugtt-n-ecarte-pas-l-idee-d-une-greve-generale\/201338\/","og_site_name":"webdo","article_publisher":"https:\/\/www.facebook.com\/webdotn","article_published_time":"2022-12-30T14:38:00+00:00","article_modified_time":"2025-05-22T11:39:33+00:00","og_image":[{"width":750,"height":400,"url":"https:\/\/www.webdo.tn\/fr\/wp-content\/uploads\/2022\/12\/4c475c4d95d0d4c4d61ccfad240ae84d.webp","type":"image\/webp"}],"author":"MC","twitter_card":"summary_large_image","twitter_creator":"@webdo_tn","twitter_site":"@webdo_tn","twitter_misc":{"\u00c9crit par":"MC","Dur\u00e9e de lecture estim\u00e9e":"1 minute"},"schema":{"@context":"https:\/\/schema.org","@graph":[{"@type":"NewsArticle","@id":"https:\/\/www.webdo.tn\/fr\/actualite\/national-45\/tunisie-l-ugtt-n-ecarte-pas-l-idee-d-une-greve-generale\/201338\/#article","isPartOf":{"@id":"https:\/\/www.webdo.tn\/fr\/actualite\/national-45\/tunisie-l-ugtt-n-ecarte-pas-l-idee-d-une-greve-generale\/201338\/"},"author":{"name":"MC","@id":"https:\/\/www.webdo.tn\/fr\/#\/schema\/person\/2c4929cbf5a809e3bd38617c6ce150f6"},"headline":"Tunisie : l\u2019UGTT n\u2019\u00e9carte pas l\u2019id\u00e9e d\u2019une gr\u00e8ve g\u00e9n\u00e9rale","datePublished":"2022-12-30T14:38:00+00:00","dateModified":"2025-05-22T11:39:33+00:00","mainEntityOfPage":{"@id":"https:\/\/www.webdo.tn\/fr\/actualite\/national-45\/tunisie-l-ugtt-n-ecarte-pas-l-idee-d-une-greve-generale\/201338\/"},"wordCount":205,"commentCount":0,"publisher":{"@id":"https:\/\/www.webdo.tn\/fr\/#organization"},"image":{"@id":"https:\/\/www.webdo.tn\/fr\/actualite\/national-45\/tunisie-l-ugtt-n-ecarte-pas-l-idee-d-une-greve-generale\/201338\/#primaryimage"},"thumbnailUrl":"https:\/\/www.webdo.tn\/fr\/wp-content\/uploads\/2022\/12\/4c475c4d95d0d4c4d61ccfad240ae84d.webp","keywords":["Gr\u00e8ve g\u00e9n\u00e9rale","Loi de finances 2023","UGTT"],"articleSection":["National"],"inLanguage":"fr-FR"},{"@type":"WebPage","@id":"https:\/\/www.webdo.tn\/fr\/actualite\/national-45\/tunisie-l-ugtt-n-ecarte-pas-l-idee-d-une-greve-generale\/201338\/","url":"https:\/\/www.webdo.tn\/fr\/actualite\/national-45\/tunisie-l-ugtt-n-ecarte-pas-l-idee-d-une-greve-generale\/201338\/","name":"Tunisie : l\u2019UGTT n\u2019\u00e9carte pas l\u2019id\u00e9e d\u2019une gr\u00e8ve g\u00e9n\u00e9rale","isPartOf":{"@id":"https:\/\/www.webdo.tn\/fr\/#website"},"primaryImageOfPage":{"@id":"https:\/\/www.webdo.tn\/fr\/actualite\/national-45\/tunisie-l-ugtt-n-ecarte-pas-l-idee-d-une-greve-generale\/201338\/#primaryimage"},"image":{"@id":"https:\/\/www.webdo.tn\/fr\/actualite\/national-45\/tunisie-l-ugtt-n-ecarte-pas-l-idee-d-une-greve-generale\/201338\/#primaryimage"},"thumbnailUrl":"https:\/\/www.webdo.tn\/fr\/wp-content\/uploads\/2022\/12\/4c475c4d95d0d4c4d61ccfad240ae84d.webp","datePublished":"2022-12-30T14:38:00+00:00","dateModified":"2025-05-22T11:39:33+00:00","description":"Les probl\u00e8mes s\u2019amoncellent et l\u2019Union g\u00e9n\u00e9rale tunisienne du travail (UGTT) n\u2019a pas l\u2019intention de rester les bras crois\u00e9s et pourrait aller m\u00eame jusqu\u2019\u00e0 la gr...","breadcrumb":{"@id":"https:\/\/www.webdo.tn\/fr\/actualite\/national-45\/tunisie-l-ugtt-n-ecarte-pas-l-idee-d-une-greve-generale\/201338\/#breadcrumb"},"inLanguage":"fr-FR","potentialAction":[{"@type":"ReadAction","target":["https:\/\/www.webdo.tn\/fr\/actualite\/national-45\/tunisie-l-ugtt-n-ecarte-pas-l-idee-d-une-greve-generale\/201338\/"]}]},{"@type":"ImageObject","inLanguage":"fr-FR","@id":"https:\/\/www.webdo.tn\/fr\/actualite\/national-45\/tunisie-l-ugtt-n-ecarte-pas-l-idee-d-une-greve-generale\/201338\/#primaryimage","url":"https:\/\/www.webdo.tn\/fr\/wp-content\/uploads\/2022\/12\/4c475c4d95d0d4c4d61ccfad240ae84d.webp","contentUrl":"https:\/\/www.webdo.tn\/fr\/wp-content\/uploads\/2022\/12\/4c475c4d95d0d4c4d61ccfad240ae84d.webp","width":750,"height":400,"caption":"Tunisie : l\u2019UGTT n\u2019\u00e9carte pas l\u2019id\u00e9e d\u2019une gr\u00e8ve g\u00e9n\u00e9rale"},{"@type":"BreadcrumbList","@id":"https:\/\/www.webdo.tn\/fr\/actualite\/national-45\/tunisie-l-ugtt-n-ecarte-pas-l-idee-d-une-greve-generale\/201338\/#breadcrumb","itemListElement":[{"@type":"ListItem","position":1,"name":"Accueil","item":"https:\/\/www.webdo.tn\/fr\/"},{"@type":"ListItem","position":2,"name":"Tunisie : l\u2019UGTT n\u2019\u00e9carte pas l\u2019id\u00e9e d\u2019une gr\u00e8ve g\u00e9n\u00e9rale"}]},{"@type":"WebSite","@id":"https:\/\/www.webdo.tn\/fr\/#website","url":"https:\/\/www.webdo.tn\/fr\/","name":"webdo","description":"Tunisie - News en Tunisie et \u00e0 l&#039;international sur Webdo.tn","publisher":{"@id":"https:\/\/www.webdo.tn\/fr\/#organization"},"potentialAction":[{"@type":"SearchAction","target":{"@type":"EntryPoint","urlTemplate":"https:\/\/www.webdo.tn\/fr\/?s={search_term_string}"},"query-input":{"@type":"PropertyValueSpecification","valueRequired":true,"valueName":"search_term_string"}}],"inLanguage":"fr-FR"},{"@type":"Organization","@id":"https:\/\/www.webdo.tn\/fr\/#organization","name":"Webdo","alternateName":"Webdo.tn","url":"https:\/\/www.webdo.tn\/fr\/","logo":{"@type":"ImageObject","inLanguage":"fr-FR","@id":"https:\/\/www.webdo.tn\/fr\/#\/schema\/logo\/image\/","url":"https:\/\/www.webdo.tn\/fr\/wp-content\/uploads\/2025\/06\/Webdo-Tunisie_168377.jpg","contentUrl":"https:\/\/www.webdo.tn\/fr\/wp-content\/uploads\/2025\/06\/Webdo-Tunisie_168377.jpg","width":301,"height":301,"caption":"Webdo"},"image":{"@id":"https:\/\/www.webdo.tn\/fr\/#\/schema\/logo\/image\/"},"sameAs":["https:\/\/www.facebook.com\/webdotn","https:\/\/x.com\/webdo_tn"],"description":"Webdo est un m\u00e9dia num\u00e9rique tunisien fond\u00e9 en 2010, sp\u00e9cialis\u00e9 dans l\u2019actualit\u00e9 nationale et internationale, l\u2019\u00e9conomie, la soci\u00e9t\u00e9 et les analyses politiques. Le site s\u2019adresse \u00e0 un large public francophone et couvre l\u2019information tunisienne en temps r\u00e9el.","email":"redac@webdo.tn","legalName":"YNJ SARL","foundingDate":"2010-09-06","numberOfEmployees":{"@type":"QuantitativeValue","minValue":"11","maxValue":"50"}},{"@type":"Person","@id":"https:\/\/www.webdo.tn\/fr\/#\/schema\/person\/2c4929cbf5a809e3bd38617c6ce150f6","name":"MC","image":{"@type":"ImageObject","inLanguage":"fr-FR","@id":"https:\/\/secure.gravatar.com\/avatar\/a545bbb6f84efdd5553dbbc2895e3ca8f1d12c5215e00a041c9670b54aa9b18a?s=96&d=mm&r=g","url":"https:\/\/secure.gravatar.com\/avatar\/a545bbb6f84efdd5553dbbc2895e3ca8f1d12c5215e00a041c9670b54aa9b18a?s=96&d=mm&r=g","contentUrl":"https:\/\/secure.gravatar.com\/avatar\/a545bbb6f84efdd5553dbbc2895e3ca8f1d12c5215e00a041c9670b54aa9b18a?s=96&d=mm&r=g","caption":"MC"},"url":"https:\/\/www.webdo.tn\/fr\/actualite\/author\/mc\/"}]}},"_links":{"self":[{"href":"https:\/\/www.webdo.tn\/fr\/wp-json\/wp\/v2\/posts\/201338","targetHints":{"allow":["GET"]}}],"collection":[{"href":"https:\/\/www.webdo.tn\/fr\/wp-json\/wp\/v2\/posts"}],"about":[{"href":"https:\/\/www.webdo.tn\/fr\/wp-json\/wp\/v2\/types\/post"}],"author":[{"embeddable":true,"href":"https:\/\/www.webdo.tn\/fr\/wp-json\/wp\/v2\/users\/3162"}],"replies":[{"embeddable":true,"href":"https:\/\/www.webdo.tn\/fr\/wp-json\/wp\/v2\/comments?post=201338"}],"version-history":[{"count":0,"href":"https:\/\/www.webdo.tn\/fr\/wp-json\/wp\/v2\/posts\/201338\/revisions"}],"wp:featuredmedia":[{"embeddable":true,"href":"https:\/\/www.webdo.tn\/fr\/wp-json\/wp\/v2\/media\/348355"}],"wp:attachment":[{"href":"https:\/\/www.webdo.tn\/fr\/wp-json\/wp\/v2\/media?parent=201338"}],"wp:term":[{"taxonomy":"category","embeddable":true,"href":"https:\/\/www.webdo.tn\/fr\/wp-json\/wp\/v2\/categories?post=201338"},{"taxonomy":"post_tag","embeddable":true,"href":"https:\/\/www.webdo.tn\/fr\/wp-json\/wp\/v2\/tags?post=201338"}],"curies":[{"name":"wp","href":"https:\/\/api.w.org\/{rel}","templated":true}]}}