{"id":201327,"date":"2022-12-30T09:25:00","date_gmt":"2022-12-30T09:25:00","guid":{"rendered":"https:\/\/www.webdo.tn\/fr\/actualite\/blog\/tunisie-condamne-a-dix-ans-de-prison-pour-un-statut-contre-kais-saied\/201327\/"},"modified":"2025-05-22T11:39:28","modified_gmt":"2025-05-22T11:39:28","slug":"tunisie-condamne-a-dix-ans-de-prison-pour-un-statut-contre-kais-saied","status":"publish","type":"post","link":"https:\/\/www.webdo.tn\/fr\/actualite\/national\/tunisie-condamne-a-dix-ans-de-prison-pour-un-statut-contre-kais-saied\/201327\/","title":{"rendered":"Tunisie : Condamn\u00e9 \u00e0 dix ans de prison pour un statut contre Kais Saied"},"content":{"rendered":"<p>Incarc\u00e9r\u00e9 depuis ao\u00fbt 2021, un d\u00e9tenu a \u00e9t\u00e9 condamn\u00e9 \u00e0 dix ans de prison pour une publication dirig\u00e9e contre le pr\u00e9sident de la R\u00e9publique Kais Saied.<\/p>\n<p> En effet, selon l\u2019avocate Ines Harrath, qui rapporte les faits, la chambre criminelle sp\u00e9cialis\u00e9e dans la lutte contre le terrorisme a prononc\u00e9, ce jeudi 29 d\u00e9cembre 2022, un jugement de premi\u00e8re instance contre cette personne.<\/p>\n<p>Il a \u00e9cop\u00e9 d\u2019une peine de dix ans de prison pour une publication s\u2019en prenant au pr\u00e9sident de la R\u00e9publique et le le traitant de \u00ab putschiste \u00bb.<\/p>\n<p>Les avocats de l\u2019accus\u00e9 ont d\u00e9cid\u00e9 de faire appel de ce jugement.<\/p>\n","protected":false},"excerpt":{"rendered":"<p>Incarc\u00e9r\u00e9 depuis ao\u00fbt 2021, un d\u00e9tenu a \u00e9t\u00e9 condamn\u00e9 \u00e0 dix ans de prison pour une publication dirig\u00e9e contre le pr\u00e9sident de la R\u00e9publique Kais Saied.<\/p>\n","protected":false},"author":3162,"featured_media":348351,"comment_status":"open","ping_status":"closed","sticky":false,"template":"","format":"standard","meta":{"footnotes":""},"categories":[44],"tags":[2614,3529,2708,4858],"class_list":["post-201327","post","type-post","status-publish","format-standard","has-post-thumbnail","hentry","category-national","tag-kais-saied","tag-peine","tag-prison","tag-statut"],"yoast_head":"<!-- This site is optimized with the Yoast SEO Premium plugin v27.5 (Yoast SEO v27.5) - https:\/\/yoast.com\/product\/yoast-seo-premium-wordpress\/ -->\n<title>Tunisie : Condamn\u00e9 \u00e0 dix ans de prison pour un statut contre Kais Saied<\/title>\n<meta name=\"description\" content=\"Incarc\u00e9r\u00e9 depuis ao\u00fbt 2021, un d\u00e9tenu a \u00e9t\u00e9 condamn\u00e9 \u00e0 dix ans de prison pour une publication dirig\u00e9e contre le pr\u00e9sident de la R\u00e9publique Kais Saied.\" \/>\n<link rel=\"canonical\" href=\"https:\/\/www.webdo.tn\/fr\/actualite\/national-45\/tunisie-condamne-a-dix-ans-de-prison-pour-un-statut-contre-kais-saied\/201327\/\" \/>\n<meta property=\"og:locale\" content=\"fr_FR\" \/>\n<meta property=\"og:type\" content=\"article\" \/>\n<meta property=\"og:title\" content=\"Tunisie : Condamn\u00e9 \u00e0 dix ans de prison pour un statut contre Kais Saied\" \/>\n<meta property=\"og:description\" content=\"Incarc\u00e9r\u00e9 depuis ao\u00fbt 2021, un d\u00e9tenu a \u00e9t\u00e9 condamn\u00e9 \u00e0 dix ans de prison pour une publication dirig\u00e9e contre le pr\u00e9sident de la R\u00e9publique Kais Saied.\" \/>\n<meta property=\"og:url\" content=\"https:\/\/www.webdo.tn\/fr\/actualite\/national-45\/tunisie-condamne-a-dix-ans-de-prison-pour-un-statut-contre-kais-saied\/201327\/\" \/>\n<meta property=\"og:site_name\" content=\"webdo\" \/>\n<meta property=\"article:publisher\" content=\"https:\/\/www.facebook.com\/webdotn\" \/>\n<meta property=\"article:published_time\" content=\"2022-12-30T09:25:00+00:00\" \/>\n<meta property=\"article:modified_time\" content=\"2025-05-22T11:39:28+00:00\" \/>\n<meta property=\"og:image\" content=\"https:\/\/www.webdo.tn\/fr\/wp-content\/uploads\/2022\/12\/0e616cba6ee16b1ecee2d17ff324a08c.jpg\" \/>\n\t<meta property=\"og:image:width\" content=\"750\" \/>\n\t<meta property=\"og:image:height\" content=\"400\" \/>\n\t<meta property=\"og:image:type\" content=\"image\/jpeg\" \/>\n<meta name=\"author\" content=\"MC\" \/>\n<meta name=\"twitter:card\" content=\"summary_large_image\" \/>\n<meta name=\"twitter:creator\" content=\"@webdo_tn\" \/>\n<meta name=\"twitter:site\" content=\"@webdo_tn\" \/>\n<meta name=\"twitter:label1\" content=\"\u00c9crit par\" \/>\n\t<meta name=\"twitter:data1\" content=\"MC\" \/>\n\t<meta name=\"twitter:label2\" content=\"Dur\u00e9e de lecture estim\u00e9e\" \/>\n\t<meta name=\"twitter:data2\" content=\"1 minute\" \/>\n<script type=\"application\/ld+json\" class=\"yoast-schema-graph\">{\"@context\":\"https:\\\/\\\/schema.org\",\"@graph\":[{\"@type\":\"NewsArticle\",\"@id\":\"https:\\\/\\\/www.webdo.tn\\\/fr\\\/actualite\\\/national-45\\\/tunisie-condamne-a-dix-ans-de-prison-pour-un-statut-contre-kais-saied\\\/201327\\\/#article\",\"isPartOf\":{\"@id\":\"https:\\\/\\\/www.webdo.tn\\\/fr\\\/actualite\\\/national-45\\\/tunisie-condamne-a-dix-ans-de-prison-pour-un-statut-contre-kais-saied\\\/201327\\\/\"},\"author\":{\"name\":\"MC\",\"@id\":\"https:\\\/\\\/www.webdo.tn\\\/fr\\\/#\\\/schema\\\/person\\\/2c4929cbf5a809e3bd38617c6ce150f6\"},\"headline\":\"Tunisie : Condamn\u00e9 \u00e0 dix ans de prison pour un statut contre Kais Saied\",\"datePublished\":\"2022-12-30T09:25:00+00:00\",\"dateModified\":\"2025-05-22T11:39:28+00:00\",\"mainEntityOfPage\":{\"@id\":\"https:\\\/\\\/www.webdo.tn\\\/fr\\\/actualite\\\/national-45\\\/tunisie-condamne-a-dix-ans-de-prison-pour-un-statut-contre-kais-saied\\\/201327\\\/\"},\"wordCount\":124,\"commentCount\":0,\"publisher\":{\"@id\":\"https:\\\/\\\/www.webdo.tn\\\/fr\\\/#organization\"},\"image\":{\"@id\":\"https:\\\/\\\/www.webdo.tn\\\/fr\\\/actualite\\\/national-45\\\/tunisie-condamne-a-dix-ans-de-prison-pour-un-statut-contre-kais-saied\\\/201327\\\/#primaryimage\"},\"thumbnailUrl\":\"https:\\\/\\\/www.webdo.tn\\\/fr\\\/wp-content\\\/uploads\\\/2022\\\/12\\\/0e616cba6ee16b1ecee2d17ff324a08c.jpg\",\"keywords\":[\"Kais Saied\",\"peine\",\"Prison\",\"statut\"],\"articleSection\":[\"National\"],\"inLanguage\":\"fr-FR\"},{\"@type\":\"WebPage\",\"@id\":\"https:\\\/\\\/www.webdo.tn\\\/fr\\\/actualite\\\/national-45\\\/tunisie-condamne-a-dix-ans-de-prison-pour-un-statut-contre-kais-saied\\\/201327\\\/\",\"url\":\"https:\\\/\\\/www.webdo.tn\\\/fr\\\/actualite\\\/national-45\\\/tunisie-condamne-a-dix-ans-de-prison-pour-un-statut-contre-kais-saied\\\/201327\\\/\",\"name\":\"Tunisie : Condamn\u00e9 \u00e0 dix ans de prison pour un statut contre Kais Saied\",\"isPartOf\":{\"@id\":\"https:\\\/\\\/www.webdo.tn\\\/fr\\\/#website\"},\"primaryImageOfPage\":{\"@id\":\"https:\\\/\\\/www.webdo.tn\\\/fr\\\/actualite\\\/national-45\\\/tunisie-condamne-a-dix-ans-de-prison-pour-un-statut-contre-kais-saied\\\/201327\\\/#primaryimage\"},\"image\":{\"@id\":\"https:\\\/\\\/www.webdo.tn\\\/fr\\\/actualite\\\/national-45\\\/tunisie-condamne-a-dix-ans-de-prison-pour-un-statut-contre-kais-saied\\\/201327\\\/#primaryimage\"},\"thumbnailUrl\":\"https:\\\/\\\/www.webdo.tn\\\/fr\\\/wp-content\\\/uploads\\\/2022\\\/12\\\/0e616cba6ee16b1ecee2d17ff324a08c.jpg\",\"datePublished\":\"2022-12-30T09:25:00+00:00\",\"dateModified\":\"2025-05-22T11:39:28+00:00\",\"description\":\"Incarc\u00e9r\u00e9 depuis ao\u00fbt 2021, un d\u00e9tenu a \u00e9t\u00e9 condamn\u00e9 \u00e0 dix ans de prison pour une publication dirig\u00e9e contre le pr\u00e9sident de la R\u00e9publique Kais Saied.\",\"breadcrumb\":{\"@id\":\"https:\\\/\\\/www.webdo.tn\\\/fr\\\/actualite\\\/national-45\\\/tunisie-condamne-a-dix-ans-de-prison-pour-un-statut-contre-kais-saied\\\/201327\\\/#breadcrumb\"},\"inLanguage\":\"fr-FR\",\"potentialAction\":[{\"@type\":\"ReadAction\",\"target\":[\"https:\\\/\\\/www.webdo.tn\\\/fr\\\/actualite\\\/national-45\\\/tunisie-condamne-a-dix-ans-de-prison-pour-un-statut-contre-kais-saied\\\/201327\\\/\"]}]},{\"@type\":\"ImageObject\",\"inLanguage\":\"fr-FR\",\"@id\":\"https:\\\/\\\/www.webdo.tn\\\/fr\\\/actualite\\\/national-45\\\/tunisie-condamne-a-dix-ans-de-prison-pour-un-statut-contre-kais-saied\\\/201327\\\/#primaryimage\",\"url\":\"https:\\\/\\\/www.webdo.tn\\\/fr\\\/wp-content\\\/uploads\\\/2022\\\/12\\\/0e616cba6ee16b1ecee2d17ff324a08c.jpg\",\"contentUrl\":\"https:\\\/\\\/www.webdo.tn\\\/fr\\\/wp-content\\\/uploads\\\/2022\\\/12\\\/0e616cba6ee16b1ecee2d17ff324a08c.jpg\",\"width\":750,\"height\":400,\"caption\":\"Tunisie : Condamn\u00e9 \u00e0 dix ans de prison pour un statut contre Kais Saied\"},{\"@type\":\"BreadcrumbList\",\"@id\":\"https:\\\/\\\/www.webdo.tn\\\/fr\\\/actualite\\\/national-45\\\/tunisie-condamne-a-dix-ans-de-prison-pour-un-statut-contre-kais-saied\\\/201327\\\/#breadcrumb\",\"itemListElement\":[{\"@type\":\"ListItem\",\"position\":1,\"name\":\"Accueil\",\"item\":\"https:\\\/\\\/www.webdo.tn\\\/fr\\\/\"},{\"@type\":\"ListItem\",\"position\":2,\"name\":\"Tunisie : Condamn\u00e9 \u00e0 dix ans de prison pour un statut contre Kais Saied\"}]},{\"@type\":\"WebSite\",\"@id\":\"https:\\\/\\\/www.webdo.tn\\\/fr\\\/#website\",\"url\":\"https:\\\/\\\/www.webdo.tn\\\/fr\\\/\",\"name\":\"webdo\",\"description\":\"Tunisie - News en Tunisie et \u00e0 l&#039;international sur Webdo.tn\",\"publisher\":{\"@id\":\"https:\\\/\\\/www.webdo.tn\\\/fr\\\/#organization\"},\"potentialAction\":[{\"@type\":\"SearchAction\",\"target\":{\"@type\":\"EntryPoint\",\"urlTemplate\":\"https:\\\/\\\/www.webdo.tn\\\/fr\\\/?s={search_term_string}\"},\"query-input\":{\"@type\":\"PropertyValueSpecification\",\"valueRequired\":true,\"valueName\":\"search_term_string\"}}],\"inLanguage\":\"fr-FR\"},{\"@type\":\"Organization\",\"@id\":\"https:\\\/\\\/www.webdo.tn\\\/fr\\\/#organization\",\"name\":\"Webdo\",\"alternateName\":\"Webdo.tn\",\"url\":\"https:\\\/\\\/www.webdo.tn\\\/fr\\\/\",\"logo\":{\"@type\":\"ImageObject\",\"inLanguage\":\"fr-FR\",\"@id\":\"https:\\\/\\\/www.webdo.tn\\\/fr\\\/#\\\/schema\\\/logo\\\/image\\\/\",\"url\":\"https:\\\/\\\/www.webdo.tn\\\/fr\\\/wp-content\\\/uploads\\\/2025\\\/06\\\/Webdo-Tunisie_168377.jpg\",\"contentUrl\":\"https:\\\/\\\/www.webdo.tn\\\/fr\\\/wp-content\\\/uploads\\\/2025\\\/06\\\/Webdo-Tunisie_168377.jpg\",\"width\":301,\"height\":301,\"caption\":\"Webdo\"},\"image\":{\"@id\":\"https:\\\/\\\/www.webdo.tn\\\/fr\\\/#\\\/schema\\\/logo\\\/image\\\/\"},\"sameAs\":[\"https:\\\/\\\/www.facebook.com\\\/webdotn\",\"https:\\\/\\\/x.com\\\/webdo_tn\"],\"description\":\"Webdo est un m\u00e9dia num\u00e9rique tunisien fond\u00e9 en 2010, sp\u00e9cialis\u00e9 dans l\u2019actualit\u00e9 nationale et internationale, l\u2019\u00e9conomie, la soci\u00e9t\u00e9 et les analyses politiques. Le site s\u2019adresse \u00e0 un large public francophone et couvre l\u2019information tunisienne en temps r\u00e9el.\",\"email\":\"redac@webdo.tn\",\"legalName\":\"YNJ SARL\",\"foundingDate\":\"2010-09-06\",\"numberOfEmployees\":{\"@type\":\"QuantitativeValue\",\"minValue\":\"11\",\"maxValue\":\"50\"}},{\"@type\":\"Person\",\"@id\":\"https:\\\/\\\/www.webdo.tn\\\/fr\\\/#\\\/schema\\\/person\\\/2c4929cbf5a809e3bd38617c6ce150f6\",\"name\":\"MC\",\"image\":{\"@type\":\"ImageObject\",\"inLanguage\":\"fr-FR\",\"@id\":\"https:\\\/\\\/secure.gravatar.com\\\/avatar\\\/a545bbb6f84efdd5553dbbc2895e3ca8f1d12c5215e00a041c9670b54aa9b18a?s=96&d=mm&r=g\",\"url\":\"https:\\\/\\\/secure.gravatar.com\\\/avatar\\\/a545bbb6f84efdd5553dbbc2895e3ca8f1d12c5215e00a041c9670b54aa9b18a?s=96&d=mm&r=g\",\"contentUrl\":\"https:\\\/\\\/secure.gravatar.com\\\/avatar\\\/a545bbb6f84efdd5553dbbc2895e3ca8f1d12c5215e00a041c9670b54aa9b18a?s=96&d=mm&r=g\",\"caption\":\"MC\"},\"url\":\"https:\\\/\\\/www.webdo.tn\\\/fr\\\/actualite\\\/author\\\/mc\\\/\"}]}<\/script>\n<!-- \/ Yoast SEO Premium plugin. -->","yoast_head_json":{"title":"Tunisie : Condamn\u00e9 \u00e0 dix ans de prison pour un statut contre Kais Saied","description":"Incarc\u00e9r\u00e9 depuis ao\u00fbt 2021, un d\u00e9tenu a \u00e9t\u00e9 condamn\u00e9 \u00e0 dix ans de prison pour une publication dirig\u00e9e contre le pr\u00e9sident de la R\u00e9publique Kais Saied.","canonical":"https:\/\/www.webdo.tn\/fr\/actualite\/national-45\/tunisie-condamne-a-dix-ans-de-prison-pour-un-statut-contre-kais-saied\/201327\/","og_locale":"fr_FR","og_type":"article","og_title":"Tunisie : Condamn\u00e9 \u00e0 dix ans de prison pour un statut contre Kais Saied","og_description":"Incarc\u00e9r\u00e9 depuis ao\u00fbt 2021, un d\u00e9tenu a \u00e9t\u00e9 condamn\u00e9 \u00e0 dix ans de prison pour une publication dirig\u00e9e contre le pr\u00e9sident de la R\u00e9publique Kais Saied.","og_url":"https:\/\/www.webdo.tn\/fr\/actualite\/national-45\/tunisie-condamne-a-dix-ans-de-prison-pour-un-statut-contre-kais-saied\/201327\/","og_site_name":"webdo","article_publisher":"https:\/\/www.facebook.com\/webdotn","article_published_time":"2022-12-30T09:25:00+00:00","article_modified_time":"2025-05-22T11:39:28+00:00","og_image":[{"width":750,"height":400,"url":"https:\/\/www.webdo.tn\/fr\/wp-content\/uploads\/2022\/12\/0e616cba6ee16b1ecee2d17ff324a08c.jpg","type":"image\/jpeg"}],"author":"MC","twitter_card":"summary_large_image","twitter_creator":"@webdo_tn","twitter_site":"@webdo_tn","twitter_misc":{"\u00c9crit par":"MC","Dur\u00e9e de lecture estim\u00e9e":"1 minute"},"schema":{"@context":"https:\/\/schema.org","@graph":[{"@type":"NewsArticle","@id":"https:\/\/www.webdo.tn\/fr\/actualite\/national-45\/tunisie-condamne-a-dix-ans-de-prison-pour-un-statut-contre-kais-saied\/201327\/#article","isPartOf":{"@id":"https:\/\/www.webdo.tn\/fr\/actualite\/national-45\/tunisie-condamne-a-dix-ans-de-prison-pour-un-statut-contre-kais-saied\/201327\/"},"author":{"name":"MC","@id":"https:\/\/www.webdo.tn\/fr\/#\/schema\/person\/2c4929cbf5a809e3bd38617c6ce150f6"},"headline":"Tunisie : Condamn\u00e9 \u00e0 dix ans de prison pour un statut contre Kais Saied","datePublished":"2022-12-30T09:25:00+00:00","dateModified":"2025-05-22T11:39:28+00:00","mainEntityOfPage":{"@id":"https:\/\/www.webdo.tn\/fr\/actualite\/national-45\/tunisie-condamne-a-dix-ans-de-prison-pour-un-statut-contre-kais-saied\/201327\/"},"wordCount":124,"commentCount":0,"publisher":{"@id":"https:\/\/www.webdo.tn\/fr\/#organization"},"image":{"@id":"https:\/\/www.webdo.tn\/fr\/actualite\/national-45\/tunisie-condamne-a-dix-ans-de-prison-pour-un-statut-contre-kais-saied\/201327\/#primaryimage"},"thumbnailUrl":"https:\/\/www.webdo.tn\/fr\/wp-content\/uploads\/2022\/12\/0e616cba6ee16b1ecee2d17ff324a08c.jpg","keywords":["Kais Saied","peine","Prison","statut"],"articleSection":["National"],"inLanguage":"fr-FR"},{"@type":"WebPage","@id":"https:\/\/www.webdo.tn\/fr\/actualite\/national-45\/tunisie-condamne-a-dix-ans-de-prison-pour-un-statut-contre-kais-saied\/201327\/","url":"https:\/\/www.webdo.tn\/fr\/actualite\/national-45\/tunisie-condamne-a-dix-ans-de-prison-pour-un-statut-contre-kais-saied\/201327\/","name":"Tunisie : Condamn\u00e9 \u00e0 dix ans de prison pour un statut contre Kais Saied","isPartOf":{"@id":"https:\/\/www.webdo.tn\/fr\/#website"},"primaryImageOfPage":{"@id":"https:\/\/www.webdo.tn\/fr\/actualite\/national-45\/tunisie-condamne-a-dix-ans-de-prison-pour-un-statut-contre-kais-saied\/201327\/#primaryimage"},"image":{"@id":"https:\/\/www.webdo.tn\/fr\/actualite\/national-45\/tunisie-condamne-a-dix-ans-de-prison-pour-un-statut-contre-kais-saied\/201327\/#primaryimage"},"thumbnailUrl":"https:\/\/www.webdo.tn\/fr\/wp-content\/uploads\/2022\/12\/0e616cba6ee16b1ecee2d17ff324a08c.jpg","datePublished":"2022-12-30T09:25:00+00:00","dateModified":"2025-05-22T11:39:28+00:00","description":"Incarc\u00e9r\u00e9 depuis ao\u00fbt 2021, un d\u00e9tenu a \u00e9t\u00e9 condamn\u00e9 \u00e0 dix ans de prison pour une publication dirig\u00e9e contre le pr\u00e9sident de la R\u00e9publique Kais Saied.","breadcrumb":{"@id":"https:\/\/www.webdo.tn\/fr\/actualite\/national-45\/tunisie-condamne-a-dix-ans-de-prison-pour-un-statut-contre-kais-saied\/201327\/#breadcrumb"},"inLanguage":"fr-FR","potentialAction":[{"@type":"ReadAction","target":["https:\/\/www.webdo.tn\/fr\/actualite\/national-45\/tunisie-condamne-a-dix-ans-de-prison-pour-un-statut-contre-kais-saied\/201327\/"]}]},{"@type":"ImageObject","inLanguage":"fr-FR","@id":"https:\/\/www.webdo.tn\/fr\/actualite\/national-45\/tunisie-condamne-a-dix-ans-de-prison-pour-un-statut-contre-kais-saied\/201327\/#primaryimage","url":"https:\/\/www.webdo.tn\/fr\/wp-content\/uploads\/2022\/12\/0e616cba6ee16b1ecee2d17ff324a08c.jpg","contentUrl":"https:\/\/www.webdo.tn\/fr\/wp-content\/uploads\/2022\/12\/0e616cba6ee16b1ecee2d17ff324a08c.jpg","width":750,"height":400,"caption":"Tunisie : Condamn\u00e9 \u00e0 dix ans de prison pour un statut contre Kais Saied"},{"@type":"BreadcrumbList","@id":"https:\/\/www.webdo.tn\/fr\/actualite\/national-45\/tunisie-condamne-a-dix-ans-de-prison-pour-un-statut-contre-kais-saied\/201327\/#breadcrumb","itemListElement":[{"@type":"ListItem","position":1,"name":"Accueil","item":"https:\/\/www.webdo.tn\/fr\/"},{"@type":"ListItem","position":2,"name":"Tunisie : Condamn\u00e9 \u00e0 dix ans de prison pour un statut contre Kais Saied"}]},{"@type":"WebSite","@id":"https:\/\/www.webdo.tn\/fr\/#website","url":"https:\/\/www.webdo.tn\/fr\/","name":"webdo","description":"Tunisie - News en Tunisie et \u00e0 l&#039;international sur Webdo.tn","publisher":{"@id":"https:\/\/www.webdo.tn\/fr\/#organization"},"potentialAction":[{"@type":"SearchAction","target":{"@type":"EntryPoint","urlTemplate":"https:\/\/www.webdo.tn\/fr\/?s={search_term_string}"},"query-input":{"@type":"PropertyValueSpecification","valueRequired":true,"valueName":"search_term_string"}}],"inLanguage":"fr-FR"},{"@type":"Organization","@id":"https:\/\/www.webdo.tn\/fr\/#organization","name":"Webdo","alternateName":"Webdo.tn","url":"https:\/\/www.webdo.tn\/fr\/","logo":{"@type":"ImageObject","inLanguage":"fr-FR","@id":"https:\/\/www.webdo.tn\/fr\/#\/schema\/logo\/image\/","url":"https:\/\/www.webdo.tn\/fr\/wp-content\/uploads\/2025\/06\/Webdo-Tunisie_168377.jpg","contentUrl":"https:\/\/www.webdo.tn\/fr\/wp-content\/uploads\/2025\/06\/Webdo-Tunisie_168377.jpg","width":301,"height":301,"caption":"Webdo"},"image":{"@id":"https:\/\/www.webdo.tn\/fr\/#\/schema\/logo\/image\/"},"sameAs":["https:\/\/www.facebook.com\/webdotn","https:\/\/x.com\/webdo_tn"],"description":"Webdo est un m\u00e9dia num\u00e9rique tunisien fond\u00e9 en 2010, sp\u00e9cialis\u00e9 dans l\u2019actualit\u00e9 nationale et internationale, l\u2019\u00e9conomie, la soci\u00e9t\u00e9 et les analyses politiques. Le site s\u2019adresse \u00e0 un large public francophone et couvre l\u2019information tunisienne en temps r\u00e9el.","email":"redac@webdo.tn","legalName":"YNJ SARL","foundingDate":"2010-09-06","numberOfEmployees":{"@type":"QuantitativeValue","minValue":"11","maxValue":"50"}},{"@type":"Person","@id":"https:\/\/www.webdo.tn\/fr\/#\/schema\/person\/2c4929cbf5a809e3bd38617c6ce150f6","name":"MC","image":{"@type":"ImageObject","inLanguage":"fr-FR","@id":"https:\/\/secure.gravatar.com\/avatar\/a545bbb6f84efdd5553dbbc2895e3ca8f1d12c5215e00a041c9670b54aa9b18a?s=96&d=mm&r=g","url":"https:\/\/secure.gravatar.com\/avatar\/a545bbb6f84efdd5553dbbc2895e3ca8f1d12c5215e00a041c9670b54aa9b18a?s=96&d=mm&r=g","contentUrl":"https:\/\/secure.gravatar.com\/avatar\/a545bbb6f84efdd5553dbbc2895e3ca8f1d12c5215e00a041c9670b54aa9b18a?s=96&d=mm&r=g","caption":"MC"},"url":"https:\/\/www.webdo.tn\/fr\/actualite\/author\/mc\/"}]}},"_links":{"self":[{"href":"https:\/\/www.webdo.tn\/fr\/wp-json\/wp\/v2\/posts\/201327","targetHints":{"allow":["GET"]}}],"collection":[{"href":"https:\/\/www.webdo.tn\/fr\/wp-json\/wp\/v2\/posts"}],"about":[{"href":"https:\/\/www.webdo.tn\/fr\/wp-json\/wp\/v2\/types\/post"}],"author":[{"embeddable":true,"href":"https:\/\/www.webdo.tn\/fr\/wp-json\/wp\/v2\/users\/3162"}],"replies":[{"embeddable":true,"href":"https:\/\/www.webdo.tn\/fr\/wp-json\/wp\/v2\/comments?post=201327"}],"version-history":[{"count":0,"href":"https:\/\/www.webdo.tn\/fr\/wp-json\/wp\/v2\/posts\/201327\/revisions"}],"wp:featuredmedia":[{"embeddable":true,"href":"https:\/\/www.webdo.tn\/fr\/wp-json\/wp\/v2\/media\/348351"}],"wp:attachment":[{"href":"https:\/\/www.webdo.tn\/fr\/wp-json\/wp\/v2\/media?parent=201327"}],"wp:term":[{"taxonomy":"category","embeddable":true,"href":"https:\/\/www.webdo.tn\/fr\/wp-json\/wp\/v2\/categories?post=201327"},{"taxonomy":"post_tag","embeddable":true,"href":"https:\/\/www.webdo.tn\/fr\/wp-json\/wp\/v2\/tags?post=201327"}],"curies":[{"name":"wp","href":"https:\/\/api.w.org\/{rel}","templated":true}]}}