{"id":201320,"date":"2022-12-29T20:12:00","date_gmt":"2022-12-29T20:12:00","guid":{"rendered":"https:\/\/www.webdo.tn\/fr\/actualite\/blog\/pele-est-mort-a-l-age-de-82-ans\/201320\/"},"modified":"2025-05-22T11:39:27","modified_gmt":"2025-05-22T11:39:27","slug":"pele-est-mort-a-l-age-de-82-ans","status":"publish","type":"post","link":"https:\/\/www.webdo.tn\/fr\/actualite\/sport\/pele-est-mort-a-l-age-de-82-ans\/201320\/","title":{"rendered":"Pel\u00e9 est mort \u00e0 l\u2019\u00e2ge de 82\u00a0ans"},"content":{"rendered":"<p>Edson Arantes do Nascimento, plus connu sous le nom de Pel\u00e9, est d\u00e9c\u00e9d\u00e9 ce jeudi 29 d\u00e9cembre 2022, a annonc\u00e9 la presse br\u00e9silienne<\/p>\n<p> Le Br\u00e9silien, qui a \u00e9crit l\u2019histoire du football, est d\u00e9c\u00e9d\u00e9 aujourd&rsquo;hui \u00e0 l&rsquo;\u00e2ge de 82 ans, terrass\u00e9 par un cancer du c\u00f4lon qui s\u2019\u00e9tait aggrav\u00e9 ces derniers jours, des insuffisances cardiaques et r\u00e9nales le contraignant \u00e0 retourner \u00e0 l\u2019h\u00f4pital de S\u00e3o Paulo en soins palliatifs.<\/p>\n<p>Edson Arantes do Nascimento, n\u00e9 le 23\u00a0octobre 1940 \u00e0 Tres Cora\u00e7oes au Br\u00e9sil, a jou\u00e9 jusqu\u2019\u00e0 ses 37\u00a0ans au football, a \u00e9t\u00e9 trois fois champion du monde avec la Sele\u00e7ao (1958, 1962 et 1970). Un exploit unique \u00e0 ce jour.<\/p>\n<p>Il avait commenc\u00e9 sa carri\u00e8re de joueur professionnel en 1956 \u00e0 Santos, et int\u00e9gr\u00e9 la s\u00e9lection br\u00e9silienne, avec le fameux num\u00e9ro\u00a010 dans le dos, l\u2019ann\u00e9e suivante, \u00e0 17\u00a0ans.<\/p>\n<p>Pel\u00e9 avait \u00e9t\u00e9 admis \u00e0 l\u2019h\u00f4pital le 29\u00a0novembre pour une infection respiratoire cons\u00e9cutive \u00e0 une contamination au Covid, et pour une r\u00e9\u00e9valuation de son traitement anticanc\u00e9reux, la chimioth\u00e9rapie qu\u2019il suivait ayant apparemment \u00e9t\u00e9 inefficace.<\/p>\n","protected":false},"excerpt":{"rendered":"<p>Edson Arantes do Nascimento, plus connu sous le nom de Pel\u00e9, est d\u00e9c\u00e9d\u00e9 ce jeudi 29 d\u00e9cembre 2022, a annonc\u00e9 la presse br\u00e9silienne<\/p>\n","protected":false},"author":3162,"featured_media":348349,"comment_status":"open","ping_status":"closed","sticky":false,"template":"","format":"standard","meta":{"footnotes":""},"categories":[2593],"tags":[8894],"class_list":["post-201320","post","type-post","status-publish","format-standard","has-post-thumbnail","hentry","category-sport","tag-pele"],"yoast_head":"<!-- This site is optimized with the Yoast SEO Premium plugin v27.5 (Yoast SEO v27.5) - https:\/\/yoast.com\/product\/yoast-seo-premium-wordpress\/ -->\n<title>Pel\u00e9 est mort \u00e0 l\u2019\u00e2ge de 82\u00a0ans<\/title>\n<meta name=\"description\" content=\"Edson Arantes do Nascimento, plus connu sous le nom de Pel\u00e9, est d\u00e9c\u00e9d\u00e9 ce jeudi 29 d\u00e9cembre 2022, a annonc\u00e9 la presse br\u00e9silienne\" \/>\n<link rel=\"canonical\" href=\"https:\/\/www.webdo.tn\/fr\/actualite\/sport\/pele-est-mort-a-l-age-de-82-ans\/201320\/\" \/>\n<meta property=\"og:locale\" content=\"fr_FR\" \/>\n<meta property=\"og:type\" content=\"article\" \/>\n<meta property=\"og:title\" content=\"Pel\u00e9 est mort \u00e0 l\u2019\u00e2ge de 82\u00a0ans\" \/>\n<meta property=\"og:description\" content=\"Edson Arantes do Nascimento, plus connu sous le nom de Pel\u00e9, est d\u00e9c\u00e9d\u00e9 ce jeudi 29 d\u00e9cembre 2022, a annonc\u00e9 la presse br\u00e9silienne\" \/>\n<meta property=\"og:url\" content=\"https:\/\/www.webdo.tn\/fr\/actualite\/sport\/pele-est-mort-a-l-age-de-82-ans\/201320\/\" \/>\n<meta property=\"og:site_name\" content=\"webdo\" \/>\n<meta property=\"article:publisher\" content=\"https:\/\/www.facebook.com\/webdotn\" \/>\n<meta property=\"article:published_time\" content=\"2022-12-29T20:12:00+00:00\" \/>\n<meta property=\"article:modified_time\" content=\"2025-05-22T11:39:27+00:00\" \/>\n<meta property=\"og:image\" content=\"https:\/\/www.webdo.tn\/fr\/wp-content\/uploads\/2022\/12\/0ec6dfd3c05ade0aab091038650a38fc.jpg\" \/>\n\t<meta property=\"og:image:width\" content=\"750\" \/>\n\t<meta property=\"og:image:height\" content=\"400\" \/>\n\t<meta property=\"og:image:type\" content=\"image\/jpeg\" \/>\n<meta name=\"author\" content=\"MC\" \/>\n<meta name=\"twitter:card\" content=\"summary_large_image\" \/>\n<meta name=\"twitter:creator\" content=\"@webdo_tn\" \/>\n<meta name=\"twitter:site\" content=\"@webdo_tn\" \/>\n<meta name=\"twitter:label1\" content=\"\u00c9crit par\" \/>\n\t<meta name=\"twitter:data1\" content=\"MC\" \/>\n\t<meta name=\"twitter:label2\" content=\"Dur\u00e9e de lecture estim\u00e9e\" \/>\n\t<meta name=\"twitter:data2\" content=\"1 minute\" \/>\n<script type=\"application\/ld+json\" class=\"yoast-schema-graph\">{\"@context\":\"https:\\\/\\\/schema.org\",\"@graph\":[{\"@type\":\"NewsArticle\",\"@id\":\"https:\\\/\\\/www.webdo.tn\\\/fr\\\/actualite\\\/sport\\\/pele-est-mort-a-l-age-de-82-ans\\\/201320\\\/#article\",\"isPartOf\":{\"@id\":\"https:\\\/\\\/www.webdo.tn\\\/fr\\\/actualite\\\/sport\\\/pele-est-mort-a-l-age-de-82-ans\\\/201320\\\/\"},\"author\":{\"name\":\"MC\",\"@id\":\"https:\\\/\\\/www.webdo.tn\\\/fr\\\/#\\\/schema\\\/person\\\/2c4929cbf5a809e3bd38617c6ce150f6\"},\"headline\":\"Pel\u00e9 est mort \u00e0 l\u2019\u00e2ge de 82\u00a0ans\",\"datePublished\":\"2022-12-29T20:12:00+00:00\",\"dateModified\":\"2025-05-22T11:39:27+00:00\",\"mainEntityOfPage\":{\"@id\":\"https:\\\/\\\/www.webdo.tn\\\/fr\\\/actualite\\\/sport\\\/pele-est-mort-a-l-age-de-82-ans\\\/201320\\\/\"},\"wordCount\":193,\"commentCount\":0,\"publisher\":{\"@id\":\"https:\\\/\\\/www.webdo.tn\\\/fr\\\/#organization\"},\"image\":{\"@id\":\"https:\\\/\\\/www.webdo.tn\\\/fr\\\/actualite\\\/sport\\\/pele-est-mort-a-l-age-de-82-ans\\\/201320\\\/#primaryimage\"},\"thumbnailUrl\":\"https:\\\/\\\/www.webdo.tn\\\/fr\\\/wp-content\\\/uploads\\\/2022\\\/12\\\/0ec6dfd3c05ade0aab091038650a38fc.jpg\",\"keywords\":[\"Pel\u00e9\"],\"articleSection\":[\"Sport\"],\"inLanguage\":\"fr-FR\"},{\"@type\":\"WebPage\",\"@id\":\"https:\\\/\\\/www.webdo.tn\\\/fr\\\/actualite\\\/sport\\\/pele-est-mort-a-l-age-de-82-ans\\\/201320\\\/\",\"url\":\"https:\\\/\\\/www.webdo.tn\\\/fr\\\/actualite\\\/sport\\\/pele-est-mort-a-l-age-de-82-ans\\\/201320\\\/\",\"name\":\"Pel\u00e9 est mort \u00e0 l\u2019\u00e2ge de 82\u00a0ans\",\"isPartOf\":{\"@id\":\"https:\\\/\\\/www.webdo.tn\\\/fr\\\/#website\"},\"primaryImageOfPage\":{\"@id\":\"https:\\\/\\\/www.webdo.tn\\\/fr\\\/actualite\\\/sport\\\/pele-est-mort-a-l-age-de-82-ans\\\/201320\\\/#primaryimage\"},\"image\":{\"@id\":\"https:\\\/\\\/www.webdo.tn\\\/fr\\\/actualite\\\/sport\\\/pele-est-mort-a-l-age-de-82-ans\\\/201320\\\/#primaryimage\"},\"thumbnailUrl\":\"https:\\\/\\\/www.webdo.tn\\\/fr\\\/wp-content\\\/uploads\\\/2022\\\/12\\\/0ec6dfd3c05ade0aab091038650a38fc.jpg\",\"datePublished\":\"2022-12-29T20:12:00+00:00\",\"dateModified\":\"2025-05-22T11:39:27+00:00\",\"description\":\"Edson Arantes do Nascimento, plus connu sous le nom de Pel\u00e9, est d\u00e9c\u00e9d\u00e9 ce jeudi 29 d\u00e9cembre 2022, a annonc\u00e9 la presse br\u00e9silienne\",\"breadcrumb\":{\"@id\":\"https:\\\/\\\/www.webdo.tn\\\/fr\\\/actualite\\\/sport\\\/pele-est-mort-a-l-age-de-82-ans\\\/201320\\\/#breadcrumb\"},\"inLanguage\":\"fr-FR\",\"potentialAction\":[{\"@type\":\"ReadAction\",\"target\":[\"https:\\\/\\\/www.webdo.tn\\\/fr\\\/actualite\\\/sport\\\/pele-est-mort-a-l-age-de-82-ans\\\/201320\\\/\"]}]},{\"@type\":\"ImageObject\",\"inLanguage\":\"fr-FR\",\"@id\":\"https:\\\/\\\/www.webdo.tn\\\/fr\\\/actualite\\\/sport\\\/pele-est-mort-a-l-age-de-82-ans\\\/201320\\\/#primaryimage\",\"url\":\"https:\\\/\\\/www.webdo.tn\\\/fr\\\/wp-content\\\/uploads\\\/2022\\\/12\\\/0ec6dfd3c05ade0aab091038650a38fc.jpg\",\"contentUrl\":\"https:\\\/\\\/www.webdo.tn\\\/fr\\\/wp-content\\\/uploads\\\/2022\\\/12\\\/0ec6dfd3c05ade0aab091038650a38fc.jpg\",\"width\":750,\"height\":400,\"caption\":\"Pel\u00e9 est mort \u00e0 l\u2019\u00e2ge de 82\u00a0ans\"},{\"@type\":\"BreadcrumbList\",\"@id\":\"https:\\\/\\\/www.webdo.tn\\\/fr\\\/actualite\\\/sport\\\/pele-est-mort-a-l-age-de-82-ans\\\/201320\\\/#breadcrumb\",\"itemListElement\":[{\"@type\":\"ListItem\",\"position\":1,\"name\":\"Accueil\",\"item\":\"https:\\\/\\\/www.webdo.tn\\\/fr\\\/\"},{\"@type\":\"ListItem\",\"position\":2,\"name\":\"Pel\u00e9 est mort \u00e0 l\u2019\u00e2ge de 82\u00a0ans\"}]},{\"@type\":\"WebSite\",\"@id\":\"https:\\\/\\\/www.webdo.tn\\\/fr\\\/#website\",\"url\":\"https:\\\/\\\/www.webdo.tn\\\/fr\\\/\",\"name\":\"webdo\",\"description\":\"Tunisie - News en Tunisie et \u00e0 l&#039;international sur Webdo.tn\",\"publisher\":{\"@id\":\"https:\\\/\\\/www.webdo.tn\\\/fr\\\/#organization\"},\"potentialAction\":[{\"@type\":\"SearchAction\",\"target\":{\"@type\":\"EntryPoint\",\"urlTemplate\":\"https:\\\/\\\/www.webdo.tn\\\/fr\\\/?s={search_term_string}\"},\"query-input\":{\"@type\":\"PropertyValueSpecification\",\"valueRequired\":true,\"valueName\":\"search_term_string\"}}],\"inLanguage\":\"fr-FR\"},{\"@type\":\"Organization\",\"@id\":\"https:\\\/\\\/www.webdo.tn\\\/fr\\\/#organization\",\"name\":\"Webdo\",\"alternateName\":\"Webdo.tn\",\"url\":\"https:\\\/\\\/www.webdo.tn\\\/fr\\\/\",\"logo\":{\"@type\":\"ImageObject\",\"inLanguage\":\"fr-FR\",\"@id\":\"https:\\\/\\\/www.webdo.tn\\\/fr\\\/#\\\/schema\\\/logo\\\/image\\\/\",\"url\":\"https:\\\/\\\/www.webdo.tn\\\/fr\\\/wp-content\\\/uploads\\\/2025\\\/06\\\/Webdo-Tunisie_168377.jpg\",\"contentUrl\":\"https:\\\/\\\/www.webdo.tn\\\/fr\\\/wp-content\\\/uploads\\\/2025\\\/06\\\/Webdo-Tunisie_168377.jpg\",\"width\":301,\"height\":301,\"caption\":\"Webdo\"},\"image\":{\"@id\":\"https:\\\/\\\/www.webdo.tn\\\/fr\\\/#\\\/schema\\\/logo\\\/image\\\/\"},\"sameAs\":[\"https:\\\/\\\/www.facebook.com\\\/webdotn\",\"https:\\\/\\\/x.com\\\/webdo_tn\"],\"description\":\"Webdo est un m\u00e9dia num\u00e9rique tunisien fond\u00e9 en 2010, sp\u00e9cialis\u00e9 dans l\u2019actualit\u00e9 nationale et internationale, l\u2019\u00e9conomie, la soci\u00e9t\u00e9 et les analyses politiques. Le site s\u2019adresse \u00e0 un large public francophone et couvre l\u2019information tunisienne en temps r\u00e9el.\",\"email\":\"redac@webdo.tn\",\"legalName\":\"YNJ SARL\",\"foundingDate\":\"2010-09-06\",\"numberOfEmployees\":{\"@type\":\"QuantitativeValue\",\"minValue\":\"11\",\"maxValue\":\"50\"}},{\"@type\":\"Person\",\"@id\":\"https:\\\/\\\/www.webdo.tn\\\/fr\\\/#\\\/schema\\\/person\\\/2c4929cbf5a809e3bd38617c6ce150f6\",\"name\":\"MC\",\"image\":{\"@type\":\"ImageObject\",\"inLanguage\":\"fr-FR\",\"@id\":\"https:\\\/\\\/secure.gravatar.com\\\/avatar\\\/a545bbb6f84efdd5553dbbc2895e3ca8f1d12c5215e00a041c9670b54aa9b18a?s=96&d=mm&r=g\",\"url\":\"https:\\\/\\\/secure.gravatar.com\\\/avatar\\\/a545bbb6f84efdd5553dbbc2895e3ca8f1d12c5215e00a041c9670b54aa9b18a?s=96&d=mm&r=g\",\"contentUrl\":\"https:\\\/\\\/secure.gravatar.com\\\/avatar\\\/a545bbb6f84efdd5553dbbc2895e3ca8f1d12c5215e00a041c9670b54aa9b18a?s=96&d=mm&r=g\",\"caption\":\"MC\"},\"url\":\"https:\\\/\\\/www.webdo.tn\\\/fr\\\/actualite\\\/author\\\/mc\\\/\"}]}<\/script>\n<!-- \/ Yoast SEO Premium plugin. -->","yoast_head_json":{"title":"Pel\u00e9 est mort \u00e0 l\u2019\u00e2ge de 82\u00a0ans","description":"Edson Arantes do Nascimento, plus connu sous le nom de Pel\u00e9, est d\u00e9c\u00e9d\u00e9 ce jeudi 29 d\u00e9cembre 2022, a annonc\u00e9 la presse br\u00e9silienne","canonical":"https:\/\/www.webdo.tn\/fr\/actualite\/sport\/pele-est-mort-a-l-age-de-82-ans\/201320\/","og_locale":"fr_FR","og_type":"article","og_title":"Pel\u00e9 est mort \u00e0 l\u2019\u00e2ge de 82\u00a0ans","og_description":"Edson Arantes do Nascimento, plus connu sous le nom de Pel\u00e9, est d\u00e9c\u00e9d\u00e9 ce jeudi 29 d\u00e9cembre 2022, a annonc\u00e9 la presse br\u00e9silienne","og_url":"https:\/\/www.webdo.tn\/fr\/actualite\/sport\/pele-est-mort-a-l-age-de-82-ans\/201320\/","og_site_name":"webdo","article_publisher":"https:\/\/www.facebook.com\/webdotn","article_published_time":"2022-12-29T20:12:00+00:00","article_modified_time":"2025-05-22T11:39:27+00:00","og_image":[{"width":750,"height":400,"url":"https:\/\/www.webdo.tn\/fr\/wp-content\/uploads\/2022\/12\/0ec6dfd3c05ade0aab091038650a38fc.jpg","type":"image\/jpeg"}],"author":"MC","twitter_card":"summary_large_image","twitter_creator":"@webdo_tn","twitter_site":"@webdo_tn","twitter_misc":{"\u00c9crit par":"MC","Dur\u00e9e de lecture estim\u00e9e":"1 minute"},"schema":{"@context":"https:\/\/schema.org","@graph":[{"@type":"NewsArticle","@id":"https:\/\/www.webdo.tn\/fr\/actualite\/sport\/pele-est-mort-a-l-age-de-82-ans\/201320\/#article","isPartOf":{"@id":"https:\/\/www.webdo.tn\/fr\/actualite\/sport\/pele-est-mort-a-l-age-de-82-ans\/201320\/"},"author":{"name":"MC","@id":"https:\/\/www.webdo.tn\/fr\/#\/schema\/person\/2c4929cbf5a809e3bd38617c6ce150f6"},"headline":"Pel\u00e9 est mort \u00e0 l\u2019\u00e2ge de 82\u00a0ans","datePublished":"2022-12-29T20:12:00+00:00","dateModified":"2025-05-22T11:39:27+00:00","mainEntityOfPage":{"@id":"https:\/\/www.webdo.tn\/fr\/actualite\/sport\/pele-est-mort-a-l-age-de-82-ans\/201320\/"},"wordCount":193,"commentCount":0,"publisher":{"@id":"https:\/\/www.webdo.tn\/fr\/#organization"},"image":{"@id":"https:\/\/www.webdo.tn\/fr\/actualite\/sport\/pele-est-mort-a-l-age-de-82-ans\/201320\/#primaryimage"},"thumbnailUrl":"https:\/\/www.webdo.tn\/fr\/wp-content\/uploads\/2022\/12\/0ec6dfd3c05ade0aab091038650a38fc.jpg","keywords":["Pel\u00e9"],"articleSection":["Sport"],"inLanguage":"fr-FR"},{"@type":"WebPage","@id":"https:\/\/www.webdo.tn\/fr\/actualite\/sport\/pele-est-mort-a-l-age-de-82-ans\/201320\/","url":"https:\/\/www.webdo.tn\/fr\/actualite\/sport\/pele-est-mort-a-l-age-de-82-ans\/201320\/","name":"Pel\u00e9 est mort \u00e0 l\u2019\u00e2ge de 82\u00a0ans","isPartOf":{"@id":"https:\/\/www.webdo.tn\/fr\/#website"},"primaryImageOfPage":{"@id":"https:\/\/www.webdo.tn\/fr\/actualite\/sport\/pele-est-mort-a-l-age-de-82-ans\/201320\/#primaryimage"},"image":{"@id":"https:\/\/www.webdo.tn\/fr\/actualite\/sport\/pele-est-mort-a-l-age-de-82-ans\/201320\/#primaryimage"},"thumbnailUrl":"https:\/\/www.webdo.tn\/fr\/wp-content\/uploads\/2022\/12\/0ec6dfd3c05ade0aab091038650a38fc.jpg","datePublished":"2022-12-29T20:12:00+00:00","dateModified":"2025-05-22T11:39:27+00:00","description":"Edson Arantes do Nascimento, plus connu sous le nom de Pel\u00e9, est d\u00e9c\u00e9d\u00e9 ce jeudi 29 d\u00e9cembre 2022, a annonc\u00e9 la presse br\u00e9silienne","breadcrumb":{"@id":"https:\/\/www.webdo.tn\/fr\/actualite\/sport\/pele-est-mort-a-l-age-de-82-ans\/201320\/#breadcrumb"},"inLanguage":"fr-FR","potentialAction":[{"@type":"ReadAction","target":["https:\/\/www.webdo.tn\/fr\/actualite\/sport\/pele-est-mort-a-l-age-de-82-ans\/201320\/"]}]},{"@type":"ImageObject","inLanguage":"fr-FR","@id":"https:\/\/www.webdo.tn\/fr\/actualite\/sport\/pele-est-mort-a-l-age-de-82-ans\/201320\/#primaryimage","url":"https:\/\/www.webdo.tn\/fr\/wp-content\/uploads\/2022\/12\/0ec6dfd3c05ade0aab091038650a38fc.jpg","contentUrl":"https:\/\/www.webdo.tn\/fr\/wp-content\/uploads\/2022\/12\/0ec6dfd3c05ade0aab091038650a38fc.jpg","width":750,"height":400,"caption":"Pel\u00e9 est mort \u00e0 l\u2019\u00e2ge de 82\u00a0ans"},{"@type":"BreadcrumbList","@id":"https:\/\/www.webdo.tn\/fr\/actualite\/sport\/pele-est-mort-a-l-age-de-82-ans\/201320\/#breadcrumb","itemListElement":[{"@type":"ListItem","position":1,"name":"Accueil","item":"https:\/\/www.webdo.tn\/fr\/"},{"@type":"ListItem","position":2,"name":"Pel\u00e9 est mort \u00e0 l\u2019\u00e2ge de 82\u00a0ans"}]},{"@type":"WebSite","@id":"https:\/\/www.webdo.tn\/fr\/#website","url":"https:\/\/www.webdo.tn\/fr\/","name":"webdo","description":"Tunisie - News en Tunisie et \u00e0 l&#039;international sur Webdo.tn","publisher":{"@id":"https:\/\/www.webdo.tn\/fr\/#organization"},"potentialAction":[{"@type":"SearchAction","target":{"@type":"EntryPoint","urlTemplate":"https:\/\/www.webdo.tn\/fr\/?s={search_term_string}"},"query-input":{"@type":"PropertyValueSpecification","valueRequired":true,"valueName":"search_term_string"}}],"inLanguage":"fr-FR"},{"@type":"Organization","@id":"https:\/\/www.webdo.tn\/fr\/#organization","name":"Webdo","alternateName":"Webdo.tn","url":"https:\/\/www.webdo.tn\/fr\/","logo":{"@type":"ImageObject","inLanguage":"fr-FR","@id":"https:\/\/www.webdo.tn\/fr\/#\/schema\/logo\/image\/","url":"https:\/\/www.webdo.tn\/fr\/wp-content\/uploads\/2025\/06\/Webdo-Tunisie_168377.jpg","contentUrl":"https:\/\/www.webdo.tn\/fr\/wp-content\/uploads\/2025\/06\/Webdo-Tunisie_168377.jpg","width":301,"height":301,"caption":"Webdo"},"image":{"@id":"https:\/\/www.webdo.tn\/fr\/#\/schema\/logo\/image\/"},"sameAs":["https:\/\/www.facebook.com\/webdotn","https:\/\/x.com\/webdo_tn"],"description":"Webdo est un m\u00e9dia num\u00e9rique tunisien fond\u00e9 en 2010, sp\u00e9cialis\u00e9 dans l\u2019actualit\u00e9 nationale et internationale, l\u2019\u00e9conomie, la soci\u00e9t\u00e9 et les analyses politiques. Le site s\u2019adresse \u00e0 un large public francophone et couvre l\u2019information tunisienne en temps r\u00e9el.","email":"redac@webdo.tn","legalName":"YNJ SARL","foundingDate":"2010-09-06","numberOfEmployees":{"@type":"QuantitativeValue","minValue":"11","maxValue":"50"}},{"@type":"Person","@id":"https:\/\/www.webdo.tn\/fr\/#\/schema\/person\/2c4929cbf5a809e3bd38617c6ce150f6","name":"MC","image":{"@type":"ImageObject","inLanguage":"fr-FR","@id":"https:\/\/secure.gravatar.com\/avatar\/a545bbb6f84efdd5553dbbc2895e3ca8f1d12c5215e00a041c9670b54aa9b18a?s=96&d=mm&r=g","url":"https:\/\/secure.gravatar.com\/avatar\/a545bbb6f84efdd5553dbbc2895e3ca8f1d12c5215e00a041c9670b54aa9b18a?s=96&d=mm&r=g","contentUrl":"https:\/\/secure.gravatar.com\/avatar\/a545bbb6f84efdd5553dbbc2895e3ca8f1d12c5215e00a041c9670b54aa9b18a?s=96&d=mm&r=g","caption":"MC"},"url":"https:\/\/www.webdo.tn\/fr\/actualite\/author\/mc\/"}]}},"_links":{"self":[{"href":"https:\/\/www.webdo.tn\/fr\/wp-json\/wp\/v2\/posts\/201320","targetHints":{"allow":["GET"]}}],"collection":[{"href":"https:\/\/www.webdo.tn\/fr\/wp-json\/wp\/v2\/posts"}],"about":[{"href":"https:\/\/www.webdo.tn\/fr\/wp-json\/wp\/v2\/types\/post"}],"author":[{"embeddable":true,"href":"https:\/\/www.webdo.tn\/fr\/wp-json\/wp\/v2\/users\/3162"}],"replies":[{"embeddable":true,"href":"https:\/\/www.webdo.tn\/fr\/wp-json\/wp\/v2\/comments?post=201320"}],"version-history":[{"count":0,"href":"https:\/\/www.webdo.tn\/fr\/wp-json\/wp\/v2\/posts\/201320\/revisions"}],"wp:featuredmedia":[{"embeddable":true,"href":"https:\/\/www.webdo.tn\/fr\/wp-json\/wp\/v2\/media\/348349"}],"wp:attachment":[{"href":"https:\/\/www.webdo.tn\/fr\/wp-json\/wp\/v2\/media?parent=201320"}],"wp:term":[{"taxonomy":"category","embeddable":true,"href":"https:\/\/www.webdo.tn\/fr\/wp-json\/wp\/v2\/categories?post=201320"},{"taxonomy":"post_tag","embeddable":true,"href":"https:\/\/www.webdo.tn\/fr\/wp-json\/wp\/v2\/tags?post=201320"}],"curies":[{"name":"wp","href":"https:\/\/api.w.org\/{rel}","templated":true}]}}