{"id":201317,"date":"2022-12-29T19:26:00","date_gmt":"2022-12-29T19:26:00","guid":{"rendered":"https:\/\/www.webdo.tn\/fr\/blog\/le-conseil-des-ministres-approuve-plusieurs-projets-de-decrets-a-caractere-social\/201317\/"},"modified":"2025-05-20T22:06:35","modified_gmt":"2025-05-20T22:06:35","slug":"le-conseil-des-ministres-approuve-plusieurs-projets-de-decrets-a-caractere-social","status":"publish","type":"post","link":"https:\/\/www.webdo.tn\/fr\/actualite\/national\/le-conseil-des-ministres-approuve-plusieurs-projets-de-decrets-a-caractere-social\/201317\/","title":{"rendered":"Le Conseil des ministres approuve plusieurs projets de d\u00e9crets \u00e0 caract\u00e8re social"},"content":{"rendered":"<p>Le Conseil des ministres a \u00e9t\u00e9 tenu, ce jeudi 29 d\u00e9cembre 2022 au Palais du gouvernement \u00e0 la Kasbah, sous la pr\u00e9sidence de la cheffe du gouvernement, Najla Bouden, au cours duquel pont \u00e9t\u00e9 approuv\u00e9s des projets de d\u00e9crets \u00e0 caract\u00e8re social.<\/p>\n<p>\t\t\t\t\t\t\t\t\tIl s&rsquo;agit des projets de d\u00e9crets suivants :<\/p>\n<p>&#8211; Projet de d\u00e9cret relatif \u00e0 la prorogation des d\u00e9lais de r\u00e9alisation du plan relatif \u00e0 la mise en \u0153uvre de la strat\u00e9gie de promotion des exportations et des investissements dans le secteur de la sant\u00e9.<\/p>\n<p>&#8211; Projets de d\u00e9crets relatifs \u00e0 la cr\u00e9ation d&rsquo;\u00e9tablissements publics de sant\u00e9 et \u00e0 la dissolution d&rsquo;\u00e9tablissements publics \u00e0 caract\u00e8re administratif (H\u00f4pital Habib Bougatfa \u00e0 Bizerte, H\u00f4pital Habib Bourguiba \u00e0 M\u00e9denine, H\u00f4pital Mohamed Taher Maamouri \u00e0 Nabeul, H\u00f4pital Ibn Jazzar \u00e0 Kairouan).<\/p>\n<p>&#8211; Projet de d\u00e9cret portant cr\u00e9ation d&rsquo;\u00e9tablissements publics sous la tutelle du minist\u00e8re de l&rsquo;\u00e9ducation.<\/p>\n<p>&#8211; Projet de d\u00e9cret relatif \u00e0 la cr\u00e9ation d&rsquo;un \u00e9tablissement de services universitaires.<\/p>\n<p>&#8211; Projet de d\u00e9cret relatif \u00e0 la cr\u00e9ation du \u00ab\u00a0Prix du Pr\u00e9sident de la R\u00e9publique pour l&rsquo;excellence num\u00e9rique\u00a0\u00bb.<\/p>\n<p>&#8211; Projet de d\u00e9cret modifiant le d\u00e9cret gouvernemental n\u00b0 2016-1126 du 18 ao\u00fbt 2016 fixant les modalit\u00e9s et conditions d&rsquo;intervention du fonds de promotion du logement pour les salari\u00e9s.<\/p>\n<p>&#8211; Projet de d\u00e9cret modifiant et compl\u00e9tant le d\u00e9cret n\u00b0 2009-2060 du 23 juin 2009, relatif \u00e0 la cr\u00e9ation et \u00e0 l&rsquo;organisation du prix de la meilleure recherche scientifique f\u00e9minine.<\/p>\n<p>&#8211; Projet de d\u00e9cret modifiant et compl\u00e9tant le d\u00e9cret gouvernemental n\u00b0 2019-542 du 28 mai 2019, fixant les programmes du fonds national de l\u2019emploi ainsi que les conditions et les modalit\u00e9s d&rsquo;en b\u00e9n\u00e9ficier.<\/p>\n<p>&#8211; Projet de d\u00e9cret fixant des dispositions exceptionnelles relatives aux agents et ouvriers temporaires ainsi qu&rsquo;aux agents contractuels de l&rsquo;Etat, des collectivit\u00e9s locales et des \u00e9tablissements publics \u00e0 caract\u00e8re administratif.<\/p>\n<p>Le conseil minist\u00e9riel a \u00e9galement adopt\u00e9 des projets de d\u00e9crets-lois et de d\u00e9crets \u00e0 caract\u00e8re \u00e9conomique.<\/p>\n<p>Les projets concernent les d\u00e9lits financiers, la coop\u00e9ration internationale, l&rsquo;infrastructure routi\u00e8re et fonci\u00e8re, ainsi que la cr\u00e9ation de nouvelles structures, telles que l&rsquo;Office des fermes militaires et la cr\u00e9ation des zones irrigu\u00e9es, a indiqu\u00e9 aujourd&rsquo;hui la Pr\u00e9sidence du gouvernement dans un communiqu\u00e9.<\/p>\n","protected":false},"excerpt":{"rendered":"<p>Le Conseil des ministres a \u00e9t\u00e9 tenu, ce jeudi 29 d\u00e9cembre 2022 au Palais du gouvernement \u00e0 la Kasbah, sous la pr\u00e9sidence de la cheffe du gouvernement, Najla Bou&#8230;<\/p>\n","protected":false},"author":3162,"featured_media":277507,"comment_status":"open","ping_status":"closed","sticky":false,"template":"","format":"standard","meta":{"footnotes":""},"categories":[44],"tags":[5449,5450,3930],"class_list":["post-201317","post","type-post","status-publish","format-standard","has-post-thumbnail","hentry","category-national","tag-conseil-des-ministres","tag-decrets","tag-social"],"yoast_head":"<!-- This site is optimized with the Yoast SEO Premium plugin v27.5 (Yoast SEO v27.5) - https:\/\/yoast.com\/product\/yoast-seo-premium-wordpress\/ -->\n<title>Le Conseil des ministres approuve plusieurs projets de d\u00e9crets \u00e0 caract\u00e8re social<\/title>\n<meta name=\"description\" content=\"Le Conseil des ministres a \u00e9t\u00e9 tenu, ce jeudi 29 d\u00e9cembre 2022 au Palais du gouvernement \u00e0 la Kasbah, sous la pr\u00e9sidence de la cheffe du gouvernement, Najla Bou...\" \/>\n<link rel=\"canonical\" href=\"https:\/\/www.webdo.tn\/fr\/actualite\/national\/le-conseil-des-ministres-approuve-plusieurs-projets-de-decrets-a-caractere-social\/201317\/\" \/>\n<meta property=\"og:locale\" content=\"fr_FR\" \/>\n<meta property=\"og:type\" content=\"article\" \/>\n<meta property=\"og:title\" content=\"Le Conseil des ministres approuve plusieurs projets de d\u00e9crets \u00e0 caract\u00e8re social\" \/>\n<meta property=\"og:description\" content=\"Le Conseil des ministres a \u00e9t\u00e9 tenu, ce jeudi 29 d\u00e9cembre 2022 au Palais du gouvernement \u00e0 la Kasbah, sous la pr\u00e9sidence de la cheffe du gouvernement, Najla Bou...\" \/>\n<meta property=\"og:url\" content=\"https:\/\/www.webdo.tn\/fr\/actualite\/national\/le-conseil-des-ministres-approuve-plusieurs-projets-de-decrets-a-caractere-social\/201317\/\" \/>\n<meta property=\"og:site_name\" content=\"webdo\" \/>\n<meta property=\"article:publisher\" content=\"https:\/\/www.facebook.com\/webdotn\" \/>\n<meta property=\"article:published_time\" content=\"2022-12-29T19:26:00+00:00\" \/>\n<meta property=\"article:modified_time\" content=\"2025-05-20T22:06:35+00:00\" \/>\n<meta property=\"og:image\" content=\"https:\/\/www.webdo.tn\/fr\/wp-content\/uploads\/2022\/12\/08c43b1da7958c8125b8aacb380bb755.jpg\" \/>\n\t<meta property=\"og:image:width\" content=\"750\" \/>\n\t<meta property=\"og:image:height\" content=\"400\" \/>\n\t<meta property=\"og:image:type\" content=\"image\/jpeg\" \/>\n<meta name=\"author\" content=\"MC\" \/>\n<meta name=\"twitter:card\" content=\"summary_large_image\" \/>\n<meta name=\"twitter:creator\" content=\"@webdo_tn\" \/>\n<meta name=\"twitter:site\" content=\"@webdo_tn\" \/>\n<meta name=\"twitter:label1\" content=\"\u00c9crit par\" \/>\n\t<meta name=\"twitter:data1\" content=\"MC\" \/>\n\t<meta name=\"twitter:label2\" content=\"Dur\u00e9e de lecture estim\u00e9e\" \/>\n\t<meta name=\"twitter:data2\" content=\"2 minutes\" \/>\n<script type=\"application\/ld+json\" class=\"yoast-schema-graph\">{\"@context\":\"https:\\\/\\\/schema.org\",\"@graph\":[{\"@type\":\"NewsArticle\",\"@id\":\"https:\\\/\\\/www.webdo.tn\\\/fr\\\/actualite\\\/national\\\/le-conseil-des-ministres-approuve-plusieurs-projets-de-decrets-a-caractere-social\\\/201317\\\/#article\",\"isPartOf\":{\"@id\":\"https:\\\/\\\/www.webdo.tn\\\/fr\\\/actualite\\\/national\\\/le-conseil-des-ministres-approuve-plusieurs-projets-de-decrets-a-caractere-social\\\/201317\\\/\"},\"author\":{\"name\":\"MC\",\"@id\":\"https:\\\/\\\/www.webdo.tn\\\/fr\\\/#\\\/schema\\\/person\\\/2c4929cbf5a809e3bd38617c6ce150f6\"},\"headline\":\"Le Conseil des ministres approuve plusieurs projets de d\u00e9crets \u00e0 caract\u00e8re social\",\"datePublished\":\"2022-12-29T19:26:00+00:00\",\"dateModified\":\"2025-05-20T22:06:35+00:00\",\"mainEntityOfPage\":{\"@id\":\"https:\\\/\\\/www.webdo.tn\\\/fr\\\/actualite\\\/national\\\/le-conseil-des-ministres-approuve-plusieurs-projets-de-decrets-a-caractere-social\\\/201317\\\/\"},\"wordCount\":416,\"commentCount\":0,\"publisher\":{\"@id\":\"https:\\\/\\\/www.webdo.tn\\\/fr\\\/#organization\"},\"image\":{\"@id\":\"https:\\\/\\\/www.webdo.tn\\\/fr\\\/actualite\\\/national\\\/le-conseil-des-ministres-approuve-plusieurs-projets-de-decrets-a-caractere-social\\\/201317\\\/#primaryimage\"},\"thumbnailUrl\":\"https:\\\/\\\/www.webdo.tn\\\/fr\\\/wp-content\\\/uploads\\\/2022\\\/12\\\/08c43b1da7958c8125b8aacb380bb755.jpg\",\"keywords\":[\"Conseil des ministres\",\"d\u00e9crets\",\"social\"],\"articleSection\":[\"National\"],\"inLanguage\":\"fr-FR\"},{\"@type\":\"WebPage\",\"@id\":\"https:\\\/\\\/www.webdo.tn\\\/fr\\\/actualite\\\/national\\\/le-conseil-des-ministres-approuve-plusieurs-projets-de-decrets-a-caractere-social\\\/201317\\\/\",\"url\":\"https:\\\/\\\/www.webdo.tn\\\/fr\\\/actualite\\\/national\\\/le-conseil-des-ministres-approuve-plusieurs-projets-de-decrets-a-caractere-social\\\/201317\\\/\",\"name\":\"Le Conseil des ministres approuve plusieurs projets de d\u00e9crets \u00e0 caract\u00e8re social\",\"isPartOf\":{\"@id\":\"https:\\\/\\\/www.webdo.tn\\\/fr\\\/#website\"},\"primaryImageOfPage\":{\"@id\":\"https:\\\/\\\/www.webdo.tn\\\/fr\\\/actualite\\\/national\\\/le-conseil-des-ministres-approuve-plusieurs-projets-de-decrets-a-caractere-social\\\/201317\\\/#primaryimage\"},\"image\":{\"@id\":\"https:\\\/\\\/www.webdo.tn\\\/fr\\\/actualite\\\/national\\\/le-conseil-des-ministres-approuve-plusieurs-projets-de-decrets-a-caractere-social\\\/201317\\\/#primaryimage\"},\"thumbnailUrl\":\"https:\\\/\\\/www.webdo.tn\\\/fr\\\/wp-content\\\/uploads\\\/2022\\\/12\\\/08c43b1da7958c8125b8aacb380bb755.jpg\",\"datePublished\":\"2022-12-29T19:26:00+00:00\",\"dateModified\":\"2025-05-20T22:06:35+00:00\",\"description\":\"Le Conseil des ministres a \u00e9t\u00e9 tenu, ce jeudi 29 d\u00e9cembre 2022 au Palais du gouvernement \u00e0 la Kasbah, sous la pr\u00e9sidence de la cheffe du gouvernement, Najla Bou...\",\"breadcrumb\":{\"@id\":\"https:\\\/\\\/www.webdo.tn\\\/fr\\\/actualite\\\/national\\\/le-conseil-des-ministres-approuve-plusieurs-projets-de-decrets-a-caractere-social\\\/201317\\\/#breadcrumb\"},\"inLanguage\":\"fr-FR\",\"potentialAction\":[{\"@type\":\"ReadAction\",\"target\":[\"https:\\\/\\\/www.webdo.tn\\\/fr\\\/actualite\\\/national\\\/le-conseil-des-ministres-approuve-plusieurs-projets-de-decrets-a-caractere-social\\\/201317\\\/\"]}]},{\"@type\":\"ImageObject\",\"inLanguage\":\"fr-FR\",\"@id\":\"https:\\\/\\\/www.webdo.tn\\\/fr\\\/actualite\\\/national\\\/le-conseil-des-ministres-approuve-plusieurs-projets-de-decrets-a-caractere-social\\\/201317\\\/#primaryimage\",\"url\":\"https:\\\/\\\/www.webdo.tn\\\/fr\\\/wp-content\\\/uploads\\\/2022\\\/12\\\/08c43b1da7958c8125b8aacb380bb755.jpg\",\"contentUrl\":\"https:\\\/\\\/www.webdo.tn\\\/fr\\\/wp-content\\\/uploads\\\/2022\\\/12\\\/08c43b1da7958c8125b8aacb380bb755.jpg\",\"width\":750,\"height\":400,\"caption\":\"Le Conseil des ministres approuve plusieurs projets de d\u00e9crets \u00e0 caract\u00e8re social\"},{\"@type\":\"BreadcrumbList\",\"@id\":\"https:\\\/\\\/www.webdo.tn\\\/fr\\\/actualite\\\/national\\\/le-conseil-des-ministres-approuve-plusieurs-projets-de-decrets-a-caractere-social\\\/201317\\\/#breadcrumb\",\"itemListElement\":[{\"@type\":\"ListItem\",\"position\":1,\"name\":\"Accueil\",\"item\":\"https:\\\/\\\/www.webdo.tn\\\/fr\\\/\"},{\"@type\":\"ListItem\",\"position\":2,\"name\":\"Le Conseil des ministres approuve plusieurs projets de d\u00e9crets \u00e0 caract\u00e8re social\"}]},{\"@type\":\"WebSite\",\"@id\":\"https:\\\/\\\/www.webdo.tn\\\/fr\\\/#website\",\"url\":\"https:\\\/\\\/www.webdo.tn\\\/fr\\\/\",\"name\":\"webdo\",\"description\":\"Tunisie - News en Tunisie et \u00e0 l&#039;international sur Webdo.tn\",\"publisher\":{\"@id\":\"https:\\\/\\\/www.webdo.tn\\\/fr\\\/#organization\"},\"potentialAction\":[{\"@type\":\"SearchAction\",\"target\":{\"@type\":\"EntryPoint\",\"urlTemplate\":\"https:\\\/\\\/www.webdo.tn\\\/fr\\\/?s={search_term_string}\"},\"query-input\":{\"@type\":\"PropertyValueSpecification\",\"valueRequired\":true,\"valueName\":\"search_term_string\"}}],\"inLanguage\":\"fr-FR\"},{\"@type\":\"Organization\",\"@id\":\"https:\\\/\\\/www.webdo.tn\\\/fr\\\/#organization\",\"name\":\"Webdo\",\"alternateName\":\"Webdo.tn\",\"url\":\"https:\\\/\\\/www.webdo.tn\\\/fr\\\/\",\"logo\":{\"@type\":\"ImageObject\",\"inLanguage\":\"fr-FR\",\"@id\":\"https:\\\/\\\/www.webdo.tn\\\/fr\\\/#\\\/schema\\\/logo\\\/image\\\/\",\"url\":\"https:\\\/\\\/www.webdo.tn\\\/fr\\\/wp-content\\\/uploads\\\/2025\\\/06\\\/Webdo-Tunisie_168377.jpg\",\"contentUrl\":\"https:\\\/\\\/www.webdo.tn\\\/fr\\\/wp-content\\\/uploads\\\/2025\\\/06\\\/Webdo-Tunisie_168377.jpg\",\"width\":301,\"height\":301,\"caption\":\"Webdo\"},\"image\":{\"@id\":\"https:\\\/\\\/www.webdo.tn\\\/fr\\\/#\\\/schema\\\/logo\\\/image\\\/\"},\"sameAs\":[\"https:\\\/\\\/www.facebook.com\\\/webdotn\",\"https:\\\/\\\/x.com\\\/webdo_tn\"],\"description\":\"Webdo est un m\u00e9dia num\u00e9rique tunisien fond\u00e9 en 2010, sp\u00e9cialis\u00e9 dans l\u2019actualit\u00e9 nationale et internationale, l\u2019\u00e9conomie, la soci\u00e9t\u00e9 et les analyses politiques. Le site s\u2019adresse \u00e0 un large public francophone et couvre l\u2019information tunisienne en temps r\u00e9el.\",\"email\":\"redac@webdo.tn\",\"legalName\":\"YNJ SARL\",\"foundingDate\":\"2010-09-06\",\"numberOfEmployees\":{\"@type\":\"QuantitativeValue\",\"minValue\":\"11\",\"maxValue\":\"50\"}},{\"@type\":\"Person\",\"@id\":\"https:\\\/\\\/www.webdo.tn\\\/fr\\\/#\\\/schema\\\/person\\\/2c4929cbf5a809e3bd38617c6ce150f6\",\"name\":\"MC\",\"image\":{\"@type\":\"ImageObject\",\"inLanguage\":\"fr-FR\",\"@id\":\"https:\\\/\\\/secure.gravatar.com\\\/avatar\\\/a545bbb6f84efdd5553dbbc2895e3ca8f1d12c5215e00a041c9670b54aa9b18a?s=96&d=mm&r=g\",\"url\":\"https:\\\/\\\/secure.gravatar.com\\\/avatar\\\/a545bbb6f84efdd5553dbbc2895e3ca8f1d12c5215e00a041c9670b54aa9b18a?s=96&d=mm&r=g\",\"contentUrl\":\"https:\\\/\\\/secure.gravatar.com\\\/avatar\\\/a545bbb6f84efdd5553dbbc2895e3ca8f1d12c5215e00a041c9670b54aa9b18a?s=96&d=mm&r=g\",\"caption\":\"MC\"},\"url\":\"https:\\\/\\\/www.webdo.tn\\\/fr\\\/actualite\\\/author\\\/mc\\\/\"}]}<\/script>\n<!-- \/ Yoast SEO Premium plugin. -->","yoast_head_json":{"title":"Le Conseil des ministres approuve plusieurs projets de d\u00e9crets \u00e0 caract\u00e8re social","description":"Le Conseil des ministres a \u00e9t\u00e9 tenu, ce jeudi 29 d\u00e9cembre 2022 au Palais du gouvernement \u00e0 la Kasbah, sous la pr\u00e9sidence de la cheffe du gouvernement, Najla Bou...","canonical":"https:\/\/www.webdo.tn\/fr\/actualite\/national\/le-conseil-des-ministres-approuve-plusieurs-projets-de-decrets-a-caractere-social\/201317\/","og_locale":"fr_FR","og_type":"article","og_title":"Le Conseil des ministres approuve plusieurs projets de d\u00e9crets \u00e0 caract\u00e8re social","og_description":"Le Conseil des ministres a \u00e9t\u00e9 tenu, ce jeudi 29 d\u00e9cembre 2022 au Palais du gouvernement \u00e0 la Kasbah, sous la pr\u00e9sidence de la cheffe du gouvernement, Najla Bou...","og_url":"https:\/\/www.webdo.tn\/fr\/actualite\/national\/le-conseil-des-ministres-approuve-plusieurs-projets-de-decrets-a-caractere-social\/201317\/","og_site_name":"webdo","article_publisher":"https:\/\/www.facebook.com\/webdotn","article_published_time":"2022-12-29T19:26:00+00:00","article_modified_time":"2025-05-20T22:06:35+00:00","og_image":[{"width":750,"height":400,"url":"https:\/\/www.webdo.tn\/fr\/wp-content\/uploads\/2022\/12\/08c43b1da7958c8125b8aacb380bb755.jpg","type":"image\/jpeg"}],"author":"MC","twitter_card":"summary_large_image","twitter_creator":"@webdo_tn","twitter_site":"@webdo_tn","twitter_misc":{"\u00c9crit par":"MC","Dur\u00e9e de lecture estim\u00e9e":"2 minutes"},"schema":{"@context":"https:\/\/schema.org","@graph":[{"@type":"NewsArticle","@id":"https:\/\/www.webdo.tn\/fr\/actualite\/national\/le-conseil-des-ministres-approuve-plusieurs-projets-de-decrets-a-caractere-social\/201317\/#article","isPartOf":{"@id":"https:\/\/www.webdo.tn\/fr\/actualite\/national\/le-conseil-des-ministres-approuve-plusieurs-projets-de-decrets-a-caractere-social\/201317\/"},"author":{"name":"MC","@id":"https:\/\/www.webdo.tn\/fr\/#\/schema\/person\/2c4929cbf5a809e3bd38617c6ce150f6"},"headline":"Le Conseil des ministres approuve plusieurs projets de d\u00e9crets \u00e0 caract\u00e8re social","datePublished":"2022-12-29T19:26:00+00:00","dateModified":"2025-05-20T22:06:35+00:00","mainEntityOfPage":{"@id":"https:\/\/www.webdo.tn\/fr\/actualite\/national\/le-conseil-des-ministres-approuve-plusieurs-projets-de-decrets-a-caractere-social\/201317\/"},"wordCount":416,"commentCount":0,"publisher":{"@id":"https:\/\/www.webdo.tn\/fr\/#organization"},"image":{"@id":"https:\/\/www.webdo.tn\/fr\/actualite\/national\/le-conseil-des-ministres-approuve-plusieurs-projets-de-decrets-a-caractere-social\/201317\/#primaryimage"},"thumbnailUrl":"https:\/\/www.webdo.tn\/fr\/wp-content\/uploads\/2022\/12\/08c43b1da7958c8125b8aacb380bb755.jpg","keywords":["Conseil des ministres","d\u00e9crets","social"],"articleSection":["National"],"inLanguage":"fr-FR"},{"@type":"WebPage","@id":"https:\/\/www.webdo.tn\/fr\/actualite\/national\/le-conseil-des-ministres-approuve-plusieurs-projets-de-decrets-a-caractere-social\/201317\/","url":"https:\/\/www.webdo.tn\/fr\/actualite\/national\/le-conseil-des-ministres-approuve-plusieurs-projets-de-decrets-a-caractere-social\/201317\/","name":"Le Conseil des ministres approuve plusieurs projets de d\u00e9crets \u00e0 caract\u00e8re social","isPartOf":{"@id":"https:\/\/www.webdo.tn\/fr\/#website"},"primaryImageOfPage":{"@id":"https:\/\/www.webdo.tn\/fr\/actualite\/national\/le-conseil-des-ministres-approuve-plusieurs-projets-de-decrets-a-caractere-social\/201317\/#primaryimage"},"image":{"@id":"https:\/\/www.webdo.tn\/fr\/actualite\/national\/le-conseil-des-ministres-approuve-plusieurs-projets-de-decrets-a-caractere-social\/201317\/#primaryimage"},"thumbnailUrl":"https:\/\/www.webdo.tn\/fr\/wp-content\/uploads\/2022\/12\/08c43b1da7958c8125b8aacb380bb755.jpg","datePublished":"2022-12-29T19:26:00+00:00","dateModified":"2025-05-20T22:06:35+00:00","description":"Le Conseil des ministres a \u00e9t\u00e9 tenu, ce jeudi 29 d\u00e9cembre 2022 au Palais du gouvernement \u00e0 la Kasbah, sous la pr\u00e9sidence de la cheffe du gouvernement, Najla Bou...","breadcrumb":{"@id":"https:\/\/www.webdo.tn\/fr\/actualite\/national\/le-conseil-des-ministres-approuve-plusieurs-projets-de-decrets-a-caractere-social\/201317\/#breadcrumb"},"inLanguage":"fr-FR","potentialAction":[{"@type":"ReadAction","target":["https:\/\/www.webdo.tn\/fr\/actualite\/national\/le-conseil-des-ministres-approuve-plusieurs-projets-de-decrets-a-caractere-social\/201317\/"]}]},{"@type":"ImageObject","inLanguage":"fr-FR","@id":"https:\/\/www.webdo.tn\/fr\/actualite\/national\/le-conseil-des-ministres-approuve-plusieurs-projets-de-decrets-a-caractere-social\/201317\/#primaryimage","url":"https:\/\/www.webdo.tn\/fr\/wp-content\/uploads\/2022\/12\/08c43b1da7958c8125b8aacb380bb755.jpg","contentUrl":"https:\/\/www.webdo.tn\/fr\/wp-content\/uploads\/2022\/12\/08c43b1da7958c8125b8aacb380bb755.jpg","width":750,"height":400,"caption":"Le Conseil des ministres approuve plusieurs projets de d\u00e9crets \u00e0 caract\u00e8re social"},{"@type":"BreadcrumbList","@id":"https:\/\/www.webdo.tn\/fr\/actualite\/national\/le-conseil-des-ministres-approuve-plusieurs-projets-de-decrets-a-caractere-social\/201317\/#breadcrumb","itemListElement":[{"@type":"ListItem","position":1,"name":"Accueil","item":"https:\/\/www.webdo.tn\/fr\/"},{"@type":"ListItem","position":2,"name":"Le Conseil des ministres approuve plusieurs projets de d\u00e9crets \u00e0 caract\u00e8re social"}]},{"@type":"WebSite","@id":"https:\/\/www.webdo.tn\/fr\/#website","url":"https:\/\/www.webdo.tn\/fr\/","name":"webdo","description":"Tunisie - News en Tunisie et \u00e0 l&#039;international sur Webdo.tn","publisher":{"@id":"https:\/\/www.webdo.tn\/fr\/#organization"},"potentialAction":[{"@type":"SearchAction","target":{"@type":"EntryPoint","urlTemplate":"https:\/\/www.webdo.tn\/fr\/?s={search_term_string}"},"query-input":{"@type":"PropertyValueSpecification","valueRequired":true,"valueName":"search_term_string"}}],"inLanguage":"fr-FR"},{"@type":"Organization","@id":"https:\/\/www.webdo.tn\/fr\/#organization","name":"Webdo","alternateName":"Webdo.tn","url":"https:\/\/www.webdo.tn\/fr\/","logo":{"@type":"ImageObject","inLanguage":"fr-FR","@id":"https:\/\/www.webdo.tn\/fr\/#\/schema\/logo\/image\/","url":"https:\/\/www.webdo.tn\/fr\/wp-content\/uploads\/2025\/06\/Webdo-Tunisie_168377.jpg","contentUrl":"https:\/\/www.webdo.tn\/fr\/wp-content\/uploads\/2025\/06\/Webdo-Tunisie_168377.jpg","width":301,"height":301,"caption":"Webdo"},"image":{"@id":"https:\/\/www.webdo.tn\/fr\/#\/schema\/logo\/image\/"},"sameAs":["https:\/\/www.facebook.com\/webdotn","https:\/\/x.com\/webdo_tn"],"description":"Webdo est un m\u00e9dia num\u00e9rique tunisien fond\u00e9 en 2010, sp\u00e9cialis\u00e9 dans l\u2019actualit\u00e9 nationale et internationale, l\u2019\u00e9conomie, la soci\u00e9t\u00e9 et les analyses politiques. Le site s\u2019adresse \u00e0 un large public francophone et couvre l\u2019information tunisienne en temps r\u00e9el.","email":"redac@webdo.tn","legalName":"YNJ SARL","foundingDate":"2010-09-06","numberOfEmployees":{"@type":"QuantitativeValue","minValue":"11","maxValue":"50"}},{"@type":"Person","@id":"https:\/\/www.webdo.tn\/fr\/#\/schema\/person\/2c4929cbf5a809e3bd38617c6ce150f6","name":"MC","image":{"@type":"ImageObject","inLanguage":"fr-FR","@id":"https:\/\/secure.gravatar.com\/avatar\/a545bbb6f84efdd5553dbbc2895e3ca8f1d12c5215e00a041c9670b54aa9b18a?s=96&d=mm&r=g","url":"https:\/\/secure.gravatar.com\/avatar\/a545bbb6f84efdd5553dbbc2895e3ca8f1d12c5215e00a041c9670b54aa9b18a?s=96&d=mm&r=g","contentUrl":"https:\/\/secure.gravatar.com\/avatar\/a545bbb6f84efdd5553dbbc2895e3ca8f1d12c5215e00a041c9670b54aa9b18a?s=96&d=mm&r=g","caption":"MC"},"url":"https:\/\/www.webdo.tn\/fr\/actualite\/author\/mc\/"}]}},"_links":{"self":[{"href":"https:\/\/www.webdo.tn\/fr\/wp-json\/wp\/v2\/posts\/201317","targetHints":{"allow":["GET"]}}],"collection":[{"href":"https:\/\/www.webdo.tn\/fr\/wp-json\/wp\/v2\/posts"}],"about":[{"href":"https:\/\/www.webdo.tn\/fr\/wp-json\/wp\/v2\/types\/post"}],"author":[{"embeddable":true,"href":"https:\/\/www.webdo.tn\/fr\/wp-json\/wp\/v2\/users\/3162"}],"replies":[{"embeddable":true,"href":"https:\/\/www.webdo.tn\/fr\/wp-json\/wp\/v2\/comments?post=201317"}],"version-history":[{"count":0,"href":"https:\/\/www.webdo.tn\/fr\/wp-json\/wp\/v2\/posts\/201317\/revisions"}],"wp:featuredmedia":[{"embeddable":true,"href":"https:\/\/www.webdo.tn\/fr\/wp-json\/wp\/v2\/media\/277507"}],"wp:attachment":[{"href":"https:\/\/www.webdo.tn\/fr\/wp-json\/wp\/v2\/media?parent=201317"}],"wp:term":[{"taxonomy":"category","embeddable":true,"href":"https:\/\/www.webdo.tn\/fr\/wp-json\/wp\/v2\/categories?post=201317"},{"taxonomy":"post_tag","embeddable":true,"href":"https:\/\/www.webdo.tn\/fr\/wp-json\/wp\/v2\/tags?post=201317"}],"curies":[{"name":"wp","href":"https:\/\/api.w.org\/{rel}","templated":true}]}}