{"id":201294,"date":"2022-12-29T11:27:00","date_gmt":"2022-12-29T11:27:00","guid":{"rendered":"https:\/\/www.webdo.tn\/fr\/blog\/abdelatif-mekki-repond-a-kais-saied\/201294\/"},"modified":"2025-05-20T22:48:27","modified_gmt":"2025-05-20T22:48:27","slug":"abdelatif-mekki-repond-a-kais-saied","status":"publish","type":"post","link":"https:\/\/www.webdo.tn\/fr\/actualite\/national\/abdelatif-mekki-repond-a-kais-saied\/201294\/","title":{"rendered":"Abdelatif Mekki r\u00e9pond \u00e0 Kais Saied"},"content":{"rendered":"<p>Le discours du pr\u00e9sident de la R\u00e9publique prononc\u00e9 hier suite \u00e0 une r\u00e9union \u00e0 haut niveau, fait r\u00e9agir la sph\u00e8re politique.<\/p>\n<p>\t\t\t\t\t\t\t\t\tC\u2019est dans ce sens que l\u2019ancien dirigeant d\u2019Ennahdha Abdelatif Mekki a estim\u00e9 que le pr\u00e9sident de la R\u00e9publique est dans une situation de grande confusion.\u00a0<\/p>\n<p>Affirmant meme que les agissements de Kais Saied sont devenus \u00ab dangereux \u00bb il a fustig\u00e9 la \u00ab r\u00e9union du conseil de s\u00e9curit\u00e9 nationale pour \u00e9voquer des questions politiques \u00bb.\u00a0<\/p>\n<p>\u00ab Ni sur le plan \u00e9thique, ni sur le plan constitutionnel, le pr\u00e9sident de la R\u00e9publique n\u2019a le droit de r\u00e9unir le conseil de s\u00e9curit\u00e9 pour \u00e9voquer ses diff\u00e9rends politiques \u00bb, a-t-il martel\u00e9.\u00a0<\/p>\n<p>Pour Mekki, ce qui rend la situation encore plus dangereuse, ce sont les propos de Saied portant sur l\u2019\u00e9limination, en faisant allusion \u00e0 ces r\u00e9centes d\u00e9clarations concernant la gr\u00e8ve des cliniques d\u2019h\u00e9modialyse.\u00a0<\/p>\n<p>Lors d\u2019un discours prononc\u00e9 hier en fin de soir\u00e9e suite \u00e0 une r\u00e9union avec plusieurs ministres et hauts responsables s\u00e9curitaires, le chef de l\u2019Etat a \u00e9voqu\u00e9 un complot contre la suret\u00e9 de l\u2019Etat.<\/p>\n<p>\u00ab Ce qui se passe, actuellement, en Tunisie s&rsquo;\u00e9l\u00e8ve au rang du complot contre la s\u00fbret\u00e9 int\u00e9rieure et ext\u00e9rieure de l\u2019\u00c9tat \u00bb, a-t-il affirm\u00e9, ajoutant que cette fois-ci la r\u00e9ponse ne tardera pas et que l\u2019Etat va assumer ses responsabilit\u00e9s conform\u00e9ment \u00e0 la loi.<\/p>\n","protected":false},"excerpt":{"rendered":"<p>Le discours du pr\u00e9sident de la R\u00e9publique prononc\u00e9 hier suite \u00e0 une r\u00e9union \u00e0 haut niveau, fait r\u00e9agir la sph\u00e8re politique.<\/p>\n","protected":false},"author":3175,"featured_media":277491,"comment_status":"open","ping_status":"closed","sticky":false,"template":"","format":"standard","meta":{"footnotes":""},"categories":[44],"tags":[9239,2614,2608],"class_list":["post-201294","post","type-post","status-publish","format-standard","has-post-thumbnail","hentry","category-national","tag-abdelatif-mekki","tag-kais-saied","tag-tunisie"],"yoast_head":"<!-- This site is optimized with the Yoast SEO Premium plugin v27.4 (Yoast SEO v27.5) - https:\/\/yoast.com\/product\/yoast-seo-premium-wordpress\/ -->\n<title>Abdelatif Mekki r\u00e9pond \u00e0 Kais Saied<\/title>\n<meta name=\"description\" content=\"Le discours du pr\u00e9sident de la R\u00e9publique prononc\u00e9 hier suite \u00e0 une r\u00e9union \u00e0 haut niveau, fait r\u00e9agir la sph\u00e8re politique.\" \/>\n<link rel=\"canonical\" href=\"https:\/\/www.webdo.tn\/fr\/actualite\/national\/abdelatif-mekki-repond-a-kais-saied\/201294\/\" \/>\n<meta property=\"og:locale\" content=\"fr_FR\" \/>\n<meta property=\"og:type\" content=\"article\" \/>\n<meta property=\"og:title\" content=\"Abdelatif Mekki r\u00e9pond \u00e0 Kais Saied\" \/>\n<meta property=\"og:description\" content=\"Le discours du pr\u00e9sident de la R\u00e9publique prononc\u00e9 hier suite \u00e0 une r\u00e9union \u00e0 haut niveau, fait r\u00e9agir la sph\u00e8re politique.\" \/>\n<meta property=\"og:url\" content=\"https:\/\/www.webdo.tn\/fr\/actualite\/national\/abdelatif-mekki-repond-a-kais-saied\/201294\/\" \/>\n<meta property=\"og:site_name\" content=\"webdo\" \/>\n<meta property=\"article:publisher\" content=\"https:\/\/www.facebook.com\/webdotn\" \/>\n<meta property=\"article:published_time\" content=\"2022-12-29T11:27:00+00:00\" \/>\n<meta property=\"article:modified_time\" content=\"2025-05-20T22:48:27+00:00\" \/>\n<meta property=\"og:image\" content=\"https:\/\/www.webdo.tn\/fr\/wp-content\/uploads\/2022\/12\/8da0a36eca5110205f2687a9db1e384a.png\" \/>\n\t<meta property=\"og:image:width\" content=\"750\" \/>\n\t<meta property=\"og:image:height\" content=\"400\" \/>\n\t<meta property=\"og:image:type\" content=\"image\/png\" \/>\n<meta name=\"author\" content=\"CL\" \/>\n<meta name=\"twitter:card\" content=\"summary_large_image\" \/>\n<meta name=\"twitter:creator\" content=\"@webdo_tn\" \/>\n<meta name=\"twitter:site\" content=\"@webdo_tn\" \/>\n<meta name=\"twitter:label1\" content=\"\u00c9crit par\" \/>\n\t<meta name=\"twitter:data1\" content=\"CL\" \/>\n\t<meta name=\"twitter:label2\" content=\"Dur\u00e9e de lecture estim\u00e9e\" \/>\n\t<meta name=\"twitter:data2\" content=\"1 minute\" \/>\n<script type=\"application\/ld+json\" class=\"yoast-schema-graph\">{\"@context\":\"https:\\\/\\\/schema.org\",\"@graph\":[{\"@type\":\"NewsArticle\",\"@id\":\"https:\\\/\\\/www.webdo.tn\\\/fr\\\/actualite\\\/national\\\/abdelatif-mekki-repond-a-kais-saied\\\/201294\\\/#article\",\"isPartOf\":{\"@id\":\"https:\\\/\\\/www.webdo.tn\\\/fr\\\/actualite\\\/national\\\/abdelatif-mekki-repond-a-kais-saied\\\/201294\\\/\"},\"author\":{\"name\":\"CL\",\"@id\":\"https:\\\/\\\/www.webdo.tn\\\/fr\\\/#\\\/schema\\\/person\\\/f35b42a42c5e2511bbd282959d6385cc\"},\"headline\":\"Abdelatif Mekki r\u00e9pond \u00e0 Kais Saied\",\"datePublished\":\"2022-12-29T11:27:00+00:00\",\"dateModified\":\"2025-05-20T22:48:27+00:00\",\"mainEntityOfPage\":{\"@id\":\"https:\\\/\\\/www.webdo.tn\\\/fr\\\/actualite\\\/national\\\/abdelatif-mekki-repond-a-kais-saied\\\/201294\\\/\"},\"wordCount\":251,\"commentCount\":0,\"publisher\":{\"@id\":\"https:\\\/\\\/www.webdo.tn\\\/fr\\\/#organization\"},\"image\":{\"@id\":\"https:\\\/\\\/www.webdo.tn\\\/fr\\\/actualite\\\/national\\\/abdelatif-mekki-repond-a-kais-saied\\\/201294\\\/#primaryimage\"},\"thumbnailUrl\":\"https:\\\/\\\/www.webdo.tn\\\/fr\\\/wp-content\\\/uploads\\\/2022\\\/12\\\/8da0a36eca5110205f2687a9db1e384a.png\",\"keywords\":[\"Abdelatif Mekki\",\"Kais Saied\",\"Tunisie\"],\"articleSection\":[\"National\"],\"inLanguage\":\"fr-FR\"},{\"@type\":\"WebPage\",\"@id\":\"https:\\\/\\\/www.webdo.tn\\\/fr\\\/actualite\\\/national\\\/abdelatif-mekki-repond-a-kais-saied\\\/201294\\\/\",\"url\":\"https:\\\/\\\/www.webdo.tn\\\/fr\\\/actualite\\\/national\\\/abdelatif-mekki-repond-a-kais-saied\\\/201294\\\/\",\"name\":\"Abdelatif Mekki r\u00e9pond \u00e0 Kais Saied\",\"isPartOf\":{\"@id\":\"https:\\\/\\\/www.webdo.tn\\\/fr\\\/#website\"},\"primaryImageOfPage\":{\"@id\":\"https:\\\/\\\/www.webdo.tn\\\/fr\\\/actualite\\\/national\\\/abdelatif-mekki-repond-a-kais-saied\\\/201294\\\/#primaryimage\"},\"image\":{\"@id\":\"https:\\\/\\\/www.webdo.tn\\\/fr\\\/actualite\\\/national\\\/abdelatif-mekki-repond-a-kais-saied\\\/201294\\\/#primaryimage\"},\"thumbnailUrl\":\"https:\\\/\\\/www.webdo.tn\\\/fr\\\/wp-content\\\/uploads\\\/2022\\\/12\\\/8da0a36eca5110205f2687a9db1e384a.png\",\"datePublished\":\"2022-12-29T11:27:00+00:00\",\"dateModified\":\"2025-05-20T22:48:27+00:00\",\"description\":\"Le discours du pr\u00e9sident de la R\u00e9publique prononc\u00e9 hier suite \u00e0 une r\u00e9union \u00e0 haut niveau, fait r\u00e9agir la sph\u00e8re politique.\",\"breadcrumb\":{\"@id\":\"https:\\\/\\\/www.webdo.tn\\\/fr\\\/actualite\\\/national\\\/abdelatif-mekki-repond-a-kais-saied\\\/201294\\\/#breadcrumb\"},\"inLanguage\":\"fr-FR\",\"potentialAction\":[{\"@type\":\"ReadAction\",\"target\":[\"https:\\\/\\\/www.webdo.tn\\\/fr\\\/actualite\\\/national\\\/abdelatif-mekki-repond-a-kais-saied\\\/201294\\\/\"]}]},{\"@type\":\"ImageObject\",\"inLanguage\":\"fr-FR\",\"@id\":\"https:\\\/\\\/www.webdo.tn\\\/fr\\\/actualite\\\/national\\\/abdelatif-mekki-repond-a-kais-saied\\\/201294\\\/#primaryimage\",\"url\":\"https:\\\/\\\/www.webdo.tn\\\/fr\\\/wp-content\\\/uploads\\\/2022\\\/12\\\/8da0a36eca5110205f2687a9db1e384a.png\",\"contentUrl\":\"https:\\\/\\\/www.webdo.tn\\\/fr\\\/wp-content\\\/uploads\\\/2022\\\/12\\\/8da0a36eca5110205f2687a9db1e384a.png\",\"width\":750,\"height\":400,\"caption\":\"Mekki Saied\"},{\"@type\":\"BreadcrumbList\",\"@id\":\"https:\\\/\\\/www.webdo.tn\\\/fr\\\/actualite\\\/national\\\/abdelatif-mekki-repond-a-kais-saied\\\/201294\\\/#breadcrumb\",\"itemListElement\":[{\"@type\":\"ListItem\",\"position\":1,\"name\":\"Accueil\",\"item\":\"https:\\\/\\\/www.webdo.tn\\\/fr\\\/\"},{\"@type\":\"ListItem\",\"position\":2,\"name\":\"Abdelatif Mekki r\u00e9pond \u00e0 Kais Saied\"}]},{\"@type\":\"WebSite\",\"@id\":\"https:\\\/\\\/www.webdo.tn\\\/fr\\\/#website\",\"url\":\"https:\\\/\\\/www.webdo.tn\\\/fr\\\/\",\"name\":\"webdo\",\"description\":\"Tunisie - News en Tunisie et \u00e0 l&#039;international sur Webdo.tn\",\"publisher\":{\"@id\":\"https:\\\/\\\/www.webdo.tn\\\/fr\\\/#organization\"},\"potentialAction\":[{\"@type\":\"SearchAction\",\"target\":{\"@type\":\"EntryPoint\",\"urlTemplate\":\"https:\\\/\\\/www.webdo.tn\\\/fr\\\/?s={search_term_string}\"},\"query-input\":{\"@type\":\"PropertyValueSpecification\",\"valueRequired\":true,\"valueName\":\"search_term_string\"}}],\"inLanguage\":\"fr-FR\"},{\"@type\":\"Organization\",\"@id\":\"https:\\\/\\\/www.webdo.tn\\\/fr\\\/#organization\",\"name\":\"Webdo\",\"alternateName\":\"Webdo.tn\",\"url\":\"https:\\\/\\\/www.webdo.tn\\\/fr\\\/\",\"logo\":{\"@type\":\"ImageObject\",\"inLanguage\":\"fr-FR\",\"@id\":\"https:\\\/\\\/www.webdo.tn\\\/fr\\\/#\\\/schema\\\/logo\\\/image\\\/\",\"url\":\"https:\\\/\\\/www.webdo.tn\\\/fr\\\/wp-content\\\/uploads\\\/2025\\\/06\\\/Webdo-Tunisie_168377.jpg\",\"contentUrl\":\"https:\\\/\\\/www.webdo.tn\\\/fr\\\/wp-content\\\/uploads\\\/2025\\\/06\\\/Webdo-Tunisie_168377.jpg\",\"width\":301,\"height\":301,\"caption\":\"Webdo\"},\"image\":{\"@id\":\"https:\\\/\\\/www.webdo.tn\\\/fr\\\/#\\\/schema\\\/logo\\\/image\\\/\"},\"sameAs\":[\"https:\\\/\\\/www.facebook.com\\\/webdotn\",\"https:\\\/\\\/x.com\\\/webdo_tn\"],\"description\":\"Webdo est un m\u00e9dia num\u00e9rique tunisien fond\u00e9 en 2010, sp\u00e9cialis\u00e9 dans l\u2019actualit\u00e9 nationale et internationale, l\u2019\u00e9conomie, la soci\u00e9t\u00e9 et les analyses politiques. Le site s\u2019adresse \u00e0 un large public francophone et couvre l\u2019information tunisienne en temps r\u00e9el.\",\"email\":\"redac@webdo.tn\",\"legalName\":\"YNJ SARL\",\"foundingDate\":\"2010-09-06\",\"numberOfEmployees\":{\"@type\":\"QuantitativeValue\",\"minValue\":\"11\",\"maxValue\":\"50\"}},{\"@type\":\"Person\",\"@id\":\"https:\\\/\\\/www.webdo.tn\\\/fr\\\/#\\\/schema\\\/person\\\/f35b42a42c5e2511bbd282959d6385cc\",\"name\":\"CL\",\"image\":{\"@type\":\"ImageObject\",\"inLanguage\":\"fr-FR\",\"@id\":\"https:\\\/\\\/secure.gravatar.com\\\/avatar\\\/1447a49909b67aa657c488aec6512e1dd6143a480c1ecfee9b5b5cd74eb3b59e?s=96&d=mm&r=g\",\"url\":\"https:\\\/\\\/secure.gravatar.com\\\/avatar\\\/1447a49909b67aa657c488aec6512e1dd6143a480c1ecfee9b5b5cd74eb3b59e?s=96&d=mm&r=g\",\"contentUrl\":\"https:\\\/\\\/secure.gravatar.com\\\/avatar\\\/1447a49909b67aa657c488aec6512e1dd6143a480c1ecfee9b5b5cd74eb3b59e?s=96&d=mm&r=g\",\"caption\":\"CL\"},\"url\":\"https:\\\/\\\/www.webdo.tn\\\/fr\\\/actualite\\\/author\\\/cl\\\/\"}]}<\/script>\n<!-- \/ Yoast SEO Premium plugin. -->","yoast_head_json":{"title":"Abdelatif Mekki r\u00e9pond \u00e0 Kais Saied","description":"Le discours du pr\u00e9sident de la R\u00e9publique prononc\u00e9 hier suite \u00e0 une r\u00e9union \u00e0 haut niveau, fait r\u00e9agir la sph\u00e8re politique.","canonical":"https:\/\/www.webdo.tn\/fr\/actualite\/national\/abdelatif-mekki-repond-a-kais-saied\/201294\/","og_locale":"fr_FR","og_type":"article","og_title":"Abdelatif Mekki r\u00e9pond \u00e0 Kais Saied","og_description":"Le discours du pr\u00e9sident de la R\u00e9publique prononc\u00e9 hier suite \u00e0 une r\u00e9union \u00e0 haut niveau, fait r\u00e9agir la sph\u00e8re politique.","og_url":"https:\/\/www.webdo.tn\/fr\/actualite\/national\/abdelatif-mekki-repond-a-kais-saied\/201294\/","og_site_name":"webdo","article_publisher":"https:\/\/www.facebook.com\/webdotn","article_published_time":"2022-12-29T11:27:00+00:00","article_modified_time":"2025-05-20T22:48:27+00:00","og_image":[{"width":750,"height":400,"url":"https:\/\/www.webdo.tn\/fr\/wp-content\/uploads\/2022\/12\/8da0a36eca5110205f2687a9db1e384a.png","type":"image\/png"}],"author":"CL","twitter_card":"summary_large_image","twitter_creator":"@webdo_tn","twitter_site":"@webdo_tn","twitter_misc":{"\u00c9crit par":"CL","Dur\u00e9e de lecture estim\u00e9e":"1 minute"},"schema":{"@context":"https:\/\/schema.org","@graph":[{"@type":"NewsArticle","@id":"https:\/\/www.webdo.tn\/fr\/actualite\/national\/abdelatif-mekki-repond-a-kais-saied\/201294\/#article","isPartOf":{"@id":"https:\/\/www.webdo.tn\/fr\/actualite\/national\/abdelatif-mekki-repond-a-kais-saied\/201294\/"},"author":{"name":"CL","@id":"https:\/\/www.webdo.tn\/fr\/#\/schema\/person\/f35b42a42c5e2511bbd282959d6385cc"},"headline":"Abdelatif Mekki r\u00e9pond \u00e0 Kais Saied","datePublished":"2022-12-29T11:27:00+00:00","dateModified":"2025-05-20T22:48:27+00:00","mainEntityOfPage":{"@id":"https:\/\/www.webdo.tn\/fr\/actualite\/national\/abdelatif-mekki-repond-a-kais-saied\/201294\/"},"wordCount":251,"commentCount":0,"publisher":{"@id":"https:\/\/www.webdo.tn\/fr\/#organization"},"image":{"@id":"https:\/\/www.webdo.tn\/fr\/actualite\/national\/abdelatif-mekki-repond-a-kais-saied\/201294\/#primaryimage"},"thumbnailUrl":"https:\/\/www.webdo.tn\/fr\/wp-content\/uploads\/2022\/12\/8da0a36eca5110205f2687a9db1e384a.png","keywords":["Abdelatif Mekki","Kais Saied","Tunisie"],"articleSection":["National"],"inLanguage":"fr-FR"},{"@type":"WebPage","@id":"https:\/\/www.webdo.tn\/fr\/actualite\/national\/abdelatif-mekki-repond-a-kais-saied\/201294\/","url":"https:\/\/www.webdo.tn\/fr\/actualite\/national\/abdelatif-mekki-repond-a-kais-saied\/201294\/","name":"Abdelatif Mekki r\u00e9pond \u00e0 Kais Saied","isPartOf":{"@id":"https:\/\/www.webdo.tn\/fr\/#website"},"primaryImageOfPage":{"@id":"https:\/\/www.webdo.tn\/fr\/actualite\/national\/abdelatif-mekki-repond-a-kais-saied\/201294\/#primaryimage"},"image":{"@id":"https:\/\/www.webdo.tn\/fr\/actualite\/national\/abdelatif-mekki-repond-a-kais-saied\/201294\/#primaryimage"},"thumbnailUrl":"https:\/\/www.webdo.tn\/fr\/wp-content\/uploads\/2022\/12\/8da0a36eca5110205f2687a9db1e384a.png","datePublished":"2022-12-29T11:27:00+00:00","dateModified":"2025-05-20T22:48:27+00:00","description":"Le discours du pr\u00e9sident de la R\u00e9publique prononc\u00e9 hier suite \u00e0 une r\u00e9union \u00e0 haut niveau, fait r\u00e9agir la sph\u00e8re politique.","breadcrumb":{"@id":"https:\/\/www.webdo.tn\/fr\/actualite\/national\/abdelatif-mekki-repond-a-kais-saied\/201294\/#breadcrumb"},"inLanguage":"fr-FR","potentialAction":[{"@type":"ReadAction","target":["https:\/\/www.webdo.tn\/fr\/actualite\/national\/abdelatif-mekki-repond-a-kais-saied\/201294\/"]}]},{"@type":"ImageObject","inLanguage":"fr-FR","@id":"https:\/\/www.webdo.tn\/fr\/actualite\/national\/abdelatif-mekki-repond-a-kais-saied\/201294\/#primaryimage","url":"https:\/\/www.webdo.tn\/fr\/wp-content\/uploads\/2022\/12\/8da0a36eca5110205f2687a9db1e384a.png","contentUrl":"https:\/\/www.webdo.tn\/fr\/wp-content\/uploads\/2022\/12\/8da0a36eca5110205f2687a9db1e384a.png","width":750,"height":400,"caption":"Mekki Saied"},{"@type":"BreadcrumbList","@id":"https:\/\/www.webdo.tn\/fr\/actualite\/national\/abdelatif-mekki-repond-a-kais-saied\/201294\/#breadcrumb","itemListElement":[{"@type":"ListItem","position":1,"name":"Accueil","item":"https:\/\/www.webdo.tn\/fr\/"},{"@type":"ListItem","position":2,"name":"Abdelatif Mekki r\u00e9pond \u00e0 Kais Saied"}]},{"@type":"WebSite","@id":"https:\/\/www.webdo.tn\/fr\/#website","url":"https:\/\/www.webdo.tn\/fr\/","name":"webdo","description":"Tunisie - News en Tunisie et \u00e0 l&#039;international sur Webdo.tn","publisher":{"@id":"https:\/\/www.webdo.tn\/fr\/#organization"},"potentialAction":[{"@type":"SearchAction","target":{"@type":"EntryPoint","urlTemplate":"https:\/\/www.webdo.tn\/fr\/?s={search_term_string}"},"query-input":{"@type":"PropertyValueSpecification","valueRequired":true,"valueName":"search_term_string"}}],"inLanguage":"fr-FR"},{"@type":"Organization","@id":"https:\/\/www.webdo.tn\/fr\/#organization","name":"Webdo","alternateName":"Webdo.tn","url":"https:\/\/www.webdo.tn\/fr\/","logo":{"@type":"ImageObject","inLanguage":"fr-FR","@id":"https:\/\/www.webdo.tn\/fr\/#\/schema\/logo\/image\/","url":"https:\/\/www.webdo.tn\/fr\/wp-content\/uploads\/2025\/06\/Webdo-Tunisie_168377.jpg","contentUrl":"https:\/\/www.webdo.tn\/fr\/wp-content\/uploads\/2025\/06\/Webdo-Tunisie_168377.jpg","width":301,"height":301,"caption":"Webdo"},"image":{"@id":"https:\/\/www.webdo.tn\/fr\/#\/schema\/logo\/image\/"},"sameAs":["https:\/\/www.facebook.com\/webdotn","https:\/\/x.com\/webdo_tn"],"description":"Webdo est un m\u00e9dia num\u00e9rique tunisien fond\u00e9 en 2010, sp\u00e9cialis\u00e9 dans l\u2019actualit\u00e9 nationale et internationale, l\u2019\u00e9conomie, la soci\u00e9t\u00e9 et les analyses politiques. Le site s\u2019adresse \u00e0 un large public francophone et couvre l\u2019information tunisienne en temps r\u00e9el.","email":"redac@webdo.tn","legalName":"YNJ SARL","foundingDate":"2010-09-06","numberOfEmployees":{"@type":"QuantitativeValue","minValue":"11","maxValue":"50"}},{"@type":"Person","@id":"https:\/\/www.webdo.tn\/fr\/#\/schema\/person\/f35b42a42c5e2511bbd282959d6385cc","name":"CL","image":{"@type":"ImageObject","inLanguage":"fr-FR","@id":"https:\/\/secure.gravatar.com\/avatar\/1447a49909b67aa657c488aec6512e1dd6143a480c1ecfee9b5b5cd74eb3b59e?s=96&d=mm&r=g","url":"https:\/\/secure.gravatar.com\/avatar\/1447a49909b67aa657c488aec6512e1dd6143a480c1ecfee9b5b5cd74eb3b59e?s=96&d=mm&r=g","contentUrl":"https:\/\/secure.gravatar.com\/avatar\/1447a49909b67aa657c488aec6512e1dd6143a480c1ecfee9b5b5cd74eb3b59e?s=96&d=mm&r=g","caption":"CL"},"url":"https:\/\/www.webdo.tn\/fr\/actualite\/author\/cl\/"}]}},"_links":{"self":[{"href":"https:\/\/www.webdo.tn\/fr\/wp-json\/wp\/v2\/posts\/201294","targetHints":{"allow":["GET"]}}],"collection":[{"href":"https:\/\/www.webdo.tn\/fr\/wp-json\/wp\/v2\/posts"}],"about":[{"href":"https:\/\/www.webdo.tn\/fr\/wp-json\/wp\/v2\/types\/post"}],"author":[{"embeddable":true,"href":"https:\/\/www.webdo.tn\/fr\/wp-json\/wp\/v2\/users\/3175"}],"replies":[{"embeddable":true,"href":"https:\/\/www.webdo.tn\/fr\/wp-json\/wp\/v2\/comments?post=201294"}],"version-history":[{"count":0,"href":"https:\/\/www.webdo.tn\/fr\/wp-json\/wp\/v2\/posts\/201294\/revisions"}],"wp:featuredmedia":[{"embeddable":true,"href":"https:\/\/www.webdo.tn\/fr\/wp-json\/wp\/v2\/media\/277491"}],"wp:attachment":[{"href":"https:\/\/www.webdo.tn\/fr\/wp-json\/wp\/v2\/media?parent=201294"}],"wp:term":[{"taxonomy":"category","embeddable":true,"href":"https:\/\/www.webdo.tn\/fr\/wp-json\/wp\/v2\/categories?post=201294"},{"taxonomy":"post_tag","embeddable":true,"href":"https:\/\/www.webdo.tn\/fr\/wp-json\/wp\/v2\/tags?post=201294"}],"curies":[{"name":"wp","href":"https:\/\/api.w.org\/{rel}","templated":true}]}}