{"id":201284,"date":"2022-12-29T09:24:00","date_gmt":"2022-12-29T09:24:00","guid":{"rendered":"https:\/\/www.webdo.tn\/fr\/blog\/25-juillet-kais-saied-prepare-t-il-l-acte-iii\/201284\/"},"modified":"2025-05-20T22:46:19","modified_gmt":"2025-05-20T22:46:19","slug":"25-juillet-kais-saied-prepare-t-il-l-acte-iii","status":"publish","type":"post","link":"https:\/\/www.webdo.tn\/fr\/actualite\/national\/25-juillet-kais-saied-prepare-t-il-l-acte-iii\/201284\/","title":{"rendered":"25 juillet : Kais Saied pr\u00e9pare-t-il l\u2019acte III ?"},"content":{"rendered":"<p>Discours inattendu, menaces et col\u00e8re\u2026 Kais Saied s\u2019est adress\u00e9 aux Tunisiens mercredi en fin de soir\u00e9e pour annoncer, probablement, la couleur de la prochaine phase politique.<\/p>\n<p>\t\t\t\t\t\t\t\t\tOn l\u2019a tous vu, Kais Saied a hauss\u00e9 le ton lors d\u2019une r\u00e9union avec des ministres et de hauts responsables s\u00e9curitaires et militaires. Si pour le locataire de Carthage la situation est devenue insupportable notamment en ce qui concerne les cas d\u2019atteinte au prestige de l\u2019Etat, certains observateurs de la sc\u00e8ne nationale pensent \u00e0 l\u2019acte III.\u00a0<\/p>\n<p>Au fait, Kais Saied, furieux, \u00e9voque un complot contre la suret\u00e9 de l\u2019Etat et des tentatives de complotisme avec l\u2019\u00e9tranger. Les accusations sont graves et les menaces sont de taille, le chef de l\u2019Etat passera certainement \u00e0 l\u2019acte, mais comment va-t-il proc\u00e9der ?\u00a0<\/p>\n<p>Jusque-l\u00e0, le pr\u00e9sident de la R\u00e9publique ne peut pas compter sur le pouvoir judiciaire pour r\u00e9aliser ce qu\u2019il appelle la purification de l\u2019Etat. En effet, \u00e0 maintes reprises il a appel\u00e9 les juges \u00e0 assumer toutes leurs responsabilit\u00e9s dans la poursuite des corrompus, mais aucun r\u00e9sultat palpable n\u2019a \u00e9t\u00e9 enregistr\u00e9 \u00e0 part quelques mise en d\u00e9tention puis remise en libert\u00e9 de leaders islamistes.\u00a0<\/p>\n<p>Comment va-t-il donc op\u00e9rer ? L\u2019acte III inclura-t-il des arrestations et des poursuites directes de la part de l\u2019appareil s\u00e9curitaire ? Certains pensent que le discours d\u2019hier aurait donn\u00e9 le coup d\u2019envoi d\u2019un nouveau coup de force de la part du pr\u00e9sident de la R\u00e9publique qui finira par l\u2019arrestation d\u2019opposants politiques en d\u00e9pit de la grande pression exerc\u00e9e par les forces internationales, dont notamment Washington.<\/p>\n","protected":false},"excerpt":{"rendered":"<p>Discours inattendu, menaces et col\u00e8re\u2026 Kais Saied s\u2019est adress\u00e9 aux Tunisiens mercredi en fin de soir\u00e9e pour annoncer, probablement, la couleur de la prochaine&#8230;<\/p>\n","protected":false},"author":3175,"featured_media":252687,"comment_status":"open","ping_status":"closed","sticky":false,"template":"","format":"standard","meta":{"footnotes":""},"categories":[44],"tags":[6080,2614,2608],"class_list":["post-201284","post","type-post","status-publish","format-standard","has-post-thumbnail","hentry","category-national","tag-25-juillet","tag-kais-saied","tag-tunisie"],"yoast_head":"<!-- This site is optimized with the Yoast SEO Premium plugin v27.4 (Yoast SEO v27.5) - https:\/\/yoast.com\/product\/yoast-seo-premium-wordpress\/ -->\n<title>25 juillet : Kais Saied pr\u00e9pare-t-il l\u2019acte III ?<\/title>\n<meta name=\"description\" content=\"Discours inattendu, menaces et col\u00e8re\u2026 Kais Saied s\u2019est adress\u00e9 aux Tunisiens mercredi en fin de soir\u00e9e pour annoncer, probablement, la couleur de la prochaine...\" \/>\n<link rel=\"canonical\" href=\"https:\/\/www.webdo.tn\/fr\/actualite\/national\/25-juillet-kais-saied-prepare-t-il-l-acte-iii\/201284\/\" \/>\n<meta property=\"og:locale\" content=\"fr_FR\" \/>\n<meta property=\"og:type\" content=\"article\" \/>\n<meta property=\"og:title\" content=\"25 juillet : Kais Saied pr\u00e9pare-t-il l\u2019acte III ?\" \/>\n<meta property=\"og:description\" content=\"Discours inattendu, menaces et col\u00e8re\u2026 Kais Saied s\u2019est adress\u00e9 aux Tunisiens mercredi en fin de soir\u00e9e pour annoncer, probablement, la couleur de la prochaine...\" \/>\n<meta property=\"og:url\" content=\"https:\/\/www.webdo.tn\/fr\/actualite\/national\/25-juillet-kais-saied-prepare-t-il-l-acte-iii\/201284\/\" \/>\n<meta property=\"og:site_name\" content=\"webdo\" \/>\n<meta property=\"article:publisher\" content=\"https:\/\/www.facebook.com\/webdotn\" \/>\n<meta property=\"article:published_time\" content=\"2022-12-29T09:24:00+00:00\" \/>\n<meta property=\"article:modified_time\" content=\"2025-05-20T22:46:19+00:00\" \/>\n<meta property=\"og:image\" content=\"https:\/\/www.webdo.tn\/fr\/wp-content\/uploads\/2022\/12\/0e58567c1f6de0053ba4a8b07e104084.jpg\" \/>\n\t<meta property=\"og:image:width\" content=\"645\" \/>\n\t<meta property=\"og:image:height\" content=\"344\" \/>\n\t<meta property=\"og:image:type\" content=\"image\/jpeg\" \/>\n<meta name=\"author\" content=\"CL\" \/>\n<meta name=\"twitter:card\" content=\"summary_large_image\" \/>\n<meta name=\"twitter:creator\" content=\"@webdo_tn\" \/>\n<meta name=\"twitter:site\" content=\"@webdo_tn\" \/>\n<meta name=\"twitter:label1\" content=\"\u00c9crit par\" \/>\n\t<meta name=\"twitter:data1\" content=\"CL\" \/>\n\t<meta name=\"twitter:label2\" content=\"Dur\u00e9e de lecture estim\u00e9e\" \/>\n\t<meta name=\"twitter:data2\" content=\"1 minute\" \/>\n<script type=\"application\/ld+json\" class=\"yoast-schema-graph\">{\"@context\":\"https:\\\/\\\/schema.org\",\"@graph\":[{\"@type\":\"NewsArticle\",\"@id\":\"https:\\\/\\\/www.webdo.tn\\\/fr\\\/actualite\\\/national\\\/25-juillet-kais-saied-prepare-t-il-l-acte-iii\\\/201284\\\/#article\",\"isPartOf\":{\"@id\":\"https:\\\/\\\/www.webdo.tn\\\/fr\\\/actualite\\\/national\\\/25-juillet-kais-saied-prepare-t-il-l-acte-iii\\\/201284\\\/\"},\"author\":{\"name\":\"CL\",\"@id\":\"https:\\\/\\\/www.webdo.tn\\\/fr\\\/#\\\/schema\\\/person\\\/f35b42a42c5e2511bbd282959d6385cc\"},\"headline\":\"25 juillet : Kais Saied pr\u00e9pare-t-il l\u2019acte III ?\",\"datePublished\":\"2022-12-29T09:24:00+00:00\",\"dateModified\":\"2025-05-20T22:46:19+00:00\",\"mainEntityOfPage\":{\"@id\":\"https:\\\/\\\/www.webdo.tn\\\/fr\\\/actualite\\\/national\\\/25-juillet-kais-saied-prepare-t-il-l-acte-iii\\\/201284\\\/\"},\"wordCount\":291,\"commentCount\":0,\"publisher\":{\"@id\":\"https:\\\/\\\/www.webdo.tn\\\/fr\\\/#organization\"},\"image\":{\"@id\":\"https:\\\/\\\/www.webdo.tn\\\/fr\\\/actualite\\\/national\\\/25-juillet-kais-saied-prepare-t-il-l-acte-iii\\\/201284\\\/#primaryimage\"},\"thumbnailUrl\":\"https:\\\/\\\/www.webdo.tn\\\/fr\\\/wp-content\\\/uploads\\\/2022\\\/12\\\/0e58567c1f6de0053ba4a8b07e104084.jpg\",\"keywords\":[\"25 juillet\",\"Kais Saied\",\"Tunisie\"],\"articleSection\":[\"National\"],\"inLanguage\":\"fr-FR\"},{\"@type\":\"WebPage\",\"@id\":\"https:\\\/\\\/www.webdo.tn\\\/fr\\\/actualite\\\/national\\\/25-juillet-kais-saied-prepare-t-il-l-acte-iii\\\/201284\\\/\",\"url\":\"https:\\\/\\\/www.webdo.tn\\\/fr\\\/actualite\\\/national\\\/25-juillet-kais-saied-prepare-t-il-l-acte-iii\\\/201284\\\/\",\"name\":\"25 juillet : Kais Saied pr\u00e9pare-t-il l\u2019acte III ?\",\"isPartOf\":{\"@id\":\"https:\\\/\\\/www.webdo.tn\\\/fr\\\/#website\"},\"primaryImageOfPage\":{\"@id\":\"https:\\\/\\\/www.webdo.tn\\\/fr\\\/actualite\\\/national\\\/25-juillet-kais-saied-prepare-t-il-l-acte-iii\\\/201284\\\/#primaryimage\"},\"image\":{\"@id\":\"https:\\\/\\\/www.webdo.tn\\\/fr\\\/actualite\\\/national\\\/25-juillet-kais-saied-prepare-t-il-l-acte-iii\\\/201284\\\/#primaryimage\"},\"thumbnailUrl\":\"https:\\\/\\\/www.webdo.tn\\\/fr\\\/wp-content\\\/uploads\\\/2022\\\/12\\\/0e58567c1f6de0053ba4a8b07e104084.jpg\",\"datePublished\":\"2022-12-29T09:24:00+00:00\",\"dateModified\":\"2025-05-20T22:46:19+00:00\",\"description\":\"Discours inattendu, menaces et col\u00e8re\u2026 Kais Saied s\u2019est adress\u00e9 aux Tunisiens mercredi en fin de soir\u00e9e pour annoncer, probablement, la couleur de la prochaine...\",\"breadcrumb\":{\"@id\":\"https:\\\/\\\/www.webdo.tn\\\/fr\\\/actualite\\\/national\\\/25-juillet-kais-saied-prepare-t-il-l-acte-iii\\\/201284\\\/#breadcrumb\"},\"inLanguage\":\"fr-FR\",\"potentialAction\":[{\"@type\":\"ReadAction\",\"target\":[\"https:\\\/\\\/www.webdo.tn\\\/fr\\\/actualite\\\/national\\\/25-juillet-kais-saied-prepare-t-il-l-acte-iii\\\/201284\\\/\"]}]},{\"@type\":\"ImageObject\",\"inLanguage\":\"fr-FR\",\"@id\":\"https:\\\/\\\/www.webdo.tn\\\/fr\\\/actualite\\\/national\\\/25-juillet-kais-saied-prepare-t-il-l-acte-iii\\\/201284\\\/#primaryimage\",\"url\":\"https:\\\/\\\/www.webdo.tn\\\/fr\\\/wp-content\\\/uploads\\\/2022\\\/12\\\/0e58567c1f6de0053ba4a8b07e104084.jpg\",\"contentUrl\":\"https:\\\/\\\/www.webdo.tn\\\/fr\\\/wp-content\\\/uploads\\\/2022\\\/12\\\/0e58567c1f6de0053ba4a8b07e104084.jpg\",\"width\":645,\"height\":344,\"caption\":\"Kais Saied\"},{\"@type\":\"BreadcrumbList\",\"@id\":\"https:\\\/\\\/www.webdo.tn\\\/fr\\\/actualite\\\/national\\\/25-juillet-kais-saied-prepare-t-il-l-acte-iii\\\/201284\\\/#breadcrumb\",\"itemListElement\":[{\"@type\":\"ListItem\",\"position\":1,\"name\":\"Accueil\",\"item\":\"https:\\\/\\\/www.webdo.tn\\\/fr\\\/\"},{\"@type\":\"ListItem\",\"position\":2,\"name\":\"25 juillet : Kais Saied pr\u00e9pare-t-il l\u2019acte III ?\"}]},{\"@type\":\"WebSite\",\"@id\":\"https:\\\/\\\/www.webdo.tn\\\/fr\\\/#website\",\"url\":\"https:\\\/\\\/www.webdo.tn\\\/fr\\\/\",\"name\":\"webdo\",\"description\":\"Tunisie - News en Tunisie et \u00e0 l&#039;international sur Webdo.tn\",\"publisher\":{\"@id\":\"https:\\\/\\\/www.webdo.tn\\\/fr\\\/#organization\"},\"potentialAction\":[{\"@type\":\"SearchAction\",\"target\":{\"@type\":\"EntryPoint\",\"urlTemplate\":\"https:\\\/\\\/www.webdo.tn\\\/fr\\\/?s={search_term_string}\"},\"query-input\":{\"@type\":\"PropertyValueSpecification\",\"valueRequired\":true,\"valueName\":\"search_term_string\"}}],\"inLanguage\":\"fr-FR\"},{\"@type\":\"Organization\",\"@id\":\"https:\\\/\\\/www.webdo.tn\\\/fr\\\/#organization\",\"name\":\"Webdo\",\"alternateName\":\"Webdo.tn\",\"url\":\"https:\\\/\\\/www.webdo.tn\\\/fr\\\/\",\"logo\":{\"@type\":\"ImageObject\",\"inLanguage\":\"fr-FR\",\"@id\":\"https:\\\/\\\/www.webdo.tn\\\/fr\\\/#\\\/schema\\\/logo\\\/image\\\/\",\"url\":\"https:\\\/\\\/www.webdo.tn\\\/fr\\\/wp-content\\\/uploads\\\/2025\\\/06\\\/Webdo-Tunisie_168377.jpg\",\"contentUrl\":\"https:\\\/\\\/www.webdo.tn\\\/fr\\\/wp-content\\\/uploads\\\/2025\\\/06\\\/Webdo-Tunisie_168377.jpg\",\"width\":301,\"height\":301,\"caption\":\"Webdo\"},\"image\":{\"@id\":\"https:\\\/\\\/www.webdo.tn\\\/fr\\\/#\\\/schema\\\/logo\\\/image\\\/\"},\"sameAs\":[\"https:\\\/\\\/www.facebook.com\\\/webdotn\",\"https:\\\/\\\/x.com\\\/webdo_tn\"],\"description\":\"Webdo est un m\u00e9dia num\u00e9rique tunisien fond\u00e9 en 2010, sp\u00e9cialis\u00e9 dans l\u2019actualit\u00e9 nationale et internationale, l\u2019\u00e9conomie, la soci\u00e9t\u00e9 et les analyses politiques. Le site s\u2019adresse \u00e0 un large public francophone et couvre l\u2019information tunisienne en temps r\u00e9el.\",\"email\":\"redac@webdo.tn\",\"legalName\":\"YNJ SARL\",\"foundingDate\":\"2010-09-06\",\"numberOfEmployees\":{\"@type\":\"QuantitativeValue\",\"minValue\":\"11\",\"maxValue\":\"50\"}},{\"@type\":\"Person\",\"@id\":\"https:\\\/\\\/www.webdo.tn\\\/fr\\\/#\\\/schema\\\/person\\\/f35b42a42c5e2511bbd282959d6385cc\",\"name\":\"CL\",\"image\":{\"@type\":\"ImageObject\",\"inLanguage\":\"fr-FR\",\"@id\":\"https:\\\/\\\/secure.gravatar.com\\\/avatar\\\/1447a49909b67aa657c488aec6512e1dd6143a480c1ecfee9b5b5cd74eb3b59e?s=96&d=mm&r=g\",\"url\":\"https:\\\/\\\/secure.gravatar.com\\\/avatar\\\/1447a49909b67aa657c488aec6512e1dd6143a480c1ecfee9b5b5cd74eb3b59e?s=96&d=mm&r=g\",\"contentUrl\":\"https:\\\/\\\/secure.gravatar.com\\\/avatar\\\/1447a49909b67aa657c488aec6512e1dd6143a480c1ecfee9b5b5cd74eb3b59e?s=96&d=mm&r=g\",\"caption\":\"CL\"},\"url\":\"https:\\\/\\\/www.webdo.tn\\\/fr\\\/actualite\\\/author\\\/cl\\\/\"}]}<\/script>\n<!-- \/ Yoast SEO Premium plugin. -->","yoast_head_json":{"title":"25 juillet : Kais Saied pr\u00e9pare-t-il l\u2019acte III ?","description":"Discours inattendu, menaces et col\u00e8re\u2026 Kais Saied s\u2019est adress\u00e9 aux Tunisiens mercredi en fin de soir\u00e9e pour annoncer, probablement, la couleur de la prochaine...","canonical":"https:\/\/www.webdo.tn\/fr\/actualite\/national\/25-juillet-kais-saied-prepare-t-il-l-acte-iii\/201284\/","og_locale":"fr_FR","og_type":"article","og_title":"25 juillet : Kais Saied pr\u00e9pare-t-il l\u2019acte III ?","og_description":"Discours inattendu, menaces et col\u00e8re\u2026 Kais Saied s\u2019est adress\u00e9 aux Tunisiens mercredi en fin de soir\u00e9e pour annoncer, probablement, la couleur de la prochaine...","og_url":"https:\/\/www.webdo.tn\/fr\/actualite\/national\/25-juillet-kais-saied-prepare-t-il-l-acte-iii\/201284\/","og_site_name":"webdo","article_publisher":"https:\/\/www.facebook.com\/webdotn","article_published_time":"2022-12-29T09:24:00+00:00","article_modified_time":"2025-05-20T22:46:19+00:00","og_image":[{"width":645,"height":344,"url":"https:\/\/www.webdo.tn\/fr\/wp-content\/uploads\/2022\/12\/0e58567c1f6de0053ba4a8b07e104084.jpg","type":"image\/jpeg"}],"author":"CL","twitter_card":"summary_large_image","twitter_creator":"@webdo_tn","twitter_site":"@webdo_tn","twitter_misc":{"\u00c9crit par":"CL","Dur\u00e9e de lecture estim\u00e9e":"1 minute"},"schema":{"@context":"https:\/\/schema.org","@graph":[{"@type":"NewsArticle","@id":"https:\/\/www.webdo.tn\/fr\/actualite\/national\/25-juillet-kais-saied-prepare-t-il-l-acte-iii\/201284\/#article","isPartOf":{"@id":"https:\/\/www.webdo.tn\/fr\/actualite\/national\/25-juillet-kais-saied-prepare-t-il-l-acte-iii\/201284\/"},"author":{"name":"CL","@id":"https:\/\/www.webdo.tn\/fr\/#\/schema\/person\/f35b42a42c5e2511bbd282959d6385cc"},"headline":"25 juillet : Kais Saied pr\u00e9pare-t-il l\u2019acte III ?","datePublished":"2022-12-29T09:24:00+00:00","dateModified":"2025-05-20T22:46:19+00:00","mainEntityOfPage":{"@id":"https:\/\/www.webdo.tn\/fr\/actualite\/national\/25-juillet-kais-saied-prepare-t-il-l-acte-iii\/201284\/"},"wordCount":291,"commentCount":0,"publisher":{"@id":"https:\/\/www.webdo.tn\/fr\/#organization"},"image":{"@id":"https:\/\/www.webdo.tn\/fr\/actualite\/national\/25-juillet-kais-saied-prepare-t-il-l-acte-iii\/201284\/#primaryimage"},"thumbnailUrl":"https:\/\/www.webdo.tn\/fr\/wp-content\/uploads\/2022\/12\/0e58567c1f6de0053ba4a8b07e104084.jpg","keywords":["25 juillet","Kais Saied","Tunisie"],"articleSection":["National"],"inLanguage":"fr-FR"},{"@type":"WebPage","@id":"https:\/\/www.webdo.tn\/fr\/actualite\/national\/25-juillet-kais-saied-prepare-t-il-l-acte-iii\/201284\/","url":"https:\/\/www.webdo.tn\/fr\/actualite\/national\/25-juillet-kais-saied-prepare-t-il-l-acte-iii\/201284\/","name":"25 juillet : Kais Saied pr\u00e9pare-t-il l\u2019acte III ?","isPartOf":{"@id":"https:\/\/www.webdo.tn\/fr\/#website"},"primaryImageOfPage":{"@id":"https:\/\/www.webdo.tn\/fr\/actualite\/national\/25-juillet-kais-saied-prepare-t-il-l-acte-iii\/201284\/#primaryimage"},"image":{"@id":"https:\/\/www.webdo.tn\/fr\/actualite\/national\/25-juillet-kais-saied-prepare-t-il-l-acte-iii\/201284\/#primaryimage"},"thumbnailUrl":"https:\/\/www.webdo.tn\/fr\/wp-content\/uploads\/2022\/12\/0e58567c1f6de0053ba4a8b07e104084.jpg","datePublished":"2022-12-29T09:24:00+00:00","dateModified":"2025-05-20T22:46:19+00:00","description":"Discours inattendu, menaces et col\u00e8re\u2026 Kais Saied s\u2019est adress\u00e9 aux Tunisiens mercredi en fin de soir\u00e9e pour annoncer, probablement, la couleur de la prochaine...","breadcrumb":{"@id":"https:\/\/www.webdo.tn\/fr\/actualite\/national\/25-juillet-kais-saied-prepare-t-il-l-acte-iii\/201284\/#breadcrumb"},"inLanguage":"fr-FR","potentialAction":[{"@type":"ReadAction","target":["https:\/\/www.webdo.tn\/fr\/actualite\/national\/25-juillet-kais-saied-prepare-t-il-l-acte-iii\/201284\/"]}]},{"@type":"ImageObject","inLanguage":"fr-FR","@id":"https:\/\/www.webdo.tn\/fr\/actualite\/national\/25-juillet-kais-saied-prepare-t-il-l-acte-iii\/201284\/#primaryimage","url":"https:\/\/www.webdo.tn\/fr\/wp-content\/uploads\/2022\/12\/0e58567c1f6de0053ba4a8b07e104084.jpg","contentUrl":"https:\/\/www.webdo.tn\/fr\/wp-content\/uploads\/2022\/12\/0e58567c1f6de0053ba4a8b07e104084.jpg","width":645,"height":344,"caption":"Kais Saied"},{"@type":"BreadcrumbList","@id":"https:\/\/www.webdo.tn\/fr\/actualite\/national\/25-juillet-kais-saied-prepare-t-il-l-acte-iii\/201284\/#breadcrumb","itemListElement":[{"@type":"ListItem","position":1,"name":"Accueil","item":"https:\/\/www.webdo.tn\/fr\/"},{"@type":"ListItem","position":2,"name":"25 juillet : Kais Saied pr\u00e9pare-t-il l\u2019acte III ?"}]},{"@type":"WebSite","@id":"https:\/\/www.webdo.tn\/fr\/#website","url":"https:\/\/www.webdo.tn\/fr\/","name":"webdo","description":"Tunisie - News en Tunisie et \u00e0 l&#039;international sur Webdo.tn","publisher":{"@id":"https:\/\/www.webdo.tn\/fr\/#organization"},"potentialAction":[{"@type":"SearchAction","target":{"@type":"EntryPoint","urlTemplate":"https:\/\/www.webdo.tn\/fr\/?s={search_term_string}"},"query-input":{"@type":"PropertyValueSpecification","valueRequired":true,"valueName":"search_term_string"}}],"inLanguage":"fr-FR"},{"@type":"Organization","@id":"https:\/\/www.webdo.tn\/fr\/#organization","name":"Webdo","alternateName":"Webdo.tn","url":"https:\/\/www.webdo.tn\/fr\/","logo":{"@type":"ImageObject","inLanguage":"fr-FR","@id":"https:\/\/www.webdo.tn\/fr\/#\/schema\/logo\/image\/","url":"https:\/\/www.webdo.tn\/fr\/wp-content\/uploads\/2025\/06\/Webdo-Tunisie_168377.jpg","contentUrl":"https:\/\/www.webdo.tn\/fr\/wp-content\/uploads\/2025\/06\/Webdo-Tunisie_168377.jpg","width":301,"height":301,"caption":"Webdo"},"image":{"@id":"https:\/\/www.webdo.tn\/fr\/#\/schema\/logo\/image\/"},"sameAs":["https:\/\/www.facebook.com\/webdotn","https:\/\/x.com\/webdo_tn"],"description":"Webdo est un m\u00e9dia num\u00e9rique tunisien fond\u00e9 en 2010, sp\u00e9cialis\u00e9 dans l\u2019actualit\u00e9 nationale et internationale, l\u2019\u00e9conomie, la soci\u00e9t\u00e9 et les analyses politiques. Le site s\u2019adresse \u00e0 un large public francophone et couvre l\u2019information tunisienne en temps r\u00e9el.","email":"redac@webdo.tn","legalName":"YNJ SARL","foundingDate":"2010-09-06","numberOfEmployees":{"@type":"QuantitativeValue","minValue":"11","maxValue":"50"}},{"@type":"Person","@id":"https:\/\/www.webdo.tn\/fr\/#\/schema\/person\/f35b42a42c5e2511bbd282959d6385cc","name":"CL","image":{"@type":"ImageObject","inLanguage":"fr-FR","@id":"https:\/\/secure.gravatar.com\/avatar\/1447a49909b67aa657c488aec6512e1dd6143a480c1ecfee9b5b5cd74eb3b59e?s=96&d=mm&r=g","url":"https:\/\/secure.gravatar.com\/avatar\/1447a49909b67aa657c488aec6512e1dd6143a480c1ecfee9b5b5cd74eb3b59e?s=96&d=mm&r=g","contentUrl":"https:\/\/secure.gravatar.com\/avatar\/1447a49909b67aa657c488aec6512e1dd6143a480c1ecfee9b5b5cd74eb3b59e?s=96&d=mm&r=g","caption":"CL"},"url":"https:\/\/www.webdo.tn\/fr\/actualite\/author\/cl\/"}]}},"_links":{"self":[{"href":"https:\/\/www.webdo.tn\/fr\/wp-json\/wp\/v2\/posts\/201284","targetHints":{"allow":["GET"]}}],"collection":[{"href":"https:\/\/www.webdo.tn\/fr\/wp-json\/wp\/v2\/posts"}],"about":[{"href":"https:\/\/www.webdo.tn\/fr\/wp-json\/wp\/v2\/types\/post"}],"author":[{"embeddable":true,"href":"https:\/\/www.webdo.tn\/fr\/wp-json\/wp\/v2\/users\/3175"}],"replies":[{"embeddable":true,"href":"https:\/\/www.webdo.tn\/fr\/wp-json\/wp\/v2\/comments?post=201284"}],"version-history":[{"count":0,"href":"https:\/\/www.webdo.tn\/fr\/wp-json\/wp\/v2\/posts\/201284\/revisions"}],"wp:featuredmedia":[{"embeddable":true,"href":"https:\/\/www.webdo.tn\/fr\/wp-json\/wp\/v2\/media\/252687"}],"wp:attachment":[{"href":"https:\/\/www.webdo.tn\/fr\/wp-json\/wp\/v2\/media?parent=201284"}],"wp:term":[{"taxonomy":"category","embeddable":true,"href":"https:\/\/www.webdo.tn\/fr\/wp-json\/wp\/v2\/categories?post=201284"},{"taxonomy":"post_tag","embeddable":true,"href":"https:\/\/www.webdo.tn\/fr\/wp-json\/wp\/v2\/tags?post=201284"}],"curies":[{"name":"wp","href":"https:\/\/api.w.org\/{rel}","templated":true}]}}