{"id":201279,"date":"2022-12-29T07:55:00","date_gmt":"2022-12-29T07:55:00","guid":{"rendered":"https:\/\/www.webdo.tn\/fr\/blog\/kais-saied-une-personne-a-menace-d-assassiner-le-president-et-elle-circule-librement\/201279\/"},"modified":"2025-05-20T22:46:18","modified_gmt":"2025-05-20T22:46:18","slug":"kais-saied-une-personne-a-menace-d-assassiner-le-president-et-elle-circule-librement","status":"publish","type":"post","link":"https:\/\/www.webdo.tn\/fr\/actualite\/national\/kais-saied-une-personne-a-menace-d-assassiner-le-president-et-elle-circule-librement\/201279\/","title":{"rendered":"Kais Saied : \u00ab Une personne a menac\u00e9 d\u2019assassiner le Pr\u00e9sident et elle circule librement \u00bb"},"content":{"rendered":"<p>Le chef de l\u2019Etat a r\u00e9uni hier mercredi plusieurs hauts responsables et ministres pour revenir sur plusieurs points dont notamment des questions s\u00e9curitaires.<\/p>\n<p>\t\t\t\t\t\t\t\t\tEn effet, le pr\u00e9sident de la R\u00e9publique, Kais Sa\u00efed, s&rsquo;est r\u00e9uni avec la cheffe du gouvernement, les ministres de la Justice, de l&rsquo;Int\u00e9rieur et de la D\u00e9fense ainsi que des cadres s\u00e9curitaires.<\/p>\n<p>Il a annonc\u00e9 dans ce sens que qu&rsquo;une personne a menac\u00e9 d\u2019assassiner le pr\u00e9sident de la R\u00e9publique.\u00a0<\/p>\n<p>Sans la citer, il a affirm\u00e9 que \u00ab cette personne circule librement, alors que certains craignent pour la libert\u00e9 d\u2019expression \u00bb.<\/p>\n","protected":false},"excerpt":{"rendered":"<p>Le chef de l\u2019Etat a r\u00e9uni hier mercredi plusieurs hauts responsables et ministres pour revenir sur plusieurs points dont notamment des questions s\u00e9curitaires.<\/p>\n","protected":false},"author":3175,"featured_media":252681,"comment_status":"open","ping_status":"closed","sticky":false,"template":"","format":"standard","meta":{"footnotes":""},"categories":[44],"tags":[3260,2614,2608],"class_list":["post-201279","post","type-post","status-publish","format-standard","has-post-thumbnail","hentry","category-national","tag-assassinat","tag-kais-saied","tag-tunisie"],"yoast_head":"<!-- This site is optimized with the Yoast SEO Premium plugin v27.5 (Yoast SEO v27.5) - https:\/\/yoast.com\/product\/yoast-seo-premium-wordpress\/ -->\n<title>Kais Saied : \u00ab Une personne a menac\u00e9 d\u2019assassiner le Pr\u00e9sident et elle circule librement \u00bb<\/title>\n<meta name=\"description\" content=\"Le chef de l\u2019Etat a r\u00e9uni hier mercredi plusieurs hauts responsables et ministres pour revenir sur plusieurs points dont notamment des questions s\u00e9curitaires.\" \/>\n<link rel=\"canonical\" href=\"https:\/\/www.webdo.tn\/fr\/actualite\/national\/kais-saied-une-personne-a-menace-d-assassiner-le-president-et-elle-circule-librement\/201279\/\" \/>\n<meta property=\"og:locale\" content=\"fr_FR\" \/>\n<meta property=\"og:type\" content=\"article\" \/>\n<meta property=\"og:title\" content=\"Kais Saied : \u00ab Une personne a menac\u00e9 d\u2019assassiner le Pr\u00e9sident et elle circule librement \u00bb\" \/>\n<meta property=\"og:description\" content=\"Le chef de l\u2019Etat a r\u00e9uni hier mercredi plusieurs hauts responsables et ministres pour revenir sur plusieurs points dont notamment des questions s\u00e9curitaires.\" \/>\n<meta property=\"og:url\" content=\"https:\/\/www.webdo.tn\/fr\/actualite\/national\/kais-saied-une-personne-a-menace-d-assassiner-le-president-et-elle-circule-librement\/201279\/\" \/>\n<meta property=\"og:site_name\" content=\"webdo\" \/>\n<meta property=\"article:publisher\" content=\"https:\/\/www.facebook.com\/webdotn\" \/>\n<meta property=\"article:published_time\" content=\"2022-12-29T07:55:00+00:00\" \/>\n<meta property=\"article:modified_time\" content=\"2025-05-20T22:46:18+00:00\" \/>\n<meta property=\"og:image\" content=\"https:\/\/www.webdo.tn\/fr\/wp-content\/uploads\/2022\/12\/904371e06a1a51486866895a410af200.jpg\" \/>\n\t<meta property=\"og:image:width\" content=\"750\" \/>\n\t<meta property=\"og:image:height\" content=\"400\" \/>\n\t<meta property=\"og:image:type\" content=\"image\/jpeg\" \/>\n<meta name=\"author\" content=\"CL\" \/>\n<meta name=\"twitter:card\" content=\"summary_large_image\" \/>\n<meta name=\"twitter:creator\" content=\"@webdo_tn\" \/>\n<meta name=\"twitter:site\" content=\"@webdo_tn\" \/>\n<meta name=\"twitter:label1\" content=\"\u00c9crit par\" \/>\n\t<meta name=\"twitter:data1\" content=\"CL\" \/>\n\t<meta name=\"twitter:label2\" content=\"Dur\u00e9e de lecture estim\u00e9e\" \/>\n\t<meta name=\"twitter:data2\" content=\"1 minute\" \/>\n<script type=\"application\/ld+json\" class=\"yoast-schema-graph\">{\"@context\":\"https:\\\/\\\/schema.org\",\"@graph\":[{\"@type\":\"NewsArticle\",\"@id\":\"https:\\\/\\\/www.webdo.tn\\\/fr\\\/actualite\\\/national\\\/kais-saied-une-personne-a-menace-d-assassiner-le-president-et-elle-circule-librement\\\/201279\\\/#article\",\"isPartOf\":{\"@id\":\"https:\\\/\\\/www.webdo.tn\\\/fr\\\/actualite\\\/national\\\/kais-saied-une-personne-a-menace-d-assassiner-le-president-et-elle-circule-librement\\\/201279\\\/\"},\"author\":{\"name\":\"CL\",\"@id\":\"https:\\\/\\\/www.webdo.tn\\\/fr\\\/#\\\/schema\\\/person\\\/f35b42a42c5e2511bbd282959d6385cc\"},\"headline\":\"Kais Saied : \u00ab Une personne a menac\u00e9 d\u2019assassiner le Pr\u00e9sident et elle circule librement \u00bb\",\"datePublished\":\"2022-12-29T07:55:00+00:00\",\"dateModified\":\"2025-05-20T22:46:18+00:00\",\"mainEntityOfPage\":{\"@id\":\"https:\\\/\\\/www.webdo.tn\\\/fr\\\/actualite\\\/national\\\/kais-saied-une-personne-a-menace-d-assassiner-le-president-et-elle-circule-librement\\\/201279\\\/\"},\"wordCount\":123,\"commentCount\":0,\"publisher\":{\"@id\":\"https:\\\/\\\/www.webdo.tn\\\/fr\\\/#organization\"},\"image\":{\"@id\":\"https:\\\/\\\/www.webdo.tn\\\/fr\\\/actualite\\\/national\\\/kais-saied-une-personne-a-menace-d-assassiner-le-president-et-elle-circule-librement\\\/201279\\\/#primaryimage\"},\"thumbnailUrl\":\"https:\\\/\\\/www.webdo.tn\\\/fr\\\/wp-content\\\/uploads\\\/2022\\\/12\\\/904371e06a1a51486866895a410af200.jpg\",\"keywords\":[\"assassinat\",\"Kais Saied\",\"Tunisie\"],\"articleSection\":[\"National\"],\"inLanguage\":\"fr-FR\"},{\"@type\":\"WebPage\",\"@id\":\"https:\\\/\\\/www.webdo.tn\\\/fr\\\/actualite\\\/national\\\/kais-saied-une-personne-a-menace-d-assassiner-le-president-et-elle-circule-librement\\\/201279\\\/\",\"url\":\"https:\\\/\\\/www.webdo.tn\\\/fr\\\/actualite\\\/national\\\/kais-saied-une-personne-a-menace-d-assassiner-le-president-et-elle-circule-librement\\\/201279\\\/\",\"name\":\"Kais Saied : \u00ab Une personne a menac\u00e9 d\u2019assassiner le Pr\u00e9sident et elle circule librement \u00bb\",\"isPartOf\":{\"@id\":\"https:\\\/\\\/www.webdo.tn\\\/fr\\\/#website\"},\"primaryImageOfPage\":{\"@id\":\"https:\\\/\\\/www.webdo.tn\\\/fr\\\/actualite\\\/national\\\/kais-saied-une-personne-a-menace-d-assassiner-le-president-et-elle-circule-librement\\\/201279\\\/#primaryimage\"},\"image\":{\"@id\":\"https:\\\/\\\/www.webdo.tn\\\/fr\\\/actualite\\\/national\\\/kais-saied-une-personne-a-menace-d-assassiner-le-president-et-elle-circule-librement\\\/201279\\\/#primaryimage\"},\"thumbnailUrl\":\"https:\\\/\\\/www.webdo.tn\\\/fr\\\/wp-content\\\/uploads\\\/2022\\\/12\\\/904371e06a1a51486866895a410af200.jpg\",\"datePublished\":\"2022-12-29T07:55:00+00:00\",\"dateModified\":\"2025-05-20T22:46:18+00:00\",\"description\":\"Le chef de l\u2019Etat a r\u00e9uni hier mercredi plusieurs hauts responsables et ministres pour revenir sur plusieurs points dont notamment des questions s\u00e9curitaires.\",\"breadcrumb\":{\"@id\":\"https:\\\/\\\/www.webdo.tn\\\/fr\\\/actualite\\\/national\\\/kais-saied-une-personne-a-menace-d-assassiner-le-president-et-elle-circule-librement\\\/201279\\\/#breadcrumb\"},\"inLanguage\":\"fr-FR\",\"potentialAction\":[{\"@type\":\"ReadAction\",\"target\":[\"https:\\\/\\\/www.webdo.tn\\\/fr\\\/actualite\\\/national\\\/kais-saied-une-personne-a-menace-d-assassiner-le-president-et-elle-circule-librement\\\/201279\\\/\"]}]},{\"@type\":\"ImageObject\",\"inLanguage\":\"fr-FR\",\"@id\":\"https:\\\/\\\/www.webdo.tn\\\/fr\\\/actualite\\\/national\\\/kais-saied-une-personne-a-menace-d-assassiner-le-president-et-elle-circule-librement\\\/201279\\\/#primaryimage\",\"url\":\"https:\\\/\\\/www.webdo.tn\\\/fr\\\/wp-content\\\/uploads\\\/2022\\\/12\\\/904371e06a1a51486866895a410af200.jpg\",\"contentUrl\":\"https:\\\/\\\/www.webdo.tn\\\/fr\\\/wp-content\\\/uploads\\\/2022\\\/12\\\/904371e06a1a51486866895a410af200.jpg\",\"width\":750,\"height\":400,\"caption\":\"Kais Saied\"},{\"@type\":\"BreadcrumbList\",\"@id\":\"https:\\\/\\\/www.webdo.tn\\\/fr\\\/actualite\\\/national\\\/kais-saied-une-personne-a-menace-d-assassiner-le-president-et-elle-circule-librement\\\/201279\\\/#breadcrumb\",\"itemListElement\":[{\"@type\":\"ListItem\",\"position\":1,\"name\":\"Accueil\",\"item\":\"https:\\\/\\\/www.webdo.tn\\\/fr\\\/\"},{\"@type\":\"ListItem\",\"position\":2,\"name\":\"Kais Saied : \u00ab Une personne a menac\u00e9 d\u2019assassiner le Pr\u00e9sident et elle circule librement \u00bb\"}]},{\"@type\":\"WebSite\",\"@id\":\"https:\\\/\\\/www.webdo.tn\\\/fr\\\/#website\",\"url\":\"https:\\\/\\\/www.webdo.tn\\\/fr\\\/\",\"name\":\"webdo\",\"description\":\"Tunisie - News en Tunisie et \u00e0 l&#039;international sur Webdo.tn\",\"publisher\":{\"@id\":\"https:\\\/\\\/www.webdo.tn\\\/fr\\\/#organization\"},\"potentialAction\":[{\"@type\":\"SearchAction\",\"target\":{\"@type\":\"EntryPoint\",\"urlTemplate\":\"https:\\\/\\\/www.webdo.tn\\\/fr\\\/?s={search_term_string}\"},\"query-input\":{\"@type\":\"PropertyValueSpecification\",\"valueRequired\":true,\"valueName\":\"search_term_string\"}}],\"inLanguage\":\"fr-FR\"},{\"@type\":\"Organization\",\"@id\":\"https:\\\/\\\/www.webdo.tn\\\/fr\\\/#organization\",\"name\":\"Webdo\",\"alternateName\":\"Webdo.tn\",\"url\":\"https:\\\/\\\/www.webdo.tn\\\/fr\\\/\",\"logo\":{\"@type\":\"ImageObject\",\"inLanguage\":\"fr-FR\",\"@id\":\"https:\\\/\\\/www.webdo.tn\\\/fr\\\/#\\\/schema\\\/logo\\\/image\\\/\",\"url\":\"https:\\\/\\\/www.webdo.tn\\\/fr\\\/wp-content\\\/uploads\\\/2025\\\/06\\\/Webdo-Tunisie_168377.jpg\",\"contentUrl\":\"https:\\\/\\\/www.webdo.tn\\\/fr\\\/wp-content\\\/uploads\\\/2025\\\/06\\\/Webdo-Tunisie_168377.jpg\",\"width\":301,\"height\":301,\"caption\":\"Webdo\"},\"image\":{\"@id\":\"https:\\\/\\\/www.webdo.tn\\\/fr\\\/#\\\/schema\\\/logo\\\/image\\\/\"},\"sameAs\":[\"https:\\\/\\\/www.facebook.com\\\/webdotn\",\"https:\\\/\\\/x.com\\\/webdo_tn\"],\"description\":\"Webdo est un m\u00e9dia num\u00e9rique tunisien fond\u00e9 en 2010, sp\u00e9cialis\u00e9 dans l\u2019actualit\u00e9 nationale et internationale, l\u2019\u00e9conomie, la soci\u00e9t\u00e9 et les analyses politiques. Le site s\u2019adresse \u00e0 un large public francophone et couvre l\u2019information tunisienne en temps r\u00e9el.\",\"email\":\"redac@webdo.tn\",\"legalName\":\"YNJ SARL\",\"foundingDate\":\"2010-09-06\",\"numberOfEmployees\":{\"@type\":\"QuantitativeValue\",\"minValue\":\"11\",\"maxValue\":\"50\"}},{\"@type\":\"Person\",\"@id\":\"https:\\\/\\\/www.webdo.tn\\\/fr\\\/#\\\/schema\\\/person\\\/f35b42a42c5e2511bbd282959d6385cc\",\"name\":\"CL\",\"image\":{\"@type\":\"ImageObject\",\"inLanguage\":\"fr-FR\",\"@id\":\"https:\\\/\\\/secure.gravatar.com\\\/avatar\\\/1447a49909b67aa657c488aec6512e1dd6143a480c1ecfee9b5b5cd74eb3b59e?s=96&d=mm&r=g\",\"url\":\"https:\\\/\\\/secure.gravatar.com\\\/avatar\\\/1447a49909b67aa657c488aec6512e1dd6143a480c1ecfee9b5b5cd74eb3b59e?s=96&d=mm&r=g\",\"contentUrl\":\"https:\\\/\\\/secure.gravatar.com\\\/avatar\\\/1447a49909b67aa657c488aec6512e1dd6143a480c1ecfee9b5b5cd74eb3b59e?s=96&d=mm&r=g\",\"caption\":\"CL\"},\"url\":\"https:\\\/\\\/www.webdo.tn\\\/fr\\\/actualite\\\/author\\\/cl\\\/\"}]}<\/script>\n<!-- \/ Yoast SEO Premium plugin. -->","yoast_head_json":{"title":"Kais Saied : \u00ab Une personne a menac\u00e9 d\u2019assassiner le Pr\u00e9sident et elle circule librement \u00bb","description":"Le chef de l\u2019Etat a r\u00e9uni hier mercredi plusieurs hauts responsables et ministres pour revenir sur plusieurs points dont notamment des questions s\u00e9curitaires.","canonical":"https:\/\/www.webdo.tn\/fr\/actualite\/national\/kais-saied-une-personne-a-menace-d-assassiner-le-president-et-elle-circule-librement\/201279\/","og_locale":"fr_FR","og_type":"article","og_title":"Kais Saied : \u00ab Une personne a menac\u00e9 d\u2019assassiner le Pr\u00e9sident et elle circule librement \u00bb","og_description":"Le chef de l\u2019Etat a r\u00e9uni hier mercredi plusieurs hauts responsables et ministres pour revenir sur plusieurs points dont notamment des questions s\u00e9curitaires.","og_url":"https:\/\/www.webdo.tn\/fr\/actualite\/national\/kais-saied-une-personne-a-menace-d-assassiner-le-president-et-elle-circule-librement\/201279\/","og_site_name":"webdo","article_publisher":"https:\/\/www.facebook.com\/webdotn","article_published_time":"2022-12-29T07:55:00+00:00","article_modified_time":"2025-05-20T22:46:18+00:00","og_image":[{"width":750,"height":400,"url":"https:\/\/www.webdo.tn\/fr\/wp-content\/uploads\/2022\/12\/904371e06a1a51486866895a410af200.jpg","type":"image\/jpeg"}],"author":"CL","twitter_card":"summary_large_image","twitter_creator":"@webdo_tn","twitter_site":"@webdo_tn","twitter_misc":{"\u00c9crit par":"CL","Dur\u00e9e de lecture estim\u00e9e":"1 minute"},"schema":{"@context":"https:\/\/schema.org","@graph":[{"@type":"NewsArticle","@id":"https:\/\/www.webdo.tn\/fr\/actualite\/national\/kais-saied-une-personne-a-menace-d-assassiner-le-president-et-elle-circule-librement\/201279\/#article","isPartOf":{"@id":"https:\/\/www.webdo.tn\/fr\/actualite\/national\/kais-saied-une-personne-a-menace-d-assassiner-le-president-et-elle-circule-librement\/201279\/"},"author":{"name":"CL","@id":"https:\/\/www.webdo.tn\/fr\/#\/schema\/person\/f35b42a42c5e2511bbd282959d6385cc"},"headline":"Kais Saied : \u00ab Une personne a menac\u00e9 d\u2019assassiner le Pr\u00e9sident et elle circule librement \u00bb","datePublished":"2022-12-29T07:55:00+00:00","dateModified":"2025-05-20T22:46:18+00:00","mainEntityOfPage":{"@id":"https:\/\/www.webdo.tn\/fr\/actualite\/national\/kais-saied-une-personne-a-menace-d-assassiner-le-president-et-elle-circule-librement\/201279\/"},"wordCount":123,"commentCount":0,"publisher":{"@id":"https:\/\/www.webdo.tn\/fr\/#organization"},"image":{"@id":"https:\/\/www.webdo.tn\/fr\/actualite\/national\/kais-saied-une-personne-a-menace-d-assassiner-le-president-et-elle-circule-librement\/201279\/#primaryimage"},"thumbnailUrl":"https:\/\/www.webdo.tn\/fr\/wp-content\/uploads\/2022\/12\/904371e06a1a51486866895a410af200.jpg","keywords":["assassinat","Kais Saied","Tunisie"],"articleSection":["National"],"inLanguage":"fr-FR"},{"@type":"WebPage","@id":"https:\/\/www.webdo.tn\/fr\/actualite\/national\/kais-saied-une-personne-a-menace-d-assassiner-le-president-et-elle-circule-librement\/201279\/","url":"https:\/\/www.webdo.tn\/fr\/actualite\/national\/kais-saied-une-personne-a-menace-d-assassiner-le-president-et-elle-circule-librement\/201279\/","name":"Kais Saied : \u00ab Une personne a menac\u00e9 d\u2019assassiner le Pr\u00e9sident et elle circule librement \u00bb","isPartOf":{"@id":"https:\/\/www.webdo.tn\/fr\/#website"},"primaryImageOfPage":{"@id":"https:\/\/www.webdo.tn\/fr\/actualite\/national\/kais-saied-une-personne-a-menace-d-assassiner-le-president-et-elle-circule-librement\/201279\/#primaryimage"},"image":{"@id":"https:\/\/www.webdo.tn\/fr\/actualite\/national\/kais-saied-une-personne-a-menace-d-assassiner-le-president-et-elle-circule-librement\/201279\/#primaryimage"},"thumbnailUrl":"https:\/\/www.webdo.tn\/fr\/wp-content\/uploads\/2022\/12\/904371e06a1a51486866895a410af200.jpg","datePublished":"2022-12-29T07:55:00+00:00","dateModified":"2025-05-20T22:46:18+00:00","description":"Le chef de l\u2019Etat a r\u00e9uni hier mercredi plusieurs hauts responsables et ministres pour revenir sur plusieurs points dont notamment des questions s\u00e9curitaires.","breadcrumb":{"@id":"https:\/\/www.webdo.tn\/fr\/actualite\/national\/kais-saied-une-personne-a-menace-d-assassiner-le-president-et-elle-circule-librement\/201279\/#breadcrumb"},"inLanguage":"fr-FR","potentialAction":[{"@type":"ReadAction","target":["https:\/\/www.webdo.tn\/fr\/actualite\/national\/kais-saied-une-personne-a-menace-d-assassiner-le-president-et-elle-circule-librement\/201279\/"]}]},{"@type":"ImageObject","inLanguage":"fr-FR","@id":"https:\/\/www.webdo.tn\/fr\/actualite\/national\/kais-saied-une-personne-a-menace-d-assassiner-le-president-et-elle-circule-librement\/201279\/#primaryimage","url":"https:\/\/www.webdo.tn\/fr\/wp-content\/uploads\/2022\/12\/904371e06a1a51486866895a410af200.jpg","contentUrl":"https:\/\/www.webdo.tn\/fr\/wp-content\/uploads\/2022\/12\/904371e06a1a51486866895a410af200.jpg","width":750,"height":400,"caption":"Kais Saied"},{"@type":"BreadcrumbList","@id":"https:\/\/www.webdo.tn\/fr\/actualite\/national\/kais-saied-une-personne-a-menace-d-assassiner-le-president-et-elle-circule-librement\/201279\/#breadcrumb","itemListElement":[{"@type":"ListItem","position":1,"name":"Accueil","item":"https:\/\/www.webdo.tn\/fr\/"},{"@type":"ListItem","position":2,"name":"Kais Saied : \u00ab Une personne a menac\u00e9 d\u2019assassiner le Pr\u00e9sident et elle circule librement \u00bb"}]},{"@type":"WebSite","@id":"https:\/\/www.webdo.tn\/fr\/#website","url":"https:\/\/www.webdo.tn\/fr\/","name":"webdo","description":"Tunisie - News en Tunisie et \u00e0 l&#039;international sur Webdo.tn","publisher":{"@id":"https:\/\/www.webdo.tn\/fr\/#organization"},"potentialAction":[{"@type":"SearchAction","target":{"@type":"EntryPoint","urlTemplate":"https:\/\/www.webdo.tn\/fr\/?s={search_term_string}"},"query-input":{"@type":"PropertyValueSpecification","valueRequired":true,"valueName":"search_term_string"}}],"inLanguage":"fr-FR"},{"@type":"Organization","@id":"https:\/\/www.webdo.tn\/fr\/#organization","name":"Webdo","alternateName":"Webdo.tn","url":"https:\/\/www.webdo.tn\/fr\/","logo":{"@type":"ImageObject","inLanguage":"fr-FR","@id":"https:\/\/www.webdo.tn\/fr\/#\/schema\/logo\/image\/","url":"https:\/\/www.webdo.tn\/fr\/wp-content\/uploads\/2025\/06\/Webdo-Tunisie_168377.jpg","contentUrl":"https:\/\/www.webdo.tn\/fr\/wp-content\/uploads\/2025\/06\/Webdo-Tunisie_168377.jpg","width":301,"height":301,"caption":"Webdo"},"image":{"@id":"https:\/\/www.webdo.tn\/fr\/#\/schema\/logo\/image\/"},"sameAs":["https:\/\/www.facebook.com\/webdotn","https:\/\/x.com\/webdo_tn"],"description":"Webdo est un m\u00e9dia num\u00e9rique tunisien fond\u00e9 en 2010, sp\u00e9cialis\u00e9 dans l\u2019actualit\u00e9 nationale et internationale, l\u2019\u00e9conomie, la soci\u00e9t\u00e9 et les analyses politiques. Le site s\u2019adresse \u00e0 un large public francophone et couvre l\u2019information tunisienne en temps r\u00e9el.","email":"redac@webdo.tn","legalName":"YNJ SARL","foundingDate":"2010-09-06","numberOfEmployees":{"@type":"QuantitativeValue","minValue":"11","maxValue":"50"}},{"@type":"Person","@id":"https:\/\/www.webdo.tn\/fr\/#\/schema\/person\/f35b42a42c5e2511bbd282959d6385cc","name":"CL","image":{"@type":"ImageObject","inLanguage":"fr-FR","@id":"https:\/\/secure.gravatar.com\/avatar\/1447a49909b67aa657c488aec6512e1dd6143a480c1ecfee9b5b5cd74eb3b59e?s=96&d=mm&r=g","url":"https:\/\/secure.gravatar.com\/avatar\/1447a49909b67aa657c488aec6512e1dd6143a480c1ecfee9b5b5cd74eb3b59e?s=96&d=mm&r=g","contentUrl":"https:\/\/secure.gravatar.com\/avatar\/1447a49909b67aa657c488aec6512e1dd6143a480c1ecfee9b5b5cd74eb3b59e?s=96&d=mm&r=g","caption":"CL"},"url":"https:\/\/www.webdo.tn\/fr\/actualite\/author\/cl\/"}]}},"_links":{"self":[{"href":"https:\/\/www.webdo.tn\/fr\/wp-json\/wp\/v2\/posts\/201279","targetHints":{"allow":["GET"]}}],"collection":[{"href":"https:\/\/www.webdo.tn\/fr\/wp-json\/wp\/v2\/posts"}],"about":[{"href":"https:\/\/www.webdo.tn\/fr\/wp-json\/wp\/v2\/types\/post"}],"author":[{"embeddable":true,"href":"https:\/\/www.webdo.tn\/fr\/wp-json\/wp\/v2\/users\/3175"}],"replies":[{"embeddable":true,"href":"https:\/\/www.webdo.tn\/fr\/wp-json\/wp\/v2\/comments?post=201279"}],"version-history":[{"count":0,"href":"https:\/\/www.webdo.tn\/fr\/wp-json\/wp\/v2\/posts\/201279\/revisions"}],"wp:featuredmedia":[{"embeddable":true,"href":"https:\/\/www.webdo.tn\/fr\/wp-json\/wp\/v2\/media\/252681"}],"wp:attachment":[{"href":"https:\/\/www.webdo.tn\/fr\/wp-json\/wp\/v2\/media?parent=201279"}],"wp:term":[{"taxonomy":"category","embeddable":true,"href":"https:\/\/www.webdo.tn\/fr\/wp-json\/wp\/v2\/categories?post=201279"},{"taxonomy":"post_tag","embeddable":true,"href":"https:\/\/www.webdo.tn\/fr\/wp-json\/wp\/v2\/tags?post=201279"}],"curies":[{"name":"wp","href":"https:\/\/api.w.org\/{rel}","templated":true}]}}