{"id":201278,"date":"2022-12-29T07:45:00","date_gmt":"2022-12-29T07:45:00","guid":{"rendered":"https:\/\/www.webdo.tn\/fr\/blog\/saied-evoque-un-complot-contre-la-surete-de-l-etat\/201278\/"},"modified":"2025-05-20T22:46:17","modified_gmt":"2025-05-20T22:46:17","slug":"saied-evoque-un-complot-contre-la-surete-de-l-etat","status":"publish","type":"post","link":"https:\/\/www.webdo.tn\/fr\/actualite\/national\/saied-evoque-un-complot-contre-la-surete-de-l-etat\/201278\/","title":{"rendered":"Saied \u00e9voque un \u00ab complot contre la s\u00fbret\u00e9 de l&rsquo;Etat \u00bb"},"content":{"rendered":"<p>Lors d\u2019un discours prononc\u00e9 hier en fin de soir\u00e9e suite \u00e0 une r\u00e9union avec plusieurs ministres et hauts responsables s\u00e9curitaires, le chef de l\u2019Etat a \u00e9voqu\u00e9 un complot contre la suret\u00e9 de l\u2019Etat.<\/p>\n<p>\t\t\t\t\t\t\t\t\t\u00ab Ce qui se passe, actuellement, en Tunisie s&rsquo;\u00e9l\u00e8ve au rang du complot contre la s\u00fbret\u00e9 int\u00e9rieure et ext\u00e9rieure de l\u2019\u00c9tat \u00bb, a-t-il affirm\u00e9, ajoutant que cette fois-ci la r\u00e9ponse ne tardera pas et que l\u2019Etat va assumer ses responsabilit\u00e9s conform\u00e9ment \u00e0 la loi.\u00a0<\/p>\n<p>Kais Saied a fustig\u00e9 les agissements de certaines parties qu\u2019il n\u2019a pas nomm\u00e9, mais visiblement, ses propos sont destin\u00e9s \u00e0 l\u2019opposition.\u00a0<\/p>\n<p>\u00ab\u00a0Ces personnes, impliqu\u00e9es dans le d\u00e9nigrement de l&rsquo;Etat et de ses symboles, doivent \u00eatre jug\u00e9es, dans le cadre de la loi\u00a0\u00bb, a-t-il appel\u00e9.<\/p>\n","protected":false},"excerpt":{"rendered":"<p>Lors d\u2019un discours prononc\u00e9 hier en fin de soir\u00e9e suite \u00e0 une r\u00e9union avec plusieurs ministres et hauts responsables s\u00e9curitaires, le chef de l\u2019Etat a \u00e9voqu\u00e9 un&#8230;<\/p>\n","protected":false},"author":3175,"featured_media":252679,"comment_status":"open","ping_status":"closed","sticky":false,"template":"","format":"standard","meta":{"footnotes":""},"categories":[44],"tags":[3214,2614,2608],"class_list":["post-201278","post","type-post","status-publish","format-standard","has-post-thumbnail","hentry","category-national","tag-etat","tag-kais-saied","tag-tunisie"],"yoast_head":"<!-- This site is optimized with the Yoast SEO Premium plugin v27.4 (Yoast SEO v27.5) - https:\/\/yoast.com\/product\/yoast-seo-premium-wordpress\/ -->\n<title>Saied \u00e9voque un \u00ab complot contre la s\u00fbret\u00e9 de l&#039;Etat \u00bb<\/title>\n<meta name=\"description\" content=\"Lors d\u2019un discours prononc\u00e9 hier en fin de soir\u00e9e suite \u00e0 une r\u00e9union avec plusieurs ministres et hauts responsables s\u00e9curitaires, le chef de l\u2019Etat a \u00e9voqu\u00e9 un...\" \/>\n<link rel=\"canonical\" href=\"https:\/\/www.webdo.tn\/fr\/actualite\/national\/saied-evoque-un-complot-contre-la-surete-de-l-etat\/201278\/\" \/>\n<meta property=\"og:locale\" content=\"fr_FR\" \/>\n<meta property=\"og:type\" content=\"article\" \/>\n<meta property=\"og:title\" content=\"Saied \u00e9voque un \u00ab complot contre la s\u00fbret\u00e9 de l&#039;Etat \u00bb\" \/>\n<meta property=\"og:description\" content=\"Lors d\u2019un discours prononc\u00e9 hier en fin de soir\u00e9e suite \u00e0 une r\u00e9union avec plusieurs ministres et hauts responsables s\u00e9curitaires, le chef de l\u2019Etat a \u00e9voqu\u00e9 un...\" \/>\n<meta property=\"og:url\" content=\"https:\/\/www.webdo.tn\/fr\/actualite\/national\/saied-evoque-un-complot-contre-la-surete-de-l-etat\/201278\/\" \/>\n<meta property=\"og:site_name\" content=\"webdo\" \/>\n<meta property=\"article:publisher\" content=\"https:\/\/www.facebook.com\/webdotn\" \/>\n<meta property=\"article:published_time\" content=\"2022-12-29T07:45:00+00:00\" \/>\n<meta property=\"article:modified_time\" content=\"2025-05-20T22:46:17+00:00\" \/>\n<meta property=\"og:image\" content=\"https:\/\/www.webdo.tn\/fr\/wp-content\/uploads\/2022\/12\/2cb68c32041960e8c17abad06c9106e7.jpg\" \/>\n\t<meta property=\"og:image:width\" content=\"750\" \/>\n\t<meta property=\"og:image:height\" content=\"400\" \/>\n\t<meta property=\"og:image:type\" content=\"image\/jpeg\" \/>\n<meta name=\"author\" content=\"CL\" \/>\n<meta name=\"twitter:card\" content=\"summary_large_image\" \/>\n<meta name=\"twitter:creator\" content=\"@webdo_tn\" \/>\n<meta name=\"twitter:site\" content=\"@webdo_tn\" \/>\n<meta name=\"twitter:label1\" content=\"\u00c9crit par\" \/>\n\t<meta name=\"twitter:data1\" content=\"CL\" \/>\n\t<meta name=\"twitter:label2\" content=\"Dur\u00e9e de lecture estim\u00e9e\" \/>\n\t<meta name=\"twitter:data2\" content=\"1 minute\" \/>\n<script type=\"application\/ld+json\" class=\"yoast-schema-graph\">{\"@context\":\"https:\\\/\\\/schema.org\",\"@graph\":[{\"@type\":\"NewsArticle\",\"@id\":\"https:\\\/\\\/www.webdo.tn\\\/fr\\\/actualite\\\/national\\\/saied-evoque-un-complot-contre-la-surete-de-l-etat\\\/201278\\\/#article\",\"isPartOf\":{\"@id\":\"https:\\\/\\\/www.webdo.tn\\\/fr\\\/actualite\\\/national\\\/saied-evoque-un-complot-contre-la-surete-de-l-etat\\\/201278\\\/\"},\"author\":{\"name\":\"CL\",\"@id\":\"https:\\\/\\\/www.webdo.tn\\\/fr\\\/#\\\/schema\\\/person\\\/f35b42a42c5e2511bbd282959d6385cc\"},\"headline\":\"Saied \u00e9voque un \u00ab complot contre la s\u00fbret\u00e9 de l&rsquo;Etat \u00bb\",\"datePublished\":\"2022-12-29T07:45:00+00:00\",\"dateModified\":\"2025-05-20T22:46:17+00:00\",\"mainEntityOfPage\":{\"@id\":\"https:\\\/\\\/www.webdo.tn\\\/fr\\\/actualite\\\/national\\\/saied-evoque-un-complot-contre-la-surete-de-l-etat\\\/201278\\\/\"},\"wordCount\":151,\"commentCount\":0,\"publisher\":{\"@id\":\"https:\\\/\\\/www.webdo.tn\\\/fr\\\/#organization\"},\"image\":{\"@id\":\"https:\\\/\\\/www.webdo.tn\\\/fr\\\/actualite\\\/national\\\/saied-evoque-un-complot-contre-la-surete-de-l-etat\\\/201278\\\/#primaryimage\"},\"thumbnailUrl\":\"https:\\\/\\\/www.webdo.tn\\\/fr\\\/wp-content\\\/uploads\\\/2022\\\/12\\\/2cb68c32041960e8c17abad06c9106e7.jpg\",\"keywords\":[\"Etat\",\"Kais Saied\",\"Tunisie\"],\"articleSection\":[\"National\"],\"inLanguage\":\"fr-FR\"},{\"@type\":\"WebPage\",\"@id\":\"https:\\\/\\\/www.webdo.tn\\\/fr\\\/actualite\\\/national\\\/saied-evoque-un-complot-contre-la-surete-de-l-etat\\\/201278\\\/\",\"url\":\"https:\\\/\\\/www.webdo.tn\\\/fr\\\/actualite\\\/national\\\/saied-evoque-un-complot-contre-la-surete-de-l-etat\\\/201278\\\/\",\"name\":\"Saied \u00e9voque un \u00ab complot contre la s\u00fbret\u00e9 de l'Etat \u00bb\",\"isPartOf\":{\"@id\":\"https:\\\/\\\/www.webdo.tn\\\/fr\\\/#website\"},\"primaryImageOfPage\":{\"@id\":\"https:\\\/\\\/www.webdo.tn\\\/fr\\\/actualite\\\/national\\\/saied-evoque-un-complot-contre-la-surete-de-l-etat\\\/201278\\\/#primaryimage\"},\"image\":{\"@id\":\"https:\\\/\\\/www.webdo.tn\\\/fr\\\/actualite\\\/national\\\/saied-evoque-un-complot-contre-la-surete-de-l-etat\\\/201278\\\/#primaryimage\"},\"thumbnailUrl\":\"https:\\\/\\\/www.webdo.tn\\\/fr\\\/wp-content\\\/uploads\\\/2022\\\/12\\\/2cb68c32041960e8c17abad06c9106e7.jpg\",\"datePublished\":\"2022-12-29T07:45:00+00:00\",\"dateModified\":\"2025-05-20T22:46:17+00:00\",\"description\":\"Lors d\u2019un discours prononc\u00e9 hier en fin de soir\u00e9e suite \u00e0 une r\u00e9union avec plusieurs ministres et hauts responsables s\u00e9curitaires, le chef de l\u2019Etat a \u00e9voqu\u00e9 un...\",\"breadcrumb\":{\"@id\":\"https:\\\/\\\/www.webdo.tn\\\/fr\\\/actualite\\\/national\\\/saied-evoque-un-complot-contre-la-surete-de-l-etat\\\/201278\\\/#breadcrumb\"},\"inLanguage\":\"fr-FR\",\"potentialAction\":[{\"@type\":\"ReadAction\",\"target\":[\"https:\\\/\\\/www.webdo.tn\\\/fr\\\/actualite\\\/national\\\/saied-evoque-un-complot-contre-la-surete-de-l-etat\\\/201278\\\/\"]}]},{\"@type\":\"ImageObject\",\"inLanguage\":\"fr-FR\",\"@id\":\"https:\\\/\\\/www.webdo.tn\\\/fr\\\/actualite\\\/national\\\/saied-evoque-un-complot-contre-la-surete-de-l-etat\\\/201278\\\/#primaryimage\",\"url\":\"https:\\\/\\\/www.webdo.tn\\\/fr\\\/wp-content\\\/uploads\\\/2022\\\/12\\\/2cb68c32041960e8c17abad06c9106e7.jpg\",\"contentUrl\":\"https:\\\/\\\/www.webdo.tn\\\/fr\\\/wp-content\\\/uploads\\\/2022\\\/12\\\/2cb68c32041960e8c17abad06c9106e7.jpg\",\"width\":750,\"height\":400,\"caption\":\"Kais Saied\"},{\"@type\":\"BreadcrumbList\",\"@id\":\"https:\\\/\\\/www.webdo.tn\\\/fr\\\/actualite\\\/national\\\/saied-evoque-un-complot-contre-la-surete-de-l-etat\\\/201278\\\/#breadcrumb\",\"itemListElement\":[{\"@type\":\"ListItem\",\"position\":1,\"name\":\"Accueil\",\"item\":\"https:\\\/\\\/www.webdo.tn\\\/fr\\\/\"},{\"@type\":\"ListItem\",\"position\":2,\"name\":\"Saied \u00e9voque un \u00ab complot contre la s\u00fbret\u00e9 de l&#8217;Etat \u00bb\"}]},{\"@type\":\"WebSite\",\"@id\":\"https:\\\/\\\/www.webdo.tn\\\/fr\\\/#website\",\"url\":\"https:\\\/\\\/www.webdo.tn\\\/fr\\\/\",\"name\":\"webdo\",\"description\":\"Tunisie - News en Tunisie et \u00e0 l&#039;international sur Webdo.tn\",\"publisher\":{\"@id\":\"https:\\\/\\\/www.webdo.tn\\\/fr\\\/#organization\"},\"potentialAction\":[{\"@type\":\"SearchAction\",\"target\":{\"@type\":\"EntryPoint\",\"urlTemplate\":\"https:\\\/\\\/www.webdo.tn\\\/fr\\\/?s={search_term_string}\"},\"query-input\":{\"@type\":\"PropertyValueSpecification\",\"valueRequired\":true,\"valueName\":\"search_term_string\"}}],\"inLanguage\":\"fr-FR\"},{\"@type\":\"Organization\",\"@id\":\"https:\\\/\\\/www.webdo.tn\\\/fr\\\/#organization\",\"name\":\"Webdo\",\"alternateName\":\"Webdo.tn\",\"url\":\"https:\\\/\\\/www.webdo.tn\\\/fr\\\/\",\"logo\":{\"@type\":\"ImageObject\",\"inLanguage\":\"fr-FR\",\"@id\":\"https:\\\/\\\/www.webdo.tn\\\/fr\\\/#\\\/schema\\\/logo\\\/image\\\/\",\"url\":\"https:\\\/\\\/www.webdo.tn\\\/fr\\\/wp-content\\\/uploads\\\/2025\\\/06\\\/Webdo-Tunisie_168377.jpg\",\"contentUrl\":\"https:\\\/\\\/www.webdo.tn\\\/fr\\\/wp-content\\\/uploads\\\/2025\\\/06\\\/Webdo-Tunisie_168377.jpg\",\"width\":301,\"height\":301,\"caption\":\"Webdo\"},\"image\":{\"@id\":\"https:\\\/\\\/www.webdo.tn\\\/fr\\\/#\\\/schema\\\/logo\\\/image\\\/\"},\"sameAs\":[\"https:\\\/\\\/www.facebook.com\\\/webdotn\",\"https:\\\/\\\/x.com\\\/webdo_tn\"],\"description\":\"Webdo est un m\u00e9dia num\u00e9rique tunisien fond\u00e9 en 2010, sp\u00e9cialis\u00e9 dans l\u2019actualit\u00e9 nationale et internationale, l\u2019\u00e9conomie, la soci\u00e9t\u00e9 et les analyses politiques. Le site s\u2019adresse \u00e0 un large public francophone et couvre l\u2019information tunisienne en temps r\u00e9el.\",\"email\":\"redac@webdo.tn\",\"legalName\":\"YNJ SARL\",\"foundingDate\":\"2010-09-06\",\"numberOfEmployees\":{\"@type\":\"QuantitativeValue\",\"minValue\":\"11\",\"maxValue\":\"50\"}},{\"@type\":\"Person\",\"@id\":\"https:\\\/\\\/www.webdo.tn\\\/fr\\\/#\\\/schema\\\/person\\\/f35b42a42c5e2511bbd282959d6385cc\",\"name\":\"CL\",\"image\":{\"@type\":\"ImageObject\",\"inLanguage\":\"fr-FR\",\"@id\":\"https:\\\/\\\/secure.gravatar.com\\\/avatar\\\/1447a49909b67aa657c488aec6512e1dd6143a480c1ecfee9b5b5cd74eb3b59e?s=96&d=mm&r=g\",\"url\":\"https:\\\/\\\/secure.gravatar.com\\\/avatar\\\/1447a49909b67aa657c488aec6512e1dd6143a480c1ecfee9b5b5cd74eb3b59e?s=96&d=mm&r=g\",\"contentUrl\":\"https:\\\/\\\/secure.gravatar.com\\\/avatar\\\/1447a49909b67aa657c488aec6512e1dd6143a480c1ecfee9b5b5cd74eb3b59e?s=96&d=mm&r=g\",\"caption\":\"CL\"},\"url\":\"https:\\\/\\\/www.webdo.tn\\\/fr\\\/actualite\\\/author\\\/cl\\\/\"}]}<\/script>\n<!-- \/ Yoast SEO Premium plugin. -->","yoast_head_json":{"title":"Saied \u00e9voque un \u00ab complot contre la s\u00fbret\u00e9 de l'Etat \u00bb","description":"Lors d\u2019un discours prononc\u00e9 hier en fin de soir\u00e9e suite \u00e0 une r\u00e9union avec plusieurs ministres et hauts responsables s\u00e9curitaires, le chef de l\u2019Etat a \u00e9voqu\u00e9 un...","canonical":"https:\/\/www.webdo.tn\/fr\/actualite\/national\/saied-evoque-un-complot-contre-la-surete-de-l-etat\/201278\/","og_locale":"fr_FR","og_type":"article","og_title":"Saied \u00e9voque un \u00ab complot contre la s\u00fbret\u00e9 de l'Etat \u00bb","og_description":"Lors d\u2019un discours prononc\u00e9 hier en fin de soir\u00e9e suite \u00e0 une r\u00e9union avec plusieurs ministres et hauts responsables s\u00e9curitaires, le chef de l\u2019Etat a \u00e9voqu\u00e9 un...","og_url":"https:\/\/www.webdo.tn\/fr\/actualite\/national\/saied-evoque-un-complot-contre-la-surete-de-l-etat\/201278\/","og_site_name":"webdo","article_publisher":"https:\/\/www.facebook.com\/webdotn","article_published_time":"2022-12-29T07:45:00+00:00","article_modified_time":"2025-05-20T22:46:17+00:00","og_image":[{"width":750,"height":400,"url":"https:\/\/www.webdo.tn\/fr\/wp-content\/uploads\/2022\/12\/2cb68c32041960e8c17abad06c9106e7.jpg","type":"image\/jpeg"}],"author":"CL","twitter_card":"summary_large_image","twitter_creator":"@webdo_tn","twitter_site":"@webdo_tn","twitter_misc":{"\u00c9crit par":"CL","Dur\u00e9e de lecture estim\u00e9e":"1 minute"},"schema":{"@context":"https:\/\/schema.org","@graph":[{"@type":"NewsArticle","@id":"https:\/\/www.webdo.tn\/fr\/actualite\/national\/saied-evoque-un-complot-contre-la-surete-de-l-etat\/201278\/#article","isPartOf":{"@id":"https:\/\/www.webdo.tn\/fr\/actualite\/national\/saied-evoque-un-complot-contre-la-surete-de-l-etat\/201278\/"},"author":{"name":"CL","@id":"https:\/\/www.webdo.tn\/fr\/#\/schema\/person\/f35b42a42c5e2511bbd282959d6385cc"},"headline":"Saied \u00e9voque un \u00ab complot contre la s\u00fbret\u00e9 de l&rsquo;Etat \u00bb","datePublished":"2022-12-29T07:45:00+00:00","dateModified":"2025-05-20T22:46:17+00:00","mainEntityOfPage":{"@id":"https:\/\/www.webdo.tn\/fr\/actualite\/national\/saied-evoque-un-complot-contre-la-surete-de-l-etat\/201278\/"},"wordCount":151,"commentCount":0,"publisher":{"@id":"https:\/\/www.webdo.tn\/fr\/#organization"},"image":{"@id":"https:\/\/www.webdo.tn\/fr\/actualite\/national\/saied-evoque-un-complot-contre-la-surete-de-l-etat\/201278\/#primaryimage"},"thumbnailUrl":"https:\/\/www.webdo.tn\/fr\/wp-content\/uploads\/2022\/12\/2cb68c32041960e8c17abad06c9106e7.jpg","keywords":["Etat","Kais Saied","Tunisie"],"articleSection":["National"],"inLanguage":"fr-FR"},{"@type":"WebPage","@id":"https:\/\/www.webdo.tn\/fr\/actualite\/national\/saied-evoque-un-complot-contre-la-surete-de-l-etat\/201278\/","url":"https:\/\/www.webdo.tn\/fr\/actualite\/national\/saied-evoque-un-complot-contre-la-surete-de-l-etat\/201278\/","name":"Saied \u00e9voque un \u00ab complot contre la s\u00fbret\u00e9 de l'Etat \u00bb","isPartOf":{"@id":"https:\/\/www.webdo.tn\/fr\/#website"},"primaryImageOfPage":{"@id":"https:\/\/www.webdo.tn\/fr\/actualite\/national\/saied-evoque-un-complot-contre-la-surete-de-l-etat\/201278\/#primaryimage"},"image":{"@id":"https:\/\/www.webdo.tn\/fr\/actualite\/national\/saied-evoque-un-complot-contre-la-surete-de-l-etat\/201278\/#primaryimage"},"thumbnailUrl":"https:\/\/www.webdo.tn\/fr\/wp-content\/uploads\/2022\/12\/2cb68c32041960e8c17abad06c9106e7.jpg","datePublished":"2022-12-29T07:45:00+00:00","dateModified":"2025-05-20T22:46:17+00:00","description":"Lors d\u2019un discours prononc\u00e9 hier en fin de soir\u00e9e suite \u00e0 une r\u00e9union avec plusieurs ministres et hauts responsables s\u00e9curitaires, le chef de l\u2019Etat a \u00e9voqu\u00e9 un...","breadcrumb":{"@id":"https:\/\/www.webdo.tn\/fr\/actualite\/national\/saied-evoque-un-complot-contre-la-surete-de-l-etat\/201278\/#breadcrumb"},"inLanguage":"fr-FR","potentialAction":[{"@type":"ReadAction","target":["https:\/\/www.webdo.tn\/fr\/actualite\/national\/saied-evoque-un-complot-contre-la-surete-de-l-etat\/201278\/"]}]},{"@type":"ImageObject","inLanguage":"fr-FR","@id":"https:\/\/www.webdo.tn\/fr\/actualite\/national\/saied-evoque-un-complot-contre-la-surete-de-l-etat\/201278\/#primaryimage","url":"https:\/\/www.webdo.tn\/fr\/wp-content\/uploads\/2022\/12\/2cb68c32041960e8c17abad06c9106e7.jpg","contentUrl":"https:\/\/www.webdo.tn\/fr\/wp-content\/uploads\/2022\/12\/2cb68c32041960e8c17abad06c9106e7.jpg","width":750,"height":400,"caption":"Kais Saied"},{"@type":"BreadcrumbList","@id":"https:\/\/www.webdo.tn\/fr\/actualite\/national\/saied-evoque-un-complot-contre-la-surete-de-l-etat\/201278\/#breadcrumb","itemListElement":[{"@type":"ListItem","position":1,"name":"Accueil","item":"https:\/\/www.webdo.tn\/fr\/"},{"@type":"ListItem","position":2,"name":"Saied \u00e9voque un \u00ab complot contre la s\u00fbret\u00e9 de l&#8217;Etat \u00bb"}]},{"@type":"WebSite","@id":"https:\/\/www.webdo.tn\/fr\/#website","url":"https:\/\/www.webdo.tn\/fr\/","name":"webdo","description":"Tunisie - News en Tunisie et \u00e0 l&#039;international sur Webdo.tn","publisher":{"@id":"https:\/\/www.webdo.tn\/fr\/#organization"},"potentialAction":[{"@type":"SearchAction","target":{"@type":"EntryPoint","urlTemplate":"https:\/\/www.webdo.tn\/fr\/?s={search_term_string}"},"query-input":{"@type":"PropertyValueSpecification","valueRequired":true,"valueName":"search_term_string"}}],"inLanguage":"fr-FR"},{"@type":"Organization","@id":"https:\/\/www.webdo.tn\/fr\/#organization","name":"Webdo","alternateName":"Webdo.tn","url":"https:\/\/www.webdo.tn\/fr\/","logo":{"@type":"ImageObject","inLanguage":"fr-FR","@id":"https:\/\/www.webdo.tn\/fr\/#\/schema\/logo\/image\/","url":"https:\/\/www.webdo.tn\/fr\/wp-content\/uploads\/2025\/06\/Webdo-Tunisie_168377.jpg","contentUrl":"https:\/\/www.webdo.tn\/fr\/wp-content\/uploads\/2025\/06\/Webdo-Tunisie_168377.jpg","width":301,"height":301,"caption":"Webdo"},"image":{"@id":"https:\/\/www.webdo.tn\/fr\/#\/schema\/logo\/image\/"},"sameAs":["https:\/\/www.facebook.com\/webdotn","https:\/\/x.com\/webdo_tn"],"description":"Webdo est un m\u00e9dia num\u00e9rique tunisien fond\u00e9 en 2010, sp\u00e9cialis\u00e9 dans l\u2019actualit\u00e9 nationale et internationale, l\u2019\u00e9conomie, la soci\u00e9t\u00e9 et les analyses politiques. Le site s\u2019adresse \u00e0 un large public francophone et couvre l\u2019information tunisienne en temps r\u00e9el.","email":"redac@webdo.tn","legalName":"YNJ SARL","foundingDate":"2010-09-06","numberOfEmployees":{"@type":"QuantitativeValue","minValue":"11","maxValue":"50"}},{"@type":"Person","@id":"https:\/\/www.webdo.tn\/fr\/#\/schema\/person\/f35b42a42c5e2511bbd282959d6385cc","name":"CL","image":{"@type":"ImageObject","inLanguage":"fr-FR","@id":"https:\/\/secure.gravatar.com\/avatar\/1447a49909b67aa657c488aec6512e1dd6143a480c1ecfee9b5b5cd74eb3b59e?s=96&d=mm&r=g","url":"https:\/\/secure.gravatar.com\/avatar\/1447a49909b67aa657c488aec6512e1dd6143a480c1ecfee9b5b5cd74eb3b59e?s=96&d=mm&r=g","contentUrl":"https:\/\/secure.gravatar.com\/avatar\/1447a49909b67aa657c488aec6512e1dd6143a480c1ecfee9b5b5cd74eb3b59e?s=96&d=mm&r=g","caption":"CL"},"url":"https:\/\/www.webdo.tn\/fr\/actualite\/author\/cl\/"}]}},"_links":{"self":[{"href":"https:\/\/www.webdo.tn\/fr\/wp-json\/wp\/v2\/posts\/201278","targetHints":{"allow":["GET"]}}],"collection":[{"href":"https:\/\/www.webdo.tn\/fr\/wp-json\/wp\/v2\/posts"}],"about":[{"href":"https:\/\/www.webdo.tn\/fr\/wp-json\/wp\/v2\/types\/post"}],"author":[{"embeddable":true,"href":"https:\/\/www.webdo.tn\/fr\/wp-json\/wp\/v2\/users\/3175"}],"replies":[{"embeddable":true,"href":"https:\/\/www.webdo.tn\/fr\/wp-json\/wp\/v2\/comments?post=201278"}],"version-history":[{"count":0,"href":"https:\/\/www.webdo.tn\/fr\/wp-json\/wp\/v2\/posts\/201278\/revisions"}],"wp:featuredmedia":[{"embeddable":true,"href":"https:\/\/www.webdo.tn\/fr\/wp-json\/wp\/v2\/media\/252679"}],"wp:attachment":[{"href":"https:\/\/www.webdo.tn\/fr\/wp-json\/wp\/v2\/media?parent=201278"}],"wp:term":[{"taxonomy":"category","embeddable":true,"href":"https:\/\/www.webdo.tn\/fr\/wp-json\/wp\/v2\/categories?post=201278"},{"taxonomy":"post_tag","embeddable":true,"href":"https:\/\/www.webdo.tn\/fr\/wp-json\/wp\/v2\/tags?post=201278"}],"curies":[{"name":"wp","href":"https:\/\/api.w.org\/{rel}","templated":true}]}}