{"id":201275,"date":"2022-12-28T20:26:00","date_gmt":"2022-12-28T20:26:00","guid":{"rendered":"https:\/\/www.webdo.tn\/fr\/blog\/hausse-des-avoirs-en-devises-a-101-jours-d-importation\/201275\/"},"modified":"2025-05-20T23:00:14","modified_gmt":"2025-05-20T23:00:14","slug":"hausse-des-avoirs-en-devises-a-101-jours-d-importation","status":"publish","type":"post","link":"https:\/\/www.webdo.tn\/fr\/actualite\/national\/hausse-des-avoirs-en-devises-a-101-jours-d-importation\/201275\/","title":{"rendered":"Hausse des avoirs en devises \u00e0 101 jours d&rsquo;importation"},"content":{"rendered":"<p>Les avoirs nets en devises ont augment\u00e9 \u00e0 101 jours d&rsquo;importation avec une valeur de 22,8 milliards de dinars, , \u00e0 la date du 28 d\u00e9cembre 2022, selon les indicateurs mon\u00e9taires et financiers, publi\u00e9s mercredi, par la Banque Centrale de Tunis (BCT).<\/p>\n<p>\t\t\t\t\t\t\t\t\tN\u00e9anmoins, \u00e0 la m\u00eame date de l&rsquo;ann\u00e9e pr\u00e9c\u00e9dente, les avoirs en devises \u00e9taient de l&rsquo;ordre de 22,4 milliards de dinars et \u00e0 hauteur de couvrir 131 jours d&rsquo;importation, .<\/p>\n<p>Les avoirs en devises sont en baisse, depuis quelques mois, en raison de l&rsquo;aggravation du d\u00e9ficit commercial, due \u00e0 la hausse vertigineuse de nos importations, et aussi de la d\u00e9pr\u00e9ciation du dinar, par rapport aux principales monnaies internationales.<\/p>\n<p>Les chiffres de la\u00a0BCT d\u00e9notent \u00e9galement l&rsquo;accroissement des recettes touristiques de pour se situer au niveau de 4,11 milliards de dinars, \u00e0 la date du 20 d\u00e9cembre, contre 2,23 milliards de dinars, \u00e0 la m\u00eame date de l&rsquo;ann\u00e9e derni\u00e8re<\/p>\n","protected":false},"excerpt":{"rendered":"<p>Les avoirs nets en devises ont augment\u00e9 \u00e0 101 jours d&rsquo;importation avec une valeur de 22,8 milliards de dinars, , \u00e0 la date du 28 d\u00e9cembre 2022, selon les indica&#8230;<\/p>\n","protected":false},"author":3195,"featured_media":252676,"comment_status":"open","ping_status":"closed","sticky":false,"template":"","format":"standard","meta":{"footnotes":""},"categories":[44],"tags":[8007,2807,8895,2608],"class_list":["post-201275","post","type-post","status-publish","format-standard","has-post-thumbnail","hentry","category-national","tag-avoirs-en-devises","tag-bct","tag-indicateurs","tag-tunisie"],"yoast_head":"<!-- This site is optimized with the Yoast SEO Premium plugin v27.5 (Yoast SEO v27.5) - https:\/\/yoast.com\/product\/yoast-seo-premium-wordpress\/ -->\n<title>Hausse des avoirs en devises \u00e0 101 jours d&#039;importation<\/title>\n<meta name=\"description\" content=\"Les avoirs nets en devises ont augment\u00e9 \u00e0 101 jours d&#039;importation avec une valeur de 22,8 milliards de dinars, , \u00e0 la date du 28 d\u00e9cembre 2022, selon les indica...\" \/>\n<link rel=\"canonical\" href=\"https:\/\/www.webdo.tn\/fr\/actualite\/national\/hausse-des-avoirs-en-devises-a-101-jours-d-importation\/201275\/\" \/>\n<meta property=\"og:locale\" content=\"fr_FR\" \/>\n<meta property=\"og:type\" content=\"article\" \/>\n<meta property=\"og:title\" content=\"Hausse des avoirs en devises \u00e0 101 jours d&#039;importation\" \/>\n<meta property=\"og:description\" content=\"Les avoirs nets en devises ont augment\u00e9 \u00e0 101 jours d&#039;importation avec une valeur de 22,8 milliards de dinars, , \u00e0 la date du 28 d\u00e9cembre 2022, selon les indica...\" \/>\n<meta property=\"og:url\" content=\"https:\/\/www.webdo.tn\/fr\/actualite\/national\/hausse-des-avoirs-en-devises-a-101-jours-d-importation\/201275\/\" \/>\n<meta property=\"og:site_name\" content=\"webdo\" \/>\n<meta property=\"article:publisher\" content=\"https:\/\/www.facebook.com\/webdotn\" \/>\n<meta property=\"article:published_time\" content=\"2022-12-28T20:26:00+00:00\" \/>\n<meta property=\"article:modified_time\" content=\"2025-05-20T23:00:14+00:00\" \/>\n<meta property=\"og:image\" content=\"https:\/\/www.webdo.tn\/fr\/wp-content\/uploads\/2022\/12\/8b8ebad28239aa0a0f1e9e404c10b90d-1.jpg\" \/>\n\t<meta property=\"og:image:width\" content=\"750\" \/>\n\t<meta property=\"og:image:height\" content=\"400\" \/>\n\t<meta property=\"og:image:type\" content=\"image\/jpeg\" \/>\n<meta name=\"author\" content=\"NJ\" \/>\n<meta name=\"twitter:card\" content=\"summary_large_image\" \/>\n<meta name=\"twitter:creator\" content=\"@webdo_tn\" \/>\n<meta name=\"twitter:site\" content=\"@webdo_tn\" \/>\n<meta name=\"twitter:label1\" content=\"\u00c9crit par\" \/>\n\t<meta name=\"twitter:data1\" content=\"NJ\" \/>\n\t<meta name=\"twitter:label2\" content=\"Dur\u00e9e de lecture estim\u00e9e\" \/>\n\t<meta name=\"twitter:data2\" content=\"1 minute\" \/>\n<script type=\"application\/ld+json\" class=\"yoast-schema-graph\">{\"@context\":\"https:\\\/\\\/schema.org\",\"@graph\":[{\"@type\":\"NewsArticle\",\"@id\":\"https:\\\/\\\/www.webdo.tn\\\/fr\\\/actualite\\\/national\\\/hausse-des-avoirs-en-devises-a-101-jours-d-importation\\\/201275\\\/#article\",\"isPartOf\":{\"@id\":\"https:\\\/\\\/www.webdo.tn\\\/fr\\\/actualite\\\/national\\\/hausse-des-avoirs-en-devises-a-101-jours-d-importation\\\/201275\\\/\"},\"author\":{\"name\":\"NJ\",\"@id\":\"https:\\\/\\\/www.webdo.tn\\\/fr\\\/#\\\/schema\\\/person\\\/646f7c4406ab78299805d9d39b2636d8\"},\"headline\":\"Hausse des avoirs en devises \u00e0 101 jours d&rsquo;importation\",\"datePublished\":\"2022-12-28T20:26:00+00:00\",\"dateModified\":\"2025-05-20T23:00:14+00:00\",\"mainEntityOfPage\":{\"@id\":\"https:\\\/\\\/www.webdo.tn\\\/fr\\\/actualite\\\/national\\\/hausse-des-avoirs-en-devises-a-101-jours-d-importation\\\/201275\\\/\"},\"wordCount\":162,\"commentCount\":0,\"publisher\":{\"@id\":\"https:\\\/\\\/www.webdo.tn\\\/fr\\\/#organization\"},\"image\":{\"@id\":\"https:\\\/\\\/www.webdo.tn\\\/fr\\\/actualite\\\/national\\\/hausse-des-avoirs-en-devises-a-101-jours-d-importation\\\/201275\\\/#primaryimage\"},\"thumbnailUrl\":\"https:\\\/\\\/www.webdo.tn\\\/fr\\\/wp-content\\\/uploads\\\/2022\\\/12\\\/8b8ebad28239aa0a0f1e9e404c10b90d-1.jpg\",\"keywords\":[\"avoirs en devises\",\"BCT\",\"indicateurs\",\"Tunisie\"],\"articleSection\":[\"National\"],\"inLanguage\":\"fr-FR\"},{\"@type\":\"WebPage\",\"@id\":\"https:\\\/\\\/www.webdo.tn\\\/fr\\\/actualite\\\/national\\\/hausse-des-avoirs-en-devises-a-101-jours-d-importation\\\/201275\\\/\",\"url\":\"https:\\\/\\\/www.webdo.tn\\\/fr\\\/actualite\\\/national\\\/hausse-des-avoirs-en-devises-a-101-jours-d-importation\\\/201275\\\/\",\"name\":\"Hausse des avoirs en devises \u00e0 101 jours d'importation\",\"isPartOf\":{\"@id\":\"https:\\\/\\\/www.webdo.tn\\\/fr\\\/#website\"},\"primaryImageOfPage\":{\"@id\":\"https:\\\/\\\/www.webdo.tn\\\/fr\\\/actualite\\\/national\\\/hausse-des-avoirs-en-devises-a-101-jours-d-importation\\\/201275\\\/#primaryimage\"},\"image\":{\"@id\":\"https:\\\/\\\/www.webdo.tn\\\/fr\\\/actualite\\\/national\\\/hausse-des-avoirs-en-devises-a-101-jours-d-importation\\\/201275\\\/#primaryimage\"},\"thumbnailUrl\":\"https:\\\/\\\/www.webdo.tn\\\/fr\\\/wp-content\\\/uploads\\\/2022\\\/12\\\/8b8ebad28239aa0a0f1e9e404c10b90d-1.jpg\",\"datePublished\":\"2022-12-28T20:26:00+00:00\",\"dateModified\":\"2025-05-20T23:00:14+00:00\",\"description\":\"Les avoirs nets en devises ont augment\u00e9 \u00e0 101 jours d'importation avec une valeur de 22,8 milliards de dinars, , \u00e0 la date du 28 d\u00e9cembre 2022, selon les indica...\",\"breadcrumb\":{\"@id\":\"https:\\\/\\\/www.webdo.tn\\\/fr\\\/actualite\\\/national\\\/hausse-des-avoirs-en-devises-a-101-jours-d-importation\\\/201275\\\/#breadcrumb\"},\"inLanguage\":\"fr-FR\",\"potentialAction\":[{\"@type\":\"ReadAction\",\"target\":[\"https:\\\/\\\/www.webdo.tn\\\/fr\\\/actualite\\\/national\\\/hausse-des-avoirs-en-devises-a-101-jours-d-importation\\\/201275\\\/\"]}]},{\"@type\":\"ImageObject\",\"inLanguage\":\"fr-FR\",\"@id\":\"https:\\\/\\\/www.webdo.tn\\\/fr\\\/actualite\\\/national\\\/hausse-des-avoirs-en-devises-a-101-jours-d-importation\\\/201275\\\/#primaryimage\",\"url\":\"https:\\\/\\\/www.webdo.tn\\\/fr\\\/wp-content\\\/uploads\\\/2022\\\/12\\\/8b8ebad28239aa0a0f1e9e404c10b90d-1.jpg\",\"contentUrl\":\"https:\\\/\\\/www.webdo.tn\\\/fr\\\/wp-content\\\/uploads\\\/2022\\\/12\\\/8b8ebad28239aa0a0f1e9e404c10b90d-1.jpg\",\"width\":750,\"height\":400,\"caption\":\"Hausse des avoirs en devises \u00e0 101 jours d'importation\"},{\"@type\":\"BreadcrumbList\",\"@id\":\"https:\\\/\\\/www.webdo.tn\\\/fr\\\/actualite\\\/national\\\/hausse-des-avoirs-en-devises-a-101-jours-d-importation\\\/201275\\\/#breadcrumb\",\"itemListElement\":[{\"@type\":\"ListItem\",\"position\":1,\"name\":\"Accueil\",\"item\":\"https:\\\/\\\/www.webdo.tn\\\/fr\\\/\"},{\"@type\":\"ListItem\",\"position\":2,\"name\":\"Hausse des avoirs en devises \u00e0 101 jours d&#8217;importation\"}]},{\"@type\":\"WebSite\",\"@id\":\"https:\\\/\\\/www.webdo.tn\\\/fr\\\/#website\",\"url\":\"https:\\\/\\\/www.webdo.tn\\\/fr\\\/\",\"name\":\"webdo\",\"description\":\"Tunisie - News en Tunisie et \u00e0 l&#039;international sur Webdo.tn\",\"publisher\":{\"@id\":\"https:\\\/\\\/www.webdo.tn\\\/fr\\\/#organization\"},\"potentialAction\":[{\"@type\":\"SearchAction\",\"target\":{\"@type\":\"EntryPoint\",\"urlTemplate\":\"https:\\\/\\\/www.webdo.tn\\\/fr\\\/?s={search_term_string}\"},\"query-input\":{\"@type\":\"PropertyValueSpecification\",\"valueRequired\":true,\"valueName\":\"search_term_string\"}}],\"inLanguage\":\"fr-FR\"},{\"@type\":\"Organization\",\"@id\":\"https:\\\/\\\/www.webdo.tn\\\/fr\\\/#organization\",\"name\":\"Webdo\",\"alternateName\":\"Webdo.tn\",\"url\":\"https:\\\/\\\/www.webdo.tn\\\/fr\\\/\",\"logo\":{\"@type\":\"ImageObject\",\"inLanguage\":\"fr-FR\",\"@id\":\"https:\\\/\\\/www.webdo.tn\\\/fr\\\/#\\\/schema\\\/logo\\\/image\\\/\",\"url\":\"https:\\\/\\\/www.webdo.tn\\\/fr\\\/wp-content\\\/uploads\\\/2025\\\/06\\\/Webdo-Tunisie_168377.jpg\",\"contentUrl\":\"https:\\\/\\\/www.webdo.tn\\\/fr\\\/wp-content\\\/uploads\\\/2025\\\/06\\\/Webdo-Tunisie_168377.jpg\",\"width\":301,\"height\":301,\"caption\":\"Webdo\"},\"image\":{\"@id\":\"https:\\\/\\\/www.webdo.tn\\\/fr\\\/#\\\/schema\\\/logo\\\/image\\\/\"},\"sameAs\":[\"https:\\\/\\\/www.facebook.com\\\/webdotn\",\"https:\\\/\\\/x.com\\\/webdo_tn\"],\"description\":\"Webdo est un m\u00e9dia num\u00e9rique tunisien fond\u00e9 en 2010, sp\u00e9cialis\u00e9 dans l\u2019actualit\u00e9 nationale et internationale, l\u2019\u00e9conomie, la soci\u00e9t\u00e9 et les analyses politiques. Le site s\u2019adresse \u00e0 un large public francophone et couvre l\u2019information tunisienne en temps r\u00e9el.\",\"email\":\"redac@webdo.tn\",\"legalName\":\"YNJ SARL\",\"foundingDate\":\"2010-09-06\",\"numberOfEmployees\":{\"@type\":\"QuantitativeValue\",\"minValue\":\"11\",\"maxValue\":\"50\"}},{\"@type\":\"Person\",\"@id\":\"https:\\\/\\\/www.webdo.tn\\\/fr\\\/#\\\/schema\\\/person\\\/646f7c4406ab78299805d9d39b2636d8\",\"name\":\"NJ\",\"image\":{\"@type\":\"ImageObject\",\"inLanguage\":\"fr-FR\",\"@id\":\"https:\\\/\\\/secure.gravatar.com\\\/avatar\\\/57ee8a7cee8271948beede1dd4413f641d3b749a42dfabf45a3352af812389e1?s=96&d=mm&r=g\",\"url\":\"https:\\\/\\\/secure.gravatar.com\\\/avatar\\\/57ee8a7cee8271948beede1dd4413f641d3b749a42dfabf45a3352af812389e1?s=96&d=mm&r=g\",\"contentUrl\":\"https:\\\/\\\/secure.gravatar.com\\\/avatar\\\/57ee8a7cee8271948beede1dd4413f641d3b749a42dfabf45a3352af812389e1?s=96&d=mm&r=g\",\"caption\":\"NJ\"},\"url\":\"https:\\\/\\\/www.webdo.tn\\\/fr\\\/actualite\\\/author\\\/nj\\\/\"}]}<\/script>\n<!-- \/ Yoast SEO Premium plugin. -->","yoast_head_json":{"title":"Hausse des avoirs en devises \u00e0 101 jours d'importation","description":"Les avoirs nets en devises ont augment\u00e9 \u00e0 101 jours d'importation avec une valeur de 22,8 milliards de dinars, , \u00e0 la date du 28 d\u00e9cembre 2022, selon les indica...","canonical":"https:\/\/www.webdo.tn\/fr\/actualite\/national\/hausse-des-avoirs-en-devises-a-101-jours-d-importation\/201275\/","og_locale":"fr_FR","og_type":"article","og_title":"Hausse des avoirs en devises \u00e0 101 jours d'importation","og_description":"Les avoirs nets en devises ont augment\u00e9 \u00e0 101 jours d'importation avec une valeur de 22,8 milliards de dinars, , \u00e0 la date du 28 d\u00e9cembre 2022, selon les indica...","og_url":"https:\/\/www.webdo.tn\/fr\/actualite\/national\/hausse-des-avoirs-en-devises-a-101-jours-d-importation\/201275\/","og_site_name":"webdo","article_publisher":"https:\/\/www.facebook.com\/webdotn","article_published_time":"2022-12-28T20:26:00+00:00","article_modified_time":"2025-05-20T23:00:14+00:00","og_image":[{"width":750,"height":400,"url":"https:\/\/www.webdo.tn\/fr\/wp-content\/uploads\/2022\/12\/8b8ebad28239aa0a0f1e9e404c10b90d-1.jpg","type":"image\/jpeg"}],"author":"NJ","twitter_card":"summary_large_image","twitter_creator":"@webdo_tn","twitter_site":"@webdo_tn","twitter_misc":{"\u00c9crit par":"NJ","Dur\u00e9e de lecture estim\u00e9e":"1 minute"},"schema":{"@context":"https:\/\/schema.org","@graph":[{"@type":"NewsArticle","@id":"https:\/\/www.webdo.tn\/fr\/actualite\/national\/hausse-des-avoirs-en-devises-a-101-jours-d-importation\/201275\/#article","isPartOf":{"@id":"https:\/\/www.webdo.tn\/fr\/actualite\/national\/hausse-des-avoirs-en-devises-a-101-jours-d-importation\/201275\/"},"author":{"name":"NJ","@id":"https:\/\/www.webdo.tn\/fr\/#\/schema\/person\/646f7c4406ab78299805d9d39b2636d8"},"headline":"Hausse des avoirs en devises \u00e0 101 jours d&rsquo;importation","datePublished":"2022-12-28T20:26:00+00:00","dateModified":"2025-05-20T23:00:14+00:00","mainEntityOfPage":{"@id":"https:\/\/www.webdo.tn\/fr\/actualite\/national\/hausse-des-avoirs-en-devises-a-101-jours-d-importation\/201275\/"},"wordCount":162,"commentCount":0,"publisher":{"@id":"https:\/\/www.webdo.tn\/fr\/#organization"},"image":{"@id":"https:\/\/www.webdo.tn\/fr\/actualite\/national\/hausse-des-avoirs-en-devises-a-101-jours-d-importation\/201275\/#primaryimage"},"thumbnailUrl":"https:\/\/www.webdo.tn\/fr\/wp-content\/uploads\/2022\/12\/8b8ebad28239aa0a0f1e9e404c10b90d-1.jpg","keywords":["avoirs en devises","BCT","indicateurs","Tunisie"],"articleSection":["National"],"inLanguage":"fr-FR"},{"@type":"WebPage","@id":"https:\/\/www.webdo.tn\/fr\/actualite\/national\/hausse-des-avoirs-en-devises-a-101-jours-d-importation\/201275\/","url":"https:\/\/www.webdo.tn\/fr\/actualite\/national\/hausse-des-avoirs-en-devises-a-101-jours-d-importation\/201275\/","name":"Hausse des avoirs en devises \u00e0 101 jours d'importation","isPartOf":{"@id":"https:\/\/www.webdo.tn\/fr\/#website"},"primaryImageOfPage":{"@id":"https:\/\/www.webdo.tn\/fr\/actualite\/national\/hausse-des-avoirs-en-devises-a-101-jours-d-importation\/201275\/#primaryimage"},"image":{"@id":"https:\/\/www.webdo.tn\/fr\/actualite\/national\/hausse-des-avoirs-en-devises-a-101-jours-d-importation\/201275\/#primaryimage"},"thumbnailUrl":"https:\/\/www.webdo.tn\/fr\/wp-content\/uploads\/2022\/12\/8b8ebad28239aa0a0f1e9e404c10b90d-1.jpg","datePublished":"2022-12-28T20:26:00+00:00","dateModified":"2025-05-20T23:00:14+00:00","description":"Les avoirs nets en devises ont augment\u00e9 \u00e0 101 jours d'importation avec une valeur de 22,8 milliards de dinars, , \u00e0 la date du 28 d\u00e9cembre 2022, selon les indica...","breadcrumb":{"@id":"https:\/\/www.webdo.tn\/fr\/actualite\/national\/hausse-des-avoirs-en-devises-a-101-jours-d-importation\/201275\/#breadcrumb"},"inLanguage":"fr-FR","potentialAction":[{"@type":"ReadAction","target":["https:\/\/www.webdo.tn\/fr\/actualite\/national\/hausse-des-avoirs-en-devises-a-101-jours-d-importation\/201275\/"]}]},{"@type":"ImageObject","inLanguage":"fr-FR","@id":"https:\/\/www.webdo.tn\/fr\/actualite\/national\/hausse-des-avoirs-en-devises-a-101-jours-d-importation\/201275\/#primaryimage","url":"https:\/\/www.webdo.tn\/fr\/wp-content\/uploads\/2022\/12\/8b8ebad28239aa0a0f1e9e404c10b90d-1.jpg","contentUrl":"https:\/\/www.webdo.tn\/fr\/wp-content\/uploads\/2022\/12\/8b8ebad28239aa0a0f1e9e404c10b90d-1.jpg","width":750,"height":400,"caption":"Hausse des avoirs en devises \u00e0 101 jours d'importation"},{"@type":"BreadcrumbList","@id":"https:\/\/www.webdo.tn\/fr\/actualite\/national\/hausse-des-avoirs-en-devises-a-101-jours-d-importation\/201275\/#breadcrumb","itemListElement":[{"@type":"ListItem","position":1,"name":"Accueil","item":"https:\/\/www.webdo.tn\/fr\/"},{"@type":"ListItem","position":2,"name":"Hausse des avoirs en devises \u00e0 101 jours d&#8217;importation"}]},{"@type":"WebSite","@id":"https:\/\/www.webdo.tn\/fr\/#website","url":"https:\/\/www.webdo.tn\/fr\/","name":"webdo","description":"Tunisie - News en Tunisie et \u00e0 l&#039;international sur Webdo.tn","publisher":{"@id":"https:\/\/www.webdo.tn\/fr\/#organization"},"potentialAction":[{"@type":"SearchAction","target":{"@type":"EntryPoint","urlTemplate":"https:\/\/www.webdo.tn\/fr\/?s={search_term_string}"},"query-input":{"@type":"PropertyValueSpecification","valueRequired":true,"valueName":"search_term_string"}}],"inLanguage":"fr-FR"},{"@type":"Organization","@id":"https:\/\/www.webdo.tn\/fr\/#organization","name":"Webdo","alternateName":"Webdo.tn","url":"https:\/\/www.webdo.tn\/fr\/","logo":{"@type":"ImageObject","inLanguage":"fr-FR","@id":"https:\/\/www.webdo.tn\/fr\/#\/schema\/logo\/image\/","url":"https:\/\/www.webdo.tn\/fr\/wp-content\/uploads\/2025\/06\/Webdo-Tunisie_168377.jpg","contentUrl":"https:\/\/www.webdo.tn\/fr\/wp-content\/uploads\/2025\/06\/Webdo-Tunisie_168377.jpg","width":301,"height":301,"caption":"Webdo"},"image":{"@id":"https:\/\/www.webdo.tn\/fr\/#\/schema\/logo\/image\/"},"sameAs":["https:\/\/www.facebook.com\/webdotn","https:\/\/x.com\/webdo_tn"],"description":"Webdo est un m\u00e9dia num\u00e9rique tunisien fond\u00e9 en 2010, sp\u00e9cialis\u00e9 dans l\u2019actualit\u00e9 nationale et internationale, l\u2019\u00e9conomie, la soci\u00e9t\u00e9 et les analyses politiques. Le site s\u2019adresse \u00e0 un large public francophone et couvre l\u2019information tunisienne en temps r\u00e9el.","email":"redac@webdo.tn","legalName":"YNJ SARL","foundingDate":"2010-09-06","numberOfEmployees":{"@type":"QuantitativeValue","minValue":"11","maxValue":"50"}},{"@type":"Person","@id":"https:\/\/www.webdo.tn\/fr\/#\/schema\/person\/646f7c4406ab78299805d9d39b2636d8","name":"NJ","image":{"@type":"ImageObject","inLanguage":"fr-FR","@id":"https:\/\/secure.gravatar.com\/avatar\/57ee8a7cee8271948beede1dd4413f641d3b749a42dfabf45a3352af812389e1?s=96&d=mm&r=g","url":"https:\/\/secure.gravatar.com\/avatar\/57ee8a7cee8271948beede1dd4413f641d3b749a42dfabf45a3352af812389e1?s=96&d=mm&r=g","contentUrl":"https:\/\/secure.gravatar.com\/avatar\/57ee8a7cee8271948beede1dd4413f641d3b749a42dfabf45a3352af812389e1?s=96&d=mm&r=g","caption":"NJ"},"url":"https:\/\/www.webdo.tn\/fr\/actualite\/author\/nj\/"}]}},"_links":{"self":[{"href":"https:\/\/www.webdo.tn\/fr\/wp-json\/wp\/v2\/posts\/201275","targetHints":{"allow":["GET"]}}],"collection":[{"href":"https:\/\/www.webdo.tn\/fr\/wp-json\/wp\/v2\/posts"}],"about":[{"href":"https:\/\/www.webdo.tn\/fr\/wp-json\/wp\/v2\/types\/post"}],"author":[{"embeddable":true,"href":"https:\/\/www.webdo.tn\/fr\/wp-json\/wp\/v2\/users\/3195"}],"replies":[{"embeddable":true,"href":"https:\/\/www.webdo.tn\/fr\/wp-json\/wp\/v2\/comments?post=201275"}],"version-history":[{"count":0,"href":"https:\/\/www.webdo.tn\/fr\/wp-json\/wp\/v2\/posts\/201275\/revisions"}],"wp:featuredmedia":[{"embeddable":true,"href":"https:\/\/www.webdo.tn\/fr\/wp-json\/wp\/v2\/media\/252676"}],"wp:attachment":[{"href":"https:\/\/www.webdo.tn\/fr\/wp-json\/wp\/v2\/media?parent=201275"}],"wp:term":[{"taxonomy":"category","embeddable":true,"href":"https:\/\/www.webdo.tn\/fr\/wp-json\/wp\/v2\/categories?post=201275"},{"taxonomy":"post_tag","embeddable":true,"href":"https:\/\/www.webdo.tn\/fr\/wp-json\/wp\/v2\/tags?post=201275"}],"curies":[{"name":"wp","href":"https:\/\/api.w.org\/{rel}","templated":true}]}}