{"id":201270,"date":"2022-12-28T18:52:00","date_gmt":"2022-12-28T18:52:00","guid":{"rendered":"https:\/\/www.webdo.tn\/fr\/blog\/la-convention-entre-la-cnam-et-les-pharmaciens-prolongee-d-une-annee\/201270\/"},"modified":"2025-05-20T23:00:33","modified_gmt":"2025-05-20T23:00:33","slug":"la-convention-entre-la-cnam-et-les-pharmaciens-prolongee-d-une-annee","status":"publish","type":"post","link":"https:\/\/www.webdo.tn\/fr\/actualite\/national\/la-convention-entre-la-cnam-et-les-pharmaciens-prolongee-d-une-annee\/201270\/","title":{"rendered":"La convention entre la CNAM et les pharmaciens, prolong\u00e9e d&rsquo;une ann\u00e9e"},"content":{"rendered":"<p>La caisse nationale d&rsquo;assurance maladie (CNAM) a annonc\u00e9 le renouvellement de la convention sectorielle avec le syndicat tunisien des propri\u00e9taires de pharmacies priv\u00e9es, dans un communiqu\u00e9 publi\u00e9 ce mercredi 28 d\u00e9cembre 2022.<\/p>\n<p>\t\t\t\t\t\t\t\t\tEn ce sens, les deux parties ont sign\u00e9 l&rsquo;avenant n\u00b04 de la convention sectorielle des pharmaciens du secteur priv\u00e9 et ce pour une dur\u00e9e d&rsquo;une ann\u00e9e \u00e0 compter du 31 d\u00e9cembre courant.<\/p>\n<p>La convention sectorielle entre la CNAM et les pharmacies priv\u00e9es a \u00e9t\u00e9 prolong\u00e9e suite \u00e0 la signature d\u2019un accord le 27 d\u00e9cembre 2021. En vertu de cet accord, la convention sectorielle entre les deux parties a \u00e9t\u00e9 prolong\u00e9e d\u2019une ann\u00e9e, \u00e0 compter du 31 d\u00e9cembre 2021, jusqu\u2019au 31 d\u00e9cembre 2022.<\/p>\n","protected":false},"excerpt":{"rendered":"<p>La caisse nationale d&rsquo;assurance maladie (CNAM) a annonc\u00e9 le renouvellement de la convention sectorielle avec le syndicat tunisien des propri\u00e9taires de pharmacie&#8230;<\/p>\n","protected":false},"author":3195,"featured_media":277487,"comment_status":"open","ping_status":"closed","sticky":false,"template":"","format":"standard","meta":{"footnotes":""},"categories":[44],"tags":[4588,4590,4589,2731,2608],"class_list":["post-201270","post","type-post","status-publish","format-standard","has-post-thumbnail","hentry","category-national","tag-cnam","tag-convention","tag-pharmacies","tag-sante","tag-tunisie"],"yoast_head":"<!-- This site is optimized with the Yoast SEO Premium plugin v27.4 (Yoast SEO v27.5) - https:\/\/yoast.com\/product\/yoast-seo-premium-wordpress\/ -->\n<title>La convention entre la CNAM et les pharmaciens, prolong\u00e9e d&#039;une ann\u00e9e<\/title>\n<meta name=\"description\" content=\"La caisse nationale d&#039;assurance maladie (CNAM) a annonc\u00e9 le renouvellement de la convention sectorielle avec le syndicat tunisien des propri\u00e9taires de pharmacie...\" \/>\n<link rel=\"canonical\" href=\"https:\/\/www.webdo.tn\/fr\/actualite\/national\/la-convention-entre-la-cnam-et-les-pharmaciens-prolongee-d-une-annee\/201270\/\" \/>\n<meta property=\"og:locale\" content=\"fr_FR\" \/>\n<meta property=\"og:type\" content=\"article\" \/>\n<meta property=\"og:title\" content=\"La convention entre la CNAM et les pharmaciens, prolong\u00e9e d&#039;une ann\u00e9e\" \/>\n<meta property=\"og:description\" content=\"La caisse nationale d&#039;assurance maladie (CNAM) a annonc\u00e9 le renouvellement de la convention sectorielle avec le syndicat tunisien des propri\u00e9taires de pharmacie...\" \/>\n<meta property=\"og:url\" content=\"https:\/\/www.webdo.tn\/fr\/actualite\/national\/la-convention-entre-la-cnam-et-les-pharmaciens-prolongee-d-une-annee\/201270\/\" \/>\n<meta property=\"og:site_name\" content=\"webdo\" \/>\n<meta property=\"article:publisher\" content=\"https:\/\/www.facebook.com\/webdotn\" \/>\n<meta property=\"article:published_time\" content=\"2022-12-28T18:52:00+00:00\" \/>\n<meta property=\"article:modified_time\" content=\"2025-05-20T23:00:33+00:00\" \/>\n<meta property=\"og:image\" content=\"https:\/\/www.webdo.tn\/fr\/wp-content\/uploads\/2022\/12\/a3095da5da9fe97b63c33a4e5afb7dd9.jpg\" \/>\n\t<meta property=\"og:image:width\" content=\"641\" \/>\n\t<meta property=\"og:image:height\" content=\"342\" \/>\n\t<meta property=\"og:image:type\" content=\"image\/jpeg\" \/>\n<meta name=\"author\" content=\"NJ\" \/>\n<meta name=\"twitter:card\" content=\"summary_large_image\" \/>\n<meta name=\"twitter:creator\" content=\"@webdo_tn\" \/>\n<meta name=\"twitter:site\" content=\"@webdo_tn\" \/>\n<meta name=\"twitter:label1\" content=\"\u00c9crit par\" \/>\n\t<meta name=\"twitter:data1\" content=\"NJ\" \/>\n\t<meta name=\"twitter:label2\" content=\"Dur\u00e9e de lecture estim\u00e9e\" \/>\n\t<meta name=\"twitter:data2\" content=\"1 minute\" \/>\n<script type=\"application\/ld+json\" class=\"yoast-schema-graph\">{\"@context\":\"https:\\\/\\\/schema.org\",\"@graph\":[{\"@type\":\"NewsArticle\",\"@id\":\"https:\\\/\\\/www.webdo.tn\\\/fr\\\/actualite\\\/national\\\/la-convention-entre-la-cnam-et-les-pharmaciens-prolongee-d-une-annee\\\/201270\\\/#article\",\"isPartOf\":{\"@id\":\"https:\\\/\\\/www.webdo.tn\\\/fr\\\/actualite\\\/national\\\/la-convention-entre-la-cnam-et-les-pharmaciens-prolongee-d-une-annee\\\/201270\\\/\"},\"author\":{\"name\":\"NJ\",\"@id\":\"https:\\\/\\\/www.webdo.tn\\\/fr\\\/#\\\/schema\\\/person\\\/646f7c4406ab78299805d9d39b2636d8\"},\"headline\":\"La convention entre la CNAM et les pharmaciens, prolong\u00e9e d&rsquo;une ann\u00e9e\",\"datePublished\":\"2022-12-28T18:52:00+00:00\",\"dateModified\":\"2025-05-20T23:00:33+00:00\",\"mainEntityOfPage\":{\"@id\":\"https:\\\/\\\/www.webdo.tn\\\/fr\\\/actualite\\\/national\\\/la-convention-entre-la-cnam-et-les-pharmaciens-prolongee-d-une-annee\\\/201270\\\/\"},\"wordCount\":135,\"commentCount\":0,\"publisher\":{\"@id\":\"https:\\\/\\\/www.webdo.tn\\\/fr\\\/#organization\"},\"image\":{\"@id\":\"https:\\\/\\\/www.webdo.tn\\\/fr\\\/actualite\\\/national\\\/la-convention-entre-la-cnam-et-les-pharmaciens-prolongee-d-une-annee\\\/201270\\\/#primaryimage\"},\"thumbnailUrl\":\"https:\\\/\\\/www.webdo.tn\\\/fr\\\/wp-content\\\/uploads\\\/2022\\\/12\\\/a3095da5da9fe97b63c33a4e5afb7dd9.jpg\",\"keywords\":[\"CNAM\",\"convention\",\"pharmacies\",\"Sant\u00e9\",\"Tunisie\"],\"articleSection\":[\"National\"],\"inLanguage\":\"fr-FR\"},{\"@type\":\"WebPage\",\"@id\":\"https:\\\/\\\/www.webdo.tn\\\/fr\\\/actualite\\\/national\\\/la-convention-entre-la-cnam-et-les-pharmaciens-prolongee-d-une-annee\\\/201270\\\/\",\"url\":\"https:\\\/\\\/www.webdo.tn\\\/fr\\\/actualite\\\/national\\\/la-convention-entre-la-cnam-et-les-pharmaciens-prolongee-d-une-annee\\\/201270\\\/\",\"name\":\"La convention entre la CNAM et les pharmaciens, prolong\u00e9e d'une ann\u00e9e\",\"isPartOf\":{\"@id\":\"https:\\\/\\\/www.webdo.tn\\\/fr\\\/#website\"},\"primaryImageOfPage\":{\"@id\":\"https:\\\/\\\/www.webdo.tn\\\/fr\\\/actualite\\\/national\\\/la-convention-entre-la-cnam-et-les-pharmaciens-prolongee-d-une-annee\\\/201270\\\/#primaryimage\"},\"image\":{\"@id\":\"https:\\\/\\\/www.webdo.tn\\\/fr\\\/actualite\\\/national\\\/la-convention-entre-la-cnam-et-les-pharmaciens-prolongee-d-une-annee\\\/201270\\\/#primaryimage\"},\"thumbnailUrl\":\"https:\\\/\\\/www.webdo.tn\\\/fr\\\/wp-content\\\/uploads\\\/2022\\\/12\\\/a3095da5da9fe97b63c33a4e5afb7dd9.jpg\",\"datePublished\":\"2022-12-28T18:52:00+00:00\",\"dateModified\":\"2025-05-20T23:00:33+00:00\",\"description\":\"La caisse nationale d'assurance maladie (CNAM) a annonc\u00e9 le renouvellement de la convention sectorielle avec le syndicat tunisien des propri\u00e9taires de pharmacie...\",\"breadcrumb\":{\"@id\":\"https:\\\/\\\/www.webdo.tn\\\/fr\\\/actualite\\\/national\\\/la-convention-entre-la-cnam-et-les-pharmaciens-prolongee-d-une-annee\\\/201270\\\/#breadcrumb\"},\"inLanguage\":\"fr-FR\",\"potentialAction\":[{\"@type\":\"ReadAction\",\"target\":[\"https:\\\/\\\/www.webdo.tn\\\/fr\\\/actualite\\\/national\\\/la-convention-entre-la-cnam-et-les-pharmaciens-prolongee-d-une-annee\\\/201270\\\/\"]}]},{\"@type\":\"ImageObject\",\"inLanguage\":\"fr-FR\",\"@id\":\"https:\\\/\\\/www.webdo.tn\\\/fr\\\/actualite\\\/national\\\/la-convention-entre-la-cnam-et-les-pharmaciens-prolongee-d-une-annee\\\/201270\\\/#primaryimage\",\"url\":\"https:\\\/\\\/www.webdo.tn\\\/fr\\\/wp-content\\\/uploads\\\/2022\\\/12\\\/a3095da5da9fe97b63c33a4e5afb7dd9.jpg\",\"contentUrl\":\"https:\\\/\\\/www.webdo.tn\\\/fr\\\/wp-content\\\/uploads\\\/2022\\\/12\\\/a3095da5da9fe97b63c33a4e5afb7dd9.jpg\",\"width\":641,\"height\":342,\"caption\":\"La convention entre la CNAM et les pharmaciens, prolong\u00e9e d'une ann\u00e9e\"},{\"@type\":\"BreadcrumbList\",\"@id\":\"https:\\\/\\\/www.webdo.tn\\\/fr\\\/actualite\\\/national\\\/la-convention-entre-la-cnam-et-les-pharmaciens-prolongee-d-une-annee\\\/201270\\\/#breadcrumb\",\"itemListElement\":[{\"@type\":\"ListItem\",\"position\":1,\"name\":\"Accueil\",\"item\":\"https:\\\/\\\/www.webdo.tn\\\/fr\\\/\"},{\"@type\":\"ListItem\",\"position\":2,\"name\":\"La convention entre la CNAM et les pharmaciens, prolong\u00e9e d&rsquo;une ann\u00e9e\"}]},{\"@type\":\"WebSite\",\"@id\":\"https:\\\/\\\/www.webdo.tn\\\/fr\\\/#website\",\"url\":\"https:\\\/\\\/www.webdo.tn\\\/fr\\\/\",\"name\":\"webdo\",\"description\":\"Tunisie - News en Tunisie et \u00e0 l&#039;international sur Webdo.tn\",\"publisher\":{\"@id\":\"https:\\\/\\\/www.webdo.tn\\\/fr\\\/#organization\"},\"potentialAction\":[{\"@type\":\"SearchAction\",\"target\":{\"@type\":\"EntryPoint\",\"urlTemplate\":\"https:\\\/\\\/www.webdo.tn\\\/fr\\\/?s={search_term_string}\"},\"query-input\":{\"@type\":\"PropertyValueSpecification\",\"valueRequired\":true,\"valueName\":\"search_term_string\"}}],\"inLanguage\":\"fr-FR\"},{\"@type\":\"Organization\",\"@id\":\"https:\\\/\\\/www.webdo.tn\\\/fr\\\/#organization\",\"name\":\"Webdo\",\"alternateName\":\"Webdo.tn\",\"url\":\"https:\\\/\\\/www.webdo.tn\\\/fr\\\/\",\"logo\":{\"@type\":\"ImageObject\",\"inLanguage\":\"fr-FR\",\"@id\":\"https:\\\/\\\/www.webdo.tn\\\/fr\\\/#\\\/schema\\\/logo\\\/image\\\/\",\"url\":\"https:\\\/\\\/www.webdo.tn\\\/fr\\\/wp-content\\\/uploads\\\/2025\\\/06\\\/Webdo-Tunisie_168377.jpg\",\"contentUrl\":\"https:\\\/\\\/www.webdo.tn\\\/fr\\\/wp-content\\\/uploads\\\/2025\\\/06\\\/Webdo-Tunisie_168377.jpg\",\"width\":301,\"height\":301,\"caption\":\"Webdo\"},\"image\":{\"@id\":\"https:\\\/\\\/www.webdo.tn\\\/fr\\\/#\\\/schema\\\/logo\\\/image\\\/\"},\"sameAs\":[\"https:\\\/\\\/www.facebook.com\\\/webdotn\",\"https:\\\/\\\/x.com\\\/webdo_tn\"],\"description\":\"Webdo est un m\u00e9dia num\u00e9rique tunisien fond\u00e9 en 2010, sp\u00e9cialis\u00e9 dans l\u2019actualit\u00e9 nationale et internationale, l\u2019\u00e9conomie, la soci\u00e9t\u00e9 et les analyses politiques. Le site s\u2019adresse \u00e0 un large public francophone et couvre l\u2019information tunisienne en temps r\u00e9el.\",\"email\":\"redac@webdo.tn\",\"legalName\":\"YNJ SARL\",\"foundingDate\":\"2010-09-06\",\"numberOfEmployees\":{\"@type\":\"QuantitativeValue\",\"minValue\":\"11\",\"maxValue\":\"50\"}},{\"@type\":\"Person\",\"@id\":\"https:\\\/\\\/www.webdo.tn\\\/fr\\\/#\\\/schema\\\/person\\\/646f7c4406ab78299805d9d39b2636d8\",\"name\":\"NJ\",\"image\":{\"@type\":\"ImageObject\",\"inLanguage\":\"fr-FR\",\"@id\":\"https:\\\/\\\/secure.gravatar.com\\\/avatar\\\/57ee8a7cee8271948beede1dd4413f641d3b749a42dfabf45a3352af812389e1?s=96&d=mm&r=g\",\"url\":\"https:\\\/\\\/secure.gravatar.com\\\/avatar\\\/57ee8a7cee8271948beede1dd4413f641d3b749a42dfabf45a3352af812389e1?s=96&d=mm&r=g\",\"contentUrl\":\"https:\\\/\\\/secure.gravatar.com\\\/avatar\\\/57ee8a7cee8271948beede1dd4413f641d3b749a42dfabf45a3352af812389e1?s=96&d=mm&r=g\",\"caption\":\"NJ\"},\"url\":\"https:\\\/\\\/www.webdo.tn\\\/fr\\\/actualite\\\/author\\\/nj\\\/\"}]}<\/script>\n<!-- \/ Yoast SEO Premium plugin. -->","yoast_head_json":{"title":"La convention entre la CNAM et les pharmaciens, prolong\u00e9e d'une ann\u00e9e","description":"La caisse nationale d'assurance maladie (CNAM) a annonc\u00e9 le renouvellement de la convention sectorielle avec le syndicat tunisien des propri\u00e9taires de pharmacie...","canonical":"https:\/\/www.webdo.tn\/fr\/actualite\/national\/la-convention-entre-la-cnam-et-les-pharmaciens-prolongee-d-une-annee\/201270\/","og_locale":"fr_FR","og_type":"article","og_title":"La convention entre la CNAM et les pharmaciens, prolong\u00e9e d'une ann\u00e9e","og_description":"La caisse nationale d'assurance maladie (CNAM) a annonc\u00e9 le renouvellement de la convention sectorielle avec le syndicat tunisien des propri\u00e9taires de pharmacie...","og_url":"https:\/\/www.webdo.tn\/fr\/actualite\/national\/la-convention-entre-la-cnam-et-les-pharmaciens-prolongee-d-une-annee\/201270\/","og_site_name":"webdo","article_publisher":"https:\/\/www.facebook.com\/webdotn","article_published_time":"2022-12-28T18:52:00+00:00","article_modified_time":"2025-05-20T23:00:33+00:00","og_image":[{"width":641,"height":342,"url":"https:\/\/www.webdo.tn\/fr\/wp-content\/uploads\/2022\/12\/a3095da5da9fe97b63c33a4e5afb7dd9.jpg","type":"image\/jpeg"}],"author":"NJ","twitter_card":"summary_large_image","twitter_creator":"@webdo_tn","twitter_site":"@webdo_tn","twitter_misc":{"\u00c9crit par":"NJ","Dur\u00e9e de lecture estim\u00e9e":"1 minute"},"schema":{"@context":"https:\/\/schema.org","@graph":[{"@type":"NewsArticle","@id":"https:\/\/www.webdo.tn\/fr\/actualite\/national\/la-convention-entre-la-cnam-et-les-pharmaciens-prolongee-d-une-annee\/201270\/#article","isPartOf":{"@id":"https:\/\/www.webdo.tn\/fr\/actualite\/national\/la-convention-entre-la-cnam-et-les-pharmaciens-prolongee-d-une-annee\/201270\/"},"author":{"name":"NJ","@id":"https:\/\/www.webdo.tn\/fr\/#\/schema\/person\/646f7c4406ab78299805d9d39b2636d8"},"headline":"La convention entre la CNAM et les pharmaciens, prolong\u00e9e d&rsquo;une ann\u00e9e","datePublished":"2022-12-28T18:52:00+00:00","dateModified":"2025-05-20T23:00:33+00:00","mainEntityOfPage":{"@id":"https:\/\/www.webdo.tn\/fr\/actualite\/national\/la-convention-entre-la-cnam-et-les-pharmaciens-prolongee-d-une-annee\/201270\/"},"wordCount":135,"commentCount":0,"publisher":{"@id":"https:\/\/www.webdo.tn\/fr\/#organization"},"image":{"@id":"https:\/\/www.webdo.tn\/fr\/actualite\/national\/la-convention-entre-la-cnam-et-les-pharmaciens-prolongee-d-une-annee\/201270\/#primaryimage"},"thumbnailUrl":"https:\/\/www.webdo.tn\/fr\/wp-content\/uploads\/2022\/12\/a3095da5da9fe97b63c33a4e5afb7dd9.jpg","keywords":["CNAM","convention","pharmacies","Sant\u00e9","Tunisie"],"articleSection":["National"],"inLanguage":"fr-FR"},{"@type":"WebPage","@id":"https:\/\/www.webdo.tn\/fr\/actualite\/national\/la-convention-entre-la-cnam-et-les-pharmaciens-prolongee-d-une-annee\/201270\/","url":"https:\/\/www.webdo.tn\/fr\/actualite\/national\/la-convention-entre-la-cnam-et-les-pharmaciens-prolongee-d-une-annee\/201270\/","name":"La convention entre la CNAM et les pharmaciens, prolong\u00e9e d'une ann\u00e9e","isPartOf":{"@id":"https:\/\/www.webdo.tn\/fr\/#website"},"primaryImageOfPage":{"@id":"https:\/\/www.webdo.tn\/fr\/actualite\/national\/la-convention-entre-la-cnam-et-les-pharmaciens-prolongee-d-une-annee\/201270\/#primaryimage"},"image":{"@id":"https:\/\/www.webdo.tn\/fr\/actualite\/national\/la-convention-entre-la-cnam-et-les-pharmaciens-prolongee-d-une-annee\/201270\/#primaryimage"},"thumbnailUrl":"https:\/\/www.webdo.tn\/fr\/wp-content\/uploads\/2022\/12\/a3095da5da9fe97b63c33a4e5afb7dd9.jpg","datePublished":"2022-12-28T18:52:00+00:00","dateModified":"2025-05-20T23:00:33+00:00","description":"La caisse nationale d'assurance maladie (CNAM) a annonc\u00e9 le renouvellement de la convention sectorielle avec le syndicat tunisien des propri\u00e9taires de pharmacie...","breadcrumb":{"@id":"https:\/\/www.webdo.tn\/fr\/actualite\/national\/la-convention-entre-la-cnam-et-les-pharmaciens-prolongee-d-une-annee\/201270\/#breadcrumb"},"inLanguage":"fr-FR","potentialAction":[{"@type":"ReadAction","target":["https:\/\/www.webdo.tn\/fr\/actualite\/national\/la-convention-entre-la-cnam-et-les-pharmaciens-prolongee-d-une-annee\/201270\/"]}]},{"@type":"ImageObject","inLanguage":"fr-FR","@id":"https:\/\/www.webdo.tn\/fr\/actualite\/national\/la-convention-entre-la-cnam-et-les-pharmaciens-prolongee-d-une-annee\/201270\/#primaryimage","url":"https:\/\/www.webdo.tn\/fr\/wp-content\/uploads\/2022\/12\/a3095da5da9fe97b63c33a4e5afb7dd9.jpg","contentUrl":"https:\/\/www.webdo.tn\/fr\/wp-content\/uploads\/2022\/12\/a3095da5da9fe97b63c33a4e5afb7dd9.jpg","width":641,"height":342,"caption":"La convention entre la CNAM et les pharmaciens, prolong\u00e9e d'une ann\u00e9e"},{"@type":"BreadcrumbList","@id":"https:\/\/www.webdo.tn\/fr\/actualite\/national\/la-convention-entre-la-cnam-et-les-pharmaciens-prolongee-d-une-annee\/201270\/#breadcrumb","itemListElement":[{"@type":"ListItem","position":1,"name":"Accueil","item":"https:\/\/www.webdo.tn\/fr\/"},{"@type":"ListItem","position":2,"name":"La convention entre la CNAM et les pharmaciens, prolong\u00e9e d&rsquo;une ann\u00e9e"}]},{"@type":"WebSite","@id":"https:\/\/www.webdo.tn\/fr\/#website","url":"https:\/\/www.webdo.tn\/fr\/","name":"webdo","description":"Tunisie - News en Tunisie et \u00e0 l&#039;international sur Webdo.tn","publisher":{"@id":"https:\/\/www.webdo.tn\/fr\/#organization"},"potentialAction":[{"@type":"SearchAction","target":{"@type":"EntryPoint","urlTemplate":"https:\/\/www.webdo.tn\/fr\/?s={search_term_string}"},"query-input":{"@type":"PropertyValueSpecification","valueRequired":true,"valueName":"search_term_string"}}],"inLanguage":"fr-FR"},{"@type":"Organization","@id":"https:\/\/www.webdo.tn\/fr\/#organization","name":"Webdo","alternateName":"Webdo.tn","url":"https:\/\/www.webdo.tn\/fr\/","logo":{"@type":"ImageObject","inLanguage":"fr-FR","@id":"https:\/\/www.webdo.tn\/fr\/#\/schema\/logo\/image\/","url":"https:\/\/www.webdo.tn\/fr\/wp-content\/uploads\/2025\/06\/Webdo-Tunisie_168377.jpg","contentUrl":"https:\/\/www.webdo.tn\/fr\/wp-content\/uploads\/2025\/06\/Webdo-Tunisie_168377.jpg","width":301,"height":301,"caption":"Webdo"},"image":{"@id":"https:\/\/www.webdo.tn\/fr\/#\/schema\/logo\/image\/"},"sameAs":["https:\/\/www.facebook.com\/webdotn","https:\/\/x.com\/webdo_tn"],"description":"Webdo est un m\u00e9dia num\u00e9rique tunisien fond\u00e9 en 2010, sp\u00e9cialis\u00e9 dans l\u2019actualit\u00e9 nationale et internationale, l\u2019\u00e9conomie, la soci\u00e9t\u00e9 et les analyses politiques. Le site s\u2019adresse \u00e0 un large public francophone et couvre l\u2019information tunisienne en temps r\u00e9el.","email":"redac@webdo.tn","legalName":"YNJ SARL","foundingDate":"2010-09-06","numberOfEmployees":{"@type":"QuantitativeValue","minValue":"11","maxValue":"50"}},{"@type":"Person","@id":"https:\/\/www.webdo.tn\/fr\/#\/schema\/person\/646f7c4406ab78299805d9d39b2636d8","name":"NJ","image":{"@type":"ImageObject","inLanguage":"fr-FR","@id":"https:\/\/secure.gravatar.com\/avatar\/57ee8a7cee8271948beede1dd4413f641d3b749a42dfabf45a3352af812389e1?s=96&d=mm&r=g","url":"https:\/\/secure.gravatar.com\/avatar\/57ee8a7cee8271948beede1dd4413f641d3b749a42dfabf45a3352af812389e1?s=96&d=mm&r=g","contentUrl":"https:\/\/secure.gravatar.com\/avatar\/57ee8a7cee8271948beede1dd4413f641d3b749a42dfabf45a3352af812389e1?s=96&d=mm&r=g","caption":"NJ"},"url":"https:\/\/www.webdo.tn\/fr\/actualite\/author\/nj\/"}]}},"_links":{"self":[{"href":"https:\/\/www.webdo.tn\/fr\/wp-json\/wp\/v2\/posts\/201270","targetHints":{"allow":["GET"]}}],"collection":[{"href":"https:\/\/www.webdo.tn\/fr\/wp-json\/wp\/v2\/posts"}],"about":[{"href":"https:\/\/www.webdo.tn\/fr\/wp-json\/wp\/v2\/types\/post"}],"author":[{"embeddable":true,"href":"https:\/\/www.webdo.tn\/fr\/wp-json\/wp\/v2\/users\/3195"}],"replies":[{"embeddable":true,"href":"https:\/\/www.webdo.tn\/fr\/wp-json\/wp\/v2\/comments?post=201270"}],"version-history":[{"count":0,"href":"https:\/\/www.webdo.tn\/fr\/wp-json\/wp\/v2\/posts\/201270\/revisions"}],"wp:featuredmedia":[{"embeddable":true,"href":"https:\/\/www.webdo.tn\/fr\/wp-json\/wp\/v2\/media\/277487"}],"wp:attachment":[{"href":"https:\/\/www.webdo.tn\/fr\/wp-json\/wp\/v2\/media?parent=201270"}],"wp:term":[{"taxonomy":"category","embeddable":true,"href":"https:\/\/www.webdo.tn\/fr\/wp-json\/wp\/v2\/categories?post=201270"},{"taxonomy":"post_tag","embeddable":true,"href":"https:\/\/www.webdo.tn\/fr\/wp-json\/wp\/v2\/tags?post=201270"}],"curies":[{"name":"wp","href":"https:\/\/api.w.org\/{rel}","templated":true}]}}