{"id":201256,"date":"2022-12-28T13:33:00","date_gmt":"2022-12-28T13:33:00","guid":{"rendered":"https:\/\/www.webdo.tn\/fr\/blog\/cooperation-avec-la-tunisie-la-libye-promet-de-lever-tout-obstacle\/201256\/"},"modified":"2025-05-20T22:48:25","modified_gmt":"2025-05-20T22:48:25","slug":"cooperation-avec-la-tunisie-la-libye-promet-de-lever-tout-obstacle","status":"publish","type":"post","link":"https:\/\/www.webdo.tn\/fr\/actualite\/national\/cooperation-avec-la-tunisie-la-libye-promet-de-lever-tout-obstacle\/201256\/","title":{"rendered":"Coop\u00e9ration avec la Tunisie : La Libye promet de lever tout obstacle"},"content":{"rendered":"<p>Le ministre libyen des Transports du gouvernement d\u2019unit\u00e9 nationale, Mohamed Salem al-Chahoubi a d\u00e9clar\u00e9, mercredi 28 d\u00e9cembre 2022, que son gouvernement est r\u00e9solu \u00e0 lever tous les obstacles entravant la coop\u00e9ration entre la Tunisie et la Libye.<\/p>\n<p>\t\t\t\t\t\t\t\t\tLe ministre libyen, qui recevait le pr\u00e9sident de l\u2019Union Tunisienne de l\u2019Industrie, du Commerce et de l\u2019Artisanat (UTICA), Samir Majoul, au si\u00e8ge de son minist\u00e8re, a lou\u00e9 les comp\u00e9tences des entreprises tunisiennes dans les secteurs de l\u2019infrastructure, de la construction et des travaux publics, soulignant qu\u2019elles ont aujourd\u2019hui le champ libre afin d\u2019investir en Libye.<\/p>\n<p>Il a, par ailleurs, mis l\u2019accent sur l\u2019imp\u00e9ratif d\u2019unifier les efforts bilat\u00e9raux afin d\u2019am\u00e9liorer les services de transport a\u00e9rien, maritime et terrestre, selon un communiqu\u00e9 publi\u00e9 par l\u2019UTICA.\u00a0<\/p>\n<p>De son c\u00f4t\u00e9, le pr\u00e9sident de l\u2019organisation patronale, Samir Majoul, en d\u00e9placement en libye, du 24 au 30 d\u00e9cembre, \u00e0 la t\u00eate d&rsquo;une d\u00e9l\u00e9gation compos\u00e9e d\u2019hommes d\u2019affaires tunisiens, a indiqu\u00e9 qu\u2019il existe de v\u00e9ritables opportunit\u00e9s de partenariat \u00e9conomique entre la Tunisie et la Lybie.\u00a0<\/p>\n<p>\u00ab\u00a0Le secteur priv\u00e9 des deux pays est \u00a0\u00bb pr\u00e9dispos\u00e9 \u00a0\u00bb \u00e0 explorer ces opportunit\u00e9s et \u00e0 d\u00e9velopper des projets d\u2019infrastructure\u00a0\u00bb, a-t-il dit. Il a, d\u2019autre part, mis l\u2019accent sur la n\u00e9cessit\u00e9 de consacrer la souverainet\u00e9 alimentaire, sanitaire et \u00e9nerg\u00e9tique dans les deux pays.<\/p>\n<p>Les participants \u00e0 cette rencontre ont, quant \u00e0 eux, appel\u00e9 \u00e0 garantir les conditions n\u00e9cessaires au bon d\u00e9roulement des projets bilat\u00e9raux. La d\u00e9l\u00e9gation de l&rsquo;organisation patronale tunisienne a rencontr\u00e9, en Libye, des responsables relevant du Fonds Arabe du d\u00e9veloppement \u00e9conomique et social, (FADES) et de l&rsquo;Union G\u00e9n\u00e9rale des chambres d&rsquo;Industrie et de Commerce de Libye, ainsi que de hommes d\u2019affaires libyens.<\/p>\n","protected":false},"excerpt":{"rendered":"<p>Le ministre libyen des Transports du gouvernement d\u2019unit\u00e9 nationale, Mohamed Salem al-Chahoubi a d\u00e9clar\u00e9, mercredi 28 d\u00e9cembre 2022, que son gouvernement est r\u00e9&#8230;<\/p>\n","protected":false},"author":3175,"featured_media":277480,"comment_status":"open","ping_status":"closed","sticky":false,"template":"","format":"standard","meta":{"footnotes":""},"categories":[44],"tags":[2732,3279,2608],"class_list":["post-201256","post","type-post","status-publish","format-standard","has-post-thumbnail","hentry","category-national","tag-cooperation","tag-libye","tag-tunisie"],"yoast_head":"<!-- This site is optimized with the Yoast SEO Premium plugin v27.5 (Yoast SEO v27.5) - https:\/\/yoast.com\/product\/yoast-seo-premium-wordpress\/ -->\n<title>Coop\u00e9ration avec la Tunisie : La Libye promet de lever tout obstacle<\/title>\n<meta name=\"description\" content=\"Le ministre libyen des Transports du gouvernement d\u2019unit\u00e9 nationale, Mohamed Salem al-Chahoubi a d\u00e9clar\u00e9, mercredi 28 d\u00e9cembre 2022, que son gouvernement est r\u00e9...\" \/>\n<link rel=\"canonical\" href=\"https:\/\/www.webdo.tn\/fr\/actualite\/national\/cooperation-avec-la-tunisie-la-libye-promet-de-lever-tout-obstacle\/201256\/\" \/>\n<meta property=\"og:locale\" content=\"fr_FR\" \/>\n<meta property=\"og:type\" content=\"article\" \/>\n<meta property=\"og:title\" content=\"Coop\u00e9ration avec la Tunisie : La Libye promet de lever tout obstacle\" \/>\n<meta property=\"og:description\" content=\"Le ministre libyen des Transports du gouvernement d\u2019unit\u00e9 nationale, Mohamed Salem al-Chahoubi a d\u00e9clar\u00e9, mercredi 28 d\u00e9cembre 2022, que son gouvernement est r\u00e9...\" \/>\n<meta property=\"og:url\" content=\"https:\/\/www.webdo.tn\/fr\/actualite\/national\/cooperation-avec-la-tunisie-la-libye-promet-de-lever-tout-obstacle\/201256\/\" \/>\n<meta property=\"og:site_name\" content=\"webdo\" \/>\n<meta property=\"article:publisher\" content=\"https:\/\/www.facebook.com\/webdotn\" \/>\n<meta property=\"article:published_time\" content=\"2022-12-28T13:33:00+00:00\" \/>\n<meta property=\"article:modified_time\" content=\"2025-05-20T22:48:25+00:00\" \/>\n<meta property=\"og:image\" content=\"https:\/\/www.webdo.tn\/fr\/wp-content\/uploads\/2022\/12\/582b165505bb708cdac082b52d0f3194.gif\" \/>\n\t<meta property=\"og:image:width\" content=\"680\" \/>\n\t<meta property=\"og:image:height\" content=\"363\" \/>\n\t<meta property=\"og:image:type\" content=\"image\/gif\" \/>\n<meta name=\"author\" content=\"CL\" \/>\n<meta name=\"twitter:card\" content=\"summary_large_image\" \/>\n<meta name=\"twitter:creator\" content=\"@webdo_tn\" \/>\n<meta name=\"twitter:site\" content=\"@webdo_tn\" \/>\n<meta name=\"twitter:label1\" content=\"\u00c9crit par\" \/>\n\t<meta name=\"twitter:data1\" content=\"CL\" \/>\n\t<meta name=\"twitter:label2\" content=\"Dur\u00e9e de lecture estim\u00e9e\" \/>\n\t<meta name=\"twitter:data2\" content=\"2 minutes\" \/>\n<script type=\"application\/ld+json\" class=\"yoast-schema-graph\">{\"@context\":\"https:\\\/\\\/schema.org\",\"@graph\":[{\"@type\":\"NewsArticle\",\"@id\":\"https:\\\/\\\/www.webdo.tn\\\/fr\\\/actualite\\\/national\\\/cooperation-avec-la-tunisie-la-libye-promet-de-lever-tout-obstacle\\\/201256\\\/#article\",\"isPartOf\":{\"@id\":\"https:\\\/\\\/www.webdo.tn\\\/fr\\\/actualite\\\/national\\\/cooperation-avec-la-tunisie-la-libye-promet-de-lever-tout-obstacle\\\/201256\\\/\"},\"author\":{\"name\":\"CL\",\"@id\":\"https:\\\/\\\/www.webdo.tn\\\/fr\\\/#\\\/schema\\\/person\\\/f35b42a42c5e2511bbd282959d6385cc\"},\"headline\":\"Coop\u00e9ration avec la Tunisie : La Libye promet de lever tout obstacle\",\"datePublished\":\"2022-12-28T13:33:00+00:00\",\"dateModified\":\"2025-05-20T22:48:25+00:00\",\"mainEntityOfPage\":{\"@id\":\"https:\\\/\\\/www.webdo.tn\\\/fr\\\/actualite\\\/national\\\/cooperation-avec-la-tunisie-la-libye-promet-de-lever-tout-obstacle\\\/201256\\\/\"},\"wordCount\":327,\"commentCount\":0,\"publisher\":{\"@id\":\"https:\\\/\\\/www.webdo.tn\\\/fr\\\/#organization\"},\"image\":{\"@id\":\"https:\\\/\\\/www.webdo.tn\\\/fr\\\/actualite\\\/national\\\/cooperation-avec-la-tunisie-la-libye-promet-de-lever-tout-obstacle\\\/201256\\\/#primaryimage\"},\"thumbnailUrl\":\"https:\\\/\\\/www.webdo.tn\\\/fr\\\/wp-content\\\/uploads\\\/2022\\\/12\\\/582b165505bb708cdac082b52d0f3194.gif\",\"keywords\":[\"coop\u00e9ration\",\"Libye\",\"Tunisie\"],\"articleSection\":[\"National\"],\"inLanguage\":\"fr-FR\"},{\"@type\":\"WebPage\",\"@id\":\"https:\\\/\\\/www.webdo.tn\\\/fr\\\/actualite\\\/national\\\/cooperation-avec-la-tunisie-la-libye-promet-de-lever-tout-obstacle\\\/201256\\\/\",\"url\":\"https:\\\/\\\/www.webdo.tn\\\/fr\\\/actualite\\\/national\\\/cooperation-avec-la-tunisie-la-libye-promet-de-lever-tout-obstacle\\\/201256\\\/\",\"name\":\"Coop\u00e9ration avec la Tunisie : La Libye promet de lever tout obstacle\",\"isPartOf\":{\"@id\":\"https:\\\/\\\/www.webdo.tn\\\/fr\\\/#website\"},\"primaryImageOfPage\":{\"@id\":\"https:\\\/\\\/www.webdo.tn\\\/fr\\\/actualite\\\/national\\\/cooperation-avec-la-tunisie-la-libye-promet-de-lever-tout-obstacle\\\/201256\\\/#primaryimage\"},\"image\":{\"@id\":\"https:\\\/\\\/www.webdo.tn\\\/fr\\\/actualite\\\/national\\\/cooperation-avec-la-tunisie-la-libye-promet-de-lever-tout-obstacle\\\/201256\\\/#primaryimage\"},\"thumbnailUrl\":\"https:\\\/\\\/www.webdo.tn\\\/fr\\\/wp-content\\\/uploads\\\/2022\\\/12\\\/582b165505bb708cdac082b52d0f3194.gif\",\"datePublished\":\"2022-12-28T13:33:00+00:00\",\"dateModified\":\"2025-05-20T22:48:25+00:00\",\"description\":\"Le ministre libyen des Transports du gouvernement d\u2019unit\u00e9 nationale, Mohamed Salem al-Chahoubi a d\u00e9clar\u00e9, mercredi 28 d\u00e9cembre 2022, que son gouvernement est r\u00e9...\",\"breadcrumb\":{\"@id\":\"https:\\\/\\\/www.webdo.tn\\\/fr\\\/actualite\\\/national\\\/cooperation-avec-la-tunisie-la-libye-promet-de-lever-tout-obstacle\\\/201256\\\/#breadcrumb\"},\"inLanguage\":\"fr-FR\",\"potentialAction\":[{\"@type\":\"ReadAction\",\"target\":[\"https:\\\/\\\/www.webdo.tn\\\/fr\\\/actualite\\\/national\\\/cooperation-avec-la-tunisie-la-libye-promet-de-lever-tout-obstacle\\\/201256\\\/\"]}]},{\"@type\":\"ImageObject\",\"inLanguage\":\"fr-FR\",\"@id\":\"https:\\\/\\\/www.webdo.tn\\\/fr\\\/actualite\\\/national\\\/cooperation-avec-la-tunisie-la-libye-promet-de-lever-tout-obstacle\\\/201256\\\/#primaryimage\",\"url\":\"https:\\\/\\\/www.webdo.tn\\\/fr\\\/wp-content\\\/uploads\\\/2022\\\/12\\\/582b165505bb708cdac082b52d0f3194.gif\",\"contentUrl\":\"https:\\\/\\\/www.webdo.tn\\\/fr\\\/wp-content\\\/uploads\\\/2022\\\/12\\\/582b165505bb708cdac082b52d0f3194.gif\",\"width\":680,\"height\":363,\"caption\":\"Tunisie Libye\"},{\"@type\":\"BreadcrumbList\",\"@id\":\"https:\\\/\\\/www.webdo.tn\\\/fr\\\/actualite\\\/national\\\/cooperation-avec-la-tunisie-la-libye-promet-de-lever-tout-obstacle\\\/201256\\\/#breadcrumb\",\"itemListElement\":[{\"@type\":\"ListItem\",\"position\":1,\"name\":\"Accueil\",\"item\":\"https:\\\/\\\/www.webdo.tn\\\/fr\\\/\"},{\"@type\":\"ListItem\",\"position\":2,\"name\":\"Coop\u00e9ration avec la Tunisie : La Libye promet de lever tout obstacle\"}]},{\"@type\":\"WebSite\",\"@id\":\"https:\\\/\\\/www.webdo.tn\\\/fr\\\/#website\",\"url\":\"https:\\\/\\\/www.webdo.tn\\\/fr\\\/\",\"name\":\"webdo\",\"description\":\"Tunisie - News en Tunisie et \u00e0 l&#039;international sur Webdo.tn\",\"publisher\":{\"@id\":\"https:\\\/\\\/www.webdo.tn\\\/fr\\\/#organization\"},\"potentialAction\":[{\"@type\":\"SearchAction\",\"target\":{\"@type\":\"EntryPoint\",\"urlTemplate\":\"https:\\\/\\\/www.webdo.tn\\\/fr\\\/?s={search_term_string}\"},\"query-input\":{\"@type\":\"PropertyValueSpecification\",\"valueRequired\":true,\"valueName\":\"search_term_string\"}}],\"inLanguage\":\"fr-FR\"},{\"@type\":\"Organization\",\"@id\":\"https:\\\/\\\/www.webdo.tn\\\/fr\\\/#organization\",\"name\":\"Webdo\",\"alternateName\":\"Webdo.tn\",\"url\":\"https:\\\/\\\/www.webdo.tn\\\/fr\\\/\",\"logo\":{\"@type\":\"ImageObject\",\"inLanguage\":\"fr-FR\",\"@id\":\"https:\\\/\\\/www.webdo.tn\\\/fr\\\/#\\\/schema\\\/logo\\\/image\\\/\",\"url\":\"https:\\\/\\\/www.webdo.tn\\\/fr\\\/wp-content\\\/uploads\\\/2025\\\/06\\\/Webdo-Tunisie_168377.jpg\",\"contentUrl\":\"https:\\\/\\\/www.webdo.tn\\\/fr\\\/wp-content\\\/uploads\\\/2025\\\/06\\\/Webdo-Tunisie_168377.jpg\",\"width\":301,\"height\":301,\"caption\":\"Webdo\"},\"image\":{\"@id\":\"https:\\\/\\\/www.webdo.tn\\\/fr\\\/#\\\/schema\\\/logo\\\/image\\\/\"},\"sameAs\":[\"https:\\\/\\\/www.facebook.com\\\/webdotn\",\"https:\\\/\\\/x.com\\\/webdo_tn\"],\"description\":\"Webdo est un m\u00e9dia num\u00e9rique tunisien fond\u00e9 en 2010, sp\u00e9cialis\u00e9 dans l\u2019actualit\u00e9 nationale et internationale, l\u2019\u00e9conomie, la soci\u00e9t\u00e9 et les analyses politiques. Le site s\u2019adresse \u00e0 un large public francophone et couvre l\u2019information tunisienne en temps r\u00e9el.\",\"email\":\"redac@webdo.tn\",\"legalName\":\"YNJ SARL\",\"foundingDate\":\"2010-09-06\",\"numberOfEmployees\":{\"@type\":\"QuantitativeValue\",\"minValue\":\"11\",\"maxValue\":\"50\"}},{\"@type\":\"Person\",\"@id\":\"https:\\\/\\\/www.webdo.tn\\\/fr\\\/#\\\/schema\\\/person\\\/f35b42a42c5e2511bbd282959d6385cc\",\"name\":\"CL\",\"image\":{\"@type\":\"ImageObject\",\"inLanguage\":\"fr-FR\",\"@id\":\"https:\\\/\\\/secure.gravatar.com\\\/avatar\\\/1447a49909b67aa657c488aec6512e1dd6143a480c1ecfee9b5b5cd74eb3b59e?s=96&d=mm&r=g\",\"url\":\"https:\\\/\\\/secure.gravatar.com\\\/avatar\\\/1447a49909b67aa657c488aec6512e1dd6143a480c1ecfee9b5b5cd74eb3b59e?s=96&d=mm&r=g\",\"contentUrl\":\"https:\\\/\\\/secure.gravatar.com\\\/avatar\\\/1447a49909b67aa657c488aec6512e1dd6143a480c1ecfee9b5b5cd74eb3b59e?s=96&d=mm&r=g\",\"caption\":\"CL\"},\"url\":\"https:\\\/\\\/www.webdo.tn\\\/fr\\\/actualite\\\/author\\\/cl\\\/\"}]}<\/script>\n<!-- \/ Yoast SEO Premium plugin. -->","yoast_head_json":{"title":"Coop\u00e9ration avec la Tunisie : La Libye promet de lever tout obstacle","description":"Le ministre libyen des Transports du gouvernement d\u2019unit\u00e9 nationale, Mohamed Salem al-Chahoubi a d\u00e9clar\u00e9, mercredi 28 d\u00e9cembre 2022, que son gouvernement est r\u00e9...","canonical":"https:\/\/www.webdo.tn\/fr\/actualite\/national\/cooperation-avec-la-tunisie-la-libye-promet-de-lever-tout-obstacle\/201256\/","og_locale":"fr_FR","og_type":"article","og_title":"Coop\u00e9ration avec la Tunisie : La Libye promet de lever tout obstacle","og_description":"Le ministre libyen des Transports du gouvernement d\u2019unit\u00e9 nationale, Mohamed Salem al-Chahoubi a d\u00e9clar\u00e9, mercredi 28 d\u00e9cembre 2022, que son gouvernement est r\u00e9...","og_url":"https:\/\/www.webdo.tn\/fr\/actualite\/national\/cooperation-avec-la-tunisie-la-libye-promet-de-lever-tout-obstacle\/201256\/","og_site_name":"webdo","article_publisher":"https:\/\/www.facebook.com\/webdotn","article_published_time":"2022-12-28T13:33:00+00:00","article_modified_time":"2025-05-20T22:48:25+00:00","og_image":[{"width":680,"height":363,"url":"https:\/\/www.webdo.tn\/fr\/wp-content\/uploads\/2022\/12\/582b165505bb708cdac082b52d0f3194.gif","type":"image\/gif"}],"author":"CL","twitter_card":"summary_large_image","twitter_creator":"@webdo_tn","twitter_site":"@webdo_tn","twitter_misc":{"\u00c9crit par":"CL","Dur\u00e9e de lecture estim\u00e9e":"2 minutes"},"schema":{"@context":"https:\/\/schema.org","@graph":[{"@type":"NewsArticle","@id":"https:\/\/www.webdo.tn\/fr\/actualite\/national\/cooperation-avec-la-tunisie-la-libye-promet-de-lever-tout-obstacle\/201256\/#article","isPartOf":{"@id":"https:\/\/www.webdo.tn\/fr\/actualite\/national\/cooperation-avec-la-tunisie-la-libye-promet-de-lever-tout-obstacle\/201256\/"},"author":{"name":"CL","@id":"https:\/\/www.webdo.tn\/fr\/#\/schema\/person\/f35b42a42c5e2511bbd282959d6385cc"},"headline":"Coop\u00e9ration avec la Tunisie : La Libye promet de lever tout obstacle","datePublished":"2022-12-28T13:33:00+00:00","dateModified":"2025-05-20T22:48:25+00:00","mainEntityOfPage":{"@id":"https:\/\/www.webdo.tn\/fr\/actualite\/national\/cooperation-avec-la-tunisie-la-libye-promet-de-lever-tout-obstacle\/201256\/"},"wordCount":327,"commentCount":0,"publisher":{"@id":"https:\/\/www.webdo.tn\/fr\/#organization"},"image":{"@id":"https:\/\/www.webdo.tn\/fr\/actualite\/national\/cooperation-avec-la-tunisie-la-libye-promet-de-lever-tout-obstacle\/201256\/#primaryimage"},"thumbnailUrl":"https:\/\/www.webdo.tn\/fr\/wp-content\/uploads\/2022\/12\/582b165505bb708cdac082b52d0f3194.gif","keywords":["coop\u00e9ration","Libye","Tunisie"],"articleSection":["National"],"inLanguage":"fr-FR"},{"@type":"WebPage","@id":"https:\/\/www.webdo.tn\/fr\/actualite\/national\/cooperation-avec-la-tunisie-la-libye-promet-de-lever-tout-obstacle\/201256\/","url":"https:\/\/www.webdo.tn\/fr\/actualite\/national\/cooperation-avec-la-tunisie-la-libye-promet-de-lever-tout-obstacle\/201256\/","name":"Coop\u00e9ration avec la Tunisie : La Libye promet de lever tout obstacle","isPartOf":{"@id":"https:\/\/www.webdo.tn\/fr\/#website"},"primaryImageOfPage":{"@id":"https:\/\/www.webdo.tn\/fr\/actualite\/national\/cooperation-avec-la-tunisie-la-libye-promet-de-lever-tout-obstacle\/201256\/#primaryimage"},"image":{"@id":"https:\/\/www.webdo.tn\/fr\/actualite\/national\/cooperation-avec-la-tunisie-la-libye-promet-de-lever-tout-obstacle\/201256\/#primaryimage"},"thumbnailUrl":"https:\/\/www.webdo.tn\/fr\/wp-content\/uploads\/2022\/12\/582b165505bb708cdac082b52d0f3194.gif","datePublished":"2022-12-28T13:33:00+00:00","dateModified":"2025-05-20T22:48:25+00:00","description":"Le ministre libyen des Transports du gouvernement d\u2019unit\u00e9 nationale, Mohamed Salem al-Chahoubi a d\u00e9clar\u00e9, mercredi 28 d\u00e9cembre 2022, que son gouvernement est r\u00e9...","breadcrumb":{"@id":"https:\/\/www.webdo.tn\/fr\/actualite\/national\/cooperation-avec-la-tunisie-la-libye-promet-de-lever-tout-obstacle\/201256\/#breadcrumb"},"inLanguage":"fr-FR","potentialAction":[{"@type":"ReadAction","target":["https:\/\/www.webdo.tn\/fr\/actualite\/national\/cooperation-avec-la-tunisie-la-libye-promet-de-lever-tout-obstacle\/201256\/"]}]},{"@type":"ImageObject","inLanguage":"fr-FR","@id":"https:\/\/www.webdo.tn\/fr\/actualite\/national\/cooperation-avec-la-tunisie-la-libye-promet-de-lever-tout-obstacle\/201256\/#primaryimage","url":"https:\/\/www.webdo.tn\/fr\/wp-content\/uploads\/2022\/12\/582b165505bb708cdac082b52d0f3194.gif","contentUrl":"https:\/\/www.webdo.tn\/fr\/wp-content\/uploads\/2022\/12\/582b165505bb708cdac082b52d0f3194.gif","width":680,"height":363,"caption":"Tunisie Libye"},{"@type":"BreadcrumbList","@id":"https:\/\/www.webdo.tn\/fr\/actualite\/national\/cooperation-avec-la-tunisie-la-libye-promet-de-lever-tout-obstacle\/201256\/#breadcrumb","itemListElement":[{"@type":"ListItem","position":1,"name":"Accueil","item":"https:\/\/www.webdo.tn\/fr\/"},{"@type":"ListItem","position":2,"name":"Coop\u00e9ration avec la Tunisie : La Libye promet de lever tout obstacle"}]},{"@type":"WebSite","@id":"https:\/\/www.webdo.tn\/fr\/#website","url":"https:\/\/www.webdo.tn\/fr\/","name":"webdo","description":"Tunisie - News en Tunisie et \u00e0 l&#039;international sur Webdo.tn","publisher":{"@id":"https:\/\/www.webdo.tn\/fr\/#organization"},"potentialAction":[{"@type":"SearchAction","target":{"@type":"EntryPoint","urlTemplate":"https:\/\/www.webdo.tn\/fr\/?s={search_term_string}"},"query-input":{"@type":"PropertyValueSpecification","valueRequired":true,"valueName":"search_term_string"}}],"inLanguage":"fr-FR"},{"@type":"Organization","@id":"https:\/\/www.webdo.tn\/fr\/#organization","name":"Webdo","alternateName":"Webdo.tn","url":"https:\/\/www.webdo.tn\/fr\/","logo":{"@type":"ImageObject","inLanguage":"fr-FR","@id":"https:\/\/www.webdo.tn\/fr\/#\/schema\/logo\/image\/","url":"https:\/\/www.webdo.tn\/fr\/wp-content\/uploads\/2025\/06\/Webdo-Tunisie_168377.jpg","contentUrl":"https:\/\/www.webdo.tn\/fr\/wp-content\/uploads\/2025\/06\/Webdo-Tunisie_168377.jpg","width":301,"height":301,"caption":"Webdo"},"image":{"@id":"https:\/\/www.webdo.tn\/fr\/#\/schema\/logo\/image\/"},"sameAs":["https:\/\/www.facebook.com\/webdotn","https:\/\/x.com\/webdo_tn"],"description":"Webdo est un m\u00e9dia num\u00e9rique tunisien fond\u00e9 en 2010, sp\u00e9cialis\u00e9 dans l\u2019actualit\u00e9 nationale et internationale, l\u2019\u00e9conomie, la soci\u00e9t\u00e9 et les analyses politiques. Le site s\u2019adresse \u00e0 un large public francophone et couvre l\u2019information tunisienne en temps r\u00e9el.","email":"redac@webdo.tn","legalName":"YNJ SARL","foundingDate":"2010-09-06","numberOfEmployees":{"@type":"QuantitativeValue","minValue":"11","maxValue":"50"}},{"@type":"Person","@id":"https:\/\/www.webdo.tn\/fr\/#\/schema\/person\/f35b42a42c5e2511bbd282959d6385cc","name":"CL","image":{"@type":"ImageObject","inLanguage":"fr-FR","@id":"https:\/\/secure.gravatar.com\/avatar\/1447a49909b67aa657c488aec6512e1dd6143a480c1ecfee9b5b5cd74eb3b59e?s=96&d=mm&r=g","url":"https:\/\/secure.gravatar.com\/avatar\/1447a49909b67aa657c488aec6512e1dd6143a480c1ecfee9b5b5cd74eb3b59e?s=96&d=mm&r=g","contentUrl":"https:\/\/secure.gravatar.com\/avatar\/1447a49909b67aa657c488aec6512e1dd6143a480c1ecfee9b5b5cd74eb3b59e?s=96&d=mm&r=g","caption":"CL"},"url":"https:\/\/www.webdo.tn\/fr\/actualite\/author\/cl\/"}]}},"_links":{"self":[{"href":"https:\/\/www.webdo.tn\/fr\/wp-json\/wp\/v2\/posts\/201256","targetHints":{"allow":["GET"]}}],"collection":[{"href":"https:\/\/www.webdo.tn\/fr\/wp-json\/wp\/v2\/posts"}],"about":[{"href":"https:\/\/www.webdo.tn\/fr\/wp-json\/wp\/v2\/types\/post"}],"author":[{"embeddable":true,"href":"https:\/\/www.webdo.tn\/fr\/wp-json\/wp\/v2\/users\/3175"}],"replies":[{"embeddable":true,"href":"https:\/\/www.webdo.tn\/fr\/wp-json\/wp\/v2\/comments?post=201256"}],"version-history":[{"count":0,"href":"https:\/\/www.webdo.tn\/fr\/wp-json\/wp\/v2\/posts\/201256\/revisions"}],"wp:featuredmedia":[{"embeddable":true,"href":"https:\/\/www.webdo.tn\/fr\/wp-json\/wp\/v2\/media\/277480"}],"wp:attachment":[{"href":"https:\/\/www.webdo.tn\/fr\/wp-json\/wp\/v2\/media?parent=201256"}],"wp:term":[{"taxonomy":"category","embeddable":true,"href":"https:\/\/www.webdo.tn\/fr\/wp-json\/wp\/v2\/categories?post=201256"},{"taxonomy":"post_tag","embeddable":true,"href":"https:\/\/www.webdo.tn\/fr\/wp-json\/wp\/v2\/tags?post=201256"}],"curies":[{"name":"wp","href":"https:\/\/api.w.org\/{rel}","templated":true}]}}