{"id":201252,"date":"2022-12-28T12:47:00","date_gmt":"2022-12-28T12:47:00","guid":{"rendered":"https:\/\/www.webdo.tn\/fr\/blog\/tunisie-la-greve-des-transports-maintenue-pour-les-25-et-26-janvier\/201252\/"},"modified":"2025-05-20T22:48:24","modified_gmt":"2025-05-20T22:48:24","slug":"tunisie-la-greve-des-transports-maintenue-pour-les-25-et-26-janvier","status":"publish","type":"post","link":"https:\/\/www.webdo.tn\/fr\/actualite\/national\/tunisie-la-greve-des-transports-maintenue-pour-les-25-et-26-janvier\/201252\/","title":{"rendered":"Tunisie : La gr\u00e8ve des transports maintenue pour les 25 et 26 janvier"},"content":{"rendered":"<p>La gr\u00e8ve sectorielle dans les transports terrestres, maritimes et a\u00e9riens fix\u00e9e pour les 25 et 26 janvier 2023 est maintenue.<\/p>\n<p>\t\t\t\t\t\t\t\t\tLe secr\u00e9taire g\u00e9n\u00e9ral de la f\u00e9d\u00e9ration du transport relevant de l\u2019Union g\u00e9n\u00e9rale tunisienne du travail, confirme dans des d\u00e9clarations m\u00e9diatiques cette information, faisant \u00e9tat d\u2019un blocage avec les autorit\u00e9s.\u00a0<\/p>\n<p>Les parties syndicales refusent dans ce sens toute privatisation des entreprises publiques de transport. \u00ab Nous refusons toute approche visant \u00e0 privatiser ces entreprises \u00bb, insiste le secr\u00e9taire-g\u00e9n\u00e9ral de la f\u00e9d\u00e9ration.<\/p>\n<p>Et d\u2019ajouter que les revendications portent \u00e9galement sur la n\u00e9cessit\u00e9 de renforcer les flottes des diff\u00e9rentes entreprises.<\/p>\n","protected":false},"excerpt":{"rendered":"<p>La gr\u00e8ve sectorielle dans les transports terrestres, maritimes et a\u00e9riens fix\u00e9e pour les 25 et 26 janvier 2023 est maintenue.<\/p>\n","protected":false},"author":3175,"featured_media":277478,"comment_status":"open","ping_status":"closed","sticky":false,"template":"","format":"standard","meta":{"footnotes":""},"categories":[44],"tags":[2647,2818,2608],"class_list":["post-201252","post","type-post","status-publish","format-standard","has-post-thumbnail","hentry","category-national","tag-greve","tag-transport","tag-tunisie"],"yoast_head":"<!-- This site is optimized with the Yoast SEO Premium plugin v27.4 (Yoast SEO v27.5) - https:\/\/yoast.com\/product\/yoast-seo-premium-wordpress\/ -->\n<title>Tunisie : La gr\u00e8ve des transports maintenue pour les 25 et 26 janvier<\/title>\n<meta name=\"description\" content=\"La gr\u00e8ve sectorielle dans les transports terrestres, maritimes et a\u00e9riens fix\u00e9e pour les 25 et 26 janvier 2023 est maintenue.\" \/>\n<link rel=\"canonical\" href=\"https:\/\/www.webdo.tn\/fr\/actualite\/national\/tunisie-la-greve-des-transports-maintenue-pour-les-25-et-26-janvier\/201252\/\" \/>\n<meta property=\"og:locale\" content=\"fr_FR\" \/>\n<meta property=\"og:type\" content=\"article\" \/>\n<meta property=\"og:title\" content=\"Tunisie : La gr\u00e8ve des transports maintenue pour les 25 et 26 janvier\" \/>\n<meta property=\"og:description\" content=\"La gr\u00e8ve sectorielle dans les transports terrestres, maritimes et a\u00e9riens fix\u00e9e pour les 25 et 26 janvier 2023 est maintenue.\" \/>\n<meta property=\"og:url\" content=\"https:\/\/www.webdo.tn\/fr\/actualite\/national\/tunisie-la-greve-des-transports-maintenue-pour-les-25-et-26-janvier\/201252\/\" \/>\n<meta property=\"og:site_name\" content=\"webdo\" \/>\n<meta property=\"article:publisher\" content=\"https:\/\/www.facebook.com\/webdotn\" \/>\n<meta property=\"article:published_time\" content=\"2022-12-28T12:47:00+00:00\" \/>\n<meta property=\"article:modified_time\" content=\"2025-05-20T22:48:24+00:00\" \/>\n<meta property=\"og:image\" content=\"https:\/\/www.webdo.tn\/fr\/wp-content\/uploads\/2022\/12\/7204e894eeb8633003d9bdfde89c421b.jpg\" \/>\n\t<meta property=\"og:image:width\" content=\"680\" \/>\n\t<meta property=\"og:image:height\" content=\"363\" \/>\n\t<meta property=\"og:image:type\" content=\"image\/jpeg\" \/>\n<meta name=\"author\" content=\"CL\" \/>\n<meta name=\"twitter:card\" content=\"summary_large_image\" \/>\n<meta name=\"twitter:creator\" content=\"@webdo_tn\" \/>\n<meta name=\"twitter:site\" content=\"@webdo_tn\" \/>\n<meta name=\"twitter:label1\" content=\"\u00c9crit par\" \/>\n\t<meta name=\"twitter:data1\" content=\"CL\" \/>\n\t<meta name=\"twitter:label2\" content=\"Dur\u00e9e de lecture estim\u00e9e\" \/>\n\t<meta name=\"twitter:data2\" content=\"1 minute\" \/>\n<script type=\"application\/ld+json\" class=\"yoast-schema-graph\">{\"@context\":\"https:\\\/\\\/schema.org\",\"@graph\":[{\"@type\":\"NewsArticle\",\"@id\":\"https:\\\/\\\/www.webdo.tn\\\/fr\\\/actualite\\\/national\\\/tunisie-la-greve-des-transports-maintenue-pour-les-25-et-26-janvier\\\/201252\\\/#article\",\"isPartOf\":{\"@id\":\"https:\\\/\\\/www.webdo.tn\\\/fr\\\/actualite\\\/national\\\/tunisie-la-greve-des-transports-maintenue-pour-les-25-et-26-janvier\\\/201252\\\/\"},\"author\":{\"name\":\"CL\",\"@id\":\"https:\\\/\\\/www.webdo.tn\\\/fr\\\/#\\\/schema\\\/person\\\/f35b42a42c5e2511bbd282959d6385cc\"},\"headline\":\"Tunisie : La gr\u00e8ve des transports maintenue pour les 25 et 26 janvier\",\"datePublished\":\"2022-12-28T12:47:00+00:00\",\"dateModified\":\"2025-05-20T22:48:24+00:00\",\"mainEntityOfPage\":{\"@id\":\"https:\\\/\\\/www.webdo.tn\\\/fr\\\/actualite\\\/national\\\/tunisie-la-greve-des-transports-maintenue-pour-les-25-et-26-janvier\\\/201252\\\/\"},\"wordCount\":125,\"commentCount\":0,\"publisher\":{\"@id\":\"https:\\\/\\\/www.webdo.tn\\\/fr\\\/#organization\"},\"image\":{\"@id\":\"https:\\\/\\\/www.webdo.tn\\\/fr\\\/actualite\\\/national\\\/tunisie-la-greve-des-transports-maintenue-pour-les-25-et-26-janvier\\\/201252\\\/#primaryimage\"},\"thumbnailUrl\":\"https:\\\/\\\/www.webdo.tn\\\/fr\\\/wp-content\\\/uploads\\\/2022\\\/12\\\/7204e894eeb8633003d9bdfde89c421b.jpg\",\"keywords\":[\"Gr\u00e8ve\",\"Transport\",\"Tunisie\"],\"articleSection\":[\"National\"],\"inLanguage\":\"fr-FR\"},{\"@type\":\"WebPage\",\"@id\":\"https:\\\/\\\/www.webdo.tn\\\/fr\\\/actualite\\\/national\\\/tunisie-la-greve-des-transports-maintenue-pour-les-25-et-26-janvier\\\/201252\\\/\",\"url\":\"https:\\\/\\\/www.webdo.tn\\\/fr\\\/actualite\\\/national\\\/tunisie-la-greve-des-transports-maintenue-pour-les-25-et-26-janvier\\\/201252\\\/\",\"name\":\"Tunisie : La gr\u00e8ve des transports maintenue pour les 25 et 26 janvier\",\"isPartOf\":{\"@id\":\"https:\\\/\\\/www.webdo.tn\\\/fr\\\/#website\"},\"primaryImageOfPage\":{\"@id\":\"https:\\\/\\\/www.webdo.tn\\\/fr\\\/actualite\\\/national\\\/tunisie-la-greve-des-transports-maintenue-pour-les-25-et-26-janvier\\\/201252\\\/#primaryimage\"},\"image\":{\"@id\":\"https:\\\/\\\/www.webdo.tn\\\/fr\\\/actualite\\\/national\\\/tunisie-la-greve-des-transports-maintenue-pour-les-25-et-26-janvier\\\/201252\\\/#primaryimage\"},\"thumbnailUrl\":\"https:\\\/\\\/www.webdo.tn\\\/fr\\\/wp-content\\\/uploads\\\/2022\\\/12\\\/7204e894eeb8633003d9bdfde89c421b.jpg\",\"datePublished\":\"2022-12-28T12:47:00+00:00\",\"dateModified\":\"2025-05-20T22:48:24+00:00\",\"description\":\"La gr\u00e8ve sectorielle dans les transports terrestres, maritimes et a\u00e9riens fix\u00e9e pour les 25 et 26 janvier 2023 est maintenue.\",\"breadcrumb\":{\"@id\":\"https:\\\/\\\/www.webdo.tn\\\/fr\\\/actualite\\\/national\\\/tunisie-la-greve-des-transports-maintenue-pour-les-25-et-26-janvier\\\/201252\\\/#breadcrumb\"},\"inLanguage\":\"fr-FR\",\"potentialAction\":[{\"@type\":\"ReadAction\",\"target\":[\"https:\\\/\\\/www.webdo.tn\\\/fr\\\/actualite\\\/national\\\/tunisie-la-greve-des-transports-maintenue-pour-les-25-et-26-janvier\\\/201252\\\/\"]}]},{\"@type\":\"ImageObject\",\"inLanguage\":\"fr-FR\",\"@id\":\"https:\\\/\\\/www.webdo.tn\\\/fr\\\/actualite\\\/national\\\/tunisie-la-greve-des-transports-maintenue-pour-les-25-et-26-janvier\\\/201252\\\/#primaryimage\",\"url\":\"https:\\\/\\\/www.webdo.tn\\\/fr\\\/wp-content\\\/uploads\\\/2022\\\/12\\\/7204e894eeb8633003d9bdfde89c421b.jpg\",\"contentUrl\":\"https:\\\/\\\/www.webdo.tn\\\/fr\\\/wp-content\\\/uploads\\\/2022\\\/12\\\/7204e894eeb8633003d9bdfde89c421b.jpg\",\"width\":680,\"height\":363,\"caption\":\"Transport\"},{\"@type\":\"BreadcrumbList\",\"@id\":\"https:\\\/\\\/www.webdo.tn\\\/fr\\\/actualite\\\/national\\\/tunisie-la-greve-des-transports-maintenue-pour-les-25-et-26-janvier\\\/201252\\\/#breadcrumb\",\"itemListElement\":[{\"@type\":\"ListItem\",\"position\":1,\"name\":\"Accueil\",\"item\":\"https:\\\/\\\/www.webdo.tn\\\/fr\\\/\"},{\"@type\":\"ListItem\",\"position\":2,\"name\":\"Tunisie : La gr\u00e8ve des transports maintenue pour les 25 et 26 janvier\"}]},{\"@type\":\"WebSite\",\"@id\":\"https:\\\/\\\/www.webdo.tn\\\/fr\\\/#website\",\"url\":\"https:\\\/\\\/www.webdo.tn\\\/fr\\\/\",\"name\":\"webdo\",\"description\":\"Tunisie - News en Tunisie et \u00e0 l&#039;international sur Webdo.tn\",\"publisher\":{\"@id\":\"https:\\\/\\\/www.webdo.tn\\\/fr\\\/#organization\"},\"potentialAction\":[{\"@type\":\"SearchAction\",\"target\":{\"@type\":\"EntryPoint\",\"urlTemplate\":\"https:\\\/\\\/www.webdo.tn\\\/fr\\\/?s={search_term_string}\"},\"query-input\":{\"@type\":\"PropertyValueSpecification\",\"valueRequired\":true,\"valueName\":\"search_term_string\"}}],\"inLanguage\":\"fr-FR\"},{\"@type\":\"Organization\",\"@id\":\"https:\\\/\\\/www.webdo.tn\\\/fr\\\/#organization\",\"name\":\"Webdo\",\"alternateName\":\"Webdo.tn\",\"url\":\"https:\\\/\\\/www.webdo.tn\\\/fr\\\/\",\"logo\":{\"@type\":\"ImageObject\",\"inLanguage\":\"fr-FR\",\"@id\":\"https:\\\/\\\/www.webdo.tn\\\/fr\\\/#\\\/schema\\\/logo\\\/image\\\/\",\"url\":\"https:\\\/\\\/www.webdo.tn\\\/fr\\\/wp-content\\\/uploads\\\/2025\\\/06\\\/Webdo-Tunisie_168377.jpg\",\"contentUrl\":\"https:\\\/\\\/www.webdo.tn\\\/fr\\\/wp-content\\\/uploads\\\/2025\\\/06\\\/Webdo-Tunisie_168377.jpg\",\"width\":301,\"height\":301,\"caption\":\"Webdo\"},\"image\":{\"@id\":\"https:\\\/\\\/www.webdo.tn\\\/fr\\\/#\\\/schema\\\/logo\\\/image\\\/\"},\"sameAs\":[\"https:\\\/\\\/www.facebook.com\\\/webdotn\",\"https:\\\/\\\/x.com\\\/webdo_tn\"],\"description\":\"Webdo est un m\u00e9dia num\u00e9rique tunisien fond\u00e9 en 2010, sp\u00e9cialis\u00e9 dans l\u2019actualit\u00e9 nationale et internationale, l\u2019\u00e9conomie, la soci\u00e9t\u00e9 et les analyses politiques. Le site s\u2019adresse \u00e0 un large public francophone et couvre l\u2019information tunisienne en temps r\u00e9el.\",\"email\":\"redac@webdo.tn\",\"legalName\":\"YNJ SARL\",\"foundingDate\":\"2010-09-06\",\"numberOfEmployees\":{\"@type\":\"QuantitativeValue\",\"minValue\":\"11\",\"maxValue\":\"50\"}},{\"@type\":\"Person\",\"@id\":\"https:\\\/\\\/www.webdo.tn\\\/fr\\\/#\\\/schema\\\/person\\\/f35b42a42c5e2511bbd282959d6385cc\",\"name\":\"CL\",\"image\":{\"@type\":\"ImageObject\",\"inLanguage\":\"fr-FR\",\"@id\":\"https:\\\/\\\/secure.gravatar.com\\\/avatar\\\/1447a49909b67aa657c488aec6512e1dd6143a480c1ecfee9b5b5cd74eb3b59e?s=96&d=mm&r=g\",\"url\":\"https:\\\/\\\/secure.gravatar.com\\\/avatar\\\/1447a49909b67aa657c488aec6512e1dd6143a480c1ecfee9b5b5cd74eb3b59e?s=96&d=mm&r=g\",\"contentUrl\":\"https:\\\/\\\/secure.gravatar.com\\\/avatar\\\/1447a49909b67aa657c488aec6512e1dd6143a480c1ecfee9b5b5cd74eb3b59e?s=96&d=mm&r=g\",\"caption\":\"CL\"},\"url\":\"https:\\\/\\\/www.webdo.tn\\\/fr\\\/actualite\\\/author\\\/cl\\\/\"}]}<\/script>\n<!-- \/ Yoast SEO Premium plugin. -->","yoast_head_json":{"title":"Tunisie : La gr\u00e8ve des transports maintenue pour les 25 et 26 janvier","description":"La gr\u00e8ve sectorielle dans les transports terrestres, maritimes et a\u00e9riens fix\u00e9e pour les 25 et 26 janvier 2023 est maintenue.","canonical":"https:\/\/www.webdo.tn\/fr\/actualite\/national\/tunisie-la-greve-des-transports-maintenue-pour-les-25-et-26-janvier\/201252\/","og_locale":"fr_FR","og_type":"article","og_title":"Tunisie : La gr\u00e8ve des transports maintenue pour les 25 et 26 janvier","og_description":"La gr\u00e8ve sectorielle dans les transports terrestres, maritimes et a\u00e9riens fix\u00e9e pour les 25 et 26 janvier 2023 est maintenue.","og_url":"https:\/\/www.webdo.tn\/fr\/actualite\/national\/tunisie-la-greve-des-transports-maintenue-pour-les-25-et-26-janvier\/201252\/","og_site_name":"webdo","article_publisher":"https:\/\/www.facebook.com\/webdotn","article_published_time":"2022-12-28T12:47:00+00:00","article_modified_time":"2025-05-20T22:48:24+00:00","og_image":[{"width":680,"height":363,"url":"https:\/\/www.webdo.tn\/fr\/wp-content\/uploads\/2022\/12\/7204e894eeb8633003d9bdfde89c421b.jpg","type":"image\/jpeg"}],"author":"CL","twitter_card":"summary_large_image","twitter_creator":"@webdo_tn","twitter_site":"@webdo_tn","twitter_misc":{"\u00c9crit par":"CL","Dur\u00e9e de lecture estim\u00e9e":"1 minute"},"schema":{"@context":"https:\/\/schema.org","@graph":[{"@type":"NewsArticle","@id":"https:\/\/www.webdo.tn\/fr\/actualite\/national\/tunisie-la-greve-des-transports-maintenue-pour-les-25-et-26-janvier\/201252\/#article","isPartOf":{"@id":"https:\/\/www.webdo.tn\/fr\/actualite\/national\/tunisie-la-greve-des-transports-maintenue-pour-les-25-et-26-janvier\/201252\/"},"author":{"name":"CL","@id":"https:\/\/www.webdo.tn\/fr\/#\/schema\/person\/f35b42a42c5e2511bbd282959d6385cc"},"headline":"Tunisie : La gr\u00e8ve des transports maintenue pour les 25 et 26 janvier","datePublished":"2022-12-28T12:47:00+00:00","dateModified":"2025-05-20T22:48:24+00:00","mainEntityOfPage":{"@id":"https:\/\/www.webdo.tn\/fr\/actualite\/national\/tunisie-la-greve-des-transports-maintenue-pour-les-25-et-26-janvier\/201252\/"},"wordCount":125,"commentCount":0,"publisher":{"@id":"https:\/\/www.webdo.tn\/fr\/#organization"},"image":{"@id":"https:\/\/www.webdo.tn\/fr\/actualite\/national\/tunisie-la-greve-des-transports-maintenue-pour-les-25-et-26-janvier\/201252\/#primaryimage"},"thumbnailUrl":"https:\/\/www.webdo.tn\/fr\/wp-content\/uploads\/2022\/12\/7204e894eeb8633003d9bdfde89c421b.jpg","keywords":["Gr\u00e8ve","Transport","Tunisie"],"articleSection":["National"],"inLanguage":"fr-FR"},{"@type":"WebPage","@id":"https:\/\/www.webdo.tn\/fr\/actualite\/national\/tunisie-la-greve-des-transports-maintenue-pour-les-25-et-26-janvier\/201252\/","url":"https:\/\/www.webdo.tn\/fr\/actualite\/national\/tunisie-la-greve-des-transports-maintenue-pour-les-25-et-26-janvier\/201252\/","name":"Tunisie : La gr\u00e8ve des transports maintenue pour les 25 et 26 janvier","isPartOf":{"@id":"https:\/\/www.webdo.tn\/fr\/#website"},"primaryImageOfPage":{"@id":"https:\/\/www.webdo.tn\/fr\/actualite\/national\/tunisie-la-greve-des-transports-maintenue-pour-les-25-et-26-janvier\/201252\/#primaryimage"},"image":{"@id":"https:\/\/www.webdo.tn\/fr\/actualite\/national\/tunisie-la-greve-des-transports-maintenue-pour-les-25-et-26-janvier\/201252\/#primaryimage"},"thumbnailUrl":"https:\/\/www.webdo.tn\/fr\/wp-content\/uploads\/2022\/12\/7204e894eeb8633003d9bdfde89c421b.jpg","datePublished":"2022-12-28T12:47:00+00:00","dateModified":"2025-05-20T22:48:24+00:00","description":"La gr\u00e8ve sectorielle dans les transports terrestres, maritimes et a\u00e9riens fix\u00e9e pour les 25 et 26 janvier 2023 est maintenue.","breadcrumb":{"@id":"https:\/\/www.webdo.tn\/fr\/actualite\/national\/tunisie-la-greve-des-transports-maintenue-pour-les-25-et-26-janvier\/201252\/#breadcrumb"},"inLanguage":"fr-FR","potentialAction":[{"@type":"ReadAction","target":["https:\/\/www.webdo.tn\/fr\/actualite\/national\/tunisie-la-greve-des-transports-maintenue-pour-les-25-et-26-janvier\/201252\/"]}]},{"@type":"ImageObject","inLanguage":"fr-FR","@id":"https:\/\/www.webdo.tn\/fr\/actualite\/national\/tunisie-la-greve-des-transports-maintenue-pour-les-25-et-26-janvier\/201252\/#primaryimage","url":"https:\/\/www.webdo.tn\/fr\/wp-content\/uploads\/2022\/12\/7204e894eeb8633003d9bdfde89c421b.jpg","contentUrl":"https:\/\/www.webdo.tn\/fr\/wp-content\/uploads\/2022\/12\/7204e894eeb8633003d9bdfde89c421b.jpg","width":680,"height":363,"caption":"Transport"},{"@type":"BreadcrumbList","@id":"https:\/\/www.webdo.tn\/fr\/actualite\/national\/tunisie-la-greve-des-transports-maintenue-pour-les-25-et-26-janvier\/201252\/#breadcrumb","itemListElement":[{"@type":"ListItem","position":1,"name":"Accueil","item":"https:\/\/www.webdo.tn\/fr\/"},{"@type":"ListItem","position":2,"name":"Tunisie : La gr\u00e8ve des transports maintenue pour les 25 et 26 janvier"}]},{"@type":"WebSite","@id":"https:\/\/www.webdo.tn\/fr\/#website","url":"https:\/\/www.webdo.tn\/fr\/","name":"webdo","description":"Tunisie - News en Tunisie et \u00e0 l&#039;international sur Webdo.tn","publisher":{"@id":"https:\/\/www.webdo.tn\/fr\/#organization"},"potentialAction":[{"@type":"SearchAction","target":{"@type":"EntryPoint","urlTemplate":"https:\/\/www.webdo.tn\/fr\/?s={search_term_string}"},"query-input":{"@type":"PropertyValueSpecification","valueRequired":true,"valueName":"search_term_string"}}],"inLanguage":"fr-FR"},{"@type":"Organization","@id":"https:\/\/www.webdo.tn\/fr\/#organization","name":"Webdo","alternateName":"Webdo.tn","url":"https:\/\/www.webdo.tn\/fr\/","logo":{"@type":"ImageObject","inLanguage":"fr-FR","@id":"https:\/\/www.webdo.tn\/fr\/#\/schema\/logo\/image\/","url":"https:\/\/www.webdo.tn\/fr\/wp-content\/uploads\/2025\/06\/Webdo-Tunisie_168377.jpg","contentUrl":"https:\/\/www.webdo.tn\/fr\/wp-content\/uploads\/2025\/06\/Webdo-Tunisie_168377.jpg","width":301,"height":301,"caption":"Webdo"},"image":{"@id":"https:\/\/www.webdo.tn\/fr\/#\/schema\/logo\/image\/"},"sameAs":["https:\/\/www.facebook.com\/webdotn","https:\/\/x.com\/webdo_tn"],"description":"Webdo est un m\u00e9dia num\u00e9rique tunisien fond\u00e9 en 2010, sp\u00e9cialis\u00e9 dans l\u2019actualit\u00e9 nationale et internationale, l\u2019\u00e9conomie, la soci\u00e9t\u00e9 et les analyses politiques. Le site s\u2019adresse \u00e0 un large public francophone et couvre l\u2019information tunisienne en temps r\u00e9el.","email":"redac@webdo.tn","legalName":"YNJ SARL","foundingDate":"2010-09-06","numberOfEmployees":{"@type":"QuantitativeValue","minValue":"11","maxValue":"50"}},{"@type":"Person","@id":"https:\/\/www.webdo.tn\/fr\/#\/schema\/person\/f35b42a42c5e2511bbd282959d6385cc","name":"CL","image":{"@type":"ImageObject","inLanguage":"fr-FR","@id":"https:\/\/secure.gravatar.com\/avatar\/1447a49909b67aa657c488aec6512e1dd6143a480c1ecfee9b5b5cd74eb3b59e?s=96&d=mm&r=g","url":"https:\/\/secure.gravatar.com\/avatar\/1447a49909b67aa657c488aec6512e1dd6143a480c1ecfee9b5b5cd74eb3b59e?s=96&d=mm&r=g","contentUrl":"https:\/\/secure.gravatar.com\/avatar\/1447a49909b67aa657c488aec6512e1dd6143a480c1ecfee9b5b5cd74eb3b59e?s=96&d=mm&r=g","caption":"CL"},"url":"https:\/\/www.webdo.tn\/fr\/actualite\/author\/cl\/"}]}},"_links":{"self":[{"href":"https:\/\/www.webdo.tn\/fr\/wp-json\/wp\/v2\/posts\/201252","targetHints":{"allow":["GET"]}}],"collection":[{"href":"https:\/\/www.webdo.tn\/fr\/wp-json\/wp\/v2\/posts"}],"about":[{"href":"https:\/\/www.webdo.tn\/fr\/wp-json\/wp\/v2\/types\/post"}],"author":[{"embeddable":true,"href":"https:\/\/www.webdo.tn\/fr\/wp-json\/wp\/v2\/users\/3175"}],"replies":[{"embeddable":true,"href":"https:\/\/www.webdo.tn\/fr\/wp-json\/wp\/v2\/comments?post=201252"}],"version-history":[{"count":0,"href":"https:\/\/www.webdo.tn\/fr\/wp-json\/wp\/v2\/posts\/201252\/revisions"}],"wp:featuredmedia":[{"embeddable":true,"href":"https:\/\/www.webdo.tn\/fr\/wp-json\/wp\/v2\/media\/277478"}],"wp:attachment":[{"href":"https:\/\/www.webdo.tn\/fr\/wp-json\/wp\/v2\/media?parent=201252"}],"wp:term":[{"taxonomy":"category","embeddable":true,"href":"https:\/\/www.webdo.tn\/fr\/wp-json\/wp\/v2\/categories?post=201252"},{"taxonomy":"post_tag","embeddable":true,"href":"https:\/\/www.webdo.tn\/fr\/wp-json\/wp\/v2\/tags?post=201252"}],"curies":[{"name":"wp","href":"https:\/\/api.w.org\/{rel}","templated":true}]}}