{"id":201245,"date":"2022-12-28T10:44:00","date_gmt":"2022-12-28T10:44:00","guid":{"rendered":"https:\/\/www.webdo.tn\/fr\/blog\/les-syndicats-securitaires-epinglent-taoufik-charfeddine-et-appellent-kais-saied-a-intervenir\/201245\/"},"modified":"2025-05-20T23:00:57","modified_gmt":"2025-05-20T23:00:57","slug":"les-syndicats-securitaires-epinglent-taoufik-charfeddine-et-appellent-kais-saied-a-intervenir","status":"publish","type":"post","link":"https:\/\/www.webdo.tn\/fr\/actualite\/national\/les-syndicats-securitaires-epinglent-taoufik-charfeddine-et-appellent-kais-saied-a-intervenir\/201245\/","title":{"rendered":"Les syndicats s\u00e9curitaires \u00e9pinglent Taoufik Charfeddine et appellent Kais Saied \u00e0 intervenir"},"content":{"rendered":"<p>Le Front national des syndicats de s\u00e9curit\u00e9 tiendra, demain jeudi 29 d\u00e9cembre, un sit-in devant le minist\u00e8re de l\u2019Int\u00e9rieur, \u00ab pour d\u00e9fendre son droit constitutionnel \u00e0 revendiquer les droits sociaux et syndicaux \u00bb.<\/p>\n<p>\t\t\t\t\t\t\t\t\tLe front, compos\u00e9 de sept syndicats, a d\u00e9nonc\u00e9, dans un communiqu\u00e9, \u00ab la politique men\u00e9e par le ministre de l&rsquo;Int\u00e9rieur, Taoufik Charfeddine, \u00e0 l&rsquo;encontre des syndicalistes, les ciblant par des d\u00e9cisions de licenciement, de suspension de travail, de mutation arbitraire et de fabrication d&rsquo;accusations pour un certain nombre d&rsquo;entre eux, provoquant leur emprisonnement en raison de leur activit\u00e9 syndicale \u00bb.<\/p>\n<p>Les syndicats ont appel\u00e9 le pr\u00e9sident de la R\u00e9publique, Kais Saied, \u00e0 \u00ab prot\u00e9ger le travail des syndicats, en sa qualit\u00e9 de commandant supr\u00eame des forces arm\u00e9es \u00bb, d\u00e9non\u00e7ant \u00ab la guerre syst\u00e9matique men\u00e9e par le ministre de l&rsquo;Int\u00e9rieur contre les syndicats de s\u00e9curit\u00e9 \u00bb.<\/p>\n","protected":false},"excerpt":{"rendered":"<p>Le Front national des syndicats de s\u00e9curit\u00e9 tiendra, demain jeudi 29 d\u00e9cembre, un sit-in devant le minist\u00e8re de l\u2019Int\u00e9rieur, \u00ab pour d\u00e9fendre son droit constitut&#8230;<\/p>\n","protected":false},"author":3196,"featured_media":252718,"comment_status":"open","ping_status":"closed","sticky":false,"template":"","format":"standard","meta":{"footnotes":""},"categories":[44],"tags":[2614,8903,8716],"class_list":["post-201245","post","type-post","status-publish","format-standard","has-post-thumbnail","hentry","category-national","tag-kais-saied","tag-syndicats-securitaires","tag-taoufik-charfeddine"],"yoast_head":"<!-- This site is optimized with the Yoast SEO Premium plugin v27.4 (Yoast SEO v27.5) - https:\/\/yoast.com\/product\/yoast-seo-premium-wordpress\/ -->\n<title>Les syndicats s\u00e9curitaires \u00e9pinglent Taoufik Charfeddine et appellent Kais Saied \u00e0 intervenir<\/title>\n<meta name=\"description\" content=\"Le Front national des syndicats de s\u00e9curit\u00e9 tiendra, demain jeudi 29 d\u00e9cembre, un sit-in devant le minist\u00e8re de l\u2019Int\u00e9rieur, \u00ab pour d\u00e9fendre son droit constitut...\" \/>\n<link rel=\"canonical\" href=\"https:\/\/www.webdo.tn\/fr\/actualite\/national\/les-syndicats-securitaires-epinglent-taoufik-charfeddine-et-appellent-kais-saied-a-intervenir\/201245\/\" \/>\n<meta property=\"og:locale\" content=\"fr_FR\" \/>\n<meta property=\"og:type\" content=\"article\" \/>\n<meta property=\"og:title\" content=\"Les syndicats s\u00e9curitaires \u00e9pinglent Taoufik Charfeddine et appellent Kais Saied \u00e0 intervenir\" \/>\n<meta property=\"og:description\" content=\"Le Front national des syndicats de s\u00e9curit\u00e9 tiendra, demain jeudi 29 d\u00e9cembre, un sit-in devant le minist\u00e8re de l\u2019Int\u00e9rieur, \u00ab pour d\u00e9fendre son droit constitut...\" \/>\n<meta property=\"og:url\" content=\"https:\/\/www.webdo.tn\/fr\/actualite\/national\/les-syndicats-securitaires-epinglent-taoufik-charfeddine-et-appellent-kais-saied-a-intervenir\/201245\/\" \/>\n<meta property=\"og:site_name\" content=\"webdo\" \/>\n<meta property=\"article:publisher\" content=\"https:\/\/www.facebook.com\/webdotn\" \/>\n<meta property=\"article:published_time\" content=\"2022-12-28T10:44:00+00:00\" \/>\n<meta property=\"article:modified_time\" content=\"2025-05-20T23:00:57+00:00\" \/>\n<meta property=\"og:image\" content=\"https:\/\/www.webdo.tn\/fr\/wp-content\/uploads\/2022\/12\/00185be823417b4360625d36b545110c.png\" \/>\n\t<meta property=\"og:image:width\" content=\"750\" \/>\n\t<meta property=\"og:image:height\" content=\"400\" \/>\n\t<meta property=\"og:image:type\" content=\"image\/png\" \/>\n<meta name=\"author\" content=\"MK\" \/>\n<meta name=\"twitter:card\" content=\"summary_large_image\" \/>\n<meta name=\"twitter:creator\" content=\"@webdo_tn\" \/>\n<meta name=\"twitter:site\" content=\"@webdo_tn\" \/>\n<meta name=\"twitter:label1\" content=\"\u00c9crit par\" \/>\n\t<meta name=\"twitter:data1\" content=\"MK\" \/>\n\t<meta name=\"twitter:label2\" content=\"Dur\u00e9e de lecture estim\u00e9e\" \/>\n\t<meta name=\"twitter:data2\" content=\"1 minute\" \/>\n<script type=\"application\/ld+json\" class=\"yoast-schema-graph\">{\"@context\":\"https:\\\/\\\/schema.org\",\"@graph\":[{\"@type\":\"NewsArticle\",\"@id\":\"https:\\\/\\\/www.webdo.tn\\\/fr\\\/actualite\\\/national\\\/les-syndicats-securitaires-epinglent-taoufik-charfeddine-et-appellent-kais-saied-a-intervenir\\\/201245\\\/#article\",\"isPartOf\":{\"@id\":\"https:\\\/\\\/www.webdo.tn\\\/fr\\\/actualite\\\/national\\\/les-syndicats-securitaires-epinglent-taoufik-charfeddine-et-appellent-kais-saied-a-intervenir\\\/201245\\\/\"},\"author\":{\"name\":\"MK\",\"@id\":\"https:\\\/\\\/www.webdo.tn\\\/fr\\\/#\\\/schema\\\/person\\\/c3a9d32fa6d495ca5f4b6510e3db97bf\"},\"headline\":\"Les syndicats s\u00e9curitaires \u00e9pinglent Taoufik Charfeddine et appellent Kais Saied \u00e0 intervenir\",\"datePublished\":\"2022-12-28T10:44:00+00:00\",\"dateModified\":\"2025-05-20T23:00:57+00:00\",\"mainEntityOfPage\":{\"@id\":\"https:\\\/\\\/www.webdo.tn\\\/fr\\\/actualite\\\/national\\\/les-syndicats-securitaires-epinglent-taoufik-charfeddine-et-appellent-kais-saied-a-intervenir\\\/201245\\\/\"},\"wordCount\":164,\"commentCount\":0,\"publisher\":{\"@id\":\"https:\\\/\\\/www.webdo.tn\\\/fr\\\/#organization\"},\"image\":{\"@id\":\"https:\\\/\\\/www.webdo.tn\\\/fr\\\/actualite\\\/national\\\/les-syndicats-securitaires-epinglent-taoufik-charfeddine-et-appellent-kais-saied-a-intervenir\\\/201245\\\/#primaryimage\"},\"thumbnailUrl\":\"https:\\\/\\\/www.webdo.tn\\\/fr\\\/wp-content\\\/uploads\\\/2022\\\/12\\\/00185be823417b4360625d36b545110c.png\",\"keywords\":[\"Kais Saied\",\"Syndicats s\u00e9curitaires\",\"Taoufik Charfeddine\"],\"articleSection\":[\"National\"],\"inLanguage\":\"fr-FR\"},{\"@type\":\"WebPage\",\"@id\":\"https:\\\/\\\/www.webdo.tn\\\/fr\\\/actualite\\\/national\\\/les-syndicats-securitaires-epinglent-taoufik-charfeddine-et-appellent-kais-saied-a-intervenir\\\/201245\\\/\",\"url\":\"https:\\\/\\\/www.webdo.tn\\\/fr\\\/actualite\\\/national\\\/les-syndicats-securitaires-epinglent-taoufik-charfeddine-et-appellent-kais-saied-a-intervenir\\\/201245\\\/\",\"name\":\"Les syndicats s\u00e9curitaires \u00e9pinglent Taoufik Charfeddine et appellent Kais Saied \u00e0 intervenir\",\"isPartOf\":{\"@id\":\"https:\\\/\\\/www.webdo.tn\\\/fr\\\/#website\"},\"primaryImageOfPage\":{\"@id\":\"https:\\\/\\\/www.webdo.tn\\\/fr\\\/actualite\\\/national\\\/les-syndicats-securitaires-epinglent-taoufik-charfeddine-et-appellent-kais-saied-a-intervenir\\\/201245\\\/#primaryimage\"},\"image\":{\"@id\":\"https:\\\/\\\/www.webdo.tn\\\/fr\\\/actualite\\\/national\\\/les-syndicats-securitaires-epinglent-taoufik-charfeddine-et-appellent-kais-saied-a-intervenir\\\/201245\\\/#primaryimage\"},\"thumbnailUrl\":\"https:\\\/\\\/www.webdo.tn\\\/fr\\\/wp-content\\\/uploads\\\/2022\\\/12\\\/00185be823417b4360625d36b545110c.png\",\"datePublished\":\"2022-12-28T10:44:00+00:00\",\"dateModified\":\"2025-05-20T23:00:57+00:00\",\"description\":\"Le Front national des syndicats de s\u00e9curit\u00e9 tiendra, demain jeudi 29 d\u00e9cembre, un sit-in devant le minist\u00e8re de l\u2019Int\u00e9rieur, \u00ab pour d\u00e9fendre son droit constitut...\",\"breadcrumb\":{\"@id\":\"https:\\\/\\\/www.webdo.tn\\\/fr\\\/actualite\\\/national\\\/les-syndicats-securitaires-epinglent-taoufik-charfeddine-et-appellent-kais-saied-a-intervenir\\\/201245\\\/#breadcrumb\"},\"inLanguage\":\"fr-FR\",\"potentialAction\":[{\"@type\":\"ReadAction\",\"target\":[\"https:\\\/\\\/www.webdo.tn\\\/fr\\\/actualite\\\/national\\\/les-syndicats-securitaires-epinglent-taoufik-charfeddine-et-appellent-kais-saied-a-intervenir\\\/201245\\\/\"]}]},{\"@type\":\"ImageObject\",\"inLanguage\":\"fr-FR\",\"@id\":\"https:\\\/\\\/www.webdo.tn\\\/fr\\\/actualite\\\/national\\\/les-syndicats-securitaires-epinglent-taoufik-charfeddine-et-appellent-kais-saied-a-intervenir\\\/201245\\\/#primaryimage\",\"url\":\"https:\\\/\\\/www.webdo.tn\\\/fr\\\/wp-content\\\/uploads\\\/2022\\\/12\\\/00185be823417b4360625d36b545110c.png\",\"contentUrl\":\"https:\\\/\\\/www.webdo.tn\\\/fr\\\/wp-content\\\/uploads\\\/2022\\\/12\\\/00185be823417b4360625d36b545110c.png\",\"width\":750,\"height\":400,\"caption\":\"Police Tunisie\"},{\"@type\":\"BreadcrumbList\",\"@id\":\"https:\\\/\\\/www.webdo.tn\\\/fr\\\/actualite\\\/national\\\/les-syndicats-securitaires-epinglent-taoufik-charfeddine-et-appellent-kais-saied-a-intervenir\\\/201245\\\/#breadcrumb\",\"itemListElement\":[{\"@type\":\"ListItem\",\"position\":1,\"name\":\"Accueil\",\"item\":\"https:\\\/\\\/www.webdo.tn\\\/fr\\\/\"},{\"@type\":\"ListItem\",\"position\":2,\"name\":\"Les syndicats s\u00e9curitaires \u00e9pinglent Taoufik Charfeddine et appellent Kais Saied \u00e0 intervenir\"}]},{\"@type\":\"WebSite\",\"@id\":\"https:\\\/\\\/www.webdo.tn\\\/fr\\\/#website\",\"url\":\"https:\\\/\\\/www.webdo.tn\\\/fr\\\/\",\"name\":\"webdo\",\"description\":\"Tunisie - News en Tunisie et \u00e0 l&#039;international sur Webdo.tn\",\"publisher\":{\"@id\":\"https:\\\/\\\/www.webdo.tn\\\/fr\\\/#organization\"},\"potentialAction\":[{\"@type\":\"SearchAction\",\"target\":{\"@type\":\"EntryPoint\",\"urlTemplate\":\"https:\\\/\\\/www.webdo.tn\\\/fr\\\/?s={search_term_string}\"},\"query-input\":{\"@type\":\"PropertyValueSpecification\",\"valueRequired\":true,\"valueName\":\"search_term_string\"}}],\"inLanguage\":\"fr-FR\"},{\"@type\":\"Organization\",\"@id\":\"https:\\\/\\\/www.webdo.tn\\\/fr\\\/#organization\",\"name\":\"Webdo\",\"alternateName\":\"Webdo.tn\",\"url\":\"https:\\\/\\\/www.webdo.tn\\\/fr\\\/\",\"logo\":{\"@type\":\"ImageObject\",\"inLanguage\":\"fr-FR\",\"@id\":\"https:\\\/\\\/www.webdo.tn\\\/fr\\\/#\\\/schema\\\/logo\\\/image\\\/\",\"url\":\"https:\\\/\\\/www.webdo.tn\\\/fr\\\/wp-content\\\/uploads\\\/2025\\\/06\\\/Webdo-Tunisie_168377.jpg\",\"contentUrl\":\"https:\\\/\\\/www.webdo.tn\\\/fr\\\/wp-content\\\/uploads\\\/2025\\\/06\\\/Webdo-Tunisie_168377.jpg\",\"width\":301,\"height\":301,\"caption\":\"Webdo\"},\"image\":{\"@id\":\"https:\\\/\\\/www.webdo.tn\\\/fr\\\/#\\\/schema\\\/logo\\\/image\\\/\"},\"sameAs\":[\"https:\\\/\\\/www.facebook.com\\\/webdotn\",\"https:\\\/\\\/x.com\\\/webdo_tn\"],\"description\":\"Webdo est un m\u00e9dia num\u00e9rique tunisien fond\u00e9 en 2010, sp\u00e9cialis\u00e9 dans l\u2019actualit\u00e9 nationale et internationale, l\u2019\u00e9conomie, la soci\u00e9t\u00e9 et les analyses politiques. Le site s\u2019adresse \u00e0 un large public francophone et couvre l\u2019information tunisienne en temps r\u00e9el.\",\"email\":\"redac@webdo.tn\",\"legalName\":\"YNJ SARL\",\"foundingDate\":\"2010-09-06\",\"numberOfEmployees\":{\"@type\":\"QuantitativeValue\",\"minValue\":\"11\",\"maxValue\":\"50\"}},{\"@type\":\"Person\",\"@id\":\"https:\\\/\\\/www.webdo.tn\\\/fr\\\/#\\\/schema\\\/person\\\/c3a9d32fa6d495ca5f4b6510e3db97bf\",\"name\":\"MK\",\"image\":{\"@type\":\"ImageObject\",\"inLanguage\":\"fr-FR\",\"@id\":\"https:\\\/\\\/secure.gravatar.com\\\/avatar\\\/6d44f937f19929f3b75db77056d3e08abd6e302e71bcfea340cd8b00c13e7baf?s=96&d=mm&r=g\",\"url\":\"https:\\\/\\\/secure.gravatar.com\\\/avatar\\\/6d44f937f19929f3b75db77056d3e08abd6e302e71bcfea340cd8b00c13e7baf?s=96&d=mm&r=g\",\"contentUrl\":\"https:\\\/\\\/secure.gravatar.com\\\/avatar\\\/6d44f937f19929f3b75db77056d3e08abd6e302e71bcfea340cd8b00c13e7baf?s=96&d=mm&r=g\",\"caption\":\"MK\"},\"url\":\"https:\\\/\\\/www.webdo.tn\\\/fr\\\/actualite\\\/author\\\/mk\\\/\"}]}<\/script>\n<!-- \/ Yoast SEO Premium plugin. -->","yoast_head_json":{"title":"Les syndicats s\u00e9curitaires \u00e9pinglent Taoufik Charfeddine et appellent Kais Saied \u00e0 intervenir","description":"Le Front national des syndicats de s\u00e9curit\u00e9 tiendra, demain jeudi 29 d\u00e9cembre, un sit-in devant le minist\u00e8re de l\u2019Int\u00e9rieur, \u00ab pour d\u00e9fendre son droit constitut...","canonical":"https:\/\/www.webdo.tn\/fr\/actualite\/national\/les-syndicats-securitaires-epinglent-taoufik-charfeddine-et-appellent-kais-saied-a-intervenir\/201245\/","og_locale":"fr_FR","og_type":"article","og_title":"Les syndicats s\u00e9curitaires \u00e9pinglent Taoufik Charfeddine et appellent Kais Saied \u00e0 intervenir","og_description":"Le Front national des syndicats de s\u00e9curit\u00e9 tiendra, demain jeudi 29 d\u00e9cembre, un sit-in devant le minist\u00e8re de l\u2019Int\u00e9rieur, \u00ab pour d\u00e9fendre son droit constitut...","og_url":"https:\/\/www.webdo.tn\/fr\/actualite\/national\/les-syndicats-securitaires-epinglent-taoufik-charfeddine-et-appellent-kais-saied-a-intervenir\/201245\/","og_site_name":"webdo","article_publisher":"https:\/\/www.facebook.com\/webdotn","article_published_time":"2022-12-28T10:44:00+00:00","article_modified_time":"2025-05-20T23:00:57+00:00","og_image":[{"width":750,"height":400,"url":"https:\/\/www.webdo.tn\/fr\/wp-content\/uploads\/2022\/12\/00185be823417b4360625d36b545110c.png","type":"image\/png"}],"author":"MK","twitter_card":"summary_large_image","twitter_creator":"@webdo_tn","twitter_site":"@webdo_tn","twitter_misc":{"\u00c9crit par":"MK","Dur\u00e9e de lecture estim\u00e9e":"1 minute"},"schema":{"@context":"https:\/\/schema.org","@graph":[{"@type":"NewsArticle","@id":"https:\/\/www.webdo.tn\/fr\/actualite\/national\/les-syndicats-securitaires-epinglent-taoufik-charfeddine-et-appellent-kais-saied-a-intervenir\/201245\/#article","isPartOf":{"@id":"https:\/\/www.webdo.tn\/fr\/actualite\/national\/les-syndicats-securitaires-epinglent-taoufik-charfeddine-et-appellent-kais-saied-a-intervenir\/201245\/"},"author":{"name":"MK","@id":"https:\/\/www.webdo.tn\/fr\/#\/schema\/person\/c3a9d32fa6d495ca5f4b6510e3db97bf"},"headline":"Les syndicats s\u00e9curitaires \u00e9pinglent Taoufik Charfeddine et appellent Kais Saied \u00e0 intervenir","datePublished":"2022-12-28T10:44:00+00:00","dateModified":"2025-05-20T23:00:57+00:00","mainEntityOfPage":{"@id":"https:\/\/www.webdo.tn\/fr\/actualite\/national\/les-syndicats-securitaires-epinglent-taoufik-charfeddine-et-appellent-kais-saied-a-intervenir\/201245\/"},"wordCount":164,"commentCount":0,"publisher":{"@id":"https:\/\/www.webdo.tn\/fr\/#organization"},"image":{"@id":"https:\/\/www.webdo.tn\/fr\/actualite\/national\/les-syndicats-securitaires-epinglent-taoufik-charfeddine-et-appellent-kais-saied-a-intervenir\/201245\/#primaryimage"},"thumbnailUrl":"https:\/\/www.webdo.tn\/fr\/wp-content\/uploads\/2022\/12\/00185be823417b4360625d36b545110c.png","keywords":["Kais Saied","Syndicats s\u00e9curitaires","Taoufik Charfeddine"],"articleSection":["National"],"inLanguage":"fr-FR"},{"@type":"WebPage","@id":"https:\/\/www.webdo.tn\/fr\/actualite\/national\/les-syndicats-securitaires-epinglent-taoufik-charfeddine-et-appellent-kais-saied-a-intervenir\/201245\/","url":"https:\/\/www.webdo.tn\/fr\/actualite\/national\/les-syndicats-securitaires-epinglent-taoufik-charfeddine-et-appellent-kais-saied-a-intervenir\/201245\/","name":"Les syndicats s\u00e9curitaires \u00e9pinglent Taoufik Charfeddine et appellent Kais Saied \u00e0 intervenir","isPartOf":{"@id":"https:\/\/www.webdo.tn\/fr\/#website"},"primaryImageOfPage":{"@id":"https:\/\/www.webdo.tn\/fr\/actualite\/national\/les-syndicats-securitaires-epinglent-taoufik-charfeddine-et-appellent-kais-saied-a-intervenir\/201245\/#primaryimage"},"image":{"@id":"https:\/\/www.webdo.tn\/fr\/actualite\/national\/les-syndicats-securitaires-epinglent-taoufik-charfeddine-et-appellent-kais-saied-a-intervenir\/201245\/#primaryimage"},"thumbnailUrl":"https:\/\/www.webdo.tn\/fr\/wp-content\/uploads\/2022\/12\/00185be823417b4360625d36b545110c.png","datePublished":"2022-12-28T10:44:00+00:00","dateModified":"2025-05-20T23:00:57+00:00","description":"Le Front national des syndicats de s\u00e9curit\u00e9 tiendra, demain jeudi 29 d\u00e9cembre, un sit-in devant le minist\u00e8re de l\u2019Int\u00e9rieur, \u00ab pour d\u00e9fendre son droit constitut...","breadcrumb":{"@id":"https:\/\/www.webdo.tn\/fr\/actualite\/national\/les-syndicats-securitaires-epinglent-taoufik-charfeddine-et-appellent-kais-saied-a-intervenir\/201245\/#breadcrumb"},"inLanguage":"fr-FR","potentialAction":[{"@type":"ReadAction","target":["https:\/\/www.webdo.tn\/fr\/actualite\/national\/les-syndicats-securitaires-epinglent-taoufik-charfeddine-et-appellent-kais-saied-a-intervenir\/201245\/"]}]},{"@type":"ImageObject","inLanguage":"fr-FR","@id":"https:\/\/www.webdo.tn\/fr\/actualite\/national\/les-syndicats-securitaires-epinglent-taoufik-charfeddine-et-appellent-kais-saied-a-intervenir\/201245\/#primaryimage","url":"https:\/\/www.webdo.tn\/fr\/wp-content\/uploads\/2022\/12\/00185be823417b4360625d36b545110c.png","contentUrl":"https:\/\/www.webdo.tn\/fr\/wp-content\/uploads\/2022\/12\/00185be823417b4360625d36b545110c.png","width":750,"height":400,"caption":"Police Tunisie"},{"@type":"BreadcrumbList","@id":"https:\/\/www.webdo.tn\/fr\/actualite\/national\/les-syndicats-securitaires-epinglent-taoufik-charfeddine-et-appellent-kais-saied-a-intervenir\/201245\/#breadcrumb","itemListElement":[{"@type":"ListItem","position":1,"name":"Accueil","item":"https:\/\/www.webdo.tn\/fr\/"},{"@type":"ListItem","position":2,"name":"Les syndicats s\u00e9curitaires \u00e9pinglent Taoufik Charfeddine et appellent Kais Saied \u00e0 intervenir"}]},{"@type":"WebSite","@id":"https:\/\/www.webdo.tn\/fr\/#website","url":"https:\/\/www.webdo.tn\/fr\/","name":"webdo","description":"Tunisie - News en Tunisie et \u00e0 l&#039;international sur Webdo.tn","publisher":{"@id":"https:\/\/www.webdo.tn\/fr\/#organization"},"potentialAction":[{"@type":"SearchAction","target":{"@type":"EntryPoint","urlTemplate":"https:\/\/www.webdo.tn\/fr\/?s={search_term_string}"},"query-input":{"@type":"PropertyValueSpecification","valueRequired":true,"valueName":"search_term_string"}}],"inLanguage":"fr-FR"},{"@type":"Organization","@id":"https:\/\/www.webdo.tn\/fr\/#organization","name":"Webdo","alternateName":"Webdo.tn","url":"https:\/\/www.webdo.tn\/fr\/","logo":{"@type":"ImageObject","inLanguage":"fr-FR","@id":"https:\/\/www.webdo.tn\/fr\/#\/schema\/logo\/image\/","url":"https:\/\/www.webdo.tn\/fr\/wp-content\/uploads\/2025\/06\/Webdo-Tunisie_168377.jpg","contentUrl":"https:\/\/www.webdo.tn\/fr\/wp-content\/uploads\/2025\/06\/Webdo-Tunisie_168377.jpg","width":301,"height":301,"caption":"Webdo"},"image":{"@id":"https:\/\/www.webdo.tn\/fr\/#\/schema\/logo\/image\/"},"sameAs":["https:\/\/www.facebook.com\/webdotn","https:\/\/x.com\/webdo_tn"],"description":"Webdo est un m\u00e9dia num\u00e9rique tunisien fond\u00e9 en 2010, sp\u00e9cialis\u00e9 dans l\u2019actualit\u00e9 nationale et internationale, l\u2019\u00e9conomie, la soci\u00e9t\u00e9 et les analyses politiques. Le site s\u2019adresse \u00e0 un large public francophone et couvre l\u2019information tunisienne en temps r\u00e9el.","email":"redac@webdo.tn","legalName":"YNJ SARL","foundingDate":"2010-09-06","numberOfEmployees":{"@type":"QuantitativeValue","minValue":"11","maxValue":"50"}},{"@type":"Person","@id":"https:\/\/www.webdo.tn\/fr\/#\/schema\/person\/c3a9d32fa6d495ca5f4b6510e3db97bf","name":"MK","image":{"@type":"ImageObject","inLanguage":"fr-FR","@id":"https:\/\/secure.gravatar.com\/avatar\/6d44f937f19929f3b75db77056d3e08abd6e302e71bcfea340cd8b00c13e7baf?s=96&d=mm&r=g","url":"https:\/\/secure.gravatar.com\/avatar\/6d44f937f19929f3b75db77056d3e08abd6e302e71bcfea340cd8b00c13e7baf?s=96&d=mm&r=g","contentUrl":"https:\/\/secure.gravatar.com\/avatar\/6d44f937f19929f3b75db77056d3e08abd6e302e71bcfea340cd8b00c13e7baf?s=96&d=mm&r=g","caption":"MK"},"url":"https:\/\/www.webdo.tn\/fr\/actualite\/author\/mk\/"}]}},"_links":{"self":[{"href":"https:\/\/www.webdo.tn\/fr\/wp-json\/wp\/v2\/posts\/201245","targetHints":{"allow":["GET"]}}],"collection":[{"href":"https:\/\/www.webdo.tn\/fr\/wp-json\/wp\/v2\/posts"}],"about":[{"href":"https:\/\/www.webdo.tn\/fr\/wp-json\/wp\/v2\/types\/post"}],"author":[{"embeddable":true,"href":"https:\/\/www.webdo.tn\/fr\/wp-json\/wp\/v2\/users\/3196"}],"replies":[{"embeddable":true,"href":"https:\/\/www.webdo.tn\/fr\/wp-json\/wp\/v2\/comments?post=201245"}],"version-history":[{"count":0,"href":"https:\/\/www.webdo.tn\/fr\/wp-json\/wp\/v2\/posts\/201245\/revisions"}],"wp:featuredmedia":[{"embeddable":true,"href":"https:\/\/www.webdo.tn\/fr\/wp-json\/wp\/v2\/media\/252718"}],"wp:attachment":[{"href":"https:\/\/www.webdo.tn\/fr\/wp-json\/wp\/v2\/media?parent=201245"}],"wp:term":[{"taxonomy":"category","embeddable":true,"href":"https:\/\/www.webdo.tn\/fr\/wp-json\/wp\/v2\/categories?post=201245"},{"taxonomy":"post_tag","embeddable":true,"href":"https:\/\/www.webdo.tn\/fr\/wp-json\/wp\/v2\/tags?post=201245"}],"curies":[{"name":"wp","href":"https:\/\/api.w.org\/{rel}","templated":true}]}}