{"id":201209,"date":"2022-12-27T14:30:00","date_gmt":"2022-12-27T14:30:00","guid":{"rendered":"https:\/\/www.webdo.tn\/fr\/blog\/etats-unis-biden-declare-l-etat-d-urgence-a-new-york\/201209\/"},"modified":"2025-05-20T22:48:23","modified_gmt":"2025-05-20T22:48:23","slug":"etats-unis-biden-declare-l-etat-d-urgence-a-new-york","status":"publish","type":"post","link":"https:\/\/www.webdo.tn\/fr\/actualite\/international\/etats-unis-biden-declare-l-etat-d-urgence-a-new-york\/201209\/","title":{"rendered":"Etats-Unis : Biden d\u00e9clare l&rsquo;\u00e9tat d&rsquo;urgence \u00e0 New York"},"content":{"rendered":"<p>Les autorit\u00e9s am\u00e9ricaines ont annonc\u00e9, lundi, que le bilan des morts des temp\u00eates de neige dans le pays \u00ab\u00a0est pass\u00e9 \u00e0 au moins 50 personnes, dont 27 \u00e0 New York\u00a0\u00bb.<\/p>\n<p>\t\t\t\t\t\t\t\t\tCe mardi 27 d\u00e9cembre 2022, le Pr\u00e9sident am\u00e9ricain Joe Biden a d\u00e9clar\u00e9 l&rsquo;\u00e9tat d&rsquo;urgence dans l&rsquo;ouest de l&rsquo;Etat de New York, sur fond de temp\u00eates de neige.\u00a0<\/p>\n<p>Biden a d\u00e9clar\u00e9, sur Twitter, qu&rsquo;il s&rsquo;\u00e9tait entretenu avec la gouverneure de New York, Kathy Hochul, pour s&rsquo;assurer que l&rsquo;\u00c9tat disposait de toutes les ressources f\u00e9d\u00e9rales n\u00e9cessaires pour faire face au mauvais temps et aux r\u00e9percussions de la temp\u00eate de neige.<\/p>\n<p>Pour sa part, Hochul a estim\u00e9 que New York est \u00ab\u00a0en guerre contre la nature\u00a0\u00bb, soulignant que cette temp\u00eate destructrice est \u00ab\u00a0le blizzard du si\u00e8cle\u00a0\u00bb.<\/p>\n","protected":false},"excerpt":{"rendered":"<p>Les autorit\u00e9s am\u00e9ricaines ont annonc\u00e9, lundi, que le bilan des morts des temp\u00eates de neige dans le pays  est pass\u00e9 \u00e0 au moins 50 personnes, dont 27 \u00e0 New York .<\/p>\n","protected":false},"author":3175,"featured_media":277474,"comment_status":"open","ping_status":"closed","sticky":false,"template":"","format":"standard","meta":{"footnotes":""},"categories":[2598],"tags":[4359,7245,3061],"class_list":["post-201209","post","type-post","status-publish","format-standard","has-post-thumbnail","hentry","category-international","tag-neige","tag-new-york","tag-usa"],"yoast_head":"<!-- This site is optimized with the Yoast SEO Premium plugin v27.5 (Yoast SEO v27.5) - https:\/\/yoast.com\/product\/yoast-seo-premium-wordpress\/ -->\n<title>Etats-Unis : Biden d\u00e9clare l&#039;\u00e9tat d&#039;urgence \u00e0 New York<\/title>\n<meta name=\"description\" content=\"Les autorit\u00e9s am\u00e9ricaines ont annonc\u00e9, lundi, que le bilan des morts des temp\u00eates de neige dans le pays est pass\u00e9 \u00e0 au moins 50 personnes, dont 27 \u00e0 New York .\" \/>\n<link rel=\"canonical\" href=\"https:\/\/www.webdo.tn\/fr\/actualite\/international\/etats-unis-biden-declare-l-etat-d-urgence-a-new-york\/201209\/\" \/>\n<meta property=\"og:locale\" content=\"fr_FR\" \/>\n<meta property=\"og:type\" content=\"article\" \/>\n<meta property=\"og:title\" content=\"Etats-Unis : Biden d\u00e9clare l&#039;\u00e9tat d&#039;urgence \u00e0 New York\" \/>\n<meta property=\"og:description\" content=\"Les autorit\u00e9s am\u00e9ricaines ont annonc\u00e9, lundi, que le bilan des morts des temp\u00eates de neige dans le pays est pass\u00e9 \u00e0 au moins 50 personnes, dont 27 \u00e0 New York .\" \/>\n<meta property=\"og:url\" content=\"https:\/\/www.webdo.tn\/fr\/actualite\/international\/etats-unis-biden-declare-l-etat-d-urgence-a-new-york\/201209\/\" \/>\n<meta property=\"og:site_name\" content=\"webdo\" \/>\n<meta property=\"article:publisher\" content=\"https:\/\/www.facebook.com\/webdotn\" \/>\n<meta property=\"article:published_time\" content=\"2022-12-27T14:30:00+00:00\" \/>\n<meta property=\"article:modified_time\" content=\"2025-05-20T22:48:23+00:00\" \/>\n<meta property=\"og:image\" content=\"https:\/\/www.webdo.tn\/fr\/wp-content\/uploads\/2022\/12\/df637aeb876c3ee4fb15d2fb2a63b156.jpg\" \/>\n\t<meta property=\"og:image:width\" content=\"750\" \/>\n\t<meta property=\"og:image:height\" content=\"400\" \/>\n\t<meta property=\"og:image:type\" content=\"image\/jpeg\" \/>\n<meta name=\"author\" content=\"CL\" \/>\n<meta name=\"twitter:card\" content=\"summary_large_image\" \/>\n<meta name=\"twitter:creator\" content=\"@webdo_tn\" \/>\n<meta name=\"twitter:site\" content=\"@webdo_tn\" \/>\n<meta name=\"twitter:label1\" content=\"\u00c9crit par\" \/>\n\t<meta name=\"twitter:data1\" content=\"CL\" \/>\n\t<meta name=\"twitter:label2\" content=\"Dur\u00e9e de lecture estim\u00e9e\" \/>\n\t<meta name=\"twitter:data2\" content=\"1 minute\" \/>\n<script type=\"application\/ld+json\" class=\"yoast-schema-graph\">{\"@context\":\"https:\\\/\\\/schema.org\",\"@graph\":[{\"@type\":\"NewsArticle\",\"@id\":\"https:\\\/\\\/www.webdo.tn\\\/fr\\\/actualite\\\/international\\\/etats-unis-biden-declare-l-etat-d-urgence-a-new-york\\\/201209\\\/#article\",\"isPartOf\":{\"@id\":\"https:\\\/\\\/www.webdo.tn\\\/fr\\\/actualite\\\/international\\\/etats-unis-biden-declare-l-etat-d-urgence-a-new-york\\\/201209\\\/\"},\"author\":{\"name\":\"CL\",\"@id\":\"https:\\\/\\\/www.webdo.tn\\\/fr\\\/#\\\/schema\\\/person\\\/f35b42a42c5e2511bbd282959d6385cc\"},\"headline\":\"Etats-Unis : Biden d\u00e9clare l&rsquo;\u00e9tat d&rsquo;urgence \u00e0 New York\",\"datePublished\":\"2022-12-27T14:30:00+00:00\",\"dateModified\":\"2025-05-20T22:48:23+00:00\",\"mainEntityOfPage\":{\"@id\":\"https:\\\/\\\/www.webdo.tn\\\/fr\\\/actualite\\\/international\\\/etats-unis-biden-declare-l-etat-d-urgence-a-new-york\\\/201209\\\/\"},\"wordCount\":151,\"commentCount\":0,\"publisher\":{\"@id\":\"https:\\\/\\\/www.webdo.tn\\\/fr\\\/#organization\"},\"image\":{\"@id\":\"https:\\\/\\\/www.webdo.tn\\\/fr\\\/actualite\\\/international\\\/etats-unis-biden-declare-l-etat-d-urgence-a-new-york\\\/201209\\\/#primaryimage\"},\"thumbnailUrl\":\"https:\\\/\\\/www.webdo.tn\\\/fr\\\/wp-content\\\/uploads\\\/2022\\\/12\\\/df637aeb876c3ee4fb15d2fb2a63b156.jpg\",\"keywords\":[\"neige\",\"New York\",\"USA\"],\"articleSection\":[\"International\"],\"inLanguage\":\"fr-FR\"},{\"@type\":\"WebPage\",\"@id\":\"https:\\\/\\\/www.webdo.tn\\\/fr\\\/actualite\\\/international\\\/etats-unis-biden-declare-l-etat-d-urgence-a-new-york\\\/201209\\\/\",\"url\":\"https:\\\/\\\/www.webdo.tn\\\/fr\\\/actualite\\\/international\\\/etats-unis-biden-declare-l-etat-d-urgence-a-new-york\\\/201209\\\/\",\"name\":\"Etats-Unis : Biden d\u00e9clare l'\u00e9tat d'urgence \u00e0 New York\",\"isPartOf\":{\"@id\":\"https:\\\/\\\/www.webdo.tn\\\/fr\\\/#website\"},\"primaryImageOfPage\":{\"@id\":\"https:\\\/\\\/www.webdo.tn\\\/fr\\\/actualite\\\/international\\\/etats-unis-biden-declare-l-etat-d-urgence-a-new-york\\\/201209\\\/#primaryimage\"},\"image\":{\"@id\":\"https:\\\/\\\/www.webdo.tn\\\/fr\\\/actualite\\\/international\\\/etats-unis-biden-declare-l-etat-d-urgence-a-new-york\\\/201209\\\/#primaryimage\"},\"thumbnailUrl\":\"https:\\\/\\\/www.webdo.tn\\\/fr\\\/wp-content\\\/uploads\\\/2022\\\/12\\\/df637aeb876c3ee4fb15d2fb2a63b156.jpg\",\"datePublished\":\"2022-12-27T14:30:00+00:00\",\"dateModified\":\"2025-05-20T22:48:23+00:00\",\"description\":\"Les autorit\u00e9s am\u00e9ricaines ont annonc\u00e9, lundi, que le bilan des morts des temp\u00eates de neige dans le pays est pass\u00e9 \u00e0 au moins 50 personnes, dont 27 \u00e0 New York .\",\"breadcrumb\":{\"@id\":\"https:\\\/\\\/www.webdo.tn\\\/fr\\\/actualite\\\/international\\\/etats-unis-biden-declare-l-etat-d-urgence-a-new-york\\\/201209\\\/#breadcrumb\"},\"inLanguage\":\"fr-FR\",\"potentialAction\":[{\"@type\":\"ReadAction\",\"target\":[\"https:\\\/\\\/www.webdo.tn\\\/fr\\\/actualite\\\/international\\\/etats-unis-biden-declare-l-etat-d-urgence-a-new-york\\\/201209\\\/\"]}]},{\"@type\":\"ImageObject\",\"inLanguage\":\"fr-FR\",\"@id\":\"https:\\\/\\\/www.webdo.tn\\\/fr\\\/actualite\\\/international\\\/etats-unis-biden-declare-l-etat-d-urgence-a-new-york\\\/201209\\\/#primaryimage\",\"url\":\"https:\\\/\\\/www.webdo.tn\\\/fr\\\/wp-content\\\/uploads\\\/2022\\\/12\\\/df637aeb876c3ee4fb15d2fb2a63b156.jpg\",\"contentUrl\":\"https:\\\/\\\/www.webdo.tn\\\/fr\\\/wp-content\\\/uploads\\\/2022\\\/12\\\/df637aeb876c3ee4fb15d2fb2a63b156.jpg\",\"width\":750,\"height\":400,\"caption\":\"New York\"},{\"@type\":\"BreadcrumbList\",\"@id\":\"https:\\\/\\\/www.webdo.tn\\\/fr\\\/actualite\\\/international\\\/etats-unis-biden-declare-l-etat-d-urgence-a-new-york\\\/201209\\\/#breadcrumb\",\"itemListElement\":[{\"@type\":\"ListItem\",\"position\":1,\"name\":\"Accueil\",\"item\":\"https:\\\/\\\/www.webdo.tn\\\/fr\\\/\"},{\"@type\":\"ListItem\",\"position\":2,\"name\":\"Etats-Unis : Biden d\u00e9clare l&rsquo;\u00e9tat d&rsquo;urgence \u00e0 New York\"}]},{\"@type\":\"WebSite\",\"@id\":\"https:\\\/\\\/www.webdo.tn\\\/fr\\\/#website\",\"url\":\"https:\\\/\\\/www.webdo.tn\\\/fr\\\/\",\"name\":\"webdo\",\"description\":\"Tunisie - News en Tunisie et \u00e0 l&#039;international sur Webdo.tn\",\"publisher\":{\"@id\":\"https:\\\/\\\/www.webdo.tn\\\/fr\\\/#organization\"},\"potentialAction\":[{\"@type\":\"SearchAction\",\"target\":{\"@type\":\"EntryPoint\",\"urlTemplate\":\"https:\\\/\\\/www.webdo.tn\\\/fr\\\/?s={search_term_string}\"},\"query-input\":{\"@type\":\"PropertyValueSpecification\",\"valueRequired\":true,\"valueName\":\"search_term_string\"}}],\"inLanguage\":\"fr-FR\"},{\"@type\":\"Organization\",\"@id\":\"https:\\\/\\\/www.webdo.tn\\\/fr\\\/#organization\",\"name\":\"Webdo\",\"alternateName\":\"Webdo.tn\",\"url\":\"https:\\\/\\\/www.webdo.tn\\\/fr\\\/\",\"logo\":{\"@type\":\"ImageObject\",\"inLanguage\":\"fr-FR\",\"@id\":\"https:\\\/\\\/www.webdo.tn\\\/fr\\\/#\\\/schema\\\/logo\\\/image\\\/\",\"url\":\"https:\\\/\\\/www.webdo.tn\\\/fr\\\/wp-content\\\/uploads\\\/2025\\\/06\\\/Webdo-Tunisie_168377.jpg\",\"contentUrl\":\"https:\\\/\\\/www.webdo.tn\\\/fr\\\/wp-content\\\/uploads\\\/2025\\\/06\\\/Webdo-Tunisie_168377.jpg\",\"width\":301,\"height\":301,\"caption\":\"Webdo\"},\"image\":{\"@id\":\"https:\\\/\\\/www.webdo.tn\\\/fr\\\/#\\\/schema\\\/logo\\\/image\\\/\"},\"sameAs\":[\"https:\\\/\\\/www.facebook.com\\\/webdotn\",\"https:\\\/\\\/x.com\\\/webdo_tn\"],\"description\":\"Webdo est un m\u00e9dia num\u00e9rique tunisien fond\u00e9 en 2010, sp\u00e9cialis\u00e9 dans l\u2019actualit\u00e9 nationale et internationale, l\u2019\u00e9conomie, la soci\u00e9t\u00e9 et les analyses politiques. Le site s\u2019adresse \u00e0 un large public francophone et couvre l\u2019information tunisienne en temps r\u00e9el.\",\"email\":\"redac@webdo.tn\",\"legalName\":\"YNJ SARL\",\"foundingDate\":\"2010-09-06\",\"numberOfEmployees\":{\"@type\":\"QuantitativeValue\",\"minValue\":\"11\",\"maxValue\":\"50\"}},{\"@type\":\"Person\",\"@id\":\"https:\\\/\\\/www.webdo.tn\\\/fr\\\/#\\\/schema\\\/person\\\/f35b42a42c5e2511bbd282959d6385cc\",\"name\":\"CL\",\"image\":{\"@type\":\"ImageObject\",\"inLanguage\":\"fr-FR\",\"@id\":\"https:\\\/\\\/secure.gravatar.com\\\/avatar\\\/1447a49909b67aa657c488aec6512e1dd6143a480c1ecfee9b5b5cd74eb3b59e?s=96&d=mm&r=g\",\"url\":\"https:\\\/\\\/secure.gravatar.com\\\/avatar\\\/1447a49909b67aa657c488aec6512e1dd6143a480c1ecfee9b5b5cd74eb3b59e?s=96&d=mm&r=g\",\"contentUrl\":\"https:\\\/\\\/secure.gravatar.com\\\/avatar\\\/1447a49909b67aa657c488aec6512e1dd6143a480c1ecfee9b5b5cd74eb3b59e?s=96&d=mm&r=g\",\"caption\":\"CL\"},\"url\":\"https:\\\/\\\/www.webdo.tn\\\/fr\\\/actualite\\\/author\\\/cl\\\/\"}]}<\/script>\n<!-- \/ Yoast SEO Premium plugin. -->","yoast_head_json":{"title":"Etats-Unis : Biden d\u00e9clare l'\u00e9tat d'urgence \u00e0 New York","description":"Les autorit\u00e9s am\u00e9ricaines ont annonc\u00e9, lundi, que le bilan des morts des temp\u00eates de neige dans le pays est pass\u00e9 \u00e0 au moins 50 personnes, dont 27 \u00e0 New York .","canonical":"https:\/\/www.webdo.tn\/fr\/actualite\/international\/etats-unis-biden-declare-l-etat-d-urgence-a-new-york\/201209\/","og_locale":"fr_FR","og_type":"article","og_title":"Etats-Unis : Biden d\u00e9clare l'\u00e9tat d'urgence \u00e0 New York","og_description":"Les autorit\u00e9s am\u00e9ricaines ont annonc\u00e9, lundi, que le bilan des morts des temp\u00eates de neige dans le pays est pass\u00e9 \u00e0 au moins 50 personnes, dont 27 \u00e0 New York .","og_url":"https:\/\/www.webdo.tn\/fr\/actualite\/international\/etats-unis-biden-declare-l-etat-d-urgence-a-new-york\/201209\/","og_site_name":"webdo","article_publisher":"https:\/\/www.facebook.com\/webdotn","article_published_time":"2022-12-27T14:30:00+00:00","article_modified_time":"2025-05-20T22:48:23+00:00","og_image":[{"width":750,"height":400,"url":"https:\/\/www.webdo.tn\/fr\/wp-content\/uploads\/2022\/12\/df637aeb876c3ee4fb15d2fb2a63b156.jpg","type":"image\/jpeg"}],"author":"CL","twitter_card":"summary_large_image","twitter_creator":"@webdo_tn","twitter_site":"@webdo_tn","twitter_misc":{"\u00c9crit par":"CL","Dur\u00e9e de lecture estim\u00e9e":"1 minute"},"schema":{"@context":"https:\/\/schema.org","@graph":[{"@type":"NewsArticle","@id":"https:\/\/www.webdo.tn\/fr\/actualite\/international\/etats-unis-biden-declare-l-etat-d-urgence-a-new-york\/201209\/#article","isPartOf":{"@id":"https:\/\/www.webdo.tn\/fr\/actualite\/international\/etats-unis-biden-declare-l-etat-d-urgence-a-new-york\/201209\/"},"author":{"name":"CL","@id":"https:\/\/www.webdo.tn\/fr\/#\/schema\/person\/f35b42a42c5e2511bbd282959d6385cc"},"headline":"Etats-Unis : Biden d\u00e9clare l&rsquo;\u00e9tat d&rsquo;urgence \u00e0 New York","datePublished":"2022-12-27T14:30:00+00:00","dateModified":"2025-05-20T22:48:23+00:00","mainEntityOfPage":{"@id":"https:\/\/www.webdo.tn\/fr\/actualite\/international\/etats-unis-biden-declare-l-etat-d-urgence-a-new-york\/201209\/"},"wordCount":151,"commentCount":0,"publisher":{"@id":"https:\/\/www.webdo.tn\/fr\/#organization"},"image":{"@id":"https:\/\/www.webdo.tn\/fr\/actualite\/international\/etats-unis-biden-declare-l-etat-d-urgence-a-new-york\/201209\/#primaryimage"},"thumbnailUrl":"https:\/\/www.webdo.tn\/fr\/wp-content\/uploads\/2022\/12\/df637aeb876c3ee4fb15d2fb2a63b156.jpg","keywords":["neige","New York","USA"],"articleSection":["International"],"inLanguage":"fr-FR"},{"@type":"WebPage","@id":"https:\/\/www.webdo.tn\/fr\/actualite\/international\/etats-unis-biden-declare-l-etat-d-urgence-a-new-york\/201209\/","url":"https:\/\/www.webdo.tn\/fr\/actualite\/international\/etats-unis-biden-declare-l-etat-d-urgence-a-new-york\/201209\/","name":"Etats-Unis : Biden d\u00e9clare l'\u00e9tat d'urgence \u00e0 New York","isPartOf":{"@id":"https:\/\/www.webdo.tn\/fr\/#website"},"primaryImageOfPage":{"@id":"https:\/\/www.webdo.tn\/fr\/actualite\/international\/etats-unis-biden-declare-l-etat-d-urgence-a-new-york\/201209\/#primaryimage"},"image":{"@id":"https:\/\/www.webdo.tn\/fr\/actualite\/international\/etats-unis-biden-declare-l-etat-d-urgence-a-new-york\/201209\/#primaryimage"},"thumbnailUrl":"https:\/\/www.webdo.tn\/fr\/wp-content\/uploads\/2022\/12\/df637aeb876c3ee4fb15d2fb2a63b156.jpg","datePublished":"2022-12-27T14:30:00+00:00","dateModified":"2025-05-20T22:48:23+00:00","description":"Les autorit\u00e9s am\u00e9ricaines ont annonc\u00e9, lundi, que le bilan des morts des temp\u00eates de neige dans le pays est pass\u00e9 \u00e0 au moins 50 personnes, dont 27 \u00e0 New York .","breadcrumb":{"@id":"https:\/\/www.webdo.tn\/fr\/actualite\/international\/etats-unis-biden-declare-l-etat-d-urgence-a-new-york\/201209\/#breadcrumb"},"inLanguage":"fr-FR","potentialAction":[{"@type":"ReadAction","target":["https:\/\/www.webdo.tn\/fr\/actualite\/international\/etats-unis-biden-declare-l-etat-d-urgence-a-new-york\/201209\/"]}]},{"@type":"ImageObject","inLanguage":"fr-FR","@id":"https:\/\/www.webdo.tn\/fr\/actualite\/international\/etats-unis-biden-declare-l-etat-d-urgence-a-new-york\/201209\/#primaryimage","url":"https:\/\/www.webdo.tn\/fr\/wp-content\/uploads\/2022\/12\/df637aeb876c3ee4fb15d2fb2a63b156.jpg","contentUrl":"https:\/\/www.webdo.tn\/fr\/wp-content\/uploads\/2022\/12\/df637aeb876c3ee4fb15d2fb2a63b156.jpg","width":750,"height":400,"caption":"New York"},{"@type":"BreadcrumbList","@id":"https:\/\/www.webdo.tn\/fr\/actualite\/international\/etats-unis-biden-declare-l-etat-d-urgence-a-new-york\/201209\/#breadcrumb","itemListElement":[{"@type":"ListItem","position":1,"name":"Accueil","item":"https:\/\/www.webdo.tn\/fr\/"},{"@type":"ListItem","position":2,"name":"Etats-Unis : Biden d\u00e9clare l&rsquo;\u00e9tat d&rsquo;urgence \u00e0 New York"}]},{"@type":"WebSite","@id":"https:\/\/www.webdo.tn\/fr\/#website","url":"https:\/\/www.webdo.tn\/fr\/","name":"webdo","description":"Tunisie - News en Tunisie et \u00e0 l&#039;international sur Webdo.tn","publisher":{"@id":"https:\/\/www.webdo.tn\/fr\/#organization"},"potentialAction":[{"@type":"SearchAction","target":{"@type":"EntryPoint","urlTemplate":"https:\/\/www.webdo.tn\/fr\/?s={search_term_string}"},"query-input":{"@type":"PropertyValueSpecification","valueRequired":true,"valueName":"search_term_string"}}],"inLanguage":"fr-FR"},{"@type":"Organization","@id":"https:\/\/www.webdo.tn\/fr\/#organization","name":"Webdo","alternateName":"Webdo.tn","url":"https:\/\/www.webdo.tn\/fr\/","logo":{"@type":"ImageObject","inLanguage":"fr-FR","@id":"https:\/\/www.webdo.tn\/fr\/#\/schema\/logo\/image\/","url":"https:\/\/www.webdo.tn\/fr\/wp-content\/uploads\/2025\/06\/Webdo-Tunisie_168377.jpg","contentUrl":"https:\/\/www.webdo.tn\/fr\/wp-content\/uploads\/2025\/06\/Webdo-Tunisie_168377.jpg","width":301,"height":301,"caption":"Webdo"},"image":{"@id":"https:\/\/www.webdo.tn\/fr\/#\/schema\/logo\/image\/"},"sameAs":["https:\/\/www.facebook.com\/webdotn","https:\/\/x.com\/webdo_tn"],"description":"Webdo est un m\u00e9dia num\u00e9rique tunisien fond\u00e9 en 2010, sp\u00e9cialis\u00e9 dans l\u2019actualit\u00e9 nationale et internationale, l\u2019\u00e9conomie, la soci\u00e9t\u00e9 et les analyses politiques. Le site s\u2019adresse \u00e0 un large public francophone et couvre l\u2019information tunisienne en temps r\u00e9el.","email":"redac@webdo.tn","legalName":"YNJ SARL","foundingDate":"2010-09-06","numberOfEmployees":{"@type":"QuantitativeValue","minValue":"11","maxValue":"50"}},{"@type":"Person","@id":"https:\/\/www.webdo.tn\/fr\/#\/schema\/person\/f35b42a42c5e2511bbd282959d6385cc","name":"CL","image":{"@type":"ImageObject","inLanguage":"fr-FR","@id":"https:\/\/secure.gravatar.com\/avatar\/1447a49909b67aa657c488aec6512e1dd6143a480c1ecfee9b5b5cd74eb3b59e?s=96&d=mm&r=g","url":"https:\/\/secure.gravatar.com\/avatar\/1447a49909b67aa657c488aec6512e1dd6143a480c1ecfee9b5b5cd74eb3b59e?s=96&d=mm&r=g","contentUrl":"https:\/\/secure.gravatar.com\/avatar\/1447a49909b67aa657c488aec6512e1dd6143a480c1ecfee9b5b5cd74eb3b59e?s=96&d=mm&r=g","caption":"CL"},"url":"https:\/\/www.webdo.tn\/fr\/actualite\/author\/cl\/"}]}},"_links":{"self":[{"href":"https:\/\/www.webdo.tn\/fr\/wp-json\/wp\/v2\/posts\/201209","targetHints":{"allow":["GET"]}}],"collection":[{"href":"https:\/\/www.webdo.tn\/fr\/wp-json\/wp\/v2\/posts"}],"about":[{"href":"https:\/\/www.webdo.tn\/fr\/wp-json\/wp\/v2\/types\/post"}],"author":[{"embeddable":true,"href":"https:\/\/www.webdo.tn\/fr\/wp-json\/wp\/v2\/users\/3175"}],"replies":[{"embeddable":true,"href":"https:\/\/www.webdo.tn\/fr\/wp-json\/wp\/v2\/comments?post=201209"}],"version-history":[{"count":0,"href":"https:\/\/www.webdo.tn\/fr\/wp-json\/wp\/v2\/posts\/201209\/revisions"}],"wp:featuredmedia":[{"embeddable":true,"href":"https:\/\/www.webdo.tn\/fr\/wp-json\/wp\/v2\/media\/277474"}],"wp:attachment":[{"href":"https:\/\/www.webdo.tn\/fr\/wp-json\/wp\/v2\/media?parent=201209"}],"wp:term":[{"taxonomy":"category","embeddable":true,"href":"https:\/\/www.webdo.tn\/fr\/wp-json\/wp\/v2\/categories?post=201209"},{"taxonomy":"post_tag","embeddable":true,"href":"https:\/\/www.webdo.tn\/fr\/wp-json\/wp\/v2\/tags?post=201209"}],"curies":[{"name":"wp","href":"https:\/\/api.w.org\/{rel}","templated":true}]}}