{"id":201206,"date":"2022-12-27T13:39:00","date_gmt":"2022-12-27T13:39:00","guid":{"rendered":"https:\/\/www.webdo.tn\/fr\/blog\/le-pdl-porte-plainte-contre-des-membres-du-front-de-salut-national\/201206\/"},"modified":"2025-05-20T22:48:24","modified_gmt":"2025-05-20T22:48:24","slug":"le-pdl-porte-plainte-contre-des-membres-du-front-de-salut-national","status":"publish","type":"post","link":"https:\/\/www.webdo.tn\/fr\/actualite\/national\/le-pdl-porte-plainte-contre-des-membres-du-front-de-salut-national\/201206\/","title":{"rendered":"Le PDL porte plainte contre des membres du Front de Salut National"},"content":{"rendered":"<p>Le Parti destourien Libre (PDL) a annonc\u00e9 que son collectif de d\u00e9fense a d\u00e9pos\u00e9 des plaintes p\u00e9nales contre des dirigeants du Front de Salut National et de l&rsquo;ancien pr\u00e9sident de la R\u00e9publique Moncef Marzouki.<\/p>\n<p>\t\t\t\t\t\t\t\t\tDans une d\u00e9claration publi\u00e9e mardi, le PDL explique que ces plaintes sont port\u00e9es contre Ahmed Nejib Chebbi, Ridha Belhaj, Jawhar Ben Mbarek, Chaima Aissa, Moncef Marzouki et ceux qui seront d\u00e9voil\u00e9s par l&rsquo;enqu\u00eate pour adh\u00e9sion \u00e0 une entente comportant des personnes et partis en lien avec des infractions terroristes et fourniture d&rsquo;un lieu de r\u00e9union de collecte de fonds \u00e0 cet effet, conform\u00e9ment \u00e0 Loi organique n\u00b0 2015-26 du 7 ao\u00fbt 2015, relative \u00e0 la lutte contre le terrorisme et \u00e0 la r\u00e9pression du blanchiment d\u2019argent.<\/p>\n<p>Dans sa d\u00e9claration, le PDL souligne que les activit\u00e9s men\u00e9es par le Front de Salut National, malgr\u00e9 l&rsquo;ambig\u00fcit\u00e9 de son statut juridique et le regroupement en son sein d&rsquo;\u00e9l\u00e9ments impliqu\u00e9s dans des affaires terroristes, s&rsquo;inscrit dans le cadre du blanchiment des organisations terroristes.<\/p>\n<p>Le parti regrette de voir le Front de Salut pr\u00e9sent\u00e9 par les m\u00e9dias comme \u00e9tant une formation politique de l&rsquo;opposition, critiquant la protection des ailes de l&rsquo;organisation des Fr\u00e8res musulmans et la persistance-sous une nouvelle forme- du syst\u00e8me du \u00ab\u00a0printemps arabe destructeur\u00a0\u00bb.<\/p>\n<p>Le PDL impute l&rsquo;enti\u00e8re responsabilit\u00e9 politique et juridique au pr\u00e9sident de la R\u00e9publique et \u00e0 son gouvernent \u00ab\u00a0ill\u00e9gitime\u00a0\u00bb ainsi qu&rsquo;aux structures de r\u00e9gulation des m\u00e9dias qui, au lieu d&rsquo;appliquer la loi, ont ouvert la voie au recyclage des forces obscurantistes et facilit\u00e9 leur ancrage dans le paysage m\u00e9diatique.<\/p>\n","protected":false},"excerpt":{"rendered":"<p>Le Parti destourien Libre (PDL) a annonc\u00e9 que son collectif de d\u00e9fense a d\u00e9pos\u00e9 des plaintes p\u00e9nales contre des dirigeants du Front de Salut National et de l&rsquo;an&#8230;<\/p>\n","protected":false},"author":3175,"featured_media":277476,"comment_status":"open","ping_status":"closed","sticky":false,"template":"","format":"standard","meta":{"footnotes":""},"categories":[44],"tags":[5999,4028,2608],"class_list":["post-201206","post","type-post","status-publish","format-standard","has-post-thumbnail","hentry","category-national","tag-front-de-salut","tag-pdl","tag-tunisie"],"yoast_head":"<!-- This site is optimized with the Yoast SEO Premium plugin v27.4 (Yoast SEO v27.5) - https:\/\/yoast.com\/product\/yoast-seo-premium-wordpress\/ -->\n<title>Le PDL porte plainte contre des membres du Front de Salut National<\/title>\n<meta name=\"description\" content=\"Le Parti destourien Libre (PDL) a annonc\u00e9 que son collectif de d\u00e9fense a d\u00e9pos\u00e9 des plaintes p\u00e9nales contre des dirigeants du Front de Salut National et de l&#039;an...\" \/>\n<link rel=\"canonical\" href=\"https:\/\/www.webdo.tn\/fr\/actualite\/national\/le-pdl-porte-plainte-contre-des-membres-du-front-de-salut-national\/201206\/\" \/>\n<meta property=\"og:locale\" content=\"fr_FR\" \/>\n<meta property=\"og:type\" content=\"article\" \/>\n<meta property=\"og:title\" content=\"Le PDL porte plainte contre des membres du Front de Salut National\" \/>\n<meta property=\"og:description\" content=\"Le Parti destourien Libre (PDL) a annonc\u00e9 que son collectif de d\u00e9fense a d\u00e9pos\u00e9 des plaintes p\u00e9nales contre des dirigeants du Front de Salut National et de l&#039;an...\" \/>\n<meta property=\"og:url\" content=\"https:\/\/www.webdo.tn\/fr\/actualite\/national\/le-pdl-porte-plainte-contre-des-membres-du-front-de-salut-national\/201206\/\" \/>\n<meta property=\"og:site_name\" content=\"webdo\" \/>\n<meta property=\"article:publisher\" content=\"https:\/\/www.facebook.com\/webdotn\" \/>\n<meta property=\"article:published_time\" content=\"2022-12-27T13:39:00+00:00\" \/>\n<meta property=\"article:modified_time\" content=\"2025-05-20T22:48:24+00:00\" \/>\n<meta property=\"og:image\" content=\"https:\/\/www.webdo.tn\/fr\/wp-content\/uploads\/2022\/12\/38506cf01880134c519c2bc2894fcf17.jpg\" \/>\n\t<meta property=\"og:image:width\" content=\"750\" \/>\n\t<meta property=\"og:image:height\" content=\"400\" \/>\n\t<meta property=\"og:image:type\" content=\"image\/jpeg\" \/>\n<meta name=\"author\" content=\"CL\" \/>\n<meta name=\"twitter:card\" content=\"summary_large_image\" \/>\n<meta name=\"twitter:creator\" content=\"@webdo_tn\" \/>\n<meta name=\"twitter:site\" content=\"@webdo_tn\" \/>\n<meta name=\"twitter:label1\" content=\"\u00c9crit par\" \/>\n\t<meta name=\"twitter:data1\" content=\"CL\" \/>\n\t<meta name=\"twitter:label2\" content=\"Dur\u00e9e de lecture estim\u00e9e\" \/>\n\t<meta name=\"twitter:data2\" content=\"1 minute\" \/>\n<script type=\"application\/ld+json\" class=\"yoast-schema-graph\">{\"@context\":\"https:\\\/\\\/schema.org\",\"@graph\":[{\"@type\":\"NewsArticle\",\"@id\":\"https:\\\/\\\/www.webdo.tn\\\/fr\\\/actualite\\\/national\\\/le-pdl-porte-plainte-contre-des-membres-du-front-de-salut-national\\\/201206\\\/#article\",\"isPartOf\":{\"@id\":\"https:\\\/\\\/www.webdo.tn\\\/fr\\\/actualite\\\/national\\\/le-pdl-porte-plainte-contre-des-membres-du-front-de-salut-national\\\/201206\\\/\"},\"author\":{\"name\":\"CL\",\"@id\":\"https:\\\/\\\/www.webdo.tn\\\/fr\\\/#\\\/schema\\\/person\\\/f35b42a42c5e2511bbd282959d6385cc\"},\"headline\":\"Le PDL porte plainte contre des membres du Front de Salut National\",\"datePublished\":\"2022-12-27T13:39:00+00:00\",\"dateModified\":\"2025-05-20T22:48:24+00:00\",\"mainEntityOfPage\":{\"@id\":\"https:\\\/\\\/www.webdo.tn\\\/fr\\\/actualite\\\/national\\\/le-pdl-porte-plainte-contre-des-membres-du-front-de-salut-national\\\/201206\\\/\"},\"wordCount\":302,\"commentCount\":0,\"publisher\":{\"@id\":\"https:\\\/\\\/www.webdo.tn\\\/fr\\\/#organization\"},\"image\":{\"@id\":\"https:\\\/\\\/www.webdo.tn\\\/fr\\\/actualite\\\/national\\\/le-pdl-porte-plainte-contre-des-membres-du-front-de-salut-national\\\/201206\\\/#primaryimage\"},\"thumbnailUrl\":\"https:\\\/\\\/www.webdo.tn\\\/fr\\\/wp-content\\\/uploads\\\/2022\\\/12\\\/38506cf01880134c519c2bc2894fcf17.jpg\",\"keywords\":[\"Front de salut\",\"PDL\",\"Tunisie\"],\"articleSection\":[\"National\"],\"inLanguage\":\"fr-FR\"},{\"@type\":\"WebPage\",\"@id\":\"https:\\\/\\\/www.webdo.tn\\\/fr\\\/actualite\\\/national\\\/le-pdl-porte-plainte-contre-des-membres-du-front-de-salut-national\\\/201206\\\/\",\"url\":\"https:\\\/\\\/www.webdo.tn\\\/fr\\\/actualite\\\/national\\\/le-pdl-porte-plainte-contre-des-membres-du-front-de-salut-national\\\/201206\\\/\",\"name\":\"Le PDL porte plainte contre des membres du Front de Salut National\",\"isPartOf\":{\"@id\":\"https:\\\/\\\/www.webdo.tn\\\/fr\\\/#website\"},\"primaryImageOfPage\":{\"@id\":\"https:\\\/\\\/www.webdo.tn\\\/fr\\\/actualite\\\/national\\\/le-pdl-porte-plainte-contre-des-membres-du-front-de-salut-national\\\/201206\\\/#primaryimage\"},\"image\":{\"@id\":\"https:\\\/\\\/www.webdo.tn\\\/fr\\\/actualite\\\/national\\\/le-pdl-porte-plainte-contre-des-membres-du-front-de-salut-national\\\/201206\\\/#primaryimage\"},\"thumbnailUrl\":\"https:\\\/\\\/www.webdo.tn\\\/fr\\\/wp-content\\\/uploads\\\/2022\\\/12\\\/38506cf01880134c519c2bc2894fcf17.jpg\",\"datePublished\":\"2022-12-27T13:39:00+00:00\",\"dateModified\":\"2025-05-20T22:48:24+00:00\",\"description\":\"Le Parti destourien Libre (PDL) a annonc\u00e9 que son collectif de d\u00e9fense a d\u00e9pos\u00e9 des plaintes p\u00e9nales contre des dirigeants du Front de Salut National et de l'an...\",\"breadcrumb\":{\"@id\":\"https:\\\/\\\/www.webdo.tn\\\/fr\\\/actualite\\\/national\\\/le-pdl-porte-plainte-contre-des-membres-du-front-de-salut-national\\\/201206\\\/#breadcrumb\"},\"inLanguage\":\"fr-FR\",\"potentialAction\":[{\"@type\":\"ReadAction\",\"target\":[\"https:\\\/\\\/www.webdo.tn\\\/fr\\\/actualite\\\/national\\\/le-pdl-porte-plainte-contre-des-membres-du-front-de-salut-national\\\/201206\\\/\"]}]},{\"@type\":\"ImageObject\",\"inLanguage\":\"fr-FR\",\"@id\":\"https:\\\/\\\/www.webdo.tn\\\/fr\\\/actualite\\\/national\\\/le-pdl-porte-plainte-contre-des-membres-du-front-de-salut-national\\\/201206\\\/#primaryimage\",\"url\":\"https:\\\/\\\/www.webdo.tn\\\/fr\\\/wp-content\\\/uploads\\\/2022\\\/12\\\/38506cf01880134c519c2bc2894fcf17.jpg\",\"contentUrl\":\"https:\\\/\\\/www.webdo.tn\\\/fr\\\/wp-content\\\/uploads\\\/2022\\\/12\\\/38506cf01880134c519c2bc2894fcf17.jpg\",\"width\":750,\"height\":400,\"caption\":\"PDL\"},{\"@type\":\"BreadcrumbList\",\"@id\":\"https:\\\/\\\/www.webdo.tn\\\/fr\\\/actualite\\\/national\\\/le-pdl-porte-plainte-contre-des-membres-du-front-de-salut-national\\\/201206\\\/#breadcrumb\",\"itemListElement\":[{\"@type\":\"ListItem\",\"position\":1,\"name\":\"Accueil\",\"item\":\"https:\\\/\\\/www.webdo.tn\\\/fr\\\/\"},{\"@type\":\"ListItem\",\"position\":2,\"name\":\"Le PDL porte plainte contre des membres du Front de Salut National\"}]},{\"@type\":\"WebSite\",\"@id\":\"https:\\\/\\\/www.webdo.tn\\\/fr\\\/#website\",\"url\":\"https:\\\/\\\/www.webdo.tn\\\/fr\\\/\",\"name\":\"webdo\",\"description\":\"Tunisie - News en Tunisie et \u00e0 l&#039;international sur Webdo.tn\",\"publisher\":{\"@id\":\"https:\\\/\\\/www.webdo.tn\\\/fr\\\/#organization\"},\"potentialAction\":[{\"@type\":\"SearchAction\",\"target\":{\"@type\":\"EntryPoint\",\"urlTemplate\":\"https:\\\/\\\/www.webdo.tn\\\/fr\\\/?s={search_term_string}\"},\"query-input\":{\"@type\":\"PropertyValueSpecification\",\"valueRequired\":true,\"valueName\":\"search_term_string\"}}],\"inLanguage\":\"fr-FR\"},{\"@type\":\"Organization\",\"@id\":\"https:\\\/\\\/www.webdo.tn\\\/fr\\\/#organization\",\"name\":\"Webdo\",\"alternateName\":\"Webdo.tn\",\"url\":\"https:\\\/\\\/www.webdo.tn\\\/fr\\\/\",\"logo\":{\"@type\":\"ImageObject\",\"inLanguage\":\"fr-FR\",\"@id\":\"https:\\\/\\\/www.webdo.tn\\\/fr\\\/#\\\/schema\\\/logo\\\/image\\\/\",\"url\":\"https:\\\/\\\/www.webdo.tn\\\/fr\\\/wp-content\\\/uploads\\\/2025\\\/06\\\/Webdo-Tunisie_168377.jpg\",\"contentUrl\":\"https:\\\/\\\/www.webdo.tn\\\/fr\\\/wp-content\\\/uploads\\\/2025\\\/06\\\/Webdo-Tunisie_168377.jpg\",\"width\":301,\"height\":301,\"caption\":\"Webdo\"},\"image\":{\"@id\":\"https:\\\/\\\/www.webdo.tn\\\/fr\\\/#\\\/schema\\\/logo\\\/image\\\/\"},\"sameAs\":[\"https:\\\/\\\/www.facebook.com\\\/webdotn\",\"https:\\\/\\\/x.com\\\/webdo_tn\"],\"description\":\"Webdo est un m\u00e9dia num\u00e9rique tunisien fond\u00e9 en 2010, sp\u00e9cialis\u00e9 dans l\u2019actualit\u00e9 nationale et internationale, l\u2019\u00e9conomie, la soci\u00e9t\u00e9 et les analyses politiques. Le site s\u2019adresse \u00e0 un large public francophone et couvre l\u2019information tunisienne en temps r\u00e9el.\",\"email\":\"redac@webdo.tn\",\"legalName\":\"YNJ SARL\",\"foundingDate\":\"2010-09-06\",\"numberOfEmployees\":{\"@type\":\"QuantitativeValue\",\"minValue\":\"11\",\"maxValue\":\"50\"}},{\"@type\":\"Person\",\"@id\":\"https:\\\/\\\/www.webdo.tn\\\/fr\\\/#\\\/schema\\\/person\\\/f35b42a42c5e2511bbd282959d6385cc\",\"name\":\"CL\",\"image\":{\"@type\":\"ImageObject\",\"inLanguage\":\"fr-FR\",\"@id\":\"https:\\\/\\\/secure.gravatar.com\\\/avatar\\\/1447a49909b67aa657c488aec6512e1dd6143a480c1ecfee9b5b5cd74eb3b59e?s=96&d=mm&r=g\",\"url\":\"https:\\\/\\\/secure.gravatar.com\\\/avatar\\\/1447a49909b67aa657c488aec6512e1dd6143a480c1ecfee9b5b5cd74eb3b59e?s=96&d=mm&r=g\",\"contentUrl\":\"https:\\\/\\\/secure.gravatar.com\\\/avatar\\\/1447a49909b67aa657c488aec6512e1dd6143a480c1ecfee9b5b5cd74eb3b59e?s=96&d=mm&r=g\",\"caption\":\"CL\"},\"url\":\"https:\\\/\\\/www.webdo.tn\\\/fr\\\/actualite\\\/author\\\/cl\\\/\"}]}<\/script>\n<!-- \/ Yoast SEO Premium plugin. -->","yoast_head_json":{"title":"Le PDL porte plainte contre des membres du Front de Salut National","description":"Le Parti destourien Libre (PDL) a annonc\u00e9 que son collectif de d\u00e9fense a d\u00e9pos\u00e9 des plaintes p\u00e9nales contre des dirigeants du Front de Salut National et de l'an...","canonical":"https:\/\/www.webdo.tn\/fr\/actualite\/national\/le-pdl-porte-plainte-contre-des-membres-du-front-de-salut-national\/201206\/","og_locale":"fr_FR","og_type":"article","og_title":"Le PDL porte plainte contre des membres du Front de Salut National","og_description":"Le Parti destourien Libre (PDL) a annonc\u00e9 que son collectif de d\u00e9fense a d\u00e9pos\u00e9 des plaintes p\u00e9nales contre des dirigeants du Front de Salut National et de l'an...","og_url":"https:\/\/www.webdo.tn\/fr\/actualite\/national\/le-pdl-porte-plainte-contre-des-membres-du-front-de-salut-national\/201206\/","og_site_name":"webdo","article_publisher":"https:\/\/www.facebook.com\/webdotn","article_published_time":"2022-12-27T13:39:00+00:00","article_modified_time":"2025-05-20T22:48:24+00:00","og_image":[{"width":750,"height":400,"url":"https:\/\/www.webdo.tn\/fr\/wp-content\/uploads\/2022\/12\/38506cf01880134c519c2bc2894fcf17.jpg","type":"image\/jpeg"}],"author":"CL","twitter_card":"summary_large_image","twitter_creator":"@webdo_tn","twitter_site":"@webdo_tn","twitter_misc":{"\u00c9crit par":"CL","Dur\u00e9e de lecture estim\u00e9e":"1 minute"},"schema":{"@context":"https:\/\/schema.org","@graph":[{"@type":"NewsArticle","@id":"https:\/\/www.webdo.tn\/fr\/actualite\/national\/le-pdl-porte-plainte-contre-des-membres-du-front-de-salut-national\/201206\/#article","isPartOf":{"@id":"https:\/\/www.webdo.tn\/fr\/actualite\/national\/le-pdl-porte-plainte-contre-des-membres-du-front-de-salut-national\/201206\/"},"author":{"name":"CL","@id":"https:\/\/www.webdo.tn\/fr\/#\/schema\/person\/f35b42a42c5e2511bbd282959d6385cc"},"headline":"Le PDL porte plainte contre des membres du Front de Salut National","datePublished":"2022-12-27T13:39:00+00:00","dateModified":"2025-05-20T22:48:24+00:00","mainEntityOfPage":{"@id":"https:\/\/www.webdo.tn\/fr\/actualite\/national\/le-pdl-porte-plainte-contre-des-membres-du-front-de-salut-national\/201206\/"},"wordCount":302,"commentCount":0,"publisher":{"@id":"https:\/\/www.webdo.tn\/fr\/#organization"},"image":{"@id":"https:\/\/www.webdo.tn\/fr\/actualite\/national\/le-pdl-porte-plainte-contre-des-membres-du-front-de-salut-national\/201206\/#primaryimage"},"thumbnailUrl":"https:\/\/www.webdo.tn\/fr\/wp-content\/uploads\/2022\/12\/38506cf01880134c519c2bc2894fcf17.jpg","keywords":["Front de salut","PDL","Tunisie"],"articleSection":["National"],"inLanguage":"fr-FR"},{"@type":"WebPage","@id":"https:\/\/www.webdo.tn\/fr\/actualite\/national\/le-pdl-porte-plainte-contre-des-membres-du-front-de-salut-national\/201206\/","url":"https:\/\/www.webdo.tn\/fr\/actualite\/national\/le-pdl-porte-plainte-contre-des-membres-du-front-de-salut-national\/201206\/","name":"Le PDL porte plainte contre des membres du Front de Salut National","isPartOf":{"@id":"https:\/\/www.webdo.tn\/fr\/#website"},"primaryImageOfPage":{"@id":"https:\/\/www.webdo.tn\/fr\/actualite\/national\/le-pdl-porte-plainte-contre-des-membres-du-front-de-salut-national\/201206\/#primaryimage"},"image":{"@id":"https:\/\/www.webdo.tn\/fr\/actualite\/national\/le-pdl-porte-plainte-contre-des-membres-du-front-de-salut-national\/201206\/#primaryimage"},"thumbnailUrl":"https:\/\/www.webdo.tn\/fr\/wp-content\/uploads\/2022\/12\/38506cf01880134c519c2bc2894fcf17.jpg","datePublished":"2022-12-27T13:39:00+00:00","dateModified":"2025-05-20T22:48:24+00:00","description":"Le Parti destourien Libre (PDL) a annonc\u00e9 que son collectif de d\u00e9fense a d\u00e9pos\u00e9 des plaintes p\u00e9nales contre des dirigeants du Front de Salut National et de l'an...","breadcrumb":{"@id":"https:\/\/www.webdo.tn\/fr\/actualite\/national\/le-pdl-porte-plainte-contre-des-membres-du-front-de-salut-national\/201206\/#breadcrumb"},"inLanguage":"fr-FR","potentialAction":[{"@type":"ReadAction","target":["https:\/\/www.webdo.tn\/fr\/actualite\/national\/le-pdl-porte-plainte-contre-des-membres-du-front-de-salut-national\/201206\/"]}]},{"@type":"ImageObject","inLanguage":"fr-FR","@id":"https:\/\/www.webdo.tn\/fr\/actualite\/national\/le-pdl-porte-plainte-contre-des-membres-du-front-de-salut-national\/201206\/#primaryimage","url":"https:\/\/www.webdo.tn\/fr\/wp-content\/uploads\/2022\/12\/38506cf01880134c519c2bc2894fcf17.jpg","contentUrl":"https:\/\/www.webdo.tn\/fr\/wp-content\/uploads\/2022\/12\/38506cf01880134c519c2bc2894fcf17.jpg","width":750,"height":400,"caption":"PDL"},{"@type":"BreadcrumbList","@id":"https:\/\/www.webdo.tn\/fr\/actualite\/national\/le-pdl-porte-plainte-contre-des-membres-du-front-de-salut-national\/201206\/#breadcrumb","itemListElement":[{"@type":"ListItem","position":1,"name":"Accueil","item":"https:\/\/www.webdo.tn\/fr\/"},{"@type":"ListItem","position":2,"name":"Le PDL porte plainte contre des membres du Front de Salut National"}]},{"@type":"WebSite","@id":"https:\/\/www.webdo.tn\/fr\/#website","url":"https:\/\/www.webdo.tn\/fr\/","name":"webdo","description":"Tunisie - News en Tunisie et \u00e0 l&#039;international sur Webdo.tn","publisher":{"@id":"https:\/\/www.webdo.tn\/fr\/#organization"},"potentialAction":[{"@type":"SearchAction","target":{"@type":"EntryPoint","urlTemplate":"https:\/\/www.webdo.tn\/fr\/?s={search_term_string}"},"query-input":{"@type":"PropertyValueSpecification","valueRequired":true,"valueName":"search_term_string"}}],"inLanguage":"fr-FR"},{"@type":"Organization","@id":"https:\/\/www.webdo.tn\/fr\/#organization","name":"Webdo","alternateName":"Webdo.tn","url":"https:\/\/www.webdo.tn\/fr\/","logo":{"@type":"ImageObject","inLanguage":"fr-FR","@id":"https:\/\/www.webdo.tn\/fr\/#\/schema\/logo\/image\/","url":"https:\/\/www.webdo.tn\/fr\/wp-content\/uploads\/2025\/06\/Webdo-Tunisie_168377.jpg","contentUrl":"https:\/\/www.webdo.tn\/fr\/wp-content\/uploads\/2025\/06\/Webdo-Tunisie_168377.jpg","width":301,"height":301,"caption":"Webdo"},"image":{"@id":"https:\/\/www.webdo.tn\/fr\/#\/schema\/logo\/image\/"},"sameAs":["https:\/\/www.facebook.com\/webdotn","https:\/\/x.com\/webdo_tn"],"description":"Webdo est un m\u00e9dia num\u00e9rique tunisien fond\u00e9 en 2010, sp\u00e9cialis\u00e9 dans l\u2019actualit\u00e9 nationale et internationale, l\u2019\u00e9conomie, la soci\u00e9t\u00e9 et les analyses politiques. Le site s\u2019adresse \u00e0 un large public francophone et couvre l\u2019information tunisienne en temps r\u00e9el.","email":"redac@webdo.tn","legalName":"YNJ SARL","foundingDate":"2010-09-06","numberOfEmployees":{"@type":"QuantitativeValue","minValue":"11","maxValue":"50"}},{"@type":"Person","@id":"https:\/\/www.webdo.tn\/fr\/#\/schema\/person\/f35b42a42c5e2511bbd282959d6385cc","name":"CL","image":{"@type":"ImageObject","inLanguage":"fr-FR","@id":"https:\/\/secure.gravatar.com\/avatar\/1447a49909b67aa657c488aec6512e1dd6143a480c1ecfee9b5b5cd74eb3b59e?s=96&d=mm&r=g","url":"https:\/\/secure.gravatar.com\/avatar\/1447a49909b67aa657c488aec6512e1dd6143a480c1ecfee9b5b5cd74eb3b59e?s=96&d=mm&r=g","contentUrl":"https:\/\/secure.gravatar.com\/avatar\/1447a49909b67aa657c488aec6512e1dd6143a480c1ecfee9b5b5cd74eb3b59e?s=96&d=mm&r=g","caption":"CL"},"url":"https:\/\/www.webdo.tn\/fr\/actualite\/author\/cl\/"}]}},"_links":{"self":[{"href":"https:\/\/www.webdo.tn\/fr\/wp-json\/wp\/v2\/posts\/201206","targetHints":{"allow":["GET"]}}],"collection":[{"href":"https:\/\/www.webdo.tn\/fr\/wp-json\/wp\/v2\/posts"}],"about":[{"href":"https:\/\/www.webdo.tn\/fr\/wp-json\/wp\/v2\/types\/post"}],"author":[{"embeddable":true,"href":"https:\/\/www.webdo.tn\/fr\/wp-json\/wp\/v2\/users\/3175"}],"replies":[{"embeddable":true,"href":"https:\/\/www.webdo.tn\/fr\/wp-json\/wp\/v2\/comments?post=201206"}],"version-history":[{"count":0,"href":"https:\/\/www.webdo.tn\/fr\/wp-json\/wp\/v2\/posts\/201206\/revisions"}],"wp:featuredmedia":[{"embeddable":true,"href":"https:\/\/www.webdo.tn\/fr\/wp-json\/wp\/v2\/media\/277476"}],"wp:attachment":[{"href":"https:\/\/www.webdo.tn\/fr\/wp-json\/wp\/v2\/media?parent=201206"}],"wp:term":[{"taxonomy":"category","embeddable":true,"href":"https:\/\/www.webdo.tn\/fr\/wp-json\/wp\/v2\/categories?post=201206"},{"taxonomy":"post_tag","embeddable":true,"href":"https:\/\/www.webdo.tn\/fr\/wp-json\/wp\/v2\/tags?post=201206"}],"curies":[{"name":"wp","href":"https:\/\/api.w.org\/{rel}","templated":true}]}}