{"id":201198,"date":"2022-12-27T11:54:00","date_gmt":"2022-12-27T11:54:00","guid":{"rendered":"https:\/\/www.webdo.tn\/fr\/blog\/le-bresil-se-prepare-a-dire-adieu-a-pele\/201198\/"},"modified":"2025-05-20T22:06:32","modified_gmt":"2025-05-20T22:06:32","slug":"le-bresil-se-prepare-a-dire-adieu-a-pele","status":"publish","type":"post","link":"https:\/\/www.webdo.tn\/fr\/actualite\/sport\/le-bresil-se-prepare-a-dire-adieu-a-pele\/201198\/","title":{"rendered":"Le Br\u00e9sil se pr\u00e9pare \u00e0 dire adieu \u00e0 Pel\u00e9"},"content":{"rendered":"<p>C\u2019est l\u2019effervescence au Br\u00e9sil o\u00f9 l\u2019\u00e9tat de sant\u00e9 de Pel\u00e9 inqui\u00e8te au plus grand point.<\/p>\n<p>\t\t\t\t\t\t\t\t\tAlors que l\u2019\u00e9tat de sant\u00e9 de la l\u00e9gende du football Pel\u00e9 s\u2019est d\u00e9t\u00e9rior\u00e9 et inqui\u00e8te un peu plus chaque jour, les Br\u00e9siliens se sont fait \u00e0 l\u2019id\u00e9e de dire adieu \u00e0 Edson Arantes do Nascimento.<\/p>\n<p>Hospitalis\u00e9 depuis le 30 novembre dernier \u00e0 Sao Paulo, Pel\u00e9, 82 ans, atteint d\u2019un cancer du c\u00f4lon d\u00e9couvert voil\u00e0 un an et qui serait en train de progresser, souffre aussi d\u2019une insuffisance r\u00e9nale et cardiaque.<\/p>\n<p>Les nouvelles sont inqui\u00e9tantes pour celui qui reste le seul joueur \u00e0 avoir remport\u00e9 trois Coupes du monde. Selon les derni\u00e8res nouvelles fournies par ses proches, l&rsquo;\u00e9tat de sant\u00e9 de Pel\u00e9 s&rsquo;est consid\u00e9rablement d\u00e9grad\u00e9. Sa famille \u00e9tait d&rsquo;ailleurs r\u00e9unie au grand complet dimanche, jour de No\u00ebl, pour rester \u00e0 son chevet.<\/p>\n<p>Alors que son \u00e9tat de sant\u00e9 s\u2019est aggrav\u00e9, un nouveau bilan m\u00e9dical devrait \u00eatre d\u00e9voil\u00e9 au cours de la semaine, ont indiqu\u00e9 ses trois filles. C&rsquo;est vers ces derni\u00e8res que les regards sont tourn\u00e9s. Et selon plusieurs m\u00e9dias, la l\u00e9gende Pel\u00e9 aurait fait ses adieux \u00e0 ses filles comme en t\u00e9moigne ce tweet : \u00ab\u00a0Pel\u00e9 dit au revoir \u00e0 sa famille&#8230;\u00a0\u00bb<\/p>\n<p>Des images circulent en ligne, montrant l\u2019\u00e9dification de ce qui ressemble \u00e0 une chapelle mortuaire dans le stade de Vila Belmiro, \u00e0 Santos, club o\u00f9 Pel\u00e9 a brill\u00e9 pendant 18 ans. Mais la direction du club reste silencieuse sur le sujet. Tout le Br\u00e9sil attend d\u00e9j\u00e0 l\u2019annonce du d\u00e9c\u00e8s de la l\u00e9gende du ballon rond.<\/p>\n","protected":false},"excerpt":{"rendered":"<p>C\u2019est l\u2019effervescence au Br\u00e9sil o\u00f9 l\u2019\u00e9tat de sant\u00e9 de Pel\u00e9 inqui\u00e8te au plus grand point.<\/p>\n","protected":false},"author":3162,"featured_media":277464,"comment_status":"open","ping_status":"closed","sticky":false,"template":"","format":"standard","meta":{"footnotes":""},"categories":[2593],"tags":[4949,2622,8894],"class_list":["post-201198","post","type-post","status-publish","format-standard","has-post-thumbnail","hentry","category-sport","tag-bresil","tag-football","tag-pele"],"yoast_head":"<!-- This site is optimized with the Yoast SEO Premium plugin v27.5 (Yoast SEO v27.5) - https:\/\/yoast.com\/product\/yoast-seo-premium-wordpress\/ -->\n<title>Le Br\u00e9sil se pr\u00e9pare \u00e0 dire adieu \u00e0 Pel\u00e9<\/title>\n<meta name=\"description\" content=\"C\u2019est l\u2019effervescence au Br\u00e9sil o\u00f9 l\u2019\u00e9tat de sant\u00e9 de Pel\u00e9 inqui\u00e8te au plus grand point.\" \/>\n<link rel=\"canonical\" href=\"https:\/\/www.webdo.tn\/fr\/actualite\/sport\/le-bresil-se-prepare-a-dire-adieu-a-pele\/201198\/\" \/>\n<meta property=\"og:locale\" content=\"fr_FR\" \/>\n<meta property=\"og:type\" content=\"article\" \/>\n<meta property=\"og:title\" content=\"Le Br\u00e9sil se pr\u00e9pare \u00e0 dire adieu \u00e0 Pel\u00e9\" \/>\n<meta property=\"og:description\" content=\"C\u2019est l\u2019effervescence au Br\u00e9sil o\u00f9 l\u2019\u00e9tat de sant\u00e9 de Pel\u00e9 inqui\u00e8te au plus grand point.\" \/>\n<meta property=\"og:url\" content=\"https:\/\/www.webdo.tn\/fr\/actualite\/sport\/le-bresil-se-prepare-a-dire-adieu-a-pele\/201198\/\" \/>\n<meta property=\"og:site_name\" content=\"webdo\" \/>\n<meta property=\"article:publisher\" content=\"https:\/\/www.facebook.com\/webdotn\" \/>\n<meta property=\"article:published_time\" content=\"2022-12-27T11:54:00+00:00\" \/>\n<meta property=\"article:modified_time\" content=\"2025-05-20T22:06:32+00:00\" \/>\n<meta property=\"og:image\" content=\"https:\/\/www.webdo.tn\/fr\/wp-content\/uploads\/2022\/12\/95bb0c7d7918d3e4c7a8e99e6f920318.jpg\" \/>\n\t<meta property=\"og:image:width\" content=\"720\" \/>\n\t<meta property=\"og:image:height\" content=\"384\" \/>\n\t<meta property=\"og:image:type\" content=\"image\/jpeg\" \/>\n<meta name=\"author\" content=\"MC\" \/>\n<meta name=\"twitter:card\" content=\"summary_large_image\" \/>\n<meta name=\"twitter:creator\" content=\"@webdo_tn\" \/>\n<meta name=\"twitter:site\" content=\"@webdo_tn\" \/>\n<meta name=\"twitter:label1\" content=\"\u00c9crit par\" \/>\n\t<meta name=\"twitter:data1\" content=\"MC\" \/>\n\t<meta name=\"twitter:label2\" content=\"Dur\u00e9e de lecture estim\u00e9e\" \/>\n\t<meta name=\"twitter:data2\" content=\"1 minute\" \/>\n<script type=\"application\/ld+json\" class=\"yoast-schema-graph\">{\"@context\":\"https:\\\/\\\/schema.org\",\"@graph\":[{\"@type\":\"NewsArticle\",\"@id\":\"https:\\\/\\\/www.webdo.tn\\\/fr\\\/actualite\\\/sport\\\/le-bresil-se-prepare-a-dire-adieu-a-pele\\\/201198\\\/#article\",\"isPartOf\":{\"@id\":\"https:\\\/\\\/www.webdo.tn\\\/fr\\\/actualite\\\/sport\\\/le-bresil-se-prepare-a-dire-adieu-a-pele\\\/201198\\\/\"},\"author\":{\"name\":\"MC\",\"@id\":\"https:\\\/\\\/www.webdo.tn\\\/fr\\\/#\\\/schema\\\/person\\\/2c4929cbf5a809e3bd38617c6ce150f6\"},\"headline\":\"Le Br\u00e9sil se pr\u00e9pare \u00e0 dire adieu \u00e0 Pel\u00e9\",\"datePublished\":\"2022-12-27T11:54:00+00:00\",\"dateModified\":\"2025-05-20T22:06:32+00:00\",\"mainEntityOfPage\":{\"@id\":\"https:\\\/\\\/www.webdo.tn\\\/fr\\\/actualite\\\/sport\\\/le-bresil-se-prepare-a-dire-adieu-a-pele\\\/201198\\\/\"},\"wordCount\":292,\"commentCount\":0,\"publisher\":{\"@id\":\"https:\\\/\\\/www.webdo.tn\\\/fr\\\/#organization\"},\"image\":{\"@id\":\"https:\\\/\\\/www.webdo.tn\\\/fr\\\/actualite\\\/sport\\\/le-bresil-se-prepare-a-dire-adieu-a-pele\\\/201198\\\/#primaryimage\"},\"thumbnailUrl\":\"https:\\\/\\\/www.webdo.tn\\\/fr\\\/wp-content\\\/uploads\\\/2022\\\/12\\\/95bb0c7d7918d3e4c7a8e99e6f920318.jpg\",\"keywords\":[\"Br\u00e9sil\",\"football\",\"Pel\u00e9\"],\"articleSection\":[\"Sport\"],\"inLanguage\":\"fr-FR\"},{\"@type\":\"WebPage\",\"@id\":\"https:\\\/\\\/www.webdo.tn\\\/fr\\\/actualite\\\/sport\\\/le-bresil-se-prepare-a-dire-adieu-a-pele\\\/201198\\\/\",\"url\":\"https:\\\/\\\/www.webdo.tn\\\/fr\\\/actualite\\\/sport\\\/le-bresil-se-prepare-a-dire-adieu-a-pele\\\/201198\\\/\",\"name\":\"Le Br\u00e9sil se pr\u00e9pare \u00e0 dire adieu \u00e0 Pel\u00e9\",\"isPartOf\":{\"@id\":\"https:\\\/\\\/www.webdo.tn\\\/fr\\\/#website\"},\"primaryImageOfPage\":{\"@id\":\"https:\\\/\\\/www.webdo.tn\\\/fr\\\/actualite\\\/sport\\\/le-bresil-se-prepare-a-dire-adieu-a-pele\\\/201198\\\/#primaryimage\"},\"image\":{\"@id\":\"https:\\\/\\\/www.webdo.tn\\\/fr\\\/actualite\\\/sport\\\/le-bresil-se-prepare-a-dire-adieu-a-pele\\\/201198\\\/#primaryimage\"},\"thumbnailUrl\":\"https:\\\/\\\/www.webdo.tn\\\/fr\\\/wp-content\\\/uploads\\\/2022\\\/12\\\/95bb0c7d7918d3e4c7a8e99e6f920318.jpg\",\"datePublished\":\"2022-12-27T11:54:00+00:00\",\"dateModified\":\"2025-05-20T22:06:32+00:00\",\"description\":\"C\u2019est l\u2019effervescence au Br\u00e9sil o\u00f9 l\u2019\u00e9tat de sant\u00e9 de Pel\u00e9 inqui\u00e8te au plus grand point.\",\"breadcrumb\":{\"@id\":\"https:\\\/\\\/www.webdo.tn\\\/fr\\\/actualite\\\/sport\\\/le-bresil-se-prepare-a-dire-adieu-a-pele\\\/201198\\\/#breadcrumb\"},\"inLanguage\":\"fr-FR\",\"potentialAction\":[{\"@type\":\"ReadAction\",\"target\":[\"https:\\\/\\\/www.webdo.tn\\\/fr\\\/actualite\\\/sport\\\/le-bresil-se-prepare-a-dire-adieu-a-pele\\\/201198\\\/\"]}]},{\"@type\":\"ImageObject\",\"inLanguage\":\"fr-FR\",\"@id\":\"https:\\\/\\\/www.webdo.tn\\\/fr\\\/actualite\\\/sport\\\/le-bresil-se-prepare-a-dire-adieu-a-pele\\\/201198\\\/#primaryimage\",\"url\":\"https:\\\/\\\/www.webdo.tn\\\/fr\\\/wp-content\\\/uploads\\\/2022\\\/12\\\/95bb0c7d7918d3e4c7a8e99e6f920318.jpg\",\"contentUrl\":\"https:\\\/\\\/www.webdo.tn\\\/fr\\\/wp-content\\\/uploads\\\/2022\\\/12\\\/95bb0c7d7918d3e4c7a8e99e6f920318.jpg\",\"width\":720,\"height\":384,\"caption\":\"Le Br\u00e9sil se pr\u00e9pare \u00e0 dire adieu \u00e0 Pel\u00e9\"},{\"@type\":\"BreadcrumbList\",\"@id\":\"https:\\\/\\\/www.webdo.tn\\\/fr\\\/actualite\\\/sport\\\/le-bresil-se-prepare-a-dire-adieu-a-pele\\\/201198\\\/#breadcrumb\",\"itemListElement\":[{\"@type\":\"ListItem\",\"position\":1,\"name\":\"Accueil\",\"item\":\"https:\\\/\\\/www.webdo.tn\\\/fr\\\/\"},{\"@type\":\"ListItem\",\"position\":2,\"name\":\"Le Br\u00e9sil se pr\u00e9pare \u00e0 dire adieu \u00e0 Pel\u00e9\"}]},{\"@type\":\"WebSite\",\"@id\":\"https:\\\/\\\/www.webdo.tn\\\/fr\\\/#website\",\"url\":\"https:\\\/\\\/www.webdo.tn\\\/fr\\\/\",\"name\":\"webdo\",\"description\":\"Tunisie - News en Tunisie et \u00e0 l&#039;international sur Webdo.tn\",\"publisher\":{\"@id\":\"https:\\\/\\\/www.webdo.tn\\\/fr\\\/#organization\"},\"potentialAction\":[{\"@type\":\"SearchAction\",\"target\":{\"@type\":\"EntryPoint\",\"urlTemplate\":\"https:\\\/\\\/www.webdo.tn\\\/fr\\\/?s={search_term_string}\"},\"query-input\":{\"@type\":\"PropertyValueSpecification\",\"valueRequired\":true,\"valueName\":\"search_term_string\"}}],\"inLanguage\":\"fr-FR\"},{\"@type\":\"Organization\",\"@id\":\"https:\\\/\\\/www.webdo.tn\\\/fr\\\/#organization\",\"name\":\"Webdo\",\"alternateName\":\"Webdo.tn\",\"url\":\"https:\\\/\\\/www.webdo.tn\\\/fr\\\/\",\"logo\":{\"@type\":\"ImageObject\",\"inLanguage\":\"fr-FR\",\"@id\":\"https:\\\/\\\/www.webdo.tn\\\/fr\\\/#\\\/schema\\\/logo\\\/image\\\/\",\"url\":\"https:\\\/\\\/www.webdo.tn\\\/fr\\\/wp-content\\\/uploads\\\/2025\\\/06\\\/Webdo-Tunisie_168377.jpg\",\"contentUrl\":\"https:\\\/\\\/www.webdo.tn\\\/fr\\\/wp-content\\\/uploads\\\/2025\\\/06\\\/Webdo-Tunisie_168377.jpg\",\"width\":301,\"height\":301,\"caption\":\"Webdo\"},\"image\":{\"@id\":\"https:\\\/\\\/www.webdo.tn\\\/fr\\\/#\\\/schema\\\/logo\\\/image\\\/\"},\"sameAs\":[\"https:\\\/\\\/www.facebook.com\\\/webdotn\",\"https:\\\/\\\/x.com\\\/webdo_tn\"],\"description\":\"Webdo est un m\u00e9dia num\u00e9rique tunisien fond\u00e9 en 2010, sp\u00e9cialis\u00e9 dans l\u2019actualit\u00e9 nationale et internationale, l\u2019\u00e9conomie, la soci\u00e9t\u00e9 et les analyses politiques. Le site s\u2019adresse \u00e0 un large public francophone et couvre l\u2019information tunisienne en temps r\u00e9el.\",\"email\":\"redac@webdo.tn\",\"legalName\":\"YNJ SARL\",\"foundingDate\":\"2010-09-06\",\"numberOfEmployees\":{\"@type\":\"QuantitativeValue\",\"minValue\":\"11\",\"maxValue\":\"50\"}},{\"@type\":\"Person\",\"@id\":\"https:\\\/\\\/www.webdo.tn\\\/fr\\\/#\\\/schema\\\/person\\\/2c4929cbf5a809e3bd38617c6ce150f6\",\"name\":\"MC\",\"image\":{\"@type\":\"ImageObject\",\"inLanguage\":\"fr-FR\",\"@id\":\"https:\\\/\\\/secure.gravatar.com\\\/avatar\\\/a545bbb6f84efdd5553dbbc2895e3ca8f1d12c5215e00a041c9670b54aa9b18a?s=96&d=mm&r=g\",\"url\":\"https:\\\/\\\/secure.gravatar.com\\\/avatar\\\/a545bbb6f84efdd5553dbbc2895e3ca8f1d12c5215e00a041c9670b54aa9b18a?s=96&d=mm&r=g\",\"contentUrl\":\"https:\\\/\\\/secure.gravatar.com\\\/avatar\\\/a545bbb6f84efdd5553dbbc2895e3ca8f1d12c5215e00a041c9670b54aa9b18a?s=96&d=mm&r=g\",\"caption\":\"MC\"},\"url\":\"https:\\\/\\\/www.webdo.tn\\\/fr\\\/actualite\\\/author\\\/mc\\\/\"}]}<\/script>\n<!-- \/ Yoast SEO Premium plugin. -->","yoast_head_json":{"title":"Le Br\u00e9sil se pr\u00e9pare \u00e0 dire adieu \u00e0 Pel\u00e9","description":"C\u2019est l\u2019effervescence au Br\u00e9sil o\u00f9 l\u2019\u00e9tat de sant\u00e9 de Pel\u00e9 inqui\u00e8te au plus grand point.","canonical":"https:\/\/www.webdo.tn\/fr\/actualite\/sport\/le-bresil-se-prepare-a-dire-adieu-a-pele\/201198\/","og_locale":"fr_FR","og_type":"article","og_title":"Le Br\u00e9sil se pr\u00e9pare \u00e0 dire adieu \u00e0 Pel\u00e9","og_description":"C\u2019est l\u2019effervescence au Br\u00e9sil o\u00f9 l\u2019\u00e9tat de sant\u00e9 de Pel\u00e9 inqui\u00e8te au plus grand point.","og_url":"https:\/\/www.webdo.tn\/fr\/actualite\/sport\/le-bresil-se-prepare-a-dire-adieu-a-pele\/201198\/","og_site_name":"webdo","article_publisher":"https:\/\/www.facebook.com\/webdotn","article_published_time":"2022-12-27T11:54:00+00:00","article_modified_time":"2025-05-20T22:06:32+00:00","og_image":[{"width":720,"height":384,"url":"https:\/\/www.webdo.tn\/fr\/wp-content\/uploads\/2022\/12\/95bb0c7d7918d3e4c7a8e99e6f920318.jpg","type":"image\/jpeg"}],"author":"MC","twitter_card":"summary_large_image","twitter_creator":"@webdo_tn","twitter_site":"@webdo_tn","twitter_misc":{"\u00c9crit par":"MC","Dur\u00e9e de lecture estim\u00e9e":"1 minute"},"schema":{"@context":"https:\/\/schema.org","@graph":[{"@type":"NewsArticle","@id":"https:\/\/www.webdo.tn\/fr\/actualite\/sport\/le-bresil-se-prepare-a-dire-adieu-a-pele\/201198\/#article","isPartOf":{"@id":"https:\/\/www.webdo.tn\/fr\/actualite\/sport\/le-bresil-se-prepare-a-dire-adieu-a-pele\/201198\/"},"author":{"name":"MC","@id":"https:\/\/www.webdo.tn\/fr\/#\/schema\/person\/2c4929cbf5a809e3bd38617c6ce150f6"},"headline":"Le Br\u00e9sil se pr\u00e9pare \u00e0 dire adieu \u00e0 Pel\u00e9","datePublished":"2022-12-27T11:54:00+00:00","dateModified":"2025-05-20T22:06:32+00:00","mainEntityOfPage":{"@id":"https:\/\/www.webdo.tn\/fr\/actualite\/sport\/le-bresil-se-prepare-a-dire-adieu-a-pele\/201198\/"},"wordCount":292,"commentCount":0,"publisher":{"@id":"https:\/\/www.webdo.tn\/fr\/#organization"},"image":{"@id":"https:\/\/www.webdo.tn\/fr\/actualite\/sport\/le-bresil-se-prepare-a-dire-adieu-a-pele\/201198\/#primaryimage"},"thumbnailUrl":"https:\/\/www.webdo.tn\/fr\/wp-content\/uploads\/2022\/12\/95bb0c7d7918d3e4c7a8e99e6f920318.jpg","keywords":["Br\u00e9sil","football","Pel\u00e9"],"articleSection":["Sport"],"inLanguage":"fr-FR"},{"@type":"WebPage","@id":"https:\/\/www.webdo.tn\/fr\/actualite\/sport\/le-bresil-se-prepare-a-dire-adieu-a-pele\/201198\/","url":"https:\/\/www.webdo.tn\/fr\/actualite\/sport\/le-bresil-se-prepare-a-dire-adieu-a-pele\/201198\/","name":"Le Br\u00e9sil se pr\u00e9pare \u00e0 dire adieu \u00e0 Pel\u00e9","isPartOf":{"@id":"https:\/\/www.webdo.tn\/fr\/#website"},"primaryImageOfPage":{"@id":"https:\/\/www.webdo.tn\/fr\/actualite\/sport\/le-bresil-se-prepare-a-dire-adieu-a-pele\/201198\/#primaryimage"},"image":{"@id":"https:\/\/www.webdo.tn\/fr\/actualite\/sport\/le-bresil-se-prepare-a-dire-adieu-a-pele\/201198\/#primaryimage"},"thumbnailUrl":"https:\/\/www.webdo.tn\/fr\/wp-content\/uploads\/2022\/12\/95bb0c7d7918d3e4c7a8e99e6f920318.jpg","datePublished":"2022-12-27T11:54:00+00:00","dateModified":"2025-05-20T22:06:32+00:00","description":"C\u2019est l\u2019effervescence au Br\u00e9sil o\u00f9 l\u2019\u00e9tat de sant\u00e9 de Pel\u00e9 inqui\u00e8te au plus grand point.","breadcrumb":{"@id":"https:\/\/www.webdo.tn\/fr\/actualite\/sport\/le-bresil-se-prepare-a-dire-adieu-a-pele\/201198\/#breadcrumb"},"inLanguage":"fr-FR","potentialAction":[{"@type":"ReadAction","target":["https:\/\/www.webdo.tn\/fr\/actualite\/sport\/le-bresil-se-prepare-a-dire-adieu-a-pele\/201198\/"]}]},{"@type":"ImageObject","inLanguage":"fr-FR","@id":"https:\/\/www.webdo.tn\/fr\/actualite\/sport\/le-bresil-se-prepare-a-dire-adieu-a-pele\/201198\/#primaryimage","url":"https:\/\/www.webdo.tn\/fr\/wp-content\/uploads\/2022\/12\/95bb0c7d7918d3e4c7a8e99e6f920318.jpg","contentUrl":"https:\/\/www.webdo.tn\/fr\/wp-content\/uploads\/2022\/12\/95bb0c7d7918d3e4c7a8e99e6f920318.jpg","width":720,"height":384,"caption":"Le Br\u00e9sil se pr\u00e9pare \u00e0 dire adieu \u00e0 Pel\u00e9"},{"@type":"BreadcrumbList","@id":"https:\/\/www.webdo.tn\/fr\/actualite\/sport\/le-bresil-se-prepare-a-dire-adieu-a-pele\/201198\/#breadcrumb","itemListElement":[{"@type":"ListItem","position":1,"name":"Accueil","item":"https:\/\/www.webdo.tn\/fr\/"},{"@type":"ListItem","position":2,"name":"Le Br\u00e9sil se pr\u00e9pare \u00e0 dire adieu \u00e0 Pel\u00e9"}]},{"@type":"WebSite","@id":"https:\/\/www.webdo.tn\/fr\/#website","url":"https:\/\/www.webdo.tn\/fr\/","name":"webdo","description":"Tunisie - News en Tunisie et \u00e0 l&#039;international sur Webdo.tn","publisher":{"@id":"https:\/\/www.webdo.tn\/fr\/#organization"},"potentialAction":[{"@type":"SearchAction","target":{"@type":"EntryPoint","urlTemplate":"https:\/\/www.webdo.tn\/fr\/?s={search_term_string}"},"query-input":{"@type":"PropertyValueSpecification","valueRequired":true,"valueName":"search_term_string"}}],"inLanguage":"fr-FR"},{"@type":"Organization","@id":"https:\/\/www.webdo.tn\/fr\/#organization","name":"Webdo","alternateName":"Webdo.tn","url":"https:\/\/www.webdo.tn\/fr\/","logo":{"@type":"ImageObject","inLanguage":"fr-FR","@id":"https:\/\/www.webdo.tn\/fr\/#\/schema\/logo\/image\/","url":"https:\/\/www.webdo.tn\/fr\/wp-content\/uploads\/2025\/06\/Webdo-Tunisie_168377.jpg","contentUrl":"https:\/\/www.webdo.tn\/fr\/wp-content\/uploads\/2025\/06\/Webdo-Tunisie_168377.jpg","width":301,"height":301,"caption":"Webdo"},"image":{"@id":"https:\/\/www.webdo.tn\/fr\/#\/schema\/logo\/image\/"},"sameAs":["https:\/\/www.facebook.com\/webdotn","https:\/\/x.com\/webdo_tn"],"description":"Webdo est un m\u00e9dia num\u00e9rique tunisien fond\u00e9 en 2010, sp\u00e9cialis\u00e9 dans l\u2019actualit\u00e9 nationale et internationale, l\u2019\u00e9conomie, la soci\u00e9t\u00e9 et les analyses politiques. Le site s\u2019adresse \u00e0 un large public francophone et couvre l\u2019information tunisienne en temps r\u00e9el.","email":"redac@webdo.tn","legalName":"YNJ SARL","foundingDate":"2010-09-06","numberOfEmployees":{"@type":"QuantitativeValue","minValue":"11","maxValue":"50"}},{"@type":"Person","@id":"https:\/\/www.webdo.tn\/fr\/#\/schema\/person\/2c4929cbf5a809e3bd38617c6ce150f6","name":"MC","image":{"@type":"ImageObject","inLanguage":"fr-FR","@id":"https:\/\/secure.gravatar.com\/avatar\/a545bbb6f84efdd5553dbbc2895e3ca8f1d12c5215e00a041c9670b54aa9b18a?s=96&d=mm&r=g","url":"https:\/\/secure.gravatar.com\/avatar\/a545bbb6f84efdd5553dbbc2895e3ca8f1d12c5215e00a041c9670b54aa9b18a?s=96&d=mm&r=g","contentUrl":"https:\/\/secure.gravatar.com\/avatar\/a545bbb6f84efdd5553dbbc2895e3ca8f1d12c5215e00a041c9670b54aa9b18a?s=96&d=mm&r=g","caption":"MC"},"url":"https:\/\/www.webdo.tn\/fr\/actualite\/author\/mc\/"}]}},"_links":{"self":[{"href":"https:\/\/www.webdo.tn\/fr\/wp-json\/wp\/v2\/posts\/201198","targetHints":{"allow":["GET"]}}],"collection":[{"href":"https:\/\/www.webdo.tn\/fr\/wp-json\/wp\/v2\/posts"}],"about":[{"href":"https:\/\/www.webdo.tn\/fr\/wp-json\/wp\/v2\/types\/post"}],"author":[{"embeddable":true,"href":"https:\/\/www.webdo.tn\/fr\/wp-json\/wp\/v2\/users\/3162"}],"replies":[{"embeddable":true,"href":"https:\/\/www.webdo.tn\/fr\/wp-json\/wp\/v2\/comments?post=201198"}],"version-history":[{"count":0,"href":"https:\/\/www.webdo.tn\/fr\/wp-json\/wp\/v2\/posts\/201198\/revisions"}],"wp:featuredmedia":[{"embeddable":true,"href":"https:\/\/www.webdo.tn\/fr\/wp-json\/wp\/v2\/media\/277464"}],"wp:attachment":[{"href":"https:\/\/www.webdo.tn\/fr\/wp-json\/wp\/v2\/media?parent=201198"}],"wp:term":[{"taxonomy":"category","embeddable":true,"href":"https:\/\/www.webdo.tn\/fr\/wp-json\/wp\/v2\/categories?post=201198"},{"taxonomy":"post_tag","embeddable":true,"href":"https:\/\/www.webdo.tn\/fr\/wp-json\/wp\/v2\/tags?post=201198"}],"curies":[{"name":"wp","href":"https:\/\/api.w.org\/{rel}","templated":true}]}}