{"id":201187,"date":"2022-12-27T09:00:00","date_gmt":"2022-12-27T09:00:00","guid":{"rendered":"https:\/\/www.webdo.tn\/fr\/actualite\/blog\/la-pandemie-de-coronavirus-est-terminee-estime-le-virologue-christian-drosten\/201187\/"},"modified":"2025-05-22T11:39:44","modified_gmt":"2025-05-22T11:39:44","slug":"la-pandemie-de-coronavirus-est-terminee-estime-le-virologue-christian-drosten","status":"publish","type":"post","link":"https:\/\/www.webdo.tn\/fr\/actualite\/international\/la-pandemie-de-coronavirus-est-terminee-estime-le-virologue-christian-drosten\/201187\/","title":{"rendered":"\u00ab\u00a0La pand\u00e9mie de coronavirus est termin\u00e9e\u00a0\u00bb, estime le virologue Christian Drosten"},"content":{"rendered":"<p>Christian Drosten, chef du service de virologie de l&rsquo;h\u00f4pital Charit\u00e9 de Berlin, estime que la pand\u00e9mie de coronavirus est termin\u00e9e, car les infections d\u00e9tect\u00e9es cet hiver indiquent plut\u00f4t une maladie end\u00e9mique.<\/p>\n<p> Selon ce c\u00e9l\u00e8bre virologue, \u00ab\u00a0nous assistons \u00e0 la premi\u00e8re vague end\u00e9mique de SRAS-CoV-2 cet hiver. Selon moi, la pand\u00e9mie est termin\u00e9e\u00a0\u00bb, a-t-il d\u00e9clar\u00e9 dans une interview accord\u00e9e au journal Tagesspiegel.<\/p>\n<p>Le virologue Drosten a expliqu\u00e9 dans l&rsquo;interview que la population a construit une grande immunit\u00e9 contre le coronavirus. En fait, il est devenu un virus d&rsquo;hiver, qui, selon lui, a peu de chances de se propager en masse en \u00e9t\u00e9.<\/p>\n<p>M. Drosten a toutefois mis un petit b\u00e9mol \u00e0 son \u00e9valuation : les mutations peuvent faire \u00e9voluer la situation. \u00ab\u00a0Mais je ne m&rsquo;y attends pas pour l&rsquo;instant\u00a0\u00bb, a-t-il d\u00e9clar\u00e9.<\/p>\n<p>Si l&rsquo;Organisation mondiale de la sant\u00e9 (OMS) n&rsquo;a pas encore d\u00e9clar\u00e9 la fin de la pand\u00e9mie. Les responsables de l&rsquo;OMS ont d\u00e9clar\u00e9 cet automne que la fin \u00e9tait \u00ab\u00a0en vue\u00a0\u00bb. En Allemagne, les propos de Drosten sont pris au s\u00e9rieux.<\/p>\n","protected":false},"excerpt":{"rendered":"<p>Christian Drosten, chef du service de virologie de l&rsquo;h\u00f4pital Charit\u00e9 de Berlin, estime que la pand\u00e9mie de coronavirus est termin\u00e9e, car les infections d\u00e9tect\u00e9es&#8230;<\/p>\n","protected":false},"author":3162,"featured_media":348364,"comment_status":"open","ping_status":"closed","sticky":false,"template":"","format":"standard","meta":{"footnotes":""},"categories":[2598],"tags":[7520,5871,5872],"class_list":["post-201187","post","type-post","status-publish","format-standard","has-post-thumbnail","hentry","category-international","tag-coronavirus","tag-covid-19","tag-pandemie"],"yoast_head":"<!-- This site is optimized with the Yoast SEO Premium plugin v27.4 (Yoast SEO v27.5) - https:\/\/yoast.com\/product\/yoast-seo-premium-wordpress\/ -->\n<title>La pand\u00e9mie de coronavirus est termin\u00e9e , estime le virologue Christian Drosten<\/title>\n<meta name=\"description\" content=\"Christian Drosten, chef du service de virologie de l&#039;h\u00f4pital Charit\u00e9 de Berlin, estime que la pand\u00e9mie de coronavirus est termin\u00e9e, car les infections d\u00e9tect\u00e9es...\" \/>\n<link rel=\"canonical\" href=\"https:\/\/www.webdo.tn\/fr\/actualite\/international\/la-pandemie-de-coronavirus-est-terminee-estime-le-virologue-christian-drosten\/201187\/\" \/>\n<meta property=\"og:locale\" content=\"fr_FR\" \/>\n<meta property=\"og:type\" content=\"article\" \/>\n<meta property=\"og:title\" content=\"&quot;La pand\u00e9mie de coronavirus est termin\u00e9e&quot;, estime le virologue Christian Drosten\" \/>\n<meta property=\"og:description\" content=\"Christian Drosten, chef du service de virologie de l&#039;h\u00f4pital Charit\u00e9 de Berlin, estime que la pand\u00e9mie de coronavirus est termin\u00e9e, car les infections d\u00e9tect\u00e9es...\" \/>\n<meta property=\"og:url\" content=\"https:\/\/www.webdo.tn\/fr\/actualite\/international\/la-pandemie-de-coronavirus-est-terminee-estime-le-virologue-christian-drosten\/201187\/\" \/>\n<meta property=\"og:site_name\" content=\"webdo\" \/>\n<meta property=\"article:publisher\" content=\"https:\/\/www.facebook.com\/webdotn\" \/>\n<meta property=\"article:published_time\" content=\"2022-12-27T09:00:00+00:00\" \/>\n<meta property=\"article:modified_time\" content=\"2025-05-22T11:39:44+00:00\" \/>\n<meta property=\"og:image\" content=\"https:\/\/www.webdo.tn\/fr\/wp-content\/uploads\/2022\/12\/1813ec6bd9415251c9d39836f7861e7c.jpg\" \/>\n\t<meta property=\"og:image:width\" content=\"750\" \/>\n\t<meta property=\"og:image:height\" content=\"400\" \/>\n\t<meta property=\"og:image:type\" content=\"image\/jpeg\" \/>\n<meta name=\"author\" content=\"MC\" \/>\n<meta name=\"twitter:card\" content=\"summary_large_image\" \/>\n<meta name=\"twitter:creator\" content=\"@webdo_tn\" \/>\n<meta name=\"twitter:site\" content=\"@webdo_tn\" \/>\n<meta name=\"twitter:label1\" content=\"\u00c9crit par\" \/>\n\t<meta name=\"twitter:data1\" content=\"MC\" \/>\n\t<meta name=\"twitter:label2\" content=\"Dur\u00e9e de lecture estim\u00e9e\" \/>\n\t<meta name=\"twitter:data2\" content=\"1 minute\" \/>\n<script type=\"application\/ld+json\" class=\"yoast-schema-graph\">{\"@context\":\"https:\\\/\\\/schema.org\",\"@graph\":[{\"@type\":\"NewsArticle\",\"@id\":\"https:\\\/\\\/www.webdo.tn\\\/fr\\\/actualite\\\/international\\\/la-pandemie-de-coronavirus-est-terminee-estime-le-virologue-christian-drosten\\\/201187\\\/#article\",\"isPartOf\":{\"@id\":\"https:\\\/\\\/www.webdo.tn\\\/fr\\\/actualite\\\/international\\\/la-pandemie-de-coronavirus-est-terminee-estime-le-virologue-christian-drosten\\\/201187\\\/\"},\"author\":{\"name\":\"MC\",\"@id\":\"https:\\\/\\\/www.webdo.tn\\\/fr\\\/#\\\/schema\\\/person\\\/2c4929cbf5a809e3bd38617c6ce150f6\"},\"headline\":\"\u00ab\u00a0La pand\u00e9mie de coronavirus est termin\u00e9e\u00a0\u00bb, estime le virologue Christian Drosten\",\"datePublished\":\"2022-12-27T09:00:00+00:00\",\"dateModified\":\"2025-05-22T11:39:44+00:00\",\"mainEntityOfPage\":{\"@id\":\"https:\\\/\\\/www.webdo.tn\\\/fr\\\/actualite\\\/international\\\/la-pandemie-de-coronavirus-est-terminee-estime-le-virologue-christian-drosten\\\/201187\\\/\"},\"wordCount\":209,\"commentCount\":0,\"publisher\":{\"@id\":\"https:\\\/\\\/www.webdo.tn\\\/fr\\\/#organization\"},\"image\":{\"@id\":\"https:\\\/\\\/www.webdo.tn\\\/fr\\\/actualite\\\/international\\\/la-pandemie-de-coronavirus-est-terminee-estime-le-virologue-christian-drosten\\\/201187\\\/#primaryimage\"},\"thumbnailUrl\":\"https:\\\/\\\/www.webdo.tn\\\/fr\\\/wp-content\\\/uploads\\\/2022\\\/12\\\/1813ec6bd9415251c9d39836f7861e7c.jpg\",\"keywords\":[\"Coronavirus\",\"Covid-19\",\"pand\u00e9mie\"],\"articleSection\":[\"International\"],\"inLanguage\":\"fr-FR\"},{\"@type\":\"WebPage\",\"@id\":\"https:\\\/\\\/www.webdo.tn\\\/fr\\\/actualite\\\/international\\\/la-pandemie-de-coronavirus-est-terminee-estime-le-virologue-christian-drosten\\\/201187\\\/\",\"url\":\"https:\\\/\\\/www.webdo.tn\\\/fr\\\/actualite\\\/international\\\/la-pandemie-de-coronavirus-est-terminee-estime-le-virologue-christian-drosten\\\/201187\\\/\",\"name\":\"La pand\u00e9mie de coronavirus est termin\u00e9e , estime le virologue Christian Drosten\",\"isPartOf\":{\"@id\":\"https:\\\/\\\/www.webdo.tn\\\/fr\\\/#website\"},\"primaryImageOfPage\":{\"@id\":\"https:\\\/\\\/www.webdo.tn\\\/fr\\\/actualite\\\/international\\\/la-pandemie-de-coronavirus-est-terminee-estime-le-virologue-christian-drosten\\\/201187\\\/#primaryimage\"},\"image\":{\"@id\":\"https:\\\/\\\/www.webdo.tn\\\/fr\\\/actualite\\\/international\\\/la-pandemie-de-coronavirus-est-terminee-estime-le-virologue-christian-drosten\\\/201187\\\/#primaryimage\"},\"thumbnailUrl\":\"https:\\\/\\\/www.webdo.tn\\\/fr\\\/wp-content\\\/uploads\\\/2022\\\/12\\\/1813ec6bd9415251c9d39836f7861e7c.jpg\",\"datePublished\":\"2022-12-27T09:00:00+00:00\",\"dateModified\":\"2025-05-22T11:39:44+00:00\",\"description\":\"Christian Drosten, chef du service de virologie de l'h\u00f4pital Charit\u00e9 de Berlin, estime que la pand\u00e9mie de coronavirus est termin\u00e9e, car les infections d\u00e9tect\u00e9es...\",\"breadcrumb\":{\"@id\":\"https:\\\/\\\/www.webdo.tn\\\/fr\\\/actualite\\\/international\\\/la-pandemie-de-coronavirus-est-terminee-estime-le-virologue-christian-drosten\\\/201187\\\/#breadcrumb\"},\"inLanguage\":\"fr-FR\",\"potentialAction\":[{\"@type\":\"ReadAction\",\"target\":[\"https:\\\/\\\/www.webdo.tn\\\/fr\\\/actualite\\\/international\\\/la-pandemie-de-coronavirus-est-terminee-estime-le-virologue-christian-drosten\\\/201187\\\/\"]}]},{\"@type\":\"ImageObject\",\"inLanguage\":\"fr-FR\",\"@id\":\"https:\\\/\\\/www.webdo.tn\\\/fr\\\/actualite\\\/international\\\/la-pandemie-de-coronavirus-est-terminee-estime-le-virologue-christian-drosten\\\/201187\\\/#primaryimage\",\"url\":\"https:\\\/\\\/www.webdo.tn\\\/fr\\\/wp-content\\\/uploads\\\/2022\\\/12\\\/1813ec6bd9415251c9d39836f7861e7c.jpg\",\"contentUrl\":\"https:\\\/\\\/www.webdo.tn\\\/fr\\\/wp-content\\\/uploads\\\/2022\\\/12\\\/1813ec6bd9415251c9d39836f7861e7c.jpg\",\"width\":750,\"height\":400,\"caption\":\"\\\"La pand\u00e9mie de coronavirus est termin\u00e9e\\\", estime le virologue Christian Drosten\"},{\"@type\":\"BreadcrumbList\",\"@id\":\"https:\\\/\\\/www.webdo.tn\\\/fr\\\/actualite\\\/international\\\/la-pandemie-de-coronavirus-est-terminee-estime-le-virologue-christian-drosten\\\/201187\\\/#breadcrumb\",\"itemListElement\":[{\"@type\":\"ListItem\",\"position\":1,\"name\":\"Accueil\",\"item\":\"https:\\\/\\\/www.webdo.tn\\\/fr\\\/\"},{\"@type\":\"ListItem\",\"position\":2,\"name\":\"\u00ab\u00a0La pand\u00e9mie de coronavirus est termin\u00e9e\u00a0\u00bb, estime le virologue Christian Drosten\"}]},{\"@type\":\"WebSite\",\"@id\":\"https:\\\/\\\/www.webdo.tn\\\/fr\\\/#website\",\"url\":\"https:\\\/\\\/www.webdo.tn\\\/fr\\\/\",\"name\":\"webdo\",\"description\":\"Tunisie - News en Tunisie et \u00e0 l&#039;international sur Webdo.tn\",\"publisher\":{\"@id\":\"https:\\\/\\\/www.webdo.tn\\\/fr\\\/#organization\"},\"potentialAction\":[{\"@type\":\"SearchAction\",\"target\":{\"@type\":\"EntryPoint\",\"urlTemplate\":\"https:\\\/\\\/www.webdo.tn\\\/fr\\\/?s={search_term_string}\"},\"query-input\":{\"@type\":\"PropertyValueSpecification\",\"valueRequired\":true,\"valueName\":\"search_term_string\"}}],\"inLanguage\":\"fr-FR\"},{\"@type\":\"Organization\",\"@id\":\"https:\\\/\\\/www.webdo.tn\\\/fr\\\/#organization\",\"name\":\"Webdo\",\"alternateName\":\"Webdo.tn\",\"url\":\"https:\\\/\\\/www.webdo.tn\\\/fr\\\/\",\"logo\":{\"@type\":\"ImageObject\",\"inLanguage\":\"fr-FR\",\"@id\":\"https:\\\/\\\/www.webdo.tn\\\/fr\\\/#\\\/schema\\\/logo\\\/image\\\/\",\"url\":\"https:\\\/\\\/www.webdo.tn\\\/fr\\\/wp-content\\\/uploads\\\/2025\\\/06\\\/Webdo-Tunisie_168377.jpg\",\"contentUrl\":\"https:\\\/\\\/www.webdo.tn\\\/fr\\\/wp-content\\\/uploads\\\/2025\\\/06\\\/Webdo-Tunisie_168377.jpg\",\"width\":301,\"height\":301,\"caption\":\"Webdo\"},\"image\":{\"@id\":\"https:\\\/\\\/www.webdo.tn\\\/fr\\\/#\\\/schema\\\/logo\\\/image\\\/\"},\"sameAs\":[\"https:\\\/\\\/www.facebook.com\\\/webdotn\",\"https:\\\/\\\/x.com\\\/webdo_tn\"],\"description\":\"Webdo est un m\u00e9dia num\u00e9rique tunisien fond\u00e9 en 2010, sp\u00e9cialis\u00e9 dans l\u2019actualit\u00e9 nationale et internationale, l\u2019\u00e9conomie, la soci\u00e9t\u00e9 et les analyses politiques. Le site s\u2019adresse \u00e0 un large public francophone et couvre l\u2019information tunisienne en temps r\u00e9el.\",\"email\":\"redac@webdo.tn\",\"legalName\":\"YNJ SARL\",\"foundingDate\":\"2010-09-06\",\"numberOfEmployees\":{\"@type\":\"QuantitativeValue\",\"minValue\":\"11\",\"maxValue\":\"50\"}},{\"@type\":\"Person\",\"@id\":\"https:\\\/\\\/www.webdo.tn\\\/fr\\\/#\\\/schema\\\/person\\\/2c4929cbf5a809e3bd38617c6ce150f6\",\"name\":\"MC\",\"image\":{\"@type\":\"ImageObject\",\"inLanguage\":\"fr-FR\",\"@id\":\"https:\\\/\\\/secure.gravatar.com\\\/avatar\\\/a545bbb6f84efdd5553dbbc2895e3ca8f1d12c5215e00a041c9670b54aa9b18a?s=96&d=mm&r=g\",\"url\":\"https:\\\/\\\/secure.gravatar.com\\\/avatar\\\/a545bbb6f84efdd5553dbbc2895e3ca8f1d12c5215e00a041c9670b54aa9b18a?s=96&d=mm&r=g\",\"contentUrl\":\"https:\\\/\\\/secure.gravatar.com\\\/avatar\\\/a545bbb6f84efdd5553dbbc2895e3ca8f1d12c5215e00a041c9670b54aa9b18a?s=96&d=mm&r=g\",\"caption\":\"MC\"},\"url\":\"https:\\\/\\\/www.webdo.tn\\\/fr\\\/actualite\\\/author\\\/mc\\\/\"}]}<\/script>\n<!-- \/ Yoast SEO Premium plugin. -->","yoast_head_json":{"title":"La pand\u00e9mie de coronavirus est termin\u00e9e , estime le virologue Christian Drosten","description":"Christian Drosten, chef du service de virologie de l'h\u00f4pital Charit\u00e9 de Berlin, estime que la pand\u00e9mie de coronavirus est termin\u00e9e, car les infections d\u00e9tect\u00e9es...","canonical":"https:\/\/www.webdo.tn\/fr\/actualite\/international\/la-pandemie-de-coronavirus-est-terminee-estime-le-virologue-christian-drosten\/201187\/","og_locale":"fr_FR","og_type":"article","og_title":"\"La pand\u00e9mie de coronavirus est termin\u00e9e\", estime le virologue Christian Drosten","og_description":"Christian Drosten, chef du service de virologie de l'h\u00f4pital Charit\u00e9 de Berlin, estime que la pand\u00e9mie de coronavirus est termin\u00e9e, car les infections d\u00e9tect\u00e9es...","og_url":"https:\/\/www.webdo.tn\/fr\/actualite\/international\/la-pandemie-de-coronavirus-est-terminee-estime-le-virologue-christian-drosten\/201187\/","og_site_name":"webdo","article_publisher":"https:\/\/www.facebook.com\/webdotn","article_published_time":"2022-12-27T09:00:00+00:00","article_modified_time":"2025-05-22T11:39:44+00:00","og_image":[{"width":750,"height":400,"url":"https:\/\/www.webdo.tn\/fr\/wp-content\/uploads\/2022\/12\/1813ec6bd9415251c9d39836f7861e7c.jpg","type":"image\/jpeg"}],"author":"MC","twitter_card":"summary_large_image","twitter_creator":"@webdo_tn","twitter_site":"@webdo_tn","twitter_misc":{"\u00c9crit par":"MC","Dur\u00e9e de lecture estim\u00e9e":"1 minute"},"schema":{"@context":"https:\/\/schema.org","@graph":[{"@type":"NewsArticle","@id":"https:\/\/www.webdo.tn\/fr\/actualite\/international\/la-pandemie-de-coronavirus-est-terminee-estime-le-virologue-christian-drosten\/201187\/#article","isPartOf":{"@id":"https:\/\/www.webdo.tn\/fr\/actualite\/international\/la-pandemie-de-coronavirus-est-terminee-estime-le-virologue-christian-drosten\/201187\/"},"author":{"name":"MC","@id":"https:\/\/www.webdo.tn\/fr\/#\/schema\/person\/2c4929cbf5a809e3bd38617c6ce150f6"},"headline":"\u00ab\u00a0La pand\u00e9mie de coronavirus est termin\u00e9e\u00a0\u00bb, estime le virologue Christian Drosten","datePublished":"2022-12-27T09:00:00+00:00","dateModified":"2025-05-22T11:39:44+00:00","mainEntityOfPage":{"@id":"https:\/\/www.webdo.tn\/fr\/actualite\/international\/la-pandemie-de-coronavirus-est-terminee-estime-le-virologue-christian-drosten\/201187\/"},"wordCount":209,"commentCount":0,"publisher":{"@id":"https:\/\/www.webdo.tn\/fr\/#organization"},"image":{"@id":"https:\/\/www.webdo.tn\/fr\/actualite\/international\/la-pandemie-de-coronavirus-est-terminee-estime-le-virologue-christian-drosten\/201187\/#primaryimage"},"thumbnailUrl":"https:\/\/www.webdo.tn\/fr\/wp-content\/uploads\/2022\/12\/1813ec6bd9415251c9d39836f7861e7c.jpg","keywords":["Coronavirus","Covid-19","pand\u00e9mie"],"articleSection":["International"],"inLanguage":"fr-FR"},{"@type":"WebPage","@id":"https:\/\/www.webdo.tn\/fr\/actualite\/international\/la-pandemie-de-coronavirus-est-terminee-estime-le-virologue-christian-drosten\/201187\/","url":"https:\/\/www.webdo.tn\/fr\/actualite\/international\/la-pandemie-de-coronavirus-est-terminee-estime-le-virologue-christian-drosten\/201187\/","name":"La pand\u00e9mie de coronavirus est termin\u00e9e , estime le virologue Christian Drosten","isPartOf":{"@id":"https:\/\/www.webdo.tn\/fr\/#website"},"primaryImageOfPage":{"@id":"https:\/\/www.webdo.tn\/fr\/actualite\/international\/la-pandemie-de-coronavirus-est-terminee-estime-le-virologue-christian-drosten\/201187\/#primaryimage"},"image":{"@id":"https:\/\/www.webdo.tn\/fr\/actualite\/international\/la-pandemie-de-coronavirus-est-terminee-estime-le-virologue-christian-drosten\/201187\/#primaryimage"},"thumbnailUrl":"https:\/\/www.webdo.tn\/fr\/wp-content\/uploads\/2022\/12\/1813ec6bd9415251c9d39836f7861e7c.jpg","datePublished":"2022-12-27T09:00:00+00:00","dateModified":"2025-05-22T11:39:44+00:00","description":"Christian Drosten, chef du service de virologie de l'h\u00f4pital Charit\u00e9 de Berlin, estime que la pand\u00e9mie de coronavirus est termin\u00e9e, car les infections d\u00e9tect\u00e9es...","breadcrumb":{"@id":"https:\/\/www.webdo.tn\/fr\/actualite\/international\/la-pandemie-de-coronavirus-est-terminee-estime-le-virologue-christian-drosten\/201187\/#breadcrumb"},"inLanguage":"fr-FR","potentialAction":[{"@type":"ReadAction","target":["https:\/\/www.webdo.tn\/fr\/actualite\/international\/la-pandemie-de-coronavirus-est-terminee-estime-le-virologue-christian-drosten\/201187\/"]}]},{"@type":"ImageObject","inLanguage":"fr-FR","@id":"https:\/\/www.webdo.tn\/fr\/actualite\/international\/la-pandemie-de-coronavirus-est-terminee-estime-le-virologue-christian-drosten\/201187\/#primaryimage","url":"https:\/\/www.webdo.tn\/fr\/wp-content\/uploads\/2022\/12\/1813ec6bd9415251c9d39836f7861e7c.jpg","contentUrl":"https:\/\/www.webdo.tn\/fr\/wp-content\/uploads\/2022\/12\/1813ec6bd9415251c9d39836f7861e7c.jpg","width":750,"height":400,"caption":"\"La pand\u00e9mie de coronavirus est termin\u00e9e\", estime le virologue Christian Drosten"},{"@type":"BreadcrumbList","@id":"https:\/\/www.webdo.tn\/fr\/actualite\/international\/la-pandemie-de-coronavirus-est-terminee-estime-le-virologue-christian-drosten\/201187\/#breadcrumb","itemListElement":[{"@type":"ListItem","position":1,"name":"Accueil","item":"https:\/\/www.webdo.tn\/fr\/"},{"@type":"ListItem","position":2,"name":"\u00ab\u00a0La pand\u00e9mie de coronavirus est termin\u00e9e\u00a0\u00bb, estime le virologue Christian Drosten"}]},{"@type":"WebSite","@id":"https:\/\/www.webdo.tn\/fr\/#website","url":"https:\/\/www.webdo.tn\/fr\/","name":"webdo","description":"Tunisie - News en Tunisie et \u00e0 l&#039;international sur Webdo.tn","publisher":{"@id":"https:\/\/www.webdo.tn\/fr\/#organization"},"potentialAction":[{"@type":"SearchAction","target":{"@type":"EntryPoint","urlTemplate":"https:\/\/www.webdo.tn\/fr\/?s={search_term_string}"},"query-input":{"@type":"PropertyValueSpecification","valueRequired":true,"valueName":"search_term_string"}}],"inLanguage":"fr-FR"},{"@type":"Organization","@id":"https:\/\/www.webdo.tn\/fr\/#organization","name":"Webdo","alternateName":"Webdo.tn","url":"https:\/\/www.webdo.tn\/fr\/","logo":{"@type":"ImageObject","inLanguage":"fr-FR","@id":"https:\/\/www.webdo.tn\/fr\/#\/schema\/logo\/image\/","url":"https:\/\/www.webdo.tn\/fr\/wp-content\/uploads\/2025\/06\/Webdo-Tunisie_168377.jpg","contentUrl":"https:\/\/www.webdo.tn\/fr\/wp-content\/uploads\/2025\/06\/Webdo-Tunisie_168377.jpg","width":301,"height":301,"caption":"Webdo"},"image":{"@id":"https:\/\/www.webdo.tn\/fr\/#\/schema\/logo\/image\/"},"sameAs":["https:\/\/www.facebook.com\/webdotn","https:\/\/x.com\/webdo_tn"],"description":"Webdo est un m\u00e9dia num\u00e9rique tunisien fond\u00e9 en 2010, sp\u00e9cialis\u00e9 dans l\u2019actualit\u00e9 nationale et internationale, l\u2019\u00e9conomie, la soci\u00e9t\u00e9 et les analyses politiques. Le site s\u2019adresse \u00e0 un large public francophone et couvre l\u2019information tunisienne en temps r\u00e9el.","email":"redac@webdo.tn","legalName":"YNJ SARL","foundingDate":"2010-09-06","numberOfEmployees":{"@type":"QuantitativeValue","minValue":"11","maxValue":"50"}},{"@type":"Person","@id":"https:\/\/www.webdo.tn\/fr\/#\/schema\/person\/2c4929cbf5a809e3bd38617c6ce150f6","name":"MC","image":{"@type":"ImageObject","inLanguage":"fr-FR","@id":"https:\/\/secure.gravatar.com\/avatar\/a545bbb6f84efdd5553dbbc2895e3ca8f1d12c5215e00a041c9670b54aa9b18a?s=96&d=mm&r=g","url":"https:\/\/secure.gravatar.com\/avatar\/a545bbb6f84efdd5553dbbc2895e3ca8f1d12c5215e00a041c9670b54aa9b18a?s=96&d=mm&r=g","contentUrl":"https:\/\/secure.gravatar.com\/avatar\/a545bbb6f84efdd5553dbbc2895e3ca8f1d12c5215e00a041c9670b54aa9b18a?s=96&d=mm&r=g","caption":"MC"},"url":"https:\/\/www.webdo.tn\/fr\/actualite\/author\/mc\/"}]}},"_links":{"self":[{"href":"https:\/\/www.webdo.tn\/fr\/wp-json\/wp\/v2\/posts\/201187","targetHints":{"allow":["GET"]}}],"collection":[{"href":"https:\/\/www.webdo.tn\/fr\/wp-json\/wp\/v2\/posts"}],"about":[{"href":"https:\/\/www.webdo.tn\/fr\/wp-json\/wp\/v2\/types\/post"}],"author":[{"embeddable":true,"href":"https:\/\/www.webdo.tn\/fr\/wp-json\/wp\/v2\/users\/3162"}],"replies":[{"embeddable":true,"href":"https:\/\/www.webdo.tn\/fr\/wp-json\/wp\/v2\/comments?post=201187"}],"version-history":[{"count":0,"href":"https:\/\/www.webdo.tn\/fr\/wp-json\/wp\/v2\/posts\/201187\/revisions"}],"wp:featuredmedia":[{"embeddable":true,"href":"https:\/\/www.webdo.tn\/fr\/wp-json\/wp\/v2\/media\/348364"}],"wp:attachment":[{"href":"https:\/\/www.webdo.tn\/fr\/wp-json\/wp\/v2\/media?parent=201187"}],"wp:term":[{"taxonomy":"category","embeddable":true,"href":"https:\/\/www.webdo.tn\/fr\/wp-json\/wp\/v2\/categories?post=201187"},{"taxonomy":"post_tag","embeddable":true,"href":"https:\/\/www.webdo.tn\/fr\/wp-json\/wp\/v2\/tags?post=201187"}],"curies":[{"name":"wp","href":"https:\/\/api.w.org\/{rel}","templated":true}]}}