{"id":201184,"date":"2022-12-27T08:26:00","date_gmt":"2022-12-27T08:26:00","guid":{"rendered":"https:\/\/www.webdo.tn\/fr\/actualite\/blog\/expulsion-de-migrants-le-ftdes-denonce-une-decision-inhumaine-et-repressive\/201184\/"},"modified":"2025-05-22T11:39:46","modified_gmt":"2025-05-22T11:39:46","slug":"expulsion-de-migrants-le-ftdes-denonce-une-decision-inhumaine-et-repressive","status":"publish","type":"post","link":"https:\/\/www.webdo.tn\/fr\/actualite\/national\/expulsion-de-migrants-le-ftdes-denonce-une-decision-inhumaine-et-repressive\/201184\/","title":{"rendered":"Expulsion de migrants : Le FTDES d\u00e9nonce une d\u00e9cision \u00ab\u00a0inhumaine et r\u00e9pressive\u00a0\u00bb"},"content":{"rendered":"<p>Le gouvernement avait d\u00e9cid\u00e9, lors d&rsquo;un Conseil minist\u00e9riel vendredi, l&rsquo;expulsion \u00ab\u00a0dans les plus brefs d\u00e9lais\u00a0\u00bb de migrants h\u00e9berg\u00e9s \u00e0 la maison de jeunes de la Marsa.<\/p>\n<p> Le Forum tunisien pour les droits \u00e9conomiques et sociaux a vivement r\u00e9agi \u00e0 la d\u00e9cision d&rsquo;expulser un groupe de migrants clandestins arriv\u00e9s en Tunisie en 2011.\u00a0<\/p>\n<p>L&rsquo;ONG de d\u00e9fense des droits des exil\u00e9s a d\u00e9nonc\u00e9 une d\u00e9cision \u00ab\u00a0inhumaine et r\u00e9pressive\u00a0\u00bb. Elle estime que le renvoi dans leur pays des migrants concern\u00e9s constitue une menace pour leur vie.<\/p>\n<p>Ce groupe occupe depuis plus de cinq ans une Maison de jeunesse \u00e0 La Marsa \u00ab\u00a0entravant ses activit\u00e9s\u00a0\u00bb par \u00ab\u00a0leur refus cat\u00e9gorique de quitter ce lieu\u00a0\u00bb, selon un communiqu\u00e9 de la pr\u00e9sidence du gouvernement.<\/p>\n","protected":false},"excerpt":{"rendered":"<p>Le gouvernement avait d\u00e9cid\u00e9, lors d&rsquo;un Conseil minist\u00e9riel vendredi, l&rsquo;expulsion  dans les plus brefs d\u00e9lais  de migrants h\u00e9berg\u00e9s \u00e0 la maison de jeunes de la&#8230;<\/p>\n","protected":false},"author":3175,"featured_media":348366,"comment_status":"open","ping_status":"closed","sticky":false,"template":"","format":"standard","meta":{"footnotes":""},"categories":[44],"tags":[3228,2894,2608],"class_list":["post-201184","post","type-post","status-publish","format-standard","has-post-thumbnail","hentry","category-national","tag-ftdes","tag-migrants","tag-tunisie"],"yoast_head":"<!-- This site is optimized with the Yoast SEO Premium plugin v27.4 (Yoast SEO v27.5) - https:\/\/yoast.com\/product\/yoast-seo-premium-wordpress\/ -->\n<title>Expulsion de migrants : Le FTDES d\u00e9nonce une d\u00e9cision inhumaine et r\u00e9pressive<\/title>\n<meta name=\"description\" content=\"Le gouvernement avait d\u00e9cid\u00e9, lors d&#039;un Conseil minist\u00e9riel vendredi, l&#039;expulsion dans les plus brefs d\u00e9lais de migrants h\u00e9berg\u00e9s \u00e0 la maison de jeunes de la...\" \/>\n<link rel=\"canonical\" href=\"https:\/\/www.webdo.tn\/fr\/actualite\/national-45\/expulsion-de-migrants-le-ftdes-denonce-une-decision-inhumaine-et-repressive\/201184\/\" \/>\n<meta property=\"og:locale\" content=\"fr_FR\" \/>\n<meta property=\"og:type\" content=\"article\" \/>\n<meta property=\"og:title\" content=\"Expulsion de migrants : Le FTDES d\u00e9nonce une d\u00e9cision &quot;inhumaine et r\u00e9pressive&quot;\" \/>\n<meta property=\"og:description\" content=\"Le gouvernement avait d\u00e9cid\u00e9, lors d&#039;un Conseil minist\u00e9riel vendredi, l&#039;expulsion dans les plus brefs d\u00e9lais de migrants h\u00e9berg\u00e9s \u00e0 la maison de jeunes de la...\" \/>\n<meta property=\"og:url\" content=\"https:\/\/www.webdo.tn\/fr\/actualite\/national-45\/expulsion-de-migrants-le-ftdes-denonce-une-decision-inhumaine-et-repressive\/201184\/\" \/>\n<meta property=\"og:site_name\" content=\"webdo\" \/>\n<meta property=\"article:publisher\" content=\"https:\/\/www.facebook.com\/webdotn\" \/>\n<meta property=\"article:published_time\" content=\"2022-12-27T08:26:00+00:00\" \/>\n<meta property=\"article:modified_time\" content=\"2025-05-22T11:39:46+00:00\" \/>\n<meta property=\"og:image\" content=\"https:\/\/www.webdo.tn\/fr\/wp-content\/uploads\/2022\/12\/4a3ae48fdfa50d3c2ee609f64fcceb2c.jpeg\" \/>\n\t<meta property=\"og:image:width\" content=\"750\" \/>\n\t<meta property=\"og:image:height\" content=\"400\" \/>\n\t<meta property=\"og:image:type\" content=\"image\/jpeg\" \/>\n<meta name=\"author\" content=\"CL\" \/>\n<meta name=\"twitter:card\" content=\"summary_large_image\" \/>\n<meta name=\"twitter:creator\" content=\"@webdo_tn\" \/>\n<meta name=\"twitter:site\" content=\"@webdo_tn\" \/>\n<meta name=\"twitter:label1\" content=\"\u00c9crit par\" \/>\n\t<meta name=\"twitter:data1\" content=\"CL\" \/>\n\t<meta name=\"twitter:label2\" content=\"Dur\u00e9e de lecture estim\u00e9e\" \/>\n\t<meta name=\"twitter:data2\" content=\"1 minute\" \/>\n<script type=\"application\/ld+json\" class=\"yoast-schema-graph\">{\"@context\":\"https:\\\/\\\/schema.org\",\"@graph\":[{\"@type\":\"NewsArticle\",\"@id\":\"https:\\\/\\\/www.webdo.tn\\\/fr\\\/actualite\\\/national-45\\\/expulsion-de-migrants-le-ftdes-denonce-une-decision-inhumaine-et-repressive\\\/201184\\\/#article\",\"isPartOf\":{\"@id\":\"https:\\\/\\\/www.webdo.tn\\\/fr\\\/actualite\\\/national-45\\\/expulsion-de-migrants-le-ftdes-denonce-une-decision-inhumaine-et-repressive\\\/201184\\\/\"},\"author\":{\"name\":\"CL\",\"@id\":\"https:\\\/\\\/www.webdo.tn\\\/fr\\\/#\\\/schema\\\/person\\\/f35b42a42c5e2511bbd282959d6385cc\"},\"headline\":\"Expulsion de migrants : Le FTDES d\u00e9nonce une d\u00e9cision \u00ab\u00a0inhumaine et r\u00e9pressive\u00a0\u00bb\",\"datePublished\":\"2022-12-27T08:26:00+00:00\",\"dateModified\":\"2025-05-22T11:39:46+00:00\",\"mainEntityOfPage\":{\"@id\":\"https:\\\/\\\/www.webdo.tn\\\/fr\\\/actualite\\\/national-45\\\/expulsion-de-migrants-le-ftdes-denonce-une-decision-inhumaine-et-repressive\\\/201184\\\/\"},\"wordCount\":148,\"commentCount\":0,\"publisher\":{\"@id\":\"https:\\\/\\\/www.webdo.tn\\\/fr\\\/#organization\"},\"image\":{\"@id\":\"https:\\\/\\\/www.webdo.tn\\\/fr\\\/actualite\\\/national-45\\\/expulsion-de-migrants-le-ftdes-denonce-une-decision-inhumaine-et-repressive\\\/201184\\\/#primaryimage\"},\"thumbnailUrl\":\"https:\\\/\\\/www.webdo.tn\\\/fr\\\/wp-content\\\/uploads\\\/2022\\\/12\\\/4a3ae48fdfa50d3c2ee609f64fcceb2c.jpeg\",\"keywords\":[\"ftdes\",\"migrants\",\"Tunisie\"],\"articleSection\":[\"National\"],\"inLanguage\":\"fr-FR\"},{\"@type\":\"WebPage\",\"@id\":\"https:\\\/\\\/www.webdo.tn\\\/fr\\\/actualite\\\/national-45\\\/expulsion-de-migrants-le-ftdes-denonce-une-decision-inhumaine-et-repressive\\\/201184\\\/\",\"url\":\"https:\\\/\\\/www.webdo.tn\\\/fr\\\/actualite\\\/national-45\\\/expulsion-de-migrants-le-ftdes-denonce-une-decision-inhumaine-et-repressive\\\/201184\\\/\",\"name\":\"Expulsion de migrants : Le FTDES d\u00e9nonce une d\u00e9cision inhumaine et r\u00e9pressive\",\"isPartOf\":{\"@id\":\"https:\\\/\\\/www.webdo.tn\\\/fr\\\/#website\"},\"primaryImageOfPage\":{\"@id\":\"https:\\\/\\\/www.webdo.tn\\\/fr\\\/actualite\\\/national-45\\\/expulsion-de-migrants-le-ftdes-denonce-une-decision-inhumaine-et-repressive\\\/201184\\\/#primaryimage\"},\"image\":{\"@id\":\"https:\\\/\\\/www.webdo.tn\\\/fr\\\/actualite\\\/national-45\\\/expulsion-de-migrants-le-ftdes-denonce-une-decision-inhumaine-et-repressive\\\/201184\\\/#primaryimage\"},\"thumbnailUrl\":\"https:\\\/\\\/www.webdo.tn\\\/fr\\\/wp-content\\\/uploads\\\/2022\\\/12\\\/4a3ae48fdfa50d3c2ee609f64fcceb2c.jpeg\",\"datePublished\":\"2022-12-27T08:26:00+00:00\",\"dateModified\":\"2025-05-22T11:39:46+00:00\",\"description\":\"Le gouvernement avait d\u00e9cid\u00e9, lors d'un Conseil minist\u00e9riel vendredi, l'expulsion dans les plus brefs d\u00e9lais de migrants h\u00e9berg\u00e9s \u00e0 la maison de jeunes de la...\",\"breadcrumb\":{\"@id\":\"https:\\\/\\\/www.webdo.tn\\\/fr\\\/actualite\\\/national-45\\\/expulsion-de-migrants-le-ftdes-denonce-une-decision-inhumaine-et-repressive\\\/201184\\\/#breadcrumb\"},\"inLanguage\":\"fr-FR\",\"potentialAction\":[{\"@type\":\"ReadAction\",\"target\":[\"https:\\\/\\\/www.webdo.tn\\\/fr\\\/actualite\\\/national-45\\\/expulsion-de-migrants-le-ftdes-denonce-une-decision-inhumaine-et-repressive\\\/201184\\\/\"]}]},{\"@type\":\"ImageObject\",\"inLanguage\":\"fr-FR\",\"@id\":\"https:\\\/\\\/www.webdo.tn\\\/fr\\\/actualite\\\/national-45\\\/expulsion-de-migrants-le-ftdes-denonce-une-decision-inhumaine-et-repressive\\\/201184\\\/#primaryimage\",\"url\":\"https:\\\/\\\/www.webdo.tn\\\/fr\\\/wp-content\\\/uploads\\\/2022\\\/12\\\/4a3ae48fdfa50d3c2ee609f64fcceb2c.jpeg\",\"contentUrl\":\"https:\\\/\\\/www.webdo.tn\\\/fr\\\/wp-content\\\/uploads\\\/2022\\\/12\\\/4a3ae48fdfa50d3c2ee609f64fcceb2c.jpeg\",\"width\":750,\"height\":400,\"caption\":\"Migrants\"},{\"@type\":\"BreadcrumbList\",\"@id\":\"https:\\\/\\\/www.webdo.tn\\\/fr\\\/actualite\\\/national-45\\\/expulsion-de-migrants-le-ftdes-denonce-une-decision-inhumaine-et-repressive\\\/201184\\\/#breadcrumb\",\"itemListElement\":[{\"@type\":\"ListItem\",\"position\":1,\"name\":\"Accueil\",\"item\":\"https:\\\/\\\/www.webdo.tn\\\/fr\\\/\"},{\"@type\":\"ListItem\",\"position\":2,\"name\":\"Expulsion de migrants : Le FTDES d\u00e9nonce une d\u00e9cision \u00ab\u00a0inhumaine et r\u00e9pressive\u00a0\u00bb\"}]},{\"@type\":\"WebSite\",\"@id\":\"https:\\\/\\\/www.webdo.tn\\\/fr\\\/#website\",\"url\":\"https:\\\/\\\/www.webdo.tn\\\/fr\\\/\",\"name\":\"webdo\",\"description\":\"Tunisie - News en Tunisie et \u00e0 l&#039;international sur Webdo.tn\",\"publisher\":{\"@id\":\"https:\\\/\\\/www.webdo.tn\\\/fr\\\/#organization\"},\"potentialAction\":[{\"@type\":\"SearchAction\",\"target\":{\"@type\":\"EntryPoint\",\"urlTemplate\":\"https:\\\/\\\/www.webdo.tn\\\/fr\\\/?s={search_term_string}\"},\"query-input\":{\"@type\":\"PropertyValueSpecification\",\"valueRequired\":true,\"valueName\":\"search_term_string\"}}],\"inLanguage\":\"fr-FR\"},{\"@type\":\"Organization\",\"@id\":\"https:\\\/\\\/www.webdo.tn\\\/fr\\\/#organization\",\"name\":\"Webdo\",\"alternateName\":\"Webdo.tn\",\"url\":\"https:\\\/\\\/www.webdo.tn\\\/fr\\\/\",\"logo\":{\"@type\":\"ImageObject\",\"inLanguage\":\"fr-FR\",\"@id\":\"https:\\\/\\\/www.webdo.tn\\\/fr\\\/#\\\/schema\\\/logo\\\/image\\\/\",\"url\":\"https:\\\/\\\/www.webdo.tn\\\/fr\\\/wp-content\\\/uploads\\\/2025\\\/06\\\/Webdo-Tunisie_168377.jpg\",\"contentUrl\":\"https:\\\/\\\/www.webdo.tn\\\/fr\\\/wp-content\\\/uploads\\\/2025\\\/06\\\/Webdo-Tunisie_168377.jpg\",\"width\":301,\"height\":301,\"caption\":\"Webdo\"},\"image\":{\"@id\":\"https:\\\/\\\/www.webdo.tn\\\/fr\\\/#\\\/schema\\\/logo\\\/image\\\/\"},\"sameAs\":[\"https:\\\/\\\/www.facebook.com\\\/webdotn\",\"https:\\\/\\\/x.com\\\/webdo_tn\"],\"description\":\"Webdo est un m\u00e9dia num\u00e9rique tunisien fond\u00e9 en 2010, sp\u00e9cialis\u00e9 dans l\u2019actualit\u00e9 nationale et internationale, l\u2019\u00e9conomie, la soci\u00e9t\u00e9 et les analyses politiques. Le site s\u2019adresse \u00e0 un large public francophone et couvre l\u2019information tunisienne en temps r\u00e9el.\",\"email\":\"redac@webdo.tn\",\"legalName\":\"YNJ SARL\",\"foundingDate\":\"2010-09-06\",\"numberOfEmployees\":{\"@type\":\"QuantitativeValue\",\"minValue\":\"11\",\"maxValue\":\"50\"}},{\"@type\":\"Person\",\"@id\":\"https:\\\/\\\/www.webdo.tn\\\/fr\\\/#\\\/schema\\\/person\\\/f35b42a42c5e2511bbd282959d6385cc\",\"name\":\"CL\",\"image\":{\"@type\":\"ImageObject\",\"inLanguage\":\"fr-FR\",\"@id\":\"https:\\\/\\\/secure.gravatar.com\\\/avatar\\\/1447a49909b67aa657c488aec6512e1dd6143a480c1ecfee9b5b5cd74eb3b59e?s=96&d=mm&r=g\",\"url\":\"https:\\\/\\\/secure.gravatar.com\\\/avatar\\\/1447a49909b67aa657c488aec6512e1dd6143a480c1ecfee9b5b5cd74eb3b59e?s=96&d=mm&r=g\",\"contentUrl\":\"https:\\\/\\\/secure.gravatar.com\\\/avatar\\\/1447a49909b67aa657c488aec6512e1dd6143a480c1ecfee9b5b5cd74eb3b59e?s=96&d=mm&r=g\",\"caption\":\"CL\"},\"url\":\"https:\\\/\\\/www.webdo.tn\\\/fr\\\/actualite\\\/author\\\/cl\\\/\"}]}<\/script>\n<!-- \/ Yoast SEO Premium plugin. -->","yoast_head_json":{"title":"Expulsion de migrants : Le FTDES d\u00e9nonce une d\u00e9cision inhumaine et r\u00e9pressive","description":"Le gouvernement avait d\u00e9cid\u00e9, lors d'un Conseil minist\u00e9riel vendredi, l'expulsion dans les plus brefs d\u00e9lais de migrants h\u00e9berg\u00e9s \u00e0 la maison de jeunes de la...","canonical":"https:\/\/www.webdo.tn\/fr\/actualite\/national-45\/expulsion-de-migrants-le-ftdes-denonce-une-decision-inhumaine-et-repressive\/201184\/","og_locale":"fr_FR","og_type":"article","og_title":"Expulsion de migrants : Le FTDES d\u00e9nonce une d\u00e9cision \"inhumaine et r\u00e9pressive\"","og_description":"Le gouvernement avait d\u00e9cid\u00e9, lors d'un Conseil minist\u00e9riel vendredi, l'expulsion dans les plus brefs d\u00e9lais de migrants h\u00e9berg\u00e9s \u00e0 la maison de jeunes de la...","og_url":"https:\/\/www.webdo.tn\/fr\/actualite\/national-45\/expulsion-de-migrants-le-ftdes-denonce-une-decision-inhumaine-et-repressive\/201184\/","og_site_name":"webdo","article_publisher":"https:\/\/www.facebook.com\/webdotn","article_published_time":"2022-12-27T08:26:00+00:00","article_modified_time":"2025-05-22T11:39:46+00:00","og_image":[{"width":750,"height":400,"url":"https:\/\/www.webdo.tn\/fr\/wp-content\/uploads\/2022\/12\/4a3ae48fdfa50d3c2ee609f64fcceb2c.jpeg","type":"image\/jpeg"}],"author":"CL","twitter_card":"summary_large_image","twitter_creator":"@webdo_tn","twitter_site":"@webdo_tn","twitter_misc":{"\u00c9crit par":"CL","Dur\u00e9e de lecture estim\u00e9e":"1 minute"},"schema":{"@context":"https:\/\/schema.org","@graph":[{"@type":"NewsArticle","@id":"https:\/\/www.webdo.tn\/fr\/actualite\/national-45\/expulsion-de-migrants-le-ftdes-denonce-une-decision-inhumaine-et-repressive\/201184\/#article","isPartOf":{"@id":"https:\/\/www.webdo.tn\/fr\/actualite\/national-45\/expulsion-de-migrants-le-ftdes-denonce-une-decision-inhumaine-et-repressive\/201184\/"},"author":{"name":"CL","@id":"https:\/\/www.webdo.tn\/fr\/#\/schema\/person\/f35b42a42c5e2511bbd282959d6385cc"},"headline":"Expulsion de migrants : Le FTDES d\u00e9nonce une d\u00e9cision \u00ab\u00a0inhumaine et r\u00e9pressive\u00a0\u00bb","datePublished":"2022-12-27T08:26:00+00:00","dateModified":"2025-05-22T11:39:46+00:00","mainEntityOfPage":{"@id":"https:\/\/www.webdo.tn\/fr\/actualite\/national-45\/expulsion-de-migrants-le-ftdes-denonce-une-decision-inhumaine-et-repressive\/201184\/"},"wordCount":148,"commentCount":0,"publisher":{"@id":"https:\/\/www.webdo.tn\/fr\/#organization"},"image":{"@id":"https:\/\/www.webdo.tn\/fr\/actualite\/national-45\/expulsion-de-migrants-le-ftdes-denonce-une-decision-inhumaine-et-repressive\/201184\/#primaryimage"},"thumbnailUrl":"https:\/\/www.webdo.tn\/fr\/wp-content\/uploads\/2022\/12\/4a3ae48fdfa50d3c2ee609f64fcceb2c.jpeg","keywords":["ftdes","migrants","Tunisie"],"articleSection":["National"],"inLanguage":"fr-FR"},{"@type":"WebPage","@id":"https:\/\/www.webdo.tn\/fr\/actualite\/national-45\/expulsion-de-migrants-le-ftdes-denonce-une-decision-inhumaine-et-repressive\/201184\/","url":"https:\/\/www.webdo.tn\/fr\/actualite\/national-45\/expulsion-de-migrants-le-ftdes-denonce-une-decision-inhumaine-et-repressive\/201184\/","name":"Expulsion de migrants : Le FTDES d\u00e9nonce une d\u00e9cision inhumaine et r\u00e9pressive","isPartOf":{"@id":"https:\/\/www.webdo.tn\/fr\/#website"},"primaryImageOfPage":{"@id":"https:\/\/www.webdo.tn\/fr\/actualite\/national-45\/expulsion-de-migrants-le-ftdes-denonce-une-decision-inhumaine-et-repressive\/201184\/#primaryimage"},"image":{"@id":"https:\/\/www.webdo.tn\/fr\/actualite\/national-45\/expulsion-de-migrants-le-ftdes-denonce-une-decision-inhumaine-et-repressive\/201184\/#primaryimage"},"thumbnailUrl":"https:\/\/www.webdo.tn\/fr\/wp-content\/uploads\/2022\/12\/4a3ae48fdfa50d3c2ee609f64fcceb2c.jpeg","datePublished":"2022-12-27T08:26:00+00:00","dateModified":"2025-05-22T11:39:46+00:00","description":"Le gouvernement avait d\u00e9cid\u00e9, lors d'un Conseil minist\u00e9riel vendredi, l'expulsion dans les plus brefs d\u00e9lais de migrants h\u00e9berg\u00e9s \u00e0 la maison de jeunes de la...","breadcrumb":{"@id":"https:\/\/www.webdo.tn\/fr\/actualite\/national-45\/expulsion-de-migrants-le-ftdes-denonce-une-decision-inhumaine-et-repressive\/201184\/#breadcrumb"},"inLanguage":"fr-FR","potentialAction":[{"@type":"ReadAction","target":["https:\/\/www.webdo.tn\/fr\/actualite\/national-45\/expulsion-de-migrants-le-ftdes-denonce-une-decision-inhumaine-et-repressive\/201184\/"]}]},{"@type":"ImageObject","inLanguage":"fr-FR","@id":"https:\/\/www.webdo.tn\/fr\/actualite\/national-45\/expulsion-de-migrants-le-ftdes-denonce-une-decision-inhumaine-et-repressive\/201184\/#primaryimage","url":"https:\/\/www.webdo.tn\/fr\/wp-content\/uploads\/2022\/12\/4a3ae48fdfa50d3c2ee609f64fcceb2c.jpeg","contentUrl":"https:\/\/www.webdo.tn\/fr\/wp-content\/uploads\/2022\/12\/4a3ae48fdfa50d3c2ee609f64fcceb2c.jpeg","width":750,"height":400,"caption":"Migrants"},{"@type":"BreadcrumbList","@id":"https:\/\/www.webdo.tn\/fr\/actualite\/national-45\/expulsion-de-migrants-le-ftdes-denonce-une-decision-inhumaine-et-repressive\/201184\/#breadcrumb","itemListElement":[{"@type":"ListItem","position":1,"name":"Accueil","item":"https:\/\/www.webdo.tn\/fr\/"},{"@type":"ListItem","position":2,"name":"Expulsion de migrants : Le FTDES d\u00e9nonce une d\u00e9cision \u00ab\u00a0inhumaine et r\u00e9pressive\u00a0\u00bb"}]},{"@type":"WebSite","@id":"https:\/\/www.webdo.tn\/fr\/#website","url":"https:\/\/www.webdo.tn\/fr\/","name":"webdo","description":"Tunisie - News en Tunisie et \u00e0 l&#039;international sur Webdo.tn","publisher":{"@id":"https:\/\/www.webdo.tn\/fr\/#organization"},"potentialAction":[{"@type":"SearchAction","target":{"@type":"EntryPoint","urlTemplate":"https:\/\/www.webdo.tn\/fr\/?s={search_term_string}"},"query-input":{"@type":"PropertyValueSpecification","valueRequired":true,"valueName":"search_term_string"}}],"inLanguage":"fr-FR"},{"@type":"Organization","@id":"https:\/\/www.webdo.tn\/fr\/#organization","name":"Webdo","alternateName":"Webdo.tn","url":"https:\/\/www.webdo.tn\/fr\/","logo":{"@type":"ImageObject","inLanguage":"fr-FR","@id":"https:\/\/www.webdo.tn\/fr\/#\/schema\/logo\/image\/","url":"https:\/\/www.webdo.tn\/fr\/wp-content\/uploads\/2025\/06\/Webdo-Tunisie_168377.jpg","contentUrl":"https:\/\/www.webdo.tn\/fr\/wp-content\/uploads\/2025\/06\/Webdo-Tunisie_168377.jpg","width":301,"height":301,"caption":"Webdo"},"image":{"@id":"https:\/\/www.webdo.tn\/fr\/#\/schema\/logo\/image\/"},"sameAs":["https:\/\/www.facebook.com\/webdotn","https:\/\/x.com\/webdo_tn"],"description":"Webdo est un m\u00e9dia num\u00e9rique tunisien fond\u00e9 en 2010, sp\u00e9cialis\u00e9 dans l\u2019actualit\u00e9 nationale et internationale, l\u2019\u00e9conomie, la soci\u00e9t\u00e9 et les analyses politiques. Le site s\u2019adresse \u00e0 un large public francophone et couvre l\u2019information tunisienne en temps r\u00e9el.","email":"redac@webdo.tn","legalName":"YNJ SARL","foundingDate":"2010-09-06","numberOfEmployees":{"@type":"QuantitativeValue","minValue":"11","maxValue":"50"}},{"@type":"Person","@id":"https:\/\/www.webdo.tn\/fr\/#\/schema\/person\/f35b42a42c5e2511bbd282959d6385cc","name":"CL","image":{"@type":"ImageObject","inLanguage":"fr-FR","@id":"https:\/\/secure.gravatar.com\/avatar\/1447a49909b67aa657c488aec6512e1dd6143a480c1ecfee9b5b5cd74eb3b59e?s=96&d=mm&r=g","url":"https:\/\/secure.gravatar.com\/avatar\/1447a49909b67aa657c488aec6512e1dd6143a480c1ecfee9b5b5cd74eb3b59e?s=96&d=mm&r=g","contentUrl":"https:\/\/secure.gravatar.com\/avatar\/1447a49909b67aa657c488aec6512e1dd6143a480c1ecfee9b5b5cd74eb3b59e?s=96&d=mm&r=g","caption":"CL"},"url":"https:\/\/www.webdo.tn\/fr\/actualite\/author\/cl\/"}]}},"_links":{"self":[{"href":"https:\/\/www.webdo.tn\/fr\/wp-json\/wp\/v2\/posts\/201184","targetHints":{"allow":["GET"]}}],"collection":[{"href":"https:\/\/www.webdo.tn\/fr\/wp-json\/wp\/v2\/posts"}],"about":[{"href":"https:\/\/www.webdo.tn\/fr\/wp-json\/wp\/v2\/types\/post"}],"author":[{"embeddable":true,"href":"https:\/\/www.webdo.tn\/fr\/wp-json\/wp\/v2\/users\/3175"}],"replies":[{"embeddable":true,"href":"https:\/\/www.webdo.tn\/fr\/wp-json\/wp\/v2\/comments?post=201184"}],"version-history":[{"count":0,"href":"https:\/\/www.webdo.tn\/fr\/wp-json\/wp\/v2\/posts\/201184\/revisions"}],"wp:featuredmedia":[{"embeddable":true,"href":"https:\/\/www.webdo.tn\/fr\/wp-json\/wp\/v2\/media\/348366"}],"wp:attachment":[{"href":"https:\/\/www.webdo.tn\/fr\/wp-json\/wp\/v2\/media?parent=201184"}],"wp:term":[{"taxonomy":"category","embeddable":true,"href":"https:\/\/www.webdo.tn\/fr\/wp-json\/wp\/v2\/categories?post=201184"},{"taxonomy":"post_tag","embeddable":true,"href":"https:\/\/www.webdo.tn\/fr\/wp-json\/wp\/v2\/tags?post=201184"}],"curies":[{"name":"wp","href":"https:\/\/api.w.org\/{rel}","templated":true}]}}