{"id":201179,"date":"2022-12-26T19:48:00","date_gmt":"2022-12-26T19:48:00","guid":{"rendered":"https:\/\/www.webdo.tn\/fr\/actualite\/blog\/nemsia-la-tunisie-devrait-parvenir-debut-2023-a-un-accord-definitif-avec-le-fmi\/201179\/"},"modified":"2025-05-22T11:39:42","modified_gmt":"2025-05-22T11:39:42","slug":"nemsia-la-tunisie-devrait-parvenir-debut-2023-a-un-accord-definitif-avec-le-fmi","status":"publish","type":"post","link":"https:\/\/www.webdo.tn\/fr\/actualite\/national\/nemsia-la-tunisie-devrait-parvenir-debut-2023-a-un-accord-definitif-avec-le-fmi\/201179\/","title":{"rendered":"\u00ab La Tunisie devrait parvenir \u00e0 un accord d\u00e9finitif avec le FMI d\u00e9but 2023 \u00bb"},"content":{"rendered":"<p>\u00ab\u00a0La Tunisie devrait parvenir, au d\u00e9but de l&rsquo;ann\u00e9e 2023, \u00e0 un accord d\u00e9finitif avec le Fonds mon\u00e9taire international(FMI) \u00ab\u00a0, a estim\u00e9 la ministre des Finances, Sihem Boughdiri Nemsia.<\/p>\n<p> nIntervenant lors d&rsquo;une conf\u00e9rence de presse tenue, lundi, \u00e0 la Cit\u00e9 de la Culture \u00e0 Tunis, pour pr\u00e9senter les mesures inscrites dans le cadre de la loi de finances(LF) 2023, elle a rappel\u00e9 que \u00a0\u00bb l\u2019affaire concerne tout simplement le report de la date de r\u00e9union du conseil d&rsquo;administration du FMI consacr\u00e9e \u00e0 l&rsquo;examen du dossier de la Tunisie relatif au programme de pr\u00eat \u00ab\u00a0.\u00a0<\/p>\n<p>Le 14 d\u00e9cembre 2022, le Conseil d&rsquo;administration du FMI avait report\u00e9 l&rsquo;examen et l&rsquo;approbation de la Facilit\u00e9 \u00e9largie de cr\u00e9dit pour la Tunisie, pr\u00e9vue initialement le 19 d\u00e9cembre 2022.\u00a0<\/p>\n<p>Une source officielle a pr\u00e9cis\u00e9, le 15 d\u00e9cembre 2022, \u00e0 l\u2019Agence TAP, qu\u2019une nouvelle date sera convenue entre les autorit\u00e9s tunisiennes et le FMI afin de donner aux autorit\u00e9s du pays davantage de temps pour finaliser les d\u00e9tails du programme de r\u00e9forme qu&rsquo;elles lui ont pr\u00e9sent\u00e9.\u00a0<\/p>\n<p>La Tunisie envisage de pr\u00e9senter \u00e0 nouveau le dossier, lors de la reprise des r\u00e9unions de la direction du FMI apr\u00e8s les vacances de fin d&rsquo;ann\u00e9e, durant le mois de janvier 2023, a fait savoir la m\u00eame source.<\/p>\n","protected":false},"excerpt":{"rendered":"<p> La Tunisie devrait parvenir, au d\u00e9but de l&rsquo;ann\u00e9e 2023, \u00e0 un accord d\u00e9finitif avec le Fonds mon\u00e9taire international(FMI)  , a estim\u00e9 la ministre des Finances, S&#8230;<\/p>\n","protected":false},"author":3175,"featured_media":348363,"comment_status":"open","ping_status":"closed","sticky":false,"template":"","format":"standard","meta":{"footnotes":""},"categories":[44],"tags":[4233,2608],"class_list":["post-201179","post","type-post","status-publish","format-standard","has-post-thumbnail","hentry","category-national","tag-fmi","tag-tunisie"],"yoast_head":"<!-- This site is optimized with the Yoast SEO Premium plugin v27.4 (Yoast SEO v27.4) - https:\/\/yoast.com\/product\/yoast-seo-premium-wordpress\/ -->\n<title>\u00ab La Tunisie devrait parvenir \u00e0 un accord d\u00e9finitif avec le FMI d\u00e9but 2023 \u00bb<\/title>\n<meta name=\"description\" content=\"La Tunisie devrait parvenir, au d\u00e9but de l&#039;ann\u00e9e 2023, \u00e0 un accord d\u00e9finitif avec le Fonds mon\u00e9taire international(FMI) , a estim\u00e9 la ministre des Finances, S...\" \/>\n<link rel=\"canonical\" href=\"https:\/\/www.webdo.tn\/fr\/actualite\/national-45\/nemsia-la-tunisie-devrait-parvenir-debut-2023-a-un-accord-definitif-avec-le-fmi\/201179\/\" \/>\n<meta property=\"og:locale\" content=\"fr_FR\" \/>\n<meta property=\"og:type\" content=\"article\" \/>\n<meta property=\"og:title\" content=\"\u00ab La Tunisie devrait parvenir \u00e0 un accord d\u00e9finitif avec le FMI d\u00e9but 2023 \u00bb\" \/>\n<meta property=\"og:description\" content=\"La Tunisie devrait parvenir, au d\u00e9but de l&#039;ann\u00e9e 2023, \u00e0 un accord d\u00e9finitif avec le Fonds mon\u00e9taire international(FMI) , a estim\u00e9 la ministre des Finances, S...\" \/>\n<meta property=\"og:url\" content=\"https:\/\/www.webdo.tn\/fr\/actualite\/national-45\/nemsia-la-tunisie-devrait-parvenir-debut-2023-a-un-accord-definitif-avec-le-fmi\/201179\/\" \/>\n<meta property=\"og:site_name\" content=\"webdo\" \/>\n<meta property=\"article:publisher\" content=\"https:\/\/www.facebook.com\/webdotn\" \/>\n<meta property=\"article:published_time\" content=\"2022-12-26T19:48:00+00:00\" \/>\n<meta property=\"article:modified_time\" content=\"2025-05-22T11:39:42+00:00\" \/>\n<meta property=\"og:image\" content=\"https:\/\/www.webdo.tn\/fr\/wp-content\/uploads\/2022\/12\/ce4de1033d348e52568da92261071e10.jpg\" \/>\n\t<meta property=\"og:image:width\" content=\"750\" \/>\n\t<meta property=\"og:image:height\" content=\"400\" \/>\n\t<meta property=\"og:image:type\" content=\"image\/jpeg\" \/>\n<meta name=\"author\" content=\"CL\" \/>\n<meta name=\"twitter:card\" content=\"summary_large_image\" \/>\n<meta name=\"twitter:creator\" content=\"@webdo_tn\" \/>\n<meta name=\"twitter:site\" content=\"@webdo_tn\" \/>\n<meta name=\"twitter:label1\" content=\"\u00c9crit par\" \/>\n\t<meta name=\"twitter:data1\" content=\"CL\" \/>\n\t<meta name=\"twitter:label2\" content=\"Dur\u00e9e de lecture estim\u00e9e\" \/>\n\t<meta name=\"twitter:data2\" content=\"1 minute\" \/>\n<script type=\"application\/ld+json\" class=\"yoast-schema-graph\">{\"@context\":\"https:\\\/\\\/schema.org\",\"@graph\":[{\"@type\":\"NewsArticle\",\"@id\":\"https:\\\/\\\/www.webdo.tn\\\/fr\\\/actualite\\\/national-45\\\/nemsia-la-tunisie-devrait-parvenir-debut-2023-a-un-accord-definitif-avec-le-fmi\\\/201179\\\/#article\",\"isPartOf\":{\"@id\":\"https:\\\/\\\/www.webdo.tn\\\/fr\\\/actualite\\\/national-45\\\/nemsia-la-tunisie-devrait-parvenir-debut-2023-a-un-accord-definitif-avec-le-fmi\\\/201179\\\/\"},\"author\":{\"name\":\"CL\",\"@id\":\"https:\\\/\\\/www.webdo.tn\\\/fr\\\/#\\\/schema\\\/person\\\/f35b42a42c5e2511bbd282959d6385cc\"},\"headline\":\"\u00ab La Tunisie devrait parvenir \u00e0 un accord d\u00e9finitif avec le FMI d\u00e9but 2023 \u00bb\",\"datePublished\":\"2022-12-26T19:48:00+00:00\",\"dateModified\":\"2025-05-22T11:39:42+00:00\",\"mainEntityOfPage\":{\"@id\":\"https:\\\/\\\/www.webdo.tn\\\/fr\\\/actualite\\\/national-45\\\/nemsia-la-tunisie-devrait-parvenir-debut-2023-a-un-accord-definitif-avec-le-fmi\\\/201179\\\/\"},\"wordCount\":240,\"commentCount\":0,\"publisher\":{\"@id\":\"https:\\\/\\\/www.webdo.tn\\\/fr\\\/#organization\"},\"image\":{\"@id\":\"https:\\\/\\\/www.webdo.tn\\\/fr\\\/actualite\\\/national-45\\\/nemsia-la-tunisie-devrait-parvenir-debut-2023-a-un-accord-definitif-avec-le-fmi\\\/201179\\\/#primaryimage\"},\"thumbnailUrl\":\"https:\\\/\\\/www.webdo.tn\\\/fr\\\/wp-content\\\/uploads\\\/2022\\\/12\\\/ce4de1033d348e52568da92261071e10.jpg\",\"keywords\":[\"FMI\",\"Tunisie\"],\"articleSection\":[\"National\"],\"inLanguage\":\"fr-FR\"},{\"@type\":\"WebPage\",\"@id\":\"https:\\\/\\\/www.webdo.tn\\\/fr\\\/actualite\\\/national-45\\\/nemsia-la-tunisie-devrait-parvenir-debut-2023-a-un-accord-definitif-avec-le-fmi\\\/201179\\\/\",\"url\":\"https:\\\/\\\/www.webdo.tn\\\/fr\\\/actualite\\\/national-45\\\/nemsia-la-tunisie-devrait-parvenir-debut-2023-a-un-accord-definitif-avec-le-fmi\\\/201179\\\/\",\"name\":\"\u00ab La Tunisie devrait parvenir \u00e0 un accord d\u00e9finitif avec le FMI d\u00e9but 2023 \u00bb\",\"isPartOf\":{\"@id\":\"https:\\\/\\\/www.webdo.tn\\\/fr\\\/#website\"},\"primaryImageOfPage\":{\"@id\":\"https:\\\/\\\/www.webdo.tn\\\/fr\\\/actualite\\\/national-45\\\/nemsia-la-tunisie-devrait-parvenir-debut-2023-a-un-accord-definitif-avec-le-fmi\\\/201179\\\/#primaryimage\"},\"image\":{\"@id\":\"https:\\\/\\\/www.webdo.tn\\\/fr\\\/actualite\\\/national-45\\\/nemsia-la-tunisie-devrait-parvenir-debut-2023-a-un-accord-definitif-avec-le-fmi\\\/201179\\\/#primaryimage\"},\"thumbnailUrl\":\"https:\\\/\\\/www.webdo.tn\\\/fr\\\/wp-content\\\/uploads\\\/2022\\\/12\\\/ce4de1033d348e52568da92261071e10.jpg\",\"datePublished\":\"2022-12-26T19:48:00+00:00\",\"dateModified\":\"2025-05-22T11:39:42+00:00\",\"description\":\"La Tunisie devrait parvenir, au d\u00e9but de l'ann\u00e9e 2023, \u00e0 un accord d\u00e9finitif avec le Fonds mon\u00e9taire international(FMI) , a estim\u00e9 la ministre des Finances, S...\",\"breadcrumb\":{\"@id\":\"https:\\\/\\\/www.webdo.tn\\\/fr\\\/actualite\\\/national-45\\\/nemsia-la-tunisie-devrait-parvenir-debut-2023-a-un-accord-definitif-avec-le-fmi\\\/201179\\\/#breadcrumb\"},\"inLanguage\":\"fr-FR\",\"potentialAction\":[{\"@type\":\"ReadAction\",\"target\":[\"https:\\\/\\\/www.webdo.tn\\\/fr\\\/actualite\\\/national-45\\\/nemsia-la-tunisie-devrait-parvenir-debut-2023-a-un-accord-definitif-avec-le-fmi\\\/201179\\\/\"]}]},{\"@type\":\"ImageObject\",\"inLanguage\":\"fr-FR\",\"@id\":\"https:\\\/\\\/www.webdo.tn\\\/fr\\\/actualite\\\/national-45\\\/nemsia-la-tunisie-devrait-parvenir-debut-2023-a-un-accord-definitif-avec-le-fmi\\\/201179\\\/#primaryimage\",\"url\":\"https:\\\/\\\/www.webdo.tn\\\/fr\\\/wp-content\\\/uploads\\\/2022\\\/12\\\/ce4de1033d348e52568da92261071e10.jpg\",\"contentUrl\":\"https:\\\/\\\/www.webdo.tn\\\/fr\\\/wp-content\\\/uploads\\\/2022\\\/12\\\/ce4de1033d348e52568da92261071e10.jpg\",\"width\":750,\"height\":400,\"caption\":\"Sihem Nemsia\"},{\"@type\":\"BreadcrumbList\",\"@id\":\"https:\\\/\\\/www.webdo.tn\\\/fr\\\/actualite\\\/national-45\\\/nemsia-la-tunisie-devrait-parvenir-debut-2023-a-un-accord-definitif-avec-le-fmi\\\/201179\\\/#breadcrumb\",\"itemListElement\":[{\"@type\":\"ListItem\",\"position\":1,\"name\":\"Accueil\",\"item\":\"https:\\\/\\\/www.webdo.tn\\\/fr\\\/\"},{\"@type\":\"ListItem\",\"position\":2,\"name\":\"\u00ab La Tunisie devrait parvenir \u00e0 un accord d\u00e9finitif avec le FMI d\u00e9but 2023 \u00bb\"}]},{\"@type\":\"WebSite\",\"@id\":\"https:\\\/\\\/www.webdo.tn\\\/fr\\\/#website\",\"url\":\"https:\\\/\\\/www.webdo.tn\\\/fr\\\/\",\"name\":\"webdo\",\"description\":\"Tunisie - News en Tunisie et \u00e0 l&#039;international sur Webdo.tn\",\"publisher\":{\"@id\":\"https:\\\/\\\/www.webdo.tn\\\/fr\\\/#organization\"},\"potentialAction\":[{\"@type\":\"SearchAction\",\"target\":{\"@type\":\"EntryPoint\",\"urlTemplate\":\"https:\\\/\\\/www.webdo.tn\\\/fr\\\/?s={search_term_string}\"},\"query-input\":{\"@type\":\"PropertyValueSpecification\",\"valueRequired\":true,\"valueName\":\"search_term_string\"}}],\"inLanguage\":\"fr-FR\"},{\"@type\":\"Organization\",\"@id\":\"https:\\\/\\\/www.webdo.tn\\\/fr\\\/#organization\",\"name\":\"Webdo\",\"alternateName\":\"Webdo.tn\",\"url\":\"https:\\\/\\\/www.webdo.tn\\\/fr\\\/\",\"logo\":{\"@type\":\"ImageObject\",\"inLanguage\":\"fr-FR\",\"@id\":\"https:\\\/\\\/www.webdo.tn\\\/fr\\\/#\\\/schema\\\/logo\\\/image\\\/\",\"url\":\"https:\\\/\\\/www.webdo.tn\\\/fr\\\/wp-content\\\/uploads\\\/2025\\\/06\\\/Webdo-Tunisie_168377.jpg\",\"contentUrl\":\"https:\\\/\\\/www.webdo.tn\\\/fr\\\/wp-content\\\/uploads\\\/2025\\\/06\\\/Webdo-Tunisie_168377.jpg\",\"width\":301,\"height\":301,\"caption\":\"Webdo\"},\"image\":{\"@id\":\"https:\\\/\\\/www.webdo.tn\\\/fr\\\/#\\\/schema\\\/logo\\\/image\\\/\"},\"sameAs\":[\"https:\\\/\\\/www.facebook.com\\\/webdotn\",\"https:\\\/\\\/x.com\\\/webdo_tn\"],\"description\":\"Webdo est un m\u00e9dia num\u00e9rique tunisien fond\u00e9 en 2010, sp\u00e9cialis\u00e9 dans l\u2019actualit\u00e9 nationale et internationale, l\u2019\u00e9conomie, la soci\u00e9t\u00e9 et les analyses politiques. Le site s\u2019adresse \u00e0 un large public francophone et couvre l\u2019information tunisienne en temps r\u00e9el.\",\"email\":\"redac@webdo.tn\",\"legalName\":\"YNJ SARL\",\"foundingDate\":\"2010-09-06\",\"numberOfEmployees\":{\"@type\":\"QuantitativeValue\",\"minValue\":\"11\",\"maxValue\":\"50\"}},{\"@type\":\"Person\",\"@id\":\"https:\\\/\\\/www.webdo.tn\\\/fr\\\/#\\\/schema\\\/person\\\/f35b42a42c5e2511bbd282959d6385cc\",\"name\":\"CL\",\"image\":{\"@type\":\"ImageObject\",\"inLanguage\":\"fr-FR\",\"@id\":\"https:\\\/\\\/secure.gravatar.com\\\/avatar\\\/1447a49909b67aa657c488aec6512e1dd6143a480c1ecfee9b5b5cd74eb3b59e?s=96&d=mm&r=g\",\"url\":\"https:\\\/\\\/secure.gravatar.com\\\/avatar\\\/1447a49909b67aa657c488aec6512e1dd6143a480c1ecfee9b5b5cd74eb3b59e?s=96&d=mm&r=g\",\"contentUrl\":\"https:\\\/\\\/secure.gravatar.com\\\/avatar\\\/1447a49909b67aa657c488aec6512e1dd6143a480c1ecfee9b5b5cd74eb3b59e?s=96&d=mm&r=g\",\"caption\":\"CL\"},\"url\":\"https:\\\/\\\/www.webdo.tn\\\/fr\\\/actualite\\\/author\\\/cl\\\/\"}]}<\/script>\n<!-- \/ Yoast SEO Premium plugin. -->","yoast_head_json":{"title":"\u00ab La Tunisie devrait parvenir \u00e0 un accord d\u00e9finitif avec le FMI d\u00e9but 2023 \u00bb","description":"La Tunisie devrait parvenir, au d\u00e9but de l'ann\u00e9e 2023, \u00e0 un accord d\u00e9finitif avec le Fonds mon\u00e9taire international(FMI) , a estim\u00e9 la ministre des Finances, S...","canonical":"https:\/\/www.webdo.tn\/fr\/actualite\/national-45\/nemsia-la-tunisie-devrait-parvenir-debut-2023-a-un-accord-definitif-avec-le-fmi\/201179\/","og_locale":"fr_FR","og_type":"article","og_title":"\u00ab La Tunisie devrait parvenir \u00e0 un accord d\u00e9finitif avec le FMI d\u00e9but 2023 \u00bb","og_description":"La Tunisie devrait parvenir, au d\u00e9but de l'ann\u00e9e 2023, \u00e0 un accord d\u00e9finitif avec le Fonds mon\u00e9taire international(FMI) , a estim\u00e9 la ministre des Finances, S...","og_url":"https:\/\/www.webdo.tn\/fr\/actualite\/national-45\/nemsia-la-tunisie-devrait-parvenir-debut-2023-a-un-accord-definitif-avec-le-fmi\/201179\/","og_site_name":"webdo","article_publisher":"https:\/\/www.facebook.com\/webdotn","article_published_time":"2022-12-26T19:48:00+00:00","article_modified_time":"2025-05-22T11:39:42+00:00","og_image":[{"width":750,"height":400,"url":"https:\/\/www.webdo.tn\/fr\/wp-content\/uploads\/2022\/12\/ce4de1033d348e52568da92261071e10.jpg","type":"image\/jpeg"}],"author":"CL","twitter_card":"summary_large_image","twitter_creator":"@webdo_tn","twitter_site":"@webdo_tn","twitter_misc":{"\u00c9crit par":"CL","Dur\u00e9e de lecture estim\u00e9e":"1 minute"},"schema":{"@context":"https:\/\/schema.org","@graph":[{"@type":"NewsArticle","@id":"https:\/\/www.webdo.tn\/fr\/actualite\/national-45\/nemsia-la-tunisie-devrait-parvenir-debut-2023-a-un-accord-definitif-avec-le-fmi\/201179\/#article","isPartOf":{"@id":"https:\/\/www.webdo.tn\/fr\/actualite\/national-45\/nemsia-la-tunisie-devrait-parvenir-debut-2023-a-un-accord-definitif-avec-le-fmi\/201179\/"},"author":{"name":"CL","@id":"https:\/\/www.webdo.tn\/fr\/#\/schema\/person\/f35b42a42c5e2511bbd282959d6385cc"},"headline":"\u00ab La Tunisie devrait parvenir \u00e0 un accord d\u00e9finitif avec le FMI d\u00e9but 2023 \u00bb","datePublished":"2022-12-26T19:48:00+00:00","dateModified":"2025-05-22T11:39:42+00:00","mainEntityOfPage":{"@id":"https:\/\/www.webdo.tn\/fr\/actualite\/national-45\/nemsia-la-tunisie-devrait-parvenir-debut-2023-a-un-accord-definitif-avec-le-fmi\/201179\/"},"wordCount":240,"commentCount":0,"publisher":{"@id":"https:\/\/www.webdo.tn\/fr\/#organization"},"image":{"@id":"https:\/\/www.webdo.tn\/fr\/actualite\/national-45\/nemsia-la-tunisie-devrait-parvenir-debut-2023-a-un-accord-definitif-avec-le-fmi\/201179\/#primaryimage"},"thumbnailUrl":"https:\/\/www.webdo.tn\/fr\/wp-content\/uploads\/2022\/12\/ce4de1033d348e52568da92261071e10.jpg","keywords":["FMI","Tunisie"],"articleSection":["National"],"inLanguage":"fr-FR"},{"@type":"WebPage","@id":"https:\/\/www.webdo.tn\/fr\/actualite\/national-45\/nemsia-la-tunisie-devrait-parvenir-debut-2023-a-un-accord-definitif-avec-le-fmi\/201179\/","url":"https:\/\/www.webdo.tn\/fr\/actualite\/national-45\/nemsia-la-tunisie-devrait-parvenir-debut-2023-a-un-accord-definitif-avec-le-fmi\/201179\/","name":"\u00ab La Tunisie devrait parvenir \u00e0 un accord d\u00e9finitif avec le FMI d\u00e9but 2023 \u00bb","isPartOf":{"@id":"https:\/\/www.webdo.tn\/fr\/#website"},"primaryImageOfPage":{"@id":"https:\/\/www.webdo.tn\/fr\/actualite\/national-45\/nemsia-la-tunisie-devrait-parvenir-debut-2023-a-un-accord-definitif-avec-le-fmi\/201179\/#primaryimage"},"image":{"@id":"https:\/\/www.webdo.tn\/fr\/actualite\/national-45\/nemsia-la-tunisie-devrait-parvenir-debut-2023-a-un-accord-definitif-avec-le-fmi\/201179\/#primaryimage"},"thumbnailUrl":"https:\/\/www.webdo.tn\/fr\/wp-content\/uploads\/2022\/12\/ce4de1033d348e52568da92261071e10.jpg","datePublished":"2022-12-26T19:48:00+00:00","dateModified":"2025-05-22T11:39:42+00:00","description":"La Tunisie devrait parvenir, au d\u00e9but de l'ann\u00e9e 2023, \u00e0 un accord d\u00e9finitif avec le Fonds mon\u00e9taire international(FMI) , a estim\u00e9 la ministre des Finances, S...","breadcrumb":{"@id":"https:\/\/www.webdo.tn\/fr\/actualite\/national-45\/nemsia-la-tunisie-devrait-parvenir-debut-2023-a-un-accord-definitif-avec-le-fmi\/201179\/#breadcrumb"},"inLanguage":"fr-FR","potentialAction":[{"@type":"ReadAction","target":["https:\/\/www.webdo.tn\/fr\/actualite\/national-45\/nemsia-la-tunisie-devrait-parvenir-debut-2023-a-un-accord-definitif-avec-le-fmi\/201179\/"]}]},{"@type":"ImageObject","inLanguage":"fr-FR","@id":"https:\/\/www.webdo.tn\/fr\/actualite\/national-45\/nemsia-la-tunisie-devrait-parvenir-debut-2023-a-un-accord-definitif-avec-le-fmi\/201179\/#primaryimage","url":"https:\/\/www.webdo.tn\/fr\/wp-content\/uploads\/2022\/12\/ce4de1033d348e52568da92261071e10.jpg","contentUrl":"https:\/\/www.webdo.tn\/fr\/wp-content\/uploads\/2022\/12\/ce4de1033d348e52568da92261071e10.jpg","width":750,"height":400,"caption":"Sihem Nemsia"},{"@type":"BreadcrumbList","@id":"https:\/\/www.webdo.tn\/fr\/actualite\/national-45\/nemsia-la-tunisie-devrait-parvenir-debut-2023-a-un-accord-definitif-avec-le-fmi\/201179\/#breadcrumb","itemListElement":[{"@type":"ListItem","position":1,"name":"Accueil","item":"https:\/\/www.webdo.tn\/fr\/"},{"@type":"ListItem","position":2,"name":"\u00ab La Tunisie devrait parvenir \u00e0 un accord d\u00e9finitif avec le FMI d\u00e9but 2023 \u00bb"}]},{"@type":"WebSite","@id":"https:\/\/www.webdo.tn\/fr\/#website","url":"https:\/\/www.webdo.tn\/fr\/","name":"webdo","description":"Tunisie - News en Tunisie et \u00e0 l&#039;international sur Webdo.tn","publisher":{"@id":"https:\/\/www.webdo.tn\/fr\/#organization"},"potentialAction":[{"@type":"SearchAction","target":{"@type":"EntryPoint","urlTemplate":"https:\/\/www.webdo.tn\/fr\/?s={search_term_string}"},"query-input":{"@type":"PropertyValueSpecification","valueRequired":true,"valueName":"search_term_string"}}],"inLanguage":"fr-FR"},{"@type":"Organization","@id":"https:\/\/www.webdo.tn\/fr\/#organization","name":"Webdo","alternateName":"Webdo.tn","url":"https:\/\/www.webdo.tn\/fr\/","logo":{"@type":"ImageObject","inLanguage":"fr-FR","@id":"https:\/\/www.webdo.tn\/fr\/#\/schema\/logo\/image\/","url":"https:\/\/www.webdo.tn\/fr\/wp-content\/uploads\/2025\/06\/Webdo-Tunisie_168377.jpg","contentUrl":"https:\/\/www.webdo.tn\/fr\/wp-content\/uploads\/2025\/06\/Webdo-Tunisie_168377.jpg","width":301,"height":301,"caption":"Webdo"},"image":{"@id":"https:\/\/www.webdo.tn\/fr\/#\/schema\/logo\/image\/"},"sameAs":["https:\/\/www.facebook.com\/webdotn","https:\/\/x.com\/webdo_tn"],"description":"Webdo est un m\u00e9dia num\u00e9rique tunisien fond\u00e9 en 2010, sp\u00e9cialis\u00e9 dans l\u2019actualit\u00e9 nationale et internationale, l\u2019\u00e9conomie, la soci\u00e9t\u00e9 et les analyses politiques. Le site s\u2019adresse \u00e0 un large public francophone et couvre l\u2019information tunisienne en temps r\u00e9el.","email":"redac@webdo.tn","legalName":"YNJ SARL","foundingDate":"2010-09-06","numberOfEmployees":{"@type":"QuantitativeValue","minValue":"11","maxValue":"50"}},{"@type":"Person","@id":"https:\/\/www.webdo.tn\/fr\/#\/schema\/person\/f35b42a42c5e2511bbd282959d6385cc","name":"CL","image":{"@type":"ImageObject","inLanguage":"fr-FR","@id":"https:\/\/secure.gravatar.com\/avatar\/1447a49909b67aa657c488aec6512e1dd6143a480c1ecfee9b5b5cd74eb3b59e?s=96&d=mm&r=g","url":"https:\/\/secure.gravatar.com\/avatar\/1447a49909b67aa657c488aec6512e1dd6143a480c1ecfee9b5b5cd74eb3b59e?s=96&d=mm&r=g","contentUrl":"https:\/\/secure.gravatar.com\/avatar\/1447a49909b67aa657c488aec6512e1dd6143a480c1ecfee9b5b5cd74eb3b59e?s=96&d=mm&r=g","caption":"CL"},"url":"https:\/\/www.webdo.tn\/fr\/actualite\/author\/cl\/"}]}},"_links":{"self":[{"href":"https:\/\/www.webdo.tn\/fr\/wp-json\/wp\/v2\/posts\/201179","targetHints":{"allow":["GET"]}}],"collection":[{"href":"https:\/\/www.webdo.tn\/fr\/wp-json\/wp\/v2\/posts"}],"about":[{"href":"https:\/\/www.webdo.tn\/fr\/wp-json\/wp\/v2\/types\/post"}],"author":[{"embeddable":true,"href":"https:\/\/www.webdo.tn\/fr\/wp-json\/wp\/v2\/users\/3175"}],"replies":[{"embeddable":true,"href":"https:\/\/www.webdo.tn\/fr\/wp-json\/wp\/v2\/comments?post=201179"}],"version-history":[{"count":0,"href":"https:\/\/www.webdo.tn\/fr\/wp-json\/wp\/v2\/posts\/201179\/revisions"}],"wp:featuredmedia":[{"embeddable":true,"href":"https:\/\/www.webdo.tn\/fr\/wp-json\/wp\/v2\/media\/348363"}],"wp:attachment":[{"href":"https:\/\/www.webdo.tn\/fr\/wp-json\/wp\/v2\/media?parent=201179"}],"wp:term":[{"taxonomy":"category","embeddable":true,"href":"https:\/\/www.webdo.tn\/fr\/wp-json\/wp\/v2\/categories?post=201179"},{"taxonomy":"post_tag","embeddable":true,"href":"https:\/\/www.webdo.tn\/fr\/wp-json\/wp\/v2\/tags?post=201179"}],"curies":[{"name":"wp","href":"https:\/\/api.w.org\/{rel}","templated":true}]}}