{"id":201175,"date":"2022-12-26T19:05:00","date_gmt":"2022-12-26T19:05:00","guid":{"rendered":"https:\/\/www.webdo.tn\/fr\/actualite\/blog\/une-delegation-pdl-se-rendra-au-siege-de-la-ligue-des-etats-arabes\/201175\/"},"modified":"2025-05-22T11:39:41","modified_gmt":"2025-05-22T11:39:41","slug":"une-delegation-pdl-se-rendra-au-siege-de-la-ligue-des-etats-arabes","status":"publish","type":"post","link":"https:\/\/www.webdo.tn\/fr\/actualite\/national\/une-delegation-pdl-se-rendra-au-siege-de-la-ligue-des-etats-arabes\/201175\/","title":{"rendered":"Une d\u00e9l\u00e9gation du PDL se rendra au si\u00e8ge de la Ligue des Etats arabes"},"content":{"rendered":"<p>Une d\u00e9l\u00e9gation du Parti destourien libre (PDL) se rendra, jeudi prochain, au si\u00e8ge de la Ligue des Etats arabes, \u00e0 Tunis, pour y d\u00e9poser un message aux dirigeants des pays arabes sur la position du peuple tunisien \u00a0\u00bb qui refuse d&rsquo;adh\u00e9rer au processus de la dictature \u00ab\u00a0.<\/p>\n<p> Le PDL a estim\u00e9, dans une d\u00e9claration publi\u00e9e lundi, que ce processus a nui aux iner\u00eats du pays depuis la promulgation du d\u00e9cret pr\u00e9sidentiel n\u00b02021-117, relatif aux mesures exceptionnelles.<\/p>\n<p>Cette initiative, explique le parti, intervient dans le cadre d&rsquo;une s\u00e9rie de mouvements, citant notamment, l&rsquo;organisation, samedi dernier, d&rsquo;un rassemblement devant le si\u00e8ge des Nations Unies, \u00e0 Tunis.<\/p>\n<p>Ce rassemblement avait pour objectif d&rsquo;attirer l&rsquo;attention de la communaut\u00e9 internationale sur la n\u00e9cessit\u00e9 de respecter la volont\u00e9 du peuple tunisien et de ne pas s&rsquo;ing\u00e9rer dans les affaires internes des Tunisiens qui \u00a0\u00bb ont le droit de choisir leurs dirigeants et leurs repr\u00e9sentants au parlement, \u00e0 travers des \u00e9lections conformes aux normes internationales\u00a0\u00bb.<\/p>\n","protected":false},"excerpt":{"rendered":"<p>Une d\u00e9l\u00e9gation du Parti destourien libre (PDL) se rendra, jeudi prochain, au si\u00e8ge de la Ligue des Etats arabes, \u00e0 Tunis, pour y d\u00e9poser un message aux dirigean&#8230;<\/p>\n","protected":false},"author":3175,"featured_media":348362,"comment_status":"open","ping_status":"closed","sticky":false,"template":"","format":"standard","meta":{"footnotes":""},"categories":[44],"tags":[4028,2608],"class_list":["post-201175","post","type-post","status-publish","format-standard","has-post-thumbnail","hentry","category-national","tag-pdl","tag-tunisie"],"yoast_head":"<!-- This site is optimized with the Yoast SEO Premium plugin v27.4 (Yoast SEO v27.5) - https:\/\/yoast.com\/product\/yoast-seo-premium-wordpress\/ -->\n<title>Une d\u00e9l\u00e9gation du PDL se rendra au si\u00e8ge de la Ligue des Etats arabes<\/title>\n<meta name=\"description\" content=\"Une d\u00e9l\u00e9gation du Parti destourien libre (PDL) se rendra, jeudi prochain, au si\u00e8ge de la Ligue des Etats arabes, \u00e0 Tunis, pour y d\u00e9poser un message aux dirigean...\" \/>\n<link rel=\"canonical\" href=\"https:\/\/www.webdo.tn\/fr\/actualite\/national-45\/une-delegation-pdl-se-rendra-au-siege-de-la-ligue-des-etats-arabes\/201175\/\" \/>\n<meta property=\"og:locale\" content=\"fr_FR\" \/>\n<meta property=\"og:type\" content=\"article\" \/>\n<meta property=\"og:title\" content=\"Une d\u00e9l\u00e9gation du PDL se rendra au si\u00e8ge de la Ligue des Etats arabes\" \/>\n<meta property=\"og:description\" content=\"Une d\u00e9l\u00e9gation du Parti destourien libre (PDL) se rendra, jeudi prochain, au si\u00e8ge de la Ligue des Etats arabes, \u00e0 Tunis, pour y d\u00e9poser un message aux dirigean...\" \/>\n<meta property=\"og:url\" content=\"https:\/\/www.webdo.tn\/fr\/actualite\/national-45\/une-delegation-pdl-se-rendra-au-siege-de-la-ligue-des-etats-arabes\/201175\/\" \/>\n<meta property=\"og:site_name\" content=\"webdo\" \/>\n<meta property=\"article:publisher\" content=\"https:\/\/www.facebook.com\/webdotn\" \/>\n<meta property=\"article:published_time\" content=\"2022-12-26T19:05:00+00:00\" \/>\n<meta property=\"article:modified_time\" content=\"2025-05-22T11:39:41+00:00\" \/>\n<meta property=\"og:image\" content=\"https:\/\/www.webdo.tn\/fr\/wp-content\/uploads\/2022\/12\/6b449030fe2c3b5bc398450500e2efb2.jpg\" \/>\n\t<meta property=\"og:image:width\" content=\"626\" \/>\n\t<meta property=\"og:image:height\" content=\"334\" \/>\n\t<meta property=\"og:image:type\" content=\"image\/jpeg\" \/>\n<meta name=\"author\" content=\"CL\" \/>\n<meta name=\"twitter:card\" content=\"summary_large_image\" \/>\n<meta name=\"twitter:creator\" content=\"@webdo_tn\" \/>\n<meta name=\"twitter:site\" content=\"@webdo_tn\" \/>\n<meta name=\"twitter:label1\" content=\"\u00c9crit par\" \/>\n\t<meta name=\"twitter:data1\" content=\"CL\" \/>\n\t<meta name=\"twitter:label2\" content=\"Dur\u00e9e de lecture estim\u00e9e\" \/>\n\t<meta name=\"twitter:data2\" content=\"1 minute\" \/>\n<script type=\"application\/ld+json\" class=\"yoast-schema-graph\">{\"@context\":\"https:\\\/\\\/schema.org\",\"@graph\":[{\"@type\":\"NewsArticle\",\"@id\":\"https:\\\/\\\/www.webdo.tn\\\/fr\\\/actualite\\\/national-45\\\/une-delegation-pdl-se-rendra-au-siege-de-la-ligue-des-etats-arabes\\\/201175\\\/#article\",\"isPartOf\":{\"@id\":\"https:\\\/\\\/www.webdo.tn\\\/fr\\\/actualite\\\/national-45\\\/une-delegation-pdl-se-rendra-au-siege-de-la-ligue-des-etats-arabes\\\/201175\\\/\"},\"author\":{\"name\":\"CL\",\"@id\":\"https:\\\/\\\/www.webdo.tn\\\/fr\\\/#\\\/schema\\\/person\\\/f35b42a42c5e2511bbd282959d6385cc\"},\"headline\":\"Une d\u00e9l\u00e9gation du PDL se rendra au si\u00e8ge de la Ligue des Etats arabes\",\"datePublished\":\"2022-12-26T19:05:00+00:00\",\"dateModified\":\"2025-05-22T11:39:41+00:00\",\"mainEntityOfPage\":{\"@id\":\"https:\\\/\\\/www.webdo.tn\\\/fr\\\/actualite\\\/national-45\\\/une-delegation-pdl-se-rendra-au-siege-de-la-ligue-des-etats-arabes\\\/201175\\\/\"},\"wordCount\":192,\"commentCount\":0,\"publisher\":{\"@id\":\"https:\\\/\\\/www.webdo.tn\\\/fr\\\/#organization\"},\"image\":{\"@id\":\"https:\\\/\\\/www.webdo.tn\\\/fr\\\/actualite\\\/national-45\\\/une-delegation-pdl-se-rendra-au-siege-de-la-ligue-des-etats-arabes\\\/201175\\\/#primaryimage\"},\"thumbnailUrl\":\"https:\\\/\\\/www.webdo.tn\\\/fr\\\/wp-content\\\/uploads\\\/2022\\\/12\\\/6b449030fe2c3b5bc398450500e2efb2.jpg\",\"keywords\":[\"PDL\",\"Tunisie\"],\"articleSection\":[\"National\"],\"inLanguage\":\"fr-FR\"},{\"@type\":\"WebPage\",\"@id\":\"https:\\\/\\\/www.webdo.tn\\\/fr\\\/actualite\\\/national-45\\\/une-delegation-pdl-se-rendra-au-siege-de-la-ligue-des-etats-arabes\\\/201175\\\/\",\"url\":\"https:\\\/\\\/www.webdo.tn\\\/fr\\\/actualite\\\/national-45\\\/une-delegation-pdl-se-rendra-au-siege-de-la-ligue-des-etats-arabes\\\/201175\\\/\",\"name\":\"Une d\u00e9l\u00e9gation du PDL se rendra au si\u00e8ge de la Ligue des Etats arabes\",\"isPartOf\":{\"@id\":\"https:\\\/\\\/www.webdo.tn\\\/fr\\\/#website\"},\"primaryImageOfPage\":{\"@id\":\"https:\\\/\\\/www.webdo.tn\\\/fr\\\/actualite\\\/national-45\\\/une-delegation-pdl-se-rendra-au-siege-de-la-ligue-des-etats-arabes\\\/201175\\\/#primaryimage\"},\"image\":{\"@id\":\"https:\\\/\\\/www.webdo.tn\\\/fr\\\/actualite\\\/national-45\\\/une-delegation-pdl-se-rendra-au-siege-de-la-ligue-des-etats-arabes\\\/201175\\\/#primaryimage\"},\"thumbnailUrl\":\"https:\\\/\\\/www.webdo.tn\\\/fr\\\/wp-content\\\/uploads\\\/2022\\\/12\\\/6b449030fe2c3b5bc398450500e2efb2.jpg\",\"datePublished\":\"2022-12-26T19:05:00+00:00\",\"dateModified\":\"2025-05-22T11:39:41+00:00\",\"description\":\"Une d\u00e9l\u00e9gation du Parti destourien libre (PDL) se rendra, jeudi prochain, au si\u00e8ge de la Ligue des Etats arabes, \u00e0 Tunis, pour y d\u00e9poser un message aux dirigean...\",\"breadcrumb\":{\"@id\":\"https:\\\/\\\/www.webdo.tn\\\/fr\\\/actualite\\\/national-45\\\/une-delegation-pdl-se-rendra-au-siege-de-la-ligue-des-etats-arabes\\\/201175\\\/#breadcrumb\"},\"inLanguage\":\"fr-FR\",\"potentialAction\":[{\"@type\":\"ReadAction\",\"target\":[\"https:\\\/\\\/www.webdo.tn\\\/fr\\\/actualite\\\/national-45\\\/une-delegation-pdl-se-rendra-au-siege-de-la-ligue-des-etats-arabes\\\/201175\\\/\"]}]},{\"@type\":\"ImageObject\",\"inLanguage\":\"fr-FR\",\"@id\":\"https:\\\/\\\/www.webdo.tn\\\/fr\\\/actualite\\\/national-45\\\/une-delegation-pdl-se-rendra-au-siege-de-la-ligue-des-etats-arabes\\\/201175\\\/#primaryimage\",\"url\":\"https:\\\/\\\/www.webdo.tn\\\/fr\\\/wp-content\\\/uploads\\\/2022\\\/12\\\/6b449030fe2c3b5bc398450500e2efb2.jpg\",\"contentUrl\":\"https:\\\/\\\/www.webdo.tn\\\/fr\\\/wp-content\\\/uploads\\\/2022\\\/12\\\/6b449030fe2c3b5bc398450500e2efb2.jpg\",\"width\":626,\"height\":334,\"caption\":\"PDL\"},{\"@type\":\"BreadcrumbList\",\"@id\":\"https:\\\/\\\/www.webdo.tn\\\/fr\\\/actualite\\\/national-45\\\/une-delegation-pdl-se-rendra-au-siege-de-la-ligue-des-etats-arabes\\\/201175\\\/#breadcrumb\",\"itemListElement\":[{\"@type\":\"ListItem\",\"position\":1,\"name\":\"Accueil\",\"item\":\"https:\\\/\\\/www.webdo.tn\\\/fr\\\/\"},{\"@type\":\"ListItem\",\"position\":2,\"name\":\"Une d\u00e9l\u00e9gation du PDL se rendra au si\u00e8ge de la Ligue des Etats arabes\"}]},{\"@type\":\"WebSite\",\"@id\":\"https:\\\/\\\/www.webdo.tn\\\/fr\\\/#website\",\"url\":\"https:\\\/\\\/www.webdo.tn\\\/fr\\\/\",\"name\":\"webdo\",\"description\":\"Tunisie - News en Tunisie et \u00e0 l&#039;international sur Webdo.tn\",\"publisher\":{\"@id\":\"https:\\\/\\\/www.webdo.tn\\\/fr\\\/#organization\"},\"potentialAction\":[{\"@type\":\"SearchAction\",\"target\":{\"@type\":\"EntryPoint\",\"urlTemplate\":\"https:\\\/\\\/www.webdo.tn\\\/fr\\\/?s={search_term_string}\"},\"query-input\":{\"@type\":\"PropertyValueSpecification\",\"valueRequired\":true,\"valueName\":\"search_term_string\"}}],\"inLanguage\":\"fr-FR\"},{\"@type\":\"Organization\",\"@id\":\"https:\\\/\\\/www.webdo.tn\\\/fr\\\/#organization\",\"name\":\"Webdo\",\"alternateName\":\"Webdo.tn\",\"url\":\"https:\\\/\\\/www.webdo.tn\\\/fr\\\/\",\"logo\":{\"@type\":\"ImageObject\",\"inLanguage\":\"fr-FR\",\"@id\":\"https:\\\/\\\/www.webdo.tn\\\/fr\\\/#\\\/schema\\\/logo\\\/image\\\/\",\"url\":\"https:\\\/\\\/www.webdo.tn\\\/fr\\\/wp-content\\\/uploads\\\/2025\\\/06\\\/Webdo-Tunisie_168377.jpg\",\"contentUrl\":\"https:\\\/\\\/www.webdo.tn\\\/fr\\\/wp-content\\\/uploads\\\/2025\\\/06\\\/Webdo-Tunisie_168377.jpg\",\"width\":301,\"height\":301,\"caption\":\"Webdo\"},\"image\":{\"@id\":\"https:\\\/\\\/www.webdo.tn\\\/fr\\\/#\\\/schema\\\/logo\\\/image\\\/\"},\"sameAs\":[\"https:\\\/\\\/www.facebook.com\\\/webdotn\",\"https:\\\/\\\/x.com\\\/webdo_tn\"],\"description\":\"Webdo est un m\u00e9dia num\u00e9rique tunisien fond\u00e9 en 2010, sp\u00e9cialis\u00e9 dans l\u2019actualit\u00e9 nationale et internationale, l\u2019\u00e9conomie, la soci\u00e9t\u00e9 et les analyses politiques. Le site s\u2019adresse \u00e0 un large public francophone et couvre l\u2019information tunisienne en temps r\u00e9el.\",\"email\":\"redac@webdo.tn\",\"legalName\":\"YNJ SARL\",\"foundingDate\":\"2010-09-06\",\"numberOfEmployees\":{\"@type\":\"QuantitativeValue\",\"minValue\":\"11\",\"maxValue\":\"50\"}},{\"@type\":\"Person\",\"@id\":\"https:\\\/\\\/www.webdo.tn\\\/fr\\\/#\\\/schema\\\/person\\\/f35b42a42c5e2511bbd282959d6385cc\",\"name\":\"CL\",\"image\":{\"@type\":\"ImageObject\",\"inLanguage\":\"fr-FR\",\"@id\":\"https:\\\/\\\/secure.gravatar.com\\\/avatar\\\/1447a49909b67aa657c488aec6512e1dd6143a480c1ecfee9b5b5cd74eb3b59e?s=96&d=mm&r=g\",\"url\":\"https:\\\/\\\/secure.gravatar.com\\\/avatar\\\/1447a49909b67aa657c488aec6512e1dd6143a480c1ecfee9b5b5cd74eb3b59e?s=96&d=mm&r=g\",\"contentUrl\":\"https:\\\/\\\/secure.gravatar.com\\\/avatar\\\/1447a49909b67aa657c488aec6512e1dd6143a480c1ecfee9b5b5cd74eb3b59e?s=96&d=mm&r=g\",\"caption\":\"CL\"},\"url\":\"https:\\\/\\\/www.webdo.tn\\\/fr\\\/actualite\\\/author\\\/cl\\\/\"}]}<\/script>\n<!-- \/ Yoast SEO Premium plugin. -->","yoast_head_json":{"title":"Une d\u00e9l\u00e9gation du PDL se rendra au si\u00e8ge de la Ligue des Etats arabes","description":"Une d\u00e9l\u00e9gation du Parti destourien libre (PDL) se rendra, jeudi prochain, au si\u00e8ge de la Ligue des Etats arabes, \u00e0 Tunis, pour y d\u00e9poser un message aux dirigean...","canonical":"https:\/\/www.webdo.tn\/fr\/actualite\/national-45\/une-delegation-pdl-se-rendra-au-siege-de-la-ligue-des-etats-arabes\/201175\/","og_locale":"fr_FR","og_type":"article","og_title":"Une d\u00e9l\u00e9gation du PDL se rendra au si\u00e8ge de la Ligue des Etats arabes","og_description":"Une d\u00e9l\u00e9gation du Parti destourien libre (PDL) se rendra, jeudi prochain, au si\u00e8ge de la Ligue des Etats arabes, \u00e0 Tunis, pour y d\u00e9poser un message aux dirigean...","og_url":"https:\/\/www.webdo.tn\/fr\/actualite\/national-45\/une-delegation-pdl-se-rendra-au-siege-de-la-ligue-des-etats-arabes\/201175\/","og_site_name":"webdo","article_publisher":"https:\/\/www.facebook.com\/webdotn","article_published_time":"2022-12-26T19:05:00+00:00","article_modified_time":"2025-05-22T11:39:41+00:00","og_image":[{"width":626,"height":334,"url":"https:\/\/www.webdo.tn\/fr\/wp-content\/uploads\/2022\/12\/6b449030fe2c3b5bc398450500e2efb2.jpg","type":"image\/jpeg"}],"author":"CL","twitter_card":"summary_large_image","twitter_creator":"@webdo_tn","twitter_site":"@webdo_tn","twitter_misc":{"\u00c9crit par":"CL","Dur\u00e9e de lecture estim\u00e9e":"1 minute"},"schema":{"@context":"https:\/\/schema.org","@graph":[{"@type":"NewsArticle","@id":"https:\/\/www.webdo.tn\/fr\/actualite\/national-45\/une-delegation-pdl-se-rendra-au-siege-de-la-ligue-des-etats-arabes\/201175\/#article","isPartOf":{"@id":"https:\/\/www.webdo.tn\/fr\/actualite\/national-45\/une-delegation-pdl-se-rendra-au-siege-de-la-ligue-des-etats-arabes\/201175\/"},"author":{"name":"CL","@id":"https:\/\/www.webdo.tn\/fr\/#\/schema\/person\/f35b42a42c5e2511bbd282959d6385cc"},"headline":"Une d\u00e9l\u00e9gation du PDL se rendra au si\u00e8ge de la Ligue des Etats arabes","datePublished":"2022-12-26T19:05:00+00:00","dateModified":"2025-05-22T11:39:41+00:00","mainEntityOfPage":{"@id":"https:\/\/www.webdo.tn\/fr\/actualite\/national-45\/une-delegation-pdl-se-rendra-au-siege-de-la-ligue-des-etats-arabes\/201175\/"},"wordCount":192,"commentCount":0,"publisher":{"@id":"https:\/\/www.webdo.tn\/fr\/#organization"},"image":{"@id":"https:\/\/www.webdo.tn\/fr\/actualite\/national-45\/une-delegation-pdl-se-rendra-au-siege-de-la-ligue-des-etats-arabes\/201175\/#primaryimage"},"thumbnailUrl":"https:\/\/www.webdo.tn\/fr\/wp-content\/uploads\/2022\/12\/6b449030fe2c3b5bc398450500e2efb2.jpg","keywords":["PDL","Tunisie"],"articleSection":["National"],"inLanguage":"fr-FR"},{"@type":"WebPage","@id":"https:\/\/www.webdo.tn\/fr\/actualite\/national-45\/une-delegation-pdl-se-rendra-au-siege-de-la-ligue-des-etats-arabes\/201175\/","url":"https:\/\/www.webdo.tn\/fr\/actualite\/national-45\/une-delegation-pdl-se-rendra-au-siege-de-la-ligue-des-etats-arabes\/201175\/","name":"Une d\u00e9l\u00e9gation du PDL se rendra au si\u00e8ge de la Ligue des Etats arabes","isPartOf":{"@id":"https:\/\/www.webdo.tn\/fr\/#website"},"primaryImageOfPage":{"@id":"https:\/\/www.webdo.tn\/fr\/actualite\/national-45\/une-delegation-pdl-se-rendra-au-siege-de-la-ligue-des-etats-arabes\/201175\/#primaryimage"},"image":{"@id":"https:\/\/www.webdo.tn\/fr\/actualite\/national-45\/une-delegation-pdl-se-rendra-au-siege-de-la-ligue-des-etats-arabes\/201175\/#primaryimage"},"thumbnailUrl":"https:\/\/www.webdo.tn\/fr\/wp-content\/uploads\/2022\/12\/6b449030fe2c3b5bc398450500e2efb2.jpg","datePublished":"2022-12-26T19:05:00+00:00","dateModified":"2025-05-22T11:39:41+00:00","description":"Une d\u00e9l\u00e9gation du Parti destourien libre (PDL) se rendra, jeudi prochain, au si\u00e8ge de la Ligue des Etats arabes, \u00e0 Tunis, pour y d\u00e9poser un message aux dirigean...","breadcrumb":{"@id":"https:\/\/www.webdo.tn\/fr\/actualite\/national-45\/une-delegation-pdl-se-rendra-au-siege-de-la-ligue-des-etats-arabes\/201175\/#breadcrumb"},"inLanguage":"fr-FR","potentialAction":[{"@type":"ReadAction","target":["https:\/\/www.webdo.tn\/fr\/actualite\/national-45\/une-delegation-pdl-se-rendra-au-siege-de-la-ligue-des-etats-arabes\/201175\/"]}]},{"@type":"ImageObject","inLanguage":"fr-FR","@id":"https:\/\/www.webdo.tn\/fr\/actualite\/national-45\/une-delegation-pdl-se-rendra-au-siege-de-la-ligue-des-etats-arabes\/201175\/#primaryimage","url":"https:\/\/www.webdo.tn\/fr\/wp-content\/uploads\/2022\/12\/6b449030fe2c3b5bc398450500e2efb2.jpg","contentUrl":"https:\/\/www.webdo.tn\/fr\/wp-content\/uploads\/2022\/12\/6b449030fe2c3b5bc398450500e2efb2.jpg","width":626,"height":334,"caption":"PDL"},{"@type":"BreadcrumbList","@id":"https:\/\/www.webdo.tn\/fr\/actualite\/national-45\/une-delegation-pdl-se-rendra-au-siege-de-la-ligue-des-etats-arabes\/201175\/#breadcrumb","itemListElement":[{"@type":"ListItem","position":1,"name":"Accueil","item":"https:\/\/www.webdo.tn\/fr\/"},{"@type":"ListItem","position":2,"name":"Une d\u00e9l\u00e9gation du PDL se rendra au si\u00e8ge de la Ligue des Etats arabes"}]},{"@type":"WebSite","@id":"https:\/\/www.webdo.tn\/fr\/#website","url":"https:\/\/www.webdo.tn\/fr\/","name":"webdo","description":"Tunisie - News en Tunisie et \u00e0 l&#039;international sur Webdo.tn","publisher":{"@id":"https:\/\/www.webdo.tn\/fr\/#organization"},"potentialAction":[{"@type":"SearchAction","target":{"@type":"EntryPoint","urlTemplate":"https:\/\/www.webdo.tn\/fr\/?s={search_term_string}"},"query-input":{"@type":"PropertyValueSpecification","valueRequired":true,"valueName":"search_term_string"}}],"inLanguage":"fr-FR"},{"@type":"Organization","@id":"https:\/\/www.webdo.tn\/fr\/#organization","name":"Webdo","alternateName":"Webdo.tn","url":"https:\/\/www.webdo.tn\/fr\/","logo":{"@type":"ImageObject","inLanguage":"fr-FR","@id":"https:\/\/www.webdo.tn\/fr\/#\/schema\/logo\/image\/","url":"https:\/\/www.webdo.tn\/fr\/wp-content\/uploads\/2025\/06\/Webdo-Tunisie_168377.jpg","contentUrl":"https:\/\/www.webdo.tn\/fr\/wp-content\/uploads\/2025\/06\/Webdo-Tunisie_168377.jpg","width":301,"height":301,"caption":"Webdo"},"image":{"@id":"https:\/\/www.webdo.tn\/fr\/#\/schema\/logo\/image\/"},"sameAs":["https:\/\/www.facebook.com\/webdotn","https:\/\/x.com\/webdo_tn"],"description":"Webdo est un m\u00e9dia num\u00e9rique tunisien fond\u00e9 en 2010, sp\u00e9cialis\u00e9 dans l\u2019actualit\u00e9 nationale et internationale, l\u2019\u00e9conomie, la soci\u00e9t\u00e9 et les analyses politiques. Le site s\u2019adresse \u00e0 un large public francophone et couvre l\u2019information tunisienne en temps r\u00e9el.","email":"redac@webdo.tn","legalName":"YNJ SARL","foundingDate":"2010-09-06","numberOfEmployees":{"@type":"QuantitativeValue","minValue":"11","maxValue":"50"}},{"@type":"Person","@id":"https:\/\/www.webdo.tn\/fr\/#\/schema\/person\/f35b42a42c5e2511bbd282959d6385cc","name":"CL","image":{"@type":"ImageObject","inLanguage":"fr-FR","@id":"https:\/\/secure.gravatar.com\/avatar\/1447a49909b67aa657c488aec6512e1dd6143a480c1ecfee9b5b5cd74eb3b59e?s=96&d=mm&r=g","url":"https:\/\/secure.gravatar.com\/avatar\/1447a49909b67aa657c488aec6512e1dd6143a480c1ecfee9b5b5cd74eb3b59e?s=96&d=mm&r=g","contentUrl":"https:\/\/secure.gravatar.com\/avatar\/1447a49909b67aa657c488aec6512e1dd6143a480c1ecfee9b5b5cd74eb3b59e?s=96&d=mm&r=g","caption":"CL"},"url":"https:\/\/www.webdo.tn\/fr\/actualite\/author\/cl\/"}]}},"_links":{"self":[{"href":"https:\/\/www.webdo.tn\/fr\/wp-json\/wp\/v2\/posts\/201175","targetHints":{"allow":["GET"]}}],"collection":[{"href":"https:\/\/www.webdo.tn\/fr\/wp-json\/wp\/v2\/posts"}],"about":[{"href":"https:\/\/www.webdo.tn\/fr\/wp-json\/wp\/v2\/types\/post"}],"author":[{"embeddable":true,"href":"https:\/\/www.webdo.tn\/fr\/wp-json\/wp\/v2\/users\/3175"}],"replies":[{"embeddable":true,"href":"https:\/\/www.webdo.tn\/fr\/wp-json\/wp\/v2\/comments?post=201175"}],"version-history":[{"count":0,"href":"https:\/\/www.webdo.tn\/fr\/wp-json\/wp\/v2\/posts\/201175\/revisions"}],"wp:featuredmedia":[{"embeddable":true,"href":"https:\/\/www.webdo.tn\/fr\/wp-json\/wp\/v2\/media\/348362"}],"wp:attachment":[{"href":"https:\/\/www.webdo.tn\/fr\/wp-json\/wp\/v2\/media?parent=201175"}],"wp:term":[{"taxonomy":"category","embeddable":true,"href":"https:\/\/www.webdo.tn\/fr\/wp-json\/wp\/v2\/categories?post=201175"},{"taxonomy":"post_tag","embeddable":true,"href":"https:\/\/www.webdo.tn\/fr\/wp-json\/wp\/v2\/tags?post=201175"}],"curies":[{"name":"wp","href":"https:\/\/api.w.org\/{rel}","templated":true}]}}