{"id":201124,"date":"2022-12-25T10:33:00","date_gmt":"2022-12-25T10:33:00","guid":{"rendered":"https:\/\/www.webdo.tn\/fr\/actualite\/blog\/hausse-de-13-4-du-budget-de-la-presidence-de-la-republique\/201124\/"},"modified":"2025-05-22T11:39:56","modified_gmt":"2025-05-22T11:39:56","slug":"hausse-de-13-4-du-budget-de-la-presidence-de-la-republique","status":"publish","type":"post","link":"https:\/\/www.webdo.tn\/fr\/actualite\/national\/hausse-de-13-4-du-budget-de-la-presidence-de-la-republique\/201124\/","title":{"rendered":"Hausse de 13,4% du budget de la pr\u00e9sidence de la R\u00e9publique"},"content":{"rendered":"<p>Selon la loi de Finances 2023, qui a \u00e9t\u00e9 publi\u00e9e au Journal officiel de la R\u00e9publique tunisienne, le budget de la pr\u00e9sidence de la R\u00e9publique a \u00e9t\u00e9 revu \u00e0 la hausse.<\/p>\n<p> En effet, le budget de la pr\u00e9sidence de la R\u00e9publique pour l&rsquo;exercice 2023 est \u00e0 hauteur de 191 millions de dinars. Il \u00e9tait de 168,328 MD en 2022, soit une hausse de 22,672 MD (+13,4%).<\/p>\n<p>Cette hausse est expliqu\u00e9e par l\u2019augmentation de l\u2019enveloppe d\u00e9di\u00e9e aux salaires, \u00e0 hauteur de 142,972 MD, contre 124,578 MD en 2022, soit une hausse de 18,394 MD (+14,7%), ainsi que l\u2019augmentation des d\u00e9penses d&rsquo;investissements, \u00e0 hauteur de 12,35 MD, contre 6,464 MD en 2022, soit une hausse de 5,886 MD (+47,65%).<\/p>\n","protected":false},"excerpt":{"rendered":"<p>Selon la loi de Finances 2023, qui a \u00e9t\u00e9 publi\u00e9e au Journal officiel de la R\u00e9publique tunisienne, le budget de la pr\u00e9sidence de la R\u00e9publique a \u00e9t\u00e9 revu \u00e0 la ha&#8230;<\/p>\n","protected":false},"author":3196,"featured_media":348375,"comment_status":"open","ping_status":"closed","sticky":false,"template":"","format":"standard","meta":{"footnotes":""},"categories":[44],"tags":[4579,5442],"class_list":["post-201124","post","type-post","status-publish","format-standard","has-post-thumbnail","hentry","category-national","tag-loi-de-finances","tag-presidence-de-la-republique"],"yoast_head":"<!-- This site is optimized with the Yoast SEO Premium plugin v27.4 (Yoast SEO v27.5) - https:\/\/yoast.com\/product\/yoast-seo-premium-wordpress\/ -->\n<title>Hausse de 13,4% du budget de la pr\u00e9sidence de la R\u00e9publique<\/title>\n<meta name=\"description\" content=\"Selon la loi de Finances 2023, qui a \u00e9t\u00e9 publi\u00e9e au Journal officiel de la R\u00e9publique tunisienne, le budget de la pr\u00e9sidence de la R\u00e9publique a \u00e9t\u00e9 revu \u00e0 la ha...\" \/>\n<link rel=\"canonical\" href=\"https:\/\/www.webdo.tn\/fr\/actualite\/national-45\/hausse-de-13-4-du-budget-de-la-presidence-de-la-republique\/201124\/\" \/>\n<meta property=\"og:locale\" content=\"fr_FR\" \/>\n<meta property=\"og:type\" content=\"article\" \/>\n<meta property=\"og:title\" content=\"Hausse de 13,4% du budget de la pr\u00e9sidence de la R\u00e9publique\" \/>\n<meta property=\"og:description\" content=\"Selon la loi de Finances 2023, qui a \u00e9t\u00e9 publi\u00e9e au Journal officiel de la R\u00e9publique tunisienne, le budget de la pr\u00e9sidence de la R\u00e9publique a \u00e9t\u00e9 revu \u00e0 la ha...\" \/>\n<meta property=\"og:url\" content=\"https:\/\/www.webdo.tn\/fr\/actualite\/national-45\/hausse-de-13-4-du-budget-de-la-presidence-de-la-republique\/201124\/\" \/>\n<meta property=\"og:site_name\" content=\"webdo\" \/>\n<meta property=\"article:publisher\" content=\"https:\/\/www.facebook.com\/webdotn\" \/>\n<meta property=\"article:published_time\" content=\"2022-12-25T10:33:00+00:00\" \/>\n<meta property=\"article:modified_time\" content=\"2025-05-22T11:39:56+00:00\" \/>\n<meta property=\"og:image\" content=\"https:\/\/www.webdo.tn\/fr\/wp-content\/uploads\/2022\/12\/72b25e84fb5cb90af6ad3d53bd28cbfc.jpg\" \/>\n\t<meta property=\"og:image:width\" content=\"750\" \/>\n\t<meta property=\"og:image:height\" content=\"400\" \/>\n\t<meta property=\"og:image:type\" content=\"image\/jpeg\" \/>\n<meta name=\"author\" content=\"MK\" \/>\n<meta name=\"twitter:card\" content=\"summary_large_image\" \/>\n<meta name=\"twitter:creator\" content=\"@webdo_tn\" \/>\n<meta name=\"twitter:site\" content=\"@webdo_tn\" \/>\n<meta name=\"twitter:label1\" content=\"\u00c9crit par\" \/>\n\t<meta name=\"twitter:data1\" content=\"MK\" \/>\n\t<meta name=\"twitter:label2\" content=\"Dur\u00e9e de lecture estim\u00e9e\" \/>\n\t<meta name=\"twitter:data2\" content=\"1 minute\" \/>\n<script type=\"application\/ld+json\" class=\"yoast-schema-graph\">{\"@context\":\"https:\\\/\\\/schema.org\",\"@graph\":[{\"@type\":\"NewsArticle\",\"@id\":\"https:\\\/\\\/www.webdo.tn\\\/fr\\\/actualite\\\/national-45\\\/hausse-de-13-4-du-budget-de-la-presidence-de-la-republique\\\/201124\\\/#article\",\"isPartOf\":{\"@id\":\"https:\\\/\\\/www.webdo.tn\\\/fr\\\/actualite\\\/national-45\\\/hausse-de-13-4-du-budget-de-la-presidence-de-la-republique\\\/201124\\\/\"},\"author\":{\"name\":\"MK\",\"@id\":\"https:\\\/\\\/www.webdo.tn\\\/fr\\\/#\\\/schema\\\/person\\\/c3a9d32fa6d495ca5f4b6510e3db97bf\"},\"headline\":\"Hausse de 13,4% du budget de la pr\u00e9sidence de la R\u00e9publique\",\"datePublished\":\"2022-12-25T10:33:00+00:00\",\"dateModified\":\"2025-05-22T11:39:56+00:00\",\"mainEntityOfPage\":{\"@id\":\"https:\\\/\\\/www.webdo.tn\\\/fr\\\/actualite\\\/national-45\\\/hausse-de-13-4-du-budget-de-la-presidence-de-la-republique\\\/201124\\\/\"},\"wordCount\":123,\"commentCount\":0,\"publisher\":{\"@id\":\"https:\\\/\\\/www.webdo.tn\\\/fr\\\/#organization\"},\"image\":{\"@id\":\"https:\\\/\\\/www.webdo.tn\\\/fr\\\/actualite\\\/national-45\\\/hausse-de-13-4-du-budget-de-la-presidence-de-la-republique\\\/201124\\\/#primaryimage\"},\"thumbnailUrl\":\"https:\\\/\\\/www.webdo.tn\\\/fr\\\/wp-content\\\/uploads\\\/2022\\\/12\\\/72b25e84fb5cb90af6ad3d53bd28cbfc.jpg\",\"keywords\":[\"Loi de Finances\",\"pr\u00e9sidence de la R\u00e9publique\"],\"articleSection\":[\"National\"],\"inLanguage\":\"fr-FR\"},{\"@type\":\"WebPage\",\"@id\":\"https:\\\/\\\/www.webdo.tn\\\/fr\\\/actualite\\\/national-45\\\/hausse-de-13-4-du-budget-de-la-presidence-de-la-republique\\\/201124\\\/\",\"url\":\"https:\\\/\\\/www.webdo.tn\\\/fr\\\/actualite\\\/national-45\\\/hausse-de-13-4-du-budget-de-la-presidence-de-la-republique\\\/201124\\\/\",\"name\":\"Hausse de 13,4% du budget de la pr\u00e9sidence de la R\u00e9publique\",\"isPartOf\":{\"@id\":\"https:\\\/\\\/www.webdo.tn\\\/fr\\\/#website\"},\"primaryImageOfPage\":{\"@id\":\"https:\\\/\\\/www.webdo.tn\\\/fr\\\/actualite\\\/national-45\\\/hausse-de-13-4-du-budget-de-la-presidence-de-la-republique\\\/201124\\\/#primaryimage\"},\"image\":{\"@id\":\"https:\\\/\\\/www.webdo.tn\\\/fr\\\/actualite\\\/national-45\\\/hausse-de-13-4-du-budget-de-la-presidence-de-la-republique\\\/201124\\\/#primaryimage\"},\"thumbnailUrl\":\"https:\\\/\\\/www.webdo.tn\\\/fr\\\/wp-content\\\/uploads\\\/2022\\\/12\\\/72b25e84fb5cb90af6ad3d53bd28cbfc.jpg\",\"datePublished\":\"2022-12-25T10:33:00+00:00\",\"dateModified\":\"2025-05-22T11:39:56+00:00\",\"description\":\"Selon la loi de Finances 2023, qui a \u00e9t\u00e9 publi\u00e9e au Journal officiel de la R\u00e9publique tunisienne, le budget de la pr\u00e9sidence de la R\u00e9publique a \u00e9t\u00e9 revu \u00e0 la ha...\",\"breadcrumb\":{\"@id\":\"https:\\\/\\\/www.webdo.tn\\\/fr\\\/actualite\\\/national-45\\\/hausse-de-13-4-du-budget-de-la-presidence-de-la-republique\\\/201124\\\/#breadcrumb\"},\"inLanguage\":\"fr-FR\",\"potentialAction\":[{\"@type\":\"ReadAction\",\"target\":[\"https:\\\/\\\/www.webdo.tn\\\/fr\\\/actualite\\\/national-45\\\/hausse-de-13-4-du-budget-de-la-presidence-de-la-republique\\\/201124\\\/\"]}]},{\"@type\":\"ImageObject\",\"inLanguage\":\"fr-FR\",\"@id\":\"https:\\\/\\\/www.webdo.tn\\\/fr\\\/actualite\\\/national-45\\\/hausse-de-13-4-du-budget-de-la-presidence-de-la-republique\\\/201124\\\/#primaryimage\",\"url\":\"https:\\\/\\\/www.webdo.tn\\\/fr\\\/wp-content\\\/uploads\\\/2022\\\/12\\\/72b25e84fb5cb90af6ad3d53bd28cbfc.jpg\",\"contentUrl\":\"https:\\\/\\\/www.webdo.tn\\\/fr\\\/wp-content\\\/uploads\\\/2022\\\/12\\\/72b25e84fb5cb90af6ad3d53bd28cbfc.jpg\",\"width\":750,\"height\":400,\"caption\":\"pr\u00e9sidence de la r\u00e9publique\"},{\"@type\":\"BreadcrumbList\",\"@id\":\"https:\\\/\\\/www.webdo.tn\\\/fr\\\/actualite\\\/national-45\\\/hausse-de-13-4-du-budget-de-la-presidence-de-la-republique\\\/201124\\\/#breadcrumb\",\"itemListElement\":[{\"@type\":\"ListItem\",\"position\":1,\"name\":\"Accueil\",\"item\":\"https:\\\/\\\/www.webdo.tn\\\/fr\\\/\"},{\"@type\":\"ListItem\",\"position\":2,\"name\":\"Hausse de 13,4% du budget de la pr\u00e9sidence de la R\u00e9publique\"}]},{\"@type\":\"WebSite\",\"@id\":\"https:\\\/\\\/www.webdo.tn\\\/fr\\\/#website\",\"url\":\"https:\\\/\\\/www.webdo.tn\\\/fr\\\/\",\"name\":\"webdo\",\"description\":\"Tunisie - News en Tunisie et \u00e0 l&#039;international sur Webdo.tn\",\"publisher\":{\"@id\":\"https:\\\/\\\/www.webdo.tn\\\/fr\\\/#organization\"},\"potentialAction\":[{\"@type\":\"SearchAction\",\"target\":{\"@type\":\"EntryPoint\",\"urlTemplate\":\"https:\\\/\\\/www.webdo.tn\\\/fr\\\/?s={search_term_string}\"},\"query-input\":{\"@type\":\"PropertyValueSpecification\",\"valueRequired\":true,\"valueName\":\"search_term_string\"}}],\"inLanguage\":\"fr-FR\"},{\"@type\":\"Organization\",\"@id\":\"https:\\\/\\\/www.webdo.tn\\\/fr\\\/#organization\",\"name\":\"Webdo\",\"alternateName\":\"Webdo.tn\",\"url\":\"https:\\\/\\\/www.webdo.tn\\\/fr\\\/\",\"logo\":{\"@type\":\"ImageObject\",\"inLanguage\":\"fr-FR\",\"@id\":\"https:\\\/\\\/www.webdo.tn\\\/fr\\\/#\\\/schema\\\/logo\\\/image\\\/\",\"url\":\"https:\\\/\\\/www.webdo.tn\\\/fr\\\/wp-content\\\/uploads\\\/2025\\\/06\\\/Webdo-Tunisie_168377.jpg\",\"contentUrl\":\"https:\\\/\\\/www.webdo.tn\\\/fr\\\/wp-content\\\/uploads\\\/2025\\\/06\\\/Webdo-Tunisie_168377.jpg\",\"width\":301,\"height\":301,\"caption\":\"Webdo\"},\"image\":{\"@id\":\"https:\\\/\\\/www.webdo.tn\\\/fr\\\/#\\\/schema\\\/logo\\\/image\\\/\"},\"sameAs\":[\"https:\\\/\\\/www.facebook.com\\\/webdotn\",\"https:\\\/\\\/x.com\\\/webdo_tn\"],\"description\":\"Webdo est un m\u00e9dia num\u00e9rique tunisien fond\u00e9 en 2010, sp\u00e9cialis\u00e9 dans l\u2019actualit\u00e9 nationale et internationale, l\u2019\u00e9conomie, la soci\u00e9t\u00e9 et les analyses politiques. Le site s\u2019adresse \u00e0 un large public francophone et couvre l\u2019information tunisienne en temps r\u00e9el.\",\"email\":\"redac@webdo.tn\",\"legalName\":\"YNJ SARL\",\"foundingDate\":\"2010-09-06\",\"numberOfEmployees\":{\"@type\":\"QuantitativeValue\",\"minValue\":\"11\",\"maxValue\":\"50\"}},{\"@type\":\"Person\",\"@id\":\"https:\\\/\\\/www.webdo.tn\\\/fr\\\/#\\\/schema\\\/person\\\/c3a9d32fa6d495ca5f4b6510e3db97bf\",\"name\":\"MK\",\"image\":{\"@type\":\"ImageObject\",\"inLanguage\":\"fr-FR\",\"@id\":\"https:\\\/\\\/secure.gravatar.com\\\/avatar\\\/6d44f937f19929f3b75db77056d3e08abd6e302e71bcfea340cd8b00c13e7baf?s=96&d=mm&r=g\",\"url\":\"https:\\\/\\\/secure.gravatar.com\\\/avatar\\\/6d44f937f19929f3b75db77056d3e08abd6e302e71bcfea340cd8b00c13e7baf?s=96&d=mm&r=g\",\"contentUrl\":\"https:\\\/\\\/secure.gravatar.com\\\/avatar\\\/6d44f937f19929f3b75db77056d3e08abd6e302e71bcfea340cd8b00c13e7baf?s=96&d=mm&r=g\",\"caption\":\"MK\"},\"url\":\"https:\\\/\\\/www.webdo.tn\\\/fr\\\/actualite\\\/author\\\/mk\\\/\"}]}<\/script>\n<!-- \/ Yoast SEO Premium plugin. -->","yoast_head_json":{"title":"Hausse de 13,4% du budget de la pr\u00e9sidence de la R\u00e9publique","description":"Selon la loi de Finances 2023, qui a \u00e9t\u00e9 publi\u00e9e au Journal officiel de la R\u00e9publique tunisienne, le budget de la pr\u00e9sidence de la R\u00e9publique a \u00e9t\u00e9 revu \u00e0 la ha...","canonical":"https:\/\/www.webdo.tn\/fr\/actualite\/national-45\/hausse-de-13-4-du-budget-de-la-presidence-de-la-republique\/201124\/","og_locale":"fr_FR","og_type":"article","og_title":"Hausse de 13,4% du budget de la pr\u00e9sidence de la R\u00e9publique","og_description":"Selon la loi de Finances 2023, qui a \u00e9t\u00e9 publi\u00e9e au Journal officiel de la R\u00e9publique tunisienne, le budget de la pr\u00e9sidence de la R\u00e9publique a \u00e9t\u00e9 revu \u00e0 la ha...","og_url":"https:\/\/www.webdo.tn\/fr\/actualite\/national-45\/hausse-de-13-4-du-budget-de-la-presidence-de-la-republique\/201124\/","og_site_name":"webdo","article_publisher":"https:\/\/www.facebook.com\/webdotn","article_published_time":"2022-12-25T10:33:00+00:00","article_modified_time":"2025-05-22T11:39:56+00:00","og_image":[{"width":750,"height":400,"url":"https:\/\/www.webdo.tn\/fr\/wp-content\/uploads\/2022\/12\/72b25e84fb5cb90af6ad3d53bd28cbfc.jpg","type":"image\/jpeg"}],"author":"MK","twitter_card":"summary_large_image","twitter_creator":"@webdo_tn","twitter_site":"@webdo_tn","twitter_misc":{"\u00c9crit par":"MK","Dur\u00e9e de lecture estim\u00e9e":"1 minute"},"schema":{"@context":"https:\/\/schema.org","@graph":[{"@type":"NewsArticle","@id":"https:\/\/www.webdo.tn\/fr\/actualite\/national-45\/hausse-de-13-4-du-budget-de-la-presidence-de-la-republique\/201124\/#article","isPartOf":{"@id":"https:\/\/www.webdo.tn\/fr\/actualite\/national-45\/hausse-de-13-4-du-budget-de-la-presidence-de-la-republique\/201124\/"},"author":{"name":"MK","@id":"https:\/\/www.webdo.tn\/fr\/#\/schema\/person\/c3a9d32fa6d495ca5f4b6510e3db97bf"},"headline":"Hausse de 13,4% du budget de la pr\u00e9sidence de la R\u00e9publique","datePublished":"2022-12-25T10:33:00+00:00","dateModified":"2025-05-22T11:39:56+00:00","mainEntityOfPage":{"@id":"https:\/\/www.webdo.tn\/fr\/actualite\/national-45\/hausse-de-13-4-du-budget-de-la-presidence-de-la-republique\/201124\/"},"wordCount":123,"commentCount":0,"publisher":{"@id":"https:\/\/www.webdo.tn\/fr\/#organization"},"image":{"@id":"https:\/\/www.webdo.tn\/fr\/actualite\/national-45\/hausse-de-13-4-du-budget-de-la-presidence-de-la-republique\/201124\/#primaryimage"},"thumbnailUrl":"https:\/\/www.webdo.tn\/fr\/wp-content\/uploads\/2022\/12\/72b25e84fb5cb90af6ad3d53bd28cbfc.jpg","keywords":["Loi de Finances","pr\u00e9sidence de la R\u00e9publique"],"articleSection":["National"],"inLanguage":"fr-FR"},{"@type":"WebPage","@id":"https:\/\/www.webdo.tn\/fr\/actualite\/national-45\/hausse-de-13-4-du-budget-de-la-presidence-de-la-republique\/201124\/","url":"https:\/\/www.webdo.tn\/fr\/actualite\/national-45\/hausse-de-13-4-du-budget-de-la-presidence-de-la-republique\/201124\/","name":"Hausse de 13,4% du budget de la pr\u00e9sidence de la R\u00e9publique","isPartOf":{"@id":"https:\/\/www.webdo.tn\/fr\/#website"},"primaryImageOfPage":{"@id":"https:\/\/www.webdo.tn\/fr\/actualite\/national-45\/hausse-de-13-4-du-budget-de-la-presidence-de-la-republique\/201124\/#primaryimage"},"image":{"@id":"https:\/\/www.webdo.tn\/fr\/actualite\/national-45\/hausse-de-13-4-du-budget-de-la-presidence-de-la-republique\/201124\/#primaryimage"},"thumbnailUrl":"https:\/\/www.webdo.tn\/fr\/wp-content\/uploads\/2022\/12\/72b25e84fb5cb90af6ad3d53bd28cbfc.jpg","datePublished":"2022-12-25T10:33:00+00:00","dateModified":"2025-05-22T11:39:56+00:00","description":"Selon la loi de Finances 2023, qui a \u00e9t\u00e9 publi\u00e9e au Journal officiel de la R\u00e9publique tunisienne, le budget de la pr\u00e9sidence de la R\u00e9publique a \u00e9t\u00e9 revu \u00e0 la ha...","breadcrumb":{"@id":"https:\/\/www.webdo.tn\/fr\/actualite\/national-45\/hausse-de-13-4-du-budget-de-la-presidence-de-la-republique\/201124\/#breadcrumb"},"inLanguage":"fr-FR","potentialAction":[{"@type":"ReadAction","target":["https:\/\/www.webdo.tn\/fr\/actualite\/national-45\/hausse-de-13-4-du-budget-de-la-presidence-de-la-republique\/201124\/"]}]},{"@type":"ImageObject","inLanguage":"fr-FR","@id":"https:\/\/www.webdo.tn\/fr\/actualite\/national-45\/hausse-de-13-4-du-budget-de-la-presidence-de-la-republique\/201124\/#primaryimage","url":"https:\/\/www.webdo.tn\/fr\/wp-content\/uploads\/2022\/12\/72b25e84fb5cb90af6ad3d53bd28cbfc.jpg","contentUrl":"https:\/\/www.webdo.tn\/fr\/wp-content\/uploads\/2022\/12\/72b25e84fb5cb90af6ad3d53bd28cbfc.jpg","width":750,"height":400,"caption":"pr\u00e9sidence de la r\u00e9publique"},{"@type":"BreadcrumbList","@id":"https:\/\/www.webdo.tn\/fr\/actualite\/national-45\/hausse-de-13-4-du-budget-de-la-presidence-de-la-republique\/201124\/#breadcrumb","itemListElement":[{"@type":"ListItem","position":1,"name":"Accueil","item":"https:\/\/www.webdo.tn\/fr\/"},{"@type":"ListItem","position":2,"name":"Hausse de 13,4% du budget de la pr\u00e9sidence de la R\u00e9publique"}]},{"@type":"WebSite","@id":"https:\/\/www.webdo.tn\/fr\/#website","url":"https:\/\/www.webdo.tn\/fr\/","name":"webdo","description":"Tunisie - News en Tunisie et \u00e0 l&#039;international sur Webdo.tn","publisher":{"@id":"https:\/\/www.webdo.tn\/fr\/#organization"},"potentialAction":[{"@type":"SearchAction","target":{"@type":"EntryPoint","urlTemplate":"https:\/\/www.webdo.tn\/fr\/?s={search_term_string}"},"query-input":{"@type":"PropertyValueSpecification","valueRequired":true,"valueName":"search_term_string"}}],"inLanguage":"fr-FR"},{"@type":"Organization","@id":"https:\/\/www.webdo.tn\/fr\/#organization","name":"Webdo","alternateName":"Webdo.tn","url":"https:\/\/www.webdo.tn\/fr\/","logo":{"@type":"ImageObject","inLanguage":"fr-FR","@id":"https:\/\/www.webdo.tn\/fr\/#\/schema\/logo\/image\/","url":"https:\/\/www.webdo.tn\/fr\/wp-content\/uploads\/2025\/06\/Webdo-Tunisie_168377.jpg","contentUrl":"https:\/\/www.webdo.tn\/fr\/wp-content\/uploads\/2025\/06\/Webdo-Tunisie_168377.jpg","width":301,"height":301,"caption":"Webdo"},"image":{"@id":"https:\/\/www.webdo.tn\/fr\/#\/schema\/logo\/image\/"},"sameAs":["https:\/\/www.facebook.com\/webdotn","https:\/\/x.com\/webdo_tn"],"description":"Webdo est un m\u00e9dia num\u00e9rique tunisien fond\u00e9 en 2010, sp\u00e9cialis\u00e9 dans l\u2019actualit\u00e9 nationale et internationale, l\u2019\u00e9conomie, la soci\u00e9t\u00e9 et les analyses politiques. Le site s\u2019adresse \u00e0 un large public francophone et couvre l\u2019information tunisienne en temps r\u00e9el.","email":"redac@webdo.tn","legalName":"YNJ SARL","foundingDate":"2010-09-06","numberOfEmployees":{"@type":"QuantitativeValue","minValue":"11","maxValue":"50"}},{"@type":"Person","@id":"https:\/\/www.webdo.tn\/fr\/#\/schema\/person\/c3a9d32fa6d495ca5f4b6510e3db97bf","name":"MK","image":{"@type":"ImageObject","inLanguage":"fr-FR","@id":"https:\/\/secure.gravatar.com\/avatar\/6d44f937f19929f3b75db77056d3e08abd6e302e71bcfea340cd8b00c13e7baf?s=96&d=mm&r=g","url":"https:\/\/secure.gravatar.com\/avatar\/6d44f937f19929f3b75db77056d3e08abd6e302e71bcfea340cd8b00c13e7baf?s=96&d=mm&r=g","contentUrl":"https:\/\/secure.gravatar.com\/avatar\/6d44f937f19929f3b75db77056d3e08abd6e302e71bcfea340cd8b00c13e7baf?s=96&d=mm&r=g","caption":"MK"},"url":"https:\/\/www.webdo.tn\/fr\/actualite\/author\/mk\/"}]}},"_links":{"self":[{"href":"https:\/\/www.webdo.tn\/fr\/wp-json\/wp\/v2\/posts\/201124","targetHints":{"allow":["GET"]}}],"collection":[{"href":"https:\/\/www.webdo.tn\/fr\/wp-json\/wp\/v2\/posts"}],"about":[{"href":"https:\/\/www.webdo.tn\/fr\/wp-json\/wp\/v2\/types\/post"}],"author":[{"embeddable":true,"href":"https:\/\/www.webdo.tn\/fr\/wp-json\/wp\/v2\/users\/3196"}],"replies":[{"embeddable":true,"href":"https:\/\/www.webdo.tn\/fr\/wp-json\/wp\/v2\/comments?post=201124"}],"version-history":[{"count":0,"href":"https:\/\/www.webdo.tn\/fr\/wp-json\/wp\/v2\/posts\/201124\/revisions"}],"wp:featuredmedia":[{"embeddable":true,"href":"https:\/\/www.webdo.tn\/fr\/wp-json\/wp\/v2\/media\/348375"}],"wp:attachment":[{"href":"https:\/\/www.webdo.tn\/fr\/wp-json\/wp\/v2\/media?parent=201124"}],"wp:term":[{"taxonomy":"category","embeddable":true,"href":"https:\/\/www.webdo.tn\/fr\/wp-json\/wp\/v2\/categories?post=201124"},{"taxonomy":"post_tag","embeddable":true,"href":"https:\/\/www.webdo.tn\/fr\/wp-json\/wp\/v2\/tags?post=201124"}],"curies":[{"name":"wp","href":"https:\/\/api.w.org\/{rel}","templated":true}]}}