{"id":201094,"date":"2022-12-24T08:55:00","date_gmt":"2022-12-24T08:55:00","guid":{"rendered":"https:\/\/www.webdo.tn\/fr\/blog\/17-decembre-grace-presidentielle-au-profit-de-1650-detenus\/201094\/"},"modified":"2025-05-20T22:06:26","modified_gmt":"2025-05-20T22:06:26","slug":"17-decembre-grace-presidentielle-au-profit-de-1650-detenus","status":"publish","type":"post","link":"https:\/\/www.webdo.tn\/fr\/actualite\/national\/17-decembre-grace-presidentielle-au-profit-de-1650-detenus\/201094\/","title":{"rendered":"17 D\u00e9cembre : Gr\u00e2ce pr\u00e9sidentielle au profit de 1650 d\u00e9tenus"},"content":{"rendered":"<p>A l&rsquo;occasion de la f\u00eate de la R\u00e9volution du 17 d\u00e9cembre 2010, le pr\u00e9sident de la R\u00e9publique, Kais Saied, a d\u00e9cid\u00e9 d&rsquo;accorder une gr\u00e2ce sp\u00e9ciale \u00e0 1650 d\u00e9tenus.<\/p>\n<p>\t\t\t\t\t\t\t\t\tSuite \u00e0 cette gr\u00e2ce, 415 d\u00e9tenus seront relax\u00e9s, indique la pr\u00e9sidence de la R\u00e9publique dans un communiqu\u00e9 publi\u00e9 sur sa page Facebook.<\/p>\n<p>Cette d\u00e9cision a \u00e9t\u00e9 annonc\u00e9e, lors d&rsquo;une rencontre entre le Chef de l\u2019Etat la ministre de la justice, Leila Jaffel, hier au Palais de Carthage.<\/p>\n<p>Outre la question de la gr\u00e2ce pr\u00e9sidentielle, Kais Saied et leila Jaffel ont \u00e9galement \u00e9voqu\u00e9 la question des peines de substitution, du bracelet \u00e9lectronique et du travail d&rsquo;int\u00e9r\u00eat public, qui peuvent constituer une solution de rechange \u00e0 la prison.<\/p>\n<p>Un autre aspect de la justice a \u00e9galement \u00e9t\u00e9 \u00e9voqu\u00e9, \u00ab\u00a0la purge du pays de tous ceux qui ont spoli\u00e9 ses ressources et qui ont commis des exactions \u00e0 son encontre \u00e0 travers une justice \u00e9quitable\u00a0\u00bb.<\/p>\n<p>Enfin, il a \u00e9t\u00e9 question du temps judiciaire, Kais Saied jugeant inadmissible que les affaires tra\u00eenent en longueur devant la justice sans \u00eatre tranch\u00e9es.<\/p>\n","protected":false},"excerpt":{"rendered":"<p>A l&rsquo;occasion de la f\u00eate de la R\u00e9volution du 17 d\u00e9cembre 2010, le pr\u00e9sident de la R\u00e9publique, Kais Saied, a d\u00e9cid\u00e9 d&rsquo;accorder une gr\u00e2ce sp\u00e9ciale \u00e0 1650 d\u00e9tenus.<\/p>\n","protected":false},"author":3162,"featured_media":277436,"comment_status":"open","ping_status":"closed","sticky":false,"template":"","format":"standard","meta":{"footnotes":""},"categories":[44],"tags":[3857,3583,2619],"class_list":["post-201094","post","type-post","status-publish","format-standard","has-post-thumbnail","hentry","category-national","tag-detenus","tag-grace-presidentielle","tag-justice"],"yoast_head":"<!-- This site is optimized with the Yoast SEO Premium plugin v27.5 (Yoast SEO v27.5) - https:\/\/yoast.com\/product\/yoast-seo-premium-wordpress\/ -->\n<title>17 D\u00e9cembre : Gr\u00e2ce pr\u00e9sidentielle au profit de 1650 d\u00e9tenus<\/title>\n<meta name=\"description\" content=\"A l&#039;occasion de la f\u00eate de la R\u00e9volution du 17 d\u00e9cembre 2010, le pr\u00e9sident de la R\u00e9publique, Kais Saied, a d\u00e9cid\u00e9 d&#039;accorder une gr\u00e2ce sp\u00e9ciale \u00e0 1650 d\u00e9tenus.\" \/>\n<link rel=\"canonical\" href=\"https:\/\/www.webdo.tn\/fr\/actualite\/national\/17-decembre-grace-presidentielle-au-profit-de-1650-detenus\/201094\/\" \/>\n<meta property=\"og:locale\" content=\"fr_FR\" \/>\n<meta property=\"og:type\" content=\"article\" \/>\n<meta property=\"og:title\" content=\"17 D\u00e9cembre : Gr\u00e2ce pr\u00e9sidentielle au profit de 1650 d\u00e9tenus\" \/>\n<meta property=\"og:description\" content=\"A l&#039;occasion de la f\u00eate de la R\u00e9volution du 17 d\u00e9cembre 2010, le pr\u00e9sident de la R\u00e9publique, Kais Saied, a d\u00e9cid\u00e9 d&#039;accorder une gr\u00e2ce sp\u00e9ciale \u00e0 1650 d\u00e9tenus.\" \/>\n<meta property=\"og:url\" content=\"https:\/\/www.webdo.tn\/fr\/actualite\/national\/17-decembre-grace-presidentielle-au-profit-de-1650-detenus\/201094\/\" \/>\n<meta property=\"og:site_name\" content=\"webdo\" \/>\n<meta property=\"article:publisher\" content=\"https:\/\/www.facebook.com\/webdotn\" \/>\n<meta property=\"article:published_time\" content=\"2022-12-24T08:55:00+00:00\" \/>\n<meta property=\"article:modified_time\" content=\"2025-05-20T22:06:26+00:00\" \/>\n<meta property=\"og:image\" content=\"https:\/\/www.webdo.tn\/fr\/wp-content\/uploads\/2022\/12\/5fd8ebd455068a997eabb58435379b2a.jpg\" \/>\n\t<meta property=\"og:image:width\" content=\"750\" \/>\n\t<meta property=\"og:image:height\" content=\"400\" \/>\n\t<meta property=\"og:image:type\" content=\"image\/jpeg\" \/>\n<meta name=\"author\" content=\"MC\" \/>\n<meta name=\"twitter:card\" content=\"summary_large_image\" \/>\n<meta name=\"twitter:creator\" content=\"@webdo_tn\" \/>\n<meta name=\"twitter:site\" content=\"@webdo_tn\" \/>\n<meta name=\"twitter:label1\" content=\"\u00c9crit par\" \/>\n\t<meta name=\"twitter:data1\" content=\"MC\" \/>\n\t<meta name=\"twitter:label2\" content=\"Dur\u00e9e de lecture estim\u00e9e\" \/>\n\t<meta name=\"twitter:data2\" content=\"1 minute\" \/>\n<script type=\"application\/ld+json\" class=\"yoast-schema-graph\">{\"@context\":\"https:\\\/\\\/schema.org\",\"@graph\":[{\"@type\":\"NewsArticle\",\"@id\":\"https:\\\/\\\/www.webdo.tn\\\/fr\\\/actualite\\\/national\\\/17-decembre-grace-presidentielle-au-profit-de-1650-detenus\\\/201094\\\/#article\",\"isPartOf\":{\"@id\":\"https:\\\/\\\/www.webdo.tn\\\/fr\\\/actualite\\\/national\\\/17-decembre-grace-presidentielle-au-profit-de-1650-detenus\\\/201094\\\/\"},\"author\":{\"name\":\"MC\",\"@id\":\"https:\\\/\\\/www.webdo.tn\\\/fr\\\/#\\\/schema\\\/person\\\/2c4929cbf5a809e3bd38617c6ce150f6\"},\"headline\":\"17 D\u00e9cembre : Gr\u00e2ce pr\u00e9sidentielle au profit de 1650 d\u00e9tenus\",\"datePublished\":\"2022-12-24T08:55:00+00:00\",\"dateModified\":\"2025-05-20T22:06:26+00:00\",\"mainEntityOfPage\":{\"@id\":\"https:\\\/\\\/www.webdo.tn\\\/fr\\\/actualite\\\/national\\\/17-decembre-grace-presidentielle-au-profit-de-1650-detenus\\\/201094\\\/\"},\"wordCount\":203,\"commentCount\":0,\"publisher\":{\"@id\":\"https:\\\/\\\/www.webdo.tn\\\/fr\\\/#organization\"},\"image\":{\"@id\":\"https:\\\/\\\/www.webdo.tn\\\/fr\\\/actualite\\\/national\\\/17-decembre-grace-presidentielle-au-profit-de-1650-detenus\\\/201094\\\/#primaryimage\"},\"thumbnailUrl\":\"https:\\\/\\\/www.webdo.tn\\\/fr\\\/wp-content\\\/uploads\\\/2022\\\/12\\\/5fd8ebd455068a997eabb58435379b2a.jpg\",\"keywords\":[\"d\u00e9tenus\",\"gr\u00e2ce pr\u00e9sidentielle\",\"justice\"],\"articleSection\":[\"National\"],\"inLanguage\":\"fr-FR\"},{\"@type\":\"WebPage\",\"@id\":\"https:\\\/\\\/www.webdo.tn\\\/fr\\\/actualite\\\/national\\\/17-decembre-grace-presidentielle-au-profit-de-1650-detenus\\\/201094\\\/\",\"url\":\"https:\\\/\\\/www.webdo.tn\\\/fr\\\/actualite\\\/national\\\/17-decembre-grace-presidentielle-au-profit-de-1650-detenus\\\/201094\\\/\",\"name\":\"17 D\u00e9cembre : Gr\u00e2ce pr\u00e9sidentielle au profit de 1650 d\u00e9tenus\",\"isPartOf\":{\"@id\":\"https:\\\/\\\/www.webdo.tn\\\/fr\\\/#website\"},\"primaryImageOfPage\":{\"@id\":\"https:\\\/\\\/www.webdo.tn\\\/fr\\\/actualite\\\/national\\\/17-decembre-grace-presidentielle-au-profit-de-1650-detenus\\\/201094\\\/#primaryimage\"},\"image\":{\"@id\":\"https:\\\/\\\/www.webdo.tn\\\/fr\\\/actualite\\\/national\\\/17-decembre-grace-presidentielle-au-profit-de-1650-detenus\\\/201094\\\/#primaryimage\"},\"thumbnailUrl\":\"https:\\\/\\\/www.webdo.tn\\\/fr\\\/wp-content\\\/uploads\\\/2022\\\/12\\\/5fd8ebd455068a997eabb58435379b2a.jpg\",\"datePublished\":\"2022-12-24T08:55:00+00:00\",\"dateModified\":\"2025-05-20T22:06:26+00:00\",\"description\":\"A l'occasion de la f\u00eate de la R\u00e9volution du 17 d\u00e9cembre 2010, le pr\u00e9sident de la R\u00e9publique, Kais Saied, a d\u00e9cid\u00e9 d'accorder une gr\u00e2ce sp\u00e9ciale \u00e0 1650 d\u00e9tenus.\",\"breadcrumb\":{\"@id\":\"https:\\\/\\\/www.webdo.tn\\\/fr\\\/actualite\\\/national\\\/17-decembre-grace-presidentielle-au-profit-de-1650-detenus\\\/201094\\\/#breadcrumb\"},\"inLanguage\":\"fr-FR\",\"potentialAction\":[{\"@type\":\"ReadAction\",\"target\":[\"https:\\\/\\\/www.webdo.tn\\\/fr\\\/actualite\\\/national\\\/17-decembre-grace-presidentielle-au-profit-de-1650-detenus\\\/201094\\\/\"]}]},{\"@type\":\"ImageObject\",\"inLanguage\":\"fr-FR\",\"@id\":\"https:\\\/\\\/www.webdo.tn\\\/fr\\\/actualite\\\/national\\\/17-decembre-grace-presidentielle-au-profit-de-1650-detenus\\\/201094\\\/#primaryimage\",\"url\":\"https:\\\/\\\/www.webdo.tn\\\/fr\\\/wp-content\\\/uploads\\\/2022\\\/12\\\/5fd8ebd455068a997eabb58435379b2a.jpg\",\"contentUrl\":\"https:\\\/\\\/www.webdo.tn\\\/fr\\\/wp-content\\\/uploads\\\/2022\\\/12\\\/5fd8ebd455068a997eabb58435379b2a.jpg\",\"width\":750,\"height\":400,\"caption\":\"17 D\u00e9cembre : Gr\u00e2ce pr\u00e9sidentielle au profit de 1650 d\u00e9tenus\"},{\"@type\":\"BreadcrumbList\",\"@id\":\"https:\\\/\\\/www.webdo.tn\\\/fr\\\/actualite\\\/national\\\/17-decembre-grace-presidentielle-au-profit-de-1650-detenus\\\/201094\\\/#breadcrumb\",\"itemListElement\":[{\"@type\":\"ListItem\",\"position\":1,\"name\":\"Accueil\",\"item\":\"https:\\\/\\\/www.webdo.tn\\\/fr\\\/\"},{\"@type\":\"ListItem\",\"position\":2,\"name\":\"17 D\u00e9cembre : Gr\u00e2ce pr\u00e9sidentielle au profit de 1650 d\u00e9tenus\"}]},{\"@type\":\"WebSite\",\"@id\":\"https:\\\/\\\/www.webdo.tn\\\/fr\\\/#website\",\"url\":\"https:\\\/\\\/www.webdo.tn\\\/fr\\\/\",\"name\":\"webdo\",\"description\":\"Tunisie - News en Tunisie et \u00e0 l&#039;international sur Webdo.tn\",\"publisher\":{\"@id\":\"https:\\\/\\\/www.webdo.tn\\\/fr\\\/#organization\"},\"potentialAction\":[{\"@type\":\"SearchAction\",\"target\":{\"@type\":\"EntryPoint\",\"urlTemplate\":\"https:\\\/\\\/www.webdo.tn\\\/fr\\\/?s={search_term_string}\"},\"query-input\":{\"@type\":\"PropertyValueSpecification\",\"valueRequired\":true,\"valueName\":\"search_term_string\"}}],\"inLanguage\":\"fr-FR\"},{\"@type\":\"Organization\",\"@id\":\"https:\\\/\\\/www.webdo.tn\\\/fr\\\/#organization\",\"name\":\"Webdo\",\"alternateName\":\"Webdo.tn\",\"url\":\"https:\\\/\\\/www.webdo.tn\\\/fr\\\/\",\"logo\":{\"@type\":\"ImageObject\",\"inLanguage\":\"fr-FR\",\"@id\":\"https:\\\/\\\/www.webdo.tn\\\/fr\\\/#\\\/schema\\\/logo\\\/image\\\/\",\"url\":\"https:\\\/\\\/www.webdo.tn\\\/fr\\\/wp-content\\\/uploads\\\/2025\\\/06\\\/Webdo-Tunisie_168377.jpg\",\"contentUrl\":\"https:\\\/\\\/www.webdo.tn\\\/fr\\\/wp-content\\\/uploads\\\/2025\\\/06\\\/Webdo-Tunisie_168377.jpg\",\"width\":301,\"height\":301,\"caption\":\"Webdo\"},\"image\":{\"@id\":\"https:\\\/\\\/www.webdo.tn\\\/fr\\\/#\\\/schema\\\/logo\\\/image\\\/\"},\"sameAs\":[\"https:\\\/\\\/www.facebook.com\\\/webdotn\",\"https:\\\/\\\/x.com\\\/webdo_tn\"],\"description\":\"Webdo est un m\u00e9dia num\u00e9rique tunisien fond\u00e9 en 2010, sp\u00e9cialis\u00e9 dans l\u2019actualit\u00e9 nationale et internationale, l\u2019\u00e9conomie, la soci\u00e9t\u00e9 et les analyses politiques. Le site s\u2019adresse \u00e0 un large public francophone et couvre l\u2019information tunisienne en temps r\u00e9el.\",\"email\":\"redac@webdo.tn\",\"legalName\":\"YNJ SARL\",\"foundingDate\":\"2010-09-06\",\"numberOfEmployees\":{\"@type\":\"QuantitativeValue\",\"minValue\":\"11\",\"maxValue\":\"50\"}},{\"@type\":\"Person\",\"@id\":\"https:\\\/\\\/www.webdo.tn\\\/fr\\\/#\\\/schema\\\/person\\\/2c4929cbf5a809e3bd38617c6ce150f6\",\"name\":\"MC\",\"image\":{\"@type\":\"ImageObject\",\"inLanguage\":\"fr-FR\",\"@id\":\"https:\\\/\\\/secure.gravatar.com\\\/avatar\\\/a545bbb6f84efdd5553dbbc2895e3ca8f1d12c5215e00a041c9670b54aa9b18a?s=96&d=mm&r=g\",\"url\":\"https:\\\/\\\/secure.gravatar.com\\\/avatar\\\/a545bbb6f84efdd5553dbbc2895e3ca8f1d12c5215e00a041c9670b54aa9b18a?s=96&d=mm&r=g\",\"contentUrl\":\"https:\\\/\\\/secure.gravatar.com\\\/avatar\\\/a545bbb6f84efdd5553dbbc2895e3ca8f1d12c5215e00a041c9670b54aa9b18a?s=96&d=mm&r=g\",\"caption\":\"MC\"},\"url\":\"https:\\\/\\\/www.webdo.tn\\\/fr\\\/actualite\\\/author\\\/mc\\\/\"}]}<\/script>\n<!-- \/ Yoast SEO Premium plugin. -->","yoast_head_json":{"title":"17 D\u00e9cembre : Gr\u00e2ce pr\u00e9sidentielle au profit de 1650 d\u00e9tenus","description":"A l'occasion de la f\u00eate de la R\u00e9volution du 17 d\u00e9cembre 2010, le pr\u00e9sident de la R\u00e9publique, Kais Saied, a d\u00e9cid\u00e9 d'accorder une gr\u00e2ce sp\u00e9ciale \u00e0 1650 d\u00e9tenus.","canonical":"https:\/\/www.webdo.tn\/fr\/actualite\/national\/17-decembre-grace-presidentielle-au-profit-de-1650-detenus\/201094\/","og_locale":"fr_FR","og_type":"article","og_title":"17 D\u00e9cembre : Gr\u00e2ce pr\u00e9sidentielle au profit de 1650 d\u00e9tenus","og_description":"A l'occasion de la f\u00eate de la R\u00e9volution du 17 d\u00e9cembre 2010, le pr\u00e9sident de la R\u00e9publique, Kais Saied, a d\u00e9cid\u00e9 d'accorder une gr\u00e2ce sp\u00e9ciale \u00e0 1650 d\u00e9tenus.","og_url":"https:\/\/www.webdo.tn\/fr\/actualite\/national\/17-decembre-grace-presidentielle-au-profit-de-1650-detenus\/201094\/","og_site_name":"webdo","article_publisher":"https:\/\/www.facebook.com\/webdotn","article_published_time":"2022-12-24T08:55:00+00:00","article_modified_time":"2025-05-20T22:06:26+00:00","og_image":[{"width":750,"height":400,"url":"https:\/\/www.webdo.tn\/fr\/wp-content\/uploads\/2022\/12\/5fd8ebd455068a997eabb58435379b2a.jpg","type":"image\/jpeg"}],"author":"MC","twitter_card":"summary_large_image","twitter_creator":"@webdo_tn","twitter_site":"@webdo_tn","twitter_misc":{"\u00c9crit par":"MC","Dur\u00e9e de lecture estim\u00e9e":"1 minute"},"schema":{"@context":"https:\/\/schema.org","@graph":[{"@type":"NewsArticle","@id":"https:\/\/www.webdo.tn\/fr\/actualite\/national\/17-decembre-grace-presidentielle-au-profit-de-1650-detenus\/201094\/#article","isPartOf":{"@id":"https:\/\/www.webdo.tn\/fr\/actualite\/national\/17-decembre-grace-presidentielle-au-profit-de-1650-detenus\/201094\/"},"author":{"name":"MC","@id":"https:\/\/www.webdo.tn\/fr\/#\/schema\/person\/2c4929cbf5a809e3bd38617c6ce150f6"},"headline":"17 D\u00e9cembre : Gr\u00e2ce pr\u00e9sidentielle au profit de 1650 d\u00e9tenus","datePublished":"2022-12-24T08:55:00+00:00","dateModified":"2025-05-20T22:06:26+00:00","mainEntityOfPage":{"@id":"https:\/\/www.webdo.tn\/fr\/actualite\/national\/17-decembre-grace-presidentielle-au-profit-de-1650-detenus\/201094\/"},"wordCount":203,"commentCount":0,"publisher":{"@id":"https:\/\/www.webdo.tn\/fr\/#organization"},"image":{"@id":"https:\/\/www.webdo.tn\/fr\/actualite\/national\/17-decembre-grace-presidentielle-au-profit-de-1650-detenus\/201094\/#primaryimage"},"thumbnailUrl":"https:\/\/www.webdo.tn\/fr\/wp-content\/uploads\/2022\/12\/5fd8ebd455068a997eabb58435379b2a.jpg","keywords":["d\u00e9tenus","gr\u00e2ce pr\u00e9sidentielle","justice"],"articleSection":["National"],"inLanguage":"fr-FR"},{"@type":"WebPage","@id":"https:\/\/www.webdo.tn\/fr\/actualite\/national\/17-decembre-grace-presidentielle-au-profit-de-1650-detenus\/201094\/","url":"https:\/\/www.webdo.tn\/fr\/actualite\/national\/17-decembre-grace-presidentielle-au-profit-de-1650-detenus\/201094\/","name":"17 D\u00e9cembre : Gr\u00e2ce pr\u00e9sidentielle au profit de 1650 d\u00e9tenus","isPartOf":{"@id":"https:\/\/www.webdo.tn\/fr\/#website"},"primaryImageOfPage":{"@id":"https:\/\/www.webdo.tn\/fr\/actualite\/national\/17-decembre-grace-presidentielle-au-profit-de-1650-detenus\/201094\/#primaryimage"},"image":{"@id":"https:\/\/www.webdo.tn\/fr\/actualite\/national\/17-decembre-grace-presidentielle-au-profit-de-1650-detenus\/201094\/#primaryimage"},"thumbnailUrl":"https:\/\/www.webdo.tn\/fr\/wp-content\/uploads\/2022\/12\/5fd8ebd455068a997eabb58435379b2a.jpg","datePublished":"2022-12-24T08:55:00+00:00","dateModified":"2025-05-20T22:06:26+00:00","description":"A l'occasion de la f\u00eate de la R\u00e9volution du 17 d\u00e9cembre 2010, le pr\u00e9sident de la R\u00e9publique, Kais Saied, a d\u00e9cid\u00e9 d'accorder une gr\u00e2ce sp\u00e9ciale \u00e0 1650 d\u00e9tenus.","breadcrumb":{"@id":"https:\/\/www.webdo.tn\/fr\/actualite\/national\/17-decembre-grace-presidentielle-au-profit-de-1650-detenus\/201094\/#breadcrumb"},"inLanguage":"fr-FR","potentialAction":[{"@type":"ReadAction","target":["https:\/\/www.webdo.tn\/fr\/actualite\/national\/17-decembre-grace-presidentielle-au-profit-de-1650-detenus\/201094\/"]}]},{"@type":"ImageObject","inLanguage":"fr-FR","@id":"https:\/\/www.webdo.tn\/fr\/actualite\/national\/17-decembre-grace-presidentielle-au-profit-de-1650-detenus\/201094\/#primaryimage","url":"https:\/\/www.webdo.tn\/fr\/wp-content\/uploads\/2022\/12\/5fd8ebd455068a997eabb58435379b2a.jpg","contentUrl":"https:\/\/www.webdo.tn\/fr\/wp-content\/uploads\/2022\/12\/5fd8ebd455068a997eabb58435379b2a.jpg","width":750,"height":400,"caption":"17 D\u00e9cembre : Gr\u00e2ce pr\u00e9sidentielle au profit de 1650 d\u00e9tenus"},{"@type":"BreadcrumbList","@id":"https:\/\/www.webdo.tn\/fr\/actualite\/national\/17-decembre-grace-presidentielle-au-profit-de-1650-detenus\/201094\/#breadcrumb","itemListElement":[{"@type":"ListItem","position":1,"name":"Accueil","item":"https:\/\/www.webdo.tn\/fr\/"},{"@type":"ListItem","position":2,"name":"17 D\u00e9cembre : Gr\u00e2ce pr\u00e9sidentielle au profit de 1650 d\u00e9tenus"}]},{"@type":"WebSite","@id":"https:\/\/www.webdo.tn\/fr\/#website","url":"https:\/\/www.webdo.tn\/fr\/","name":"webdo","description":"Tunisie - News en Tunisie et \u00e0 l&#039;international sur Webdo.tn","publisher":{"@id":"https:\/\/www.webdo.tn\/fr\/#organization"},"potentialAction":[{"@type":"SearchAction","target":{"@type":"EntryPoint","urlTemplate":"https:\/\/www.webdo.tn\/fr\/?s={search_term_string}"},"query-input":{"@type":"PropertyValueSpecification","valueRequired":true,"valueName":"search_term_string"}}],"inLanguage":"fr-FR"},{"@type":"Organization","@id":"https:\/\/www.webdo.tn\/fr\/#organization","name":"Webdo","alternateName":"Webdo.tn","url":"https:\/\/www.webdo.tn\/fr\/","logo":{"@type":"ImageObject","inLanguage":"fr-FR","@id":"https:\/\/www.webdo.tn\/fr\/#\/schema\/logo\/image\/","url":"https:\/\/www.webdo.tn\/fr\/wp-content\/uploads\/2025\/06\/Webdo-Tunisie_168377.jpg","contentUrl":"https:\/\/www.webdo.tn\/fr\/wp-content\/uploads\/2025\/06\/Webdo-Tunisie_168377.jpg","width":301,"height":301,"caption":"Webdo"},"image":{"@id":"https:\/\/www.webdo.tn\/fr\/#\/schema\/logo\/image\/"},"sameAs":["https:\/\/www.facebook.com\/webdotn","https:\/\/x.com\/webdo_tn"],"description":"Webdo est un m\u00e9dia num\u00e9rique tunisien fond\u00e9 en 2010, sp\u00e9cialis\u00e9 dans l\u2019actualit\u00e9 nationale et internationale, l\u2019\u00e9conomie, la soci\u00e9t\u00e9 et les analyses politiques. Le site s\u2019adresse \u00e0 un large public francophone et couvre l\u2019information tunisienne en temps r\u00e9el.","email":"redac@webdo.tn","legalName":"YNJ SARL","foundingDate":"2010-09-06","numberOfEmployees":{"@type":"QuantitativeValue","minValue":"11","maxValue":"50"}},{"@type":"Person","@id":"https:\/\/www.webdo.tn\/fr\/#\/schema\/person\/2c4929cbf5a809e3bd38617c6ce150f6","name":"MC","image":{"@type":"ImageObject","inLanguage":"fr-FR","@id":"https:\/\/secure.gravatar.com\/avatar\/a545bbb6f84efdd5553dbbc2895e3ca8f1d12c5215e00a041c9670b54aa9b18a?s=96&d=mm&r=g","url":"https:\/\/secure.gravatar.com\/avatar\/a545bbb6f84efdd5553dbbc2895e3ca8f1d12c5215e00a041c9670b54aa9b18a?s=96&d=mm&r=g","contentUrl":"https:\/\/secure.gravatar.com\/avatar\/a545bbb6f84efdd5553dbbc2895e3ca8f1d12c5215e00a041c9670b54aa9b18a?s=96&d=mm&r=g","caption":"MC"},"url":"https:\/\/www.webdo.tn\/fr\/actualite\/author\/mc\/"}]}},"_links":{"self":[{"href":"https:\/\/www.webdo.tn\/fr\/wp-json\/wp\/v2\/posts\/201094","targetHints":{"allow":["GET"]}}],"collection":[{"href":"https:\/\/www.webdo.tn\/fr\/wp-json\/wp\/v2\/posts"}],"about":[{"href":"https:\/\/www.webdo.tn\/fr\/wp-json\/wp\/v2\/types\/post"}],"author":[{"embeddable":true,"href":"https:\/\/www.webdo.tn\/fr\/wp-json\/wp\/v2\/users\/3162"}],"replies":[{"embeddable":true,"href":"https:\/\/www.webdo.tn\/fr\/wp-json\/wp\/v2\/comments?post=201094"}],"version-history":[{"count":0,"href":"https:\/\/www.webdo.tn\/fr\/wp-json\/wp\/v2\/posts\/201094\/revisions"}],"wp:featuredmedia":[{"embeddable":true,"href":"https:\/\/www.webdo.tn\/fr\/wp-json\/wp\/v2\/media\/277436"}],"wp:attachment":[{"href":"https:\/\/www.webdo.tn\/fr\/wp-json\/wp\/v2\/media?parent=201094"}],"wp:term":[{"taxonomy":"category","embeddable":true,"href":"https:\/\/www.webdo.tn\/fr\/wp-json\/wp\/v2\/categories?post=201094"},{"taxonomy":"post_tag","embeddable":true,"href":"https:\/\/www.webdo.tn\/fr\/wp-json\/wp\/v2\/tags?post=201094"}],"curies":[{"name":"wp","href":"https:\/\/api.w.org\/{rel}","templated":true}]}}