{"id":201085,"date":"2022-12-23T19:45:00","date_gmt":"2022-12-23T19:45:00","guid":{"rendered":"https:\/\/www.webdo.tn\/fr\/blog\/echec-de-la-seance-de-negociation-entre-le-gouvernement-et-l-ugtt\/201085\/"},"modified":"2025-05-20T22:48:22","modified_gmt":"2025-05-20T22:48:22","slug":"echec-de-la-seance-de-negociation-entre-le-gouvernement-et-l-ugtt","status":"publish","type":"post","link":"https:\/\/www.webdo.tn\/fr\/actualite\/national\/echec-de-la-seance-de-negociation-entre-le-gouvernement-et-l-ugtt\/201085\/","title":{"rendered":"Echec de la s\u00e9ance de n\u00e9gociation entre le gouvernement et l&rsquo;UGTT"},"content":{"rendered":"<p>La s\u00e9ance de n\u00e9gociation tenue vendredi entre l&rsquo;Union g\u00e9n\u00e9rale tunisienne du travail (UGTT) et le gouvernement a vou\u00e9 \u00e0 l&rsquo;\u00e9chec, a indiqu\u00e9 le chef de la d\u00e9l\u00e9gation syndicale Hfaiedh Hfaiedh.<\/p>\n<p>\t\t\t\t\t\t\t\t\tDans une d\u00e9claration \u00e0 la TAP, Hfaiedh a estim\u00e9 vendredi 23 d\u00e9cembre 2022 que la s\u00e9ance de n\u00e9gociation a \u00e9chou\u00e9, parce que le gouvernement ne veut pas chercher des solutions pour sauver le pays. Il a, \u00e0 ce propos, appel\u00e9 le gouvernement \u00e0 assumer ses responsabilit\u00e9s face \u00e0 une accentuation de la crise dans le pays.\u00a0<\/p>\n<p>Selon Hfaiedh, l&rsquo;UGTT a re\u00e7u une invitation de la Cheffe du gouvernement pour prendre part \u00e0 cette s\u00e9ance et discuter 3 points dont l&rsquo;amendement de la loi n 89-9 du 1er f\u00e9vrier 1989, l&rsquo;accord du 6 f\u00e9vrier et la modification de la circulaire n 21, consid\u00e9r\u00e9e par la centrale syndicale une entrave au dialogue social.\u00a0<\/p>\n<p>Arriv\u00e9e \u00e0 la r\u00e9union, la d\u00e9l\u00e9gation de l&rsquo;Union a vu un changement de l&rsquo;ordre du jour, a pr\u00e9cis\u00e9 Hfaiedh. La partie syndicale a refus\u00e9 la participation \u00e0 la premi\u00e8re partie de la r\u00e9union puisque la d\u00e9l\u00e9gation du gouvernement \u00e9tait compos\u00e9e seulement de conseillers et de techniciens.\u00a0<\/p>\n<p>Hfaiedh a rappel\u00e9 que l&rsquo;UGTT n&rsquo;a pas \u00e9tait inform\u00e9e des proc\u00e9dures prises par la d\u00e9l\u00e9gation gouvernementale, autrement elle aurait pu convoquer ses experts pour la discussion des points relatifs \u00e0 l&rsquo;amendement de ladite loi.\u00a0<\/p>\n<p>La d\u00e9l\u00e9gation syndicale \u00e9tait pr\u00e9sente \u00e0 la deuxi\u00e8me s\u00e9ance pr\u00e9vue vers 11h du matin, mais la r\u00e9union \u00e9tait marqu\u00e9e par l&rsquo;absence du ministre des affaires sociales en plus de l&rsquo;absence des ministres de l&#8217;emploi et celui du transport.<\/p>\n","protected":false},"excerpt":{"rendered":"<p>La s\u00e9ance de n\u00e9gociation tenue vendredi entre l&rsquo;Union g\u00e9n\u00e9rale tunisienne du travail (UGTT) et le gouvernement a vou\u00e9 \u00e0 l&rsquo;\u00e9chec, a indiqu\u00e9 le chef de la d\u00e9l\u00e9gat&#8230;<\/p>\n","protected":false},"author":3175,"featured_media":277434,"comment_status":"open","ping_status":"closed","sticky":false,"template":"","format":"standard","meta":{"footnotes":""},"categories":[44],"tags":[2651,7178,2608,2649],"class_list":["post-201085","post","type-post","status-publish","format-standard","has-post-thumbnail","hentry","category-national","tag-gouvernement","tag-negociations","tag-tunisie","tag-ugtt"],"yoast_head":"<!-- This site is optimized with the Yoast SEO Premium plugin v27.4 (Yoast SEO v27.4) - https:\/\/yoast.com\/product\/yoast-seo-premium-wordpress\/ -->\n<title>Echec de la s\u00e9ance de n\u00e9gociation entre le gouvernement et l&#039;UGTT<\/title>\n<meta name=\"description\" content=\"La s\u00e9ance de n\u00e9gociation tenue vendredi entre l&#039;Union g\u00e9n\u00e9rale tunisienne du travail (UGTT) et le gouvernement a vou\u00e9 \u00e0 l&#039;\u00e9chec, a indiqu\u00e9 le chef de la d\u00e9l\u00e9gat...\" \/>\n<link rel=\"canonical\" href=\"https:\/\/www.webdo.tn\/fr\/actualite\/national\/echec-de-la-seance-de-negociation-entre-le-gouvernement-et-l-ugtt\/201085\/\" \/>\n<meta property=\"og:locale\" content=\"fr_FR\" \/>\n<meta property=\"og:type\" content=\"article\" \/>\n<meta property=\"og:title\" content=\"Echec de la s\u00e9ance de n\u00e9gociation entre le gouvernement et l&#039;UGTT\" \/>\n<meta property=\"og:description\" content=\"La s\u00e9ance de n\u00e9gociation tenue vendredi entre l&#039;Union g\u00e9n\u00e9rale tunisienne du travail (UGTT) et le gouvernement a vou\u00e9 \u00e0 l&#039;\u00e9chec, a indiqu\u00e9 le chef de la d\u00e9l\u00e9gat...\" \/>\n<meta property=\"og:url\" content=\"https:\/\/www.webdo.tn\/fr\/actualite\/national\/echec-de-la-seance-de-negociation-entre-le-gouvernement-et-l-ugtt\/201085\/\" \/>\n<meta property=\"og:site_name\" content=\"webdo\" \/>\n<meta property=\"article:publisher\" content=\"https:\/\/www.facebook.com\/webdotn\" \/>\n<meta property=\"article:published_time\" content=\"2022-12-23T19:45:00+00:00\" \/>\n<meta property=\"article:modified_time\" content=\"2025-05-20T22:48:22+00:00\" \/>\n<meta property=\"og:image\" content=\"https:\/\/www.webdo.tn\/fr\/wp-content\/uploads\/2022\/12\/f5ebbe4c2c99185ae5caef51bd143fc9.jpg\" \/>\n\t<meta property=\"og:image:width\" content=\"750\" \/>\n\t<meta property=\"og:image:height\" content=\"400\" \/>\n\t<meta property=\"og:image:type\" content=\"image\/jpeg\" \/>\n<meta name=\"author\" content=\"CL\" \/>\n<meta name=\"twitter:card\" content=\"summary_large_image\" \/>\n<meta name=\"twitter:creator\" content=\"@webdo_tn\" \/>\n<meta name=\"twitter:site\" content=\"@webdo_tn\" \/>\n<meta name=\"twitter:label1\" content=\"\u00c9crit par\" \/>\n\t<meta name=\"twitter:data1\" content=\"CL\" \/>\n\t<meta name=\"twitter:label2\" content=\"Dur\u00e9e de lecture estim\u00e9e\" \/>\n\t<meta name=\"twitter:data2\" content=\"1 minute\" \/>\n<script type=\"application\/ld+json\" class=\"yoast-schema-graph\">{\"@context\":\"https:\\\/\\\/schema.org\",\"@graph\":[{\"@type\":\"NewsArticle\",\"@id\":\"https:\\\/\\\/www.webdo.tn\\\/fr\\\/actualite\\\/national\\\/echec-de-la-seance-de-negociation-entre-le-gouvernement-et-l-ugtt\\\/201085\\\/#article\",\"isPartOf\":{\"@id\":\"https:\\\/\\\/www.webdo.tn\\\/fr\\\/actualite\\\/national\\\/echec-de-la-seance-de-negociation-entre-le-gouvernement-et-l-ugtt\\\/201085\\\/\"},\"author\":{\"name\":\"CL\",\"@id\":\"https:\\\/\\\/www.webdo.tn\\\/fr\\\/#\\\/schema\\\/person\\\/f35b42a42c5e2511bbd282959d6385cc\"},\"headline\":\"Echec de la s\u00e9ance de n\u00e9gociation entre le gouvernement et l&rsquo;UGTT\",\"datePublished\":\"2022-12-23T19:45:00+00:00\",\"dateModified\":\"2025-05-20T22:48:22+00:00\",\"mainEntityOfPage\":{\"@id\":\"https:\\\/\\\/www.webdo.tn\\\/fr\\\/actualite\\\/national\\\/echec-de-la-seance-de-negociation-entre-le-gouvernement-et-l-ugtt\\\/201085\\\/\"},\"wordCount\":309,\"commentCount\":0,\"publisher\":{\"@id\":\"https:\\\/\\\/www.webdo.tn\\\/fr\\\/#organization\"},\"image\":{\"@id\":\"https:\\\/\\\/www.webdo.tn\\\/fr\\\/actualite\\\/national\\\/echec-de-la-seance-de-negociation-entre-le-gouvernement-et-l-ugtt\\\/201085\\\/#primaryimage\"},\"thumbnailUrl\":\"https:\\\/\\\/www.webdo.tn\\\/fr\\\/wp-content\\\/uploads\\\/2022\\\/12\\\/f5ebbe4c2c99185ae5caef51bd143fc9.jpg\",\"keywords\":[\"gouvernement\",\"N\u00e9gociations\",\"Tunisie\",\"UGTT\"],\"articleSection\":[\"National\"],\"inLanguage\":\"fr-FR\"},{\"@type\":\"WebPage\",\"@id\":\"https:\\\/\\\/www.webdo.tn\\\/fr\\\/actualite\\\/national\\\/echec-de-la-seance-de-negociation-entre-le-gouvernement-et-l-ugtt\\\/201085\\\/\",\"url\":\"https:\\\/\\\/www.webdo.tn\\\/fr\\\/actualite\\\/national\\\/echec-de-la-seance-de-negociation-entre-le-gouvernement-et-l-ugtt\\\/201085\\\/\",\"name\":\"Echec de la s\u00e9ance de n\u00e9gociation entre le gouvernement et l'UGTT\",\"isPartOf\":{\"@id\":\"https:\\\/\\\/www.webdo.tn\\\/fr\\\/#website\"},\"primaryImageOfPage\":{\"@id\":\"https:\\\/\\\/www.webdo.tn\\\/fr\\\/actualite\\\/national\\\/echec-de-la-seance-de-negociation-entre-le-gouvernement-et-l-ugtt\\\/201085\\\/#primaryimage\"},\"image\":{\"@id\":\"https:\\\/\\\/www.webdo.tn\\\/fr\\\/actualite\\\/national\\\/echec-de-la-seance-de-negociation-entre-le-gouvernement-et-l-ugtt\\\/201085\\\/#primaryimage\"},\"thumbnailUrl\":\"https:\\\/\\\/www.webdo.tn\\\/fr\\\/wp-content\\\/uploads\\\/2022\\\/12\\\/f5ebbe4c2c99185ae5caef51bd143fc9.jpg\",\"datePublished\":\"2022-12-23T19:45:00+00:00\",\"dateModified\":\"2025-05-20T22:48:22+00:00\",\"description\":\"La s\u00e9ance de n\u00e9gociation tenue vendredi entre l'Union g\u00e9n\u00e9rale tunisienne du travail (UGTT) et le gouvernement a vou\u00e9 \u00e0 l'\u00e9chec, a indiqu\u00e9 le chef de la d\u00e9l\u00e9gat...\",\"breadcrumb\":{\"@id\":\"https:\\\/\\\/www.webdo.tn\\\/fr\\\/actualite\\\/national\\\/echec-de-la-seance-de-negociation-entre-le-gouvernement-et-l-ugtt\\\/201085\\\/#breadcrumb\"},\"inLanguage\":\"fr-FR\",\"potentialAction\":[{\"@type\":\"ReadAction\",\"target\":[\"https:\\\/\\\/www.webdo.tn\\\/fr\\\/actualite\\\/national\\\/echec-de-la-seance-de-negociation-entre-le-gouvernement-et-l-ugtt\\\/201085\\\/\"]}]},{\"@type\":\"ImageObject\",\"inLanguage\":\"fr-FR\",\"@id\":\"https:\\\/\\\/www.webdo.tn\\\/fr\\\/actualite\\\/national\\\/echec-de-la-seance-de-negociation-entre-le-gouvernement-et-l-ugtt\\\/201085\\\/#primaryimage\",\"url\":\"https:\\\/\\\/www.webdo.tn\\\/fr\\\/wp-content\\\/uploads\\\/2022\\\/12\\\/f5ebbe4c2c99185ae5caef51bd143fc9.jpg\",\"contentUrl\":\"https:\\\/\\\/www.webdo.tn\\\/fr\\\/wp-content\\\/uploads\\\/2022\\\/12\\\/f5ebbe4c2c99185ae5caef51bd143fc9.jpg\",\"width\":750,\"height\":400,\"caption\":\"Hfaiedh Hfaiedh\"},{\"@type\":\"BreadcrumbList\",\"@id\":\"https:\\\/\\\/www.webdo.tn\\\/fr\\\/actualite\\\/national\\\/echec-de-la-seance-de-negociation-entre-le-gouvernement-et-l-ugtt\\\/201085\\\/#breadcrumb\",\"itemListElement\":[{\"@type\":\"ListItem\",\"position\":1,\"name\":\"Accueil\",\"item\":\"https:\\\/\\\/www.webdo.tn\\\/fr\\\/\"},{\"@type\":\"ListItem\",\"position\":2,\"name\":\"Echec de la s\u00e9ance de n\u00e9gociation entre le gouvernement et l&rsquo;UGTT\"}]},{\"@type\":\"WebSite\",\"@id\":\"https:\\\/\\\/www.webdo.tn\\\/fr\\\/#website\",\"url\":\"https:\\\/\\\/www.webdo.tn\\\/fr\\\/\",\"name\":\"webdo\",\"description\":\"Tunisie - News en Tunisie et \u00e0 l&#039;international sur Webdo.tn\",\"publisher\":{\"@id\":\"https:\\\/\\\/www.webdo.tn\\\/fr\\\/#organization\"},\"potentialAction\":[{\"@type\":\"SearchAction\",\"target\":{\"@type\":\"EntryPoint\",\"urlTemplate\":\"https:\\\/\\\/www.webdo.tn\\\/fr\\\/?s={search_term_string}\"},\"query-input\":{\"@type\":\"PropertyValueSpecification\",\"valueRequired\":true,\"valueName\":\"search_term_string\"}}],\"inLanguage\":\"fr-FR\"},{\"@type\":\"Organization\",\"@id\":\"https:\\\/\\\/www.webdo.tn\\\/fr\\\/#organization\",\"name\":\"Webdo\",\"alternateName\":\"Webdo.tn\",\"url\":\"https:\\\/\\\/www.webdo.tn\\\/fr\\\/\",\"logo\":{\"@type\":\"ImageObject\",\"inLanguage\":\"fr-FR\",\"@id\":\"https:\\\/\\\/www.webdo.tn\\\/fr\\\/#\\\/schema\\\/logo\\\/image\\\/\",\"url\":\"https:\\\/\\\/www.webdo.tn\\\/fr\\\/wp-content\\\/uploads\\\/2025\\\/06\\\/Webdo-Tunisie_168377.jpg\",\"contentUrl\":\"https:\\\/\\\/www.webdo.tn\\\/fr\\\/wp-content\\\/uploads\\\/2025\\\/06\\\/Webdo-Tunisie_168377.jpg\",\"width\":301,\"height\":301,\"caption\":\"Webdo\"},\"image\":{\"@id\":\"https:\\\/\\\/www.webdo.tn\\\/fr\\\/#\\\/schema\\\/logo\\\/image\\\/\"},\"sameAs\":[\"https:\\\/\\\/www.facebook.com\\\/webdotn\",\"https:\\\/\\\/x.com\\\/webdo_tn\"],\"description\":\"Webdo est un m\u00e9dia num\u00e9rique tunisien fond\u00e9 en 2010, sp\u00e9cialis\u00e9 dans l\u2019actualit\u00e9 nationale et internationale, l\u2019\u00e9conomie, la soci\u00e9t\u00e9 et les analyses politiques. Le site s\u2019adresse \u00e0 un large public francophone et couvre l\u2019information tunisienne en temps r\u00e9el.\",\"email\":\"redac@webdo.tn\",\"legalName\":\"YNJ SARL\",\"foundingDate\":\"2010-09-06\",\"numberOfEmployees\":{\"@type\":\"QuantitativeValue\",\"minValue\":\"11\",\"maxValue\":\"50\"}},{\"@type\":\"Person\",\"@id\":\"https:\\\/\\\/www.webdo.tn\\\/fr\\\/#\\\/schema\\\/person\\\/f35b42a42c5e2511bbd282959d6385cc\",\"name\":\"CL\",\"image\":{\"@type\":\"ImageObject\",\"inLanguage\":\"fr-FR\",\"@id\":\"https:\\\/\\\/secure.gravatar.com\\\/avatar\\\/1447a49909b67aa657c488aec6512e1dd6143a480c1ecfee9b5b5cd74eb3b59e?s=96&d=mm&r=g\",\"url\":\"https:\\\/\\\/secure.gravatar.com\\\/avatar\\\/1447a49909b67aa657c488aec6512e1dd6143a480c1ecfee9b5b5cd74eb3b59e?s=96&d=mm&r=g\",\"contentUrl\":\"https:\\\/\\\/secure.gravatar.com\\\/avatar\\\/1447a49909b67aa657c488aec6512e1dd6143a480c1ecfee9b5b5cd74eb3b59e?s=96&d=mm&r=g\",\"caption\":\"CL\"},\"url\":\"https:\\\/\\\/www.webdo.tn\\\/fr\\\/actualite\\\/author\\\/cl\\\/\"}]}<\/script>\n<!-- \/ Yoast SEO Premium plugin. -->","yoast_head_json":{"title":"Echec de la s\u00e9ance de n\u00e9gociation entre le gouvernement et l'UGTT","description":"La s\u00e9ance de n\u00e9gociation tenue vendredi entre l'Union g\u00e9n\u00e9rale tunisienne du travail (UGTT) et le gouvernement a vou\u00e9 \u00e0 l'\u00e9chec, a indiqu\u00e9 le chef de la d\u00e9l\u00e9gat...","canonical":"https:\/\/www.webdo.tn\/fr\/actualite\/national\/echec-de-la-seance-de-negociation-entre-le-gouvernement-et-l-ugtt\/201085\/","og_locale":"fr_FR","og_type":"article","og_title":"Echec de la s\u00e9ance de n\u00e9gociation entre le gouvernement et l'UGTT","og_description":"La s\u00e9ance de n\u00e9gociation tenue vendredi entre l'Union g\u00e9n\u00e9rale tunisienne du travail (UGTT) et le gouvernement a vou\u00e9 \u00e0 l'\u00e9chec, a indiqu\u00e9 le chef de la d\u00e9l\u00e9gat...","og_url":"https:\/\/www.webdo.tn\/fr\/actualite\/national\/echec-de-la-seance-de-negociation-entre-le-gouvernement-et-l-ugtt\/201085\/","og_site_name":"webdo","article_publisher":"https:\/\/www.facebook.com\/webdotn","article_published_time":"2022-12-23T19:45:00+00:00","article_modified_time":"2025-05-20T22:48:22+00:00","og_image":[{"width":750,"height":400,"url":"https:\/\/www.webdo.tn\/fr\/wp-content\/uploads\/2022\/12\/f5ebbe4c2c99185ae5caef51bd143fc9.jpg","type":"image\/jpeg"}],"author":"CL","twitter_card":"summary_large_image","twitter_creator":"@webdo_tn","twitter_site":"@webdo_tn","twitter_misc":{"\u00c9crit par":"CL","Dur\u00e9e de lecture estim\u00e9e":"1 minute"},"schema":{"@context":"https:\/\/schema.org","@graph":[{"@type":"NewsArticle","@id":"https:\/\/www.webdo.tn\/fr\/actualite\/national\/echec-de-la-seance-de-negociation-entre-le-gouvernement-et-l-ugtt\/201085\/#article","isPartOf":{"@id":"https:\/\/www.webdo.tn\/fr\/actualite\/national\/echec-de-la-seance-de-negociation-entre-le-gouvernement-et-l-ugtt\/201085\/"},"author":{"name":"CL","@id":"https:\/\/www.webdo.tn\/fr\/#\/schema\/person\/f35b42a42c5e2511bbd282959d6385cc"},"headline":"Echec de la s\u00e9ance de n\u00e9gociation entre le gouvernement et l&rsquo;UGTT","datePublished":"2022-12-23T19:45:00+00:00","dateModified":"2025-05-20T22:48:22+00:00","mainEntityOfPage":{"@id":"https:\/\/www.webdo.tn\/fr\/actualite\/national\/echec-de-la-seance-de-negociation-entre-le-gouvernement-et-l-ugtt\/201085\/"},"wordCount":309,"commentCount":0,"publisher":{"@id":"https:\/\/www.webdo.tn\/fr\/#organization"},"image":{"@id":"https:\/\/www.webdo.tn\/fr\/actualite\/national\/echec-de-la-seance-de-negociation-entre-le-gouvernement-et-l-ugtt\/201085\/#primaryimage"},"thumbnailUrl":"https:\/\/www.webdo.tn\/fr\/wp-content\/uploads\/2022\/12\/f5ebbe4c2c99185ae5caef51bd143fc9.jpg","keywords":["gouvernement","N\u00e9gociations","Tunisie","UGTT"],"articleSection":["National"],"inLanguage":"fr-FR"},{"@type":"WebPage","@id":"https:\/\/www.webdo.tn\/fr\/actualite\/national\/echec-de-la-seance-de-negociation-entre-le-gouvernement-et-l-ugtt\/201085\/","url":"https:\/\/www.webdo.tn\/fr\/actualite\/national\/echec-de-la-seance-de-negociation-entre-le-gouvernement-et-l-ugtt\/201085\/","name":"Echec de la s\u00e9ance de n\u00e9gociation entre le gouvernement et l'UGTT","isPartOf":{"@id":"https:\/\/www.webdo.tn\/fr\/#website"},"primaryImageOfPage":{"@id":"https:\/\/www.webdo.tn\/fr\/actualite\/national\/echec-de-la-seance-de-negociation-entre-le-gouvernement-et-l-ugtt\/201085\/#primaryimage"},"image":{"@id":"https:\/\/www.webdo.tn\/fr\/actualite\/national\/echec-de-la-seance-de-negociation-entre-le-gouvernement-et-l-ugtt\/201085\/#primaryimage"},"thumbnailUrl":"https:\/\/www.webdo.tn\/fr\/wp-content\/uploads\/2022\/12\/f5ebbe4c2c99185ae5caef51bd143fc9.jpg","datePublished":"2022-12-23T19:45:00+00:00","dateModified":"2025-05-20T22:48:22+00:00","description":"La s\u00e9ance de n\u00e9gociation tenue vendredi entre l'Union g\u00e9n\u00e9rale tunisienne du travail (UGTT) et le gouvernement a vou\u00e9 \u00e0 l'\u00e9chec, a indiqu\u00e9 le chef de la d\u00e9l\u00e9gat...","breadcrumb":{"@id":"https:\/\/www.webdo.tn\/fr\/actualite\/national\/echec-de-la-seance-de-negociation-entre-le-gouvernement-et-l-ugtt\/201085\/#breadcrumb"},"inLanguage":"fr-FR","potentialAction":[{"@type":"ReadAction","target":["https:\/\/www.webdo.tn\/fr\/actualite\/national\/echec-de-la-seance-de-negociation-entre-le-gouvernement-et-l-ugtt\/201085\/"]}]},{"@type":"ImageObject","inLanguage":"fr-FR","@id":"https:\/\/www.webdo.tn\/fr\/actualite\/national\/echec-de-la-seance-de-negociation-entre-le-gouvernement-et-l-ugtt\/201085\/#primaryimage","url":"https:\/\/www.webdo.tn\/fr\/wp-content\/uploads\/2022\/12\/f5ebbe4c2c99185ae5caef51bd143fc9.jpg","contentUrl":"https:\/\/www.webdo.tn\/fr\/wp-content\/uploads\/2022\/12\/f5ebbe4c2c99185ae5caef51bd143fc9.jpg","width":750,"height":400,"caption":"Hfaiedh Hfaiedh"},{"@type":"BreadcrumbList","@id":"https:\/\/www.webdo.tn\/fr\/actualite\/national\/echec-de-la-seance-de-negociation-entre-le-gouvernement-et-l-ugtt\/201085\/#breadcrumb","itemListElement":[{"@type":"ListItem","position":1,"name":"Accueil","item":"https:\/\/www.webdo.tn\/fr\/"},{"@type":"ListItem","position":2,"name":"Echec de la s\u00e9ance de n\u00e9gociation entre le gouvernement et l&rsquo;UGTT"}]},{"@type":"WebSite","@id":"https:\/\/www.webdo.tn\/fr\/#website","url":"https:\/\/www.webdo.tn\/fr\/","name":"webdo","description":"Tunisie - News en Tunisie et \u00e0 l&#039;international sur Webdo.tn","publisher":{"@id":"https:\/\/www.webdo.tn\/fr\/#organization"},"potentialAction":[{"@type":"SearchAction","target":{"@type":"EntryPoint","urlTemplate":"https:\/\/www.webdo.tn\/fr\/?s={search_term_string}"},"query-input":{"@type":"PropertyValueSpecification","valueRequired":true,"valueName":"search_term_string"}}],"inLanguage":"fr-FR"},{"@type":"Organization","@id":"https:\/\/www.webdo.tn\/fr\/#organization","name":"Webdo","alternateName":"Webdo.tn","url":"https:\/\/www.webdo.tn\/fr\/","logo":{"@type":"ImageObject","inLanguage":"fr-FR","@id":"https:\/\/www.webdo.tn\/fr\/#\/schema\/logo\/image\/","url":"https:\/\/www.webdo.tn\/fr\/wp-content\/uploads\/2025\/06\/Webdo-Tunisie_168377.jpg","contentUrl":"https:\/\/www.webdo.tn\/fr\/wp-content\/uploads\/2025\/06\/Webdo-Tunisie_168377.jpg","width":301,"height":301,"caption":"Webdo"},"image":{"@id":"https:\/\/www.webdo.tn\/fr\/#\/schema\/logo\/image\/"},"sameAs":["https:\/\/www.facebook.com\/webdotn","https:\/\/x.com\/webdo_tn"],"description":"Webdo est un m\u00e9dia num\u00e9rique tunisien fond\u00e9 en 2010, sp\u00e9cialis\u00e9 dans l\u2019actualit\u00e9 nationale et internationale, l\u2019\u00e9conomie, la soci\u00e9t\u00e9 et les analyses politiques. Le site s\u2019adresse \u00e0 un large public francophone et couvre l\u2019information tunisienne en temps r\u00e9el.","email":"redac@webdo.tn","legalName":"YNJ SARL","foundingDate":"2010-09-06","numberOfEmployees":{"@type":"QuantitativeValue","minValue":"11","maxValue":"50"}},{"@type":"Person","@id":"https:\/\/www.webdo.tn\/fr\/#\/schema\/person\/f35b42a42c5e2511bbd282959d6385cc","name":"CL","image":{"@type":"ImageObject","inLanguage":"fr-FR","@id":"https:\/\/secure.gravatar.com\/avatar\/1447a49909b67aa657c488aec6512e1dd6143a480c1ecfee9b5b5cd74eb3b59e?s=96&d=mm&r=g","url":"https:\/\/secure.gravatar.com\/avatar\/1447a49909b67aa657c488aec6512e1dd6143a480c1ecfee9b5b5cd74eb3b59e?s=96&d=mm&r=g","contentUrl":"https:\/\/secure.gravatar.com\/avatar\/1447a49909b67aa657c488aec6512e1dd6143a480c1ecfee9b5b5cd74eb3b59e?s=96&d=mm&r=g","caption":"CL"},"url":"https:\/\/www.webdo.tn\/fr\/actualite\/author\/cl\/"}]}},"_links":{"self":[{"href":"https:\/\/www.webdo.tn\/fr\/wp-json\/wp\/v2\/posts\/201085","targetHints":{"allow":["GET"]}}],"collection":[{"href":"https:\/\/www.webdo.tn\/fr\/wp-json\/wp\/v2\/posts"}],"about":[{"href":"https:\/\/www.webdo.tn\/fr\/wp-json\/wp\/v2\/types\/post"}],"author":[{"embeddable":true,"href":"https:\/\/www.webdo.tn\/fr\/wp-json\/wp\/v2\/users\/3175"}],"replies":[{"embeddable":true,"href":"https:\/\/www.webdo.tn\/fr\/wp-json\/wp\/v2\/comments?post=201085"}],"version-history":[{"count":0,"href":"https:\/\/www.webdo.tn\/fr\/wp-json\/wp\/v2\/posts\/201085\/revisions"}],"wp:featuredmedia":[{"embeddable":true,"href":"https:\/\/www.webdo.tn\/fr\/wp-json\/wp\/v2\/media\/277434"}],"wp:attachment":[{"href":"https:\/\/www.webdo.tn\/fr\/wp-json\/wp\/v2\/media?parent=201085"}],"wp:term":[{"taxonomy":"category","embeddable":true,"href":"https:\/\/www.webdo.tn\/fr\/wp-json\/wp\/v2\/categories?post=201085"},{"taxonomy":"post_tag","embeddable":true,"href":"https:\/\/www.webdo.tn\/fr\/wp-json\/wp\/v2\/tags?post=201085"}],"curies":[{"name":"wp","href":"https:\/\/api.w.org\/{rel}","templated":true}]}}