{"id":201069,"date":"2022-12-23T14:26:00","date_gmt":"2022-12-23T14:26:00","guid":{"rendered":"https:\/\/www.webdo.tn\/fr\/actualite\/blog\/report-de-est-ess-l-etoile-denonce-des-pratiques-suspectes\/201069\/"},"modified":"2025-05-22T11:40:12","modified_gmt":"2025-05-22T11:40:12","slug":"report-de-est-ess-l-etoile-denonce-des-pratiques-suspectes","status":"publish","type":"post","link":"https:\/\/www.webdo.tn\/fr\/actualite\/sport\/report-de-est-ess-l-etoile-denonce-des-pratiques-suspectes\/201069\/","title":{"rendered":"Report de EST-ESS : L\u2019Etoile d\u00e9nonce \u00a0\u00bbdes pratiques suspectes\u00a0\u00bb"},"content":{"rendered":"<p>L&rsquo;Etoile Sportive du Sahel a publi\u00e9, ce vendredi 23 d\u00e9cembre 2022, un communiqu\u00e9 dans lequel elle d\u00e9nonce le report au 18 janvier prochain du Clasico qui devait se jouer dimanche prochain entre l\u2019EST et l\u2019ESS.<\/p>\n<p> Dans son communiqu\u00e9 l\u2019ESS n\u2019y va pas par quatre chemins pour \u00e9voquer \u00ab\u00a0des pratiques suspectes\u00a0\u00bb, indiquant conna\u00eetre la partie derri\u00e8re le report du match.<\/p>\n<p>Et pour cause, hier, la Ligue nationale de football professionnel avait annonc\u00e9 le report du match retard entre l&rsquo;EST et l&rsquo;ESS, comptant pour la 4\u00e8me journ\u00e9e de Ligue 1, pour stade non disponible pour la tenue de la rencontre.<\/p>\n<p>Mais l&rsquo;Etoile du Sahel a tenu \u00e0 rappeler dans son communiqu\u00e9, l&rsquo;annonce faite par le minist\u00e8re de la Jeunesse et des Sports, pr\u00e9c\u00e9demment, quant \u00e0 la disponibilit\u00e9 du stade Chedly Zouiten et que celui-ci est d\u00e9sormais pr\u00eat \u00e0 accueillir des matches.<\/p>\n<p>Et d&rsquo;ajouter que \u00ab\u00a0le MJS et le gouvernorat ont d\u00e9ploy\u00e9 leurs efforts pour que le stade Chedly Zouiten soit pr\u00eat, contrairement \u00e0 la municipalit\u00e9 de Tunis et plus pr\u00e9cis\u00e9ment un de ses conseillers, d\u00e9fiant ainsi les deux institutions de l&rsquo;Etat, avec de faux pr\u00e9textes, dans le but de servir les int\u00e9r\u00eats d&rsquo;une partie, perp\u00e9tuant ainsi une situation de conflit d&rsquo;int\u00e9r\u00eat\u00a0\u00bb.<\/p>\n","protected":false},"excerpt":{"rendered":"<p>L&rsquo;Etoile Sportive du Sahel a publi\u00e9, ce vendredi 23 d\u00e9cembre 2022, un communiqu\u00e9 dans lequel elle d\u00e9nonce le report au 18 janvier prochain du Clasico qui devait&#8230;<\/p>\n","protected":false},"author":3162,"featured_media":348390,"comment_status":"open","ping_status":"closed","sticky":false,"template":"","format":"standard","meta":{"footnotes":""},"categories":[2593],"tags":[3102,6914,2777,2680],"class_list":["post-201069","post","type-post","status-publish","format-standard","has-post-thumbnail","hentry","category-sport","tag-esperance-st","tag-etoile-du-sahel","tag-ligue-1","tag-report"],"yoast_head":"<!-- This site is optimized with the Yoast SEO Premium plugin v27.5 (Yoast SEO v27.5) - https:\/\/yoast.com\/product\/yoast-seo-premium-wordpress\/ -->\n<title>Report de EST-ESS : L\u2019Etoile d\u00e9nonce &#039;&#039;des pratiques suspectes&#039;&#039;<\/title>\n<meta name=\"description\" content=\"L&#039;Etoile Sportive du Sahel a publi\u00e9, ce vendredi 23 d\u00e9cembre 2022, un communiqu\u00e9 dans lequel elle d\u00e9nonce le report au 18 janvier prochain du Clasico qui devait...\" \/>\n<link rel=\"canonical\" href=\"https:\/\/www.webdo.tn\/fr\/actualite\/sport\/report-de-est-ess-l-etoile-denonce-des-pratiques-suspectes\/201069\/\" \/>\n<meta property=\"og:locale\" content=\"fr_FR\" \/>\n<meta property=\"og:type\" content=\"article\" \/>\n<meta property=\"og:title\" content=\"Report de EST-ESS : L\u2019Etoile d\u00e9nonce &#039;&#039;des pratiques suspectes&#039;&#039;\" \/>\n<meta property=\"og:description\" content=\"L&#039;Etoile Sportive du Sahel a publi\u00e9, ce vendredi 23 d\u00e9cembre 2022, un communiqu\u00e9 dans lequel elle d\u00e9nonce le report au 18 janvier prochain du Clasico qui devait...\" \/>\n<meta property=\"og:url\" content=\"https:\/\/www.webdo.tn\/fr\/actualite\/sport\/report-de-est-ess-l-etoile-denonce-des-pratiques-suspectes\/201069\/\" \/>\n<meta property=\"og:site_name\" content=\"webdo\" \/>\n<meta property=\"article:publisher\" content=\"https:\/\/www.facebook.com\/webdotn\" \/>\n<meta property=\"article:published_time\" content=\"2022-12-23T14:26:00+00:00\" \/>\n<meta property=\"article:modified_time\" content=\"2025-05-22T11:40:12+00:00\" \/>\n<meta property=\"og:image\" content=\"https:\/\/www.webdo.tn\/fr\/wp-content\/uploads\/2022\/12\/75888af96c78939cb4ac2e84c0cd6bf8.jpg\" \/>\n\t<meta property=\"og:image:width\" content=\"750\" \/>\n\t<meta property=\"og:image:height\" content=\"400\" \/>\n\t<meta property=\"og:image:type\" content=\"image\/jpeg\" \/>\n<meta name=\"author\" content=\"MC\" \/>\n<meta name=\"twitter:card\" content=\"summary_large_image\" \/>\n<meta name=\"twitter:creator\" content=\"@webdo_tn\" \/>\n<meta name=\"twitter:site\" content=\"@webdo_tn\" \/>\n<meta name=\"twitter:label1\" content=\"\u00c9crit par\" \/>\n\t<meta name=\"twitter:data1\" content=\"MC\" \/>\n\t<meta name=\"twitter:label2\" content=\"Dur\u00e9e de lecture estim\u00e9e\" \/>\n\t<meta name=\"twitter:data2\" content=\"1 minute\" \/>\n<script type=\"application\/ld+json\" class=\"yoast-schema-graph\">{\"@context\":\"https:\\\/\\\/schema.org\",\"@graph\":[{\"@type\":\"NewsArticle\",\"@id\":\"https:\\\/\\\/www.webdo.tn\\\/fr\\\/actualite\\\/sport\\\/report-de-est-ess-l-etoile-denonce-des-pratiques-suspectes\\\/201069\\\/#article\",\"isPartOf\":{\"@id\":\"https:\\\/\\\/www.webdo.tn\\\/fr\\\/actualite\\\/sport\\\/report-de-est-ess-l-etoile-denonce-des-pratiques-suspectes\\\/201069\\\/\"},\"author\":{\"name\":\"MC\",\"@id\":\"https:\\\/\\\/www.webdo.tn\\\/fr\\\/#\\\/schema\\\/person\\\/2c4929cbf5a809e3bd38617c6ce150f6\"},\"headline\":\"Report de EST-ESS : L\u2019Etoile d\u00e9nonce \u00a0\u00bbdes pratiques suspectes\u00a0\u00bb\",\"datePublished\":\"2022-12-23T14:26:00+00:00\",\"dateModified\":\"2025-05-22T11:40:12+00:00\",\"mainEntityOfPage\":{\"@id\":\"https:\\\/\\\/www.webdo.tn\\\/fr\\\/actualite\\\/sport\\\/report-de-est-ess-l-etoile-denonce-des-pratiques-suspectes\\\/201069\\\/\"},\"wordCount\":235,\"commentCount\":0,\"publisher\":{\"@id\":\"https:\\\/\\\/www.webdo.tn\\\/fr\\\/#organization\"},\"image\":{\"@id\":\"https:\\\/\\\/www.webdo.tn\\\/fr\\\/actualite\\\/sport\\\/report-de-est-ess-l-etoile-denonce-des-pratiques-suspectes\\\/201069\\\/#primaryimage\"},\"thumbnailUrl\":\"https:\\\/\\\/www.webdo.tn\\\/fr\\\/wp-content\\\/uploads\\\/2022\\\/12\\\/75888af96c78939cb4ac2e84c0cd6bf8.jpg\",\"keywords\":[\"esp\u00e9rance st\",\"\u00e9toile du sahel\",\"Ligue 1\",\"report\"],\"articleSection\":[\"Sport\"],\"inLanguage\":\"fr-FR\"},{\"@type\":\"WebPage\",\"@id\":\"https:\\\/\\\/www.webdo.tn\\\/fr\\\/actualite\\\/sport\\\/report-de-est-ess-l-etoile-denonce-des-pratiques-suspectes\\\/201069\\\/\",\"url\":\"https:\\\/\\\/www.webdo.tn\\\/fr\\\/actualite\\\/sport\\\/report-de-est-ess-l-etoile-denonce-des-pratiques-suspectes\\\/201069\\\/\",\"name\":\"Report de EST-ESS : L\u2019Etoile d\u00e9nonce ''des pratiques suspectes''\",\"isPartOf\":{\"@id\":\"https:\\\/\\\/www.webdo.tn\\\/fr\\\/#website\"},\"primaryImageOfPage\":{\"@id\":\"https:\\\/\\\/www.webdo.tn\\\/fr\\\/actualite\\\/sport\\\/report-de-est-ess-l-etoile-denonce-des-pratiques-suspectes\\\/201069\\\/#primaryimage\"},\"image\":{\"@id\":\"https:\\\/\\\/www.webdo.tn\\\/fr\\\/actualite\\\/sport\\\/report-de-est-ess-l-etoile-denonce-des-pratiques-suspectes\\\/201069\\\/#primaryimage\"},\"thumbnailUrl\":\"https:\\\/\\\/www.webdo.tn\\\/fr\\\/wp-content\\\/uploads\\\/2022\\\/12\\\/75888af96c78939cb4ac2e84c0cd6bf8.jpg\",\"datePublished\":\"2022-12-23T14:26:00+00:00\",\"dateModified\":\"2025-05-22T11:40:12+00:00\",\"description\":\"L'Etoile Sportive du Sahel a publi\u00e9, ce vendredi 23 d\u00e9cembre 2022, un communiqu\u00e9 dans lequel elle d\u00e9nonce le report au 18 janvier prochain du Clasico qui devait...\",\"breadcrumb\":{\"@id\":\"https:\\\/\\\/www.webdo.tn\\\/fr\\\/actualite\\\/sport\\\/report-de-est-ess-l-etoile-denonce-des-pratiques-suspectes\\\/201069\\\/#breadcrumb\"},\"inLanguage\":\"fr-FR\",\"potentialAction\":[{\"@type\":\"ReadAction\",\"target\":[\"https:\\\/\\\/www.webdo.tn\\\/fr\\\/actualite\\\/sport\\\/report-de-est-ess-l-etoile-denonce-des-pratiques-suspectes\\\/201069\\\/\"]}]},{\"@type\":\"ImageObject\",\"inLanguage\":\"fr-FR\",\"@id\":\"https:\\\/\\\/www.webdo.tn\\\/fr\\\/actualite\\\/sport\\\/report-de-est-ess-l-etoile-denonce-des-pratiques-suspectes\\\/201069\\\/#primaryimage\",\"url\":\"https:\\\/\\\/www.webdo.tn\\\/fr\\\/wp-content\\\/uploads\\\/2022\\\/12\\\/75888af96c78939cb4ac2e84c0cd6bf8.jpg\",\"contentUrl\":\"https:\\\/\\\/www.webdo.tn\\\/fr\\\/wp-content\\\/uploads\\\/2022\\\/12\\\/75888af96c78939cb4ac2e84c0cd6bf8.jpg\",\"width\":750,\"height\":400,\"caption\":\"Report de EST-ESS : L\u2019Etoile d\u00e9nonce ''des pratiques suspectes''\"},{\"@type\":\"BreadcrumbList\",\"@id\":\"https:\\\/\\\/www.webdo.tn\\\/fr\\\/actualite\\\/sport\\\/report-de-est-ess-l-etoile-denonce-des-pratiques-suspectes\\\/201069\\\/#breadcrumb\",\"itemListElement\":[{\"@type\":\"ListItem\",\"position\":1,\"name\":\"Accueil\",\"item\":\"https:\\\/\\\/www.webdo.tn\\\/fr\\\/\"},{\"@type\":\"ListItem\",\"position\":2,\"name\":\"Report de EST-ESS : L\u2019Etoile d\u00e9nonce \u00a0\u00bbdes pratiques suspectes\u00a0\u00bb\"}]},{\"@type\":\"WebSite\",\"@id\":\"https:\\\/\\\/www.webdo.tn\\\/fr\\\/#website\",\"url\":\"https:\\\/\\\/www.webdo.tn\\\/fr\\\/\",\"name\":\"webdo\",\"description\":\"Tunisie - News en Tunisie et \u00e0 l&#039;international sur Webdo.tn\",\"publisher\":{\"@id\":\"https:\\\/\\\/www.webdo.tn\\\/fr\\\/#organization\"},\"potentialAction\":[{\"@type\":\"SearchAction\",\"target\":{\"@type\":\"EntryPoint\",\"urlTemplate\":\"https:\\\/\\\/www.webdo.tn\\\/fr\\\/?s={search_term_string}\"},\"query-input\":{\"@type\":\"PropertyValueSpecification\",\"valueRequired\":true,\"valueName\":\"search_term_string\"}}],\"inLanguage\":\"fr-FR\"},{\"@type\":\"Organization\",\"@id\":\"https:\\\/\\\/www.webdo.tn\\\/fr\\\/#organization\",\"name\":\"Webdo\",\"alternateName\":\"Webdo.tn\",\"url\":\"https:\\\/\\\/www.webdo.tn\\\/fr\\\/\",\"logo\":{\"@type\":\"ImageObject\",\"inLanguage\":\"fr-FR\",\"@id\":\"https:\\\/\\\/www.webdo.tn\\\/fr\\\/#\\\/schema\\\/logo\\\/image\\\/\",\"url\":\"https:\\\/\\\/www.webdo.tn\\\/fr\\\/wp-content\\\/uploads\\\/2025\\\/06\\\/Webdo-Tunisie_168377.jpg\",\"contentUrl\":\"https:\\\/\\\/www.webdo.tn\\\/fr\\\/wp-content\\\/uploads\\\/2025\\\/06\\\/Webdo-Tunisie_168377.jpg\",\"width\":301,\"height\":301,\"caption\":\"Webdo\"},\"image\":{\"@id\":\"https:\\\/\\\/www.webdo.tn\\\/fr\\\/#\\\/schema\\\/logo\\\/image\\\/\"},\"sameAs\":[\"https:\\\/\\\/www.facebook.com\\\/webdotn\",\"https:\\\/\\\/x.com\\\/webdo_tn\"],\"description\":\"Webdo est un m\u00e9dia num\u00e9rique tunisien fond\u00e9 en 2010, sp\u00e9cialis\u00e9 dans l\u2019actualit\u00e9 nationale et internationale, l\u2019\u00e9conomie, la soci\u00e9t\u00e9 et les analyses politiques. Le site s\u2019adresse \u00e0 un large public francophone et couvre l\u2019information tunisienne en temps r\u00e9el.\",\"email\":\"redac@webdo.tn\",\"legalName\":\"YNJ SARL\",\"foundingDate\":\"2010-09-06\",\"numberOfEmployees\":{\"@type\":\"QuantitativeValue\",\"minValue\":\"11\",\"maxValue\":\"50\"}},{\"@type\":\"Person\",\"@id\":\"https:\\\/\\\/www.webdo.tn\\\/fr\\\/#\\\/schema\\\/person\\\/2c4929cbf5a809e3bd38617c6ce150f6\",\"name\":\"MC\",\"image\":{\"@type\":\"ImageObject\",\"inLanguage\":\"fr-FR\",\"@id\":\"https:\\\/\\\/secure.gravatar.com\\\/avatar\\\/a545bbb6f84efdd5553dbbc2895e3ca8f1d12c5215e00a041c9670b54aa9b18a?s=96&d=mm&r=g\",\"url\":\"https:\\\/\\\/secure.gravatar.com\\\/avatar\\\/a545bbb6f84efdd5553dbbc2895e3ca8f1d12c5215e00a041c9670b54aa9b18a?s=96&d=mm&r=g\",\"contentUrl\":\"https:\\\/\\\/secure.gravatar.com\\\/avatar\\\/a545bbb6f84efdd5553dbbc2895e3ca8f1d12c5215e00a041c9670b54aa9b18a?s=96&d=mm&r=g\",\"caption\":\"MC\"},\"url\":\"https:\\\/\\\/www.webdo.tn\\\/fr\\\/actualite\\\/author\\\/mc\\\/\"}]}<\/script>\n<!-- \/ Yoast SEO Premium plugin. -->","yoast_head_json":{"title":"Report de EST-ESS : L\u2019Etoile d\u00e9nonce ''des pratiques suspectes''","description":"L'Etoile Sportive du Sahel a publi\u00e9, ce vendredi 23 d\u00e9cembre 2022, un communiqu\u00e9 dans lequel elle d\u00e9nonce le report au 18 janvier prochain du Clasico qui devait...","canonical":"https:\/\/www.webdo.tn\/fr\/actualite\/sport\/report-de-est-ess-l-etoile-denonce-des-pratiques-suspectes\/201069\/","og_locale":"fr_FR","og_type":"article","og_title":"Report de EST-ESS : L\u2019Etoile d\u00e9nonce ''des pratiques suspectes''","og_description":"L'Etoile Sportive du Sahel a publi\u00e9, ce vendredi 23 d\u00e9cembre 2022, un communiqu\u00e9 dans lequel elle d\u00e9nonce le report au 18 janvier prochain du Clasico qui devait...","og_url":"https:\/\/www.webdo.tn\/fr\/actualite\/sport\/report-de-est-ess-l-etoile-denonce-des-pratiques-suspectes\/201069\/","og_site_name":"webdo","article_publisher":"https:\/\/www.facebook.com\/webdotn","article_published_time":"2022-12-23T14:26:00+00:00","article_modified_time":"2025-05-22T11:40:12+00:00","og_image":[{"width":750,"height":400,"url":"https:\/\/www.webdo.tn\/fr\/wp-content\/uploads\/2022\/12\/75888af96c78939cb4ac2e84c0cd6bf8.jpg","type":"image\/jpeg"}],"author":"MC","twitter_card":"summary_large_image","twitter_creator":"@webdo_tn","twitter_site":"@webdo_tn","twitter_misc":{"\u00c9crit par":"MC","Dur\u00e9e de lecture estim\u00e9e":"1 minute"},"schema":{"@context":"https:\/\/schema.org","@graph":[{"@type":"NewsArticle","@id":"https:\/\/www.webdo.tn\/fr\/actualite\/sport\/report-de-est-ess-l-etoile-denonce-des-pratiques-suspectes\/201069\/#article","isPartOf":{"@id":"https:\/\/www.webdo.tn\/fr\/actualite\/sport\/report-de-est-ess-l-etoile-denonce-des-pratiques-suspectes\/201069\/"},"author":{"name":"MC","@id":"https:\/\/www.webdo.tn\/fr\/#\/schema\/person\/2c4929cbf5a809e3bd38617c6ce150f6"},"headline":"Report de EST-ESS : L\u2019Etoile d\u00e9nonce \u00a0\u00bbdes pratiques suspectes\u00a0\u00bb","datePublished":"2022-12-23T14:26:00+00:00","dateModified":"2025-05-22T11:40:12+00:00","mainEntityOfPage":{"@id":"https:\/\/www.webdo.tn\/fr\/actualite\/sport\/report-de-est-ess-l-etoile-denonce-des-pratiques-suspectes\/201069\/"},"wordCount":235,"commentCount":0,"publisher":{"@id":"https:\/\/www.webdo.tn\/fr\/#organization"},"image":{"@id":"https:\/\/www.webdo.tn\/fr\/actualite\/sport\/report-de-est-ess-l-etoile-denonce-des-pratiques-suspectes\/201069\/#primaryimage"},"thumbnailUrl":"https:\/\/www.webdo.tn\/fr\/wp-content\/uploads\/2022\/12\/75888af96c78939cb4ac2e84c0cd6bf8.jpg","keywords":["esp\u00e9rance st","\u00e9toile du sahel","Ligue 1","report"],"articleSection":["Sport"],"inLanguage":"fr-FR"},{"@type":"WebPage","@id":"https:\/\/www.webdo.tn\/fr\/actualite\/sport\/report-de-est-ess-l-etoile-denonce-des-pratiques-suspectes\/201069\/","url":"https:\/\/www.webdo.tn\/fr\/actualite\/sport\/report-de-est-ess-l-etoile-denonce-des-pratiques-suspectes\/201069\/","name":"Report de EST-ESS : L\u2019Etoile d\u00e9nonce ''des pratiques suspectes''","isPartOf":{"@id":"https:\/\/www.webdo.tn\/fr\/#website"},"primaryImageOfPage":{"@id":"https:\/\/www.webdo.tn\/fr\/actualite\/sport\/report-de-est-ess-l-etoile-denonce-des-pratiques-suspectes\/201069\/#primaryimage"},"image":{"@id":"https:\/\/www.webdo.tn\/fr\/actualite\/sport\/report-de-est-ess-l-etoile-denonce-des-pratiques-suspectes\/201069\/#primaryimage"},"thumbnailUrl":"https:\/\/www.webdo.tn\/fr\/wp-content\/uploads\/2022\/12\/75888af96c78939cb4ac2e84c0cd6bf8.jpg","datePublished":"2022-12-23T14:26:00+00:00","dateModified":"2025-05-22T11:40:12+00:00","description":"L'Etoile Sportive du Sahel a publi\u00e9, ce vendredi 23 d\u00e9cembre 2022, un communiqu\u00e9 dans lequel elle d\u00e9nonce le report au 18 janvier prochain du Clasico qui devait...","breadcrumb":{"@id":"https:\/\/www.webdo.tn\/fr\/actualite\/sport\/report-de-est-ess-l-etoile-denonce-des-pratiques-suspectes\/201069\/#breadcrumb"},"inLanguage":"fr-FR","potentialAction":[{"@type":"ReadAction","target":["https:\/\/www.webdo.tn\/fr\/actualite\/sport\/report-de-est-ess-l-etoile-denonce-des-pratiques-suspectes\/201069\/"]}]},{"@type":"ImageObject","inLanguage":"fr-FR","@id":"https:\/\/www.webdo.tn\/fr\/actualite\/sport\/report-de-est-ess-l-etoile-denonce-des-pratiques-suspectes\/201069\/#primaryimage","url":"https:\/\/www.webdo.tn\/fr\/wp-content\/uploads\/2022\/12\/75888af96c78939cb4ac2e84c0cd6bf8.jpg","contentUrl":"https:\/\/www.webdo.tn\/fr\/wp-content\/uploads\/2022\/12\/75888af96c78939cb4ac2e84c0cd6bf8.jpg","width":750,"height":400,"caption":"Report de EST-ESS : L\u2019Etoile d\u00e9nonce ''des pratiques suspectes''"},{"@type":"BreadcrumbList","@id":"https:\/\/www.webdo.tn\/fr\/actualite\/sport\/report-de-est-ess-l-etoile-denonce-des-pratiques-suspectes\/201069\/#breadcrumb","itemListElement":[{"@type":"ListItem","position":1,"name":"Accueil","item":"https:\/\/www.webdo.tn\/fr\/"},{"@type":"ListItem","position":2,"name":"Report de EST-ESS : L\u2019Etoile d\u00e9nonce \u00a0\u00bbdes pratiques suspectes\u00a0\u00bb"}]},{"@type":"WebSite","@id":"https:\/\/www.webdo.tn\/fr\/#website","url":"https:\/\/www.webdo.tn\/fr\/","name":"webdo","description":"Tunisie - News en Tunisie et \u00e0 l&#039;international sur Webdo.tn","publisher":{"@id":"https:\/\/www.webdo.tn\/fr\/#organization"},"potentialAction":[{"@type":"SearchAction","target":{"@type":"EntryPoint","urlTemplate":"https:\/\/www.webdo.tn\/fr\/?s={search_term_string}"},"query-input":{"@type":"PropertyValueSpecification","valueRequired":true,"valueName":"search_term_string"}}],"inLanguage":"fr-FR"},{"@type":"Organization","@id":"https:\/\/www.webdo.tn\/fr\/#organization","name":"Webdo","alternateName":"Webdo.tn","url":"https:\/\/www.webdo.tn\/fr\/","logo":{"@type":"ImageObject","inLanguage":"fr-FR","@id":"https:\/\/www.webdo.tn\/fr\/#\/schema\/logo\/image\/","url":"https:\/\/www.webdo.tn\/fr\/wp-content\/uploads\/2025\/06\/Webdo-Tunisie_168377.jpg","contentUrl":"https:\/\/www.webdo.tn\/fr\/wp-content\/uploads\/2025\/06\/Webdo-Tunisie_168377.jpg","width":301,"height":301,"caption":"Webdo"},"image":{"@id":"https:\/\/www.webdo.tn\/fr\/#\/schema\/logo\/image\/"},"sameAs":["https:\/\/www.facebook.com\/webdotn","https:\/\/x.com\/webdo_tn"],"description":"Webdo est un m\u00e9dia num\u00e9rique tunisien fond\u00e9 en 2010, sp\u00e9cialis\u00e9 dans l\u2019actualit\u00e9 nationale et internationale, l\u2019\u00e9conomie, la soci\u00e9t\u00e9 et les analyses politiques. Le site s\u2019adresse \u00e0 un large public francophone et couvre l\u2019information tunisienne en temps r\u00e9el.","email":"redac@webdo.tn","legalName":"YNJ SARL","foundingDate":"2010-09-06","numberOfEmployees":{"@type":"QuantitativeValue","minValue":"11","maxValue":"50"}},{"@type":"Person","@id":"https:\/\/www.webdo.tn\/fr\/#\/schema\/person\/2c4929cbf5a809e3bd38617c6ce150f6","name":"MC","image":{"@type":"ImageObject","inLanguage":"fr-FR","@id":"https:\/\/secure.gravatar.com\/avatar\/a545bbb6f84efdd5553dbbc2895e3ca8f1d12c5215e00a041c9670b54aa9b18a?s=96&d=mm&r=g","url":"https:\/\/secure.gravatar.com\/avatar\/a545bbb6f84efdd5553dbbc2895e3ca8f1d12c5215e00a041c9670b54aa9b18a?s=96&d=mm&r=g","contentUrl":"https:\/\/secure.gravatar.com\/avatar\/a545bbb6f84efdd5553dbbc2895e3ca8f1d12c5215e00a041c9670b54aa9b18a?s=96&d=mm&r=g","caption":"MC"},"url":"https:\/\/www.webdo.tn\/fr\/actualite\/author\/mc\/"}]}},"_links":{"self":[{"href":"https:\/\/www.webdo.tn\/fr\/wp-json\/wp\/v2\/posts\/201069","targetHints":{"allow":["GET"]}}],"collection":[{"href":"https:\/\/www.webdo.tn\/fr\/wp-json\/wp\/v2\/posts"}],"about":[{"href":"https:\/\/www.webdo.tn\/fr\/wp-json\/wp\/v2\/types\/post"}],"author":[{"embeddable":true,"href":"https:\/\/www.webdo.tn\/fr\/wp-json\/wp\/v2\/users\/3162"}],"replies":[{"embeddable":true,"href":"https:\/\/www.webdo.tn\/fr\/wp-json\/wp\/v2\/comments?post=201069"}],"version-history":[{"count":0,"href":"https:\/\/www.webdo.tn\/fr\/wp-json\/wp\/v2\/posts\/201069\/revisions"}],"wp:featuredmedia":[{"embeddable":true,"href":"https:\/\/www.webdo.tn\/fr\/wp-json\/wp\/v2\/media\/348390"}],"wp:attachment":[{"href":"https:\/\/www.webdo.tn\/fr\/wp-json\/wp\/v2\/media?parent=201069"}],"wp:term":[{"taxonomy":"category","embeddable":true,"href":"https:\/\/www.webdo.tn\/fr\/wp-json\/wp\/v2\/categories?post=201069"},{"taxonomy":"post_tag","embeddable":true,"href":"https:\/\/www.webdo.tn\/fr\/wp-json\/wp\/v2\/tags?post=201069"}],"curies":[{"name":"wp","href":"https:\/\/api.w.org\/{rel}","templated":true}]}}