{"id":201062,"date":"2022-12-23T11:17:00","date_gmt":"2022-12-23T11:17:00","guid":{"rendered":"https:\/\/www.webdo.tn\/fr\/actualite\/blog\/tunisie-telecom-renouvelle-son-partenariat-avec-l-esperance-st\/201062\/"},"modified":"2025-05-22T11:40:11","modified_gmt":"2025-05-22T11:40:11","slug":"tunisie-telecom-renouvelle-son-partenariat-avec-l-esperance-st","status":"publish","type":"post","link":"https:\/\/www.webdo.tn\/fr\/actualite\/sport\/tunisie-telecom-renouvelle-son-partenariat-avec-l-esperance-st\/201062\/","title":{"rendered":"Tunisie Telecom renouvelle son partenariat avec l\u2019Esp\u00e9rance Sportive de Tunis"},"content":{"rendered":"<p>Dans une ambiance festive au Parc Hassen Belkhoja, et en pr\u00e9sence de M. Lassa\u00e2d Ben Dhiab, PDG de Tunisie Telecom, de M. Hamdi Meddeb, pr\u00e9sident de l\u2019Esp\u00e9rance ST, une c\u00e9r\u00e9monie officielle de signature s\u2019est d\u00e9roul\u00e9e, jeudi 22 d\u00e9cembre 2022 pour le renouvellement du contrat de partenariat entre les deux parties.<\/p>\n<p> Ce nouveau partenariat aura une dur\u00e9e de trois ans apr\u00e8s les dix ans accomplis dans ce cadre et qui a prouv\u00e9 toute son efficience.<\/p>\n<p>Dans leurs d\u00e9clarations respectives, les deux responsables ont soulign\u00e9 l\u2019importance de ce partenariat au service des citoyens, les fid\u00e8les clients du premier op\u00e9rateur en Tunisie et supporters du club qui se trouvent \u00e0 travers tout le pays comme l\u2019a pr\u00e9cis\u00e9 M. Lassa\u00e2d Ben Dhiab.<\/p>\n<p>M. Hamdi Meddeb a d\u00e9clar\u00e9 que l\u2019objectif de ce partenariat est d\u2019atteindre, entre autres, la barre de 500 mille adh\u00e9rents \u00e0 \u00abTaraji Mobile \u00bb (carte SIM de la plage 90 et des cartes de recharge aux couleurs de l\u2019Esp\u00e9rance).<\/p>\n<p>D\u2019autre part, ce nouveau partenariat comportera de nouvelles clauses qui profiteront aussi bien \u00e0 Tunisie Telecom qu\u2019au club de Bab Souika.<\/p>\n<p>Il est \u00e0, rappeler qu&rsquo;avec cette carte \u00ab Taraji Mobile \u00bb le client peut appeler tous les r\u00e9seaux mobiles\u00a0 nationaux au prix le plus bas du march\u00e9 \u00e0 35 millimes\u00a0 \/ minute tout en profitant\u00a0 des forfaits internet diversifi\u00e9s via le code *140\u2260.<\/p>\n","protected":false},"excerpt":{"rendered":"<p>Dans une ambiance festive au Parc Hassen Belkhoja, et en pr\u00e9sence de M. Lassa\u00e2d Ben Dhiab, PDG de Tunisie Telecom, de M. Hamdi Meddeb, pr\u00e9sident de l\u2019Esp\u00e9rance&#8230;<\/p>\n","protected":false},"author":3198,"featured_media":348389,"comment_status":"open","ping_status":"closed","sticky":false,"template":"","format":"standard","meta":{"footnotes":""},"categories":[2593],"tags":[3102,3300,2931],"class_list":["post-201062","post","type-post","status-publish","format-standard","has-post-thumbnail","hentry","category-sport","tag-esperance-st","tag-partenariat","tag-tunisie-telecom"],"yoast_head":"<!-- This site is optimized with the Yoast SEO Premium plugin v27.5 (Yoast SEO v27.5) - https:\/\/yoast.com\/product\/yoast-seo-premium-wordpress\/ -->\n<title>Tunisie Telecom renouvelle son partenariat avec l\u2019Esp\u00e9rance Sportive de Tunis<\/title>\n<meta name=\"description\" content=\"Dans une ambiance festive au Parc Hassen Belkhoja, et en pr\u00e9sence de M. Lassa\u00e2d Ben Dhiab, PDG de Tunisie Telecom, de M. Hamdi Meddeb, pr\u00e9sident de l\u2019Esp\u00e9rance...\" \/>\n<link rel=\"canonical\" href=\"https:\/\/www.webdo.tn\/fr\/actualite\/sport\/tunisie-telecom-renouvelle-son-partenariat-avec-l-esperance-st\/201062\/\" \/>\n<meta property=\"og:locale\" content=\"fr_FR\" \/>\n<meta property=\"og:type\" content=\"article\" \/>\n<meta property=\"og:title\" content=\"Tunisie Telecom renouvelle son partenariat avec l\u2019Esp\u00e9rance Sportive de Tunis\" \/>\n<meta property=\"og:description\" content=\"Dans une ambiance festive au Parc Hassen Belkhoja, et en pr\u00e9sence de M. Lassa\u00e2d Ben Dhiab, PDG de Tunisie Telecom, de M. Hamdi Meddeb, pr\u00e9sident de l\u2019Esp\u00e9rance...\" \/>\n<meta property=\"og:url\" content=\"https:\/\/www.webdo.tn\/fr\/actualite\/sport\/tunisie-telecom-renouvelle-son-partenariat-avec-l-esperance-st\/201062\/\" \/>\n<meta property=\"og:site_name\" content=\"webdo\" \/>\n<meta property=\"article:publisher\" content=\"https:\/\/www.facebook.com\/webdotn\" \/>\n<meta property=\"article:published_time\" content=\"2022-12-23T11:17:00+00:00\" \/>\n<meta property=\"article:modified_time\" content=\"2025-05-22T11:40:11+00:00\" \/>\n<meta property=\"og:image\" content=\"https:\/\/www.webdo.tn\/fr\/wp-content\/uploads\/2022\/12\/6b9edf12bef56b0ac7dc207fef144a0b.jpg\" \/>\n\t<meta property=\"og:image:width\" content=\"750\" \/>\n\t<meta property=\"og:image:height\" content=\"400\" \/>\n\t<meta property=\"og:image:type\" content=\"image\/jpeg\" \/>\n<meta name=\"author\" content=\"Jameleddine Ben Abdessamad\" \/>\n<meta name=\"twitter:card\" content=\"summary_large_image\" \/>\n<meta name=\"twitter:creator\" content=\"@webdo_tn\" \/>\n<meta name=\"twitter:site\" content=\"@webdo_tn\" \/>\n<meta name=\"twitter:label1\" content=\"\u00c9crit par\" \/>\n\t<meta name=\"twitter:data1\" content=\"Jameleddine Ben Abdessamad\" \/>\n\t<meta name=\"twitter:label2\" content=\"Dur\u00e9e de lecture estim\u00e9e\" \/>\n\t<meta name=\"twitter:data2\" content=\"1 minute\" \/>\n<script type=\"application\/ld+json\" class=\"yoast-schema-graph\">{\"@context\":\"https:\\\/\\\/schema.org\",\"@graph\":[{\"@type\":\"NewsArticle\",\"@id\":\"https:\\\/\\\/www.webdo.tn\\\/fr\\\/actualite\\\/sport\\\/tunisie-telecom-renouvelle-son-partenariat-avec-l-esperance-st\\\/201062\\\/#article\",\"isPartOf\":{\"@id\":\"https:\\\/\\\/www.webdo.tn\\\/fr\\\/actualite\\\/sport\\\/tunisie-telecom-renouvelle-son-partenariat-avec-l-esperance-st\\\/201062\\\/\"},\"author\":{\"name\":\"Jameleddine Ben Abdessamad\",\"@id\":\"https:\\\/\\\/www.webdo.tn\\\/fr\\\/#\\\/schema\\\/person\\\/3cd59ecdbfd3f2d825166ec61f70700f\"},\"headline\":\"Tunisie Telecom renouvelle son partenariat avec l\u2019Esp\u00e9rance Sportive de Tunis\",\"datePublished\":\"2022-12-23T11:17:00+00:00\",\"dateModified\":\"2025-05-22T11:40:11+00:00\",\"mainEntityOfPage\":{\"@id\":\"https:\\\/\\\/www.webdo.tn\\\/fr\\\/actualite\\\/sport\\\/tunisie-telecom-renouvelle-son-partenariat-avec-l-esperance-st\\\/201062\\\/\"},\"wordCount\":249,\"commentCount\":0,\"publisher\":{\"@id\":\"https:\\\/\\\/www.webdo.tn\\\/fr\\\/#organization\"},\"image\":{\"@id\":\"https:\\\/\\\/www.webdo.tn\\\/fr\\\/actualite\\\/sport\\\/tunisie-telecom-renouvelle-son-partenariat-avec-l-esperance-st\\\/201062\\\/#primaryimage\"},\"thumbnailUrl\":\"https:\\\/\\\/www.webdo.tn\\\/fr\\\/wp-content\\\/uploads\\\/2022\\\/12\\\/6b9edf12bef56b0ac7dc207fef144a0b.jpg\",\"keywords\":[\"esp\u00e9rance st\",\"partenariat\",\"Tunisie Telecom\"],\"articleSection\":[\"Sport\"],\"inLanguage\":\"fr-FR\"},{\"@type\":\"WebPage\",\"@id\":\"https:\\\/\\\/www.webdo.tn\\\/fr\\\/actualite\\\/sport\\\/tunisie-telecom-renouvelle-son-partenariat-avec-l-esperance-st\\\/201062\\\/\",\"url\":\"https:\\\/\\\/www.webdo.tn\\\/fr\\\/actualite\\\/sport\\\/tunisie-telecom-renouvelle-son-partenariat-avec-l-esperance-st\\\/201062\\\/\",\"name\":\"Tunisie Telecom renouvelle son partenariat avec l\u2019Esp\u00e9rance Sportive de Tunis\",\"isPartOf\":{\"@id\":\"https:\\\/\\\/www.webdo.tn\\\/fr\\\/#website\"},\"primaryImageOfPage\":{\"@id\":\"https:\\\/\\\/www.webdo.tn\\\/fr\\\/actualite\\\/sport\\\/tunisie-telecom-renouvelle-son-partenariat-avec-l-esperance-st\\\/201062\\\/#primaryimage\"},\"image\":{\"@id\":\"https:\\\/\\\/www.webdo.tn\\\/fr\\\/actualite\\\/sport\\\/tunisie-telecom-renouvelle-son-partenariat-avec-l-esperance-st\\\/201062\\\/#primaryimage\"},\"thumbnailUrl\":\"https:\\\/\\\/www.webdo.tn\\\/fr\\\/wp-content\\\/uploads\\\/2022\\\/12\\\/6b9edf12bef56b0ac7dc207fef144a0b.jpg\",\"datePublished\":\"2022-12-23T11:17:00+00:00\",\"dateModified\":\"2025-05-22T11:40:11+00:00\",\"description\":\"Dans une ambiance festive au Parc Hassen Belkhoja, et en pr\u00e9sence de M. Lassa\u00e2d Ben Dhiab, PDG de Tunisie Telecom, de M. Hamdi Meddeb, pr\u00e9sident de l\u2019Esp\u00e9rance...\",\"breadcrumb\":{\"@id\":\"https:\\\/\\\/www.webdo.tn\\\/fr\\\/actualite\\\/sport\\\/tunisie-telecom-renouvelle-son-partenariat-avec-l-esperance-st\\\/201062\\\/#breadcrumb\"},\"inLanguage\":\"fr-FR\",\"potentialAction\":[{\"@type\":\"ReadAction\",\"target\":[\"https:\\\/\\\/www.webdo.tn\\\/fr\\\/actualite\\\/sport\\\/tunisie-telecom-renouvelle-son-partenariat-avec-l-esperance-st\\\/201062\\\/\"]}]},{\"@type\":\"ImageObject\",\"inLanguage\":\"fr-FR\",\"@id\":\"https:\\\/\\\/www.webdo.tn\\\/fr\\\/actualite\\\/sport\\\/tunisie-telecom-renouvelle-son-partenariat-avec-l-esperance-st\\\/201062\\\/#primaryimage\",\"url\":\"https:\\\/\\\/www.webdo.tn\\\/fr\\\/wp-content\\\/uploads\\\/2022\\\/12\\\/6b9edf12bef56b0ac7dc207fef144a0b.jpg\",\"contentUrl\":\"https:\\\/\\\/www.webdo.tn\\\/fr\\\/wp-content\\\/uploads\\\/2022\\\/12\\\/6b9edf12bef56b0ac7dc207fef144a0b.jpg\",\"width\":750,\"height\":400,\"caption\":\"Tunisie Telecom renouvelle son partenariat avec l\u2019Esp\u00e9rance Sportive de Tunis\"},{\"@type\":\"BreadcrumbList\",\"@id\":\"https:\\\/\\\/www.webdo.tn\\\/fr\\\/actualite\\\/sport\\\/tunisie-telecom-renouvelle-son-partenariat-avec-l-esperance-st\\\/201062\\\/#breadcrumb\",\"itemListElement\":[{\"@type\":\"ListItem\",\"position\":1,\"name\":\"Accueil\",\"item\":\"https:\\\/\\\/www.webdo.tn\\\/fr\\\/\"},{\"@type\":\"ListItem\",\"position\":2,\"name\":\"Tunisie Telecom renouvelle son partenariat avec l\u2019Esp\u00e9rance Sportive de Tunis\"}]},{\"@type\":\"WebSite\",\"@id\":\"https:\\\/\\\/www.webdo.tn\\\/fr\\\/#website\",\"url\":\"https:\\\/\\\/www.webdo.tn\\\/fr\\\/\",\"name\":\"webdo\",\"description\":\"Tunisie - News en Tunisie et \u00e0 l&#039;international sur Webdo.tn\",\"publisher\":{\"@id\":\"https:\\\/\\\/www.webdo.tn\\\/fr\\\/#organization\"},\"potentialAction\":[{\"@type\":\"SearchAction\",\"target\":{\"@type\":\"EntryPoint\",\"urlTemplate\":\"https:\\\/\\\/www.webdo.tn\\\/fr\\\/?s={search_term_string}\"},\"query-input\":{\"@type\":\"PropertyValueSpecification\",\"valueRequired\":true,\"valueName\":\"search_term_string\"}}],\"inLanguage\":\"fr-FR\"},{\"@type\":\"Organization\",\"@id\":\"https:\\\/\\\/www.webdo.tn\\\/fr\\\/#organization\",\"name\":\"Webdo\",\"alternateName\":\"Webdo.tn\",\"url\":\"https:\\\/\\\/www.webdo.tn\\\/fr\\\/\",\"logo\":{\"@type\":\"ImageObject\",\"inLanguage\":\"fr-FR\",\"@id\":\"https:\\\/\\\/www.webdo.tn\\\/fr\\\/#\\\/schema\\\/logo\\\/image\\\/\",\"url\":\"https:\\\/\\\/www.webdo.tn\\\/fr\\\/wp-content\\\/uploads\\\/2025\\\/06\\\/Webdo-Tunisie_168377.jpg\",\"contentUrl\":\"https:\\\/\\\/www.webdo.tn\\\/fr\\\/wp-content\\\/uploads\\\/2025\\\/06\\\/Webdo-Tunisie_168377.jpg\",\"width\":301,\"height\":301,\"caption\":\"Webdo\"},\"image\":{\"@id\":\"https:\\\/\\\/www.webdo.tn\\\/fr\\\/#\\\/schema\\\/logo\\\/image\\\/\"},\"sameAs\":[\"https:\\\/\\\/www.facebook.com\\\/webdotn\",\"https:\\\/\\\/x.com\\\/webdo_tn\"],\"description\":\"Webdo est un m\u00e9dia num\u00e9rique tunisien fond\u00e9 en 2010, sp\u00e9cialis\u00e9 dans l\u2019actualit\u00e9 nationale et internationale, l\u2019\u00e9conomie, la soci\u00e9t\u00e9 et les analyses politiques. Le site s\u2019adresse \u00e0 un large public francophone et couvre l\u2019information tunisienne en temps r\u00e9el.\",\"email\":\"redac@webdo.tn\",\"legalName\":\"YNJ SARL\",\"foundingDate\":\"2010-09-06\",\"numberOfEmployees\":{\"@type\":\"QuantitativeValue\",\"minValue\":\"11\",\"maxValue\":\"50\"}},{\"@type\":\"Person\",\"@id\":\"https:\\\/\\\/www.webdo.tn\\\/fr\\\/#\\\/schema\\\/person\\\/3cd59ecdbfd3f2d825166ec61f70700f\",\"name\":\"Jameleddine Ben Abdessamad\",\"image\":{\"@type\":\"ImageObject\",\"inLanguage\":\"fr-FR\",\"@id\":\"https:\\\/\\\/secure.gravatar.com\\\/avatar\\\/8eabb53a0af340c3db0a37d7542bc401008f3dcfcbb40d8c9e06694f6b8edfae?s=96&d=mm&r=g\",\"url\":\"https:\\\/\\\/secure.gravatar.com\\\/avatar\\\/8eabb53a0af340c3db0a37d7542bc401008f3dcfcbb40d8c9e06694f6b8edfae?s=96&d=mm&r=g\",\"contentUrl\":\"https:\\\/\\\/secure.gravatar.com\\\/avatar\\\/8eabb53a0af340c3db0a37d7542bc401008f3dcfcbb40d8c9e06694f6b8edfae?s=96&d=mm&r=g\",\"caption\":\"Jameleddine Ben Abdessamad\"},\"url\":\"https:\\\/\\\/www.webdo.tn\\\/fr\\\/actualite\\\/author\\\/jameleddine-ben-abdessamad\\\/\"}]}<\/script>\n<!-- \/ Yoast SEO Premium plugin. -->","yoast_head_json":{"title":"Tunisie Telecom renouvelle son partenariat avec l\u2019Esp\u00e9rance Sportive de Tunis","description":"Dans une ambiance festive au Parc Hassen Belkhoja, et en pr\u00e9sence de M. Lassa\u00e2d Ben Dhiab, PDG de Tunisie Telecom, de M. Hamdi Meddeb, pr\u00e9sident de l\u2019Esp\u00e9rance...","canonical":"https:\/\/www.webdo.tn\/fr\/actualite\/sport\/tunisie-telecom-renouvelle-son-partenariat-avec-l-esperance-st\/201062\/","og_locale":"fr_FR","og_type":"article","og_title":"Tunisie Telecom renouvelle son partenariat avec l\u2019Esp\u00e9rance Sportive de Tunis","og_description":"Dans une ambiance festive au Parc Hassen Belkhoja, et en pr\u00e9sence de M. Lassa\u00e2d Ben Dhiab, PDG de Tunisie Telecom, de M. Hamdi Meddeb, pr\u00e9sident de l\u2019Esp\u00e9rance...","og_url":"https:\/\/www.webdo.tn\/fr\/actualite\/sport\/tunisie-telecom-renouvelle-son-partenariat-avec-l-esperance-st\/201062\/","og_site_name":"webdo","article_publisher":"https:\/\/www.facebook.com\/webdotn","article_published_time":"2022-12-23T11:17:00+00:00","article_modified_time":"2025-05-22T11:40:11+00:00","og_image":[{"width":750,"height":400,"url":"https:\/\/www.webdo.tn\/fr\/wp-content\/uploads\/2022\/12\/6b9edf12bef56b0ac7dc207fef144a0b.jpg","type":"image\/jpeg"}],"author":"Jameleddine Ben Abdessamad","twitter_card":"summary_large_image","twitter_creator":"@webdo_tn","twitter_site":"@webdo_tn","twitter_misc":{"\u00c9crit par":"Jameleddine Ben Abdessamad","Dur\u00e9e de lecture estim\u00e9e":"1 minute"},"schema":{"@context":"https:\/\/schema.org","@graph":[{"@type":"NewsArticle","@id":"https:\/\/www.webdo.tn\/fr\/actualite\/sport\/tunisie-telecom-renouvelle-son-partenariat-avec-l-esperance-st\/201062\/#article","isPartOf":{"@id":"https:\/\/www.webdo.tn\/fr\/actualite\/sport\/tunisie-telecom-renouvelle-son-partenariat-avec-l-esperance-st\/201062\/"},"author":{"name":"Jameleddine Ben Abdessamad","@id":"https:\/\/www.webdo.tn\/fr\/#\/schema\/person\/3cd59ecdbfd3f2d825166ec61f70700f"},"headline":"Tunisie Telecom renouvelle son partenariat avec l\u2019Esp\u00e9rance Sportive de Tunis","datePublished":"2022-12-23T11:17:00+00:00","dateModified":"2025-05-22T11:40:11+00:00","mainEntityOfPage":{"@id":"https:\/\/www.webdo.tn\/fr\/actualite\/sport\/tunisie-telecom-renouvelle-son-partenariat-avec-l-esperance-st\/201062\/"},"wordCount":249,"commentCount":0,"publisher":{"@id":"https:\/\/www.webdo.tn\/fr\/#organization"},"image":{"@id":"https:\/\/www.webdo.tn\/fr\/actualite\/sport\/tunisie-telecom-renouvelle-son-partenariat-avec-l-esperance-st\/201062\/#primaryimage"},"thumbnailUrl":"https:\/\/www.webdo.tn\/fr\/wp-content\/uploads\/2022\/12\/6b9edf12bef56b0ac7dc207fef144a0b.jpg","keywords":["esp\u00e9rance st","partenariat","Tunisie Telecom"],"articleSection":["Sport"],"inLanguage":"fr-FR"},{"@type":"WebPage","@id":"https:\/\/www.webdo.tn\/fr\/actualite\/sport\/tunisie-telecom-renouvelle-son-partenariat-avec-l-esperance-st\/201062\/","url":"https:\/\/www.webdo.tn\/fr\/actualite\/sport\/tunisie-telecom-renouvelle-son-partenariat-avec-l-esperance-st\/201062\/","name":"Tunisie Telecom renouvelle son partenariat avec l\u2019Esp\u00e9rance Sportive de Tunis","isPartOf":{"@id":"https:\/\/www.webdo.tn\/fr\/#website"},"primaryImageOfPage":{"@id":"https:\/\/www.webdo.tn\/fr\/actualite\/sport\/tunisie-telecom-renouvelle-son-partenariat-avec-l-esperance-st\/201062\/#primaryimage"},"image":{"@id":"https:\/\/www.webdo.tn\/fr\/actualite\/sport\/tunisie-telecom-renouvelle-son-partenariat-avec-l-esperance-st\/201062\/#primaryimage"},"thumbnailUrl":"https:\/\/www.webdo.tn\/fr\/wp-content\/uploads\/2022\/12\/6b9edf12bef56b0ac7dc207fef144a0b.jpg","datePublished":"2022-12-23T11:17:00+00:00","dateModified":"2025-05-22T11:40:11+00:00","description":"Dans une ambiance festive au Parc Hassen Belkhoja, et en pr\u00e9sence de M. Lassa\u00e2d Ben Dhiab, PDG de Tunisie Telecom, de M. Hamdi Meddeb, pr\u00e9sident de l\u2019Esp\u00e9rance...","breadcrumb":{"@id":"https:\/\/www.webdo.tn\/fr\/actualite\/sport\/tunisie-telecom-renouvelle-son-partenariat-avec-l-esperance-st\/201062\/#breadcrumb"},"inLanguage":"fr-FR","potentialAction":[{"@type":"ReadAction","target":["https:\/\/www.webdo.tn\/fr\/actualite\/sport\/tunisie-telecom-renouvelle-son-partenariat-avec-l-esperance-st\/201062\/"]}]},{"@type":"ImageObject","inLanguage":"fr-FR","@id":"https:\/\/www.webdo.tn\/fr\/actualite\/sport\/tunisie-telecom-renouvelle-son-partenariat-avec-l-esperance-st\/201062\/#primaryimage","url":"https:\/\/www.webdo.tn\/fr\/wp-content\/uploads\/2022\/12\/6b9edf12bef56b0ac7dc207fef144a0b.jpg","contentUrl":"https:\/\/www.webdo.tn\/fr\/wp-content\/uploads\/2022\/12\/6b9edf12bef56b0ac7dc207fef144a0b.jpg","width":750,"height":400,"caption":"Tunisie Telecom renouvelle son partenariat avec l\u2019Esp\u00e9rance Sportive de Tunis"},{"@type":"BreadcrumbList","@id":"https:\/\/www.webdo.tn\/fr\/actualite\/sport\/tunisie-telecom-renouvelle-son-partenariat-avec-l-esperance-st\/201062\/#breadcrumb","itemListElement":[{"@type":"ListItem","position":1,"name":"Accueil","item":"https:\/\/www.webdo.tn\/fr\/"},{"@type":"ListItem","position":2,"name":"Tunisie Telecom renouvelle son partenariat avec l\u2019Esp\u00e9rance Sportive de Tunis"}]},{"@type":"WebSite","@id":"https:\/\/www.webdo.tn\/fr\/#website","url":"https:\/\/www.webdo.tn\/fr\/","name":"webdo","description":"Tunisie - News en Tunisie et \u00e0 l&#039;international sur Webdo.tn","publisher":{"@id":"https:\/\/www.webdo.tn\/fr\/#organization"},"potentialAction":[{"@type":"SearchAction","target":{"@type":"EntryPoint","urlTemplate":"https:\/\/www.webdo.tn\/fr\/?s={search_term_string}"},"query-input":{"@type":"PropertyValueSpecification","valueRequired":true,"valueName":"search_term_string"}}],"inLanguage":"fr-FR"},{"@type":"Organization","@id":"https:\/\/www.webdo.tn\/fr\/#organization","name":"Webdo","alternateName":"Webdo.tn","url":"https:\/\/www.webdo.tn\/fr\/","logo":{"@type":"ImageObject","inLanguage":"fr-FR","@id":"https:\/\/www.webdo.tn\/fr\/#\/schema\/logo\/image\/","url":"https:\/\/www.webdo.tn\/fr\/wp-content\/uploads\/2025\/06\/Webdo-Tunisie_168377.jpg","contentUrl":"https:\/\/www.webdo.tn\/fr\/wp-content\/uploads\/2025\/06\/Webdo-Tunisie_168377.jpg","width":301,"height":301,"caption":"Webdo"},"image":{"@id":"https:\/\/www.webdo.tn\/fr\/#\/schema\/logo\/image\/"},"sameAs":["https:\/\/www.facebook.com\/webdotn","https:\/\/x.com\/webdo_tn"],"description":"Webdo est un m\u00e9dia num\u00e9rique tunisien fond\u00e9 en 2010, sp\u00e9cialis\u00e9 dans l\u2019actualit\u00e9 nationale et internationale, l\u2019\u00e9conomie, la soci\u00e9t\u00e9 et les analyses politiques. Le site s\u2019adresse \u00e0 un large public francophone et couvre l\u2019information tunisienne en temps r\u00e9el.","email":"redac@webdo.tn","legalName":"YNJ SARL","foundingDate":"2010-09-06","numberOfEmployees":{"@type":"QuantitativeValue","minValue":"11","maxValue":"50"}},{"@type":"Person","@id":"https:\/\/www.webdo.tn\/fr\/#\/schema\/person\/3cd59ecdbfd3f2d825166ec61f70700f","name":"Jameleddine Ben Abdessamad","image":{"@type":"ImageObject","inLanguage":"fr-FR","@id":"https:\/\/secure.gravatar.com\/avatar\/8eabb53a0af340c3db0a37d7542bc401008f3dcfcbb40d8c9e06694f6b8edfae?s=96&d=mm&r=g","url":"https:\/\/secure.gravatar.com\/avatar\/8eabb53a0af340c3db0a37d7542bc401008f3dcfcbb40d8c9e06694f6b8edfae?s=96&d=mm&r=g","contentUrl":"https:\/\/secure.gravatar.com\/avatar\/8eabb53a0af340c3db0a37d7542bc401008f3dcfcbb40d8c9e06694f6b8edfae?s=96&d=mm&r=g","caption":"Jameleddine Ben Abdessamad"},"url":"https:\/\/www.webdo.tn\/fr\/actualite\/author\/jameleddine-ben-abdessamad\/"}]}},"_links":{"self":[{"href":"https:\/\/www.webdo.tn\/fr\/wp-json\/wp\/v2\/posts\/201062","targetHints":{"allow":["GET"]}}],"collection":[{"href":"https:\/\/www.webdo.tn\/fr\/wp-json\/wp\/v2\/posts"}],"about":[{"href":"https:\/\/www.webdo.tn\/fr\/wp-json\/wp\/v2\/types\/post"}],"author":[{"embeddable":true,"href":"https:\/\/www.webdo.tn\/fr\/wp-json\/wp\/v2\/users\/3198"}],"replies":[{"embeddable":true,"href":"https:\/\/www.webdo.tn\/fr\/wp-json\/wp\/v2\/comments?post=201062"}],"version-history":[{"count":0,"href":"https:\/\/www.webdo.tn\/fr\/wp-json\/wp\/v2\/posts\/201062\/revisions"}],"wp:featuredmedia":[{"embeddable":true,"href":"https:\/\/www.webdo.tn\/fr\/wp-json\/wp\/v2\/media\/348389"}],"wp:attachment":[{"href":"https:\/\/www.webdo.tn\/fr\/wp-json\/wp\/v2\/media?parent=201062"}],"wp:term":[{"taxonomy":"category","embeddable":true,"href":"https:\/\/www.webdo.tn\/fr\/wp-json\/wp\/v2\/categories?post=201062"},{"taxonomy":"post_tag","embeddable":true,"href":"https:\/\/www.webdo.tn\/fr\/wp-json\/wp\/v2\/tags?post=201062"}],"curies":[{"name":"wp","href":"https:\/\/api.w.org\/{rel}","templated":true}]}}