{"id":201048,"date":"2022-12-23T07:31:00","date_gmt":"2022-12-23T07:31:00","guid":{"rendered":"https:\/\/www.webdo.tn\/fr\/blog\/saied-plusieurs-personnes-pretes-a-adherer-a-la-reconciliation-penale\/201048\/"},"modified":"2025-05-20T22:48:20","modified_gmt":"2025-05-20T22:48:20","slug":"saied-plusieurs-personnes-pretes-a-adherer-a-la-reconciliation-penale","status":"publish","type":"post","link":"https:\/\/www.webdo.tn\/fr\/actualite\/national\/saied-plusieurs-personnes-pretes-a-adherer-a-la-reconciliation-penale\/201048\/","title":{"rendered":"Saied : \u00ab Plusieurs personnes pr\u00eates \u00e0 adh\u00e9rer \u00e0 la r\u00e9conciliation p\u00e9nale \u00bb"},"content":{"rendered":"<p>\u00ab\u00a0Il est imp\u00e9rieux que la Commission nationale de r\u00e9conciliation p\u00e9nale entame ses activit\u00e9s\u00a0\u00bb, a affirm\u00e9 le pr\u00e9sident de la R\u00e9publique, au cours de son entrevue, jeudi, au palais de Carthage, avec le pr\u00e9sident de la Commission, Makram Ben Mna.<\/p>\n<p>\t\t\t\t\t\t\t\t\t\u00ab\u00a0L&rsquo;Etat met \u00e0 la disposition de la Commission tous les moyens pour jouer son r\u00f4le dans les meilleures conditions et dans les d\u00e9lais fix\u00e9s par le d\u00e9cret-loi la cr\u00e9ant\u00a0\u00bb, a-t-il indinqu\u00e9, mettant l&rsquo;accent sur la n\u00e9cessit\u00e9 d&rsquo;\u0153uvrer \u00e0 r\u00e9aliser les objectifs de la r\u00e9conciliation p\u00e9nale.<\/p>\n<p>A ce propos, il a tenu \u00e0 soulign\u00e9 qu&rsquo;il ne faut c\u00e9der aucun millime appartenant au peuple tunisien.<\/p>\n<p>Selon un communiqu\u00e9 de la pr\u00e9sidence de la R\u00e9publique, le pr\u00e9sident de la Commission a inform\u00e9 le chef de l&rsquo;Etat de l&rsquo;intention de nombre de personnes impliqu\u00e9es dans des affaires financi\u00e8res de r\u00e9concilier, en vertu des dispositions du d\u00e9cret-loi, faisant remarquer qu&rsquo;il ne reste encore que quelques textes \u00e0 finaliser, avant l&rsquo;entr\u00e9e en vigueur de la Commission.<\/p>\n<p>Dans le m\u00eame contexte, Ben Mna a remis au pr\u00e9sident de la R\u00e9publique le statut de la Commission.<\/p>\n","protected":false},"excerpt":{"rendered":"<p>Il est imp\u00e9rieux que la Commission nationale de r\u00e9conciliation p\u00e9nale entame ses activit\u00e9s , a affirm\u00e9 le pr\u00e9sident de la R\u00e9publique, au cours de son entrevue,&#8230;<\/p>\n","protected":false},"author":3175,"featured_media":277426,"comment_status":"open","ping_status":"closed","sticky":false,"template":"","format":"standard","meta":{"footnotes":""},"categories":[44],"tags":[2614,7181,2608],"class_list":["post-201048","post","type-post","status-publish","format-standard","has-post-thumbnail","hentry","category-national","tag-kais-saied","tag-reconciliation-penale","tag-tunisie"],"yoast_head":"<!-- This site is optimized with the Yoast SEO Premium plugin v27.5 (Yoast SEO v27.5) - https:\/\/yoast.com\/product\/yoast-seo-premium-wordpress\/ -->\n<title>Saied : \u00ab Plusieurs personnes pr\u00eates \u00e0 adh\u00e9rer \u00e0 la r\u00e9conciliation p\u00e9nale \u00bb<\/title>\n<meta name=\"description\" content=\"Il est imp\u00e9rieux que la Commission nationale de r\u00e9conciliation p\u00e9nale entame ses activit\u00e9s , a affirm\u00e9 le pr\u00e9sident de la R\u00e9publique, au cours de son entrevue,...\" \/>\n<link rel=\"canonical\" href=\"https:\/\/www.webdo.tn\/fr\/actualite\/national\/saied-plusieurs-personnes-pretes-a-adherer-a-la-reconciliation-penale\/201048\/\" \/>\n<meta property=\"og:locale\" content=\"fr_FR\" \/>\n<meta property=\"og:type\" content=\"article\" \/>\n<meta property=\"og:title\" content=\"Saied : \u00ab Plusieurs personnes pr\u00eates \u00e0 adh\u00e9rer \u00e0 la r\u00e9conciliation p\u00e9nale \u00bb\" \/>\n<meta property=\"og:description\" content=\"Il est imp\u00e9rieux que la Commission nationale de r\u00e9conciliation p\u00e9nale entame ses activit\u00e9s , a affirm\u00e9 le pr\u00e9sident de la R\u00e9publique, au cours de son entrevue,...\" \/>\n<meta property=\"og:url\" content=\"https:\/\/www.webdo.tn\/fr\/actualite\/national\/saied-plusieurs-personnes-pretes-a-adherer-a-la-reconciliation-penale\/201048\/\" \/>\n<meta property=\"og:site_name\" content=\"webdo\" \/>\n<meta property=\"article:publisher\" content=\"https:\/\/www.facebook.com\/webdotn\" \/>\n<meta property=\"article:published_time\" content=\"2022-12-23T07:31:00+00:00\" \/>\n<meta property=\"article:modified_time\" content=\"2025-05-20T22:48:20+00:00\" \/>\n<meta property=\"og:image\" content=\"https:\/\/www.webdo.tn\/fr\/wp-content\/uploads\/2022\/12\/afe952adb188adccb49a2f47c3d59c84.jpg\" \/>\n\t<meta property=\"og:image:width\" content=\"750\" \/>\n\t<meta property=\"og:image:height\" content=\"400\" \/>\n\t<meta property=\"og:image:type\" content=\"image\/jpeg\" \/>\n<meta name=\"author\" content=\"CL\" \/>\n<meta name=\"twitter:card\" content=\"summary_large_image\" \/>\n<meta name=\"twitter:creator\" content=\"@webdo_tn\" \/>\n<meta name=\"twitter:site\" content=\"@webdo_tn\" \/>\n<meta name=\"twitter:label1\" content=\"\u00c9crit par\" \/>\n\t<meta name=\"twitter:data1\" content=\"CL\" \/>\n\t<meta name=\"twitter:label2\" content=\"Dur\u00e9e de lecture estim\u00e9e\" \/>\n\t<meta name=\"twitter:data2\" content=\"1 minute\" \/>\n<script type=\"application\/ld+json\" class=\"yoast-schema-graph\">{\"@context\":\"https:\\\/\\\/schema.org\",\"@graph\":[{\"@type\":\"NewsArticle\",\"@id\":\"https:\\\/\\\/www.webdo.tn\\\/fr\\\/actualite\\\/national\\\/saied-plusieurs-personnes-pretes-a-adherer-a-la-reconciliation-penale\\\/201048\\\/#article\",\"isPartOf\":{\"@id\":\"https:\\\/\\\/www.webdo.tn\\\/fr\\\/actualite\\\/national\\\/saied-plusieurs-personnes-pretes-a-adherer-a-la-reconciliation-penale\\\/201048\\\/\"},\"author\":{\"name\":\"CL\",\"@id\":\"https:\\\/\\\/www.webdo.tn\\\/fr\\\/#\\\/schema\\\/person\\\/f35b42a42c5e2511bbd282959d6385cc\"},\"headline\":\"Saied : \u00ab Plusieurs personnes pr\u00eates \u00e0 adh\u00e9rer \u00e0 la r\u00e9conciliation p\u00e9nale \u00bb\",\"datePublished\":\"2022-12-23T07:31:00+00:00\",\"dateModified\":\"2025-05-20T22:48:20+00:00\",\"mainEntityOfPage\":{\"@id\":\"https:\\\/\\\/www.webdo.tn\\\/fr\\\/actualite\\\/national\\\/saied-plusieurs-personnes-pretes-a-adherer-a-la-reconciliation-penale\\\/201048\\\/\"},\"wordCount\":221,\"commentCount\":0,\"publisher\":{\"@id\":\"https:\\\/\\\/www.webdo.tn\\\/fr\\\/#organization\"},\"image\":{\"@id\":\"https:\\\/\\\/www.webdo.tn\\\/fr\\\/actualite\\\/national\\\/saied-plusieurs-personnes-pretes-a-adherer-a-la-reconciliation-penale\\\/201048\\\/#primaryimage\"},\"thumbnailUrl\":\"https:\\\/\\\/www.webdo.tn\\\/fr\\\/wp-content\\\/uploads\\\/2022\\\/12\\\/afe952adb188adccb49a2f47c3d59c84.jpg\",\"keywords\":[\"Kais Saied\",\"r\u00e9conciliation p\u00e9nale\",\"Tunisie\"],\"articleSection\":[\"National\"],\"inLanguage\":\"fr-FR\"},{\"@type\":\"WebPage\",\"@id\":\"https:\\\/\\\/www.webdo.tn\\\/fr\\\/actualite\\\/national\\\/saied-plusieurs-personnes-pretes-a-adherer-a-la-reconciliation-penale\\\/201048\\\/\",\"url\":\"https:\\\/\\\/www.webdo.tn\\\/fr\\\/actualite\\\/national\\\/saied-plusieurs-personnes-pretes-a-adherer-a-la-reconciliation-penale\\\/201048\\\/\",\"name\":\"Saied : \u00ab Plusieurs personnes pr\u00eates \u00e0 adh\u00e9rer \u00e0 la r\u00e9conciliation p\u00e9nale \u00bb\",\"isPartOf\":{\"@id\":\"https:\\\/\\\/www.webdo.tn\\\/fr\\\/#website\"},\"primaryImageOfPage\":{\"@id\":\"https:\\\/\\\/www.webdo.tn\\\/fr\\\/actualite\\\/national\\\/saied-plusieurs-personnes-pretes-a-adherer-a-la-reconciliation-penale\\\/201048\\\/#primaryimage\"},\"image\":{\"@id\":\"https:\\\/\\\/www.webdo.tn\\\/fr\\\/actualite\\\/national\\\/saied-plusieurs-personnes-pretes-a-adherer-a-la-reconciliation-penale\\\/201048\\\/#primaryimage\"},\"thumbnailUrl\":\"https:\\\/\\\/www.webdo.tn\\\/fr\\\/wp-content\\\/uploads\\\/2022\\\/12\\\/afe952adb188adccb49a2f47c3d59c84.jpg\",\"datePublished\":\"2022-12-23T07:31:00+00:00\",\"dateModified\":\"2025-05-20T22:48:20+00:00\",\"description\":\"Il est imp\u00e9rieux que la Commission nationale de r\u00e9conciliation p\u00e9nale entame ses activit\u00e9s , a affirm\u00e9 le pr\u00e9sident de la R\u00e9publique, au cours de son entrevue,...\",\"breadcrumb\":{\"@id\":\"https:\\\/\\\/www.webdo.tn\\\/fr\\\/actualite\\\/national\\\/saied-plusieurs-personnes-pretes-a-adherer-a-la-reconciliation-penale\\\/201048\\\/#breadcrumb\"},\"inLanguage\":\"fr-FR\",\"potentialAction\":[{\"@type\":\"ReadAction\",\"target\":[\"https:\\\/\\\/www.webdo.tn\\\/fr\\\/actualite\\\/national\\\/saied-plusieurs-personnes-pretes-a-adherer-a-la-reconciliation-penale\\\/201048\\\/\"]}]},{\"@type\":\"ImageObject\",\"inLanguage\":\"fr-FR\",\"@id\":\"https:\\\/\\\/www.webdo.tn\\\/fr\\\/actualite\\\/national\\\/saied-plusieurs-personnes-pretes-a-adherer-a-la-reconciliation-penale\\\/201048\\\/#primaryimage\",\"url\":\"https:\\\/\\\/www.webdo.tn\\\/fr\\\/wp-content\\\/uploads\\\/2022\\\/12\\\/afe952adb188adccb49a2f47c3d59c84.jpg\",\"contentUrl\":\"https:\\\/\\\/www.webdo.tn\\\/fr\\\/wp-content\\\/uploads\\\/2022\\\/12\\\/afe952adb188adccb49a2f47c3d59c84.jpg\",\"width\":750,\"height\":400,\"caption\":\"Kais Saied\"},{\"@type\":\"BreadcrumbList\",\"@id\":\"https:\\\/\\\/www.webdo.tn\\\/fr\\\/actualite\\\/national\\\/saied-plusieurs-personnes-pretes-a-adherer-a-la-reconciliation-penale\\\/201048\\\/#breadcrumb\",\"itemListElement\":[{\"@type\":\"ListItem\",\"position\":1,\"name\":\"Accueil\",\"item\":\"https:\\\/\\\/www.webdo.tn\\\/fr\\\/\"},{\"@type\":\"ListItem\",\"position\":2,\"name\":\"Saied : \u00ab Plusieurs personnes pr\u00eates \u00e0 adh\u00e9rer \u00e0 la r\u00e9conciliation p\u00e9nale \u00bb\"}]},{\"@type\":\"WebSite\",\"@id\":\"https:\\\/\\\/www.webdo.tn\\\/fr\\\/#website\",\"url\":\"https:\\\/\\\/www.webdo.tn\\\/fr\\\/\",\"name\":\"webdo\",\"description\":\"Tunisie - News en Tunisie et \u00e0 l&#039;international sur Webdo.tn\",\"publisher\":{\"@id\":\"https:\\\/\\\/www.webdo.tn\\\/fr\\\/#organization\"},\"potentialAction\":[{\"@type\":\"SearchAction\",\"target\":{\"@type\":\"EntryPoint\",\"urlTemplate\":\"https:\\\/\\\/www.webdo.tn\\\/fr\\\/?s={search_term_string}\"},\"query-input\":{\"@type\":\"PropertyValueSpecification\",\"valueRequired\":true,\"valueName\":\"search_term_string\"}}],\"inLanguage\":\"fr-FR\"},{\"@type\":\"Organization\",\"@id\":\"https:\\\/\\\/www.webdo.tn\\\/fr\\\/#organization\",\"name\":\"Webdo\",\"alternateName\":\"Webdo.tn\",\"url\":\"https:\\\/\\\/www.webdo.tn\\\/fr\\\/\",\"logo\":{\"@type\":\"ImageObject\",\"inLanguage\":\"fr-FR\",\"@id\":\"https:\\\/\\\/www.webdo.tn\\\/fr\\\/#\\\/schema\\\/logo\\\/image\\\/\",\"url\":\"https:\\\/\\\/www.webdo.tn\\\/fr\\\/wp-content\\\/uploads\\\/2025\\\/06\\\/Webdo-Tunisie_168377.jpg\",\"contentUrl\":\"https:\\\/\\\/www.webdo.tn\\\/fr\\\/wp-content\\\/uploads\\\/2025\\\/06\\\/Webdo-Tunisie_168377.jpg\",\"width\":301,\"height\":301,\"caption\":\"Webdo\"},\"image\":{\"@id\":\"https:\\\/\\\/www.webdo.tn\\\/fr\\\/#\\\/schema\\\/logo\\\/image\\\/\"},\"sameAs\":[\"https:\\\/\\\/www.facebook.com\\\/webdotn\",\"https:\\\/\\\/x.com\\\/webdo_tn\"],\"description\":\"Webdo est un m\u00e9dia num\u00e9rique tunisien fond\u00e9 en 2010, sp\u00e9cialis\u00e9 dans l\u2019actualit\u00e9 nationale et internationale, l\u2019\u00e9conomie, la soci\u00e9t\u00e9 et les analyses politiques. Le site s\u2019adresse \u00e0 un large public francophone et couvre l\u2019information tunisienne en temps r\u00e9el.\",\"email\":\"redac@webdo.tn\",\"legalName\":\"YNJ SARL\",\"foundingDate\":\"2010-09-06\",\"numberOfEmployees\":{\"@type\":\"QuantitativeValue\",\"minValue\":\"11\",\"maxValue\":\"50\"}},{\"@type\":\"Person\",\"@id\":\"https:\\\/\\\/www.webdo.tn\\\/fr\\\/#\\\/schema\\\/person\\\/f35b42a42c5e2511bbd282959d6385cc\",\"name\":\"CL\",\"image\":{\"@type\":\"ImageObject\",\"inLanguage\":\"fr-FR\",\"@id\":\"https:\\\/\\\/secure.gravatar.com\\\/avatar\\\/1447a49909b67aa657c488aec6512e1dd6143a480c1ecfee9b5b5cd74eb3b59e?s=96&d=mm&r=g\",\"url\":\"https:\\\/\\\/secure.gravatar.com\\\/avatar\\\/1447a49909b67aa657c488aec6512e1dd6143a480c1ecfee9b5b5cd74eb3b59e?s=96&d=mm&r=g\",\"contentUrl\":\"https:\\\/\\\/secure.gravatar.com\\\/avatar\\\/1447a49909b67aa657c488aec6512e1dd6143a480c1ecfee9b5b5cd74eb3b59e?s=96&d=mm&r=g\",\"caption\":\"CL\"},\"url\":\"https:\\\/\\\/www.webdo.tn\\\/fr\\\/actualite\\\/author\\\/cl\\\/\"}]}<\/script>\n<!-- \/ Yoast SEO Premium plugin. -->","yoast_head_json":{"title":"Saied : \u00ab Plusieurs personnes pr\u00eates \u00e0 adh\u00e9rer \u00e0 la r\u00e9conciliation p\u00e9nale \u00bb","description":"Il est imp\u00e9rieux que la Commission nationale de r\u00e9conciliation p\u00e9nale entame ses activit\u00e9s , a affirm\u00e9 le pr\u00e9sident de la R\u00e9publique, au cours de son entrevue,...","canonical":"https:\/\/www.webdo.tn\/fr\/actualite\/national\/saied-plusieurs-personnes-pretes-a-adherer-a-la-reconciliation-penale\/201048\/","og_locale":"fr_FR","og_type":"article","og_title":"Saied : \u00ab Plusieurs personnes pr\u00eates \u00e0 adh\u00e9rer \u00e0 la r\u00e9conciliation p\u00e9nale \u00bb","og_description":"Il est imp\u00e9rieux que la Commission nationale de r\u00e9conciliation p\u00e9nale entame ses activit\u00e9s , a affirm\u00e9 le pr\u00e9sident de la R\u00e9publique, au cours de son entrevue,...","og_url":"https:\/\/www.webdo.tn\/fr\/actualite\/national\/saied-plusieurs-personnes-pretes-a-adherer-a-la-reconciliation-penale\/201048\/","og_site_name":"webdo","article_publisher":"https:\/\/www.facebook.com\/webdotn","article_published_time":"2022-12-23T07:31:00+00:00","article_modified_time":"2025-05-20T22:48:20+00:00","og_image":[{"width":750,"height":400,"url":"https:\/\/www.webdo.tn\/fr\/wp-content\/uploads\/2022\/12\/afe952adb188adccb49a2f47c3d59c84.jpg","type":"image\/jpeg"}],"author":"CL","twitter_card":"summary_large_image","twitter_creator":"@webdo_tn","twitter_site":"@webdo_tn","twitter_misc":{"\u00c9crit par":"CL","Dur\u00e9e de lecture estim\u00e9e":"1 minute"},"schema":{"@context":"https:\/\/schema.org","@graph":[{"@type":"NewsArticle","@id":"https:\/\/www.webdo.tn\/fr\/actualite\/national\/saied-plusieurs-personnes-pretes-a-adherer-a-la-reconciliation-penale\/201048\/#article","isPartOf":{"@id":"https:\/\/www.webdo.tn\/fr\/actualite\/national\/saied-plusieurs-personnes-pretes-a-adherer-a-la-reconciliation-penale\/201048\/"},"author":{"name":"CL","@id":"https:\/\/www.webdo.tn\/fr\/#\/schema\/person\/f35b42a42c5e2511bbd282959d6385cc"},"headline":"Saied : \u00ab Plusieurs personnes pr\u00eates \u00e0 adh\u00e9rer \u00e0 la r\u00e9conciliation p\u00e9nale \u00bb","datePublished":"2022-12-23T07:31:00+00:00","dateModified":"2025-05-20T22:48:20+00:00","mainEntityOfPage":{"@id":"https:\/\/www.webdo.tn\/fr\/actualite\/national\/saied-plusieurs-personnes-pretes-a-adherer-a-la-reconciliation-penale\/201048\/"},"wordCount":221,"commentCount":0,"publisher":{"@id":"https:\/\/www.webdo.tn\/fr\/#organization"},"image":{"@id":"https:\/\/www.webdo.tn\/fr\/actualite\/national\/saied-plusieurs-personnes-pretes-a-adherer-a-la-reconciliation-penale\/201048\/#primaryimage"},"thumbnailUrl":"https:\/\/www.webdo.tn\/fr\/wp-content\/uploads\/2022\/12\/afe952adb188adccb49a2f47c3d59c84.jpg","keywords":["Kais Saied","r\u00e9conciliation p\u00e9nale","Tunisie"],"articleSection":["National"],"inLanguage":"fr-FR"},{"@type":"WebPage","@id":"https:\/\/www.webdo.tn\/fr\/actualite\/national\/saied-plusieurs-personnes-pretes-a-adherer-a-la-reconciliation-penale\/201048\/","url":"https:\/\/www.webdo.tn\/fr\/actualite\/national\/saied-plusieurs-personnes-pretes-a-adherer-a-la-reconciliation-penale\/201048\/","name":"Saied : \u00ab Plusieurs personnes pr\u00eates \u00e0 adh\u00e9rer \u00e0 la r\u00e9conciliation p\u00e9nale \u00bb","isPartOf":{"@id":"https:\/\/www.webdo.tn\/fr\/#website"},"primaryImageOfPage":{"@id":"https:\/\/www.webdo.tn\/fr\/actualite\/national\/saied-plusieurs-personnes-pretes-a-adherer-a-la-reconciliation-penale\/201048\/#primaryimage"},"image":{"@id":"https:\/\/www.webdo.tn\/fr\/actualite\/national\/saied-plusieurs-personnes-pretes-a-adherer-a-la-reconciliation-penale\/201048\/#primaryimage"},"thumbnailUrl":"https:\/\/www.webdo.tn\/fr\/wp-content\/uploads\/2022\/12\/afe952adb188adccb49a2f47c3d59c84.jpg","datePublished":"2022-12-23T07:31:00+00:00","dateModified":"2025-05-20T22:48:20+00:00","description":"Il est imp\u00e9rieux que la Commission nationale de r\u00e9conciliation p\u00e9nale entame ses activit\u00e9s , a affirm\u00e9 le pr\u00e9sident de la R\u00e9publique, au cours de son entrevue,...","breadcrumb":{"@id":"https:\/\/www.webdo.tn\/fr\/actualite\/national\/saied-plusieurs-personnes-pretes-a-adherer-a-la-reconciliation-penale\/201048\/#breadcrumb"},"inLanguage":"fr-FR","potentialAction":[{"@type":"ReadAction","target":["https:\/\/www.webdo.tn\/fr\/actualite\/national\/saied-plusieurs-personnes-pretes-a-adherer-a-la-reconciliation-penale\/201048\/"]}]},{"@type":"ImageObject","inLanguage":"fr-FR","@id":"https:\/\/www.webdo.tn\/fr\/actualite\/national\/saied-plusieurs-personnes-pretes-a-adherer-a-la-reconciliation-penale\/201048\/#primaryimage","url":"https:\/\/www.webdo.tn\/fr\/wp-content\/uploads\/2022\/12\/afe952adb188adccb49a2f47c3d59c84.jpg","contentUrl":"https:\/\/www.webdo.tn\/fr\/wp-content\/uploads\/2022\/12\/afe952adb188adccb49a2f47c3d59c84.jpg","width":750,"height":400,"caption":"Kais Saied"},{"@type":"BreadcrumbList","@id":"https:\/\/www.webdo.tn\/fr\/actualite\/national\/saied-plusieurs-personnes-pretes-a-adherer-a-la-reconciliation-penale\/201048\/#breadcrumb","itemListElement":[{"@type":"ListItem","position":1,"name":"Accueil","item":"https:\/\/www.webdo.tn\/fr\/"},{"@type":"ListItem","position":2,"name":"Saied : \u00ab Plusieurs personnes pr\u00eates \u00e0 adh\u00e9rer \u00e0 la r\u00e9conciliation p\u00e9nale \u00bb"}]},{"@type":"WebSite","@id":"https:\/\/www.webdo.tn\/fr\/#website","url":"https:\/\/www.webdo.tn\/fr\/","name":"webdo","description":"Tunisie - News en Tunisie et \u00e0 l&#039;international sur Webdo.tn","publisher":{"@id":"https:\/\/www.webdo.tn\/fr\/#organization"},"potentialAction":[{"@type":"SearchAction","target":{"@type":"EntryPoint","urlTemplate":"https:\/\/www.webdo.tn\/fr\/?s={search_term_string}"},"query-input":{"@type":"PropertyValueSpecification","valueRequired":true,"valueName":"search_term_string"}}],"inLanguage":"fr-FR"},{"@type":"Organization","@id":"https:\/\/www.webdo.tn\/fr\/#organization","name":"Webdo","alternateName":"Webdo.tn","url":"https:\/\/www.webdo.tn\/fr\/","logo":{"@type":"ImageObject","inLanguage":"fr-FR","@id":"https:\/\/www.webdo.tn\/fr\/#\/schema\/logo\/image\/","url":"https:\/\/www.webdo.tn\/fr\/wp-content\/uploads\/2025\/06\/Webdo-Tunisie_168377.jpg","contentUrl":"https:\/\/www.webdo.tn\/fr\/wp-content\/uploads\/2025\/06\/Webdo-Tunisie_168377.jpg","width":301,"height":301,"caption":"Webdo"},"image":{"@id":"https:\/\/www.webdo.tn\/fr\/#\/schema\/logo\/image\/"},"sameAs":["https:\/\/www.facebook.com\/webdotn","https:\/\/x.com\/webdo_tn"],"description":"Webdo est un m\u00e9dia num\u00e9rique tunisien fond\u00e9 en 2010, sp\u00e9cialis\u00e9 dans l\u2019actualit\u00e9 nationale et internationale, l\u2019\u00e9conomie, la soci\u00e9t\u00e9 et les analyses politiques. Le site s\u2019adresse \u00e0 un large public francophone et couvre l\u2019information tunisienne en temps r\u00e9el.","email":"redac@webdo.tn","legalName":"YNJ SARL","foundingDate":"2010-09-06","numberOfEmployees":{"@type":"QuantitativeValue","minValue":"11","maxValue":"50"}},{"@type":"Person","@id":"https:\/\/www.webdo.tn\/fr\/#\/schema\/person\/f35b42a42c5e2511bbd282959d6385cc","name":"CL","image":{"@type":"ImageObject","inLanguage":"fr-FR","@id":"https:\/\/secure.gravatar.com\/avatar\/1447a49909b67aa657c488aec6512e1dd6143a480c1ecfee9b5b5cd74eb3b59e?s=96&d=mm&r=g","url":"https:\/\/secure.gravatar.com\/avatar\/1447a49909b67aa657c488aec6512e1dd6143a480c1ecfee9b5b5cd74eb3b59e?s=96&d=mm&r=g","contentUrl":"https:\/\/secure.gravatar.com\/avatar\/1447a49909b67aa657c488aec6512e1dd6143a480c1ecfee9b5b5cd74eb3b59e?s=96&d=mm&r=g","caption":"CL"},"url":"https:\/\/www.webdo.tn\/fr\/actualite\/author\/cl\/"}]}},"_links":{"self":[{"href":"https:\/\/www.webdo.tn\/fr\/wp-json\/wp\/v2\/posts\/201048","targetHints":{"allow":["GET"]}}],"collection":[{"href":"https:\/\/www.webdo.tn\/fr\/wp-json\/wp\/v2\/posts"}],"about":[{"href":"https:\/\/www.webdo.tn\/fr\/wp-json\/wp\/v2\/types\/post"}],"author":[{"embeddable":true,"href":"https:\/\/www.webdo.tn\/fr\/wp-json\/wp\/v2\/users\/3175"}],"replies":[{"embeddable":true,"href":"https:\/\/www.webdo.tn\/fr\/wp-json\/wp\/v2\/comments?post=201048"}],"version-history":[{"count":0,"href":"https:\/\/www.webdo.tn\/fr\/wp-json\/wp\/v2\/posts\/201048\/revisions"}],"wp:featuredmedia":[{"embeddable":true,"href":"https:\/\/www.webdo.tn\/fr\/wp-json\/wp\/v2\/media\/277426"}],"wp:attachment":[{"href":"https:\/\/www.webdo.tn\/fr\/wp-json\/wp\/v2\/media?parent=201048"}],"wp:term":[{"taxonomy":"category","embeddable":true,"href":"https:\/\/www.webdo.tn\/fr\/wp-json\/wp\/v2\/categories?post=201048"},{"taxonomy":"post_tag","embeddable":true,"href":"https:\/\/www.webdo.tn\/fr\/wp-json\/wp\/v2\/tags?post=201048"}],"curies":[{"name":"wp","href":"https:\/\/api.w.org\/{rel}","templated":true}]}}