{"id":201042,"date":"2022-12-22T20:15:00","date_gmt":"2022-12-22T20:15:00","guid":{"rendered":"https:\/\/www.webdo.tn\/fr\/blog\/greve-des-taxis-individuels-le-2-janvier-dans-le-grand-tunis\/201042\/"},"modified":"2025-05-20T22:46:26","modified_gmt":"2025-05-20T22:46:26","slug":"greve-des-taxis-individuels-le-2-janvier-dans-le-grand-tunis","status":"publish","type":"post","link":"https:\/\/www.webdo.tn\/fr\/actualite\/national\/greve-des-taxis-individuels-le-2-janvier-dans-le-grand-tunis\/201042\/","title":{"rendered":"Gr\u00e8ve des taxis individuels le 2 janvier dans le Grand-Tunis"},"content":{"rendered":"<p>Les chambres r\u00e9gionales des taxis individuels des gouvernorats de Tunis, d\u2019Ariana, de Ben Arous et de Manouba, ont d\u00e9cid\u00e9 d\u2019observer une gr\u00e8ve tout au long de la journ\u00e9e du 2 janvier 2023, pour d\u00e9noncer le retard du gouvernement dans la publication du d\u00e9cret n\u00b02202, relatif \u00e0 l\u2019octroi des autorisations pour l\u2019exercice de ce m\u00e9tier.<\/p>\n<p>\t\t\t\t\t\t\t\t\tLes chambres relavant de l\u2019UTICA ont ajout\u00e9 dans un communiqu\u00e9 commun publi\u00e9 jeudi que la gr\u00e8ve a pour but de revendiquer l\u2019acc\u00e9l\u00e9ration de la publication de ce d\u00e9cret qui repr\u00e9sente le motif de plusieurs protestations pr\u00e9c\u00e9dentes.<\/p>\n<p>Le pr\u00e9sident de la chambre r\u00e9gionale des taxis individuels du gouvernorat d\u2019Ariana, Ali Turkia a fait savoir dans une d\u00e9claration \u00e0 l\u2019Agence TAP, que les professionnels du secteur des taxis soit des propri\u00e9taires ou des conducteurs, attendent la publication de ce d\u00e9cret depuis pr\u00e8s de 20 mois.<\/p>\n<p>Il a fait observer que le gouvernorat s\u2019est engag\u00e9 le 8 novembre 2022, \u00e0 publier ce d\u00e9cret avant les \u00e9lections l\u00e9gislatives, correspondant au 17 d\u00e9cembre 2022, apr\u00e8s sa soumission \u00e0 un conseil minist\u00e9riel pour approbation, sachant que ce d\u00e9cret a \u00e9t\u00e9 discut\u00e9 et peaufin\u00e9 auparavant avec les professionnels.<\/p>\n<p>D\u2019apr\u00e8s Turkia, plus de 5 mille demandes ont \u00e9t\u00e9 pr\u00e9sent\u00e9es pour l\u2019obtention des autorisations de taxis dans les gouvernorats du Grand Tunis, en attendant l\u2019approbation apr\u00e8s ce retard subi pour la publication du d\u00e9cret n\u00b02202, organisant l\u2019op\u00e9ration de l\u2019octroi des autorisations.<\/p>\n","protected":false},"excerpt":{"rendered":"<p>Les chambres r\u00e9gionales des taxis individuels des gouvernorats de Tunis, d\u2019Ariana, de Ben Arous et de Manouba, ont d\u00e9cid\u00e9 d\u2019observer une gr\u00e8ve tout au long de l&#8230;<\/p>\n","protected":false},"author":3175,"featured_media":252771,"comment_status":"open","ping_status":"closed","sticky":false,"template":"","format":"standard","meta":{"footnotes":""},"categories":[44],"tags":[2647,2648,2640,2608],"class_list":["post-201042","post","type-post","status-publish","format-standard","has-post-thumbnail","hentry","category-national","tag-greve","tag-taxi","tag-tunis","tag-tunisie"],"yoast_head":"<!-- This site is optimized with the Yoast SEO Premium plugin v27.4 (Yoast SEO v27.5) - https:\/\/yoast.com\/product\/yoast-seo-premium-wordpress\/ -->\n<title>Gr\u00e8ve des taxis individuels le 2 janvier dans le Grand-Tunis<\/title>\n<meta name=\"description\" content=\"Les chambres r\u00e9gionales des taxis individuels des gouvernorats de Tunis, d\u2019Ariana, de Ben Arous et de Manouba, ont d\u00e9cid\u00e9 d\u2019observer une gr\u00e8ve tout au long de l...\" \/>\n<link rel=\"canonical\" href=\"https:\/\/www.webdo.tn\/fr\/actualite\/national\/greve-des-taxis-individuels-le-2-janvier-dans-le-grand-tunis\/201042\/\" \/>\n<meta property=\"og:locale\" content=\"fr_FR\" \/>\n<meta property=\"og:type\" content=\"article\" \/>\n<meta property=\"og:title\" content=\"Gr\u00e8ve des taxis individuels le 2 janvier dans le Grand-Tunis\" \/>\n<meta property=\"og:description\" content=\"Les chambres r\u00e9gionales des taxis individuels des gouvernorats de Tunis, d\u2019Ariana, de Ben Arous et de Manouba, ont d\u00e9cid\u00e9 d\u2019observer une gr\u00e8ve tout au long de l...\" \/>\n<meta property=\"og:url\" content=\"https:\/\/www.webdo.tn\/fr\/actualite\/national\/greve-des-taxis-individuels-le-2-janvier-dans-le-grand-tunis\/201042\/\" \/>\n<meta property=\"og:site_name\" content=\"webdo\" \/>\n<meta property=\"article:publisher\" content=\"https:\/\/www.facebook.com\/webdotn\" \/>\n<meta property=\"article:published_time\" content=\"2022-12-22T20:15:00+00:00\" \/>\n<meta property=\"article:modified_time\" content=\"2025-05-20T22:46:26+00:00\" \/>\n<meta property=\"og:image\" content=\"https:\/\/www.webdo.tn\/fr\/wp-content\/uploads\/2022\/12\/4fdaa717bec4c2cddd94f056e238fa8b.jpg\" \/>\n\t<meta property=\"og:image:width\" content=\"750\" \/>\n\t<meta property=\"og:image:height\" content=\"400\" \/>\n\t<meta property=\"og:image:type\" content=\"image\/jpeg\" \/>\n<meta name=\"author\" content=\"CL\" \/>\n<meta name=\"twitter:card\" content=\"summary_large_image\" \/>\n<meta name=\"twitter:creator\" content=\"@webdo_tn\" \/>\n<meta name=\"twitter:site\" content=\"@webdo_tn\" \/>\n<meta name=\"twitter:label1\" content=\"\u00c9crit par\" \/>\n\t<meta name=\"twitter:data1\" content=\"CL\" \/>\n\t<meta name=\"twitter:label2\" content=\"Dur\u00e9e de lecture estim\u00e9e\" \/>\n\t<meta name=\"twitter:data2\" content=\"1 minute\" \/>\n<script type=\"application\/ld+json\" class=\"yoast-schema-graph\">{\"@context\":\"https:\\\/\\\/schema.org\",\"@graph\":[{\"@type\":\"NewsArticle\",\"@id\":\"https:\\\/\\\/www.webdo.tn\\\/fr\\\/actualite\\\/national\\\/greve-des-taxis-individuels-le-2-janvier-dans-le-grand-tunis\\\/201042\\\/#article\",\"isPartOf\":{\"@id\":\"https:\\\/\\\/www.webdo.tn\\\/fr\\\/actualite\\\/national\\\/greve-des-taxis-individuels-le-2-janvier-dans-le-grand-tunis\\\/201042\\\/\"},\"author\":{\"name\":\"CL\",\"@id\":\"https:\\\/\\\/www.webdo.tn\\\/fr\\\/#\\\/schema\\\/person\\\/f35b42a42c5e2511bbd282959d6385cc\"},\"headline\":\"Gr\u00e8ve des taxis individuels le 2 janvier dans le Grand-Tunis\",\"datePublished\":\"2022-12-22T20:15:00+00:00\",\"dateModified\":\"2025-05-20T22:46:26+00:00\",\"mainEntityOfPage\":{\"@id\":\"https:\\\/\\\/www.webdo.tn\\\/fr\\\/actualite\\\/national\\\/greve-des-taxis-individuels-le-2-janvier-dans-le-grand-tunis\\\/201042\\\/\"},\"wordCount\":270,\"commentCount\":0,\"publisher\":{\"@id\":\"https:\\\/\\\/www.webdo.tn\\\/fr\\\/#organization\"},\"image\":{\"@id\":\"https:\\\/\\\/www.webdo.tn\\\/fr\\\/actualite\\\/national\\\/greve-des-taxis-individuels-le-2-janvier-dans-le-grand-tunis\\\/201042\\\/#primaryimage\"},\"thumbnailUrl\":\"https:\\\/\\\/www.webdo.tn\\\/fr\\\/wp-content\\\/uploads\\\/2022\\\/12\\\/4fdaa717bec4c2cddd94f056e238fa8b.jpg\",\"keywords\":[\"Gr\u00e8ve\",\"Taxi\",\"Tunis\",\"Tunisie\"],\"articleSection\":[\"National\"],\"inLanguage\":\"fr-FR\"},{\"@type\":\"WebPage\",\"@id\":\"https:\\\/\\\/www.webdo.tn\\\/fr\\\/actualite\\\/national\\\/greve-des-taxis-individuels-le-2-janvier-dans-le-grand-tunis\\\/201042\\\/\",\"url\":\"https:\\\/\\\/www.webdo.tn\\\/fr\\\/actualite\\\/national\\\/greve-des-taxis-individuels-le-2-janvier-dans-le-grand-tunis\\\/201042\\\/\",\"name\":\"Gr\u00e8ve des taxis individuels le 2 janvier dans le Grand-Tunis\",\"isPartOf\":{\"@id\":\"https:\\\/\\\/www.webdo.tn\\\/fr\\\/#website\"},\"primaryImageOfPage\":{\"@id\":\"https:\\\/\\\/www.webdo.tn\\\/fr\\\/actualite\\\/national\\\/greve-des-taxis-individuels-le-2-janvier-dans-le-grand-tunis\\\/201042\\\/#primaryimage\"},\"image\":{\"@id\":\"https:\\\/\\\/www.webdo.tn\\\/fr\\\/actualite\\\/national\\\/greve-des-taxis-individuels-le-2-janvier-dans-le-grand-tunis\\\/201042\\\/#primaryimage\"},\"thumbnailUrl\":\"https:\\\/\\\/www.webdo.tn\\\/fr\\\/wp-content\\\/uploads\\\/2022\\\/12\\\/4fdaa717bec4c2cddd94f056e238fa8b.jpg\",\"datePublished\":\"2022-12-22T20:15:00+00:00\",\"dateModified\":\"2025-05-20T22:46:26+00:00\",\"description\":\"Les chambres r\u00e9gionales des taxis individuels des gouvernorats de Tunis, d\u2019Ariana, de Ben Arous et de Manouba, ont d\u00e9cid\u00e9 d\u2019observer une gr\u00e8ve tout au long de l...\",\"breadcrumb\":{\"@id\":\"https:\\\/\\\/www.webdo.tn\\\/fr\\\/actualite\\\/national\\\/greve-des-taxis-individuels-le-2-janvier-dans-le-grand-tunis\\\/201042\\\/#breadcrumb\"},\"inLanguage\":\"fr-FR\",\"potentialAction\":[{\"@type\":\"ReadAction\",\"target\":[\"https:\\\/\\\/www.webdo.tn\\\/fr\\\/actualite\\\/national\\\/greve-des-taxis-individuels-le-2-janvier-dans-le-grand-tunis\\\/201042\\\/\"]}]},{\"@type\":\"ImageObject\",\"inLanguage\":\"fr-FR\",\"@id\":\"https:\\\/\\\/www.webdo.tn\\\/fr\\\/actualite\\\/national\\\/greve-des-taxis-individuels-le-2-janvier-dans-le-grand-tunis\\\/201042\\\/#primaryimage\",\"url\":\"https:\\\/\\\/www.webdo.tn\\\/fr\\\/wp-content\\\/uploads\\\/2022\\\/12\\\/4fdaa717bec4c2cddd94f056e238fa8b.jpg\",\"contentUrl\":\"https:\\\/\\\/www.webdo.tn\\\/fr\\\/wp-content\\\/uploads\\\/2022\\\/12\\\/4fdaa717bec4c2cddd94f056e238fa8b.jpg\",\"width\":750,\"height\":400,\"caption\":\"Gr\u00e8ve Taxis\"},{\"@type\":\"BreadcrumbList\",\"@id\":\"https:\\\/\\\/www.webdo.tn\\\/fr\\\/actualite\\\/national\\\/greve-des-taxis-individuels-le-2-janvier-dans-le-grand-tunis\\\/201042\\\/#breadcrumb\",\"itemListElement\":[{\"@type\":\"ListItem\",\"position\":1,\"name\":\"Accueil\",\"item\":\"https:\\\/\\\/www.webdo.tn\\\/fr\\\/\"},{\"@type\":\"ListItem\",\"position\":2,\"name\":\"Gr\u00e8ve des taxis individuels le 2 janvier dans le Grand-Tunis\"}]},{\"@type\":\"WebSite\",\"@id\":\"https:\\\/\\\/www.webdo.tn\\\/fr\\\/#website\",\"url\":\"https:\\\/\\\/www.webdo.tn\\\/fr\\\/\",\"name\":\"webdo\",\"description\":\"Tunisie - News en Tunisie et \u00e0 l&#039;international sur Webdo.tn\",\"publisher\":{\"@id\":\"https:\\\/\\\/www.webdo.tn\\\/fr\\\/#organization\"},\"potentialAction\":[{\"@type\":\"SearchAction\",\"target\":{\"@type\":\"EntryPoint\",\"urlTemplate\":\"https:\\\/\\\/www.webdo.tn\\\/fr\\\/?s={search_term_string}\"},\"query-input\":{\"@type\":\"PropertyValueSpecification\",\"valueRequired\":true,\"valueName\":\"search_term_string\"}}],\"inLanguage\":\"fr-FR\"},{\"@type\":\"Organization\",\"@id\":\"https:\\\/\\\/www.webdo.tn\\\/fr\\\/#organization\",\"name\":\"Webdo\",\"alternateName\":\"Webdo.tn\",\"url\":\"https:\\\/\\\/www.webdo.tn\\\/fr\\\/\",\"logo\":{\"@type\":\"ImageObject\",\"inLanguage\":\"fr-FR\",\"@id\":\"https:\\\/\\\/www.webdo.tn\\\/fr\\\/#\\\/schema\\\/logo\\\/image\\\/\",\"url\":\"https:\\\/\\\/www.webdo.tn\\\/fr\\\/wp-content\\\/uploads\\\/2025\\\/06\\\/Webdo-Tunisie_168377.jpg\",\"contentUrl\":\"https:\\\/\\\/www.webdo.tn\\\/fr\\\/wp-content\\\/uploads\\\/2025\\\/06\\\/Webdo-Tunisie_168377.jpg\",\"width\":301,\"height\":301,\"caption\":\"Webdo\"},\"image\":{\"@id\":\"https:\\\/\\\/www.webdo.tn\\\/fr\\\/#\\\/schema\\\/logo\\\/image\\\/\"},\"sameAs\":[\"https:\\\/\\\/www.facebook.com\\\/webdotn\",\"https:\\\/\\\/x.com\\\/webdo_tn\"],\"description\":\"Webdo est un m\u00e9dia num\u00e9rique tunisien fond\u00e9 en 2010, sp\u00e9cialis\u00e9 dans l\u2019actualit\u00e9 nationale et internationale, l\u2019\u00e9conomie, la soci\u00e9t\u00e9 et les analyses politiques. Le site s\u2019adresse \u00e0 un large public francophone et couvre l\u2019information tunisienne en temps r\u00e9el.\",\"email\":\"redac@webdo.tn\",\"legalName\":\"YNJ SARL\",\"foundingDate\":\"2010-09-06\",\"numberOfEmployees\":{\"@type\":\"QuantitativeValue\",\"minValue\":\"11\",\"maxValue\":\"50\"}},{\"@type\":\"Person\",\"@id\":\"https:\\\/\\\/www.webdo.tn\\\/fr\\\/#\\\/schema\\\/person\\\/f35b42a42c5e2511bbd282959d6385cc\",\"name\":\"CL\",\"image\":{\"@type\":\"ImageObject\",\"inLanguage\":\"fr-FR\",\"@id\":\"https:\\\/\\\/secure.gravatar.com\\\/avatar\\\/1447a49909b67aa657c488aec6512e1dd6143a480c1ecfee9b5b5cd74eb3b59e?s=96&d=mm&r=g\",\"url\":\"https:\\\/\\\/secure.gravatar.com\\\/avatar\\\/1447a49909b67aa657c488aec6512e1dd6143a480c1ecfee9b5b5cd74eb3b59e?s=96&d=mm&r=g\",\"contentUrl\":\"https:\\\/\\\/secure.gravatar.com\\\/avatar\\\/1447a49909b67aa657c488aec6512e1dd6143a480c1ecfee9b5b5cd74eb3b59e?s=96&d=mm&r=g\",\"caption\":\"CL\"},\"url\":\"https:\\\/\\\/www.webdo.tn\\\/fr\\\/actualite\\\/author\\\/cl\\\/\"}]}<\/script>\n<!-- \/ Yoast SEO Premium plugin. -->","yoast_head_json":{"title":"Gr\u00e8ve des taxis individuels le 2 janvier dans le Grand-Tunis","description":"Les chambres r\u00e9gionales des taxis individuels des gouvernorats de Tunis, d\u2019Ariana, de Ben Arous et de Manouba, ont d\u00e9cid\u00e9 d\u2019observer une gr\u00e8ve tout au long de l...","canonical":"https:\/\/www.webdo.tn\/fr\/actualite\/national\/greve-des-taxis-individuels-le-2-janvier-dans-le-grand-tunis\/201042\/","og_locale":"fr_FR","og_type":"article","og_title":"Gr\u00e8ve des taxis individuels le 2 janvier dans le Grand-Tunis","og_description":"Les chambres r\u00e9gionales des taxis individuels des gouvernorats de Tunis, d\u2019Ariana, de Ben Arous et de Manouba, ont d\u00e9cid\u00e9 d\u2019observer une gr\u00e8ve tout au long de l...","og_url":"https:\/\/www.webdo.tn\/fr\/actualite\/national\/greve-des-taxis-individuels-le-2-janvier-dans-le-grand-tunis\/201042\/","og_site_name":"webdo","article_publisher":"https:\/\/www.facebook.com\/webdotn","article_published_time":"2022-12-22T20:15:00+00:00","article_modified_time":"2025-05-20T22:46:26+00:00","og_image":[{"width":750,"height":400,"url":"https:\/\/www.webdo.tn\/fr\/wp-content\/uploads\/2022\/12\/4fdaa717bec4c2cddd94f056e238fa8b.jpg","type":"image\/jpeg"}],"author":"CL","twitter_card":"summary_large_image","twitter_creator":"@webdo_tn","twitter_site":"@webdo_tn","twitter_misc":{"\u00c9crit par":"CL","Dur\u00e9e de lecture estim\u00e9e":"1 minute"},"schema":{"@context":"https:\/\/schema.org","@graph":[{"@type":"NewsArticle","@id":"https:\/\/www.webdo.tn\/fr\/actualite\/national\/greve-des-taxis-individuels-le-2-janvier-dans-le-grand-tunis\/201042\/#article","isPartOf":{"@id":"https:\/\/www.webdo.tn\/fr\/actualite\/national\/greve-des-taxis-individuels-le-2-janvier-dans-le-grand-tunis\/201042\/"},"author":{"name":"CL","@id":"https:\/\/www.webdo.tn\/fr\/#\/schema\/person\/f35b42a42c5e2511bbd282959d6385cc"},"headline":"Gr\u00e8ve des taxis individuels le 2 janvier dans le Grand-Tunis","datePublished":"2022-12-22T20:15:00+00:00","dateModified":"2025-05-20T22:46:26+00:00","mainEntityOfPage":{"@id":"https:\/\/www.webdo.tn\/fr\/actualite\/national\/greve-des-taxis-individuels-le-2-janvier-dans-le-grand-tunis\/201042\/"},"wordCount":270,"commentCount":0,"publisher":{"@id":"https:\/\/www.webdo.tn\/fr\/#organization"},"image":{"@id":"https:\/\/www.webdo.tn\/fr\/actualite\/national\/greve-des-taxis-individuels-le-2-janvier-dans-le-grand-tunis\/201042\/#primaryimage"},"thumbnailUrl":"https:\/\/www.webdo.tn\/fr\/wp-content\/uploads\/2022\/12\/4fdaa717bec4c2cddd94f056e238fa8b.jpg","keywords":["Gr\u00e8ve","Taxi","Tunis","Tunisie"],"articleSection":["National"],"inLanguage":"fr-FR"},{"@type":"WebPage","@id":"https:\/\/www.webdo.tn\/fr\/actualite\/national\/greve-des-taxis-individuels-le-2-janvier-dans-le-grand-tunis\/201042\/","url":"https:\/\/www.webdo.tn\/fr\/actualite\/national\/greve-des-taxis-individuels-le-2-janvier-dans-le-grand-tunis\/201042\/","name":"Gr\u00e8ve des taxis individuels le 2 janvier dans le Grand-Tunis","isPartOf":{"@id":"https:\/\/www.webdo.tn\/fr\/#website"},"primaryImageOfPage":{"@id":"https:\/\/www.webdo.tn\/fr\/actualite\/national\/greve-des-taxis-individuels-le-2-janvier-dans-le-grand-tunis\/201042\/#primaryimage"},"image":{"@id":"https:\/\/www.webdo.tn\/fr\/actualite\/national\/greve-des-taxis-individuels-le-2-janvier-dans-le-grand-tunis\/201042\/#primaryimage"},"thumbnailUrl":"https:\/\/www.webdo.tn\/fr\/wp-content\/uploads\/2022\/12\/4fdaa717bec4c2cddd94f056e238fa8b.jpg","datePublished":"2022-12-22T20:15:00+00:00","dateModified":"2025-05-20T22:46:26+00:00","description":"Les chambres r\u00e9gionales des taxis individuels des gouvernorats de Tunis, d\u2019Ariana, de Ben Arous et de Manouba, ont d\u00e9cid\u00e9 d\u2019observer une gr\u00e8ve tout au long de l...","breadcrumb":{"@id":"https:\/\/www.webdo.tn\/fr\/actualite\/national\/greve-des-taxis-individuels-le-2-janvier-dans-le-grand-tunis\/201042\/#breadcrumb"},"inLanguage":"fr-FR","potentialAction":[{"@type":"ReadAction","target":["https:\/\/www.webdo.tn\/fr\/actualite\/national\/greve-des-taxis-individuels-le-2-janvier-dans-le-grand-tunis\/201042\/"]}]},{"@type":"ImageObject","inLanguage":"fr-FR","@id":"https:\/\/www.webdo.tn\/fr\/actualite\/national\/greve-des-taxis-individuels-le-2-janvier-dans-le-grand-tunis\/201042\/#primaryimage","url":"https:\/\/www.webdo.tn\/fr\/wp-content\/uploads\/2022\/12\/4fdaa717bec4c2cddd94f056e238fa8b.jpg","contentUrl":"https:\/\/www.webdo.tn\/fr\/wp-content\/uploads\/2022\/12\/4fdaa717bec4c2cddd94f056e238fa8b.jpg","width":750,"height":400,"caption":"Gr\u00e8ve Taxis"},{"@type":"BreadcrumbList","@id":"https:\/\/www.webdo.tn\/fr\/actualite\/national\/greve-des-taxis-individuels-le-2-janvier-dans-le-grand-tunis\/201042\/#breadcrumb","itemListElement":[{"@type":"ListItem","position":1,"name":"Accueil","item":"https:\/\/www.webdo.tn\/fr\/"},{"@type":"ListItem","position":2,"name":"Gr\u00e8ve des taxis individuels le 2 janvier dans le Grand-Tunis"}]},{"@type":"WebSite","@id":"https:\/\/www.webdo.tn\/fr\/#website","url":"https:\/\/www.webdo.tn\/fr\/","name":"webdo","description":"Tunisie - News en Tunisie et \u00e0 l&#039;international sur Webdo.tn","publisher":{"@id":"https:\/\/www.webdo.tn\/fr\/#organization"},"potentialAction":[{"@type":"SearchAction","target":{"@type":"EntryPoint","urlTemplate":"https:\/\/www.webdo.tn\/fr\/?s={search_term_string}"},"query-input":{"@type":"PropertyValueSpecification","valueRequired":true,"valueName":"search_term_string"}}],"inLanguage":"fr-FR"},{"@type":"Organization","@id":"https:\/\/www.webdo.tn\/fr\/#organization","name":"Webdo","alternateName":"Webdo.tn","url":"https:\/\/www.webdo.tn\/fr\/","logo":{"@type":"ImageObject","inLanguage":"fr-FR","@id":"https:\/\/www.webdo.tn\/fr\/#\/schema\/logo\/image\/","url":"https:\/\/www.webdo.tn\/fr\/wp-content\/uploads\/2025\/06\/Webdo-Tunisie_168377.jpg","contentUrl":"https:\/\/www.webdo.tn\/fr\/wp-content\/uploads\/2025\/06\/Webdo-Tunisie_168377.jpg","width":301,"height":301,"caption":"Webdo"},"image":{"@id":"https:\/\/www.webdo.tn\/fr\/#\/schema\/logo\/image\/"},"sameAs":["https:\/\/www.facebook.com\/webdotn","https:\/\/x.com\/webdo_tn"],"description":"Webdo est un m\u00e9dia num\u00e9rique tunisien fond\u00e9 en 2010, sp\u00e9cialis\u00e9 dans l\u2019actualit\u00e9 nationale et internationale, l\u2019\u00e9conomie, la soci\u00e9t\u00e9 et les analyses politiques. Le site s\u2019adresse \u00e0 un large public francophone et couvre l\u2019information tunisienne en temps r\u00e9el.","email":"redac@webdo.tn","legalName":"YNJ SARL","foundingDate":"2010-09-06","numberOfEmployees":{"@type":"QuantitativeValue","minValue":"11","maxValue":"50"}},{"@type":"Person","@id":"https:\/\/www.webdo.tn\/fr\/#\/schema\/person\/f35b42a42c5e2511bbd282959d6385cc","name":"CL","image":{"@type":"ImageObject","inLanguage":"fr-FR","@id":"https:\/\/secure.gravatar.com\/avatar\/1447a49909b67aa657c488aec6512e1dd6143a480c1ecfee9b5b5cd74eb3b59e?s=96&d=mm&r=g","url":"https:\/\/secure.gravatar.com\/avatar\/1447a49909b67aa657c488aec6512e1dd6143a480c1ecfee9b5b5cd74eb3b59e?s=96&d=mm&r=g","contentUrl":"https:\/\/secure.gravatar.com\/avatar\/1447a49909b67aa657c488aec6512e1dd6143a480c1ecfee9b5b5cd74eb3b59e?s=96&d=mm&r=g","caption":"CL"},"url":"https:\/\/www.webdo.tn\/fr\/actualite\/author\/cl\/"}]}},"_links":{"self":[{"href":"https:\/\/www.webdo.tn\/fr\/wp-json\/wp\/v2\/posts\/201042","targetHints":{"allow":["GET"]}}],"collection":[{"href":"https:\/\/www.webdo.tn\/fr\/wp-json\/wp\/v2\/posts"}],"about":[{"href":"https:\/\/www.webdo.tn\/fr\/wp-json\/wp\/v2\/types\/post"}],"author":[{"embeddable":true,"href":"https:\/\/www.webdo.tn\/fr\/wp-json\/wp\/v2\/users\/3175"}],"replies":[{"embeddable":true,"href":"https:\/\/www.webdo.tn\/fr\/wp-json\/wp\/v2\/comments?post=201042"}],"version-history":[{"count":0,"href":"https:\/\/www.webdo.tn\/fr\/wp-json\/wp\/v2\/posts\/201042\/revisions"}],"wp:featuredmedia":[{"embeddable":true,"href":"https:\/\/www.webdo.tn\/fr\/wp-json\/wp\/v2\/media\/252771"}],"wp:attachment":[{"href":"https:\/\/www.webdo.tn\/fr\/wp-json\/wp\/v2\/media?parent=201042"}],"wp:term":[{"taxonomy":"category","embeddable":true,"href":"https:\/\/www.webdo.tn\/fr\/wp-json\/wp\/v2\/categories?post=201042"},{"taxonomy":"post_tag","embeddable":true,"href":"https:\/\/www.webdo.tn\/fr\/wp-json\/wp\/v2\/tags?post=201042"}],"curies":[{"name":"wp","href":"https:\/\/api.w.org\/{rel}","templated":true}]}}