{"id":201036,"date":"2022-12-22T18:54:00","date_gmt":"2022-12-22T18:54:00","guid":{"rendered":"https:\/\/www.webdo.tn\/fr\/blog\/l-isie-ne-fait-pas-la-difference-entre-media-et-page-facebook\/201036\/"},"modified":"2025-05-20T22:46:25","modified_gmt":"2025-05-20T22:46:25","slug":"l-isie-ne-fait-pas-la-difference-entre-media-et-page-facebook","status":"publish","type":"post","link":"https:\/\/www.webdo.tn\/fr\/actualite\/national\/l-isie-ne-fait-pas-la-difference-entre-media-et-page-facebook\/201036\/","title":{"rendered":"L\u2019ISIE ne fait pas la diff\u00e9rence entre m\u00e9dia et page Facebook !"},"content":{"rendered":"<p>L\u2019ISIE est actuellement au c\u0153ur de la tourmente suite \u00e0 la publication du dernier num\u00e9ro du JORT dans lequel on peut consulter la d\u00e9cision de traduire de nombreuses \u00ab pages Facebook \u00bb devant la justice sur fond de leur activit\u00e9 durant les \u00e9lections.<\/p>\n<p>\t\t\t\t\t\t\t\t\tSauf que pour l\u2019instance \u00e9lectorale, des m\u00e9dias ont \u00e9t\u00e9 pris pour des pages Facebook comme en l\u2019occurrence le m\u00e9dia associatif Al-Qatiba et le m\u00e9dia priv\u00e9 Al-Arabi Al-Jadid.\u00a0<\/p>\n<p>En effet, les plaintes, d\u00e9pos\u00e9es aupr\u00e8s du tribunal de premi\u00e8re instance de Tunis, portent sur nombre d\u2019infractions recens\u00e9es lors de la campagne relative au r\u00e9f\u00e9rendum de juillet 2022, tels que les injures, la diffamation, la publicit\u00e9 politique, ou encore les financements \u00e9trangers et la propagation des intox.<\/p>\n<p>Sauf que selon le JORT, on peut lire que le propri\u00e9taire de la \u00ab page Al-Qatiba \u00bb a \u00e9t\u00e9 \u00e9galement traduit devant la justice, or nous \u00e9voquons un m\u00e9dia d\u2019investigation et non pas une simple page Facebook.\u00a0<\/p>\n<p>Sur sa page le fondateur du m\u00e9dia en question Walid Mejri a pris la parole pour d\u00e9noncer cette d\u00e9cision qui est l\u00e9galement infond\u00e9e selon ses dires. Lui qui rappelle que son m\u00e9dia emploie plus de 20 journalistes d\u00e9nonce les agissements de l\u2019instance \u00e9lectorale et dit craindre pour la libert\u00e9 d\u2019expression.<\/p>\n","protected":false},"excerpt":{"rendered":"<p>L\u2019ISIE est actuellement au c\u0153ur de la tourmente suite \u00e0 la publication du dernier num\u00e9ro du JORT dans lequel on peut consulter la d\u00e9cision de traduire de nombre&#8230;<\/p>\n","protected":false},"author":3175,"featured_media":252767,"comment_status":"open","ping_status":"closed","sticky":false,"template":"","format":"standard","meta":{"footnotes":""},"categories":[44],"tags":[2967,2608],"class_list":["post-201036","post","type-post","status-publish","format-standard","has-post-thumbnail","hentry","category-national","tag-isie","tag-tunisie"],"yoast_head":"<!-- This site is optimized with the Yoast SEO Premium plugin v27.4 (Yoast SEO v27.4) - https:\/\/yoast.com\/product\/yoast-seo-premium-wordpress\/ -->\n<title>L\u2019ISIE ne fait pas la diff\u00e9rence entre m\u00e9dia et page Facebook !<\/title>\n<meta name=\"description\" content=\"L\u2019ISIE est actuellement au c\u0153ur de la tourmente suite \u00e0 la publication du dernier num\u00e9ro du JORT dans lequel on peut consulter la d\u00e9cision de traduire de nombre...\" \/>\n<link rel=\"canonical\" href=\"https:\/\/www.webdo.tn\/fr\/actualite\/national\/l-isie-ne-fait-pas-la-difference-entre-media-et-page-facebook\/201036\/\" \/>\n<meta property=\"og:locale\" content=\"fr_FR\" \/>\n<meta property=\"og:type\" content=\"article\" \/>\n<meta property=\"og:title\" content=\"L\u2019ISIE ne fait pas la diff\u00e9rence entre m\u00e9dia et page Facebook !\" \/>\n<meta property=\"og:description\" content=\"L\u2019ISIE est actuellement au c\u0153ur de la tourmente suite \u00e0 la publication du dernier num\u00e9ro du JORT dans lequel on peut consulter la d\u00e9cision de traduire de nombre...\" \/>\n<meta property=\"og:url\" content=\"https:\/\/www.webdo.tn\/fr\/actualite\/national\/l-isie-ne-fait-pas-la-difference-entre-media-et-page-facebook\/201036\/\" \/>\n<meta property=\"og:site_name\" content=\"webdo\" \/>\n<meta property=\"article:publisher\" content=\"https:\/\/www.facebook.com\/webdotn\" \/>\n<meta property=\"article:published_time\" content=\"2022-12-22T18:54:00+00:00\" \/>\n<meta property=\"article:modified_time\" content=\"2025-05-20T22:46:25+00:00\" \/>\n<meta property=\"og:image\" content=\"https:\/\/www.webdo.tn\/fr\/wp-content\/uploads\/2022\/12\/f2df61137798e4090604c72d1c0f8677.jpg\" \/>\n\t<meta property=\"og:image:width\" content=\"750\" \/>\n\t<meta property=\"og:image:height\" content=\"400\" \/>\n\t<meta property=\"og:image:type\" content=\"image\/jpeg\" \/>\n<meta name=\"author\" content=\"CL\" \/>\n<meta name=\"twitter:card\" content=\"summary_large_image\" \/>\n<meta name=\"twitter:creator\" content=\"@webdo_tn\" \/>\n<meta name=\"twitter:site\" content=\"@webdo_tn\" \/>\n<meta name=\"twitter:label1\" content=\"\u00c9crit par\" \/>\n\t<meta name=\"twitter:data1\" content=\"CL\" \/>\n\t<meta name=\"twitter:label2\" content=\"Dur\u00e9e de lecture estim\u00e9e\" \/>\n\t<meta name=\"twitter:data2\" content=\"1 minute\" \/>\n<script type=\"application\/ld+json\" class=\"yoast-schema-graph\">{\"@context\":\"https:\\\/\\\/schema.org\",\"@graph\":[{\"@type\":\"NewsArticle\",\"@id\":\"https:\\\/\\\/www.webdo.tn\\\/fr\\\/actualite\\\/national\\\/l-isie-ne-fait-pas-la-difference-entre-media-et-page-facebook\\\/201036\\\/#article\",\"isPartOf\":{\"@id\":\"https:\\\/\\\/www.webdo.tn\\\/fr\\\/actualite\\\/national\\\/l-isie-ne-fait-pas-la-difference-entre-media-et-page-facebook\\\/201036\\\/\"},\"author\":{\"name\":\"CL\",\"@id\":\"https:\\\/\\\/www.webdo.tn\\\/fr\\\/#\\\/schema\\\/person\\\/f35b42a42c5e2511bbd282959d6385cc\"},\"headline\":\"L\u2019ISIE ne fait pas la diff\u00e9rence entre m\u00e9dia et page Facebook !\",\"datePublished\":\"2022-12-22T18:54:00+00:00\",\"dateModified\":\"2025-05-20T22:46:25+00:00\",\"mainEntityOfPage\":{\"@id\":\"https:\\\/\\\/www.webdo.tn\\\/fr\\\/actualite\\\/national\\\/l-isie-ne-fait-pas-la-difference-entre-media-et-page-facebook\\\/201036\\\/\"},\"wordCount\":240,\"commentCount\":0,\"publisher\":{\"@id\":\"https:\\\/\\\/www.webdo.tn\\\/fr\\\/#organization\"},\"image\":{\"@id\":\"https:\\\/\\\/www.webdo.tn\\\/fr\\\/actualite\\\/national\\\/l-isie-ne-fait-pas-la-difference-entre-media-et-page-facebook\\\/201036\\\/#primaryimage\"},\"thumbnailUrl\":\"https:\\\/\\\/www.webdo.tn\\\/fr\\\/wp-content\\\/uploads\\\/2022\\\/12\\\/f2df61137798e4090604c72d1c0f8677.jpg\",\"keywords\":[\"ISIE\",\"Tunisie\"],\"articleSection\":[\"National\"],\"inLanguage\":\"fr-FR\"},{\"@type\":\"WebPage\",\"@id\":\"https:\\\/\\\/www.webdo.tn\\\/fr\\\/actualite\\\/national\\\/l-isie-ne-fait-pas-la-difference-entre-media-et-page-facebook\\\/201036\\\/\",\"url\":\"https:\\\/\\\/www.webdo.tn\\\/fr\\\/actualite\\\/national\\\/l-isie-ne-fait-pas-la-difference-entre-media-et-page-facebook\\\/201036\\\/\",\"name\":\"L\u2019ISIE ne fait pas la diff\u00e9rence entre m\u00e9dia et page Facebook !\",\"isPartOf\":{\"@id\":\"https:\\\/\\\/www.webdo.tn\\\/fr\\\/#website\"},\"primaryImageOfPage\":{\"@id\":\"https:\\\/\\\/www.webdo.tn\\\/fr\\\/actualite\\\/national\\\/l-isie-ne-fait-pas-la-difference-entre-media-et-page-facebook\\\/201036\\\/#primaryimage\"},\"image\":{\"@id\":\"https:\\\/\\\/www.webdo.tn\\\/fr\\\/actualite\\\/national\\\/l-isie-ne-fait-pas-la-difference-entre-media-et-page-facebook\\\/201036\\\/#primaryimage\"},\"thumbnailUrl\":\"https:\\\/\\\/www.webdo.tn\\\/fr\\\/wp-content\\\/uploads\\\/2022\\\/12\\\/f2df61137798e4090604c72d1c0f8677.jpg\",\"datePublished\":\"2022-12-22T18:54:00+00:00\",\"dateModified\":\"2025-05-20T22:46:25+00:00\",\"description\":\"L\u2019ISIE est actuellement au c\u0153ur de la tourmente suite \u00e0 la publication du dernier num\u00e9ro du JORT dans lequel on peut consulter la d\u00e9cision de traduire de nombre...\",\"breadcrumb\":{\"@id\":\"https:\\\/\\\/www.webdo.tn\\\/fr\\\/actualite\\\/national\\\/l-isie-ne-fait-pas-la-difference-entre-media-et-page-facebook\\\/201036\\\/#breadcrumb\"},\"inLanguage\":\"fr-FR\",\"potentialAction\":[{\"@type\":\"ReadAction\",\"target\":[\"https:\\\/\\\/www.webdo.tn\\\/fr\\\/actualite\\\/national\\\/l-isie-ne-fait-pas-la-difference-entre-media-et-page-facebook\\\/201036\\\/\"]}]},{\"@type\":\"ImageObject\",\"inLanguage\":\"fr-FR\",\"@id\":\"https:\\\/\\\/www.webdo.tn\\\/fr\\\/actualite\\\/national\\\/l-isie-ne-fait-pas-la-difference-entre-media-et-page-facebook\\\/201036\\\/#primaryimage\",\"url\":\"https:\\\/\\\/www.webdo.tn\\\/fr\\\/wp-content\\\/uploads\\\/2022\\\/12\\\/f2df61137798e4090604c72d1c0f8677.jpg\",\"contentUrl\":\"https:\\\/\\\/www.webdo.tn\\\/fr\\\/wp-content\\\/uploads\\\/2022\\\/12\\\/f2df61137798e4090604c72d1c0f8677.jpg\",\"width\":750,\"height\":400,\"caption\":\"L\u2019ISIE ne fait pas la diff\u00e9rence entre m\u00e9dia et page Facebook !\"},{\"@type\":\"BreadcrumbList\",\"@id\":\"https:\\\/\\\/www.webdo.tn\\\/fr\\\/actualite\\\/national\\\/l-isie-ne-fait-pas-la-difference-entre-media-et-page-facebook\\\/201036\\\/#breadcrumb\",\"itemListElement\":[{\"@type\":\"ListItem\",\"position\":1,\"name\":\"Accueil\",\"item\":\"https:\\\/\\\/www.webdo.tn\\\/fr\\\/\"},{\"@type\":\"ListItem\",\"position\":2,\"name\":\"L\u2019ISIE ne fait pas la diff\u00e9rence entre m\u00e9dia et page Facebook !\"}]},{\"@type\":\"WebSite\",\"@id\":\"https:\\\/\\\/www.webdo.tn\\\/fr\\\/#website\",\"url\":\"https:\\\/\\\/www.webdo.tn\\\/fr\\\/\",\"name\":\"webdo\",\"description\":\"Tunisie - News en Tunisie et \u00e0 l&#039;international sur Webdo.tn\",\"publisher\":{\"@id\":\"https:\\\/\\\/www.webdo.tn\\\/fr\\\/#organization\"},\"potentialAction\":[{\"@type\":\"SearchAction\",\"target\":{\"@type\":\"EntryPoint\",\"urlTemplate\":\"https:\\\/\\\/www.webdo.tn\\\/fr\\\/?s={search_term_string}\"},\"query-input\":{\"@type\":\"PropertyValueSpecification\",\"valueRequired\":true,\"valueName\":\"search_term_string\"}}],\"inLanguage\":\"fr-FR\"},{\"@type\":\"Organization\",\"@id\":\"https:\\\/\\\/www.webdo.tn\\\/fr\\\/#organization\",\"name\":\"Webdo\",\"alternateName\":\"Webdo.tn\",\"url\":\"https:\\\/\\\/www.webdo.tn\\\/fr\\\/\",\"logo\":{\"@type\":\"ImageObject\",\"inLanguage\":\"fr-FR\",\"@id\":\"https:\\\/\\\/www.webdo.tn\\\/fr\\\/#\\\/schema\\\/logo\\\/image\\\/\",\"url\":\"https:\\\/\\\/www.webdo.tn\\\/fr\\\/wp-content\\\/uploads\\\/2025\\\/06\\\/Webdo-Tunisie_168377.jpg\",\"contentUrl\":\"https:\\\/\\\/www.webdo.tn\\\/fr\\\/wp-content\\\/uploads\\\/2025\\\/06\\\/Webdo-Tunisie_168377.jpg\",\"width\":301,\"height\":301,\"caption\":\"Webdo\"},\"image\":{\"@id\":\"https:\\\/\\\/www.webdo.tn\\\/fr\\\/#\\\/schema\\\/logo\\\/image\\\/\"},\"sameAs\":[\"https:\\\/\\\/www.facebook.com\\\/webdotn\",\"https:\\\/\\\/x.com\\\/webdo_tn\"],\"description\":\"Webdo est un m\u00e9dia num\u00e9rique tunisien fond\u00e9 en 2010, sp\u00e9cialis\u00e9 dans l\u2019actualit\u00e9 nationale et internationale, l\u2019\u00e9conomie, la soci\u00e9t\u00e9 et les analyses politiques. Le site s\u2019adresse \u00e0 un large public francophone et couvre l\u2019information tunisienne en temps r\u00e9el.\",\"email\":\"redac@webdo.tn\",\"legalName\":\"YNJ SARL\",\"foundingDate\":\"2010-09-06\",\"numberOfEmployees\":{\"@type\":\"QuantitativeValue\",\"minValue\":\"11\",\"maxValue\":\"50\"}},{\"@type\":\"Person\",\"@id\":\"https:\\\/\\\/www.webdo.tn\\\/fr\\\/#\\\/schema\\\/person\\\/f35b42a42c5e2511bbd282959d6385cc\",\"name\":\"CL\",\"image\":{\"@type\":\"ImageObject\",\"inLanguage\":\"fr-FR\",\"@id\":\"https:\\\/\\\/secure.gravatar.com\\\/avatar\\\/1447a49909b67aa657c488aec6512e1dd6143a480c1ecfee9b5b5cd74eb3b59e?s=96&d=mm&r=g\",\"url\":\"https:\\\/\\\/secure.gravatar.com\\\/avatar\\\/1447a49909b67aa657c488aec6512e1dd6143a480c1ecfee9b5b5cd74eb3b59e?s=96&d=mm&r=g\",\"contentUrl\":\"https:\\\/\\\/secure.gravatar.com\\\/avatar\\\/1447a49909b67aa657c488aec6512e1dd6143a480c1ecfee9b5b5cd74eb3b59e?s=96&d=mm&r=g\",\"caption\":\"CL\"},\"url\":\"https:\\\/\\\/www.webdo.tn\\\/fr\\\/actualite\\\/author\\\/cl\\\/\"}]}<\/script>\n<!-- \/ Yoast SEO Premium plugin. -->","yoast_head_json":{"title":"L\u2019ISIE ne fait pas la diff\u00e9rence entre m\u00e9dia et page Facebook !","description":"L\u2019ISIE est actuellement au c\u0153ur de la tourmente suite \u00e0 la publication du dernier num\u00e9ro du JORT dans lequel on peut consulter la d\u00e9cision de traduire de nombre...","canonical":"https:\/\/www.webdo.tn\/fr\/actualite\/national\/l-isie-ne-fait-pas-la-difference-entre-media-et-page-facebook\/201036\/","og_locale":"fr_FR","og_type":"article","og_title":"L\u2019ISIE ne fait pas la diff\u00e9rence entre m\u00e9dia et page Facebook !","og_description":"L\u2019ISIE est actuellement au c\u0153ur de la tourmente suite \u00e0 la publication du dernier num\u00e9ro du JORT dans lequel on peut consulter la d\u00e9cision de traduire de nombre...","og_url":"https:\/\/www.webdo.tn\/fr\/actualite\/national\/l-isie-ne-fait-pas-la-difference-entre-media-et-page-facebook\/201036\/","og_site_name":"webdo","article_publisher":"https:\/\/www.facebook.com\/webdotn","article_published_time":"2022-12-22T18:54:00+00:00","article_modified_time":"2025-05-20T22:46:25+00:00","og_image":[{"width":750,"height":400,"url":"https:\/\/www.webdo.tn\/fr\/wp-content\/uploads\/2022\/12\/f2df61137798e4090604c72d1c0f8677.jpg","type":"image\/jpeg"}],"author":"CL","twitter_card":"summary_large_image","twitter_creator":"@webdo_tn","twitter_site":"@webdo_tn","twitter_misc":{"\u00c9crit par":"CL","Dur\u00e9e de lecture estim\u00e9e":"1 minute"},"schema":{"@context":"https:\/\/schema.org","@graph":[{"@type":"NewsArticle","@id":"https:\/\/www.webdo.tn\/fr\/actualite\/national\/l-isie-ne-fait-pas-la-difference-entre-media-et-page-facebook\/201036\/#article","isPartOf":{"@id":"https:\/\/www.webdo.tn\/fr\/actualite\/national\/l-isie-ne-fait-pas-la-difference-entre-media-et-page-facebook\/201036\/"},"author":{"name":"CL","@id":"https:\/\/www.webdo.tn\/fr\/#\/schema\/person\/f35b42a42c5e2511bbd282959d6385cc"},"headline":"L\u2019ISIE ne fait pas la diff\u00e9rence entre m\u00e9dia et page Facebook !","datePublished":"2022-12-22T18:54:00+00:00","dateModified":"2025-05-20T22:46:25+00:00","mainEntityOfPage":{"@id":"https:\/\/www.webdo.tn\/fr\/actualite\/national\/l-isie-ne-fait-pas-la-difference-entre-media-et-page-facebook\/201036\/"},"wordCount":240,"commentCount":0,"publisher":{"@id":"https:\/\/www.webdo.tn\/fr\/#organization"},"image":{"@id":"https:\/\/www.webdo.tn\/fr\/actualite\/national\/l-isie-ne-fait-pas-la-difference-entre-media-et-page-facebook\/201036\/#primaryimage"},"thumbnailUrl":"https:\/\/www.webdo.tn\/fr\/wp-content\/uploads\/2022\/12\/f2df61137798e4090604c72d1c0f8677.jpg","keywords":["ISIE","Tunisie"],"articleSection":["National"],"inLanguage":"fr-FR"},{"@type":"WebPage","@id":"https:\/\/www.webdo.tn\/fr\/actualite\/national\/l-isie-ne-fait-pas-la-difference-entre-media-et-page-facebook\/201036\/","url":"https:\/\/www.webdo.tn\/fr\/actualite\/national\/l-isie-ne-fait-pas-la-difference-entre-media-et-page-facebook\/201036\/","name":"L\u2019ISIE ne fait pas la diff\u00e9rence entre m\u00e9dia et page Facebook !","isPartOf":{"@id":"https:\/\/www.webdo.tn\/fr\/#website"},"primaryImageOfPage":{"@id":"https:\/\/www.webdo.tn\/fr\/actualite\/national\/l-isie-ne-fait-pas-la-difference-entre-media-et-page-facebook\/201036\/#primaryimage"},"image":{"@id":"https:\/\/www.webdo.tn\/fr\/actualite\/national\/l-isie-ne-fait-pas-la-difference-entre-media-et-page-facebook\/201036\/#primaryimage"},"thumbnailUrl":"https:\/\/www.webdo.tn\/fr\/wp-content\/uploads\/2022\/12\/f2df61137798e4090604c72d1c0f8677.jpg","datePublished":"2022-12-22T18:54:00+00:00","dateModified":"2025-05-20T22:46:25+00:00","description":"L\u2019ISIE est actuellement au c\u0153ur de la tourmente suite \u00e0 la publication du dernier num\u00e9ro du JORT dans lequel on peut consulter la d\u00e9cision de traduire de nombre...","breadcrumb":{"@id":"https:\/\/www.webdo.tn\/fr\/actualite\/national\/l-isie-ne-fait-pas-la-difference-entre-media-et-page-facebook\/201036\/#breadcrumb"},"inLanguage":"fr-FR","potentialAction":[{"@type":"ReadAction","target":["https:\/\/www.webdo.tn\/fr\/actualite\/national\/l-isie-ne-fait-pas-la-difference-entre-media-et-page-facebook\/201036\/"]}]},{"@type":"ImageObject","inLanguage":"fr-FR","@id":"https:\/\/www.webdo.tn\/fr\/actualite\/national\/l-isie-ne-fait-pas-la-difference-entre-media-et-page-facebook\/201036\/#primaryimage","url":"https:\/\/www.webdo.tn\/fr\/wp-content\/uploads\/2022\/12\/f2df61137798e4090604c72d1c0f8677.jpg","contentUrl":"https:\/\/www.webdo.tn\/fr\/wp-content\/uploads\/2022\/12\/f2df61137798e4090604c72d1c0f8677.jpg","width":750,"height":400,"caption":"L\u2019ISIE ne fait pas la diff\u00e9rence entre m\u00e9dia et page Facebook !"},{"@type":"BreadcrumbList","@id":"https:\/\/www.webdo.tn\/fr\/actualite\/national\/l-isie-ne-fait-pas-la-difference-entre-media-et-page-facebook\/201036\/#breadcrumb","itemListElement":[{"@type":"ListItem","position":1,"name":"Accueil","item":"https:\/\/www.webdo.tn\/fr\/"},{"@type":"ListItem","position":2,"name":"L\u2019ISIE ne fait pas la diff\u00e9rence entre m\u00e9dia et page Facebook !"}]},{"@type":"WebSite","@id":"https:\/\/www.webdo.tn\/fr\/#website","url":"https:\/\/www.webdo.tn\/fr\/","name":"webdo","description":"Tunisie - News en Tunisie et \u00e0 l&#039;international sur Webdo.tn","publisher":{"@id":"https:\/\/www.webdo.tn\/fr\/#organization"},"potentialAction":[{"@type":"SearchAction","target":{"@type":"EntryPoint","urlTemplate":"https:\/\/www.webdo.tn\/fr\/?s={search_term_string}"},"query-input":{"@type":"PropertyValueSpecification","valueRequired":true,"valueName":"search_term_string"}}],"inLanguage":"fr-FR"},{"@type":"Organization","@id":"https:\/\/www.webdo.tn\/fr\/#organization","name":"Webdo","alternateName":"Webdo.tn","url":"https:\/\/www.webdo.tn\/fr\/","logo":{"@type":"ImageObject","inLanguage":"fr-FR","@id":"https:\/\/www.webdo.tn\/fr\/#\/schema\/logo\/image\/","url":"https:\/\/www.webdo.tn\/fr\/wp-content\/uploads\/2025\/06\/Webdo-Tunisie_168377.jpg","contentUrl":"https:\/\/www.webdo.tn\/fr\/wp-content\/uploads\/2025\/06\/Webdo-Tunisie_168377.jpg","width":301,"height":301,"caption":"Webdo"},"image":{"@id":"https:\/\/www.webdo.tn\/fr\/#\/schema\/logo\/image\/"},"sameAs":["https:\/\/www.facebook.com\/webdotn","https:\/\/x.com\/webdo_tn"],"description":"Webdo est un m\u00e9dia num\u00e9rique tunisien fond\u00e9 en 2010, sp\u00e9cialis\u00e9 dans l\u2019actualit\u00e9 nationale et internationale, l\u2019\u00e9conomie, la soci\u00e9t\u00e9 et les analyses politiques. Le site s\u2019adresse \u00e0 un large public francophone et couvre l\u2019information tunisienne en temps r\u00e9el.","email":"redac@webdo.tn","legalName":"YNJ SARL","foundingDate":"2010-09-06","numberOfEmployees":{"@type":"QuantitativeValue","minValue":"11","maxValue":"50"}},{"@type":"Person","@id":"https:\/\/www.webdo.tn\/fr\/#\/schema\/person\/f35b42a42c5e2511bbd282959d6385cc","name":"CL","image":{"@type":"ImageObject","inLanguage":"fr-FR","@id":"https:\/\/secure.gravatar.com\/avatar\/1447a49909b67aa657c488aec6512e1dd6143a480c1ecfee9b5b5cd74eb3b59e?s=96&d=mm&r=g","url":"https:\/\/secure.gravatar.com\/avatar\/1447a49909b67aa657c488aec6512e1dd6143a480c1ecfee9b5b5cd74eb3b59e?s=96&d=mm&r=g","contentUrl":"https:\/\/secure.gravatar.com\/avatar\/1447a49909b67aa657c488aec6512e1dd6143a480c1ecfee9b5b5cd74eb3b59e?s=96&d=mm&r=g","caption":"CL"},"url":"https:\/\/www.webdo.tn\/fr\/actualite\/author\/cl\/"}]}},"_links":{"self":[{"href":"https:\/\/www.webdo.tn\/fr\/wp-json\/wp\/v2\/posts\/201036","targetHints":{"allow":["GET"]}}],"collection":[{"href":"https:\/\/www.webdo.tn\/fr\/wp-json\/wp\/v2\/posts"}],"about":[{"href":"https:\/\/www.webdo.tn\/fr\/wp-json\/wp\/v2\/types\/post"}],"author":[{"embeddable":true,"href":"https:\/\/www.webdo.tn\/fr\/wp-json\/wp\/v2\/users\/3175"}],"replies":[{"embeddable":true,"href":"https:\/\/www.webdo.tn\/fr\/wp-json\/wp\/v2\/comments?post=201036"}],"version-history":[{"count":0,"href":"https:\/\/www.webdo.tn\/fr\/wp-json\/wp\/v2\/posts\/201036\/revisions"}],"wp:featuredmedia":[{"embeddable":true,"href":"https:\/\/www.webdo.tn\/fr\/wp-json\/wp\/v2\/media\/252767"}],"wp:attachment":[{"href":"https:\/\/www.webdo.tn\/fr\/wp-json\/wp\/v2\/media?parent=201036"}],"wp:term":[{"taxonomy":"category","embeddable":true,"href":"https:\/\/www.webdo.tn\/fr\/wp-json\/wp\/v2\/categories?post=201036"},{"taxonomy":"post_tag","embeddable":true,"href":"https:\/\/www.webdo.tn\/fr\/wp-json\/wp\/v2\/tags?post=201036"}],"curies":[{"name":"wp","href":"https:\/\/api.w.org\/{rel}","templated":true}]}}