{"id":201031,"date":"2022-12-22T18:08:00","date_gmt":"2022-12-22T18:08:00","guid":{"rendered":"https:\/\/www.webdo.tn\/fr\/blog\/ligue-1-a-defaut-de-stade-le-clasico-est-ess-reporte\/201031\/"},"modified":"2025-05-20T22:46:24","modified_gmt":"2025-05-20T22:46:24","slug":"ligue-1-a-defaut-de-stade-le-clasico-est-ess-reporte","status":"publish","type":"post","link":"https:\/\/www.webdo.tn\/fr\/actualite\/sport\/ligue-1-a-defaut-de-stade-le-clasico-est-ess-reporte\/201031\/","title":{"rendered":"Ligue 1 : A d\u00e9faut de stade, le Clasico EST-ESS report\u00e9"},"content":{"rendered":"<p>A d\u00e9faut de stade, le match opposant l\u2019Esp\u00e9rance sportive de Tunis et l\u2019Etoile sportive du Sahel comptant pour la 4\u00e8me journ\u00e9e de la Ligue 1 a \u00e9t\u00e9 report\u00e9.<\/p>\n<p>\t\t\t\t\t\t\t\t\tPr\u00e9vu ce dimanche, la Ligue nationale de football professionnel a d\u00e9cid\u00e9 de reporter ce match retard au 18 janvier prochain au Stade Hamadi Agrebi de Rad\u00e8s.\u00a0<\/p>\n<p>Notons que les municipalit\u00e9s de Hammam Lif, B\u00e9ja, de la Marsa et de Bizerte ont refus\u00e9 d\u2019accueillir la rencontre pour des raisons s\u00e9curitaires.<\/p>\n","protected":false},"excerpt":{"rendered":"<p>A d\u00e9faut de stade, le match opposant l\u2019Esp\u00e9rance sportive de Tunis et l\u2019Etoile sportive du Sahel comptant pour la 4\u00e8me journ\u00e9e de la Ligue 1 a \u00e9t\u00e9 report\u00e9.<\/p>\n","protected":false},"author":3175,"featured_media":252763,"comment_status":"open","ping_status":"closed","sticky":false,"template":"","format":"standard","meta":{"footnotes":""},"categories":[2593],"tags":[4505,3436,2777,2608],"class_list":["post-201031","post","type-post","status-publish","format-standard","has-post-thumbnail","hentry","category-sport","tag-ess","tag-est","tag-ligue-1","tag-tunisie"],"yoast_head":"<!-- This site is optimized with the Yoast SEO Premium plugin v27.4 (Yoast SEO v27.5) - https:\/\/yoast.com\/product\/yoast-seo-premium-wordpress\/ -->\n<title>Ligue 1 : A d\u00e9faut de stade, le Clasico EST-ESS report\u00e9<\/title>\n<meta name=\"description\" content=\"A d\u00e9faut de stade, le match opposant l\u2019Esp\u00e9rance sportive de Tunis et l\u2019Etoile sportive du Sahel comptant pour la 4\u00e8me journ\u00e9e de la Ligue 1 a \u00e9t\u00e9 report\u00e9.\" \/>\n<link rel=\"canonical\" href=\"https:\/\/www.webdo.tn\/fr\/actualite\/sport\/ligue-1-a-defaut-de-stade-le-clasico-est-ess-reporte\/201031\/\" \/>\n<meta property=\"og:locale\" content=\"fr_FR\" \/>\n<meta property=\"og:type\" content=\"article\" \/>\n<meta property=\"og:title\" content=\"Ligue 1 : A d\u00e9faut de stade, le Clasico EST-ESS report\u00e9\" \/>\n<meta property=\"og:description\" content=\"A d\u00e9faut de stade, le match opposant l\u2019Esp\u00e9rance sportive de Tunis et l\u2019Etoile sportive du Sahel comptant pour la 4\u00e8me journ\u00e9e de la Ligue 1 a \u00e9t\u00e9 report\u00e9.\" \/>\n<meta property=\"og:url\" content=\"https:\/\/www.webdo.tn\/fr\/actualite\/sport\/ligue-1-a-defaut-de-stade-le-clasico-est-ess-reporte\/201031\/\" \/>\n<meta property=\"og:site_name\" content=\"webdo\" \/>\n<meta property=\"article:publisher\" content=\"https:\/\/www.facebook.com\/webdotn\" \/>\n<meta property=\"article:published_time\" content=\"2022-12-22T18:08:00+00:00\" \/>\n<meta property=\"article:modified_time\" content=\"2025-05-20T22:46:24+00:00\" \/>\n<meta property=\"og:image\" content=\"https:\/\/www.webdo.tn\/fr\/wp-content\/uploads\/2022\/12\/45a432728abbe0ead2ac60243717cea3.jpg\" \/>\n\t<meta property=\"og:image:width\" content=\"750\" \/>\n\t<meta property=\"og:image:height\" content=\"400\" \/>\n\t<meta property=\"og:image:type\" content=\"image\/jpeg\" \/>\n<meta name=\"author\" content=\"CL\" \/>\n<meta name=\"twitter:card\" content=\"summary_large_image\" \/>\n<meta name=\"twitter:creator\" content=\"@webdo_tn\" \/>\n<meta name=\"twitter:site\" content=\"@webdo_tn\" \/>\n<meta name=\"twitter:label1\" content=\"\u00c9crit par\" \/>\n\t<meta name=\"twitter:data1\" content=\"CL\" \/>\n<script type=\"application\/ld+json\" class=\"yoast-schema-graph\">{\"@context\":\"https:\\\/\\\/schema.org\",\"@graph\":[{\"@type\":\"NewsArticle\",\"@id\":\"https:\\\/\\\/www.webdo.tn\\\/fr\\\/actualite\\\/sport\\\/ligue-1-a-defaut-de-stade-le-clasico-est-ess-reporte\\\/201031\\\/#article\",\"isPartOf\":{\"@id\":\"https:\\\/\\\/www.webdo.tn\\\/fr\\\/actualite\\\/sport\\\/ligue-1-a-defaut-de-stade-le-clasico-est-ess-reporte\\\/201031\\\/\"},\"author\":{\"name\":\"CL\",\"@id\":\"https:\\\/\\\/www.webdo.tn\\\/fr\\\/#\\\/schema\\\/person\\\/f35b42a42c5e2511bbd282959d6385cc\"},\"headline\":\"Ligue 1 : A d\u00e9faut de stade, le Clasico EST-ESS report\u00e9\",\"datePublished\":\"2022-12-22T18:08:00+00:00\",\"dateModified\":\"2025-05-20T22:46:24+00:00\",\"mainEntityOfPage\":{\"@id\":\"https:\\\/\\\/www.webdo.tn\\\/fr\\\/actualite\\\/sport\\\/ligue-1-a-defaut-de-stade-le-clasico-est-ess-reporte\\\/201031\\\/\"},\"wordCount\":97,\"commentCount\":0,\"publisher\":{\"@id\":\"https:\\\/\\\/www.webdo.tn\\\/fr\\\/#organization\"},\"image\":{\"@id\":\"https:\\\/\\\/www.webdo.tn\\\/fr\\\/actualite\\\/sport\\\/ligue-1-a-defaut-de-stade-le-clasico-est-ess-reporte\\\/201031\\\/#primaryimage\"},\"thumbnailUrl\":\"https:\\\/\\\/www.webdo.tn\\\/fr\\\/wp-content\\\/uploads\\\/2022\\\/12\\\/45a432728abbe0ead2ac60243717cea3.jpg\",\"keywords\":[\"ESS\",\"EST\",\"Ligue 1\",\"Tunisie\"],\"articleSection\":[\"Sport\"],\"inLanguage\":\"fr-FR\"},{\"@type\":\"WebPage\",\"@id\":\"https:\\\/\\\/www.webdo.tn\\\/fr\\\/actualite\\\/sport\\\/ligue-1-a-defaut-de-stade-le-clasico-est-ess-reporte\\\/201031\\\/\",\"url\":\"https:\\\/\\\/www.webdo.tn\\\/fr\\\/actualite\\\/sport\\\/ligue-1-a-defaut-de-stade-le-clasico-est-ess-reporte\\\/201031\\\/\",\"name\":\"Ligue 1 : A d\u00e9faut de stade, le Clasico EST-ESS report\u00e9\",\"isPartOf\":{\"@id\":\"https:\\\/\\\/www.webdo.tn\\\/fr\\\/#website\"},\"primaryImageOfPage\":{\"@id\":\"https:\\\/\\\/www.webdo.tn\\\/fr\\\/actualite\\\/sport\\\/ligue-1-a-defaut-de-stade-le-clasico-est-ess-reporte\\\/201031\\\/#primaryimage\"},\"image\":{\"@id\":\"https:\\\/\\\/www.webdo.tn\\\/fr\\\/actualite\\\/sport\\\/ligue-1-a-defaut-de-stade-le-clasico-est-ess-reporte\\\/201031\\\/#primaryimage\"},\"thumbnailUrl\":\"https:\\\/\\\/www.webdo.tn\\\/fr\\\/wp-content\\\/uploads\\\/2022\\\/12\\\/45a432728abbe0ead2ac60243717cea3.jpg\",\"datePublished\":\"2022-12-22T18:08:00+00:00\",\"dateModified\":\"2025-05-20T22:46:24+00:00\",\"description\":\"A d\u00e9faut de stade, le match opposant l\u2019Esp\u00e9rance sportive de Tunis et l\u2019Etoile sportive du Sahel comptant pour la 4\u00e8me journ\u00e9e de la Ligue 1 a \u00e9t\u00e9 report\u00e9.\",\"breadcrumb\":{\"@id\":\"https:\\\/\\\/www.webdo.tn\\\/fr\\\/actualite\\\/sport\\\/ligue-1-a-defaut-de-stade-le-clasico-est-ess-reporte\\\/201031\\\/#breadcrumb\"},\"inLanguage\":\"fr-FR\",\"potentialAction\":[{\"@type\":\"ReadAction\",\"target\":[\"https:\\\/\\\/www.webdo.tn\\\/fr\\\/actualite\\\/sport\\\/ligue-1-a-defaut-de-stade-le-clasico-est-ess-reporte\\\/201031\\\/\"]}]},{\"@type\":\"ImageObject\",\"inLanguage\":\"fr-FR\",\"@id\":\"https:\\\/\\\/www.webdo.tn\\\/fr\\\/actualite\\\/sport\\\/ligue-1-a-defaut-de-stade-le-clasico-est-ess-reporte\\\/201031\\\/#primaryimage\",\"url\":\"https:\\\/\\\/www.webdo.tn\\\/fr\\\/wp-content\\\/uploads\\\/2022\\\/12\\\/45a432728abbe0ead2ac60243717cea3.jpg\",\"contentUrl\":\"https:\\\/\\\/www.webdo.tn\\\/fr\\\/wp-content\\\/uploads\\\/2022\\\/12\\\/45a432728abbe0ead2ac60243717cea3.jpg\",\"width\":750,\"height\":400,\"caption\":\"Stade de Rad\u00e8s\"},{\"@type\":\"BreadcrumbList\",\"@id\":\"https:\\\/\\\/www.webdo.tn\\\/fr\\\/actualite\\\/sport\\\/ligue-1-a-defaut-de-stade-le-clasico-est-ess-reporte\\\/201031\\\/#breadcrumb\",\"itemListElement\":[{\"@type\":\"ListItem\",\"position\":1,\"name\":\"Accueil\",\"item\":\"https:\\\/\\\/www.webdo.tn\\\/fr\\\/\"},{\"@type\":\"ListItem\",\"position\":2,\"name\":\"Ligue 1 : A d\u00e9faut de stade, le Clasico EST-ESS report\u00e9\"}]},{\"@type\":\"WebSite\",\"@id\":\"https:\\\/\\\/www.webdo.tn\\\/fr\\\/#website\",\"url\":\"https:\\\/\\\/www.webdo.tn\\\/fr\\\/\",\"name\":\"webdo\",\"description\":\"Tunisie - News en Tunisie et \u00e0 l&#039;international sur Webdo.tn\",\"publisher\":{\"@id\":\"https:\\\/\\\/www.webdo.tn\\\/fr\\\/#organization\"},\"potentialAction\":[{\"@type\":\"SearchAction\",\"target\":{\"@type\":\"EntryPoint\",\"urlTemplate\":\"https:\\\/\\\/www.webdo.tn\\\/fr\\\/?s={search_term_string}\"},\"query-input\":{\"@type\":\"PropertyValueSpecification\",\"valueRequired\":true,\"valueName\":\"search_term_string\"}}],\"inLanguage\":\"fr-FR\"},{\"@type\":\"Organization\",\"@id\":\"https:\\\/\\\/www.webdo.tn\\\/fr\\\/#organization\",\"name\":\"Webdo\",\"alternateName\":\"Webdo.tn\",\"url\":\"https:\\\/\\\/www.webdo.tn\\\/fr\\\/\",\"logo\":{\"@type\":\"ImageObject\",\"inLanguage\":\"fr-FR\",\"@id\":\"https:\\\/\\\/www.webdo.tn\\\/fr\\\/#\\\/schema\\\/logo\\\/image\\\/\",\"url\":\"https:\\\/\\\/www.webdo.tn\\\/fr\\\/wp-content\\\/uploads\\\/2025\\\/06\\\/Webdo-Tunisie_168377.jpg\",\"contentUrl\":\"https:\\\/\\\/www.webdo.tn\\\/fr\\\/wp-content\\\/uploads\\\/2025\\\/06\\\/Webdo-Tunisie_168377.jpg\",\"width\":301,\"height\":301,\"caption\":\"Webdo\"},\"image\":{\"@id\":\"https:\\\/\\\/www.webdo.tn\\\/fr\\\/#\\\/schema\\\/logo\\\/image\\\/\"},\"sameAs\":[\"https:\\\/\\\/www.facebook.com\\\/webdotn\",\"https:\\\/\\\/x.com\\\/webdo_tn\"],\"description\":\"Webdo est un m\u00e9dia num\u00e9rique tunisien fond\u00e9 en 2010, sp\u00e9cialis\u00e9 dans l\u2019actualit\u00e9 nationale et internationale, l\u2019\u00e9conomie, la soci\u00e9t\u00e9 et les analyses politiques. Le site s\u2019adresse \u00e0 un large public francophone et couvre l\u2019information tunisienne en temps r\u00e9el.\",\"email\":\"redac@webdo.tn\",\"legalName\":\"YNJ SARL\",\"foundingDate\":\"2010-09-06\",\"numberOfEmployees\":{\"@type\":\"QuantitativeValue\",\"minValue\":\"11\",\"maxValue\":\"50\"}},{\"@type\":\"Person\",\"@id\":\"https:\\\/\\\/www.webdo.tn\\\/fr\\\/#\\\/schema\\\/person\\\/f35b42a42c5e2511bbd282959d6385cc\",\"name\":\"CL\",\"image\":{\"@type\":\"ImageObject\",\"inLanguage\":\"fr-FR\",\"@id\":\"https:\\\/\\\/secure.gravatar.com\\\/avatar\\\/1447a49909b67aa657c488aec6512e1dd6143a480c1ecfee9b5b5cd74eb3b59e?s=96&d=mm&r=g\",\"url\":\"https:\\\/\\\/secure.gravatar.com\\\/avatar\\\/1447a49909b67aa657c488aec6512e1dd6143a480c1ecfee9b5b5cd74eb3b59e?s=96&d=mm&r=g\",\"contentUrl\":\"https:\\\/\\\/secure.gravatar.com\\\/avatar\\\/1447a49909b67aa657c488aec6512e1dd6143a480c1ecfee9b5b5cd74eb3b59e?s=96&d=mm&r=g\",\"caption\":\"CL\"},\"url\":\"https:\\\/\\\/www.webdo.tn\\\/fr\\\/actualite\\\/author\\\/cl\\\/\"}]}<\/script>\n<!-- \/ Yoast SEO Premium plugin. -->","yoast_head_json":{"title":"Ligue 1 : A d\u00e9faut de stade, le Clasico EST-ESS report\u00e9","description":"A d\u00e9faut de stade, le match opposant l\u2019Esp\u00e9rance sportive de Tunis et l\u2019Etoile sportive du Sahel comptant pour la 4\u00e8me journ\u00e9e de la Ligue 1 a \u00e9t\u00e9 report\u00e9.","canonical":"https:\/\/www.webdo.tn\/fr\/actualite\/sport\/ligue-1-a-defaut-de-stade-le-clasico-est-ess-reporte\/201031\/","og_locale":"fr_FR","og_type":"article","og_title":"Ligue 1 : A d\u00e9faut de stade, le Clasico EST-ESS report\u00e9","og_description":"A d\u00e9faut de stade, le match opposant l\u2019Esp\u00e9rance sportive de Tunis et l\u2019Etoile sportive du Sahel comptant pour la 4\u00e8me journ\u00e9e de la Ligue 1 a \u00e9t\u00e9 report\u00e9.","og_url":"https:\/\/www.webdo.tn\/fr\/actualite\/sport\/ligue-1-a-defaut-de-stade-le-clasico-est-ess-reporte\/201031\/","og_site_name":"webdo","article_publisher":"https:\/\/www.facebook.com\/webdotn","article_published_time":"2022-12-22T18:08:00+00:00","article_modified_time":"2025-05-20T22:46:24+00:00","og_image":[{"width":750,"height":400,"url":"https:\/\/www.webdo.tn\/fr\/wp-content\/uploads\/2022\/12\/45a432728abbe0ead2ac60243717cea3.jpg","type":"image\/jpeg"}],"author":"CL","twitter_card":"summary_large_image","twitter_creator":"@webdo_tn","twitter_site":"@webdo_tn","twitter_misc":{"\u00c9crit par":"CL"},"schema":{"@context":"https:\/\/schema.org","@graph":[{"@type":"NewsArticle","@id":"https:\/\/www.webdo.tn\/fr\/actualite\/sport\/ligue-1-a-defaut-de-stade-le-clasico-est-ess-reporte\/201031\/#article","isPartOf":{"@id":"https:\/\/www.webdo.tn\/fr\/actualite\/sport\/ligue-1-a-defaut-de-stade-le-clasico-est-ess-reporte\/201031\/"},"author":{"name":"CL","@id":"https:\/\/www.webdo.tn\/fr\/#\/schema\/person\/f35b42a42c5e2511bbd282959d6385cc"},"headline":"Ligue 1 : A d\u00e9faut de stade, le Clasico EST-ESS report\u00e9","datePublished":"2022-12-22T18:08:00+00:00","dateModified":"2025-05-20T22:46:24+00:00","mainEntityOfPage":{"@id":"https:\/\/www.webdo.tn\/fr\/actualite\/sport\/ligue-1-a-defaut-de-stade-le-clasico-est-ess-reporte\/201031\/"},"wordCount":97,"commentCount":0,"publisher":{"@id":"https:\/\/www.webdo.tn\/fr\/#organization"},"image":{"@id":"https:\/\/www.webdo.tn\/fr\/actualite\/sport\/ligue-1-a-defaut-de-stade-le-clasico-est-ess-reporte\/201031\/#primaryimage"},"thumbnailUrl":"https:\/\/www.webdo.tn\/fr\/wp-content\/uploads\/2022\/12\/45a432728abbe0ead2ac60243717cea3.jpg","keywords":["ESS","EST","Ligue 1","Tunisie"],"articleSection":["Sport"],"inLanguage":"fr-FR"},{"@type":"WebPage","@id":"https:\/\/www.webdo.tn\/fr\/actualite\/sport\/ligue-1-a-defaut-de-stade-le-clasico-est-ess-reporte\/201031\/","url":"https:\/\/www.webdo.tn\/fr\/actualite\/sport\/ligue-1-a-defaut-de-stade-le-clasico-est-ess-reporte\/201031\/","name":"Ligue 1 : A d\u00e9faut de stade, le Clasico EST-ESS report\u00e9","isPartOf":{"@id":"https:\/\/www.webdo.tn\/fr\/#website"},"primaryImageOfPage":{"@id":"https:\/\/www.webdo.tn\/fr\/actualite\/sport\/ligue-1-a-defaut-de-stade-le-clasico-est-ess-reporte\/201031\/#primaryimage"},"image":{"@id":"https:\/\/www.webdo.tn\/fr\/actualite\/sport\/ligue-1-a-defaut-de-stade-le-clasico-est-ess-reporte\/201031\/#primaryimage"},"thumbnailUrl":"https:\/\/www.webdo.tn\/fr\/wp-content\/uploads\/2022\/12\/45a432728abbe0ead2ac60243717cea3.jpg","datePublished":"2022-12-22T18:08:00+00:00","dateModified":"2025-05-20T22:46:24+00:00","description":"A d\u00e9faut de stade, le match opposant l\u2019Esp\u00e9rance sportive de Tunis et l\u2019Etoile sportive du Sahel comptant pour la 4\u00e8me journ\u00e9e de la Ligue 1 a \u00e9t\u00e9 report\u00e9.","breadcrumb":{"@id":"https:\/\/www.webdo.tn\/fr\/actualite\/sport\/ligue-1-a-defaut-de-stade-le-clasico-est-ess-reporte\/201031\/#breadcrumb"},"inLanguage":"fr-FR","potentialAction":[{"@type":"ReadAction","target":["https:\/\/www.webdo.tn\/fr\/actualite\/sport\/ligue-1-a-defaut-de-stade-le-clasico-est-ess-reporte\/201031\/"]}]},{"@type":"ImageObject","inLanguage":"fr-FR","@id":"https:\/\/www.webdo.tn\/fr\/actualite\/sport\/ligue-1-a-defaut-de-stade-le-clasico-est-ess-reporte\/201031\/#primaryimage","url":"https:\/\/www.webdo.tn\/fr\/wp-content\/uploads\/2022\/12\/45a432728abbe0ead2ac60243717cea3.jpg","contentUrl":"https:\/\/www.webdo.tn\/fr\/wp-content\/uploads\/2022\/12\/45a432728abbe0ead2ac60243717cea3.jpg","width":750,"height":400,"caption":"Stade de Rad\u00e8s"},{"@type":"BreadcrumbList","@id":"https:\/\/www.webdo.tn\/fr\/actualite\/sport\/ligue-1-a-defaut-de-stade-le-clasico-est-ess-reporte\/201031\/#breadcrumb","itemListElement":[{"@type":"ListItem","position":1,"name":"Accueil","item":"https:\/\/www.webdo.tn\/fr\/"},{"@type":"ListItem","position":2,"name":"Ligue 1 : A d\u00e9faut de stade, le Clasico EST-ESS report\u00e9"}]},{"@type":"WebSite","@id":"https:\/\/www.webdo.tn\/fr\/#website","url":"https:\/\/www.webdo.tn\/fr\/","name":"webdo","description":"Tunisie - News en Tunisie et \u00e0 l&#039;international sur Webdo.tn","publisher":{"@id":"https:\/\/www.webdo.tn\/fr\/#organization"},"potentialAction":[{"@type":"SearchAction","target":{"@type":"EntryPoint","urlTemplate":"https:\/\/www.webdo.tn\/fr\/?s={search_term_string}"},"query-input":{"@type":"PropertyValueSpecification","valueRequired":true,"valueName":"search_term_string"}}],"inLanguage":"fr-FR"},{"@type":"Organization","@id":"https:\/\/www.webdo.tn\/fr\/#organization","name":"Webdo","alternateName":"Webdo.tn","url":"https:\/\/www.webdo.tn\/fr\/","logo":{"@type":"ImageObject","inLanguage":"fr-FR","@id":"https:\/\/www.webdo.tn\/fr\/#\/schema\/logo\/image\/","url":"https:\/\/www.webdo.tn\/fr\/wp-content\/uploads\/2025\/06\/Webdo-Tunisie_168377.jpg","contentUrl":"https:\/\/www.webdo.tn\/fr\/wp-content\/uploads\/2025\/06\/Webdo-Tunisie_168377.jpg","width":301,"height":301,"caption":"Webdo"},"image":{"@id":"https:\/\/www.webdo.tn\/fr\/#\/schema\/logo\/image\/"},"sameAs":["https:\/\/www.facebook.com\/webdotn","https:\/\/x.com\/webdo_tn"],"description":"Webdo est un m\u00e9dia num\u00e9rique tunisien fond\u00e9 en 2010, sp\u00e9cialis\u00e9 dans l\u2019actualit\u00e9 nationale et internationale, l\u2019\u00e9conomie, la soci\u00e9t\u00e9 et les analyses politiques. Le site s\u2019adresse \u00e0 un large public francophone et couvre l\u2019information tunisienne en temps r\u00e9el.","email":"redac@webdo.tn","legalName":"YNJ SARL","foundingDate":"2010-09-06","numberOfEmployees":{"@type":"QuantitativeValue","minValue":"11","maxValue":"50"}},{"@type":"Person","@id":"https:\/\/www.webdo.tn\/fr\/#\/schema\/person\/f35b42a42c5e2511bbd282959d6385cc","name":"CL","image":{"@type":"ImageObject","inLanguage":"fr-FR","@id":"https:\/\/secure.gravatar.com\/avatar\/1447a49909b67aa657c488aec6512e1dd6143a480c1ecfee9b5b5cd74eb3b59e?s=96&d=mm&r=g","url":"https:\/\/secure.gravatar.com\/avatar\/1447a49909b67aa657c488aec6512e1dd6143a480c1ecfee9b5b5cd74eb3b59e?s=96&d=mm&r=g","contentUrl":"https:\/\/secure.gravatar.com\/avatar\/1447a49909b67aa657c488aec6512e1dd6143a480c1ecfee9b5b5cd74eb3b59e?s=96&d=mm&r=g","caption":"CL"},"url":"https:\/\/www.webdo.tn\/fr\/actualite\/author\/cl\/"}]}},"_links":{"self":[{"href":"https:\/\/www.webdo.tn\/fr\/wp-json\/wp\/v2\/posts\/201031","targetHints":{"allow":["GET"]}}],"collection":[{"href":"https:\/\/www.webdo.tn\/fr\/wp-json\/wp\/v2\/posts"}],"about":[{"href":"https:\/\/www.webdo.tn\/fr\/wp-json\/wp\/v2\/types\/post"}],"author":[{"embeddable":true,"href":"https:\/\/www.webdo.tn\/fr\/wp-json\/wp\/v2\/users\/3175"}],"replies":[{"embeddable":true,"href":"https:\/\/www.webdo.tn\/fr\/wp-json\/wp\/v2\/comments?post=201031"}],"version-history":[{"count":0,"href":"https:\/\/www.webdo.tn\/fr\/wp-json\/wp\/v2\/posts\/201031\/revisions"}],"wp:featuredmedia":[{"embeddable":true,"href":"https:\/\/www.webdo.tn\/fr\/wp-json\/wp\/v2\/media\/252763"}],"wp:attachment":[{"href":"https:\/\/www.webdo.tn\/fr\/wp-json\/wp\/v2\/media?parent=201031"}],"wp:term":[{"taxonomy":"category","embeddable":true,"href":"https:\/\/www.webdo.tn\/fr\/wp-json\/wp\/v2\/categories?post=201031"},{"taxonomy":"post_tag","embeddable":true,"href":"https:\/\/www.webdo.tn\/fr\/wp-json\/wp\/v2\/tags?post=201031"}],"curies":[{"name":"wp","href":"https:\/\/api.w.org\/{rel}","templated":true}]}}