{"id":201026,"date":"2022-12-22T15:02:00","date_gmt":"2022-12-22T15:02:00","guid":{"rendered":"https:\/\/www.webdo.tn\/fr\/blog\/referendum-l-isie-saisit-la-justice-contre-des-pages-facebook\/201026\/"},"modified":"2025-05-20T23:01:06","modified_gmt":"2025-05-20T23:01:06","slug":"referendum-l-isie-saisit-la-justice-contre-des-pages-facebook","status":"publish","type":"post","link":"https:\/\/www.webdo.tn\/fr\/actualite\/national\/referendum-l-isie-saisit-la-justice-contre-des-pages-facebook\/201026\/","title":{"rendered":"R\u00e9f\u00e9rendum : l\u2019ISIE saisit la justice contre des pages facebook"},"content":{"rendered":"<p>Selon le dernier num\u00e9ro du Journal officiel de la r\u00e9publique tunisienne (JORT), l\u2019Instance sup\u00e9rieure ind\u00e9pendante pour les \u00e9lections (ISIE) a, officiellement, port\u00e9 plainte contre des dizaines de pages facebook.<\/p>\n<p>\t\t\t\t\t\t\t\t\tLes plaintes, d\u00e9pos\u00e9es aupr\u00e8s du tribunal de premi\u00e8re instance de Tunis, portent sur nombre d\u2019infractions recens\u00e9es lors de la campagne relative au r\u00e9f\u00e9rendum de juillet 2022, tels que les injures, la diffamation, la publicit\u00e9 politique, ou encore les financements \u00e9trangers et la propagation des intox.<\/p>\n","protected":false},"excerpt":{"rendered":"<p>Selon le dernier num\u00e9ro du Journal officiel de la r\u00e9publique tunisienne (JORT), l\u2019Instance sup\u00e9rieure ind\u00e9pendante pour les \u00e9lections (ISIE) a, officiellement,&#8230;<\/p>\n","protected":false},"author":3196,"featured_media":252757,"comment_status":"open","ping_status":"closed","sticky":false,"template":"","format":"standard","meta":{"footnotes":""},"categories":[44],"tags":[2967,7348],"class_list":["post-201026","post","type-post","status-publish","format-standard","has-post-thumbnail","hentry","category-national","tag-isie","tag-referendum"],"yoast_head":"<!-- This site is optimized with the Yoast SEO Premium plugin v27.4 (Yoast SEO v27.5) - https:\/\/yoast.com\/product\/yoast-seo-premium-wordpress\/ -->\n<title>R\u00e9f\u00e9rendum : l\u2019ISIE saisit la justice contre des pages facebook<\/title>\n<meta name=\"description\" content=\"Selon le dernier num\u00e9ro du Journal officiel de la r\u00e9publique tunisienne (JORT), l\u2019Instance sup\u00e9rieure ind\u00e9pendante pour les \u00e9lections (ISIE) a, officiellement,...\" \/>\n<link rel=\"canonical\" href=\"https:\/\/www.webdo.tn\/fr\/actualite\/national\/referendum-l-isie-saisit-la-justice-contre-des-pages-facebook\/201026\/\" \/>\n<meta property=\"og:locale\" content=\"fr_FR\" \/>\n<meta property=\"og:type\" content=\"article\" \/>\n<meta property=\"og:title\" content=\"R\u00e9f\u00e9rendum : l\u2019ISIE saisit la justice contre des pages facebook\" \/>\n<meta property=\"og:description\" content=\"Selon le dernier num\u00e9ro du Journal officiel de la r\u00e9publique tunisienne (JORT), l\u2019Instance sup\u00e9rieure ind\u00e9pendante pour les \u00e9lections (ISIE) a, officiellement,...\" \/>\n<meta property=\"og:url\" content=\"https:\/\/www.webdo.tn\/fr\/actualite\/national\/referendum-l-isie-saisit-la-justice-contre-des-pages-facebook\/201026\/\" \/>\n<meta property=\"og:site_name\" content=\"webdo\" \/>\n<meta property=\"article:publisher\" content=\"https:\/\/www.facebook.com\/webdotn\" \/>\n<meta property=\"article:published_time\" content=\"2022-12-22T15:02:00+00:00\" \/>\n<meta property=\"article:modified_time\" content=\"2025-05-20T23:01:06+00:00\" \/>\n<meta property=\"og:image\" content=\"https:\/\/www.webdo.tn\/fr\/wp-content\/uploads\/2022\/12\/c9e548ea35b10d79c39c37d8f301a23a.jpg\" \/>\n\t<meta property=\"og:image:width\" content=\"750\" \/>\n\t<meta property=\"og:image:height\" content=\"400\" \/>\n\t<meta property=\"og:image:type\" content=\"image\/jpeg\" \/>\n<meta name=\"author\" content=\"MK\" \/>\n<meta name=\"twitter:card\" content=\"summary_large_image\" \/>\n<meta name=\"twitter:creator\" content=\"@webdo_tn\" \/>\n<meta name=\"twitter:site\" content=\"@webdo_tn\" \/>\n<meta name=\"twitter:label1\" content=\"\u00c9crit par\" \/>\n\t<meta name=\"twitter:data1\" content=\"MK\" \/>\n<script type=\"application\/ld+json\" class=\"yoast-schema-graph\">{\"@context\":\"https:\\\/\\\/schema.org\",\"@graph\":[{\"@type\":\"NewsArticle\",\"@id\":\"https:\\\/\\\/www.webdo.tn\\\/fr\\\/actualite\\\/national\\\/referendum-l-isie-saisit-la-justice-contre-des-pages-facebook\\\/201026\\\/#article\",\"isPartOf\":{\"@id\":\"https:\\\/\\\/www.webdo.tn\\\/fr\\\/actualite\\\/national\\\/referendum-l-isie-saisit-la-justice-contre-des-pages-facebook\\\/201026\\\/\"},\"author\":{\"name\":\"MK\",\"@id\":\"https:\\\/\\\/www.webdo.tn\\\/fr\\\/#\\\/schema\\\/person\\\/c3a9d32fa6d495ca5f4b6510e3db97bf\"},\"headline\":\"R\u00e9f\u00e9rendum : l\u2019ISIE saisit la justice contre des pages facebook\",\"datePublished\":\"2022-12-22T15:02:00+00:00\",\"dateModified\":\"2025-05-20T23:01:06+00:00\",\"mainEntityOfPage\":{\"@id\":\"https:\\\/\\\/www.webdo.tn\\\/fr\\\/actualite\\\/national\\\/referendum-l-isie-saisit-la-justice-contre-des-pages-facebook\\\/201026\\\/\"},\"wordCount\":98,\"commentCount\":0,\"publisher\":{\"@id\":\"https:\\\/\\\/www.webdo.tn\\\/fr\\\/#organization\"},\"image\":{\"@id\":\"https:\\\/\\\/www.webdo.tn\\\/fr\\\/actualite\\\/national\\\/referendum-l-isie-saisit-la-justice-contre-des-pages-facebook\\\/201026\\\/#primaryimage\"},\"thumbnailUrl\":\"https:\\\/\\\/www.webdo.tn\\\/fr\\\/wp-content\\\/uploads\\\/2022\\\/12\\\/c9e548ea35b10d79c39c37d8f301a23a.jpg\",\"keywords\":[\"ISIE\",\"r\u00e9f\u00e9rendum\"],\"articleSection\":[\"National\"],\"inLanguage\":\"fr-FR\"},{\"@type\":\"WebPage\",\"@id\":\"https:\\\/\\\/www.webdo.tn\\\/fr\\\/actualite\\\/national\\\/referendum-l-isie-saisit-la-justice-contre-des-pages-facebook\\\/201026\\\/\",\"url\":\"https:\\\/\\\/www.webdo.tn\\\/fr\\\/actualite\\\/national\\\/referendum-l-isie-saisit-la-justice-contre-des-pages-facebook\\\/201026\\\/\",\"name\":\"R\u00e9f\u00e9rendum : l\u2019ISIE saisit la justice contre des pages facebook\",\"isPartOf\":{\"@id\":\"https:\\\/\\\/www.webdo.tn\\\/fr\\\/#website\"},\"primaryImageOfPage\":{\"@id\":\"https:\\\/\\\/www.webdo.tn\\\/fr\\\/actualite\\\/national\\\/referendum-l-isie-saisit-la-justice-contre-des-pages-facebook\\\/201026\\\/#primaryimage\"},\"image\":{\"@id\":\"https:\\\/\\\/www.webdo.tn\\\/fr\\\/actualite\\\/national\\\/referendum-l-isie-saisit-la-justice-contre-des-pages-facebook\\\/201026\\\/#primaryimage\"},\"thumbnailUrl\":\"https:\\\/\\\/www.webdo.tn\\\/fr\\\/wp-content\\\/uploads\\\/2022\\\/12\\\/c9e548ea35b10d79c39c37d8f301a23a.jpg\",\"datePublished\":\"2022-12-22T15:02:00+00:00\",\"dateModified\":\"2025-05-20T23:01:06+00:00\",\"description\":\"Selon le dernier num\u00e9ro du Journal officiel de la r\u00e9publique tunisienne (JORT), l\u2019Instance sup\u00e9rieure ind\u00e9pendante pour les \u00e9lections (ISIE) a, officiellement,...\",\"breadcrumb\":{\"@id\":\"https:\\\/\\\/www.webdo.tn\\\/fr\\\/actualite\\\/national\\\/referendum-l-isie-saisit-la-justice-contre-des-pages-facebook\\\/201026\\\/#breadcrumb\"},\"inLanguage\":\"fr-FR\",\"potentialAction\":[{\"@type\":\"ReadAction\",\"target\":[\"https:\\\/\\\/www.webdo.tn\\\/fr\\\/actualite\\\/national\\\/referendum-l-isie-saisit-la-justice-contre-des-pages-facebook\\\/201026\\\/\"]}]},{\"@type\":\"ImageObject\",\"inLanguage\":\"fr-FR\",\"@id\":\"https:\\\/\\\/www.webdo.tn\\\/fr\\\/actualite\\\/national\\\/referendum-l-isie-saisit-la-justice-contre-des-pages-facebook\\\/201026\\\/#primaryimage\",\"url\":\"https:\\\/\\\/www.webdo.tn\\\/fr\\\/wp-content\\\/uploads\\\/2022\\\/12\\\/c9e548ea35b10d79c39c37d8f301a23a.jpg\",\"contentUrl\":\"https:\\\/\\\/www.webdo.tn\\\/fr\\\/wp-content\\\/uploads\\\/2022\\\/12\\\/c9e548ea35b10d79c39c37d8f301a23a.jpg\",\"width\":750,\"height\":400,\"caption\":\"isie r\u00e9f\u00e9rendum\"},{\"@type\":\"BreadcrumbList\",\"@id\":\"https:\\\/\\\/www.webdo.tn\\\/fr\\\/actualite\\\/national\\\/referendum-l-isie-saisit-la-justice-contre-des-pages-facebook\\\/201026\\\/#breadcrumb\",\"itemListElement\":[{\"@type\":\"ListItem\",\"position\":1,\"name\":\"Accueil\",\"item\":\"https:\\\/\\\/www.webdo.tn\\\/fr\\\/\"},{\"@type\":\"ListItem\",\"position\":2,\"name\":\"R\u00e9f\u00e9rendum : l\u2019ISIE saisit la justice contre des pages facebook\"}]},{\"@type\":\"WebSite\",\"@id\":\"https:\\\/\\\/www.webdo.tn\\\/fr\\\/#website\",\"url\":\"https:\\\/\\\/www.webdo.tn\\\/fr\\\/\",\"name\":\"webdo\",\"description\":\"Tunisie - News en Tunisie et \u00e0 l&#039;international sur Webdo.tn\",\"publisher\":{\"@id\":\"https:\\\/\\\/www.webdo.tn\\\/fr\\\/#organization\"},\"potentialAction\":[{\"@type\":\"SearchAction\",\"target\":{\"@type\":\"EntryPoint\",\"urlTemplate\":\"https:\\\/\\\/www.webdo.tn\\\/fr\\\/?s={search_term_string}\"},\"query-input\":{\"@type\":\"PropertyValueSpecification\",\"valueRequired\":true,\"valueName\":\"search_term_string\"}}],\"inLanguage\":\"fr-FR\"},{\"@type\":\"Organization\",\"@id\":\"https:\\\/\\\/www.webdo.tn\\\/fr\\\/#organization\",\"name\":\"Webdo\",\"alternateName\":\"Webdo.tn\",\"url\":\"https:\\\/\\\/www.webdo.tn\\\/fr\\\/\",\"logo\":{\"@type\":\"ImageObject\",\"inLanguage\":\"fr-FR\",\"@id\":\"https:\\\/\\\/www.webdo.tn\\\/fr\\\/#\\\/schema\\\/logo\\\/image\\\/\",\"url\":\"https:\\\/\\\/www.webdo.tn\\\/fr\\\/wp-content\\\/uploads\\\/2025\\\/06\\\/Webdo-Tunisie_168377.jpg\",\"contentUrl\":\"https:\\\/\\\/www.webdo.tn\\\/fr\\\/wp-content\\\/uploads\\\/2025\\\/06\\\/Webdo-Tunisie_168377.jpg\",\"width\":301,\"height\":301,\"caption\":\"Webdo\"},\"image\":{\"@id\":\"https:\\\/\\\/www.webdo.tn\\\/fr\\\/#\\\/schema\\\/logo\\\/image\\\/\"},\"sameAs\":[\"https:\\\/\\\/www.facebook.com\\\/webdotn\",\"https:\\\/\\\/x.com\\\/webdo_tn\"],\"description\":\"Webdo est un m\u00e9dia num\u00e9rique tunisien fond\u00e9 en 2010, sp\u00e9cialis\u00e9 dans l\u2019actualit\u00e9 nationale et internationale, l\u2019\u00e9conomie, la soci\u00e9t\u00e9 et les analyses politiques. Le site s\u2019adresse \u00e0 un large public francophone et couvre l\u2019information tunisienne en temps r\u00e9el.\",\"email\":\"redac@webdo.tn\",\"legalName\":\"YNJ SARL\",\"foundingDate\":\"2010-09-06\",\"numberOfEmployees\":{\"@type\":\"QuantitativeValue\",\"minValue\":\"11\",\"maxValue\":\"50\"}},{\"@type\":\"Person\",\"@id\":\"https:\\\/\\\/www.webdo.tn\\\/fr\\\/#\\\/schema\\\/person\\\/c3a9d32fa6d495ca5f4b6510e3db97bf\",\"name\":\"MK\",\"image\":{\"@type\":\"ImageObject\",\"inLanguage\":\"fr-FR\",\"@id\":\"https:\\\/\\\/secure.gravatar.com\\\/avatar\\\/6d44f937f19929f3b75db77056d3e08abd6e302e71bcfea340cd8b00c13e7baf?s=96&d=mm&r=g\",\"url\":\"https:\\\/\\\/secure.gravatar.com\\\/avatar\\\/6d44f937f19929f3b75db77056d3e08abd6e302e71bcfea340cd8b00c13e7baf?s=96&d=mm&r=g\",\"contentUrl\":\"https:\\\/\\\/secure.gravatar.com\\\/avatar\\\/6d44f937f19929f3b75db77056d3e08abd6e302e71bcfea340cd8b00c13e7baf?s=96&d=mm&r=g\",\"caption\":\"MK\"},\"url\":\"https:\\\/\\\/www.webdo.tn\\\/fr\\\/actualite\\\/author\\\/mk\\\/\"}]}<\/script>\n<!-- \/ Yoast SEO Premium plugin. -->","yoast_head_json":{"title":"R\u00e9f\u00e9rendum : l\u2019ISIE saisit la justice contre des pages facebook","description":"Selon le dernier num\u00e9ro du Journal officiel de la r\u00e9publique tunisienne (JORT), l\u2019Instance sup\u00e9rieure ind\u00e9pendante pour les \u00e9lections (ISIE) a, officiellement,...","canonical":"https:\/\/www.webdo.tn\/fr\/actualite\/national\/referendum-l-isie-saisit-la-justice-contre-des-pages-facebook\/201026\/","og_locale":"fr_FR","og_type":"article","og_title":"R\u00e9f\u00e9rendum : l\u2019ISIE saisit la justice contre des pages facebook","og_description":"Selon le dernier num\u00e9ro du Journal officiel de la r\u00e9publique tunisienne (JORT), l\u2019Instance sup\u00e9rieure ind\u00e9pendante pour les \u00e9lections (ISIE) a, officiellement,...","og_url":"https:\/\/www.webdo.tn\/fr\/actualite\/national\/referendum-l-isie-saisit-la-justice-contre-des-pages-facebook\/201026\/","og_site_name":"webdo","article_publisher":"https:\/\/www.facebook.com\/webdotn","article_published_time":"2022-12-22T15:02:00+00:00","article_modified_time":"2025-05-20T23:01:06+00:00","og_image":[{"width":750,"height":400,"url":"https:\/\/www.webdo.tn\/fr\/wp-content\/uploads\/2022\/12\/c9e548ea35b10d79c39c37d8f301a23a.jpg","type":"image\/jpeg"}],"author":"MK","twitter_card":"summary_large_image","twitter_creator":"@webdo_tn","twitter_site":"@webdo_tn","twitter_misc":{"\u00c9crit par":"MK"},"schema":{"@context":"https:\/\/schema.org","@graph":[{"@type":"NewsArticle","@id":"https:\/\/www.webdo.tn\/fr\/actualite\/national\/referendum-l-isie-saisit-la-justice-contre-des-pages-facebook\/201026\/#article","isPartOf":{"@id":"https:\/\/www.webdo.tn\/fr\/actualite\/national\/referendum-l-isie-saisit-la-justice-contre-des-pages-facebook\/201026\/"},"author":{"name":"MK","@id":"https:\/\/www.webdo.tn\/fr\/#\/schema\/person\/c3a9d32fa6d495ca5f4b6510e3db97bf"},"headline":"R\u00e9f\u00e9rendum : l\u2019ISIE saisit la justice contre des pages facebook","datePublished":"2022-12-22T15:02:00+00:00","dateModified":"2025-05-20T23:01:06+00:00","mainEntityOfPage":{"@id":"https:\/\/www.webdo.tn\/fr\/actualite\/national\/referendum-l-isie-saisit-la-justice-contre-des-pages-facebook\/201026\/"},"wordCount":98,"commentCount":0,"publisher":{"@id":"https:\/\/www.webdo.tn\/fr\/#organization"},"image":{"@id":"https:\/\/www.webdo.tn\/fr\/actualite\/national\/referendum-l-isie-saisit-la-justice-contre-des-pages-facebook\/201026\/#primaryimage"},"thumbnailUrl":"https:\/\/www.webdo.tn\/fr\/wp-content\/uploads\/2022\/12\/c9e548ea35b10d79c39c37d8f301a23a.jpg","keywords":["ISIE","r\u00e9f\u00e9rendum"],"articleSection":["National"],"inLanguage":"fr-FR"},{"@type":"WebPage","@id":"https:\/\/www.webdo.tn\/fr\/actualite\/national\/referendum-l-isie-saisit-la-justice-contre-des-pages-facebook\/201026\/","url":"https:\/\/www.webdo.tn\/fr\/actualite\/national\/referendum-l-isie-saisit-la-justice-contre-des-pages-facebook\/201026\/","name":"R\u00e9f\u00e9rendum : l\u2019ISIE saisit la justice contre des pages facebook","isPartOf":{"@id":"https:\/\/www.webdo.tn\/fr\/#website"},"primaryImageOfPage":{"@id":"https:\/\/www.webdo.tn\/fr\/actualite\/national\/referendum-l-isie-saisit-la-justice-contre-des-pages-facebook\/201026\/#primaryimage"},"image":{"@id":"https:\/\/www.webdo.tn\/fr\/actualite\/national\/referendum-l-isie-saisit-la-justice-contre-des-pages-facebook\/201026\/#primaryimage"},"thumbnailUrl":"https:\/\/www.webdo.tn\/fr\/wp-content\/uploads\/2022\/12\/c9e548ea35b10d79c39c37d8f301a23a.jpg","datePublished":"2022-12-22T15:02:00+00:00","dateModified":"2025-05-20T23:01:06+00:00","description":"Selon le dernier num\u00e9ro du Journal officiel de la r\u00e9publique tunisienne (JORT), l\u2019Instance sup\u00e9rieure ind\u00e9pendante pour les \u00e9lections (ISIE) a, officiellement,...","breadcrumb":{"@id":"https:\/\/www.webdo.tn\/fr\/actualite\/national\/referendum-l-isie-saisit-la-justice-contre-des-pages-facebook\/201026\/#breadcrumb"},"inLanguage":"fr-FR","potentialAction":[{"@type":"ReadAction","target":["https:\/\/www.webdo.tn\/fr\/actualite\/national\/referendum-l-isie-saisit-la-justice-contre-des-pages-facebook\/201026\/"]}]},{"@type":"ImageObject","inLanguage":"fr-FR","@id":"https:\/\/www.webdo.tn\/fr\/actualite\/national\/referendum-l-isie-saisit-la-justice-contre-des-pages-facebook\/201026\/#primaryimage","url":"https:\/\/www.webdo.tn\/fr\/wp-content\/uploads\/2022\/12\/c9e548ea35b10d79c39c37d8f301a23a.jpg","contentUrl":"https:\/\/www.webdo.tn\/fr\/wp-content\/uploads\/2022\/12\/c9e548ea35b10d79c39c37d8f301a23a.jpg","width":750,"height":400,"caption":"isie r\u00e9f\u00e9rendum"},{"@type":"BreadcrumbList","@id":"https:\/\/www.webdo.tn\/fr\/actualite\/national\/referendum-l-isie-saisit-la-justice-contre-des-pages-facebook\/201026\/#breadcrumb","itemListElement":[{"@type":"ListItem","position":1,"name":"Accueil","item":"https:\/\/www.webdo.tn\/fr\/"},{"@type":"ListItem","position":2,"name":"R\u00e9f\u00e9rendum : l\u2019ISIE saisit la justice contre des pages facebook"}]},{"@type":"WebSite","@id":"https:\/\/www.webdo.tn\/fr\/#website","url":"https:\/\/www.webdo.tn\/fr\/","name":"webdo","description":"Tunisie - News en Tunisie et \u00e0 l&#039;international sur Webdo.tn","publisher":{"@id":"https:\/\/www.webdo.tn\/fr\/#organization"},"potentialAction":[{"@type":"SearchAction","target":{"@type":"EntryPoint","urlTemplate":"https:\/\/www.webdo.tn\/fr\/?s={search_term_string}"},"query-input":{"@type":"PropertyValueSpecification","valueRequired":true,"valueName":"search_term_string"}}],"inLanguage":"fr-FR"},{"@type":"Organization","@id":"https:\/\/www.webdo.tn\/fr\/#organization","name":"Webdo","alternateName":"Webdo.tn","url":"https:\/\/www.webdo.tn\/fr\/","logo":{"@type":"ImageObject","inLanguage":"fr-FR","@id":"https:\/\/www.webdo.tn\/fr\/#\/schema\/logo\/image\/","url":"https:\/\/www.webdo.tn\/fr\/wp-content\/uploads\/2025\/06\/Webdo-Tunisie_168377.jpg","contentUrl":"https:\/\/www.webdo.tn\/fr\/wp-content\/uploads\/2025\/06\/Webdo-Tunisie_168377.jpg","width":301,"height":301,"caption":"Webdo"},"image":{"@id":"https:\/\/www.webdo.tn\/fr\/#\/schema\/logo\/image\/"},"sameAs":["https:\/\/www.facebook.com\/webdotn","https:\/\/x.com\/webdo_tn"],"description":"Webdo est un m\u00e9dia num\u00e9rique tunisien fond\u00e9 en 2010, sp\u00e9cialis\u00e9 dans l\u2019actualit\u00e9 nationale et internationale, l\u2019\u00e9conomie, la soci\u00e9t\u00e9 et les analyses politiques. Le site s\u2019adresse \u00e0 un large public francophone et couvre l\u2019information tunisienne en temps r\u00e9el.","email":"redac@webdo.tn","legalName":"YNJ SARL","foundingDate":"2010-09-06","numberOfEmployees":{"@type":"QuantitativeValue","minValue":"11","maxValue":"50"}},{"@type":"Person","@id":"https:\/\/www.webdo.tn\/fr\/#\/schema\/person\/c3a9d32fa6d495ca5f4b6510e3db97bf","name":"MK","image":{"@type":"ImageObject","inLanguage":"fr-FR","@id":"https:\/\/secure.gravatar.com\/avatar\/6d44f937f19929f3b75db77056d3e08abd6e302e71bcfea340cd8b00c13e7baf?s=96&d=mm&r=g","url":"https:\/\/secure.gravatar.com\/avatar\/6d44f937f19929f3b75db77056d3e08abd6e302e71bcfea340cd8b00c13e7baf?s=96&d=mm&r=g","contentUrl":"https:\/\/secure.gravatar.com\/avatar\/6d44f937f19929f3b75db77056d3e08abd6e302e71bcfea340cd8b00c13e7baf?s=96&d=mm&r=g","caption":"MK"},"url":"https:\/\/www.webdo.tn\/fr\/actualite\/author\/mk\/"}]}},"_links":{"self":[{"href":"https:\/\/www.webdo.tn\/fr\/wp-json\/wp\/v2\/posts\/201026","targetHints":{"allow":["GET"]}}],"collection":[{"href":"https:\/\/www.webdo.tn\/fr\/wp-json\/wp\/v2\/posts"}],"about":[{"href":"https:\/\/www.webdo.tn\/fr\/wp-json\/wp\/v2\/types\/post"}],"author":[{"embeddable":true,"href":"https:\/\/www.webdo.tn\/fr\/wp-json\/wp\/v2\/users\/3196"}],"replies":[{"embeddable":true,"href":"https:\/\/www.webdo.tn\/fr\/wp-json\/wp\/v2\/comments?post=201026"}],"version-history":[{"count":0,"href":"https:\/\/www.webdo.tn\/fr\/wp-json\/wp\/v2\/posts\/201026\/revisions"}],"wp:featuredmedia":[{"embeddable":true,"href":"https:\/\/www.webdo.tn\/fr\/wp-json\/wp\/v2\/media\/252757"}],"wp:attachment":[{"href":"https:\/\/www.webdo.tn\/fr\/wp-json\/wp\/v2\/media?parent=201026"}],"wp:term":[{"taxonomy":"category","embeddable":true,"href":"https:\/\/www.webdo.tn\/fr\/wp-json\/wp\/v2\/categories?post=201026"},{"taxonomy":"post_tag","embeddable":true,"href":"https:\/\/www.webdo.tn\/fr\/wp-json\/wp\/v2\/tags?post=201026"}],"curies":[{"name":"wp","href":"https:\/\/api.w.org\/{rel}","templated":true}]}}