{"id":201023,"date":"2022-12-22T14:19:00","date_gmt":"2022-12-22T14:19:00","guid":{"rendered":"https:\/\/www.webdo.tn\/fr\/blog\/emigration-irreguliere-81-personnes-interpellees-et-31-secourues-a-nabeul\/201023\/"},"modified":"2025-05-20T22:03:48","modified_gmt":"2025-05-20T22:03:48","slug":"emigration-irreguliere-81-personnes-interpellees-et-31-secourues-a-nabeul","status":"publish","type":"post","link":"https:\/\/www.webdo.tn\/fr\/actualite\/national\/emigration-irreguliere-81-personnes-interpellees-et-31-secourues-a-nabeul\/201023\/","title":{"rendered":"Emigration irr\u00e9guli\u00e8re : 81 personnes interpell\u00e9es et 31 secourues \u00e0 Nabeul"},"content":{"rendered":"<p>La Garde maritime de Nabeul a mis en \u00e9chec sept tentatives d&rsquo;\u00e9migration irr\u00e9guli\u00e8re dans la nuit du 19 au 20 d\u00e9cembre, rapporte une source s\u00e9curitaire relevant de la Garde nationale \u00e0 Nabeul.<\/p>\n<p>\t\t\t\t\t\t\t\t\tAu total, 81 personnes ont \u00e9t\u00e9 interpell\u00e9es lors de ces op\u00e9rations d\u2019\u00e9migration et 31 personnes ont \u00e9t\u00e9 secourues suite au naufrage de leur embarcation.<\/p>\n","protected":false},"excerpt":{"rendered":"<p>La Garde maritime de Nabeul a mis en \u00e9chec sept tentatives d&rsquo;\u00e9migration irr\u00e9guli\u00e8re dans la nuit du 19 au 20 d\u00e9cembre, rapporte une source s\u00e9curitaire relevant&#8230;<\/p>\n","protected":false},"author":3162,"featured_media":252754,"comment_status":"open","ping_status":"closed","sticky":false,"template":"","format":"standard","meta":{"footnotes":""},"categories":[44],"tags":[6400,2751,3594],"class_list":["post-201023","post","type-post","status-publish","format-standard","has-post-thumbnail","hentry","category-national","tag-garde-maritime","tag-nabeul","tag-naufrage"],"yoast_head":"<!-- This site is optimized with the Yoast SEO Premium plugin v27.4 (Yoast SEO v27.5) - https:\/\/yoast.com\/product\/yoast-seo-premium-wordpress\/ -->\n<title>Emigration irr\u00e9guli\u00e8re : 81 personnes interpell\u00e9es et 31 secourues \u00e0 Nabeul<\/title>\n<meta name=\"description\" content=\"La Garde maritime de Nabeul a mis en \u00e9chec sept tentatives d&#039;\u00e9migration irr\u00e9guli\u00e8re dans la nuit du 19 au 20 d\u00e9cembre, rapporte une source s\u00e9curitaire relevant...\" \/>\n<link rel=\"canonical\" href=\"https:\/\/www.webdo.tn\/fr\/actualite\/national\/emigration-irreguliere-81-personnes-interpellees-et-31-secourues-a-nabeul\/201023\/\" \/>\n<meta property=\"og:locale\" content=\"fr_FR\" \/>\n<meta property=\"og:type\" content=\"article\" \/>\n<meta property=\"og:title\" content=\"Emigration irr\u00e9guli\u00e8re : 81 personnes interpell\u00e9es et 31 secourues \u00e0 Nabeul\" \/>\n<meta property=\"og:description\" content=\"La Garde maritime de Nabeul a mis en \u00e9chec sept tentatives d&#039;\u00e9migration irr\u00e9guli\u00e8re dans la nuit du 19 au 20 d\u00e9cembre, rapporte une source s\u00e9curitaire relevant...\" \/>\n<meta property=\"og:url\" content=\"https:\/\/www.webdo.tn\/fr\/actualite\/national\/emigration-irreguliere-81-personnes-interpellees-et-31-secourues-a-nabeul\/201023\/\" \/>\n<meta property=\"og:site_name\" content=\"webdo\" \/>\n<meta property=\"article:publisher\" content=\"https:\/\/www.facebook.com\/webdotn\" \/>\n<meta property=\"article:published_time\" content=\"2022-12-22T14:19:00+00:00\" \/>\n<meta property=\"article:modified_time\" content=\"2025-05-20T22:03:48+00:00\" \/>\n<meta property=\"og:image\" content=\"https:\/\/www.webdo.tn\/fr\/wp-content\/uploads\/2022\/12\/5b4ff8817807526173f84dc4d6ffc3d1.jpg\" \/>\n\t<meta property=\"og:image:width\" content=\"626\" \/>\n\t<meta property=\"og:image:height\" content=\"334\" \/>\n\t<meta property=\"og:image:type\" content=\"image\/jpeg\" \/>\n<meta name=\"author\" content=\"MC\" \/>\n<meta name=\"twitter:card\" content=\"summary_large_image\" \/>\n<meta name=\"twitter:creator\" content=\"@webdo_tn\" \/>\n<meta name=\"twitter:site\" content=\"@webdo_tn\" \/>\n<meta name=\"twitter:label1\" content=\"\u00c9crit par\" \/>\n\t<meta name=\"twitter:data1\" content=\"MC\" \/>\n<script type=\"application\/ld+json\" class=\"yoast-schema-graph\">{\"@context\":\"https:\\\/\\\/schema.org\",\"@graph\":[{\"@type\":\"NewsArticle\",\"@id\":\"https:\\\/\\\/www.webdo.tn\\\/fr\\\/actualite\\\/national\\\/emigration-irreguliere-81-personnes-interpellees-et-31-secourues-a-nabeul\\\/201023\\\/#article\",\"isPartOf\":{\"@id\":\"https:\\\/\\\/www.webdo.tn\\\/fr\\\/actualite\\\/national\\\/emigration-irreguliere-81-personnes-interpellees-et-31-secourues-a-nabeul\\\/201023\\\/\"},\"author\":{\"name\":\"MC\",\"@id\":\"https:\\\/\\\/www.webdo.tn\\\/fr\\\/#\\\/schema\\\/person\\\/2c4929cbf5a809e3bd38617c6ce150f6\"},\"headline\":\"Emigration irr\u00e9guli\u00e8re : 81 personnes interpell\u00e9es et 31 secourues \u00e0 Nabeul\",\"datePublished\":\"2022-12-22T14:19:00+00:00\",\"dateModified\":\"2025-05-20T22:03:48+00:00\",\"mainEntityOfPage\":{\"@id\":\"https:\\\/\\\/www.webdo.tn\\\/fr\\\/actualite\\\/national\\\/emigration-irreguliere-81-personnes-interpellees-et-31-secourues-a-nabeul\\\/201023\\\/\"},\"wordCount\":69,\"commentCount\":0,\"publisher\":{\"@id\":\"https:\\\/\\\/www.webdo.tn\\\/fr\\\/#organization\"},\"image\":{\"@id\":\"https:\\\/\\\/www.webdo.tn\\\/fr\\\/actualite\\\/national\\\/emigration-irreguliere-81-personnes-interpellees-et-31-secourues-a-nabeul\\\/201023\\\/#primaryimage\"},\"thumbnailUrl\":\"https:\\\/\\\/www.webdo.tn\\\/fr\\\/wp-content\\\/uploads\\\/2022\\\/12\\\/5b4ff8817807526173f84dc4d6ffc3d1.jpg\",\"keywords\":[\"garde maritime\",\"Nabeul\",\"naufrage\"],\"articleSection\":[\"National\"],\"inLanguage\":\"fr-FR\"},{\"@type\":\"WebPage\",\"@id\":\"https:\\\/\\\/www.webdo.tn\\\/fr\\\/actualite\\\/national\\\/emigration-irreguliere-81-personnes-interpellees-et-31-secourues-a-nabeul\\\/201023\\\/\",\"url\":\"https:\\\/\\\/www.webdo.tn\\\/fr\\\/actualite\\\/national\\\/emigration-irreguliere-81-personnes-interpellees-et-31-secourues-a-nabeul\\\/201023\\\/\",\"name\":\"Emigration irr\u00e9guli\u00e8re : 81 personnes interpell\u00e9es et 31 secourues \u00e0 Nabeul\",\"isPartOf\":{\"@id\":\"https:\\\/\\\/www.webdo.tn\\\/fr\\\/#website\"},\"primaryImageOfPage\":{\"@id\":\"https:\\\/\\\/www.webdo.tn\\\/fr\\\/actualite\\\/national\\\/emigration-irreguliere-81-personnes-interpellees-et-31-secourues-a-nabeul\\\/201023\\\/#primaryimage\"},\"image\":{\"@id\":\"https:\\\/\\\/www.webdo.tn\\\/fr\\\/actualite\\\/national\\\/emigration-irreguliere-81-personnes-interpellees-et-31-secourues-a-nabeul\\\/201023\\\/#primaryimage\"},\"thumbnailUrl\":\"https:\\\/\\\/www.webdo.tn\\\/fr\\\/wp-content\\\/uploads\\\/2022\\\/12\\\/5b4ff8817807526173f84dc4d6ffc3d1.jpg\",\"datePublished\":\"2022-12-22T14:19:00+00:00\",\"dateModified\":\"2025-05-20T22:03:48+00:00\",\"description\":\"La Garde maritime de Nabeul a mis en \u00e9chec sept tentatives d'\u00e9migration irr\u00e9guli\u00e8re dans la nuit du 19 au 20 d\u00e9cembre, rapporte une source s\u00e9curitaire relevant...\",\"breadcrumb\":{\"@id\":\"https:\\\/\\\/www.webdo.tn\\\/fr\\\/actualite\\\/national\\\/emigration-irreguliere-81-personnes-interpellees-et-31-secourues-a-nabeul\\\/201023\\\/#breadcrumb\"},\"inLanguage\":\"fr-FR\",\"potentialAction\":[{\"@type\":\"ReadAction\",\"target\":[\"https:\\\/\\\/www.webdo.tn\\\/fr\\\/actualite\\\/national\\\/emigration-irreguliere-81-personnes-interpellees-et-31-secourues-a-nabeul\\\/201023\\\/\"]}]},{\"@type\":\"ImageObject\",\"inLanguage\":\"fr-FR\",\"@id\":\"https:\\\/\\\/www.webdo.tn\\\/fr\\\/actualite\\\/national\\\/emigration-irreguliere-81-personnes-interpellees-et-31-secourues-a-nabeul\\\/201023\\\/#primaryimage\",\"url\":\"https:\\\/\\\/www.webdo.tn\\\/fr\\\/wp-content\\\/uploads\\\/2022\\\/12\\\/5b4ff8817807526173f84dc4d6ffc3d1.jpg\",\"contentUrl\":\"https:\\\/\\\/www.webdo.tn\\\/fr\\\/wp-content\\\/uploads\\\/2022\\\/12\\\/5b4ff8817807526173f84dc4d6ffc3d1.jpg\",\"width\":626,\"height\":334,\"caption\":\"Emigration irr\u00e9guli\u00e8re : 81 personnes interpell\u00e9es et 31 secourues \u00e0 Nabeul\"},{\"@type\":\"BreadcrumbList\",\"@id\":\"https:\\\/\\\/www.webdo.tn\\\/fr\\\/actualite\\\/national\\\/emigration-irreguliere-81-personnes-interpellees-et-31-secourues-a-nabeul\\\/201023\\\/#breadcrumb\",\"itemListElement\":[{\"@type\":\"ListItem\",\"position\":1,\"name\":\"Accueil\",\"item\":\"https:\\\/\\\/www.webdo.tn\\\/fr\\\/\"},{\"@type\":\"ListItem\",\"position\":2,\"name\":\"Emigration irr\u00e9guli\u00e8re : 81 personnes interpell\u00e9es et 31 secourues \u00e0 Nabeul\"}]},{\"@type\":\"WebSite\",\"@id\":\"https:\\\/\\\/www.webdo.tn\\\/fr\\\/#website\",\"url\":\"https:\\\/\\\/www.webdo.tn\\\/fr\\\/\",\"name\":\"webdo\",\"description\":\"Tunisie - News en Tunisie et \u00e0 l&#039;international sur Webdo.tn\",\"publisher\":{\"@id\":\"https:\\\/\\\/www.webdo.tn\\\/fr\\\/#organization\"},\"potentialAction\":[{\"@type\":\"SearchAction\",\"target\":{\"@type\":\"EntryPoint\",\"urlTemplate\":\"https:\\\/\\\/www.webdo.tn\\\/fr\\\/?s={search_term_string}\"},\"query-input\":{\"@type\":\"PropertyValueSpecification\",\"valueRequired\":true,\"valueName\":\"search_term_string\"}}],\"inLanguage\":\"fr-FR\"},{\"@type\":\"Organization\",\"@id\":\"https:\\\/\\\/www.webdo.tn\\\/fr\\\/#organization\",\"name\":\"Webdo\",\"alternateName\":\"Webdo.tn\",\"url\":\"https:\\\/\\\/www.webdo.tn\\\/fr\\\/\",\"logo\":{\"@type\":\"ImageObject\",\"inLanguage\":\"fr-FR\",\"@id\":\"https:\\\/\\\/www.webdo.tn\\\/fr\\\/#\\\/schema\\\/logo\\\/image\\\/\",\"url\":\"https:\\\/\\\/www.webdo.tn\\\/fr\\\/wp-content\\\/uploads\\\/2025\\\/06\\\/Webdo-Tunisie_168377.jpg\",\"contentUrl\":\"https:\\\/\\\/www.webdo.tn\\\/fr\\\/wp-content\\\/uploads\\\/2025\\\/06\\\/Webdo-Tunisie_168377.jpg\",\"width\":301,\"height\":301,\"caption\":\"Webdo\"},\"image\":{\"@id\":\"https:\\\/\\\/www.webdo.tn\\\/fr\\\/#\\\/schema\\\/logo\\\/image\\\/\"},\"sameAs\":[\"https:\\\/\\\/www.facebook.com\\\/webdotn\",\"https:\\\/\\\/x.com\\\/webdo_tn\"],\"description\":\"Webdo est un m\u00e9dia num\u00e9rique tunisien fond\u00e9 en 2010, sp\u00e9cialis\u00e9 dans l\u2019actualit\u00e9 nationale et internationale, l\u2019\u00e9conomie, la soci\u00e9t\u00e9 et les analyses politiques. Le site s\u2019adresse \u00e0 un large public francophone et couvre l\u2019information tunisienne en temps r\u00e9el.\",\"email\":\"redac@webdo.tn\",\"legalName\":\"YNJ SARL\",\"foundingDate\":\"2010-09-06\",\"numberOfEmployees\":{\"@type\":\"QuantitativeValue\",\"minValue\":\"11\",\"maxValue\":\"50\"}},{\"@type\":\"Person\",\"@id\":\"https:\\\/\\\/www.webdo.tn\\\/fr\\\/#\\\/schema\\\/person\\\/2c4929cbf5a809e3bd38617c6ce150f6\",\"name\":\"MC\",\"image\":{\"@type\":\"ImageObject\",\"inLanguage\":\"fr-FR\",\"@id\":\"https:\\\/\\\/secure.gravatar.com\\\/avatar\\\/a545bbb6f84efdd5553dbbc2895e3ca8f1d12c5215e00a041c9670b54aa9b18a?s=96&d=mm&r=g\",\"url\":\"https:\\\/\\\/secure.gravatar.com\\\/avatar\\\/a545bbb6f84efdd5553dbbc2895e3ca8f1d12c5215e00a041c9670b54aa9b18a?s=96&d=mm&r=g\",\"contentUrl\":\"https:\\\/\\\/secure.gravatar.com\\\/avatar\\\/a545bbb6f84efdd5553dbbc2895e3ca8f1d12c5215e00a041c9670b54aa9b18a?s=96&d=mm&r=g\",\"caption\":\"MC\"},\"url\":\"https:\\\/\\\/www.webdo.tn\\\/fr\\\/actualite\\\/author\\\/mc\\\/\"}]}<\/script>\n<!-- \/ Yoast SEO Premium plugin. -->","yoast_head_json":{"title":"Emigration irr\u00e9guli\u00e8re : 81 personnes interpell\u00e9es et 31 secourues \u00e0 Nabeul","description":"La Garde maritime de Nabeul a mis en \u00e9chec sept tentatives d'\u00e9migration irr\u00e9guli\u00e8re dans la nuit du 19 au 20 d\u00e9cembre, rapporte une source s\u00e9curitaire relevant...","canonical":"https:\/\/www.webdo.tn\/fr\/actualite\/national\/emigration-irreguliere-81-personnes-interpellees-et-31-secourues-a-nabeul\/201023\/","og_locale":"fr_FR","og_type":"article","og_title":"Emigration irr\u00e9guli\u00e8re : 81 personnes interpell\u00e9es et 31 secourues \u00e0 Nabeul","og_description":"La Garde maritime de Nabeul a mis en \u00e9chec sept tentatives d'\u00e9migration irr\u00e9guli\u00e8re dans la nuit du 19 au 20 d\u00e9cembre, rapporte une source s\u00e9curitaire relevant...","og_url":"https:\/\/www.webdo.tn\/fr\/actualite\/national\/emigration-irreguliere-81-personnes-interpellees-et-31-secourues-a-nabeul\/201023\/","og_site_name":"webdo","article_publisher":"https:\/\/www.facebook.com\/webdotn","article_published_time":"2022-12-22T14:19:00+00:00","article_modified_time":"2025-05-20T22:03:48+00:00","og_image":[{"width":626,"height":334,"url":"https:\/\/www.webdo.tn\/fr\/wp-content\/uploads\/2022\/12\/5b4ff8817807526173f84dc4d6ffc3d1.jpg","type":"image\/jpeg"}],"author":"MC","twitter_card":"summary_large_image","twitter_creator":"@webdo_tn","twitter_site":"@webdo_tn","twitter_misc":{"\u00c9crit par":"MC"},"schema":{"@context":"https:\/\/schema.org","@graph":[{"@type":"NewsArticle","@id":"https:\/\/www.webdo.tn\/fr\/actualite\/national\/emigration-irreguliere-81-personnes-interpellees-et-31-secourues-a-nabeul\/201023\/#article","isPartOf":{"@id":"https:\/\/www.webdo.tn\/fr\/actualite\/national\/emigration-irreguliere-81-personnes-interpellees-et-31-secourues-a-nabeul\/201023\/"},"author":{"name":"MC","@id":"https:\/\/www.webdo.tn\/fr\/#\/schema\/person\/2c4929cbf5a809e3bd38617c6ce150f6"},"headline":"Emigration irr\u00e9guli\u00e8re : 81 personnes interpell\u00e9es et 31 secourues \u00e0 Nabeul","datePublished":"2022-12-22T14:19:00+00:00","dateModified":"2025-05-20T22:03:48+00:00","mainEntityOfPage":{"@id":"https:\/\/www.webdo.tn\/fr\/actualite\/national\/emigration-irreguliere-81-personnes-interpellees-et-31-secourues-a-nabeul\/201023\/"},"wordCount":69,"commentCount":0,"publisher":{"@id":"https:\/\/www.webdo.tn\/fr\/#organization"},"image":{"@id":"https:\/\/www.webdo.tn\/fr\/actualite\/national\/emigration-irreguliere-81-personnes-interpellees-et-31-secourues-a-nabeul\/201023\/#primaryimage"},"thumbnailUrl":"https:\/\/www.webdo.tn\/fr\/wp-content\/uploads\/2022\/12\/5b4ff8817807526173f84dc4d6ffc3d1.jpg","keywords":["garde maritime","Nabeul","naufrage"],"articleSection":["National"],"inLanguage":"fr-FR"},{"@type":"WebPage","@id":"https:\/\/www.webdo.tn\/fr\/actualite\/national\/emigration-irreguliere-81-personnes-interpellees-et-31-secourues-a-nabeul\/201023\/","url":"https:\/\/www.webdo.tn\/fr\/actualite\/national\/emigration-irreguliere-81-personnes-interpellees-et-31-secourues-a-nabeul\/201023\/","name":"Emigration irr\u00e9guli\u00e8re : 81 personnes interpell\u00e9es et 31 secourues \u00e0 Nabeul","isPartOf":{"@id":"https:\/\/www.webdo.tn\/fr\/#website"},"primaryImageOfPage":{"@id":"https:\/\/www.webdo.tn\/fr\/actualite\/national\/emigration-irreguliere-81-personnes-interpellees-et-31-secourues-a-nabeul\/201023\/#primaryimage"},"image":{"@id":"https:\/\/www.webdo.tn\/fr\/actualite\/national\/emigration-irreguliere-81-personnes-interpellees-et-31-secourues-a-nabeul\/201023\/#primaryimage"},"thumbnailUrl":"https:\/\/www.webdo.tn\/fr\/wp-content\/uploads\/2022\/12\/5b4ff8817807526173f84dc4d6ffc3d1.jpg","datePublished":"2022-12-22T14:19:00+00:00","dateModified":"2025-05-20T22:03:48+00:00","description":"La Garde maritime de Nabeul a mis en \u00e9chec sept tentatives d'\u00e9migration irr\u00e9guli\u00e8re dans la nuit du 19 au 20 d\u00e9cembre, rapporte une source s\u00e9curitaire relevant...","breadcrumb":{"@id":"https:\/\/www.webdo.tn\/fr\/actualite\/national\/emigration-irreguliere-81-personnes-interpellees-et-31-secourues-a-nabeul\/201023\/#breadcrumb"},"inLanguage":"fr-FR","potentialAction":[{"@type":"ReadAction","target":["https:\/\/www.webdo.tn\/fr\/actualite\/national\/emigration-irreguliere-81-personnes-interpellees-et-31-secourues-a-nabeul\/201023\/"]}]},{"@type":"ImageObject","inLanguage":"fr-FR","@id":"https:\/\/www.webdo.tn\/fr\/actualite\/national\/emigration-irreguliere-81-personnes-interpellees-et-31-secourues-a-nabeul\/201023\/#primaryimage","url":"https:\/\/www.webdo.tn\/fr\/wp-content\/uploads\/2022\/12\/5b4ff8817807526173f84dc4d6ffc3d1.jpg","contentUrl":"https:\/\/www.webdo.tn\/fr\/wp-content\/uploads\/2022\/12\/5b4ff8817807526173f84dc4d6ffc3d1.jpg","width":626,"height":334,"caption":"Emigration irr\u00e9guli\u00e8re : 81 personnes interpell\u00e9es et 31 secourues \u00e0 Nabeul"},{"@type":"BreadcrumbList","@id":"https:\/\/www.webdo.tn\/fr\/actualite\/national\/emigration-irreguliere-81-personnes-interpellees-et-31-secourues-a-nabeul\/201023\/#breadcrumb","itemListElement":[{"@type":"ListItem","position":1,"name":"Accueil","item":"https:\/\/www.webdo.tn\/fr\/"},{"@type":"ListItem","position":2,"name":"Emigration irr\u00e9guli\u00e8re : 81 personnes interpell\u00e9es et 31 secourues \u00e0 Nabeul"}]},{"@type":"WebSite","@id":"https:\/\/www.webdo.tn\/fr\/#website","url":"https:\/\/www.webdo.tn\/fr\/","name":"webdo","description":"Tunisie - News en Tunisie et \u00e0 l&#039;international sur Webdo.tn","publisher":{"@id":"https:\/\/www.webdo.tn\/fr\/#organization"},"potentialAction":[{"@type":"SearchAction","target":{"@type":"EntryPoint","urlTemplate":"https:\/\/www.webdo.tn\/fr\/?s={search_term_string}"},"query-input":{"@type":"PropertyValueSpecification","valueRequired":true,"valueName":"search_term_string"}}],"inLanguage":"fr-FR"},{"@type":"Organization","@id":"https:\/\/www.webdo.tn\/fr\/#organization","name":"Webdo","alternateName":"Webdo.tn","url":"https:\/\/www.webdo.tn\/fr\/","logo":{"@type":"ImageObject","inLanguage":"fr-FR","@id":"https:\/\/www.webdo.tn\/fr\/#\/schema\/logo\/image\/","url":"https:\/\/www.webdo.tn\/fr\/wp-content\/uploads\/2025\/06\/Webdo-Tunisie_168377.jpg","contentUrl":"https:\/\/www.webdo.tn\/fr\/wp-content\/uploads\/2025\/06\/Webdo-Tunisie_168377.jpg","width":301,"height":301,"caption":"Webdo"},"image":{"@id":"https:\/\/www.webdo.tn\/fr\/#\/schema\/logo\/image\/"},"sameAs":["https:\/\/www.facebook.com\/webdotn","https:\/\/x.com\/webdo_tn"],"description":"Webdo est un m\u00e9dia num\u00e9rique tunisien fond\u00e9 en 2010, sp\u00e9cialis\u00e9 dans l\u2019actualit\u00e9 nationale et internationale, l\u2019\u00e9conomie, la soci\u00e9t\u00e9 et les analyses politiques. Le site s\u2019adresse \u00e0 un large public francophone et couvre l\u2019information tunisienne en temps r\u00e9el.","email":"redac@webdo.tn","legalName":"YNJ SARL","foundingDate":"2010-09-06","numberOfEmployees":{"@type":"QuantitativeValue","minValue":"11","maxValue":"50"}},{"@type":"Person","@id":"https:\/\/www.webdo.tn\/fr\/#\/schema\/person\/2c4929cbf5a809e3bd38617c6ce150f6","name":"MC","image":{"@type":"ImageObject","inLanguage":"fr-FR","@id":"https:\/\/secure.gravatar.com\/avatar\/a545bbb6f84efdd5553dbbc2895e3ca8f1d12c5215e00a041c9670b54aa9b18a?s=96&d=mm&r=g","url":"https:\/\/secure.gravatar.com\/avatar\/a545bbb6f84efdd5553dbbc2895e3ca8f1d12c5215e00a041c9670b54aa9b18a?s=96&d=mm&r=g","contentUrl":"https:\/\/secure.gravatar.com\/avatar\/a545bbb6f84efdd5553dbbc2895e3ca8f1d12c5215e00a041c9670b54aa9b18a?s=96&d=mm&r=g","caption":"MC"},"url":"https:\/\/www.webdo.tn\/fr\/actualite\/author\/mc\/"}]}},"_links":{"self":[{"href":"https:\/\/www.webdo.tn\/fr\/wp-json\/wp\/v2\/posts\/201023","targetHints":{"allow":["GET"]}}],"collection":[{"href":"https:\/\/www.webdo.tn\/fr\/wp-json\/wp\/v2\/posts"}],"about":[{"href":"https:\/\/www.webdo.tn\/fr\/wp-json\/wp\/v2\/types\/post"}],"author":[{"embeddable":true,"href":"https:\/\/www.webdo.tn\/fr\/wp-json\/wp\/v2\/users\/3162"}],"replies":[{"embeddable":true,"href":"https:\/\/www.webdo.tn\/fr\/wp-json\/wp\/v2\/comments?post=201023"}],"version-history":[{"count":0,"href":"https:\/\/www.webdo.tn\/fr\/wp-json\/wp\/v2\/posts\/201023\/revisions"}],"wp:featuredmedia":[{"embeddable":true,"href":"https:\/\/www.webdo.tn\/fr\/wp-json\/wp\/v2\/media\/252754"}],"wp:attachment":[{"href":"https:\/\/www.webdo.tn\/fr\/wp-json\/wp\/v2\/media?parent=201023"}],"wp:term":[{"taxonomy":"category","embeddable":true,"href":"https:\/\/www.webdo.tn\/fr\/wp-json\/wp\/v2\/categories?post=201023"},{"taxonomy":"post_tag","embeddable":true,"href":"https:\/\/www.webdo.tn\/fr\/wp-json\/wp\/v2\/tags?post=201023"}],"curies":[{"name":"wp","href":"https:\/\/api.w.org\/{rel}","templated":true}]}}