{"id":201003,"date":"2022-12-22T09:49:00","date_gmt":"2022-12-22T09:49:00","guid":{"rendered":"https:\/\/www.webdo.tn\/fr\/blog\/cannes-2022-harka\/201003\/"},"modified":"2025-05-17T21:00:34","modified_gmt":"2025-05-17T21:00:34","slug":"cannes-2022-harka","status":"publish","type":"post","link":"https:\/\/www.webdo.tn\/fr\/actualite\/culture\/cannes-2022-harka\/201003\/","title":{"rendered":"Cannes 2022 &#8211;  Entretien avec Lotfy Nathan, r\u00e9alisateur du film Harka"},"content":{"rendered":"<div class=\"single-body entry-content typography-copy\" itemprop=\"articleBody\">\n<p style=\"font-weight: bold; text-align: justify\">\n\t\t\t\t\t\t\t\t\tLe r\u00e9alisateur am\u00e9ricain d&rsquo;origine \u00e9gyptienne Lotfy Nathan a r\u00e9alis\u00e9 son premier long m\u00e9trage de fiction Harka en Tunisie. Le film a fait sa premi\u00e8re au festival de Cannes dans la section Un Certain Regard, ce qui a permis au jeune acteur Adam Bessa, qui y joue le r\u00f4le principal, de\u00a0 remporter le prix de meilleure performance.\n\t\t\t\t\t\t\t\t<\/p>\n<div class=\"coprs\" style=\"text-align: center\"><\/div>\n<div class=\"coprs\" style=\"text-align: justify\">\n<p><span><span>La pr\u00e9sence de Lotfy Nathan\u00a0\u00e0 Cannes a \u00e9t\u00e9 l\u2019occasion de lui poser quelques questions. <\/span><\/span><\/p>\n<p><span><span><strong>Pourquoi avez-vous fait ce film, qui raconte une histoire si \u00e9loign\u00e9e de vous ?<\/strong><\/span><\/span><\/p>\n<p><span><span>En r\u00e9alit\u00e9, \u00e0 l&rsquo;origine, je ne m&rsquo;imaginais pas devenir r\u00e9alisateur. Mon r\u00eave \u00e9tait de devenir peintre, mais lors de mes \u00e9tudes en beaux-arts, j&rsquo;ai suivi des cours de r\u00e9alisation de documentaires. C&rsquo;est ainsi que j&rsquo;ai commenc\u00e9 \u00e0 r\u00e9aliser des documentaires, principalement car cela ne n\u00e9cessitait pas beaucoup de ressources financi\u00e8res, mais j&rsquo;aurais pr\u00e9f\u00e9r\u00e9 travailler sur des fictions. D&rsquo;ailleurs, m\u00eame en r\u00e9alisant des documentaires, j&rsquo;essayais toujours d&rsquo;y incorporer une part de fiction, soit en cr\u00e9ant des sc\u00e8nes fictives, soit en ayant une approche subjective lors du montage.<\/span><\/span><\/p>\n<p><span><span>Lorsque la r\u00e9volution tunisienne a \u00e9clat\u00e9, j&rsquo;ai \u00e9t\u00e9 passionn\u00e9 par ce qui s&rsquo;est pass\u00e9, m\u00eame si je vivais aux \u00c9tats-Unis \u00e0 l&rsquo;\u00e9poque. L&rsquo;histoire de Bouazizi m&rsquo;a particuli\u00e8rement captiv\u00e9. Il \u00e9tait fascinant de voir comment l&rsquo;acte d&rsquo;une seule personne pouvait avoir un tel impact sur un pays et m\u00eame sur une r\u00e9gion enti\u00e8re.<\/span><\/span><\/p>\n<p><span><span>Un coll\u00e8gue avec qui je travaillais \u00e0 Los Angeles m&rsquo;a propos\u00e9 de r\u00e9aliser un film sur Bouazizi, \u00e9tant donn\u00e9 que je suis d&rsquo;origine \u00e9gyptienne. J&rsquo;ai trouv\u00e9 l&rsquo;id\u00e9e int\u00e9ressante, m\u00eame si je me suis senti choqu\u00e9 de constater que tous les Arabes \u00e9taient per\u00e7us comme \u00e9tant les m\u00eames. J&rsquo;ai toutefois eu peur de ne pas pouvoir raconter une histoire authentique.<\/span><\/span><\/p>\n<p><span><span><strong>Et ensuite, que s&rsquo;est-il pass\u00e9 ? \u00cates-vous all\u00e9 en Tunisie pour d\u00e9couvrir la r\u00e9alit\u00e9 sur place ?<\/strong><\/span><\/span><\/p>\n<p><span><span>En 2014, j&rsquo;ai effectu\u00e9 mon premier voyage en Tunisie pour mener des recherches. Un r\u00e9alisateur m\u2019a pr\u00e9sent\u00e9 aux gens de Cinetelefilms en leur disant\u00a0: \u00ab c&rsquo;est un Am\u00e9ricain qui veut faire un film sur la Tunisie\u00a0\u00bb, ils ont trouv\u00e9 l&rsquo;id\u00e9e \u00e9trange, mais ont accept\u00e9 de faire partie de l\u2019aventure. Quelques jours plus tard, je me suis rendu \u00e0 Sidi Bouzid et j&rsquo;ai compris qu&rsquo;il y avait quelque chose \u00e0 raconter. J&rsquo;ai r\u00e9alis\u00e9 que les gens l\u00e0-bas \u00e9taient diff\u00e9rents et avaient des histoires \u00e0 partager. Cela m&rsquo;a rappel\u00e9 mon travail sur des documentaires et j&rsquo;ai commenc\u00e9 \u00e0 penser \u00e0 comment je pourrais pr\u00e9senter quelque chose de nouveau, m\u00eame pour les locaux.<\/span><\/span><\/p>\n<p><span><span>Cependant, la pr\u00e9paration pour le film a pris plusieurs ann\u00e9es. J&rsquo;ai rapidement compris que parler de la r\u00e9volution ne serait plus suffisant, car les ann\u00e9es s&rsquo;\u00e9taient \u00e9coul\u00e9es et les choses avaient chang\u00e9. J&rsquo;ai alors commenc\u00e9 \u00e0 d\u00e9velopper le personnage principal pour qu&rsquo;il puisse s&rsquo;adapter \u00e0 la r\u00e9alit\u00e9 des ann\u00e9es post-r\u00e9volution.<\/span><\/span><\/p>\n<p><span><span><strong>Qu&rsquo;avez-vous en commun avec le personnage principal ?<\/strong><\/span><\/span><\/p>\n<p><span><span>Je partage avec le personnage principal certaines \u00e9motions, m\u00eame si elles sont \u00e0 des niveaux diff\u00e9rents. J&rsquo;ai ressenti de l&#8217;empathie envers lui, du moins lors de sa cr\u00e9ation. Bien qu&rsquo;il n&rsquo;ait pas v\u00e9cu les m\u00eames circonstances que moi, nous avons en commun d&rsquo;avoir travers\u00e9 une p\u00e9riode de d\u00e9sespoir. <\/span><\/span><\/p>\n<p><span><span><strong>Comment avez-vous pu \u00e9crire un sc\u00e9nario dans une langue qui vous est \u00e9trang\u00e8re ?<\/strong><\/span><\/span><\/p>\n<p><span><span>Je ne parle pas arabe et je suis frustr\u00e9 de ne pas pouvoir communiquer avec ma famille en \u00c9gypte lorsque j&rsquo;y vais. C&rsquo;est peut-\u00eatre cette frustration qui m&rsquo;a pouss\u00e9 \u00e0 r\u00e9aliser un film en arabe. C&rsquo;est un handicap, et peut-\u00eatre qu&rsquo;inconsciemment j&rsquo;ai voulu faire un film dans cette langue pour relever un d\u00e9fi. <\/span><\/span><\/p>\n<p><span><span><strong>Comment avez-vous cr\u00e9\u00e9 votre personnage et surtout comment avez-vous pu mettre toute cette intensit\u00e9 dans le film\u00a0?<\/strong><\/span><\/span><\/p>\n<p><span><span>Lors de mes recherches \u00e0 Sidi Bouzid, j&rsquo;ai parl\u00e9 aux proches et amis de Mohamed Bouazizi et j&rsquo;ai observ\u00e9 les gens pour dessiner mon personnage. J&rsquo;ai rencontr\u00e9 beaucoup de gens, y compris un gar\u00e7on solitaire et vuln\u00e9rable dans un bar. Bien que mes collaborateurs s&rsquo;y opposaient, j&rsquo;ai pass\u00e9 deux jours avec lui. Il vivait seul sur un chantier, avait des probl\u00e8mes de drogue, avait \u00e9t\u00e9 rejet\u00e9 par tous et avait perdu son fr\u00e8re par suicide. J&rsquo;ai trouv\u00e9 ce gar\u00e7on tr\u00e8s int\u00e9ressant et j&rsquo;ai voulu m&rsquo;en inspirer pour mon personnage. J\u2019ai m\u00eame pens\u00e9 \u00e0 lui pour jouer le r\u00f4le principal. Cependant, le producteur a refus\u00e9 de l&#8217;embaucher en raison de son impr\u00e9visibilit\u00e9. Le tournage a dur\u00e9 24 jours et tout devait \u00eatre bien organis\u00e9.<\/span><\/span><\/p>\n<p><span><span>Et en fin de compte, le producteur avait raison, puisque malheureusement, le gars a disparu avant le tournage. J&rsquo;aurais aim\u00e9 qu&rsquo;Adam le rencontre pour mieux comprendre le personnage, mais il \u00e9tait introuvable. Je ne sais pas o\u00f9 il est aujourd&rsquo;hui.<\/span><\/span><\/p>\n<p><span><span>J&rsquo;\u00e9tais par contre inquiet du fait d&rsquo;avoir un acteur tunisien, vivant en France. Au d\u00e9but je voulais un acteur qui vivait sur place. Mais Adam est tr\u00e8s dou\u00e9 et a travaill\u00e9 tr\u00e8s dur. Il a fait beaucoup de recherches et a regard\u00e9 plein de documentaires sur la r\u00e9volution tunisienne et sur les jeunes des r\u00e9gions d\u00e9favoris\u00e9es. Il a pass\u00e9 un temps fou \u00e0 tout absorber et assimiler. D\u2019ailleurs son prix de meilleure interpr\u00e9tation prouve bien la qualit\u00e9 de son travail\u00a0!<\/span><\/span><\/p>\n<div>\n<figure class=\"image\"><img decoding=\"async\" alt=\"\" height=\"463\" src=\"\/assets\/uploads\/images\/\/Neila\/Adam%20Bessa%20lors%20de%20la%20premi%C3%A8re%20du%20film%20Harka%20j.jpg\" width=\"617\"><figcaption><em>Adam Bessa, lors de la premi\u00e8re de Harka au Festival de Cannes\u00a0<\/em><\/figcaption><\/figure>\n<\/div>\n<p>\u00a0<\/p>\n<p><span><span><strong>Comment avez-vous travaill\u00e9 avec Adam Bessa\u00a0?<\/strong><\/span><\/span><\/p>\n<p><span><span>Avant le tournage, j&rsquo;ai beaucoup travaill\u00e9 avec Adam pour pr\u00e9parer son r\u00f4le. Lui-m\u00eame a effectu\u00e9 une forme de m\u00e9ditation, explorant son personnage de l&rsquo;int\u00e9rieur. Sinon, j\u2019essayais toujours de le mettre dans l\u2019ambiance de la sc\u00e8ne \u00e0 jouer. Par exemple pour la sc\u00e8ne o\u00f9 il agresse un policier en train de parler au t\u00e9l\u00e9phone dans la rue, j&rsquo;ai demand\u00e9 \u00e0 l&rsquo;acteur jouant le policier de gifler Adam afin de le mettre dans une situation d&rsquo;agressivit\u00e9. Ensuite, dans mes \u00e9couteurs, j&rsquo;ai entendu Adam dire \u00e0 l&rsquo;acteur de le frapper fort, de frapper pour de vrai. Cette d\u00e9marche a rendu les sc\u00e8nes plus r\u00e9elles et cr\u00e9dibles.<\/span><\/span><\/p>\n<p><span><span><strong>Allez-vous projeter le film \u00e0 Sidi Bouzid ?<\/strong><\/span><\/span><\/p>\n<p><span><span>Le film sera distribu\u00e9 dans plusieurs villes en Tunisie. J&rsquo;esp\u00e8re n\u00e9anmoins trouver un moyen de le projeter \u00e0 Sidi Bouzid malgr\u00e9 l&rsquo;absence de salle de projection dans la r\u00e9gion. Avec le distributeur tunisien, nous sommes en train de chercher des solutions. Si cela d\u00e9pendait de moi, je le projetterais l\u00e0-bas sans h\u00e9siter.<\/span><\/span><\/p>\n<p><strong><span><span>Ne\u00efla Driss<\/span><\/span><\/strong><\/p>\n<\/p><\/div>\n<div class=\"coprs\" style=\"text-align: center\"><\/div><\/div>\n","protected":false},"excerpt":{"rendered":"<p>Le r\u00e9alisateur am\u00e9ricain d&rsquo;origine \u00e9gyptienne Lotfy Nathan a r\u00e9alis\u00e9 son premier long m\u00e9trage de fiction Harka en Tunisie. Le film a fait sa premi\u00e8re au festiva&#8230;<\/p>\n","protected":false},"author":3164,"featured_media":277477,"comment_status":"open","ping_status":"closed","sticky":false,"template":"","format":"standard","meta":{"footnotes":""},"categories":[2594],"tags":[9071,2656,4408,9073,7606,9234],"class_list":["post-201003","post","type-post","status-publish","format-standard","has-post-thumbnail","hentry","category-culture","tag-cannes-2022","tag-cinema-tunisien","tag-film-tunisien","tag-harka","tag-interview","tag-lotfy-nathan"],"yoast_head":"<!-- This site is optimized with the Yoast SEO Premium plugin v27.5 (Yoast SEO v27.5) - https:\/\/yoast.com\/product\/yoast-seo-premium-wordpress\/ -->\n<title>Cannes 2022 - Entretien avec Lotfy Nathan, r\u00e9alisateur du film Harka<\/title>\n<meta name=\"description\" content=\"Le r\u00e9alisateur am\u00e9ricain d&#039;origine \u00e9gyptienne Lotfy Nathan a r\u00e9alis\u00e9 son premier long m\u00e9trage de fiction Harka en Tunisie. Le film a fait sa premi\u00e8re au festiva...\" \/>\n<link rel=\"canonical\" href=\"https:\/\/www.webdo.tn\/fr\/actualite\/culture\/cannes-2022-harka\/201003\/\" \/>\n<meta property=\"og:locale\" content=\"fr_FR\" \/>\n<meta property=\"og:type\" content=\"article\" \/>\n<meta property=\"og:title\" content=\"Cannes 2022 - Entretien avec Lotfy Nathan, r\u00e9alisateur du film Harka\" \/>\n<meta property=\"og:description\" content=\"Le r\u00e9alisateur am\u00e9ricain d&#039;origine \u00e9gyptienne Lotfy Nathan a r\u00e9alis\u00e9 son premier long m\u00e9trage de fiction Harka en Tunisie. Le film a fait sa premi\u00e8re au festiva...\" \/>\n<meta property=\"og:url\" content=\"https:\/\/www.webdo.tn\/fr\/actualite\/culture\/cannes-2022-harka\/201003\/\" \/>\n<meta property=\"og:site_name\" content=\"webdo\" \/>\n<meta property=\"article:publisher\" content=\"https:\/\/www.facebook.com\/webdotn\" \/>\n<meta property=\"article:author\" content=\"https:\/\/www.facebook.com\/massir.destiniii\/\" \/>\n<meta property=\"article:published_time\" content=\"2022-12-22T09:49:00+00:00\" \/>\n<meta property=\"article:modified_time\" content=\"2025-05-17T21:00:34+00:00\" \/>\n<meta property=\"og:image\" content=\"https:\/\/www.webdo.tn\/fr\/wp-content\/uploads\/2022\/12\/ed371ffe9d2aa1ba9184bd8a9ce7ddaf.jpg\" \/>\n\t<meta property=\"og:image:width\" content=\"750\" \/>\n\t<meta property=\"og:image:height\" content=\"400\" \/>\n\t<meta property=\"og:image:type\" content=\"image\/jpeg\" \/>\n<meta name=\"author\" content=\"Ne\u00efla DRISS\" \/>\n<meta name=\"twitter:card\" content=\"summary_large_image\" \/>\n<meta name=\"twitter:creator\" content=\"@https:\/\/x.com\/MassirDestin\" \/>\n<meta name=\"twitter:site\" content=\"@webdo_tn\" \/>\n<meta name=\"twitter:label1\" content=\"\u00c9crit par\" \/>\n\t<meta name=\"twitter:data1\" content=\"Ne\u00efla DRISS\" \/>\n\t<meta name=\"twitter:label2\" content=\"Dur\u00e9e de lecture estim\u00e9e\" \/>\n\t<meta name=\"twitter:data2\" content=\"6 minutes\" \/>\n<script type=\"application\/ld+json\" class=\"yoast-schema-graph\">{\"@context\":\"https:\\\/\\\/schema.org\",\"@graph\":[{\"@type\":\"NewsArticle\",\"@id\":\"https:\\\/\\\/www.webdo.tn\\\/fr\\\/actualite\\\/culture\\\/cannes-2022-harka\\\/201003\\\/#article\",\"isPartOf\":{\"@id\":\"https:\\\/\\\/www.webdo.tn\\\/fr\\\/actualite\\\/culture\\\/cannes-2022-harka\\\/201003\\\/\"},\"author\":{\"name\":\"Ne\u00efla DRISS\",\"@id\":\"https:\\\/\\\/www.webdo.tn\\\/fr\\\/#\\\/schema\\\/person\\\/60d5ba619ed3f58783b0dc82b7dada80\"},\"headline\":\"Cannes 2022 &#8211; Entretien avec Lotfy Nathan, r\u00e9alisateur du film Harka\",\"datePublished\":\"2022-12-22T09:49:00+00:00\",\"dateModified\":\"2025-05-17T21:00:34+00:00\",\"mainEntityOfPage\":{\"@id\":\"https:\\\/\\\/www.webdo.tn\\\/fr\\\/actualite\\\/culture\\\/cannes-2022-harka\\\/201003\\\/\"},\"wordCount\":1189,\"commentCount\":0,\"publisher\":{\"@id\":\"https:\\\/\\\/www.webdo.tn\\\/fr\\\/#organization\"},\"image\":{\"@id\":\"https:\\\/\\\/www.webdo.tn\\\/fr\\\/actualite\\\/culture\\\/cannes-2022-harka\\\/201003\\\/#primaryimage\"},\"thumbnailUrl\":\"https:\\\/\\\/www.webdo.tn\\\/fr\\\/wp-content\\\/uploads\\\/2022\\\/12\\\/ed371ffe9d2aa1ba9184bd8a9ce7ddaf.jpg\",\"keywords\":[\"Cannes 2022\",\"cin\u00e9ma tunisien\",\"Film tunisien\",\"Harka\",\"Interview\",\"Lotfy Nathan\"],\"articleSection\":[\"Culture\"],\"inLanguage\":\"fr-FR\"},{\"@type\":\"WebPage\",\"@id\":\"https:\\\/\\\/www.webdo.tn\\\/fr\\\/actualite\\\/culture\\\/cannes-2022-harka\\\/201003\\\/\",\"url\":\"https:\\\/\\\/www.webdo.tn\\\/fr\\\/actualite\\\/culture\\\/cannes-2022-harka\\\/201003\\\/\",\"name\":\"Cannes 2022 - Entretien avec Lotfy Nathan, r\u00e9alisateur du film Harka\",\"isPartOf\":{\"@id\":\"https:\\\/\\\/www.webdo.tn\\\/fr\\\/#website\"},\"primaryImageOfPage\":{\"@id\":\"https:\\\/\\\/www.webdo.tn\\\/fr\\\/actualite\\\/culture\\\/cannes-2022-harka\\\/201003\\\/#primaryimage\"},\"image\":{\"@id\":\"https:\\\/\\\/www.webdo.tn\\\/fr\\\/actualite\\\/culture\\\/cannes-2022-harka\\\/201003\\\/#primaryimage\"},\"thumbnailUrl\":\"https:\\\/\\\/www.webdo.tn\\\/fr\\\/wp-content\\\/uploads\\\/2022\\\/12\\\/ed371ffe9d2aa1ba9184bd8a9ce7ddaf.jpg\",\"datePublished\":\"2022-12-22T09:49:00+00:00\",\"dateModified\":\"2025-05-17T21:00:34+00:00\",\"description\":\"Le r\u00e9alisateur am\u00e9ricain d'origine \u00e9gyptienne Lotfy Nathan a r\u00e9alis\u00e9 son premier long m\u00e9trage de fiction Harka en Tunisie. Le film a fait sa premi\u00e8re au festiva...\",\"breadcrumb\":{\"@id\":\"https:\\\/\\\/www.webdo.tn\\\/fr\\\/actualite\\\/culture\\\/cannes-2022-harka\\\/201003\\\/#breadcrumb\"},\"inLanguage\":\"fr-FR\",\"potentialAction\":[{\"@type\":\"ReadAction\",\"target\":[\"https:\\\/\\\/www.webdo.tn\\\/fr\\\/actualite\\\/culture\\\/cannes-2022-harka\\\/201003\\\/\"]}]},{\"@type\":\"ImageObject\",\"inLanguage\":\"fr-FR\",\"@id\":\"https:\\\/\\\/www.webdo.tn\\\/fr\\\/actualite\\\/culture\\\/cannes-2022-harka\\\/201003\\\/#primaryimage\",\"url\":\"https:\\\/\\\/www.webdo.tn\\\/fr\\\/wp-content\\\/uploads\\\/2022\\\/12\\\/ed371ffe9d2aa1ba9184bd8a9ce7ddaf.jpg\",\"contentUrl\":\"https:\\\/\\\/www.webdo.tn\\\/fr\\\/wp-content\\\/uploads\\\/2022\\\/12\\\/ed371ffe9d2aa1ba9184bd8a9ce7ddaf.jpg\",\"width\":750,\"height\":400,\"caption\":\"Cannes 2022 - harka\"},{\"@type\":\"BreadcrumbList\",\"@id\":\"https:\\\/\\\/www.webdo.tn\\\/fr\\\/actualite\\\/culture\\\/cannes-2022-harka\\\/201003\\\/#breadcrumb\",\"itemListElement\":[{\"@type\":\"ListItem\",\"position\":1,\"name\":\"Accueil\",\"item\":\"https:\\\/\\\/www.webdo.tn\\\/fr\\\/\"},{\"@type\":\"ListItem\",\"position\":2,\"name\":\"Cannes 2022 &#8211; Entretien avec Lotfy Nathan, r\u00e9alisateur du film Harka\"}]},{\"@type\":\"WebSite\",\"@id\":\"https:\\\/\\\/www.webdo.tn\\\/fr\\\/#website\",\"url\":\"https:\\\/\\\/www.webdo.tn\\\/fr\\\/\",\"name\":\"webdo\",\"description\":\"Tunisie - News en Tunisie et \u00e0 l&#039;international sur Webdo.tn\",\"publisher\":{\"@id\":\"https:\\\/\\\/www.webdo.tn\\\/fr\\\/#organization\"},\"potentialAction\":[{\"@type\":\"SearchAction\",\"target\":{\"@type\":\"EntryPoint\",\"urlTemplate\":\"https:\\\/\\\/www.webdo.tn\\\/fr\\\/?s={search_term_string}\"},\"query-input\":{\"@type\":\"PropertyValueSpecification\",\"valueRequired\":true,\"valueName\":\"search_term_string\"}}],\"inLanguage\":\"fr-FR\"},{\"@type\":\"Organization\",\"@id\":\"https:\\\/\\\/www.webdo.tn\\\/fr\\\/#organization\",\"name\":\"Webdo\",\"alternateName\":\"Webdo.tn\",\"url\":\"https:\\\/\\\/www.webdo.tn\\\/fr\\\/\",\"logo\":{\"@type\":\"ImageObject\",\"inLanguage\":\"fr-FR\",\"@id\":\"https:\\\/\\\/www.webdo.tn\\\/fr\\\/#\\\/schema\\\/logo\\\/image\\\/\",\"url\":\"https:\\\/\\\/www.webdo.tn\\\/fr\\\/wp-content\\\/uploads\\\/2025\\\/06\\\/Webdo-Tunisie_168377.jpg\",\"contentUrl\":\"https:\\\/\\\/www.webdo.tn\\\/fr\\\/wp-content\\\/uploads\\\/2025\\\/06\\\/Webdo-Tunisie_168377.jpg\",\"width\":301,\"height\":301,\"caption\":\"Webdo\"},\"image\":{\"@id\":\"https:\\\/\\\/www.webdo.tn\\\/fr\\\/#\\\/schema\\\/logo\\\/image\\\/\"},\"sameAs\":[\"https:\\\/\\\/www.facebook.com\\\/webdotn\",\"https:\\\/\\\/x.com\\\/webdo_tn\"],\"description\":\"Webdo est un m\u00e9dia num\u00e9rique tunisien fond\u00e9 en 2010, sp\u00e9cialis\u00e9 dans l\u2019actualit\u00e9 nationale et internationale, l\u2019\u00e9conomie, la soci\u00e9t\u00e9 et les analyses politiques. Le site s\u2019adresse \u00e0 un large public francophone et couvre l\u2019information tunisienne en temps r\u00e9el.\",\"email\":\"redac@webdo.tn\",\"legalName\":\"YNJ SARL\",\"foundingDate\":\"2010-09-06\",\"numberOfEmployees\":{\"@type\":\"QuantitativeValue\",\"minValue\":\"11\",\"maxValue\":\"50\"}},{\"@type\":\"Person\",\"@id\":\"https:\\\/\\\/www.webdo.tn\\\/fr\\\/#\\\/schema\\\/person\\\/60d5ba619ed3f58783b0dc82b7dada80\",\"name\":\"Ne\u00efla DRISS\",\"image\":{\"@type\":\"ImageObject\",\"inLanguage\":\"fr-FR\",\"@id\":\"https:\\\/\\\/www.webdo.tn\\\/fr\\\/wp-content\\\/uploads\\\/2026\\\/04\\\/neila-driss_avatar-96x96.jpg\",\"url\":\"https:\\\/\\\/www.webdo.tn\\\/fr\\\/wp-content\\\/uploads\\\/2026\\\/04\\\/neila-driss_avatar-96x96.jpg\",\"contentUrl\":\"https:\\\/\\\/www.webdo.tn\\\/fr\\\/wp-content\\\/uploads\\\/2026\\\/04\\\/neila-driss_avatar-96x96.jpg\",\"caption\":\"Ne\u00efla DRISS\"},\"description\":\"Ne\u00efla Driss est juriste, journaliste culturelle et critique de cin\u00e9ma tunisienne. Titulaire d\u2019un DEA en droit priv\u00e9 de l\u2019Universit\u00e9 Paris II et d\u2019un DESS de l\u2019IHEC Carthage, elle d\u00e9bute sa carri\u00e8re comme juriste sp\u00e9cialis\u00e9e en gestion de patrimoine immobilier. Elle s\u2019oriente ensuite vers l\u2019\u00e9criture en ligne, o\u00f9 elle se distingue d\u00e8s 2006 aux Tunisia Blog Awards, avant de se consacrer au journalisme culturel, avec une sp\u00e9cialisation dans la critique cin\u00e9matographique. Elle couvre r\u00e9guli\u00e8rement les grands festivals internationaux, notamment le Festival de Cannes, les Journ\u00e9es Cin\u00e9matographiques de Carthage et le Festival du film du Caire. Membre de l\u2019ATPCC et de la FIPRESCI, elle participe \u00e0 des jurys et initiatives internationales de critique. Depuis 2024, elle est \u00e9lectrice internationale aux Golden Globes. Facebook : https:\\\/\\\/www.facebook.com\\\/massir.destiniii\\\/ X : https:\\\/\\\/x.com\\\/MassirDestin\",\"sameAs\":[\"https:\\\/\\\/www.facebook.com\\\/massir.destiniii\\\/\",\"https:\\\/\\\/www.instagram.com\\\/neila.driss\\\/?hl=fr\",\"https:\\\/\\\/www.linkedin.com\\\/in\\\/neila-driss-22606a80\\\/\",\"https:\\\/\\\/x.com\\\/https:\\\/\\\/x.com\\\/MassirDestin\"],\"knowsAbout\":[\"Cin\u00e9ma international\",\"critique cin\u00e9matographique\",\"festivals de cin\u00e9ma\",\"journalisme culturel\"],\"knowsLanguage\":[\"Fran\u00e7ais\",\"Arabe\",\"Anglais\"],\"jobTitle\":\"Journaliste culturelle et critique de cin\u00e9ma\",\"worksFor\":\"Webdo\",\"url\":\"https:\\\/\\\/www.webdo.tn\\\/fr\\\/actualite\\\/author\\\/neila-driss\\\/\"}]}<\/script>\n<!-- \/ Yoast SEO Premium plugin. -->","yoast_head_json":{"title":"Cannes 2022 - Entretien avec Lotfy Nathan, r\u00e9alisateur du film Harka","description":"Le r\u00e9alisateur am\u00e9ricain d'origine \u00e9gyptienne Lotfy Nathan a r\u00e9alis\u00e9 son premier long m\u00e9trage de fiction Harka en Tunisie. Le film a fait sa premi\u00e8re au festiva...","canonical":"https:\/\/www.webdo.tn\/fr\/actualite\/culture\/cannes-2022-harka\/201003\/","og_locale":"fr_FR","og_type":"article","og_title":"Cannes 2022 - Entretien avec Lotfy Nathan, r\u00e9alisateur du film Harka","og_description":"Le r\u00e9alisateur am\u00e9ricain d'origine \u00e9gyptienne Lotfy Nathan a r\u00e9alis\u00e9 son premier long m\u00e9trage de fiction Harka en Tunisie. Le film a fait sa premi\u00e8re au festiva...","og_url":"https:\/\/www.webdo.tn\/fr\/actualite\/culture\/cannes-2022-harka\/201003\/","og_site_name":"webdo","article_publisher":"https:\/\/www.facebook.com\/webdotn","article_author":"https:\/\/www.facebook.com\/massir.destiniii\/","article_published_time":"2022-12-22T09:49:00+00:00","article_modified_time":"2025-05-17T21:00:34+00:00","og_image":[{"width":750,"height":400,"url":"https:\/\/www.webdo.tn\/fr\/wp-content\/uploads\/2022\/12\/ed371ffe9d2aa1ba9184bd8a9ce7ddaf.jpg","type":"image\/jpeg"}],"author":"Ne\u00efla DRISS","twitter_card":"summary_large_image","twitter_creator":"@https:\/\/x.com\/MassirDestin","twitter_site":"@webdo_tn","twitter_misc":{"\u00c9crit par":"Ne\u00efla DRISS","Dur\u00e9e de lecture estim\u00e9e":"6 minutes"},"schema":{"@context":"https:\/\/schema.org","@graph":[{"@type":"NewsArticle","@id":"https:\/\/www.webdo.tn\/fr\/actualite\/culture\/cannes-2022-harka\/201003\/#article","isPartOf":{"@id":"https:\/\/www.webdo.tn\/fr\/actualite\/culture\/cannes-2022-harka\/201003\/"},"author":{"name":"Ne\u00efla DRISS","@id":"https:\/\/www.webdo.tn\/fr\/#\/schema\/person\/60d5ba619ed3f58783b0dc82b7dada80"},"headline":"Cannes 2022 &#8211; Entretien avec Lotfy Nathan, r\u00e9alisateur du film Harka","datePublished":"2022-12-22T09:49:00+00:00","dateModified":"2025-05-17T21:00:34+00:00","mainEntityOfPage":{"@id":"https:\/\/www.webdo.tn\/fr\/actualite\/culture\/cannes-2022-harka\/201003\/"},"wordCount":1189,"commentCount":0,"publisher":{"@id":"https:\/\/www.webdo.tn\/fr\/#organization"},"image":{"@id":"https:\/\/www.webdo.tn\/fr\/actualite\/culture\/cannes-2022-harka\/201003\/#primaryimage"},"thumbnailUrl":"https:\/\/www.webdo.tn\/fr\/wp-content\/uploads\/2022\/12\/ed371ffe9d2aa1ba9184bd8a9ce7ddaf.jpg","keywords":["Cannes 2022","cin\u00e9ma tunisien","Film tunisien","Harka","Interview","Lotfy Nathan"],"articleSection":["Culture"],"inLanguage":"fr-FR"},{"@type":"WebPage","@id":"https:\/\/www.webdo.tn\/fr\/actualite\/culture\/cannes-2022-harka\/201003\/","url":"https:\/\/www.webdo.tn\/fr\/actualite\/culture\/cannes-2022-harka\/201003\/","name":"Cannes 2022 - Entretien avec Lotfy Nathan, r\u00e9alisateur du film Harka","isPartOf":{"@id":"https:\/\/www.webdo.tn\/fr\/#website"},"primaryImageOfPage":{"@id":"https:\/\/www.webdo.tn\/fr\/actualite\/culture\/cannes-2022-harka\/201003\/#primaryimage"},"image":{"@id":"https:\/\/www.webdo.tn\/fr\/actualite\/culture\/cannes-2022-harka\/201003\/#primaryimage"},"thumbnailUrl":"https:\/\/www.webdo.tn\/fr\/wp-content\/uploads\/2022\/12\/ed371ffe9d2aa1ba9184bd8a9ce7ddaf.jpg","datePublished":"2022-12-22T09:49:00+00:00","dateModified":"2025-05-17T21:00:34+00:00","description":"Le r\u00e9alisateur am\u00e9ricain d'origine \u00e9gyptienne Lotfy Nathan a r\u00e9alis\u00e9 son premier long m\u00e9trage de fiction Harka en Tunisie. Le film a fait sa premi\u00e8re au festiva...","breadcrumb":{"@id":"https:\/\/www.webdo.tn\/fr\/actualite\/culture\/cannes-2022-harka\/201003\/#breadcrumb"},"inLanguage":"fr-FR","potentialAction":[{"@type":"ReadAction","target":["https:\/\/www.webdo.tn\/fr\/actualite\/culture\/cannes-2022-harka\/201003\/"]}]},{"@type":"ImageObject","inLanguage":"fr-FR","@id":"https:\/\/www.webdo.tn\/fr\/actualite\/culture\/cannes-2022-harka\/201003\/#primaryimage","url":"https:\/\/www.webdo.tn\/fr\/wp-content\/uploads\/2022\/12\/ed371ffe9d2aa1ba9184bd8a9ce7ddaf.jpg","contentUrl":"https:\/\/www.webdo.tn\/fr\/wp-content\/uploads\/2022\/12\/ed371ffe9d2aa1ba9184bd8a9ce7ddaf.jpg","width":750,"height":400,"caption":"Cannes 2022 - harka"},{"@type":"BreadcrumbList","@id":"https:\/\/www.webdo.tn\/fr\/actualite\/culture\/cannes-2022-harka\/201003\/#breadcrumb","itemListElement":[{"@type":"ListItem","position":1,"name":"Accueil","item":"https:\/\/www.webdo.tn\/fr\/"},{"@type":"ListItem","position":2,"name":"Cannes 2022 &#8211; Entretien avec Lotfy Nathan, r\u00e9alisateur du film Harka"}]},{"@type":"WebSite","@id":"https:\/\/www.webdo.tn\/fr\/#website","url":"https:\/\/www.webdo.tn\/fr\/","name":"webdo","description":"Tunisie - News en Tunisie et \u00e0 l&#039;international sur Webdo.tn","publisher":{"@id":"https:\/\/www.webdo.tn\/fr\/#organization"},"potentialAction":[{"@type":"SearchAction","target":{"@type":"EntryPoint","urlTemplate":"https:\/\/www.webdo.tn\/fr\/?s={search_term_string}"},"query-input":{"@type":"PropertyValueSpecification","valueRequired":true,"valueName":"search_term_string"}}],"inLanguage":"fr-FR"},{"@type":"Organization","@id":"https:\/\/www.webdo.tn\/fr\/#organization","name":"Webdo","alternateName":"Webdo.tn","url":"https:\/\/www.webdo.tn\/fr\/","logo":{"@type":"ImageObject","inLanguage":"fr-FR","@id":"https:\/\/www.webdo.tn\/fr\/#\/schema\/logo\/image\/","url":"https:\/\/www.webdo.tn\/fr\/wp-content\/uploads\/2025\/06\/Webdo-Tunisie_168377.jpg","contentUrl":"https:\/\/www.webdo.tn\/fr\/wp-content\/uploads\/2025\/06\/Webdo-Tunisie_168377.jpg","width":301,"height":301,"caption":"Webdo"},"image":{"@id":"https:\/\/www.webdo.tn\/fr\/#\/schema\/logo\/image\/"},"sameAs":["https:\/\/www.facebook.com\/webdotn","https:\/\/x.com\/webdo_tn"],"description":"Webdo est un m\u00e9dia num\u00e9rique tunisien fond\u00e9 en 2010, sp\u00e9cialis\u00e9 dans l\u2019actualit\u00e9 nationale et internationale, l\u2019\u00e9conomie, la soci\u00e9t\u00e9 et les analyses politiques. Le site s\u2019adresse \u00e0 un large public francophone et couvre l\u2019information tunisienne en temps r\u00e9el.","email":"redac@webdo.tn","legalName":"YNJ SARL","foundingDate":"2010-09-06","numberOfEmployees":{"@type":"QuantitativeValue","minValue":"11","maxValue":"50"}},{"@type":"Person","@id":"https:\/\/www.webdo.tn\/fr\/#\/schema\/person\/60d5ba619ed3f58783b0dc82b7dada80","name":"Ne\u00efla DRISS","image":{"@type":"ImageObject","inLanguage":"fr-FR","@id":"https:\/\/www.webdo.tn\/fr\/wp-content\/uploads\/2026\/04\/neila-driss_avatar-96x96.jpg","url":"https:\/\/www.webdo.tn\/fr\/wp-content\/uploads\/2026\/04\/neila-driss_avatar-96x96.jpg","contentUrl":"https:\/\/www.webdo.tn\/fr\/wp-content\/uploads\/2026\/04\/neila-driss_avatar-96x96.jpg","caption":"Ne\u00efla DRISS"},"description":"Ne\u00efla Driss est juriste, journaliste culturelle et critique de cin\u00e9ma tunisienne. Titulaire d\u2019un DEA en droit priv\u00e9 de l\u2019Universit\u00e9 Paris II et d\u2019un DESS de l\u2019IHEC Carthage, elle d\u00e9bute sa carri\u00e8re comme juriste sp\u00e9cialis\u00e9e en gestion de patrimoine immobilier. Elle s\u2019oriente ensuite vers l\u2019\u00e9criture en ligne, o\u00f9 elle se distingue d\u00e8s 2006 aux Tunisia Blog Awards, avant de se consacrer au journalisme culturel, avec une sp\u00e9cialisation dans la critique cin\u00e9matographique. Elle couvre r\u00e9guli\u00e8rement les grands festivals internationaux, notamment le Festival de Cannes, les Journ\u00e9es Cin\u00e9matographiques de Carthage et le Festival du film du Caire. Membre de l\u2019ATPCC et de la FIPRESCI, elle participe \u00e0 des jurys et initiatives internationales de critique. Depuis 2024, elle est \u00e9lectrice internationale aux Golden Globes. Facebook : https:\/\/www.facebook.com\/massir.destiniii\/ X : https:\/\/x.com\/MassirDestin","sameAs":["https:\/\/www.facebook.com\/massir.destiniii\/","https:\/\/www.instagram.com\/neila.driss\/?hl=fr","https:\/\/www.linkedin.com\/in\/neila-driss-22606a80\/","https:\/\/x.com\/https:\/\/x.com\/MassirDestin"],"knowsAbout":["Cin\u00e9ma international","critique cin\u00e9matographique","festivals de cin\u00e9ma","journalisme culturel"],"knowsLanguage":["Fran\u00e7ais","Arabe","Anglais"],"jobTitle":"Journaliste culturelle et critique de cin\u00e9ma","worksFor":"Webdo","url":"https:\/\/www.webdo.tn\/fr\/actualite\/author\/neila-driss\/"}]}},"_links":{"self":[{"href":"https:\/\/www.webdo.tn\/fr\/wp-json\/wp\/v2\/posts\/201003","targetHints":{"allow":["GET"]}}],"collection":[{"href":"https:\/\/www.webdo.tn\/fr\/wp-json\/wp\/v2\/posts"}],"about":[{"href":"https:\/\/www.webdo.tn\/fr\/wp-json\/wp\/v2\/types\/post"}],"author":[{"embeddable":true,"href":"https:\/\/www.webdo.tn\/fr\/wp-json\/wp\/v2\/users\/3164"}],"replies":[{"embeddable":true,"href":"https:\/\/www.webdo.tn\/fr\/wp-json\/wp\/v2\/comments?post=201003"}],"version-history":[{"count":0,"href":"https:\/\/www.webdo.tn\/fr\/wp-json\/wp\/v2\/posts\/201003\/revisions"}],"wp:featuredmedia":[{"embeddable":true,"href":"https:\/\/www.webdo.tn\/fr\/wp-json\/wp\/v2\/media\/277477"}],"wp:attachment":[{"href":"https:\/\/www.webdo.tn\/fr\/wp-json\/wp\/v2\/media?parent=201003"}],"wp:term":[{"taxonomy":"category","embeddable":true,"href":"https:\/\/www.webdo.tn\/fr\/wp-json\/wp\/v2\/categories?post=201003"},{"taxonomy":"post_tag","embeddable":true,"href":"https:\/\/www.webdo.tn\/fr\/wp-json\/wp\/v2\/tags?post=201003"}],"curies":[{"name":"wp","href":"https:\/\/api.w.org\/{rel}","templated":true}]}}