{"id":200997,"date":"2022-12-22T09:02:00","date_gmt":"2022-12-22T09:02:00","guid":{"rendered":"https:\/\/www.webdo.tn\/fr\/blog\/le-roi-pele-dans-un-etat-critique\/200997\/"},"modified":"2025-05-20T22:06:24","modified_gmt":"2025-05-20T22:06:24","slug":"le-roi-pele-dans-un-etat-critique","status":"publish","type":"post","link":"https:\/\/www.webdo.tn\/fr\/actualite\/sport\/le-roi-pele-dans-un-etat-critique\/200997\/","title":{"rendered":"Pel\u00e9 dans un \u00e9tat critique"},"content":{"rendered":"<p>L\u2019\u00e9tat de sant\u00e9 d\u2019Edson Arantes do Nascimento, dit Pel\u00e9, 82 ans, s\u2019est aggrav\u00e9. L\u2019h\u00f4pital de Sao Paulo o\u00f9 il est hospitalis\u00e9 et ses proches, ont annonc\u00e9, ce mercredi 21 d\u00e9cembre, que son \u00e9tat de sant\u00e9 n\u00e9cessitait qu\u2019il reste sur place pour la continuit\u00e9 des soins.<\/p>\n<p>\t\t\t\t\t\t\t\t\tSon \u00e9tat requiert \u00ab\u00a0des soins plus importants\u00a0\u00bb en raison d&rsquo;une \u00ab\u00a0insuffisance r\u00e9nale et cardiaque\u00a0\u00bb, trois semaines apr\u00e8s son admission \u00e0 l&rsquo;h\u00f4pital. A l\u2019heure actuelle l&rsquo;\u00e9tat de Pel\u00e9 suscite toujours des inqui\u00e9tudes.<\/p>\n<p>Hier, les m\u00e9decins ont publi\u00e9 un communiqu\u00e9 reconnaissant une progression de la maladie oncologique et la n\u00e9cessit\u00e9 de soins pour surveiller un \u00ab dysfonctionnement r\u00e9nal et cardiaque \u00bb de son patient qui souffre d&rsquo;un cancer du colon.<\/p>\n<p>Le triple champion du monde demeure dans une chambre classique et n&rsquo;a pas \u00e9t\u00e9 admis en soins intensifs, a pr\u00e9cis\u00e9 l&rsquo;h\u00f4pital.<\/p>\n","protected":false},"excerpt":{"rendered":"<p>L\u2019\u00e9tat de sant\u00e9 d\u2019Edson Arantes do Nascimento, dit Pel\u00e9, 82 ans, s\u2019est aggrav\u00e9. L\u2019h\u00f4pital de Sao Paulo o\u00f9 il est hospitalis\u00e9 et ses proches, ont annonc\u00e9, ce mer&#8230;<\/p>\n","protected":false},"author":3162,"featured_media":277471,"comment_status":"open","ping_status":"closed","sticky":false,"template":"","format":"standard","meta":{"footnotes":""},"categories":[2593],"tags":[4949,8894,2731],"class_list":["post-200997","post","type-post","status-publish","format-standard","has-post-thumbnail","hentry","category-sport","tag-bresil","tag-pele","tag-sante"],"yoast_head":"<!-- This site is optimized with the Yoast SEO Premium plugin v27.5 (Yoast SEO v27.5) - https:\/\/yoast.com\/product\/yoast-seo-premium-wordpress\/ -->\n<title>Pel\u00e9 dans un \u00e9tat critique<\/title>\n<meta name=\"description\" content=\"L\u2019\u00e9tat de sant\u00e9 d\u2019Edson Arantes do Nascimento, dit Pel\u00e9, 82 ans, s\u2019est aggrav\u00e9. L\u2019h\u00f4pital de Sao Paulo o\u00f9 il est hospitalis\u00e9 et ses proches, ont annonc\u00e9, ce mer...\" \/>\n<link rel=\"canonical\" href=\"https:\/\/www.webdo.tn\/fr\/actualite\/sport\/le-roi-pele-dans-un-etat-critique\/200997\/\" \/>\n<meta property=\"og:locale\" content=\"fr_FR\" \/>\n<meta property=\"og:type\" content=\"article\" \/>\n<meta property=\"og:title\" content=\"Pel\u00e9 dans un \u00e9tat critique\" \/>\n<meta property=\"og:description\" content=\"L\u2019\u00e9tat de sant\u00e9 d\u2019Edson Arantes do Nascimento, dit Pel\u00e9, 82 ans, s\u2019est aggrav\u00e9. L\u2019h\u00f4pital de Sao Paulo o\u00f9 il est hospitalis\u00e9 et ses proches, ont annonc\u00e9, ce mer...\" \/>\n<meta property=\"og:url\" content=\"https:\/\/www.webdo.tn\/fr\/actualite\/sport\/le-roi-pele-dans-un-etat-critique\/200997\/\" \/>\n<meta property=\"og:site_name\" content=\"webdo\" \/>\n<meta property=\"article:publisher\" content=\"https:\/\/www.facebook.com\/webdotn\" \/>\n<meta property=\"article:published_time\" content=\"2022-12-22T09:02:00+00:00\" \/>\n<meta property=\"article:modified_time\" content=\"2025-05-20T22:06:24+00:00\" \/>\n<meta property=\"og:image\" content=\"https:\/\/www.webdo.tn\/fr\/wp-content\/uploads\/2022\/12\/58229d13d045c97edba304ceafa6f743.jpg\" \/>\n\t<meta property=\"og:image:width\" content=\"750\" \/>\n\t<meta property=\"og:image:height\" content=\"400\" \/>\n\t<meta property=\"og:image:type\" content=\"image\/jpeg\" \/>\n<meta name=\"author\" content=\"MC\" \/>\n<meta name=\"twitter:card\" content=\"summary_large_image\" \/>\n<meta name=\"twitter:creator\" content=\"@webdo_tn\" \/>\n<meta name=\"twitter:site\" content=\"@webdo_tn\" \/>\n<meta name=\"twitter:label1\" content=\"\u00c9crit par\" \/>\n\t<meta name=\"twitter:data1\" content=\"MC\" \/>\n\t<meta name=\"twitter:label2\" content=\"Dur\u00e9e de lecture estim\u00e9e\" \/>\n\t<meta name=\"twitter:data2\" content=\"1 minute\" \/>\n<script type=\"application\/ld+json\" class=\"yoast-schema-graph\">{\"@context\":\"https:\\\/\\\/schema.org\",\"@graph\":[{\"@type\":\"NewsArticle\",\"@id\":\"https:\\\/\\\/www.webdo.tn\\\/fr\\\/actualite\\\/sport\\\/le-roi-pele-dans-un-etat-critique\\\/200997\\\/#article\",\"isPartOf\":{\"@id\":\"https:\\\/\\\/www.webdo.tn\\\/fr\\\/actualite\\\/sport\\\/le-roi-pele-dans-un-etat-critique\\\/200997\\\/\"},\"author\":{\"name\":\"MC\",\"@id\":\"https:\\\/\\\/www.webdo.tn\\\/fr\\\/#\\\/schema\\\/person\\\/2c4929cbf5a809e3bd38617c6ce150f6\"},\"headline\":\"Pel\u00e9 dans un \u00e9tat critique\",\"datePublished\":\"2022-12-22T09:02:00+00:00\",\"dateModified\":\"2025-05-20T22:06:24+00:00\",\"mainEntityOfPage\":{\"@id\":\"https:\\\/\\\/www.webdo.tn\\\/fr\\\/actualite\\\/sport\\\/le-roi-pele-dans-un-etat-critique\\\/200997\\\/\"},\"wordCount\":158,\"commentCount\":0,\"publisher\":{\"@id\":\"https:\\\/\\\/www.webdo.tn\\\/fr\\\/#organization\"},\"image\":{\"@id\":\"https:\\\/\\\/www.webdo.tn\\\/fr\\\/actualite\\\/sport\\\/le-roi-pele-dans-un-etat-critique\\\/200997\\\/#primaryimage\"},\"thumbnailUrl\":\"https:\\\/\\\/www.webdo.tn\\\/fr\\\/wp-content\\\/uploads\\\/2022\\\/12\\\/58229d13d045c97edba304ceafa6f743.jpg\",\"keywords\":[\"Br\u00e9sil\",\"Pel\u00e9\",\"Sant\u00e9\"],\"articleSection\":[\"Sport\"],\"inLanguage\":\"fr-FR\"},{\"@type\":\"WebPage\",\"@id\":\"https:\\\/\\\/www.webdo.tn\\\/fr\\\/actualite\\\/sport\\\/le-roi-pele-dans-un-etat-critique\\\/200997\\\/\",\"url\":\"https:\\\/\\\/www.webdo.tn\\\/fr\\\/actualite\\\/sport\\\/le-roi-pele-dans-un-etat-critique\\\/200997\\\/\",\"name\":\"Pel\u00e9 dans un \u00e9tat critique\",\"isPartOf\":{\"@id\":\"https:\\\/\\\/www.webdo.tn\\\/fr\\\/#website\"},\"primaryImageOfPage\":{\"@id\":\"https:\\\/\\\/www.webdo.tn\\\/fr\\\/actualite\\\/sport\\\/le-roi-pele-dans-un-etat-critique\\\/200997\\\/#primaryimage\"},\"image\":{\"@id\":\"https:\\\/\\\/www.webdo.tn\\\/fr\\\/actualite\\\/sport\\\/le-roi-pele-dans-un-etat-critique\\\/200997\\\/#primaryimage\"},\"thumbnailUrl\":\"https:\\\/\\\/www.webdo.tn\\\/fr\\\/wp-content\\\/uploads\\\/2022\\\/12\\\/58229d13d045c97edba304ceafa6f743.jpg\",\"datePublished\":\"2022-12-22T09:02:00+00:00\",\"dateModified\":\"2025-05-20T22:06:24+00:00\",\"description\":\"L\u2019\u00e9tat de sant\u00e9 d\u2019Edson Arantes do Nascimento, dit Pel\u00e9, 82 ans, s\u2019est aggrav\u00e9. L\u2019h\u00f4pital de Sao Paulo o\u00f9 il est hospitalis\u00e9 et ses proches, ont annonc\u00e9, ce mer...\",\"breadcrumb\":{\"@id\":\"https:\\\/\\\/www.webdo.tn\\\/fr\\\/actualite\\\/sport\\\/le-roi-pele-dans-un-etat-critique\\\/200997\\\/#breadcrumb\"},\"inLanguage\":\"fr-FR\",\"potentialAction\":[{\"@type\":\"ReadAction\",\"target\":[\"https:\\\/\\\/www.webdo.tn\\\/fr\\\/actualite\\\/sport\\\/le-roi-pele-dans-un-etat-critique\\\/200997\\\/\"]}]},{\"@type\":\"ImageObject\",\"inLanguage\":\"fr-FR\",\"@id\":\"https:\\\/\\\/www.webdo.tn\\\/fr\\\/actualite\\\/sport\\\/le-roi-pele-dans-un-etat-critique\\\/200997\\\/#primaryimage\",\"url\":\"https:\\\/\\\/www.webdo.tn\\\/fr\\\/wp-content\\\/uploads\\\/2022\\\/12\\\/58229d13d045c97edba304ceafa6f743.jpg\",\"contentUrl\":\"https:\\\/\\\/www.webdo.tn\\\/fr\\\/wp-content\\\/uploads\\\/2022\\\/12\\\/58229d13d045c97edba304ceafa6f743.jpg\",\"width\":750,\"height\":400,\"caption\":\"Pel\u00e9 dans un \u00e9tat critique\"},{\"@type\":\"BreadcrumbList\",\"@id\":\"https:\\\/\\\/www.webdo.tn\\\/fr\\\/actualite\\\/sport\\\/le-roi-pele-dans-un-etat-critique\\\/200997\\\/#breadcrumb\",\"itemListElement\":[{\"@type\":\"ListItem\",\"position\":1,\"name\":\"Accueil\",\"item\":\"https:\\\/\\\/www.webdo.tn\\\/fr\\\/\"},{\"@type\":\"ListItem\",\"position\":2,\"name\":\"Pel\u00e9 dans un \u00e9tat critique\"}]},{\"@type\":\"WebSite\",\"@id\":\"https:\\\/\\\/www.webdo.tn\\\/fr\\\/#website\",\"url\":\"https:\\\/\\\/www.webdo.tn\\\/fr\\\/\",\"name\":\"webdo\",\"description\":\"Tunisie - News en Tunisie et \u00e0 l&#039;international sur Webdo.tn\",\"publisher\":{\"@id\":\"https:\\\/\\\/www.webdo.tn\\\/fr\\\/#organization\"},\"potentialAction\":[{\"@type\":\"SearchAction\",\"target\":{\"@type\":\"EntryPoint\",\"urlTemplate\":\"https:\\\/\\\/www.webdo.tn\\\/fr\\\/?s={search_term_string}\"},\"query-input\":{\"@type\":\"PropertyValueSpecification\",\"valueRequired\":true,\"valueName\":\"search_term_string\"}}],\"inLanguage\":\"fr-FR\"},{\"@type\":\"Organization\",\"@id\":\"https:\\\/\\\/www.webdo.tn\\\/fr\\\/#organization\",\"name\":\"Webdo\",\"alternateName\":\"Webdo.tn\",\"url\":\"https:\\\/\\\/www.webdo.tn\\\/fr\\\/\",\"logo\":{\"@type\":\"ImageObject\",\"inLanguage\":\"fr-FR\",\"@id\":\"https:\\\/\\\/www.webdo.tn\\\/fr\\\/#\\\/schema\\\/logo\\\/image\\\/\",\"url\":\"https:\\\/\\\/www.webdo.tn\\\/fr\\\/wp-content\\\/uploads\\\/2025\\\/06\\\/Webdo-Tunisie_168377.jpg\",\"contentUrl\":\"https:\\\/\\\/www.webdo.tn\\\/fr\\\/wp-content\\\/uploads\\\/2025\\\/06\\\/Webdo-Tunisie_168377.jpg\",\"width\":301,\"height\":301,\"caption\":\"Webdo\"},\"image\":{\"@id\":\"https:\\\/\\\/www.webdo.tn\\\/fr\\\/#\\\/schema\\\/logo\\\/image\\\/\"},\"sameAs\":[\"https:\\\/\\\/www.facebook.com\\\/webdotn\",\"https:\\\/\\\/x.com\\\/webdo_tn\"],\"description\":\"Webdo est un m\u00e9dia num\u00e9rique tunisien fond\u00e9 en 2010, sp\u00e9cialis\u00e9 dans l\u2019actualit\u00e9 nationale et internationale, l\u2019\u00e9conomie, la soci\u00e9t\u00e9 et les analyses politiques. Le site s\u2019adresse \u00e0 un large public francophone et couvre l\u2019information tunisienne en temps r\u00e9el.\",\"email\":\"redac@webdo.tn\",\"legalName\":\"YNJ SARL\",\"foundingDate\":\"2010-09-06\",\"numberOfEmployees\":{\"@type\":\"QuantitativeValue\",\"minValue\":\"11\",\"maxValue\":\"50\"}},{\"@type\":\"Person\",\"@id\":\"https:\\\/\\\/www.webdo.tn\\\/fr\\\/#\\\/schema\\\/person\\\/2c4929cbf5a809e3bd38617c6ce150f6\",\"name\":\"MC\",\"image\":{\"@type\":\"ImageObject\",\"inLanguage\":\"fr-FR\",\"@id\":\"https:\\\/\\\/secure.gravatar.com\\\/avatar\\\/a545bbb6f84efdd5553dbbc2895e3ca8f1d12c5215e00a041c9670b54aa9b18a?s=96&d=mm&r=g\",\"url\":\"https:\\\/\\\/secure.gravatar.com\\\/avatar\\\/a545bbb6f84efdd5553dbbc2895e3ca8f1d12c5215e00a041c9670b54aa9b18a?s=96&d=mm&r=g\",\"contentUrl\":\"https:\\\/\\\/secure.gravatar.com\\\/avatar\\\/a545bbb6f84efdd5553dbbc2895e3ca8f1d12c5215e00a041c9670b54aa9b18a?s=96&d=mm&r=g\",\"caption\":\"MC\"},\"url\":\"https:\\\/\\\/www.webdo.tn\\\/fr\\\/actualite\\\/author\\\/mc\\\/\"}]}<\/script>\n<!-- \/ Yoast SEO Premium plugin. -->","yoast_head_json":{"title":"Pel\u00e9 dans un \u00e9tat critique","description":"L\u2019\u00e9tat de sant\u00e9 d\u2019Edson Arantes do Nascimento, dit Pel\u00e9, 82 ans, s\u2019est aggrav\u00e9. L\u2019h\u00f4pital de Sao Paulo o\u00f9 il est hospitalis\u00e9 et ses proches, ont annonc\u00e9, ce mer...","canonical":"https:\/\/www.webdo.tn\/fr\/actualite\/sport\/le-roi-pele-dans-un-etat-critique\/200997\/","og_locale":"fr_FR","og_type":"article","og_title":"Pel\u00e9 dans un \u00e9tat critique","og_description":"L\u2019\u00e9tat de sant\u00e9 d\u2019Edson Arantes do Nascimento, dit Pel\u00e9, 82 ans, s\u2019est aggrav\u00e9. L\u2019h\u00f4pital de Sao Paulo o\u00f9 il est hospitalis\u00e9 et ses proches, ont annonc\u00e9, ce mer...","og_url":"https:\/\/www.webdo.tn\/fr\/actualite\/sport\/le-roi-pele-dans-un-etat-critique\/200997\/","og_site_name":"webdo","article_publisher":"https:\/\/www.facebook.com\/webdotn","article_published_time":"2022-12-22T09:02:00+00:00","article_modified_time":"2025-05-20T22:06:24+00:00","og_image":[{"width":750,"height":400,"url":"https:\/\/www.webdo.tn\/fr\/wp-content\/uploads\/2022\/12\/58229d13d045c97edba304ceafa6f743.jpg","type":"image\/jpeg"}],"author":"MC","twitter_card":"summary_large_image","twitter_creator":"@webdo_tn","twitter_site":"@webdo_tn","twitter_misc":{"\u00c9crit par":"MC","Dur\u00e9e de lecture estim\u00e9e":"1 minute"},"schema":{"@context":"https:\/\/schema.org","@graph":[{"@type":"NewsArticle","@id":"https:\/\/www.webdo.tn\/fr\/actualite\/sport\/le-roi-pele-dans-un-etat-critique\/200997\/#article","isPartOf":{"@id":"https:\/\/www.webdo.tn\/fr\/actualite\/sport\/le-roi-pele-dans-un-etat-critique\/200997\/"},"author":{"name":"MC","@id":"https:\/\/www.webdo.tn\/fr\/#\/schema\/person\/2c4929cbf5a809e3bd38617c6ce150f6"},"headline":"Pel\u00e9 dans un \u00e9tat critique","datePublished":"2022-12-22T09:02:00+00:00","dateModified":"2025-05-20T22:06:24+00:00","mainEntityOfPage":{"@id":"https:\/\/www.webdo.tn\/fr\/actualite\/sport\/le-roi-pele-dans-un-etat-critique\/200997\/"},"wordCount":158,"commentCount":0,"publisher":{"@id":"https:\/\/www.webdo.tn\/fr\/#organization"},"image":{"@id":"https:\/\/www.webdo.tn\/fr\/actualite\/sport\/le-roi-pele-dans-un-etat-critique\/200997\/#primaryimage"},"thumbnailUrl":"https:\/\/www.webdo.tn\/fr\/wp-content\/uploads\/2022\/12\/58229d13d045c97edba304ceafa6f743.jpg","keywords":["Br\u00e9sil","Pel\u00e9","Sant\u00e9"],"articleSection":["Sport"],"inLanguage":"fr-FR"},{"@type":"WebPage","@id":"https:\/\/www.webdo.tn\/fr\/actualite\/sport\/le-roi-pele-dans-un-etat-critique\/200997\/","url":"https:\/\/www.webdo.tn\/fr\/actualite\/sport\/le-roi-pele-dans-un-etat-critique\/200997\/","name":"Pel\u00e9 dans un \u00e9tat critique","isPartOf":{"@id":"https:\/\/www.webdo.tn\/fr\/#website"},"primaryImageOfPage":{"@id":"https:\/\/www.webdo.tn\/fr\/actualite\/sport\/le-roi-pele-dans-un-etat-critique\/200997\/#primaryimage"},"image":{"@id":"https:\/\/www.webdo.tn\/fr\/actualite\/sport\/le-roi-pele-dans-un-etat-critique\/200997\/#primaryimage"},"thumbnailUrl":"https:\/\/www.webdo.tn\/fr\/wp-content\/uploads\/2022\/12\/58229d13d045c97edba304ceafa6f743.jpg","datePublished":"2022-12-22T09:02:00+00:00","dateModified":"2025-05-20T22:06:24+00:00","description":"L\u2019\u00e9tat de sant\u00e9 d\u2019Edson Arantes do Nascimento, dit Pel\u00e9, 82 ans, s\u2019est aggrav\u00e9. L\u2019h\u00f4pital de Sao Paulo o\u00f9 il est hospitalis\u00e9 et ses proches, ont annonc\u00e9, ce mer...","breadcrumb":{"@id":"https:\/\/www.webdo.tn\/fr\/actualite\/sport\/le-roi-pele-dans-un-etat-critique\/200997\/#breadcrumb"},"inLanguage":"fr-FR","potentialAction":[{"@type":"ReadAction","target":["https:\/\/www.webdo.tn\/fr\/actualite\/sport\/le-roi-pele-dans-un-etat-critique\/200997\/"]}]},{"@type":"ImageObject","inLanguage":"fr-FR","@id":"https:\/\/www.webdo.tn\/fr\/actualite\/sport\/le-roi-pele-dans-un-etat-critique\/200997\/#primaryimage","url":"https:\/\/www.webdo.tn\/fr\/wp-content\/uploads\/2022\/12\/58229d13d045c97edba304ceafa6f743.jpg","contentUrl":"https:\/\/www.webdo.tn\/fr\/wp-content\/uploads\/2022\/12\/58229d13d045c97edba304ceafa6f743.jpg","width":750,"height":400,"caption":"Pel\u00e9 dans un \u00e9tat critique"},{"@type":"BreadcrumbList","@id":"https:\/\/www.webdo.tn\/fr\/actualite\/sport\/le-roi-pele-dans-un-etat-critique\/200997\/#breadcrumb","itemListElement":[{"@type":"ListItem","position":1,"name":"Accueil","item":"https:\/\/www.webdo.tn\/fr\/"},{"@type":"ListItem","position":2,"name":"Pel\u00e9 dans un \u00e9tat critique"}]},{"@type":"WebSite","@id":"https:\/\/www.webdo.tn\/fr\/#website","url":"https:\/\/www.webdo.tn\/fr\/","name":"webdo","description":"Tunisie - News en Tunisie et \u00e0 l&#039;international sur Webdo.tn","publisher":{"@id":"https:\/\/www.webdo.tn\/fr\/#organization"},"potentialAction":[{"@type":"SearchAction","target":{"@type":"EntryPoint","urlTemplate":"https:\/\/www.webdo.tn\/fr\/?s={search_term_string}"},"query-input":{"@type":"PropertyValueSpecification","valueRequired":true,"valueName":"search_term_string"}}],"inLanguage":"fr-FR"},{"@type":"Organization","@id":"https:\/\/www.webdo.tn\/fr\/#organization","name":"Webdo","alternateName":"Webdo.tn","url":"https:\/\/www.webdo.tn\/fr\/","logo":{"@type":"ImageObject","inLanguage":"fr-FR","@id":"https:\/\/www.webdo.tn\/fr\/#\/schema\/logo\/image\/","url":"https:\/\/www.webdo.tn\/fr\/wp-content\/uploads\/2025\/06\/Webdo-Tunisie_168377.jpg","contentUrl":"https:\/\/www.webdo.tn\/fr\/wp-content\/uploads\/2025\/06\/Webdo-Tunisie_168377.jpg","width":301,"height":301,"caption":"Webdo"},"image":{"@id":"https:\/\/www.webdo.tn\/fr\/#\/schema\/logo\/image\/"},"sameAs":["https:\/\/www.facebook.com\/webdotn","https:\/\/x.com\/webdo_tn"],"description":"Webdo est un m\u00e9dia num\u00e9rique tunisien fond\u00e9 en 2010, sp\u00e9cialis\u00e9 dans l\u2019actualit\u00e9 nationale et internationale, l\u2019\u00e9conomie, la soci\u00e9t\u00e9 et les analyses politiques. Le site s\u2019adresse \u00e0 un large public francophone et couvre l\u2019information tunisienne en temps r\u00e9el.","email":"redac@webdo.tn","legalName":"YNJ SARL","foundingDate":"2010-09-06","numberOfEmployees":{"@type":"QuantitativeValue","minValue":"11","maxValue":"50"}},{"@type":"Person","@id":"https:\/\/www.webdo.tn\/fr\/#\/schema\/person\/2c4929cbf5a809e3bd38617c6ce150f6","name":"MC","image":{"@type":"ImageObject","inLanguage":"fr-FR","@id":"https:\/\/secure.gravatar.com\/avatar\/a545bbb6f84efdd5553dbbc2895e3ca8f1d12c5215e00a041c9670b54aa9b18a?s=96&d=mm&r=g","url":"https:\/\/secure.gravatar.com\/avatar\/a545bbb6f84efdd5553dbbc2895e3ca8f1d12c5215e00a041c9670b54aa9b18a?s=96&d=mm&r=g","contentUrl":"https:\/\/secure.gravatar.com\/avatar\/a545bbb6f84efdd5553dbbc2895e3ca8f1d12c5215e00a041c9670b54aa9b18a?s=96&d=mm&r=g","caption":"MC"},"url":"https:\/\/www.webdo.tn\/fr\/actualite\/author\/mc\/"}]}},"_links":{"self":[{"href":"https:\/\/www.webdo.tn\/fr\/wp-json\/wp\/v2\/posts\/200997","targetHints":{"allow":["GET"]}}],"collection":[{"href":"https:\/\/www.webdo.tn\/fr\/wp-json\/wp\/v2\/posts"}],"about":[{"href":"https:\/\/www.webdo.tn\/fr\/wp-json\/wp\/v2\/types\/post"}],"author":[{"embeddable":true,"href":"https:\/\/www.webdo.tn\/fr\/wp-json\/wp\/v2\/users\/3162"}],"replies":[{"embeddable":true,"href":"https:\/\/www.webdo.tn\/fr\/wp-json\/wp\/v2\/comments?post=200997"}],"version-history":[{"count":0,"href":"https:\/\/www.webdo.tn\/fr\/wp-json\/wp\/v2\/posts\/200997\/revisions"}],"wp:featuredmedia":[{"embeddable":true,"href":"https:\/\/www.webdo.tn\/fr\/wp-json\/wp\/v2\/media\/277471"}],"wp:attachment":[{"href":"https:\/\/www.webdo.tn\/fr\/wp-json\/wp\/v2\/media?parent=200997"}],"wp:term":[{"taxonomy":"category","embeddable":true,"href":"https:\/\/www.webdo.tn\/fr\/wp-json\/wp\/v2\/categories?post=200997"},{"taxonomy":"post_tag","embeddable":true,"href":"https:\/\/www.webdo.tn\/fr\/wp-json\/wp\/v2\/tags?post=200997"}],"curies":[{"name":"wp","href":"https:\/\/api.w.org\/{rel}","templated":true}]}}