{"id":200960,"date":"2022-12-21T10:19:00","date_gmt":"2022-12-21T10:19:00","guid":{"rendered":"https:\/\/www.webdo.tn\/fr\/blog\/cnss-cnrps-le-versement-des-pensions-de-retraite-avance\/200960\/"},"modified":"2025-05-20T22:06:23","modified_gmt":"2025-05-20T22:06:23","slug":"cnss-cnrps-le-versement-des-pensions-de-retraite-avance","status":"publish","type":"post","link":"https:\/\/www.webdo.tn\/fr\/actualite\/national\/cnss-cnrps-le-versement-des-pensions-de-retraite-avance\/200960\/","title":{"rendered":"CNSS &#8211; CNRPS : le versement des pensions de retraite avanc\u00e9"},"content":{"rendered":"<p>La Caisse nationale de s\u00e9curit\u00e9 sociale (CNSS) et la Caisse nationale de retraite et de pr\u00e9voyance sociale (CNRPS) ont annonc\u00e9, ce mercredi 21 d\u00e9cembre 2022, que le versement des pensions de retraite a \u00e9t\u00e9 avanc\u00e9 de trois jours.<\/p>\n<p>\t\t\t\t\t\t\t\t\tLa CNSS et la CNRPS annoncent, chacune dans un communiqu\u00e9 que la date de versement des pensions de retraite a \u00e9t\u00e9 avanc\u00e9e \u00e0 demain, jeudi 22 d\u00e9cembre au lieu du 25, date habituelle du versement du fait que le 25 d\u00e9cembre co\u00efncide avec avec le week-end.<\/p>\n","protected":false},"excerpt":{"rendered":"<p>La Caisse nationale de s\u00e9curit\u00e9 sociale (CNSS) et la Caisse nationale de retraite et de pr\u00e9voyance sociale (CNRPS) ont annonc\u00e9, ce mercredi 21 d\u00e9cembre 2022, qu&#8230;<\/p>\n","protected":false},"author":3162,"featured_media":277467,"comment_status":"open","ping_status":"closed","sticky":false,"template":"","format":"standard","meta":{"footnotes":""},"categories":[44],"tags":[7104,3378,6246,6245],"class_list":["post-200960","post","type-post","status-publish","format-standard","has-post-thumbnail","hentry","category-national","tag-cnrps","tag-cnss","tag-pension","tag-retraite"],"yoast_head":"<!-- This site is optimized with the Yoast SEO Premium plugin v27.4 (Yoast SEO v27.5) - https:\/\/yoast.com\/product\/yoast-seo-premium-wordpress\/ -->\n<title>CNSS - CNRPS : le versement des pensions de retraite avanc\u00e9<\/title>\n<meta name=\"description\" content=\"La Caisse nationale de s\u00e9curit\u00e9 sociale (CNSS) et la Caisse nationale de retraite et de pr\u00e9voyance sociale (CNRPS) ont annonc\u00e9, ce mercredi 21 d\u00e9cembre 2022, qu...\" \/>\n<link rel=\"canonical\" href=\"https:\/\/www.webdo.tn\/fr\/actualite\/national\/cnss-cnrps-le-versement-des-pensions-de-retraite-avance\/200960\/\" \/>\n<meta property=\"og:locale\" content=\"fr_FR\" \/>\n<meta property=\"og:type\" content=\"article\" \/>\n<meta property=\"og:title\" content=\"CNSS - CNRPS : le versement des pensions de retraite avanc\u00e9\" \/>\n<meta property=\"og:description\" content=\"La Caisse nationale de s\u00e9curit\u00e9 sociale (CNSS) et la Caisse nationale de retraite et de pr\u00e9voyance sociale (CNRPS) ont annonc\u00e9, ce mercredi 21 d\u00e9cembre 2022, qu...\" \/>\n<meta property=\"og:url\" content=\"https:\/\/www.webdo.tn\/fr\/actualite\/national\/cnss-cnrps-le-versement-des-pensions-de-retraite-avance\/200960\/\" \/>\n<meta property=\"og:site_name\" content=\"webdo\" \/>\n<meta property=\"article:publisher\" content=\"https:\/\/www.facebook.com\/webdotn\" \/>\n<meta property=\"article:published_time\" content=\"2022-12-21T10:19:00+00:00\" \/>\n<meta property=\"article:modified_time\" content=\"2025-05-20T22:06:23+00:00\" \/>\n<meta property=\"og:image\" content=\"https:\/\/www.webdo.tn\/fr\/wp-content\/uploads\/2022\/12\/62349394bb4a8ffaf33b2c7ac2a36063.jpeg\" \/>\n\t<meta property=\"og:image:width\" content=\"703\" \/>\n\t<meta property=\"og:image:height\" content=\"375\" \/>\n\t<meta property=\"og:image:type\" content=\"image\/jpeg\" \/>\n<meta name=\"author\" content=\"MC\" \/>\n<meta name=\"twitter:card\" content=\"summary_large_image\" \/>\n<meta name=\"twitter:creator\" content=\"@webdo_tn\" \/>\n<meta name=\"twitter:site\" content=\"@webdo_tn\" \/>\n<meta name=\"twitter:label1\" content=\"\u00c9crit par\" \/>\n\t<meta name=\"twitter:data1\" content=\"MC\" \/>\n<script type=\"application\/ld+json\" class=\"yoast-schema-graph\">{\"@context\":\"https:\\\/\\\/schema.org\",\"@graph\":[{\"@type\":\"NewsArticle\",\"@id\":\"https:\\\/\\\/www.webdo.tn\\\/fr\\\/actualite\\\/national\\\/cnss-cnrps-le-versement-des-pensions-de-retraite-avance\\\/200960\\\/#article\",\"isPartOf\":{\"@id\":\"https:\\\/\\\/www.webdo.tn\\\/fr\\\/actualite\\\/national\\\/cnss-cnrps-le-versement-des-pensions-de-retraite-avance\\\/200960\\\/\"},\"author\":{\"name\":\"MC\",\"@id\":\"https:\\\/\\\/www.webdo.tn\\\/fr\\\/#\\\/schema\\\/person\\\/2c4929cbf5a809e3bd38617c6ce150f6\"},\"headline\":\"CNSS &#8211; CNRPS : le versement des pensions de retraite avanc\u00e9\",\"datePublished\":\"2022-12-21T10:19:00+00:00\",\"dateModified\":\"2025-05-20T22:06:23+00:00\",\"mainEntityOfPage\":{\"@id\":\"https:\\\/\\\/www.webdo.tn\\\/fr\\\/actualite\\\/national\\\/cnss-cnrps-le-versement-des-pensions-de-retraite-avance\\\/200960\\\/\"},\"wordCount\":95,\"commentCount\":0,\"publisher\":{\"@id\":\"https:\\\/\\\/www.webdo.tn\\\/fr\\\/#organization\"},\"image\":{\"@id\":\"https:\\\/\\\/www.webdo.tn\\\/fr\\\/actualite\\\/national\\\/cnss-cnrps-le-versement-des-pensions-de-retraite-avance\\\/200960\\\/#primaryimage\"},\"thumbnailUrl\":\"https:\\\/\\\/www.webdo.tn\\\/fr\\\/wp-content\\\/uploads\\\/2022\\\/12\\\/62349394bb4a8ffaf33b2c7ac2a36063.jpeg\",\"keywords\":[\"CNRPS\",\"CNSS\",\"pension\",\"retraite\"],\"articleSection\":[\"National\"],\"inLanguage\":\"fr-FR\"},{\"@type\":\"WebPage\",\"@id\":\"https:\\\/\\\/www.webdo.tn\\\/fr\\\/actualite\\\/national\\\/cnss-cnrps-le-versement-des-pensions-de-retraite-avance\\\/200960\\\/\",\"url\":\"https:\\\/\\\/www.webdo.tn\\\/fr\\\/actualite\\\/national\\\/cnss-cnrps-le-versement-des-pensions-de-retraite-avance\\\/200960\\\/\",\"name\":\"CNSS - CNRPS : le versement des pensions de retraite avanc\u00e9\",\"isPartOf\":{\"@id\":\"https:\\\/\\\/www.webdo.tn\\\/fr\\\/#website\"},\"primaryImageOfPage\":{\"@id\":\"https:\\\/\\\/www.webdo.tn\\\/fr\\\/actualite\\\/national\\\/cnss-cnrps-le-versement-des-pensions-de-retraite-avance\\\/200960\\\/#primaryimage\"},\"image\":{\"@id\":\"https:\\\/\\\/www.webdo.tn\\\/fr\\\/actualite\\\/national\\\/cnss-cnrps-le-versement-des-pensions-de-retraite-avance\\\/200960\\\/#primaryimage\"},\"thumbnailUrl\":\"https:\\\/\\\/www.webdo.tn\\\/fr\\\/wp-content\\\/uploads\\\/2022\\\/12\\\/62349394bb4a8ffaf33b2c7ac2a36063.jpeg\",\"datePublished\":\"2022-12-21T10:19:00+00:00\",\"dateModified\":\"2025-05-20T22:06:23+00:00\",\"description\":\"La Caisse nationale de s\u00e9curit\u00e9 sociale (CNSS) et la Caisse nationale de retraite et de pr\u00e9voyance sociale (CNRPS) ont annonc\u00e9, ce mercredi 21 d\u00e9cembre 2022, qu...\",\"breadcrumb\":{\"@id\":\"https:\\\/\\\/www.webdo.tn\\\/fr\\\/actualite\\\/national\\\/cnss-cnrps-le-versement-des-pensions-de-retraite-avance\\\/200960\\\/#breadcrumb\"},\"inLanguage\":\"fr-FR\",\"potentialAction\":[{\"@type\":\"ReadAction\",\"target\":[\"https:\\\/\\\/www.webdo.tn\\\/fr\\\/actualite\\\/national\\\/cnss-cnrps-le-versement-des-pensions-de-retraite-avance\\\/200960\\\/\"]}]},{\"@type\":\"ImageObject\",\"inLanguage\":\"fr-FR\",\"@id\":\"https:\\\/\\\/www.webdo.tn\\\/fr\\\/actualite\\\/national\\\/cnss-cnrps-le-versement-des-pensions-de-retraite-avance\\\/200960\\\/#primaryimage\",\"url\":\"https:\\\/\\\/www.webdo.tn\\\/fr\\\/wp-content\\\/uploads\\\/2022\\\/12\\\/62349394bb4a8ffaf33b2c7ac2a36063.jpeg\",\"contentUrl\":\"https:\\\/\\\/www.webdo.tn\\\/fr\\\/wp-content\\\/uploads\\\/2022\\\/12\\\/62349394bb4a8ffaf33b2c7ac2a36063.jpeg\",\"width\":703,\"height\":375,\"caption\":\"CNSS - CNRPS : le versement des pensions de retraite avanc\u00e9\"},{\"@type\":\"BreadcrumbList\",\"@id\":\"https:\\\/\\\/www.webdo.tn\\\/fr\\\/actualite\\\/national\\\/cnss-cnrps-le-versement-des-pensions-de-retraite-avance\\\/200960\\\/#breadcrumb\",\"itemListElement\":[{\"@type\":\"ListItem\",\"position\":1,\"name\":\"Accueil\",\"item\":\"https:\\\/\\\/www.webdo.tn\\\/fr\\\/\"},{\"@type\":\"ListItem\",\"position\":2,\"name\":\"CNSS &#8211; CNRPS : le versement des pensions de retraite avanc\u00e9\"}]},{\"@type\":\"WebSite\",\"@id\":\"https:\\\/\\\/www.webdo.tn\\\/fr\\\/#website\",\"url\":\"https:\\\/\\\/www.webdo.tn\\\/fr\\\/\",\"name\":\"webdo\",\"description\":\"Tunisie - News en Tunisie et \u00e0 l&#039;international sur Webdo.tn\",\"publisher\":{\"@id\":\"https:\\\/\\\/www.webdo.tn\\\/fr\\\/#organization\"},\"potentialAction\":[{\"@type\":\"SearchAction\",\"target\":{\"@type\":\"EntryPoint\",\"urlTemplate\":\"https:\\\/\\\/www.webdo.tn\\\/fr\\\/?s={search_term_string}\"},\"query-input\":{\"@type\":\"PropertyValueSpecification\",\"valueRequired\":true,\"valueName\":\"search_term_string\"}}],\"inLanguage\":\"fr-FR\"},{\"@type\":\"Organization\",\"@id\":\"https:\\\/\\\/www.webdo.tn\\\/fr\\\/#organization\",\"name\":\"Webdo\",\"alternateName\":\"Webdo.tn\",\"url\":\"https:\\\/\\\/www.webdo.tn\\\/fr\\\/\",\"logo\":{\"@type\":\"ImageObject\",\"inLanguage\":\"fr-FR\",\"@id\":\"https:\\\/\\\/www.webdo.tn\\\/fr\\\/#\\\/schema\\\/logo\\\/image\\\/\",\"url\":\"https:\\\/\\\/www.webdo.tn\\\/fr\\\/wp-content\\\/uploads\\\/2025\\\/06\\\/Webdo-Tunisie_168377.jpg\",\"contentUrl\":\"https:\\\/\\\/www.webdo.tn\\\/fr\\\/wp-content\\\/uploads\\\/2025\\\/06\\\/Webdo-Tunisie_168377.jpg\",\"width\":301,\"height\":301,\"caption\":\"Webdo\"},\"image\":{\"@id\":\"https:\\\/\\\/www.webdo.tn\\\/fr\\\/#\\\/schema\\\/logo\\\/image\\\/\"},\"sameAs\":[\"https:\\\/\\\/www.facebook.com\\\/webdotn\",\"https:\\\/\\\/x.com\\\/webdo_tn\"],\"description\":\"Webdo est un m\u00e9dia num\u00e9rique tunisien fond\u00e9 en 2010, sp\u00e9cialis\u00e9 dans l\u2019actualit\u00e9 nationale et internationale, l\u2019\u00e9conomie, la soci\u00e9t\u00e9 et les analyses politiques. Le site s\u2019adresse \u00e0 un large public francophone et couvre l\u2019information tunisienne en temps r\u00e9el.\",\"email\":\"redac@webdo.tn\",\"legalName\":\"YNJ SARL\",\"foundingDate\":\"2010-09-06\",\"numberOfEmployees\":{\"@type\":\"QuantitativeValue\",\"minValue\":\"11\",\"maxValue\":\"50\"}},{\"@type\":\"Person\",\"@id\":\"https:\\\/\\\/www.webdo.tn\\\/fr\\\/#\\\/schema\\\/person\\\/2c4929cbf5a809e3bd38617c6ce150f6\",\"name\":\"MC\",\"image\":{\"@type\":\"ImageObject\",\"inLanguage\":\"fr-FR\",\"@id\":\"https:\\\/\\\/secure.gravatar.com\\\/avatar\\\/a545bbb6f84efdd5553dbbc2895e3ca8f1d12c5215e00a041c9670b54aa9b18a?s=96&d=mm&r=g\",\"url\":\"https:\\\/\\\/secure.gravatar.com\\\/avatar\\\/a545bbb6f84efdd5553dbbc2895e3ca8f1d12c5215e00a041c9670b54aa9b18a?s=96&d=mm&r=g\",\"contentUrl\":\"https:\\\/\\\/secure.gravatar.com\\\/avatar\\\/a545bbb6f84efdd5553dbbc2895e3ca8f1d12c5215e00a041c9670b54aa9b18a?s=96&d=mm&r=g\",\"caption\":\"MC\"},\"url\":\"https:\\\/\\\/www.webdo.tn\\\/fr\\\/actualite\\\/author\\\/mc\\\/\"}]}<\/script>\n<!-- \/ Yoast SEO Premium plugin. -->","yoast_head_json":{"title":"CNSS - CNRPS : le versement des pensions de retraite avanc\u00e9","description":"La Caisse nationale de s\u00e9curit\u00e9 sociale (CNSS) et la Caisse nationale de retraite et de pr\u00e9voyance sociale (CNRPS) ont annonc\u00e9, ce mercredi 21 d\u00e9cembre 2022, qu...","canonical":"https:\/\/www.webdo.tn\/fr\/actualite\/national\/cnss-cnrps-le-versement-des-pensions-de-retraite-avance\/200960\/","og_locale":"fr_FR","og_type":"article","og_title":"CNSS - CNRPS : le versement des pensions de retraite avanc\u00e9","og_description":"La Caisse nationale de s\u00e9curit\u00e9 sociale (CNSS) et la Caisse nationale de retraite et de pr\u00e9voyance sociale (CNRPS) ont annonc\u00e9, ce mercredi 21 d\u00e9cembre 2022, qu...","og_url":"https:\/\/www.webdo.tn\/fr\/actualite\/national\/cnss-cnrps-le-versement-des-pensions-de-retraite-avance\/200960\/","og_site_name":"webdo","article_publisher":"https:\/\/www.facebook.com\/webdotn","article_published_time":"2022-12-21T10:19:00+00:00","article_modified_time":"2025-05-20T22:06:23+00:00","og_image":[{"width":703,"height":375,"url":"https:\/\/www.webdo.tn\/fr\/wp-content\/uploads\/2022\/12\/62349394bb4a8ffaf33b2c7ac2a36063.jpeg","type":"image\/jpeg"}],"author":"MC","twitter_card":"summary_large_image","twitter_creator":"@webdo_tn","twitter_site":"@webdo_tn","twitter_misc":{"\u00c9crit par":"MC"},"schema":{"@context":"https:\/\/schema.org","@graph":[{"@type":"NewsArticle","@id":"https:\/\/www.webdo.tn\/fr\/actualite\/national\/cnss-cnrps-le-versement-des-pensions-de-retraite-avance\/200960\/#article","isPartOf":{"@id":"https:\/\/www.webdo.tn\/fr\/actualite\/national\/cnss-cnrps-le-versement-des-pensions-de-retraite-avance\/200960\/"},"author":{"name":"MC","@id":"https:\/\/www.webdo.tn\/fr\/#\/schema\/person\/2c4929cbf5a809e3bd38617c6ce150f6"},"headline":"CNSS &#8211; CNRPS : le versement des pensions de retraite avanc\u00e9","datePublished":"2022-12-21T10:19:00+00:00","dateModified":"2025-05-20T22:06:23+00:00","mainEntityOfPage":{"@id":"https:\/\/www.webdo.tn\/fr\/actualite\/national\/cnss-cnrps-le-versement-des-pensions-de-retraite-avance\/200960\/"},"wordCount":95,"commentCount":0,"publisher":{"@id":"https:\/\/www.webdo.tn\/fr\/#organization"},"image":{"@id":"https:\/\/www.webdo.tn\/fr\/actualite\/national\/cnss-cnrps-le-versement-des-pensions-de-retraite-avance\/200960\/#primaryimage"},"thumbnailUrl":"https:\/\/www.webdo.tn\/fr\/wp-content\/uploads\/2022\/12\/62349394bb4a8ffaf33b2c7ac2a36063.jpeg","keywords":["CNRPS","CNSS","pension","retraite"],"articleSection":["National"],"inLanguage":"fr-FR"},{"@type":"WebPage","@id":"https:\/\/www.webdo.tn\/fr\/actualite\/national\/cnss-cnrps-le-versement-des-pensions-de-retraite-avance\/200960\/","url":"https:\/\/www.webdo.tn\/fr\/actualite\/national\/cnss-cnrps-le-versement-des-pensions-de-retraite-avance\/200960\/","name":"CNSS - CNRPS : le versement des pensions de retraite avanc\u00e9","isPartOf":{"@id":"https:\/\/www.webdo.tn\/fr\/#website"},"primaryImageOfPage":{"@id":"https:\/\/www.webdo.tn\/fr\/actualite\/national\/cnss-cnrps-le-versement-des-pensions-de-retraite-avance\/200960\/#primaryimage"},"image":{"@id":"https:\/\/www.webdo.tn\/fr\/actualite\/national\/cnss-cnrps-le-versement-des-pensions-de-retraite-avance\/200960\/#primaryimage"},"thumbnailUrl":"https:\/\/www.webdo.tn\/fr\/wp-content\/uploads\/2022\/12\/62349394bb4a8ffaf33b2c7ac2a36063.jpeg","datePublished":"2022-12-21T10:19:00+00:00","dateModified":"2025-05-20T22:06:23+00:00","description":"La Caisse nationale de s\u00e9curit\u00e9 sociale (CNSS) et la Caisse nationale de retraite et de pr\u00e9voyance sociale (CNRPS) ont annonc\u00e9, ce mercredi 21 d\u00e9cembre 2022, qu...","breadcrumb":{"@id":"https:\/\/www.webdo.tn\/fr\/actualite\/national\/cnss-cnrps-le-versement-des-pensions-de-retraite-avance\/200960\/#breadcrumb"},"inLanguage":"fr-FR","potentialAction":[{"@type":"ReadAction","target":["https:\/\/www.webdo.tn\/fr\/actualite\/national\/cnss-cnrps-le-versement-des-pensions-de-retraite-avance\/200960\/"]}]},{"@type":"ImageObject","inLanguage":"fr-FR","@id":"https:\/\/www.webdo.tn\/fr\/actualite\/national\/cnss-cnrps-le-versement-des-pensions-de-retraite-avance\/200960\/#primaryimage","url":"https:\/\/www.webdo.tn\/fr\/wp-content\/uploads\/2022\/12\/62349394bb4a8ffaf33b2c7ac2a36063.jpeg","contentUrl":"https:\/\/www.webdo.tn\/fr\/wp-content\/uploads\/2022\/12\/62349394bb4a8ffaf33b2c7ac2a36063.jpeg","width":703,"height":375,"caption":"CNSS - CNRPS : le versement des pensions de retraite avanc\u00e9"},{"@type":"BreadcrumbList","@id":"https:\/\/www.webdo.tn\/fr\/actualite\/national\/cnss-cnrps-le-versement-des-pensions-de-retraite-avance\/200960\/#breadcrumb","itemListElement":[{"@type":"ListItem","position":1,"name":"Accueil","item":"https:\/\/www.webdo.tn\/fr\/"},{"@type":"ListItem","position":2,"name":"CNSS &#8211; CNRPS : le versement des pensions de retraite avanc\u00e9"}]},{"@type":"WebSite","@id":"https:\/\/www.webdo.tn\/fr\/#website","url":"https:\/\/www.webdo.tn\/fr\/","name":"webdo","description":"Tunisie - News en Tunisie et \u00e0 l&#039;international sur Webdo.tn","publisher":{"@id":"https:\/\/www.webdo.tn\/fr\/#organization"},"potentialAction":[{"@type":"SearchAction","target":{"@type":"EntryPoint","urlTemplate":"https:\/\/www.webdo.tn\/fr\/?s={search_term_string}"},"query-input":{"@type":"PropertyValueSpecification","valueRequired":true,"valueName":"search_term_string"}}],"inLanguage":"fr-FR"},{"@type":"Organization","@id":"https:\/\/www.webdo.tn\/fr\/#organization","name":"Webdo","alternateName":"Webdo.tn","url":"https:\/\/www.webdo.tn\/fr\/","logo":{"@type":"ImageObject","inLanguage":"fr-FR","@id":"https:\/\/www.webdo.tn\/fr\/#\/schema\/logo\/image\/","url":"https:\/\/www.webdo.tn\/fr\/wp-content\/uploads\/2025\/06\/Webdo-Tunisie_168377.jpg","contentUrl":"https:\/\/www.webdo.tn\/fr\/wp-content\/uploads\/2025\/06\/Webdo-Tunisie_168377.jpg","width":301,"height":301,"caption":"Webdo"},"image":{"@id":"https:\/\/www.webdo.tn\/fr\/#\/schema\/logo\/image\/"},"sameAs":["https:\/\/www.facebook.com\/webdotn","https:\/\/x.com\/webdo_tn"],"description":"Webdo est un m\u00e9dia num\u00e9rique tunisien fond\u00e9 en 2010, sp\u00e9cialis\u00e9 dans l\u2019actualit\u00e9 nationale et internationale, l\u2019\u00e9conomie, la soci\u00e9t\u00e9 et les analyses politiques. Le site s\u2019adresse \u00e0 un large public francophone et couvre l\u2019information tunisienne en temps r\u00e9el.","email":"redac@webdo.tn","legalName":"YNJ SARL","foundingDate":"2010-09-06","numberOfEmployees":{"@type":"QuantitativeValue","minValue":"11","maxValue":"50"}},{"@type":"Person","@id":"https:\/\/www.webdo.tn\/fr\/#\/schema\/person\/2c4929cbf5a809e3bd38617c6ce150f6","name":"MC","image":{"@type":"ImageObject","inLanguage":"fr-FR","@id":"https:\/\/secure.gravatar.com\/avatar\/a545bbb6f84efdd5553dbbc2895e3ca8f1d12c5215e00a041c9670b54aa9b18a?s=96&d=mm&r=g","url":"https:\/\/secure.gravatar.com\/avatar\/a545bbb6f84efdd5553dbbc2895e3ca8f1d12c5215e00a041c9670b54aa9b18a?s=96&d=mm&r=g","contentUrl":"https:\/\/secure.gravatar.com\/avatar\/a545bbb6f84efdd5553dbbc2895e3ca8f1d12c5215e00a041c9670b54aa9b18a?s=96&d=mm&r=g","caption":"MC"},"url":"https:\/\/www.webdo.tn\/fr\/actualite\/author\/mc\/"}]}},"_links":{"self":[{"href":"https:\/\/www.webdo.tn\/fr\/wp-json\/wp\/v2\/posts\/200960","targetHints":{"allow":["GET"]}}],"collection":[{"href":"https:\/\/www.webdo.tn\/fr\/wp-json\/wp\/v2\/posts"}],"about":[{"href":"https:\/\/www.webdo.tn\/fr\/wp-json\/wp\/v2\/types\/post"}],"author":[{"embeddable":true,"href":"https:\/\/www.webdo.tn\/fr\/wp-json\/wp\/v2\/users\/3162"}],"replies":[{"embeddable":true,"href":"https:\/\/www.webdo.tn\/fr\/wp-json\/wp\/v2\/comments?post=200960"}],"version-history":[{"count":0,"href":"https:\/\/www.webdo.tn\/fr\/wp-json\/wp\/v2\/posts\/200960\/revisions"}],"wp:featuredmedia":[{"embeddable":true,"href":"https:\/\/www.webdo.tn\/fr\/wp-json\/wp\/v2\/media\/277467"}],"wp:attachment":[{"href":"https:\/\/www.webdo.tn\/fr\/wp-json\/wp\/v2\/media?parent=200960"}],"wp:term":[{"taxonomy":"category","embeddable":true,"href":"https:\/\/www.webdo.tn\/fr\/wp-json\/wp\/v2\/categories?post=200960"},{"taxonomy":"post_tag","embeddable":true,"href":"https:\/\/www.webdo.tn\/fr\/wp-json\/wp\/v2\/tags?post=200960"}],"curies":[{"name":"wp","href":"https:\/\/api.w.org\/{rel}","templated":true}]}}