{"id":200955,"date":"2022-12-21T09:41:00","date_gmt":"2022-12-21T09:41:00","guid":{"rendered":"https:\/\/www.webdo.tn\/fr\/blog\/nouveau-mandat-de-depot-a-l-encontre-de-rached-khiari\/200955\/"},"modified":"2025-05-20T22:06:23","modified_gmt":"2025-05-20T22:06:23","slug":"nouveau-mandat-de-depot-a-l-encontre-de-rached-khiari","status":"publish","type":"post","link":"https:\/\/www.webdo.tn\/fr\/actualite\/national\/nouveau-mandat-de-depot-a-l-encontre-de-rached-khiari\/200955\/","title":{"rendered":"Nouveau mandat de d\u00e9p\u00f4t \u00e0 l\u2019encontre de Rached Khiari"},"content":{"rendered":"<p>L\u2019ancien d\u00e9put\u00e9 de la Coalition Al Karama fait de nouveau parler de lui ! Il fait l\u2019objet d\u2019un nouveau mandat de d\u00e9p\u00f4t, \u00e9mis ce mardi 20 d\u00e9cembre 2022 par le Tribunal militaire, a indiqu\u00e9 son avocat Saber La\u00e2bidi.<\/p>\n<p>\t\t\t\t\t\t\t\t\tCe dernier, indique que ce mandat de d\u00e9p\u00f4t fait suite \u00e0 une nouvelle affaire sans pour autant d\u00e9voiler les dessous de cette affaire.<\/p>\n<p>Rached Khiari a \u00e9cop\u00e9, le 8 d\u00e9cembre dernier, d\u2019une peine prison, la chambre correctionnelle aupr\u00e8s de la Cour d&rsquo;appel militaire ayant confirm\u00e9, un jugement de premi\u00e8re instance le condamnant \u00e0 trois mois de prison.<\/p>\n<p>Khiari est accus\u00e9 d\u2019avoir critiqu\u00e9 l\u2019institution militaire, son organisation et le commandement g\u00e9n\u00e9ral de l\u2019arm\u00e9e dans un but de nuire \u00e0 la d\u00e9fense nationale.<\/p>\n<p>Le 15 novembre dernier, la chambre correctionnelle aupr\u00e8s de la Cour d&rsquo;appel de Tunis l&rsquo;avait \u00e9galement condamn\u00e9 \u00e0 quatre mois de prison pour avoir publi\u00e9 \/ diffus\u00e9 les donn\u00e9es personnelles d&rsquo;une personne sans sa permission.<\/p>\n<p>Rached Khiari a \u00e9galement \u00e9t\u00e9 condamn\u00e9, par le Tribunal de premi\u00e8re instance dans le cadre de ladite affaire, \u00e0 six mois de prison et \u00e0 une amende de 1000 dinars.<\/p>\n<p>L\u2019ancien d\u00e9put\u00e9 de la coalition islamiste Al-Karama, est poursuivi depuis plusieurs semaines dans huit affaires, devant le tribunal militaire et les tribunaux civils.<\/p>\n<p>Ayant fait l\u2019objet de mandats de d\u00e9p\u00f4t, il a notamment \u00e9cop\u00e9 d&rsquo;une peine de deux ans de prison ferme pour ch\u00e8que sans provision.<\/p>\n<p>Il a aussi \u00e9t\u00e9 condamn\u00e9 par la chambre correctionnelle pr\u00e8s le Tribunal de premi\u00e8re instance de Tunis \u00e0 huit mois de prison suite \u00e0 une plainte d\u00e9pos\u00e9e pour diffamation envers le pr\u00e9sident de la R\u00e9publique.<\/p>\n","protected":false},"excerpt":{"rendered":"<p>L\u2019ancien d\u00e9put\u00e9 de la Coalition Al Karama fait de nouveau parler de lui ! Il fait l\u2019objet d\u2019un nouveau mandat de d\u00e9p\u00f4t, \u00e9mis ce mardi 20 d\u00e9cembre 2022 par le Tr&#8230;<\/p>\n","protected":false},"author":3162,"featured_media":277465,"comment_status":"open","ping_status":"closed","sticky":false,"template":"","format":"standard","meta":{"footnotes":""},"categories":[44],"tags":[2619,2886,4139],"class_list":["post-200955","post","type-post","status-publish","format-standard","has-post-thumbnail","hentry","category-national","tag-justice","tag-mandat-de-depot","tag-rached-khiari"],"yoast_head":"<!-- This site is optimized with the Yoast SEO Premium plugin v27.5 (Yoast SEO v27.5) - https:\/\/yoast.com\/product\/yoast-seo-premium-wordpress\/ -->\n<title>Nouveau mandat de d\u00e9p\u00f4t \u00e0 l\u2019encontre de Rached Khiari<\/title>\n<meta name=\"description\" content=\"L\u2019ancien d\u00e9put\u00e9 de la Coalition Al Karama fait de nouveau parler de lui ! Il fait l\u2019objet d\u2019un nouveau mandat de d\u00e9p\u00f4t, \u00e9mis ce mardi 20 d\u00e9cembre 2022 par le Tr...\" \/>\n<link rel=\"canonical\" href=\"https:\/\/www.webdo.tn\/fr\/actualite\/national\/nouveau-mandat-de-depot-a-l-encontre-de-rached-khiari\/200955\/\" \/>\n<meta property=\"og:locale\" content=\"fr_FR\" \/>\n<meta property=\"og:type\" content=\"article\" \/>\n<meta property=\"og:title\" content=\"Nouveau mandat de d\u00e9p\u00f4t \u00e0 l\u2019encontre de Rached Khiari\" \/>\n<meta property=\"og:description\" content=\"L\u2019ancien d\u00e9put\u00e9 de la Coalition Al Karama fait de nouveau parler de lui ! Il fait l\u2019objet d\u2019un nouveau mandat de d\u00e9p\u00f4t, \u00e9mis ce mardi 20 d\u00e9cembre 2022 par le Tr...\" \/>\n<meta property=\"og:url\" content=\"https:\/\/www.webdo.tn\/fr\/actualite\/national\/nouveau-mandat-de-depot-a-l-encontre-de-rached-khiari\/200955\/\" \/>\n<meta property=\"og:site_name\" content=\"webdo\" \/>\n<meta property=\"article:publisher\" content=\"https:\/\/www.facebook.com\/webdotn\" \/>\n<meta property=\"article:published_time\" content=\"2022-12-21T09:41:00+00:00\" \/>\n<meta property=\"article:modified_time\" content=\"2025-05-20T22:06:23+00:00\" \/>\n<meta property=\"og:image\" content=\"https:\/\/www.webdo.tn\/fr\/wp-content\/uploads\/2022\/12\/6bec35edd356533a201f21c0162bdc68.jpg\" \/>\n\t<meta property=\"og:image:width\" content=\"750\" \/>\n\t<meta property=\"og:image:height\" content=\"400\" \/>\n\t<meta property=\"og:image:type\" content=\"image\/jpeg\" \/>\n<meta name=\"author\" content=\"MC\" \/>\n<meta name=\"twitter:card\" content=\"summary_large_image\" \/>\n<meta name=\"twitter:creator\" content=\"@webdo_tn\" \/>\n<meta name=\"twitter:site\" content=\"@webdo_tn\" \/>\n<meta name=\"twitter:label1\" content=\"\u00c9crit par\" \/>\n\t<meta name=\"twitter:data1\" content=\"MC\" \/>\n\t<meta name=\"twitter:label2\" content=\"Dur\u00e9e de lecture estim\u00e9e\" \/>\n\t<meta name=\"twitter:data2\" content=\"1 minute\" \/>\n<script type=\"application\/ld+json\" class=\"yoast-schema-graph\">{\"@context\":\"https:\\\/\\\/schema.org\",\"@graph\":[{\"@type\":\"NewsArticle\",\"@id\":\"https:\\\/\\\/www.webdo.tn\\\/fr\\\/actualite\\\/national\\\/nouveau-mandat-de-depot-a-l-encontre-de-rached-khiari\\\/200955\\\/#article\",\"isPartOf\":{\"@id\":\"https:\\\/\\\/www.webdo.tn\\\/fr\\\/actualite\\\/national\\\/nouveau-mandat-de-depot-a-l-encontre-de-rached-khiari\\\/200955\\\/\"},\"author\":{\"name\":\"MC\",\"@id\":\"https:\\\/\\\/www.webdo.tn\\\/fr\\\/#\\\/schema\\\/person\\\/2c4929cbf5a809e3bd38617c6ce150f6\"},\"headline\":\"Nouveau mandat de d\u00e9p\u00f4t \u00e0 l\u2019encontre de Rached Khiari\",\"datePublished\":\"2022-12-21T09:41:00+00:00\",\"dateModified\":\"2025-05-20T22:06:23+00:00\",\"mainEntityOfPage\":{\"@id\":\"https:\\\/\\\/www.webdo.tn\\\/fr\\\/actualite\\\/national\\\/nouveau-mandat-de-depot-a-l-encontre-de-rached-khiari\\\/200955\\\/\"},\"wordCount\":303,\"commentCount\":0,\"publisher\":{\"@id\":\"https:\\\/\\\/www.webdo.tn\\\/fr\\\/#organization\"},\"image\":{\"@id\":\"https:\\\/\\\/www.webdo.tn\\\/fr\\\/actualite\\\/national\\\/nouveau-mandat-de-depot-a-l-encontre-de-rached-khiari\\\/200955\\\/#primaryimage\"},\"thumbnailUrl\":\"https:\\\/\\\/www.webdo.tn\\\/fr\\\/wp-content\\\/uploads\\\/2022\\\/12\\\/6bec35edd356533a201f21c0162bdc68.jpg\",\"keywords\":[\"justice\",\"mandat de d\u00e9p\u00f4t\",\"Rached Khiari\"],\"articleSection\":[\"National\"],\"inLanguage\":\"fr-FR\"},{\"@type\":\"WebPage\",\"@id\":\"https:\\\/\\\/www.webdo.tn\\\/fr\\\/actualite\\\/national\\\/nouveau-mandat-de-depot-a-l-encontre-de-rached-khiari\\\/200955\\\/\",\"url\":\"https:\\\/\\\/www.webdo.tn\\\/fr\\\/actualite\\\/national\\\/nouveau-mandat-de-depot-a-l-encontre-de-rached-khiari\\\/200955\\\/\",\"name\":\"Nouveau mandat de d\u00e9p\u00f4t \u00e0 l\u2019encontre de Rached Khiari\",\"isPartOf\":{\"@id\":\"https:\\\/\\\/www.webdo.tn\\\/fr\\\/#website\"},\"primaryImageOfPage\":{\"@id\":\"https:\\\/\\\/www.webdo.tn\\\/fr\\\/actualite\\\/national\\\/nouveau-mandat-de-depot-a-l-encontre-de-rached-khiari\\\/200955\\\/#primaryimage\"},\"image\":{\"@id\":\"https:\\\/\\\/www.webdo.tn\\\/fr\\\/actualite\\\/national\\\/nouveau-mandat-de-depot-a-l-encontre-de-rached-khiari\\\/200955\\\/#primaryimage\"},\"thumbnailUrl\":\"https:\\\/\\\/www.webdo.tn\\\/fr\\\/wp-content\\\/uploads\\\/2022\\\/12\\\/6bec35edd356533a201f21c0162bdc68.jpg\",\"datePublished\":\"2022-12-21T09:41:00+00:00\",\"dateModified\":\"2025-05-20T22:06:23+00:00\",\"description\":\"L\u2019ancien d\u00e9put\u00e9 de la Coalition Al Karama fait de nouveau parler de lui ! Il fait l\u2019objet d\u2019un nouveau mandat de d\u00e9p\u00f4t, \u00e9mis ce mardi 20 d\u00e9cembre 2022 par le Tr...\",\"breadcrumb\":{\"@id\":\"https:\\\/\\\/www.webdo.tn\\\/fr\\\/actualite\\\/national\\\/nouveau-mandat-de-depot-a-l-encontre-de-rached-khiari\\\/200955\\\/#breadcrumb\"},\"inLanguage\":\"fr-FR\",\"potentialAction\":[{\"@type\":\"ReadAction\",\"target\":[\"https:\\\/\\\/www.webdo.tn\\\/fr\\\/actualite\\\/national\\\/nouveau-mandat-de-depot-a-l-encontre-de-rached-khiari\\\/200955\\\/\"]}]},{\"@type\":\"ImageObject\",\"inLanguage\":\"fr-FR\",\"@id\":\"https:\\\/\\\/www.webdo.tn\\\/fr\\\/actualite\\\/national\\\/nouveau-mandat-de-depot-a-l-encontre-de-rached-khiari\\\/200955\\\/#primaryimage\",\"url\":\"https:\\\/\\\/www.webdo.tn\\\/fr\\\/wp-content\\\/uploads\\\/2022\\\/12\\\/6bec35edd356533a201f21c0162bdc68.jpg\",\"contentUrl\":\"https:\\\/\\\/www.webdo.tn\\\/fr\\\/wp-content\\\/uploads\\\/2022\\\/12\\\/6bec35edd356533a201f21c0162bdc68.jpg\",\"width\":750,\"height\":400,\"caption\":\"Nouveau mandat de d\u00e9p\u00f4t \u00e0 l\u2019encontre de Rached Khiari\"},{\"@type\":\"BreadcrumbList\",\"@id\":\"https:\\\/\\\/www.webdo.tn\\\/fr\\\/actualite\\\/national\\\/nouveau-mandat-de-depot-a-l-encontre-de-rached-khiari\\\/200955\\\/#breadcrumb\",\"itemListElement\":[{\"@type\":\"ListItem\",\"position\":1,\"name\":\"Accueil\",\"item\":\"https:\\\/\\\/www.webdo.tn\\\/fr\\\/\"},{\"@type\":\"ListItem\",\"position\":2,\"name\":\"Nouveau mandat de d\u00e9p\u00f4t \u00e0 l\u2019encontre de Rached Khiari\"}]},{\"@type\":\"WebSite\",\"@id\":\"https:\\\/\\\/www.webdo.tn\\\/fr\\\/#website\",\"url\":\"https:\\\/\\\/www.webdo.tn\\\/fr\\\/\",\"name\":\"webdo\",\"description\":\"Tunisie - News en Tunisie et \u00e0 l&#039;international sur Webdo.tn\",\"publisher\":{\"@id\":\"https:\\\/\\\/www.webdo.tn\\\/fr\\\/#organization\"},\"potentialAction\":[{\"@type\":\"SearchAction\",\"target\":{\"@type\":\"EntryPoint\",\"urlTemplate\":\"https:\\\/\\\/www.webdo.tn\\\/fr\\\/?s={search_term_string}\"},\"query-input\":{\"@type\":\"PropertyValueSpecification\",\"valueRequired\":true,\"valueName\":\"search_term_string\"}}],\"inLanguage\":\"fr-FR\"},{\"@type\":\"Organization\",\"@id\":\"https:\\\/\\\/www.webdo.tn\\\/fr\\\/#organization\",\"name\":\"Webdo\",\"alternateName\":\"Webdo.tn\",\"url\":\"https:\\\/\\\/www.webdo.tn\\\/fr\\\/\",\"logo\":{\"@type\":\"ImageObject\",\"inLanguage\":\"fr-FR\",\"@id\":\"https:\\\/\\\/www.webdo.tn\\\/fr\\\/#\\\/schema\\\/logo\\\/image\\\/\",\"url\":\"https:\\\/\\\/www.webdo.tn\\\/fr\\\/wp-content\\\/uploads\\\/2025\\\/06\\\/Webdo-Tunisie_168377.jpg\",\"contentUrl\":\"https:\\\/\\\/www.webdo.tn\\\/fr\\\/wp-content\\\/uploads\\\/2025\\\/06\\\/Webdo-Tunisie_168377.jpg\",\"width\":301,\"height\":301,\"caption\":\"Webdo\"},\"image\":{\"@id\":\"https:\\\/\\\/www.webdo.tn\\\/fr\\\/#\\\/schema\\\/logo\\\/image\\\/\"},\"sameAs\":[\"https:\\\/\\\/www.facebook.com\\\/webdotn\",\"https:\\\/\\\/x.com\\\/webdo_tn\"],\"description\":\"Webdo est un m\u00e9dia num\u00e9rique tunisien fond\u00e9 en 2010, sp\u00e9cialis\u00e9 dans l\u2019actualit\u00e9 nationale et internationale, l\u2019\u00e9conomie, la soci\u00e9t\u00e9 et les analyses politiques. Le site s\u2019adresse \u00e0 un large public francophone et couvre l\u2019information tunisienne en temps r\u00e9el.\",\"email\":\"redac@webdo.tn\",\"legalName\":\"YNJ SARL\",\"foundingDate\":\"2010-09-06\",\"numberOfEmployees\":{\"@type\":\"QuantitativeValue\",\"minValue\":\"11\",\"maxValue\":\"50\"}},{\"@type\":\"Person\",\"@id\":\"https:\\\/\\\/www.webdo.tn\\\/fr\\\/#\\\/schema\\\/person\\\/2c4929cbf5a809e3bd38617c6ce150f6\",\"name\":\"MC\",\"image\":{\"@type\":\"ImageObject\",\"inLanguage\":\"fr-FR\",\"@id\":\"https:\\\/\\\/secure.gravatar.com\\\/avatar\\\/a545bbb6f84efdd5553dbbc2895e3ca8f1d12c5215e00a041c9670b54aa9b18a?s=96&d=mm&r=g\",\"url\":\"https:\\\/\\\/secure.gravatar.com\\\/avatar\\\/a545bbb6f84efdd5553dbbc2895e3ca8f1d12c5215e00a041c9670b54aa9b18a?s=96&d=mm&r=g\",\"contentUrl\":\"https:\\\/\\\/secure.gravatar.com\\\/avatar\\\/a545bbb6f84efdd5553dbbc2895e3ca8f1d12c5215e00a041c9670b54aa9b18a?s=96&d=mm&r=g\",\"caption\":\"MC\"},\"url\":\"https:\\\/\\\/www.webdo.tn\\\/fr\\\/actualite\\\/author\\\/mc\\\/\"}]}<\/script>\n<!-- \/ Yoast SEO Premium plugin. -->","yoast_head_json":{"title":"Nouveau mandat de d\u00e9p\u00f4t \u00e0 l\u2019encontre de Rached Khiari","description":"L\u2019ancien d\u00e9put\u00e9 de la Coalition Al Karama fait de nouveau parler de lui ! Il fait l\u2019objet d\u2019un nouveau mandat de d\u00e9p\u00f4t, \u00e9mis ce mardi 20 d\u00e9cembre 2022 par le Tr...","canonical":"https:\/\/www.webdo.tn\/fr\/actualite\/national\/nouveau-mandat-de-depot-a-l-encontre-de-rached-khiari\/200955\/","og_locale":"fr_FR","og_type":"article","og_title":"Nouveau mandat de d\u00e9p\u00f4t \u00e0 l\u2019encontre de Rached Khiari","og_description":"L\u2019ancien d\u00e9put\u00e9 de la Coalition Al Karama fait de nouveau parler de lui ! Il fait l\u2019objet d\u2019un nouveau mandat de d\u00e9p\u00f4t, \u00e9mis ce mardi 20 d\u00e9cembre 2022 par le Tr...","og_url":"https:\/\/www.webdo.tn\/fr\/actualite\/national\/nouveau-mandat-de-depot-a-l-encontre-de-rached-khiari\/200955\/","og_site_name":"webdo","article_publisher":"https:\/\/www.facebook.com\/webdotn","article_published_time":"2022-12-21T09:41:00+00:00","article_modified_time":"2025-05-20T22:06:23+00:00","og_image":[{"width":750,"height":400,"url":"https:\/\/www.webdo.tn\/fr\/wp-content\/uploads\/2022\/12\/6bec35edd356533a201f21c0162bdc68.jpg","type":"image\/jpeg"}],"author":"MC","twitter_card":"summary_large_image","twitter_creator":"@webdo_tn","twitter_site":"@webdo_tn","twitter_misc":{"\u00c9crit par":"MC","Dur\u00e9e de lecture estim\u00e9e":"1 minute"},"schema":{"@context":"https:\/\/schema.org","@graph":[{"@type":"NewsArticle","@id":"https:\/\/www.webdo.tn\/fr\/actualite\/national\/nouveau-mandat-de-depot-a-l-encontre-de-rached-khiari\/200955\/#article","isPartOf":{"@id":"https:\/\/www.webdo.tn\/fr\/actualite\/national\/nouveau-mandat-de-depot-a-l-encontre-de-rached-khiari\/200955\/"},"author":{"name":"MC","@id":"https:\/\/www.webdo.tn\/fr\/#\/schema\/person\/2c4929cbf5a809e3bd38617c6ce150f6"},"headline":"Nouveau mandat de d\u00e9p\u00f4t \u00e0 l\u2019encontre de Rached Khiari","datePublished":"2022-12-21T09:41:00+00:00","dateModified":"2025-05-20T22:06:23+00:00","mainEntityOfPage":{"@id":"https:\/\/www.webdo.tn\/fr\/actualite\/national\/nouveau-mandat-de-depot-a-l-encontre-de-rached-khiari\/200955\/"},"wordCount":303,"commentCount":0,"publisher":{"@id":"https:\/\/www.webdo.tn\/fr\/#organization"},"image":{"@id":"https:\/\/www.webdo.tn\/fr\/actualite\/national\/nouveau-mandat-de-depot-a-l-encontre-de-rached-khiari\/200955\/#primaryimage"},"thumbnailUrl":"https:\/\/www.webdo.tn\/fr\/wp-content\/uploads\/2022\/12\/6bec35edd356533a201f21c0162bdc68.jpg","keywords":["justice","mandat de d\u00e9p\u00f4t","Rached Khiari"],"articleSection":["National"],"inLanguage":"fr-FR"},{"@type":"WebPage","@id":"https:\/\/www.webdo.tn\/fr\/actualite\/national\/nouveau-mandat-de-depot-a-l-encontre-de-rached-khiari\/200955\/","url":"https:\/\/www.webdo.tn\/fr\/actualite\/national\/nouveau-mandat-de-depot-a-l-encontre-de-rached-khiari\/200955\/","name":"Nouveau mandat de d\u00e9p\u00f4t \u00e0 l\u2019encontre de Rached Khiari","isPartOf":{"@id":"https:\/\/www.webdo.tn\/fr\/#website"},"primaryImageOfPage":{"@id":"https:\/\/www.webdo.tn\/fr\/actualite\/national\/nouveau-mandat-de-depot-a-l-encontre-de-rached-khiari\/200955\/#primaryimage"},"image":{"@id":"https:\/\/www.webdo.tn\/fr\/actualite\/national\/nouveau-mandat-de-depot-a-l-encontre-de-rached-khiari\/200955\/#primaryimage"},"thumbnailUrl":"https:\/\/www.webdo.tn\/fr\/wp-content\/uploads\/2022\/12\/6bec35edd356533a201f21c0162bdc68.jpg","datePublished":"2022-12-21T09:41:00+00:00","dateModified":"2025-05-20T22:06:23+00:00","description":"L\u2019ancien d\u00e9put\u00e9 de la Coalition Al Karama fait de nouveau parler de lui ! Il fait l\u2019objet d\u2019un nouveau mandat de d\u00e9p\u00f4t, \u00e9mis ce mardi 20 d\u00e9cembre 2022 par le Tr...","breadcrumb":{"@id":"https:\/\/www.webdo.tn\/fr\/actualite\/national\/nouveau-mandat-de-depot-a-l-encontre-de-rached-khiari\/200955\/#breadcrumb"},"inLanguage":"fr-FR","potentialAction":[{"@type":"ReadAction","target":["https:\/\/www.webdo.tn\/fr\/actualite\/national\/nouveau-mandat-de-depot-a-l-encontre-de-rached-khiari\/200955\/"]}]},{"@type":"ImageObject","inLanguage":"fr-FR","@id":"https:\/\/www.webdo.tn\/fr\/actualite\/national\/nouveau-mandat-de-depot-a-l-encontre-de-rached-khiari\/200955\/#primaryimage","url":"https:\/\/www.webdo.tn\/fr\/wp-content\/uploads\/2022\/12\/6bec35edd356533a201f21c0162bdc68.jpg","contentUrl":"https:\/\/www.webdo.tn\/fr\/wp-content\/uploads\/2022\/12\/6bec35edd356533a201f21c0162bdc68.jpg","width":750,"height":400,"caption":"Nouveau mandat de d\u00e9p\u00f4t \u00e0 l\u2019encontre de Rached Khiari"},{"@type":"BreadcrumbList","@id":"https:\/\/www.webdo.tn\/fr\/actualite\/national\/nouveau-mandat-de-depot-a-l-encontre-de-rached-khiari\/200955\/#breadcrumb","itemListElement":[{"@type":"ListItem","position":1,"name":"Accueil","item":"https:\/\/www.webdo.tn\/fr\/"},{"@type":"ListItem","position":2,"name":"Nouveau mandat de d\u00e9p\u00f4t \u00e0 l\u2019encontre de Rached Khiari"}]},{"@type":"WebSite","@id":"https:\/\/www.webdo.tn\/fr\/#website","url":"https:\/\/www.webdo.tn\/fr\/","name":"webdo","description":"Tunisie - News en Tunisie et \u00e0 l&#039;international sur Webdo.tn","publisher":{"@id":"https:\/\/www.webdo.tn\/fr\/#organization"},"potentialAction":[{"@type":"SearchAction","target":{"@type":"EntryPoint","urlTemplate":"https:\/\/www.webdo.tn\/fr\/?s={search_term_string}"},"query-input":{"@type":"PropertyValueSpecification","valueRequired":true,"valueName":"search_term_string"}}],"inLanguage":"fr-FR"},{"@type":"Organization","@id":"https:\/\/www.webdo.tn\/fr\/#organization","name":"Webdo","alternateName":"Webdo.tn","url":"https:\/\/www.webdo.tn\/fr\/","logo":{"@type":"ImageObject","inLanguage":"fr-FR","@id":"https:\/\/www.webdo.tn\/fr\/#\/schema\/logo\/image\/","url":"https:\/\/www.webdo.tn\/fr\/wp-content\/uploads\/2025\/06\/Webdo-Tunisie_168377.jpg","contentUrl":"https:\/\/www.webdo.tn\/fr\/wp-content\/uploads\/2025\/06\/Webdo-Tunisie_168377.jpg","width":301,"height":301,"caption":"Webdo"},"image":{"@id":"https:\/\/www.webdo.tn\/fr\/#\/schema\/logo\/image\/"},"sameAs":["https:\/\/www.facebook.com\/webdotn","https:\/\/x.com\/webdo_tn"],"description":"Webdo est un m\u00e9dia num\u00e9rique tunisien fond\u00e9 en 2010, sp\u00e9cialis\u00e9 dans l\u2019actualit\u00e9 nationale et internationale, l\u2019\u00e9conomie, la soci\u00e9t\u00e9 et les analyses politiques. Le site s\u2019adresse \u00e0 un large public francophone et couvre l\u2019information tunisienne en temps r\u00e9el.","email":"redac@webdo.tn","legalName":"YNJ SARL","foundingDate":"2010-09-06","numberOfEmployees":{"@type":"QuantitativeValue","minValue":"11","maxValue":"50"}},{"@type":"Person","@id":"https:\/\/www.webdo.tn\/fr\/#\/schema\/person\/2c4929cbf5a809e3bd38617c6ce150f6","name":"MC","image":{"@type":"ImageObject","inLanguage":"fr-FR","@id":"https:\/\/secure.gravatar.com\/avatar\/a545bbb6f84efdd5553dbbc2895e3ca8f1d12c5215e00a041c9670b54aa9b18a?s=96&d=mm&r=g","url":"https:\/\/secure.gravatar.com\/avatar\/a545bbb6f84efdd5553dbbc2895e3ca8f1d12c5215e00a041c9670b54aa9b18a?s=96&d=mm&r=g","contentUrl":"https:\/\/secure.gravatar.com\/avatar\/a545bbb6f84efdd5553dbbc2895e3ca8f1d12c5215e00a041c9670b54aa9b18a?s=96&d=mm&r=g","caption":"MC"},"url":"https:\/\/www.webdo.tn\/fr\/actualite\/author\/mc\/"}]}},"_links":{"self":[{"href":"https:\/\/www.webdo.tn\/fr\/wp-json\/wp\/v2\/posts\/200955","targetHints":{"allow":["GET"]}}],"collection":[{"href":"https:\/\/www.webdo.tn\/fr\/wp-json\/wp\/v2\/posts"}],"about":[{"href":"https:\/\/www.webdo.tn\/fr\/wp-json\/wp\/v2\/types\/post"}],"author":[{"embeddable":true,"href":"https:\/\/www.webdo.tn\/fr\/wp-json\/wp\/v2\/users\/3162"}],"replies":[{"embeddable":true,"href":"https:\/\/www.webdo.tn\/fr\/wp-json\/wp\/v2\/comments?post=200955"}],"version-history":[{"count":0,"href":"https:\/\/www.webdo.tn\/fr\/wp-json\/wp\/v2\/posts\/200955\/revisions"}],"wp:featuredmedia":[{"embeddable":true,"href":"https:\/\/www.webdo.tn\/fr\/wp-json\/wp\/v2\/media\/277465"}],"wp:attachment":[{"href":"https:\/\/www.webdo.tn\/fr\/wp-json\/wp\/v2\/media?parent=200955"}],"wp:term":[{"taxonomy":"category","embeddable":true,"href":"https:\/\/www.webdo.tn\/fr\/wp-json\/wp\/v2\/categories?post=200955"},{"taxonomy":"post_tag","embeddable":true,"href":"https:\/\/www.webdo.tn\/fr\/wp-json\/wp\/v2\/tags?post=200955"}],"curies":[{"name":"wp","href":"https:\/\/api.w.org\/{rel}","templated":true}]}}