{"id":200940,"date":"2022-12-20T20:48:00","date_gmt":"2022-12-20T20:48:00","guid":{"rendered":"https:\/\/www.webdo.tn\/fr\/blog\/le-projet-de-la-loi-de-finances-2023-approuve-en-conseil-des-ministres\/200940\/"},"modified":"2025-05-20T22:06:21","modified_gmt":"2025-05-20T22:06:21","slug":"le-projet-de-la-loi-de-finances-2023-approuve-en-conseil-des-ministres","status":"publish","type":"post","link":"https:\/\/www.webdo.tn\/fr\/actualite\/national\/le-projet-de-la-loi-de-finances-2023-approuve-en-conseil-des-ministres\/200940\/","title":{"rendered":"Le projet de la loi de Finances 2023 approuv\u00e9 en Conseil des ministres"},"content":{"rendered":"<p>La cheffe du gouvernement, Najla Bouden, a pr\u00e9sid\u00e9, ce mardi 20 d\u00e9cembre 2022 au palais de la Kasbah, un conseil des ministres, au cours duquel a \u00e9t\u00e9 examin\u00e9 le projet de la loi de Finances 2023.<\/p>\n<p>\t\t\t\t\t\t\t\t\tLe projet de d\u00e9cret relatif \u00e0 la loi de Finances 2023, du projet de la balance \u00e9conomique 2023, du projet de d\u00e9cret relatif \u00e0 l\u2019organisation administrative et financi\u00e8re ainsi que les modes de fonctionnement de la Fondation Fida, ont \u00e9t\u00e9 examin\u00e9s.<br \/>\nApr\u00e8s examen, ces projets ont \u00e9t\u00e9 approuv\u00e9s par le Conseil des ministres.<\/p>\n","protected":false},"excerpt":{"rendered":"<p>La cheffe du gouvernement, Najla Bouden, a pr\u00e9sid\u00e9, ce mardi 20 d\u00e9cembre 2022 au palais de la Kasbah, un conseil des ministres, au cours duquel a \u00e9t\u00e9 examin\u00e9 le&#8230;<\/p>\n","protected":false},"author":3162,"featured_media":277451,"comment_status":"open","ping_status":"closed","sticky":false,"template":"","format":"standard","meta":{"footnotes":""},"categories":[44],"tags":[5449,4579,3406],"class_list":["post-200940","post","type-post","status-publish","format-standard","has-post-thumbnail","hentry","category-national","tag-conseil-des-ministres","tag-loi-de-finances","tag-projet"],"yoast_head":"<!-- This site is optimized with the Yoast SEO Premium plugin v27.5 (Yoast SEO v27.5) - https:\/\/yoast.com\/product\/yoast-seo-premium-wordpress\/ -->\n<title>Le projet de la loi de Finances 2023 approuv\u00e9 en Conseil des ministres<\/title>\n<meta name=\"description\" content=\"La cheffe du gouvernement, Najla Bouden, a pr\u00e9sid\u00e9, ce mardi 20 d\u00e9cembre 2022 au palais de la Kasbah, un conseil des ministres, au cours duquel a \u00e9t\u00e9 examin\u00e9 le...\" \/>\n<link rel=\"canonical\" href=\"https:\/\/www.webdo.tn\/fr\/actualite\/national\/le-projet-de-la-loi-de-finances-2023-approuve-en-conseil-des-ministres\/200940\/\" \/>\n<meta property=\"og:locale\" content=\"fr_FR\" \/>\n<meta property=\"og:type\" content=\"article\" \/>\n<meta property=\"og:title\" content=\"Le projet de la loi de Finances 2023 approuv\u00e9 en Conseil des ministres\" \/>\n<meta property=\"og:description\" content=\"La cheffe du gouvernement, Najla Bouden, a pr\u00e9sid\u00e9, ce mardi 20 d\u00e9cembre 2022 au palais de la Kasbah, un conseil des ministres, au cours duquel a \u00e9t\u00e9 examin\u00e9 le...\" \/>\n<meta property=\"og:url\" content=\"https:\/\/www.webdo.tn\/fr\/actualite\/national\/le-projet-de-la-loi-de-finances-2023-approuve-en-conseil-des-ministres\/200940\/\" \/>\n<meta property=\"og:site_name\" content=\"webdo\" \/>\n<meta property=\"article:publisher\" content=\"https:\/\/www.facebook.com\/webdotn\" \/>\n<meta property=\"article:published_time\" content=\"2022-12-20T20:48:00+00:00\" \/>\n<meta property=\"article:modified_time\" content=\"2025-05-20T22:06:21+00:00\" \/>\n<meta property=\"og:image\" content=\"https:\/\/www.webdo.tn\/fr\/wp-content\/uploads\/2022\/12\/14a74cf54c3dfbd3771de7edf5be0551.jpg\" \/>\n\t<meta property=\"og:image:width\" content=\"750\" \/>\n\t<meta property=\"og:image:height\" content=\"400\" \/>\n\t<meta property=\"og:image:type\" content=\"image\/jpeg\" \/>\n<meta name=\"author\" content=\"MC\" \/>\n<meta name=\"twitter:card\" content=\"summary_large_image\" \/>\n<meta name=\"twitter:creator\" content=\"@webdo_tn\" \/>\n<meta name=\"twitter:site\" content=\"@webdo_tn\" \/>\n<meta name=\"twitter:label1\" content=\"\u00c9crit par\" \/>\n\t<meta name=\"twitter:data1\" content=\"MC\" \/>\n<script type=\"application\/ld+json\" class=\"yoast-schema-graph\">{\"@context\":\"https:\\\/\\\/schema.org\",\"@graph\":[{\"@type\":\"NewsArticle\",\"@id\":\"https:\\\/\\\/www.webdo.tn\\\/fr\\\/actualite\\\/national\\\/le-projet-de-la-loi-de-finances-2023-approuve-en-conseil-des-ministres\\\/200940\\\/#article\",\"isPartOf\":{\"@id\":\"https:\\\/\\\/www.webdo.tn\\\/fr\\\/actualite\\\/national\\\/le-projet-de-la-loi-de-finances-2023-approuve-en-conseil-des-ministres\\\/200940\\\/\"},\"author\":{\"name\":\"MC\",\"@id\":\"https:\\\/\\\/www.webdo.tn\\\/fr\\\/#\\\/schema\\\/person\\\/2c4929cbf5a809e3bd38617c6ce150f6\"},\"headline\":\"Le projet de la loi de Finances 2023 approuv\u00e9 en Conseil des ministres\",\"datePublished\":\"2022-12-20T20:48:00+00:00\",\"dateModified\":\"2025-05-20T22:06:21+00:00\",\"mainEntityOfPage\":{\"@id\":\"https:\\\/\\\/www.webdo.tn\\\/fr\\\/actualite\\\/national\\\/le-projet-de-la-loi-de-finances-2023-approuve-en-conseil-des-ministres\\\/200940\\\/\"},\"wordCount\":103,\"commentCount\":0,\"publisher\":{\"@id\":\"https:\\\/\\\/www.webdo.tn\\\/fr\\\/#organization\"},\"image\":{\"@id\":\"https:\\\/\\\/www.webdo.tn\\\/fr\\\/actualite\\\/national\\\/le-projet-de-la-loi-de-finances-2023-approuve-en-conseil-des-ministres\\\/200940\\\/#primaryimage\"},\"thumbnailUrl\":\"https:\\\/\\\/www.webdo.tn\\\/fr\\\/wp-content\\\/uploads\\\/2022\\\/12\\\/14a74cf54c3dfbd3771de7edf5be0551.jpg\",\"keywords\":[\"Conseil des ministres\",\"Loi de Finances\",\"projet\"],\"articleSection\":[\"National\"],\"inLanguage\":\"fr-FR\"},{\"@type\":\"WebPage\",\"@id\":\"https:\\\/\\\/www.webdo.tn\\\/fr\\\/actualite\\\/national\\\/le-projet-de-la-loi-de-finances-2023-approuve-en-conseil-des-ministres\\\/200940\\\/\",\"url\":\"https:\\\/\\\/www.webdo.tn\\\/fr\\\/actualite\\\/national\\\/le-projet-de-la-loi-de-finances-2023-approuve-en-conseil-des-ministres\\\/200940\\\/\",\"name\":\"Le projet de la loi de Finances 2023 approuv\u00e9 en Conseil des ministres\",\"isPartOf\":{\"@id\":\"https:\\\/\\\/www.webdo.tn\\\/fr\\\/#website\"},\"primaryImageOfPage\":{\"@id\":\"https:\\\/\\\/www.webdo.tn\\\/fr\\\/actualite\\\/national\\\/le-projet-de-la-loi-de-finances-2023-approuve-en-conseil-des-ministres\\\/200940\\\/#primaryimage\"},\"image\":{\"@id\":\"https:\\\/\\\/www.webdo.tn\\\/fr\\\/actualite\\\/national\\\/le-projet-de-la-loi-de-finances-2023-approuve-en-conseil-des-ministres\\\/200940\\\/#primaryimage\"},\"thumbnailUrl\":\"https:\\\/\\\/www.webdo.tn\\\/fr\\\/wp-content\\\/uploads\\\/2022\\\/12\\\/14a74cf54c3dfbd3771de7edf5be0551.jpg\",\"datePublished\":\"2022-12-20T20:48:00+00:00\",\"dateModified\":\"2025-05-20T22:06:21+00:00\",\"description\":\"La cheffe du gouvernement, Najla Bouden, a pr\u00e9sid\u00e9, ce mardi 20 d\u00e9cembre 2022 au palais de la Kasbah, un conseil des ministres, au cours duquel a \u00e9t\u00e9 examin\u00e9 le...\",\"breadcrumb\":{\"@id\":\"https:\\\/\\\/www.webdo.tn\\\/fr\\\/actualite\\\/national\\\/le-projet-de-la-loi-de-finances-2023-approuve-en-conseil-des-ministres\\\/200940\\\/#breadcrumb\"},\"inLanguage\":\"fr-FR\",\"potentialAction\":[{\"@type\":\"ReadAction\",\"target\":[\"https:\\\/\\\/www.webdo.tn\\\/fr\\\/actualite\\\/national\\\/le-projet-de-la-loi-de-finances-2023-approuve-en-conseil-des-ministres\\\/200940\\\/\"]}]},{\"@type\":\"ImageObject\",\"inLanguage\":\"fr-FR\",\"@id\":\"https:\\\/\\\/www.webdo.tn\\\/fr\\\/actualite\\\/national\\\/le-projet-de-la-loi-de-finances-2023-approuve-en-conseil-des-ministres\\\/200940\\\/#primaryimage\",\"url\":\"https:\\\/\\\/www.webdo.tn\\\/fr\\\/wp-content\\\/uploads\\\/2022\\\/12\\\/14a74cf54c3dfbd3771de7edf5be0551.jpg\",\"contentUrl\":\"https:\\\/\\\/www.webdo.tn\\\/fr\\\/wp-content\\\/uploads\\\/2022\\\/12\\\/14a74cf54c3dfbd3771de7edf5be0551.jpg\",\"width\":750,\"height\":400,\"caption\":\"Le projet de la loi de Finances 2023 approuv\u00e9 en Conseil des ministres\"},{\"@type\":\"BreadcrumbList\",\"@id\":\"https:\\\/\\\/www.webdo.tn\\\/fr\\\/actualite\\\/national\\\/le-projet-de-la-loi-de-finances-2023-approuve-en-conseil-des-ministres\\\/200940\\\/#breadcrumb\",\"itemListElement\":[{\"@type\":\"ListItem\",\"position\":1,\"name\":\"Accueil\",\"item\":\"https:\\\/\\\/www.webdo.tn\\\/fr\\\/\"},{\"@type\":\"ListItem\",\"position\":2,\"name\":\"Le projet de la loi de Finances 2023 approuv\u00e9 en Conseil des ministres\"}]},{\"@type\":\"WebSite\",\"@id\":\"https:\\\/\\\/www.webdo.tn\\\/fr\\\/#website\",\"url\":\"https:\\\/\\\/www.webdo.tn\\\/fr\\\/\",\"name\":\"webdo\",\"description\":\"Tunisie - News en Tunisie et \u00e0 l&#039;international sur Webdo.tn\",\"publisher\":{\"@id\":\"https:\\\/\\\/www.webdo.tn\\\/fr\\\/#organization\"},\"potentialAction\":[{\"@type\":\"SearchAction\",\"target\":{\"@type\":\"EntryPoint\",\"urlTemplate\":\"https:\\\/\\\/www.webdo.tn\\\/fr\\\/?s={search_term_string}\"},\"query-input\":{\"@type\":\"PropertyValueSpecification\",\"valueRequired\":true,\"valueName\":\"search_term_string\"}}],\"inLanguage\":\"fr-FR\"},{\"@type\":\"Organization\",\"@id\":\"https:\\\/\\\/www.webdo.tn\\\/fr\\\/#organization\",\"name\":\"Webdo\",\"alternateName\":\"Webdo.tn\",\"url\":\"https:\\\/\\\/www.webdo.tn\\\/fr\\\/\",\"logo\":{\"@type\":\"ImageObject\",\"inLanguage\":\"fr-FR\",\"@id\":\"https:\\\/\\\/www.webdo.tn\\\/fr\\\/#\\\/schema\\\/logo\\\/image\\\/\",\"url\":\"https:\\\/\\\/www.webdo.tn\\\/fr\\\/wp-content\\\/uploads\\\/2025\\\/06\\\/Webdo-Tunisie_168377.jpg\",\"contentUrl\":\"https:\\\/\\\/www.webdo.tn\\\/fr\\\/wp-content\\\/uploads\\\/2025\\\/06\\\/Webdo-Tunisie_168377.jpg\",\"width\":301,\"height\":301,\"caption\":\"Webdo\"},\"image\":{\"@id\":\"https:\\\/\\\/www.webdo.tn\\\/fr\\\/#\\\/schema\\\/logo\\\/image\\\/\"},\"sameAs\":[\"https:\\\/\\\/www.facebook.com\\\/webdotn\",\"https:\\\/\\\/x.com\\\/webdo_tn\"],\"description\":\"Webdo est un m\u00e9dia num\u00e9rique tunisien fond\u00e9 en 2010, sp\u00e9cialis\u00e9 dans l\u2019actualit\u00e9 nationale et internationale, l\u2019\u00e9conomie, la soci\u00e9t\u00e9 et les analyses politiques. Le site s\u2019adresse \u00e0 un large public francophone et couvre l\u2019information tunisienne en temps r\u00e9el.\",\"email\":\"redac@webdo.tn\",\"legalName\":\"YNJ SARL\",\"foundingDate\":\"2010-09-06\",\"numberOfEmployees\":{\"@type\":\"QuantitativeValue\",\"minValue\":\"11\",\"maxValue\":\"50\"}},{\"@type\":\"Person\",\"@id\":\"https:\\\/\\\/www.webdo.tn\\\/fr\\\/#\\\/schema\\\/person\\\/2c4929cbf5a809e3bd38617c6ce150f6\",\"name\":\"MC\",\"image\":{\"@type\":\"ImageObject\",\"inLanguage\":\"fr-FR\",\"@id\":\"https:\\\/\\\/secure.gravatar.com\\\/avatar\\\/a545bbb6f84efdd5553dbbc2895e3ca8f1d12c5215e00a041c9670b54aa9b18a?s=96&d=mm&r=g\",\"url\":\"https:\\\/\\\/secure.gravatar.com\\\/avatar\\\/a545bbb6f84efdd5553dbbc2895e3ca8f1d12c5215e00a041c9670b54aa9b18a?s=96&d=mm&r=g\",\"contentUrl\":\"https:\\\/\\\/secure.gravatar.com\\\/avatar\\\/a545bbb6f84efdd5553dbbc2895e3ca8f1d12c5215e00a041c9670b54aa9b18a?s=96&d=mm&r=g\",\"caption\":\"MC\"},\"url\":\"https:\\\/\\\/www.webdo.tn\\\/fr\\\/actualite\\\/author\\\/mc\\\/\"}]}<\/script>\n<!-- \/ Yoast SEO Premium plugin. -->","yoast_head_json":{"title":"Le projet de la loi de Finances 2023 approuv\u00e9 en Conseil des ministres","description":"La cheffe du gouvernement, Najla Bouden, a pr\u00e9sid\u00e9, ce mardi 20 d\u00e9cembre 2022 au palais de la Kasbah, un conseil des ministres, au cours duquel a \u00e9t\u00e9 examin\u00e9 le...","canonical":"https:\/\/www.webdo.tn\/fr\/actualite\/national\/le-projet-de-la-loi-de-finances-2023-approuve-en-conseil-des-ministres\/200940\/","og_locale":"fr_FR","og_type":"article","og_title":"Le projet de la loi de Finances 2023 approuv\u00e9 en Conseil des ministres","og_description":"La cheffe du gouvernement, Najla Bouden, a pr\u00e9sid\u00e9, ce mardi 20 d\u00e9cembre 2022 au palais de la Kasbah, un conseil des ministres, au cours duquel a \u00e9t\u00e9 examin\u00e9 le...","og_url":"https:\/\/www.webdo.tn\/fr\/actualite\/national\/le-projet-de-la-loi-de-finances-2023-approuve-en-conseil-des-ministres\/200940\/","og_site_name":"webdo","article_publisher":"https:\/\/www.facebook.com\/webdotn","article_published_time":"2022-12-20T20:48:00+00:00","article_modified_time":"2025-05-20T22:06:21+00:00","og_image":[{"width":750,"height":400,"url":"https:\/\/www.webdo.tn\/fr\/wp-content\/uploads\/2022\/12\/14a74cf54c3dfbd3771de7edf5be0551.jpg","type":"image\/jpeg"}],"author":"MC","twitter_card":"summary_large_image","twitter_creator":"@webdo_tn","twitter_site":"@webdo_tn","twitter_misc":{"\u00c9crit par":"MC"},"schema":{"@context":"https:\/\/schema.org","@graph":[{"@type":"NewsArticle","@id":"https:\/\/www.webdo.tn\/fr\/actualite\/national\/le-projet-de-la-loi-de-finances-2023-approuve-en-conseil-des-ministres\/200940\/#article","isPartOf":{"@id":"https:\/\/www.webdo.tn\/fr\/actualite\/national\/le-projet-de-la-loi-de-finances-2023-approuve-en-conseil-des-ministres\/200940\/"},"author":{"name":"MC","@id":"https:\/\/www.webdo.tn\/fr\/#\/schema\/person\/2c4929cbf5a809e3bd38617c6ce150f6"},"headline":"Le projet de la loi de Finances 2023 approuv\u00e9 en Conseil des ministres","datePublished":"2022-12-20T20:48:00+00:00","dateModified":"2025-05-20T22:06:21+00:00","mainEntityOfPage":{"@id":"https:\/\/www.webdo.tn\/fr\/actualite\/national\/le-projet-de-la-loi-de-finances-2023-approuve-en-conseil-des-ministres\/200940\/"},"wordCount":103,"commentCount":0,"publisher":{"@id":"https:\/\/www.webdo.tn\/fr\/#organization"},"image":{"@id":"https:\/\/www.webdo.tn\/fr\/actualite\/national\/le-projet-de-la-loi-de-finances-2023-approuve-en-conseil-des-ministres\/200940\/#primaryimage"},"thumbnailUrl":"https:\/\/www.webdo.tn\/fr\/wp-content\/uploads\/2022\/12\/14a74cf54c3dfbd3771de7edf5be0551.jpg","keywords":["Conseil des ministres","Loi de Finances","projet"],"articleSection":["National"],"inLanguage":"fr-FR"},{"@type":"WebPage","@id":"https:\/\/www.webdo.tn\/fr\/actualite\/national\/le-projet-de-la-loi-de-finances-2023-approuve-en-conseil-des-ministres\/200940\/","url":"https:\/\/www.webdo.tn\/fr\/actualite\/national\/le-projet-de-la-loi-de-finances-2023-approuve-en-conseil-des-ministres\/200940\/","name":"Le projet de la loi de Finances 2023 approuv\u00e9 en Conseil des ministres","isPartOf":{"@id":"https:\/\/www.webdo.tn\/fr\/#website"},"primaryImageOfPage":{"@id":"https:\/\/www.webdo.tn\/fr\/actualite\/national\/le-projet-de-la-loi-de-finances-2023-approuve-en-conseil-des-ministres\/200940\/#primaryimage"},"image":{"@id":"https:\/\/www.webdo.tn\/fr\/actualite\/national\/le-projet-de-la-loi-de-finances-2023-approuve-en-conseil-des-ministres\/200940\/#primaryimage"},"thumbnailUrl":"https:\/\/www.webdo.tn\/fr\/wp-content\/uploads\/2022\/12\/14a74cf54c3dfbd3771de7edf5be0551.jpg","datePublished":"2022-12-20T20:48:00+00:00","dateModified":"2025-05-20T22:06:21+00:00","description":"La cheffe du gouvernement, Najla Bouden, a pr\u00e9sid\u00e9, ce mardi 20 d\u00e9cembre 2022 au palais de la Kasbah, un conseil des ministres, au cours duquel a \u00e9t\u00e9 examin\u00e9 le...","breadcrumb":{"@id":"https:\/\/www.webdo.tn\/fr\/actualite\/national\/le-projet-de-la-loi-de-finances-2023-approuve-en-conseil-des-ministres\/200940\/#breadcrumb"},"inLanguage":"fr-FR","potentialAction":[{"@type":"ReadAction","target":["https:\/\/www.webdo.tn\/fr\/actualite\/national\/le-projet-de-la-loi-de-finances-2023-approuve-en-conseil-des-ministres\/200940\/"]}]},{"@type":"ImageObject","inLanguage":"fr-FR","@id":"https:\/\/www.webdo.tn\/fr\/actualite\/national\/le-projet-de-la-loi-de-finances-2023-approuve-en-conseil-des-ministres\/200940\/#primaryimage","url":"https:\/\/www.webdo.tn\/fr\/wp-content\/uploads\/2022\/12\/14a74cf54c3dfbd3771de7edf5be0551.jpg","contentUrl":"https:\/\/www.webdo.tn\/fr\/wp-content\/uploads\/2022\/12\/14a74cf54c3dfbd3771de7edf5be0551.jpg","width":750,"height":400,"caption":"Le projet de la loi de Finances 2023 approuv\u00e9 en Conseil des ministres"},{"@type":"BreadcrumbList","@id":"https:\/\/www.webdo.tn\/fr\/actualite\/national\/le-projet-de-la-loi-de-finances-2023-approuve-en-conseil-des-ministres\/200940\/#breadcrumb","itemListElement":[{"@type":"ListItem","position":1,"name":"Accueil","item":"https:\/\/www.webdo.tn\/fr\/"},{"@type":"ListItem","position":2,"name":"Le projet de la loi de Finances 2023 approuv\u00e9 en Conseil des ministres"}]},{"@type":"WebSite","@id":"https:\/\/www.webdo.tn\/fr\/#website","url":"https:\/\/www.webdo.tn\/fr\/","name":"webdo","description":"Tunisie - News en Tunisie et \u00e0 l&#039;international sur Webdo.tn","publisher":{"@id":"https:\/\/www.webdo.tn\/fr\/#organization"},"potentialAction":[{"@type":"SearchAction","target":{"@type":"EntryPoint","urlTemplate":"https:\/\/www.webdo.tn\/fr\/?s={search_term_string}"},"query-input":{"@type":"PropertyValueSpecification","valueRequired":true,"valueName":"search_term_string"}}],"inLanguage":"fr-FR"},{"@type":"Organization","@id":"https:\/\/www.webdo.tn\/fr\/#organization","name":"Webdo","alternateName":"Webdo.tn","url":"https:\/\/www.webdo.tn\/fr\/","logo":{"@type":"ImageObject","inLanguage":"fr-FR","@id":"https:\/\/www.webdo.tn\/fr\/#\/schema\/logo\/image\/","url":"https:\/\/www.webdo.tn\/fr\/wp-content\/uploads\/2025\/06\/Webdo-Tunisie_168377.jpg","contentUrl":"https:\/\/www.webdo.tn\/fr\/wp-content\/uploads\/2025\/06\/Webdo-Tunisie_168377.jpg","width":301,"height":301,"caption":"Webdo"},"image":{"@id":"https:\/\/www.webdo.tn\/fr\/#\/schema\/logo\/image\/"},"sameAs":["https:\/\/www.facebook.com\/webdotn","https:\/\/x.com\/webdo_tn"],"description":"Webdo est un m\u00e9dia num\u00e9rique tunisien fond\u00e9 en 2010, sp\u00e9cialis\u00e9 dans l\u2019actualit\u00e9 nationale et internationale, l\u2019\u00e9conomie, la soci\u00e9t\u00e9 et les analyses politiques. Le site s\u2019adresse \u00e0 un large public francophone et couvre l\u2019information tunisienne en temps r\u00e9el.","email":"redac@webdo.tn","legalName":"YNJ SARL","foundingDate":"2010-09-06","numberOfEmployees":{"@type":"QuantitativeValue","minValue":"11","maxValue":"50"}},{"@type":"Person","@id":"https:\/\/www.webdo.tn\/fr\/#\/schema\/person\/2c4929cbf5a809e3bd38617c6ce150f6","name":"MC","image":{"@type":"ImageObject","inLanguage":"fr-FR","@id":"https:\/\/secure.gravatar.com\/avatar\/a545bbb6f84efdd5553dbbc2895e3ca8f1d12c5215e00a041c9670b54aa9b18a?s=96&d=mm&r=g","url":"https:\/\/secure.gravatar.com\/avatar\/a545bbb6f84efdd5553dbbc2895e3ca8f1d12c5215e00a041c9670b54aa9b18a?s=96&d=mm&r=g","contentUrl":"https:\/\/secure.gravatar.com\/avatar\/a545bbb6f84efdd5553dbbc2895e3ca8f1d12c5215e00a041c9670b54aa9b18a?s=96&d=mm&r=g","caption":"MC"},"url":"https:\/\/www.webdo.tn\/fr\/actualite\/author\/mc\/"}]}},"_links":{"self":[{"href":"https:\/\/www.webdo.tn\/fr\/wp-json\/wp\/v2\/posts\/200940","targetHints":{"allow":["GET"]}}],"collection":[{"href":"https:\/\/www.webdo.tn\/fr\/wp-json\/wp\/v2\/posts"}],"about":[{"href":"https:\/\/www.webdo.tn\/fr\/wp-json\/wp\/v2\/types\/post"}],"author":[{"embeddable":true,"href":"https:\/\/www.webdo.tn\/fr\/wp-json\/wp\/v2\/users\/3162"}],"replies":[{"embeddable":true,"href":"https:\/\/www.webdo.tn\/fr\/wp-json\/wp\/v2\/comments?post=200940"}],"version-history":[{"count":0,"href":"https:\/\/www.webdo.tn\/fr\/wp-json\/wp\/v2\/posts\/200940\/revisions"}],"wp:featuredmedia":[{"embeddable":true,"href":"https:\/\/www.webdo.tn\/fr\/wp-json\/wp\/v2\/media\/277451"}],"wp:attachment":[{"href":"https:\/\/www.webdo.tn\/fr\/wp-json\/wp\/v2\/media?parent=200940"}],"wp:term":[{"taxonomy":"category","embeddable":true,"href":"https:\/\/www.webdo.tn\/fr\/wp-json\/wp\/v2\/categories?post=200940"},{"taxonomy":"post_tag","embeddable":true,"href":"https:\/\/www.webdo.tn\/fr\/wp-json\/wp\/v2\/tags?post=200940"}],"curies":[{"name":"wp","href":"https:\/\/api.w.org\/{rel}","templated":true}]}}