{"id":200938,"date":"2022-12-20T20:36:00","date_gmt":"2022-12-20T20:36:00","guid":{"rendered":"https:\/\/www.webdo.tn\/fr\/actualite\/blog\/tunisie-nouveaux-tarifs-de-l-eau-potable-pour-l-usage-touristique\/200938\/"},"modified":"2025-05-22T11:40:26","modified_gmt":"2025-05-22T11:40:26","slug":"tunisie-nouveaux-tarifs-de-l-eau-potable-pour-l-usage-touristique","status":"publish","type":"post","link":"https:\/\/www.webdo.tn\/fr\/actualite\/national\/tunisie-nouveaux-tarifs-de-l-eau-potable-pour-l-usage-touristique\/200938\/","title":{"rendered":"Tunisie : Nouveaux tarifs de l\u2019eau potable pour l&rsquo;usage touristique"},"content":{"rendered":"<p>De nouveaux tarifs de l\u2019eau potable ont \u00e9t\u00e9 fix\u00e9s en vertu d\u2019un arr\u00eat\u00e9 du ministre de l\u2019Agriculture, des Ressources hydrauliques et de la P\u00eache maritime, publi\u00e9 dans le JORT N\u00b0139 du 20 d\u00e9cembre 2022.<\/p>\n<p> En vertu de cet arr\u00eat\u00e9, le minist\u00e8re de l&rsquo;agriculture a maintenu le tarif uniforme de l&rsquo;eau pour l&rsquo;usage domestique non branch\u00e9 \u00e0 deux cent millimes (0,200D) le m3 hors taxe sur la valeur ajout\u00e9e et a augment\u00e9 le tarif pour l&rsquo;usage touristique \u00e0 1,990D le m3.<\/p>\n<p>D\u2019apr\u00e8s l\u2019arr\u00eat\u00e9 du ministre de l\u2019agriculture, publi\u00e9 dans le JORT N\u00b0139 du 20 d\u00e9cembre 2022, le tarif de l&rsquo;eau pour l&rsquo;usage domestique non branch\u00e9 est applicable aux abonnements souscrits par les collectivit\u00e9s publiques et qui desservent les groupements de d\u00e9veloppement dans le secteur de l\u2019agriculture et de la p\u00eache.<\/p>\n<p>Le tarif pour l&rsquo;usage touristique qui a enregistr\u00e9 une hausse de 1,620 D fix\u00e9, en 2021, \u00e0 1,990 D le m3, est applicable \u00e0 l&rsquo;eau livr\u00e9e aux \u00e9tablissements de tourisme tels que d\u00e9finis par la r\u00e9glementation en vigueur relative au classement des \u00e9tablissements de tourisme fournissant des prestations d&rsquo;h\u00e9bergement.<\/p>\n<p>Les tarifs progressifs de l\u2019eau potable ont \u00e9t\u00e9 fix\u00e9s en vertu d\u2019un arr\u00eat\u00e9 du ministre de l&rsquo;agriculture, des ressources hydrauliques et de la p\u00eache maritime, et sont applicables aux consommations relatives \u00e0 tous types d\u2019abonnements hormis les abonnements touristiques et des groupements de d\u00e9veloppement dans le secteur de l\u2019agriculture et de la p\u00eache.<\/p>\n<p>Les tarifs sont r\u00e9partis comme suit:<\/p>\n<p> Le tarif deux cent millimes (0,200d) par m3 s&rsquo;applique \u00e0 la totalit\u00e9 de la consommation trimestrielle de l\u2019abonn\u00e9 lorsque celle-ci est inf\u00e9rieure ou \u00e9gale \u00e0 20 m3.<br \/>\n Le tarif six cent soixante-cinq millimes (0,665d) par m3 s&rsquo;applique \u00e0 la totalit\u00e9 de la consommation trimestrielle de l&rsquo;abonn\u00e9 lorsque celleci est sup\u00e9rieure \u00e0 20 m3 et inf\u00e9rieure ou \u00e9gale \u00e0 40 m3.<br \/>\n Le tarif neuf cent trente millimes (0,930 d) par m3 s&rsquo;applique \u00e0 la totalit\u00e9 de la consommation trimestrielle de l&rsquo;abonn\u00e9 lorsque celle-ci est sup\u00e9rieure \u00e0 40 m3 et inf\u00e9rieure ou \u00e9gale \u00e0 70 m3.<br \/>\n Le tarif mille trois cent dix millimes (1.310 d) par m3 s&rsquo;applique \u00e0 la totalit\u00e9 de la consommation trimestrielle de l&rsquo;abonn\u00e9 lorsque celle-ci est sup\u00e9rieure \u00e0 70 m3 et inf\u00e9rieure ou \u00e9gale \u00e0 100 m3.<br \/>\n Le tarif mille cinq cent quarante millimes (1.540 d) par m3 s&rsquo;applique \u00e0 la totalit\u00e9 de la consommation trimestrielle de l&rsquo;abonn\u00e9 lorsque celleci est sup\u00e9rieure \u00e0 100 m3 est \u00e9gale ou inf\u00e9rieure \u00e0 150 m3.<br \/>\n Le tarif mille neuf cent quatre-vingt-dix millimes (1,990d) par m3 s&rsquo;applique \u00e0 la totalit\u00e9 de la consommation trimestrielle de l&rsquo;abonn\u00e9 lorsque celle-ci est sup\u00e9rieure \u00e0 150 m3.<\/p>\n<p>Pour les abonnements \u00e0 usage domestique desservant les immeubles collectifs \u00e0 \u00e9tages ayant trois appartements ou plus, il sera tenu compte du nombre d&rsquo;appartements \u00e0 usage d&rsquo;habitation pour la d\u00e9termination de la consommation moyenne du trimestre consid\u00e9r\u00e9 par appartement aux fins d&rsquo;application du tarif progressif suscit\u00e9.<\/p>\n<p>Lorsque la consommation d&rsquo;eau donne lieu \u00e0 une facturation mensuelle, il sera pris en consid\u00e9ration le tiers des tranches fix\u00e9es aux fins d&rsquo;application des tarifs progressifs.<\/p>\n","protected":false},"excerpt":{"rendered":"<p>De nouveaux tarifs de l\u2019eau potable ont \u00e9t\u00e9 fix\u00e9s en vertu d\u2019un arr\u00eat\u00e9 du ministre de l\u2019Agriculture, des Ressources hydrauliques et de la P\u00eache maritime, publi\u00e9&#8230;<\/p>\n","protected":false},"author":3162,"featured_media":348402,"comment_status":"open","ping_status":"closed","sticky":false,"template":"","format":"standard","meta":{"footnotes":""},"categories":[44],"tags":[2898,11458],"class_list":["post-200938","post","type-post","status-publish","format-standard","has-post-thumbnail","hentry","category-national","tag-eau-potable","tag-tarification"],"yoast_head":"<!-- This site is optimized with the Yoast SEO Premium plugin v27.4 (Yoast SEO v27.5) - https:\/\/yoast.com\/product\/yoast-seo-premium-wordpress\/ -->\n<title>Tunisie : Nouveaux tarifs de l\u2019eau potable pour l&#039;usage touristique<\/title>\n<meta name=\"description\" content=\"De nouveaux tarifs de l\u2019eau potable ont \u00e9t\u00e9 fix\u00e9s en vertu d\u2019un arr\u00eat\u00e9 du ministre de l\u2019Agriculture, des Ressources hydrauliques et de la P\u00eache maritime, publi\u00e9...\" \/>\n<link rel=\"canonical\" href=\"https:\/\/www.webdo.tn\/fr\/actualite\/national-45\/tunisie-nouveaux-tarifs-de-l-eau-potable-pour-l-usage-touristique\/200938\/\" \/>\n<meta property=\"og:locale\" content=\"fr_FR\" \/>\n<meta property=\"og:type\" content=\"article\" \/>\n<meta property=\"og:title\" content=\"Tunisie : Nouveaux tarifs de l\u2019eau potable pour l&#039;usage touristique\" \/>\n<meta property=\"og:description\" content=\"De nouveaux tarifs de l\u2019eau potable ont \u00e9t\u00e9 fix\u00e9s en vertu d\u2019un arr\u00eat\u00e9 du ministre de l\u2019Agriculture, des Ressources hydrauliques et de la P\u00eache maritime, publi\u00e9...\" \/>\n<meta property=\"og:url\" content=\"https:\/\/www.webdo.tn\/fr\/actualite\/national-45\/tunisie-nouveaux-tarifs-de-l-eau-potable-pour-l-usage-touristique\/200938\/\" \/>\n<meta property=\"og:site_name\" content=\"webdo\" \/>\n<meta property=\"article:publisher\" content=\"https:\/\/www.facebook.com\/webdotn\" \/>\n<meta property=\"article:published_time\" content=\"2022-12-20T20:36:00+00:00\" \/>\n<meta property=\"article:modified_time\" content=\"2025-05-22T11:40:26+00:00\" \/>\n<meta property=\"og:image\" content=\"https:\/\/www.webdo.tn\/fr\/wp-content\/uploads\/2022\/12\/a093dda78a0f9669359de8d5dafaa615.jpg\" \/>\n\t<meta property=\"og:image:width\" content=\"750\" \/>\n\t<meta property=\"og:image:height\" content=\"400\" \/>\n\t<meta property=\"og:image:type\" content=\"image\/jpeg\" \/>\n<meta name=\"author\" content=\"MC\" \/>\n<meta name=\"twitter:card\" content=\"summary_large_image\" \/>\n<meta name=\"twitter:creator\" content=\"@webdo_tn\" \/>\n<meta name=\"twitter:site\" content=\"@webdo_tn\" \/>\n<meta name=\"twitter:label1\" content=\"\u00c9crit par\" \/>\n\t<meta name=\"twitter:data1\" content=\"MC\" \/>\n\t<meta name=\"twitter:label2\" content=\"Dur\u00e9e de lecture estim\u00e9e\" \/>\n\t<meta name=\"twitter:data2\" content=\"3 minutes\" \/>\n<script type=\"application\/ld+json\" class=\"yoast-schema-graph\">{\"@context\":\"https:\\\/\\\/schema.org\",\"@graph\":[{\"@type\":\"NewsArticle\",\"@id\":\"https:\\\/\\\/www.webdo.tn\\\/fr\\\/actualite\\\/national-45\\\/tunisie-nouveaux-tarifs-de-l-eau-potable-pour-l-usage-touristique\\\/200938\\\/#article\",\"isPartOf\":{\"@id\":\"https:\\\/\\\/www.webdo.tn\\\/fr\\\/actualite\\\/national-45\\\/tunisie-nouveaux-tarifs-de-l-eau-potable-pour-l-usage-touristique\\\/200938\\\/\"},\"author\":{\"name\":\"MC\",\"@id\":\"https:\\\/\\\/www.webdo.tn\\\/fr\\\/#\\\/schema\\\/person\\\/2c4929cbf5a809e3bd38617c6ce150f6\"},\"headline\":\"Tunisie : Nouveaux tarifs de l\u2019eau potable pour l&rsquo;usage touristique\",\"datePublished\":\"2022-12-20T20:36:00+00:00\",\"dateModified\":\"2025-05-22T11:40:26+00:00\",\"mainEntityOfPage\":{\"@id\":\"https:\\\/\\\/www.webdo.tn\\\/fr\\\/actualite\\\/national-45\\\/tunisie-nouveaux-tarifs-de-l-eau-potable-pour-l-usage-touristique\\\/200938\\\/\"},\"wordCount\":541,\"commentCount\":0,\"publisher\":{\"@id\":\"https:\\\/\\\/www.webdo.tn\\\/fr\\\/#organization\"},\"image\":{\"@id\":\"https:\\\/\\\/www.webdo.tn\\\/fr\\\/actualite\\\/national-45\\\/tunisie-nouveaux-tarifs-de-l-eau-potable-pour-l-usage-touristique\\\/200938\\\/#primaryimage\"},\"thumbnailUrl\":\"https:\\\/\\\/www.webdo.tn\\\/fr\\\/wp-content\\\/uploads\\\/2022\\\/12\\\/a093dda78a0f9669359de8d5dafaa615.jpg\",\"keywords\":[\"eau potable\",\"tarification\"],\"articleSection\":[\"National\"],\"inLanguage\":\"fr-FR\"},{\"@type\":\"WebPage\",\"@id\":\"https:\\\/\\\/www.webdo.tn\\\/fr\\\/actualite\\\/national-45\\\/tunisie-nouveaux-tarifs-de-l-eau-potable-pour-l-usage-touristique\\\/200938\\\/\",\"url\":\"https:\\\/\\\/www.webdo.tn\\\/fr\\\/actualite\\\/national-45\\\/tunisie-nouveaux-tarifs-de-l-eau-potable-pour-l-usage-touristique\\\/200938\\\/\",\"name\":\"Tunisie : Nouveaux tarifs de l\u2019eau potable pour l'usage touristique\",\"isPartOf\":{\"@id\":\"https:\\\/\\\/www.webdo.tn\\\/fr\\\/#website\"},\"primaryImageOfPage\":{\"@id\":\"https:\\\/\\\/www.webdo.tn\\\/fr\\\/actualite\\\/national-45\\\/tunisie-nouveaux-tarifs-de-l-eau-potable-pour-l-usage-touristique\\\/200938\\\/#primaryimage\"},\"image\":{\"@id\":\"https:\\\/\\\/www.webdo.tn\\\/fr\\\/actualite\\\/national-45\\\/tunisie-nouveaux-tarifs-de-l-eau-potable-pour-l-usage-touristique\\\/200938\\\/#primaryimage\"},\"thumbnailUrl\":\"https:\\\/\\\/www.webdo.tn\\\/fr\\\/wp-content\\\/uploads\\\/2022\\\/12\\\/a093dda78a0f9669359de8d5dafaa615.jpg\",\"datePublished\":\"2022-12-20T20:36:00+00:00\",\"dateModified\":\"2025-05-22T11:40:26+00:00\",\"description\":\"De nouveaux tarifs de l\u2019eau potable ont \u00e9t\u00e9 fix\u00e9s en vertu d\u2019un arr\u00eat\u00e9 du ministre de l\u2019Agriculture, des Ressources hydrauliques et de la P\u00eache maritime, publi\u00e9...\",\"breadcrumb\":{\"@id\":\"https:\\\/\\\/www.webdo.tn\\\/fr\\\/actualite\\\/national-45\\\/tunisie-nouveaux-tarifs-de-l-eau-potable-pour-l-usage-touristique\\\/200938\\\/#breadcrumb\"},\"inLanguage\":\"fr-FR\",\"potentialAction\":[{\"@type\":\"ReadAction\",\"target\":[\"https:\\\/\\\/www.webdo.tn\\\/fr\\\/actualite\\\/national-45\\\/tunisie-nouveaux-tarifs-de-l-eau-potable-pour-l-usage-touristique\\\/200938\\\/\"]}]},{\"@type\":\"ImageObject\",\"inLanguage\":\"fr-FR\",\"@id\":\"https:\\\/\\\/www.webdo.tn\\\/fr\\\/actualite\\\/national-45\\\/tunisie-nouveaux-tarifs-de-l-eau-potable-pour-l-usage-touristique\\\/200938\\\/#primaryimage\",\"url\":\"https:\\\/\\\/www.webdo.tn\\\/fr\\\/wp-content\\\/uploads\\\/2022\\\/12\\\/a093dda78a0f9669359de8d5dafaa615.jpg\",\"contentUrl\":\"https:\\\/\\\/www.webdo.tn\\\/fr\\\/wp-content\\\/uploads\\\/2022\\\/12\\\/a093dda78a0f9669359de8d5dafaa615.jpg\",\"width\":750,\"height\":400,\"caption\":\"Tunisie : Nouveaux tarifs de l\u2019eau potable pour l'usage touristique\"},{\"@type\":\"BreadcrumbList\",\"@id\":\"https:\\\/\\\/www.webdo.tn\\\/fr\\\/actualite\\\/national-45\\\/tunisie-nouveaux-tarifs-de-l-eau-potable-pour-l-usage-touristique\\\/200938\\\/#breadcrumb\",\"itemListElement\":[{\"@type\":\"ListItem\",\"position\":1,\"name\":\"Accueil\",\"item\":\"https:\\\/\\\/www.webdo.tn\\\/fr\\\/\"},{\"@type\":\"ListItem\",\"position\":2,\"name\":\"Tunisie : Nouveaux tarifs de l\u2019eau potable pour l&rsquo;usage touristique\"}]},{\"@type\":\"WebSite\",\"@id\":\"https:\\\/\\\/www.webdo.tn\\\/fr\\\/#website\",\"url\":\"https:\\\/\\\/www.webdo.tn\\\/fr\\\/\",\"name\":\"webdo\",\"description\":\"Tunisie - News en Tunisie et \u00e0 l&#039;international sur Webdo.tn\",\"publisher\":{\"@id\":\"https:\\\/\\\/www.webdo.tn\\\/fr\\\/#organization\"},\"potentialAction\":[{\"@type\":\"SearchAction\",\"target\":{\"@type\":\"EntryPoint\",\"urlTemplate\":\"https:\\\/\\\/www.webdo.tn\\\/fr\\\/?s={search_term_string}\"},\"query-input\":{\"@type\":\"PropertyValueSpecification\",\"valueRequired\":true,\"valueName\":\"search_term_string\"}}],\"inLanguage\":\"fr-FR\"},{\"@type\":\"Organization\",\"@id\":\"https:\\\/\\\/www.webdo.tn\\\/fr\\\/#organization\",\"name\":\"Webdo\",\"alternateName\":\"Webdo.tn\",\"url\":\"https:\\\/\\\/www.webdo.tn\\\/fr\\\/\",\"logo\":{\"@type\":\"ImageObject\",\"inLanguage\":\"fr-FR\",\"@id\":\"https:\\\/\\\/www.webdo.tn\\\/fr\\\/#\\\/schema\\\/logo\\\/image\\\/\",\"url\":\"https:\\\/\\\/www.webdo.tn\\\/fr\\\/wp-content\\\/uploads\\\/2025\\\/06\\\/Webdo-Tunisie_168377.jpg\",\"contentUrl\":\"https:\\\/\\\/www.webdo.tn\\\/fr\\\/wp-content\\\/uploads\\\/2025\\\/06\\\/Webdo-Tunisie_168377.jpg\",\"width\":301,\"height\":301,\"caption\":\"Webdo\"},\"image\":{\"@id\":\"https:\\\/\\\/www.webdo.tn\\\/fr\\\/#\\\/schema\\\/logo\\\/image\\\/\"},\"sameAs\":[\"https:\\\/\\\/www.facebook.com\\\/webdotn\",\"https:\\\/\\\/x.com\\\/webdo_tn\"],\"description\":\"Webdo est un m\u00e9dia num\u00e9rique tunisien fond\u00e9 en 2010, sp\u00e9cialis\u00e9 dans l\u2019actualit\u00e9 nationale et internationale, l\u2019\u00e9conomie, la soci\u00e9t\u00e9 et les analyses politiques. Le site s\u2019adresse \u00e0 un large public francophone et couvre l\u2019information tunisienne en temps r\u00e9el.\",\"email\":\"redac@webdo.tn\",\"legalName\":\"YNJ SARL\",\"foundingDate\":\"2010-09-06\",\"numberOfEmployees\":{\"@type\":\"QuantitativeValue\",\"minValue\":\"11\",\"maxValue\":\"50\"}},{\"@type\":\"Person\",\"@id\":\"https:\\\/\\\/www.webdo.tn\\\/fr\\\/#\\\/schema\\\/person\\\/2c4929cbf5a809e3bd38617c6ce150f6\",\"name\":\"MC\",\"image\":{\"@type\":\"ImageObject\",\"inLanguage\":\"fr-FR\",\"@id\":\"https:\\\/\\\/secure.gravatar.com\\\/avatar\\\/a545bbb6f84efdd5553dbbc2895e3ca8f1d12c5215e00a041c9670b54aa9b18a?s=96&d=mm&r=g\",\"url\":\"https:\\\/\\\/secure.gravatar.com\\\/avatar\\\/a545bbb6f84efdd5553dbbc2895e3ca8f1d12c5215e00a041c9670b54aa9b18a?s=96&d=mm&r=g\",\"contentUrl\":\"https:\\\/\\\/secure.gravatar.com\\\/avatar\\\/a545bbb6f84efdd5553dbbc2895e3ca8f1d12c5215e00a041c9670b54aa9b18a?s=96&d=mm&r=g\",\"caption\":\"MC\"},\"url\":\"https:\\\/\\\/www.webdo.tn\\\/fr\\\/actualite\\\/author\\\/mc\\\/\"}]}<\/script>\n<!-- \/ Yoast SEO Premium plugin. -->","yoast_head_json":{"title":"Tunisie : Nouveaux tarifs de l\u2019eau potable pour l'usage touristique","description":"De nouveaux tarifs de l\u2019eau potable ont \u00e9t\u00e9 fix\u00e9s en vertu d\u2019un arr\u00eat\u00e9 du ministre de l\u2019Agriculture, des Ressources hydrauliques et de la P\u00eache maritime, publi\u00e9...","canonical":"https:\/\/www.webdo.tn\/fr\/actualite\/national-45\/tunisie-nouveaux-tarifs-de-l-eau-potable-pour-l-usage-touristique\/200938\/","og_locale":"fr_FR","og_type":"article","og_title":"Tunisie : Nouveaux tarifs de l\u2019eau potable pour l'usage touristique","og_description":"De nouveaux tarifs de l\u2019eau potable ont \u00e9t\u00e9 fix\u00e9s en vertu d\u2019un arr\u00eat\u00e9 du ministre de l\u2019Agriculture, des Ressources hydrauliques et de la P\u00eache maritime, publi\u00e9...","og_url":"https:\/\/www.webdo.tn\/fr\/actualite\/national-45\/tunisie-nouveaux-tarifs-de-l-eau-potable-pour-l-usage-touristique\/200938\/","og_site_name":"webdo","article_publisher":"https:\/\/www.facebook.com\/webdotn","article_published_time":"2022-12-20T20:36:00+00:00","article_modified_time":"2025-05-22T11:40:26+00:00","og_image":[{"width":750,"height":400,"url":"https:\/\/www.webdo.tn\/fr\/wp-content\/uploads\/2022\/12\/a093dda78a0f9669359de8d5dafaa615.jpg","type":"image\/jpeg"}],"author":"MC","twitter_card":"summary_large_image","twitter_creator":"@webdo_tn","twitter_site":"@webdo_tn","twitter_misc":{"\u00c9crit par":"MC","Dur\u00e9e de lecture estim\u00e9e":"3 minutes"},"schema":{"@context":"https:\/\/schema.org","@graph":[{"@type":"NewsArticle","@id":"https:\/\/www.webdo.tn\/fr\/actualite\/national-45\/tunisie-nouveaux-tarifs-de-l-eau-potable-pour-l-usage-touristique\/200938\/#article","isPartOf":{"@id":"https:\/\/www.webdo.tn\/fr\/actualite\/national-45\/tunisie-nouveaux-tarifs-de-l-eau-potable-pour-l-usage-touristique\/200938\/"},"author":{"name":"MC","@id":"https:\/\/www.webdo.tn\/fr\/#\/schema\/person\/2c4929cbf5a809e3bd38617c6ce150f6"},"headline":"Tunisie : Nouveaux tarifs de l\u2019eau potable pour l&rsquo;usage touristique","datePublished":"2022-12-20T20:36:00+00:00","dateModified":"2025-05-22T11:40:26+00:00","mainEntityOfPage":{"@id":"https:\/\/www.webdo.tn\/fr\/actualite\/national-45\/tunisie-nouveaux-tarifs-de-l-eau-potable-pour-l-usage-touristique\/200938\/"},"wordCount":541,"commentCount":0,"publisher":{"@id":"https:\/\/www.webdo.tn\/fr\/#organization"},"image":{"@id":"https:\/\/www.webdo.tn\/fr\/actualite\/national-45\/tunisie-nouveaux-tarifs-de-l-eau-potable-pour-l-usage-touristique\/200938\/#primaryimage"},"thumbnailUrl":"https:\/\/www.webdo.tn\/fr\/wp-content\/uploads\/2022\/12\/a093dda78a0f9669359de8d5dafaa615.jpg","keywords":["eau potable","tarification"],"articleSection":["National"],"inLanguage":"fr-FR"},{"@type":"WebPage","@id":"https:\/\/www.webdo.tn\/fr\/actualite\/national-45\/tunisie-nouveaux-tarifs-de-l-eau-potable-pour-l-usage-touristique\/200938\/","url":"https:\/\/www.webdo.tn\/fr\/actualite\/national-45\/tunisie-nouveaux-tarifs-de-l-eau-potable-pour-l-usage-touristique\/200938\/","name":"Tunisie : Nouveaux tarifs de l\u2019eau potable pour l'usage touristique","isPartOf":{"@id":"https:\/\/www.webdo.tn\/fr\/#website"},"primaryImageOfPage":{"@id":"https:\/\/www.webdo.tn\/fr\/actualite\/national-45\/tunisie-nouveaux-tarifs-de-l-eau-potable-pour-l-usage-touristique\/200938\/#primaryimage"},"image":{"@id":"https:\/\/www.webdo.tn\/fr\/actualite\/national-45\/tunisie-nouveaux-tarifs-de-l-eau-potable-pour-l-usage-touristique\/200938\/#primaryimage"},"thumbnailUrl":"https:\/\/www.webdo.tn\/fr\/wp-content\/uploads\/2022\/12\/a093dda78a0f9669359de8d5dafaa615.jpg","datePublished":"2022-12-20T20:36:00+00:00","dateModified":"2025-05-22T11:40:26+00:00","description":"De nouveaux tarifs de l\u2019eau potable ont \u00e9t\u00e9 fix\u00e9s en vertu d\u2019un arr\u00eat\u00e9 du ministre de l\u2019Agriculture, des Ressources hydrauliques et de la P\u00eache maritime, publi\u00e9...","breadcrumb":{"@id":"https:\/\/www.webdo.tn\/fr\/actualite\/national-45\/tunisie-nouveaux-tarifs-de-l-eau-potable-pour-l-usage-touristique\/200938\/#breadcrumb"},"inLanguage":"fr-FR","potentialAction":[{"@type":"ReadAction","target":["https:\/\/www.webdo.tn\/fr\/actualite\/national-45\/tunisie-nouveaux-tarifs-de-l-eau-potable-pour-l-usage-touristique\/200938\/"]}]},{"@type":"ImageObject","inLanguage":"fr-FR","@id":"https:\/\/www.webdo.tn\/fr\/actualite\/national-45\/tunisie-nouveaux-tarifs-de-l-eau-potable-pour-l-usage-touristique\/200938\/#primaryimage","url":"https:\/\/www.webdo.tn\/fr\/wp-content\/uploads\/2022\/12\/a093dda78a0f9669359de8d5dafaa615.jpg","contentUrl":"https:\/\/www.webdo.tn\/fr\/wp-content\/uploads\/2022\/12\/a093dda78a0f9669359de8d5dafaa615.jpg","width":750,"height":400,"caption":"Tunisie : Nouveaux tarifs de l\u2019eau potable pour l'usage touristique"},{"@type":"BreadcrumbList","@id":"https:\/\/www.webdo.tn\/fr\/actualite\/national-45\/tunisie-nouveaux-tarifs-de-l-eau-potable-pour-l-usage-touristique\/200938\/#breadcrumb","itemListElement":[{"@type":"ListItem","position":1,"name":"Accueil","item":"https:\/\/www.webdo.tn\/fr\/"},{"@type":"ListItem","position":2,"name":"Tunisie : Nouveaux tarifs de l\u2019eau potable pour l&rsquo;usage touristique"}]},{"@type":"WebSite","@id":"https:\/\/www.webdo.tn\/fr\/#website","url":"https:\/\/www.webdo.tn\/fr\/","name":"webdo","description":"Tunisie - News en Tunisie et \u00e0 l&#039;international sur Webdo.tn","publisher":{"@id":"https:\/\/www.webdo.tn\/fr\/#organization"},"potentialAction":[{"@type":"SearchAction","target":{"@type":"EntryPoint","urlTemplate":"https:\/\/www.webdo.tn\/fr\/?s={search_term_string}"},"query-input":{"@type":"PropertyValueSpecification","valueRequired":true,"valueName":"search_term_string"}}],"inLanguage":"fr-FR"},{"@type":"Organization","@id":"https:\/\/www.webdo.tn\/fr\/#organization","name":"Webdo","alternateName":"Webdo.tn","url":"https:\/\/www.webdo.tn\/fr\/","logo":{"@type":"ImageObject","inLanguage":"fr-FR","@id":"https:\/\/www.webdo.tn\/fr\/#\/schema\/logo\/image\/","url":"https:\/\/www.webdo.tn\/fr\/wp-content\/uploads\/2025\/06\/Webdo-Tunisie_168377.jpg","contentUrl":"https:\/\/www.webdo.tn\/fr\/wp-content\/uploads\/2025\/06\/Webdo-Tunisie_168377.jpg","width":301,"height":301,"caption":"Webdo"},"image":{"@id":"https:\/\/www.webdo.tn\/fr\/#\/schema\/logo\/image\/"},"sameAs":["https:\/\/www.facebook.com\/webdotn","https:\/\/x.com\/webdo_tn"],"description":"Webdo est un m\u00e9dia num\u00e9rique tunisien fond\u00e9 en 2010, sp\u00e9cialis\u00e9 dans l\u2019actualit\u00e9 nationale et internationale, l\u2019\u00e9conomie, la soci\u00e9t\u00e9 et les analyses politiques. Le site s\u2019adresse \u00e0 un large public francophone et couvre l\u2019information tunisienne en temps r\u00e9el.","email":"redac@webdo.tn","legalName":"YNJ SARL","foundingDate":"2010-09-06","numberOfEmployees":{"@type":"QuantitativeValue","minValue":"11","maxValue":"50"}},{"@type":"Person","@id":"https:\/\/www.webdo.tn\/fr\/#\/schema\/person\/2c4929cbf5a809e3bd38617c6ce150f6","name":"MC","image":{"@type":"ImageObject","inLanguage":"fr-FR","@id":"https:\/\/secure.gravatar.com\/avatar\/a545bbb6f84efdd5553dbbc2895e3ca8f1d12c5215e00a041c9670b54aa9b18a?s=96&d=mm&r=g","url":"https:\/\/secure.gravatar.com\/avatar\/a545bbb6f84efdd5553dbbc2895e3ca8f1d12c5215e00a041c9670b54aa9b18a?s=96&d=mm&r=g","contentUrl":"https:\/\/secure.gravatar.com\/avatar\/a545bbb6f84efdd5553dbbc2895e3ca8f1d12c5215e00a041c9670b54aa9b18a?s=96&d=mm&r=g","caption":"MC"},"url":"https:\/\/www.webdo.tn\/fr\/actualite\/author\/mc\/"}]}},"_links":{"self":[{"href":"https:\/\/www.webdo.tn\/fr\/wp-json\/wp\/v2\/posts\/200938","targetHints":{"allow":["GET"]}}],"collection":[{"href":"https:\/\/www.webdo.tn\/fr\/wp-json\/wp\/v2\/posts"}],"about":[{"href":"https:\/\/www.webdo.tn\/fr\/wp-json\/wp\/v2\/types\/post"}],"author":[{"embeddable":true,"href":"https:\/\/www.webdo.tn\/fr\/wp-json\/wp\/v2\/users\/3162"}],"replies":[{"embeddable":true,"href":"https:\/\/www.webdo.tn\/fr\/wp-json\/wp\/v2\/comments?post=200938"}],"version-history":[{"count":0,"href":"https:\/\/www.webdo.tn\/fr\/wp-json\/wp\/v2\/posts\/200938\/revisions"}],"wp:featuredmedia":[{"embeddable":true,"href":"https:\/\/www.webdo.tn\/fr\/wp-json\/wp\/v2\/media\/348402"}],"wp:attachment":[{"href":"https:\/\/www.webdo.tn\/fr\/wp-json\/wp\/v2\/media?parent=200938"}],"wp:term":[{"taxonomy":"category","embeddable":true,"href":"https:\/\/www.webdo.tn\/fr\/wp-json\/wp\/v2\/categories?post=200938"},{"taxonomy":"post_tag","embeddable":true,"href":"https:\/\/www.webdo.tn\/fr\/wp-json\/wp\/v2\/tags?post=200938"}],"curies":[{"name":"wp","href":"https:\/\/api.w.org\/{rel}","templated":true}]}}