{"id":200934,"date":"2022-12-20T19:26:00","date_gmt":"2022-12-20T19:26:00","guid":{"rendered":"https:\/\/www.webdo.tn\/fr\/actualite\/blog\/naufrages-provoques-en-tunisie-la-garde-nationale-repond-au-ftdes\/200934\/"},"modified":"2025-05-22T11:40:23","modified_gmt":"2025-05-22T11:40:23","slug":"naufrages-provoques-en-tunisie-la-garde-nationale-repond-au-ftdes","status":"publish","type":"post","link":"https:\/\/www.webdo.tn\/fr\/actualite\/national\/naufrages-provoques-en-tunisie-la-garde-nationale-repond-au-ftdes\/200934\/","title":{"rendered":"Naufrages provoqu\u00e9s en Tunisie : la Garde nationale r\u00e9pond au FTDES"},"content":{"rendered":"<p>La Garde nationale a r\u00e9agi aux accusations du Forum tunisien pour les droits \u00e9conomiques et sociaux (FTDES), qui soup\u00e7onne des naufrages provoqu\u00e9s en Tunisie et accuse les garde-c\u00f4tes tunisiens d\u2019\u00eatre directement impliqu\u00e9s dans des man\u0153uvres dangereuses ayant co\u00fbt\u00e9 la vie \u00e0 de nombreuses personnes migrantes.<\/p>\n<p> Le porte-parole de la Garde nationale, Housseddine Jebabli, a d\u00e9nonc\u00e9, ce mardi 20 d\u00e9cembre 2022, dans une intervention sur les ondes de Mosa\u00efque FM, les d\u00e9clarations faites par le porte-parole du Forum tunisien pour les droits \u00e9conomiques et sociaux, Romdhane Ben Amor.<\/p>\n<p>Selon lui, Romdhane Ben Amor, n\u2019a pas pr\u00e9sent\u00e9 de preuves appuyant ses \u00ab\u00a0all\u00e9gations\u00a0\u00bb. Il a soulign\u00e9, en revanche, que \u00ab\u00a0la Garde maritime n\u2019est pas au-dessus de la loi et qu\u2019elle fonctionne conform\u00e9ment aux l\u00e9gislations nationales et internationales pour lutter contre l\u2019immigration irr\u00e9guli\u00e8re et secourir les migrants clandestins\u00a0\u00bb.<\/p>\n<p>Jebabli a appel\u00e9 toute partie qui d\u00e9tient des preuves sur \u00ab\u00a0l\u2019implication pr\u00e9sum\u00e9e\u00a0\u00bb de la garde maritime dans des pratiques qui repr\u00e9sentent un danger pour la vie des migrants clandestins, \u00e0 saisir la justice.<\/p>\n<p>Housseddine Jebabli a fait cette mise au point au lendemain d\u2019un communiqu\u00e9 du FTDES, qui a insinu\u00e9 l\u2019existence de naufrages provoqu\u00e9s en m\u00e9diterran\u00e9e.<\/p>\n<p>D\u2019apr\u00e8s les chiffres du FTDES entre le d\u00e9but de l&rsquo;ann\u00e9e et fin novembre 2022, plus de 575 personnes sont d\u00e9c\u00e9d\u00e9es lors de la travers\u00e9e. Ces chiffres ne tiennent pas compte des innombrables naufrages invisibles, ces bateaux qui disparaissent sans laisser aucune trace et mettent les familles et proches dans l\u2019incertitude, face \u00e0 un deuil impossible.<\/p>\n<p>\u00ab Mais alors que l&rsquo;Union europ\u00e9enne ne cesse de donner davantage de moyens \u00e0 la Tunisie pour surveiller ses c\u00f4tes et tenter d\u2019\u00e9viter ces drames, de plus en plus de preuves attestent que les garde-c\u00f4tes tunisiens sont directement impliqu\u00e9s dans des man\u0153uvres dangereuses ayant co\u00fbt\u00e9 la vie \u00e0 de nombreuses personnes migrantes \u00bb, indique le communiqu\u00e9.<\/p>\n<p>Aux c\u00f4t\u00e9s d\u2019autres organisations de la soci\u00e9t\u00e9 civile tunisienne, le r\u00e9seau Alarm Phone, ligne t\u00e9l\u00e9phonique d\u2019urgence pour les personnes en d\u00e9tresse en mer, a collect\u00e9 de nombreux t\u00e9moignages, photos et vid\u00e9os publi\u00e9es sur les r\u00e9seaux sociaux mettant en \u00e9vidence des comportements violents des autorit\u00e9s tunisiennes lors de leurs op\u00e9rations d\u2019interception en mer. \u00a0<\/p>\n<p>Affaire \u00e0 suivre\u2026<\/p>\n","protected":false},"excerpt":{"rendered":"<p>La Garde nationale a r\u00e9agi aux accusations du Forum tunisien pour les droits \u00e9conomiques et sociaux (FTDES), qui soup\u00e7onne des naufrages provoqu\u00e9s en Tunisie et&#8230;<\/p>\n","protected":false},"author":3162,"featured_media":348399,"comment_status":"open","ping_status":"closed","sticky":false,"template":"","format":"standard","meta":{"footnotes":""},"categories":[44],"tags":[4155,3228,2767,2894,3594],"class_list":["post-200934","post","type-post","status-publish","format-standard","has-post-thumbnail","hentry","category-national","tag-accusations","tag-ftdes","tag-garde-nationale","tag-migrants","tag-naufrage"],"yoast_head":"<!-- This site is optimized with the Yoast SEO Premium plugin v27.5 (Yoast SEO v27.5) - https:\/\/yoast.com\/product\/yoast-seo-premium-wordpress\/ -->\n<title>Naufrages provoqu\u00e9s en Tunisie : la Garde nationale r\u00e9pond au FTDES<\/title>\n<meta name=\"description\" content=\"La Garde nationale a r\u00e9agi aux accusations du Forum tunisien pour les droits \u00e9conomiques et sociaux (FTDES), qui soup\u00e7onne des naufrages provoqu\u00e9s en Tunisie et...\" \/>\n<link rel=\"canonical\" href=\"https:\/\/www.webdo.tn\/fr\/actualite\/national-45\/naufrages-provoques-en-tunisie-la-garde-nationale-repond-au-ftdes\/200934\/\" \/>\n<meta property=\"og:locale\" content=\"fr_FR\" \/>\n<meta property=\"og:type\" content=\"article\" \/>\n<meta property=\"og:title\" content=\"Naufrages provoqu\u00e9s en Tunisie : la Garde nationale r\u00e9pond au FTDES\" \/>\n<meta property=\"og:description\" content=\"La Garde nationale a r\u00e9agi aux accusations du Forum tunisien pour les droits \u00e9conomiques et sociaux (FTDES), qui soup\u00e7onne des naufrages provoqu\u00e9s en Tunisie et...\" \/>\n<meta property=\"og:url\" content=\"https:\/\/www.webdo.tn\/fr\/actualite\/national-45\/naufrages-provoques-en-tunisie-la-garde-nationale-repond-au-ftdes\/200934\/\" \/>\n<meta property=\"og:site_name\" content=\"webdo\" \/>\n<meta property=\"article:publisher\" content=\"https:\/\/www.facebook.com\/webdotn\" \/>\n<meta property=\"article:published_time\" content=\"2022-12-20T19:26:00+00:00\" \/>\n<meta property=\"article:modified_time\" content=\"2025-05-22T11:40:23+00:00\" \/>\n<meta property=\"og:image\" content=\"https:\/\/www.webdo.tn\/fr\/wp-content\/uploads\/2022\/12\/28d03a8f575d4e3d0d7a7bf2396441f3.jpg\" \/>\n\t<meta property=\"og:image:width\" content=\"750\" \/>\n\t<meta property=\"og:image:height\" content=\"400\" \/>\n\t<meta property=\"og:image:type\" content=\"image\/jpeg\" \/>\n<meta name=\"author\" content=\"MC\" \/>\n<meta name=\"twitter:card\" content=\"summary_large_image\" \/>\n<meta name=\"twitter:creator\" content=\"@webdo_tn\" \/>\n<meta name=\"twitter:site\" content=\"@webdo_tn\" \/>\n<meta name=\"twitter:label1\" content=\"\u00c9crit par\" \/>\n\t<meta name=\"twitter:data1\" content=\"MC\" \/>\n\t<meta name=\"twitter:label2\" content=\"Dur\u00e9e de lecture estim\u00e9e\" \/>\n\t<meta name=\"twitter:data2\" content=\"2 minutes\" \/>\n<script type=\"application\/ld+json\" class=\"yoast-schema-graph\">{\"@context\":\"https:\\\/\\\/schema.org\",\"@graph\":[{\"@type\":\"NewsArticle\",\"@id\":\"https:\\\/\\\/www.webdo.tn\\\/fr\\\/actualite\\\/national-45\\\/naufrages-provoques-en-tunisie-la-garde-nationale-repond-au-ftdes\\\/200934\\\/#article\",\"isPartOf\":{\"@id\":\"https:\\\/\\\/www.webdo.tn\\\/fr\\\/actualite\\\/national-45\\\/naufrages-provoques-en-tunisie-la-garde-nationale-repond-au-ftdes\\\/200934\\\/\"},\"author\":{\"name\":\"MC\",\"@id\":\"https:\\\/\\\/www.webdo.tn\\\/fr\\\/#\\\/schema\\\/person\\\/2c4929cbf5a809e3bd38617c6ce150f6\"},\"headline\":\"Naufrages provoqu\u00e9s en Tunisie : la Garde nationale r\u00e9pond au FTDES\",\"datePublished\":\"2022-12-20T19:26:00+00:00\",\"dateModified\":\"2025-05-22T11:40:23+00:00\",\"mainEntityOfPage\":{\"@id\":\"https:\\\/\\\/www.webdo.tn\\\/fr\\\/actualite\\\/national-45\\\/naufrages-provoques-en-tunisie-la-garde-nationale-repond-au-ftdes\\\/200934\\\/\"},\"wordCount\":422,\"commentCount\":0,\"publisher\":{\"@id\":\"https:\\\/\\\/www.webdo.tn\\\/fr\\\/#organization\"},\"image\":{\"@id\":\"https:\\\/\\\/www.webdo.tn\\\/fr\\\/actualite\\\/national-45\\\/naufrages-provoques-en-tunisie-la-garde-nationale-repond-au-ftdes\\\/200934\\\/#primaryimage\"},\"thumbnailUrl\":\"https:\\\/\\\/www.webdo.tn\\\/fr\\\/wp-content\\\/uploads\\\/2022\\\/12\\\/28d03a8f575d4e3d0d7a7bf2396441f3.jpg\",\"keywords\":[\"accusations\",\"ftdes\",\"Garde nationale\",\"migrants\",\"naufrage\"],\"articleSection\":[\"National\"],\"inLanguage\":\"fr-FR\"},{\"@type\":\"WebPage\",\"@id\":\"https:\\\/\\\/www.webdo.tn\\\/fr\\\/actualite\\\/national-45\\\/naufrages-provoques-en-tunisie-la-garde-nationale-repond-au-ftdes\\\/200934\\\/\",\"url\":\"https:\\\/\\\/www.webdo.tn\\\/fr\\\/actualite\\\/national-45\\\/naufrages-provoques-en-tunisie-la-garde-nationale-repond-au-ftdes\\\/200934\\\/\",\"name\":\"Naufrages provoqu\u00e9s en Tunisie : la Garde nationale r\u00e9pond au FTDES\",\"isPartOf\":{\"@id\":\"https:\\\/\\\/www.webdo.tn\\\/fr\\\/#website\"},\"primaryImageOfPage\":{\"@id\":\"https:\\\/\\\/www.webdo.tn\\\/fr\\\/actualite\\\/national-45\\\/naufrages-provoques-en-tunisie-la-garde-nationale-repond-au-ftdes\\\/200934\\\/#primaryimage\"},\"image\":{\"@id\":\"https:\\\/\\\/www.webdo.tn\\\/fr\\\/actualite\\\/national-45\\\/naufrages-provoques-en-tunisie-la-garde-nationale-repond-au-ftdes\\\/200934\\\/#primaryimage\"},\"thumbnailUrl\":\"https:\\\/\\\/www.webdo.tn\\\/fr\\\/wp-content\\\/uploads\\\/2022\\\/12\\\/28d03a8f575d4e3d0d7a7bf2396441f3.jpg\",\"datePublished\":\"2022-12-20T19:26:00+00:00\",\"dateModified\":\"2025-05-22T11:40:23+00:00\",\"description\":\"La Garde nationale a r\u00e9agi aux accusations du Forum tunisien pour les droits \u00e9conomiques et sociaux (FTDES), qui soup\u00e7onne des naufrages provoqu\u00e9s en Tunisie et...\",\"breadcrumb\":{\"@id\":\"https:\\\/\\\/www.webdo.tn\\\/fr\\\/actualite\\\/national-45\\\/naufrages-provoques-en-tunisie-la-garde-nationale-repond-au-ftdes\\\/200934\\\/#breadcrumb\"},\"inLanguage\":\"fr-FR\",\"potentialAction\":[{\"@type\":\"ReadAction\",\"target\":[\"https:\\\/\\\/www.webdo.tn\\\/fr\\\/actualite\\\/national-45\\\/naufrages-provoques-en-tunisie-la-garde-nationale-repond-au-ftdes\\\/200934\\\/\"]}]},{\"@type\":\"ImageObject\",\"inLanguage\":\"fr-FR\",\"@id\":\"https:\\\/\\\/www.webdo.tn\\\/fr\\\/actualite\\\/national-45\\\/naufrages-provoques-en-tunisie-la-garde-nationale-repond-au-ftdes\\\/200934\\\/#primaryimage\",\"url\":\"https:\\\/\\\/www.webdo.tn\\\/fr\\\/wp-content\\\/uploads\\\/2022\\\/12\\\/28d03a8f575d4e3d0d7a7bf2396441f3.jpg\",\"contentUrl\":\"https:\\\/\\\/www.webdo.tn\\\/fr\\\/wp-content\\\/uploads\\\/2022\\\/12\\\/28d03a8f575d4e3d0d7a7bf2396441f3.jpg\",\"width\":750,\"height\":400,\"caption\":\"Naufrages provoqu\u00e9s en Tunisie : la Garde nationale r\u00e9pond au FTDES\"},{\"@type\":\"BreadcrumbList\",\"@id\":\"https:\\\/\\\/www.webdo.tn\\\/fr\\\/actualite\\\/national-45\\\/naufrages-provoques-en-tunisie-la-garde-nationale-repond-au-ftdes\\\/200934\\\/#breadcrumb\",\"itemListElement\":[{\"@type\":\"ListItem\",\"position\":1,\"name\":\"Accueil\",\"item\":\"https:\\\/\\\/www.webdo.tn\\\/fr\\\/\"},{\"@type\":\"ListItem\",\"position\":2,\"name\":\"Naufrages provoqu\u00e9s en Tunisie : la Garde nationale r\u00e9pond au FTDES\"}]},{\"@type\":\"WebSite\",\"@id\":\"https:\\\/\\\/www.webdo.tn\\\/fr\\\/#website\",\"url\":\"https:\\\/\\\/www.webdo.tn\\\/fr\\\/\",\"name\":\"webdo\",\"description\":\"Tunisie - News en Tunisie et \u00e0 l&#039;international sur Webdo.tn\",\"publisher\":{\"@id\":\"https:\\\/\\\/www.webdo.tn\\\/fr\\\/#organization\"},\"potentialAction\":[{\"@type\":\"SearchAction\",\"target\":{\"@type\":\"EntryPoint\",\"urlTemplate\":\"https:\\\/\\\/www.webdo.tn\\\/fr\\\/?s={search_term_string}\"},\"query-input\":{\"@type\":\"PropertyValueSpecification\",\"valueRequired\":true,\"valueName\":\"search_term_string\"}}],\"inLanguage\":\"fr-FR\"},{\"@type\":\"Organization\",\"@id\":\"https:\\\/\\\/www.webdo.tn\\\/fr\\\/#organization\",\"name\":\"Webdo\",\"alternateName\":\"Webdo.tn\",\"url\":\"https:\\\/\\\/www.webdo.tn\\\/fr\\\/\",\"logo\":{\"@type\":\"ImageObject\",\"inLanguage\":\"fr-FR\",\"@id\":\"https:\\\/\\\/www.webdo.tn\\\/fr\\\/#\\\/schema\\\/logo\\\/image\\\/\",\"url\":\"https:\\\/\\\/www.webdo.tn\\\/fr\\\/wp-content\\\/uploads\\\/2025\\\/06\\\/Webdo-Tunisie_168377.jpg\",\"contentUrl\":\"https:\\\/\\\/www.webdo.tn\\\/fr\\\/wp-content\\\/uploads\\\/2025\\\/06\\\/Webdo-Tunisie_168377.jpg\",\"width\":301,\"height\":301,\"caption\":\"Webdo\"},\"image\":{\"@id\":\"https:\\\/\\\/www.webdo.tn\\\/fr\\\/#\\\/schema\\\/logo\\\/image\\\/\"},\"sameAs\":[\"https:\\\/\\\/www.facebook.com\\\/webdotn\",\"https:\\\/\\\/x.com\\\/webdo_tn\"],\"description\":\"Webdo est un m\u00e9dia num\u00e9rique tunisien fond\u00e9 en 2010, sp\u00e9cialis\u00e9 dans l\u2019actualit\u00e9 nationale et internationale, l\u2019\u00e9conomie, la soci\u00e9t\u00e9 et les analyses politiques. Le site s\u2019adresse \u00e0 un large public francophone et couvre l\u2019information tunisienne en temps r\u00e9el.\",\"email\":\"redac@webdo.tn\",\"legalName\":\"YNJ SARL\",\"foundingDate\":\"2010-09-06\",\"numberOfEmployees\":{\"@type\":\"QuantitativeValue\",\"minValue\":\"11\",\"maxValue\":\"50\"}},{\"@type\":\"Person\",\"@id\":\"https:\\\/\\\/www.webdo.tn\\\/fr\\\/#\\\/schema\\\/person\\\/2c4929cbf5a809e3bd38617c6ce150f6\",\"name\":\"MC\",\"image\":{\"@type\":\"ImageObject\",\"inLanguage\":\"fr-FR\",\"@id\":\"https:\\\/\\\/secure.gravatar.com\\\/avatar\\\/a545bbb6f84efdd5553dbbc2895e3ca8f1d12c5215e00a041c9670b54aa9b18a?s=96&d=mm&r=g\",\"url\":\"https:\\\/\\\/secure.gravatar.com\\\/avatar\\\/a545bbb6f84efdd5553dbbc2895e3ca8f1d12c5215e00a041c9670b54aa9b18a?s=96&d=mm&r=g\",\"contentUrl\":\"https:\\\/\\\/secure.gravatar.com\\\/avatar\\\/a545bbb6f84efdd5553dbbc2895e3ca8f1d12c5215e00a041c9670b54aa9b18a?s=96&d=mm&r=g\",\"caption\":\"MC\"},\"url\":\"https:\\\/\\\/www.webdo.tn\\\/fr\\\/actualite\\\/author\\\/mc\\\/\"}]}<\/script>\n<!-- \/ Yoast SEO Premium plugin. -->","yoast_head_json":{"title":"Naufrages provoqu\u00e9s en Tunisie : la Garde nationale r\u00e9pond au FTDES","description":"La Garde nationale a r\u00e9agi aux accusations du Forum tunisien pour les droits \u00e9conomiques et sociaux (FTDES), qui soup\u00e7onne des naufrages provoqu\u00e9s en Tunisie et...","canonical":"https:\/\/www.webdo.tn\/fr\/actualite\/national-45\/naufrages-provoques-en-tunisie-la-garde-nationale-repond-au-ftdes\/200934\/","og_locale":"fr_FR","og_type":"article","og_title":"Naufrages provoqu\u00e9s en Tunisie : la Garde nationale r\u00e9pond au FTDES","og_description":"La Garde nationale a r\u00e9agi aux accusations du Forum tunisien pour les droits \u00e9conomiques et sociaux (FTDES), qui soup\u00e7onne des naufrages provoqu\u00e9s en Tunisie et...","og_url":"https:\/\/www.webdo.tn\/fr\/actualite\/national-45\/naufrages-provoques-en-tunisie-la-garde-nationale-repond-au-ftdes\/200934\/","og_site_name":"webdo","article_publisher":"https:\/\/www.facebook.com\/webdotn","article_published_time":"2022-12-20T19:26:00+00:00","article_modified_time":"2025-05-22T11:40:23+00:00","og_image":[{"width":750,"height":400,"url":"https:\/\/www.webdo.tn\/fr\/wp-content\/uploads\/2022\/12\/28d03a8f575d4e3d0d7a7bf2396441f3.jpg","type":"image\/jpeg"}],"author":"MC","twitter_card":"summary_large_image","twitter_creator":"@webdo_tn","twitter_site":"@webdo_tn","twitter_misc":{"\u00c9crit par":"MC","Dur\u00e9e de lecture estim\u00e9e":"2 minutes"},"schema":{"@context":"https:\/\/schema.org","@graph":[{"@type":"NewsArticle","@id":"https:\/\/www.webdo.tn\/fr\/actualite\/national-45\/naufrages-provoques-en-tunisie-la-garde-nationale-repond-au-ftdes\/200934\/#article","isPartOf":{"@id":"https:\/\/www.webdo.tn\/fr\/actualite\/national-45\/naufrages-provoques-en-tunisie-la-garde-nationale-repond-au-ftdes\/200934\/"},"author":{"name":"MC","@id":"https:\/\/www.webdo.tn\/fr\/#\/schema\/person\/2c4929cbf5a809e3bd38617c6ce150f6"},"headline":"Naufrages provoqu\u00e9s en Tunisie : la Garde nationale r\u00e9pond au FTDES","datePublished":"2022-12-20T19:26:00+00:00","dateModified":"2025-05-22T11:40:23+00:00","mainEntityOfPage":{"@id":"https:\/\/www.webdo.tn\/fr\/actualite\/national-45\/naufrages-provoques-en-tunisie-la-garde-nationale-repond-au-ftdes\/200934\/"},"wordCount":422,"commentCount":0,"publisher":{"@id":"https:\/\/www.webdo.tn\/fr\/#organization"},"image":{"@id":"https:\/\/www.webdo.tn\/fr\/actualite\/national-45\/naufrages-provoques-en-tunisie-la-garde-nationale-repond-au-ftdes\/200934\/#primaryimage"},"thumbnailUrl":"https:\/\/www.webdo.tn\/fr\/wp-content\/uploads\/2022\/12\/28d03a8f575d4e3d0d7a7bf2396441f3.jpg","keywords":["accusations","ftdes","Garde nationale","migrants","naufrage"],"articleSection":["National"],"inLanguage":"fr-FR"},{"@type":"WebPage","@id":"https:\/\/www.webdo.tn\/fr\/actualite\/national-45\/naufrages-provoques-en-tunisie-la-garde-nationale-repond-au-ftdes\/200934\/","url":"https:\/\/www.webdo.tn\/fr\/actualite\/national-45\/naufrages-provoques-en-tunisie-la-garde-nationale-repond-au-ftdes\/200934\/","name":"Naufrages provoqu\u00e9s en Tunisie : la Garde nationale r\u00e9pond au FTDES","isPartOf":{"@id":"https:\/\/www.webdo.tn\/fr\/#website"},"primaryImageOfPage":{"@id":"https:\/\/www.webdo.tn\/fr\/actualite\/national-45\/naufrages-provoques-en-tunisie-la-garde-nationale-repond-au-ftdes\/200934\/#primaryimage"},"image":{"@id":"https:\/\/www.webdo.tn\/fr\/actualite\/national-45\/naufrages-provoques-en-tunisie-la-garde-nationale-repond-au-ftdes\/200934\/#primaryimage"},"thumbnailUrl":"https:\/\/www.webdo.tn\/fr\/wp-content\/uploads\/2022\/12\/28d03a8f575d4e3d0d7a7bf2396441f3.jpg","datePublished":"2022-12-20T19:26:00+00:00","dateModified":"2025-05-22T11:40:23+00:00","description":"La Garde nationale a r\u00e9agi aux accusations du Forum tunisien pour les droits \u00e9conomiques et sociaux (FTDES), qui soup\u00e7onne des naufrages provoqu\u00e9s en Tunisie et...","breadcrumb":{"@id":"https:\/\/www.webdo.tn\/fr\/actualite\/national-45\/naufrages-provoques-en-tunisie-la-garde-nationale-repond-au-ftdes\/200934\/#breadcrumb"},"inLanguage":"fr-FR","potentialAction":[{"@type":"ReadAction","target":["https:\/\/www.webdo.tn\/fr\/actualite\/national-45\/naufrages-provoques-en-tunisie-la-garde-nationale-repond-au-ftdes\/200934\/"]}]},{"@type":"ImageObject","inLanguage":"fr-FR","@id":"https:\/\/www.webdo.tn\/fr\/actualite\/national-45\/naufrages-provoques-en-tunisie-la-garde-nationale-repond-au-ftdes\/200934\/#primaryimage","url":"https:\/\/www.webdo.tn\/fr\/wp-content\/uploads\/2022\/12\/28d03a8f575d4e3d0d7a7bf2396441f3.jpg","contentUrl":"https:\/\/www.webdo.tn\/fr\/wp-content\/uploads\/2022\/12\/28d03a8f575d4e3d0d7a7bf2396441f3.jpg","width":750,"height":400,"caption":"Naufrages provoqu\u00e9s en Tunisie : la Garde nationale r\u00e9pond au FTDES"},{"@type":"BreadcrumbList","@id":"https:\/\/www.webdo.tn\/fr\/actualite\/national-45\/naufrages-provoques-en-tunisie-la-garde-nationale-repond-au-ftdes\/200934\/#breadcrumb","itemListElement":[{"@type":"ListItem","position":1,"name":"Accueil","item":"https:\/\/www.webdo.tn\/fr\/"},{"@type":"ListItem","position":2,"name":"Naufrages provoqu\u00e9s en Tunisie : la Garde nationale r\u00e9pond au FTDES"}]},{"@type":"WebSite","@id":"https:\/\/www.webdo.tn\/fr\/#website","url":"https:\/\/www.webdo.tn\/fr\/","name":"webdo","description":"Tunisie - News en Tunisie et \u00e0 l&#039;international sur Webdo.tn","publisher":{"@id":"https:\/\/www.webdo.tn\/fr\/#organization"},"potentialAction":[{"@type":"SearchAction","target":{"@type":"EntryPoint","urlTemplate":"https:\/\/www.webdo.tn\/fr\/?s={search_term_string}"},"query-input":{"@type":"PropertyValueSpecification","valueRequired":true,"valueName":"search_term_string"}}],"inLanguage":"fr-FR"},{"@type":"Organization","@id":"https:\/\/www.webdo.tn\/fr\/#organization","name":"Webdo","alternateName":"Webdo.tn","url":"https:\/\/www.webdo.tn\/fr\/","logo":{"@type":"ImageObject","inLanguage":"fr-FR","@id":"https:\/\/www.webdo.tn\/fr\/#\/schema\/logo\/image\/","url":"https:\/\/www.webdo.tn\/fr\/wp-content\/uploads\/2025\/06\/Webdo-Tunisie_168377.jpg","contentUrl":"https:\/\/www.webdo.tn\/fr\/wp-content\/uploads\/2025\/06\/Webdo-Tunisie_168377.jpg","width":301,"height":301,"caption":"Webdo"},"image":{"@id":"https:\/\/www.webdo.tn\/fr\/#\/schema\/logo\/image\/"},"sameAs":["https:\/\/www.facebook.com\/webdotn","https:\/\/x.com\/webdo_tn"],"description":"Webdo est un m\u00e9dia num\u00e9rique tunisien fond\u00e9 en 2010, sp\u00e9cialis\u00e9 dans l\u2019actualit\u00e9 nationale et internationale, l\u2019\u00e9conomie, la soci\u00e9t\u00e9 et les analyses politiques. Le site s\u2019adresse \u00e0 un large public francophone et couvre l\u2019information tunisienne en temps r\u00e9el.","email":"redac@webdo.tn","legalName":"YNJ SARL","foundingDate":"2010-09-06","numberOfEmployees":{"@type":"QuantitativeValue","minValue":"11","maxValue":"50"}},{"@type":"Person","@id":"https:\/\/www.webdo.tn\/fr\/#\/schema\/person\/2c4929cbf5a809e3bd38617c6ce150f6","name":"MC","image":{"@type":"ImageObject","inLanguage":"fr-FR","@id":"https:\/\/secure.gravatar.com\/avatar\/a545bbb6f84efdd5553dbbc2895e3ca8f1d12c5215e00a041c9670b54aa9b18a?s=96&d=mm&r=g","url":"https:\/\/secure.gravatar.com\/avatar\/a545bbb6f84efdd5553dbbc2895e3ca8f1d12c5215e00a041c9670b54aa9b18a?s=96&d=mm&r=g","contentUrl":"https:\/\/secure.gravatar.com\/avatar\/a545bbb6f84efdd5553dbbc2895e3ca8f1d12c5215e00a041c9670b54aa9b18a?s=96&d=mm&r=g","caption":"MC"},"url":"https:\/\/www.webdo.tn\/fr\/actualite\/author\/mc\/"}]}},"_links":{"self":[{"href":"https:\/\/www.webdo.tn\/fr\/wp-json\/wp\/v2\/posts\/200934","targetHints":{"allow":["GET"]}}],"collection":[{"href":"https:\/\/www.webdo.tn\/fr\/wp-json\/wp\/v2\/posts"}],"about":[{"href":"https:\/\/www.webdo.tn\/fr\/wp-json\/wp\/v2\/types\/post"}],"author":[{"embeddable":true,"href":"https:\/\/www.webdo.tn\/fr\/wp-json\/wp\/v2\/users\/3162"}],"replies":[{"embeddable":true,"href":"https:\/\/www.webdo.tn\/fr\/wp-json\/wp\/v2\/comments?post=200934"}],"version-history":[{"count":0,"href":"https:\/\/www.webdo.tn\/fr\/wp-json\/wp\/v2\/posts\/200934\/revisions"}],"wp:featuredmedia":[{"embeddable":true,"href":"https:\/\/www.webdo.tn\/fr\/wp-json\/wp\/v2\/media\/348399"}],"wp:attachment":[{"href":"https:\/\/www.webdo.tn\/fr\/wp-json\/wp\/v2\/media?parent=200934"}],"wp:term":[{"taxonomy":"category","embeddable":true,"href":"https:\/\/www.webdo.tn\/fr\/wp-json\/wp\/v2\/categories?post=200934"},{"taxonomy":"post_tag","embeddable":true,"href":"https:\/\/www.webdo.tn\/fr\/wp-json\/wp\/v2\/tags?post=200934"}],"curies":[{"name":"wp","href":"https:\/\/api.w.org\/{rel}","templated":true}]}}