{"id":200895,"date":"2022-12-20T09:10:00","date_gmt":"2022-12-20T09:10:00","guid":{"rendered":"https:\/\/www.webdo.tn\/fr\/actualite\/blog\/mandat-de-depot-contre-ali-laarayedh\/200895\/"},"modified":"2025-05-22T11:40:45","modified_gmt":"2025-05-22T11:40:45","slug":"mandat-de-depot-contre-ali-laarayedh","status":"publish","type":"post","link":"https:\/\/www.webdo.tn\/fr\/actualite\/national\/mandat-de-depot-contre-ali-laarayedh\/200895\/","title":{"rendered":"Mandat de d\u00e9p\u00f4t contre Ali La\u00e2rayedh"},"content":{"rendered":"<p>Le juge d\u2019instruction du bureau 12 du p\u00f4le judiciaire antiterroriste a \u00e9mis un mandat de d\u00e9p\u00f4t \u00e0 l\u2019encontre de l\u2019ancien chef du gouvernement et vice-pr\u00e9sident d\u2019Ennahdha, Ali La\u00e2rayedh.<\/p>\n<p> L\u2019avocate In\u00e8s Harrath, a en effet annonc\u00e9, dans la nuit de lundi 19 \u00e0 mardi 20 d\u00e9cembre 2022, qu\u2019Ali La\u00e2rayedh avait \u00e9t\u00e9 interrog\u00e9, en \u00e9tat de libert\u00e9, durant plusieurs heures, dans l\u2019affaire des r\u00e9seaux d\u2019embrigadement.<\/p>\n<p>Le parti Ennahdha a aussit\u00f4t r\u00e9agi \u00e0 cette mise en d\u00e9tention, qualifiant cette d\u00e9cision de \u00ab\u00a0tentative d\u00e9sesp\u00e9r\u00e9e du pouvoir\u00a0\u00bb apr\u00e8s \u00ab\u00a0l\u2019\u00e9chec des \u00e9lections l\u00e9gislatives boycott\u00e9es par 90% des \u00e9lecteurs\u00a0\u00bb.<\/p>\n<p>Ali La\u00e2rayedh avait d\u00e9j\u00e0 \u00e9t\u00e9 auditionn\u00e9 dans le cadre de cette affaire d&rsquo;envoi de jeunes tunisiens dans les zones de tension. Il avait \u00e9t\u00e9 plac\u00e9 en garde \u00e0 vue le 19 septembre 2022, par le juge d&rsquo;instruction pr\u00e8s le p\u00f4le judiciaire antiterroriste avant d&rsquo;\u00eatre lib\u00e9r\u00e9 le 22 septembre. Son audience avait \u00e9t\u00e9 report\u00e9e au 19 d\u00e9cembre.<\/p>\n<p>Notons que dans la m\u00eame affaire, le pr\u00e9sident d\u2019Ennahdha Rached Ghannouchi avait \u00e9t\u00e9 maintenu en \u00e9tat de libert\u00e9 en marge de son audition, le 21 septembre dernier.<\/p>\n<p>Rappelons que l&rsquo;enqu\u00eate en cours\u00a0 concerne 820 suspects alors que 39 accus\u00e9s ont \u00e9t\u00e9 maintenus en \u00e9tat de libert\u00e9 dont Rached Ghannouchi.<\/p>\n","protected":false},"excerpt":{"rendered":"<p>Le juge d\u2019instruction du bureau 12 du p\u00f4le judiciaire antiterroriste a \u00e9mis un mandat de d\u00e9p\u00f4t \u00e0 l\u2019encontre de l\u2019ancien chef du gouvernement et vice-pr\u00e9sident d&#8230;<\/p>\n","protected":false},"author":3162,"featured_media":348417,"comment_status":"open","ping_status":"closed","sticky":false,"template":"","format":"standard","meta":{"footnotes":""},"categories":[44],"tags":[3694,3057,2886],"class_list":["post-200895","post","type-post","status-publish","format-standard","has-post-thumbnail","hentry","category-national","tag-ali-laarayedh","tag-ennahdha","tag-mandat-de-depot"],"yoast_head":"<!-- This site is optimized with the Yoast SEO Premium plugin v27.5 (Yoast SEO v27.5) - https:\/\/yoast.com\/product\/yoast-seo-premium-wordpress\/ -->\n<title>Mandat de d\u00e9p\u00f4t contre Ali La\u00e2rayedh<\/title>\n<meta name=\"description\" content=\"Le juge d\u2019instruction du bureau 12 du p\u00f4le judiciaire antiterroriste a \u00e9mis un mandat de d\u00e9p\u00f4t \u00e0 l\u2019encontre de l\u2019ancien chef du gouvernement et vice-pr\u00e9sident d...\" \/>\n<link rel=\"canonical\" href=\"https:\/\/www.webdo.tn\/fr\/actualite\/national-45\/mandat-de-depot-contre-ali-laarayedh\/200895\/\" \/>\n<meta property=\"og:locale\" content=\"fr_FR\" \/>\n<meta property=\"og:type\" content=\"article\" \/>\n<meta property=\"og:title\" content=\"Mandat de d\u00e9p\u00f4t contre Ali La\u00e2rayedh\" \/>\n<meta property=\"og:description\" content=\"Le juge d\u2019instruction du bureau 12 du p\u00f4le judiciaire antiterroriste a \u00e9mis un mandat de d\u00e9p\u00f4t \u00e0 l\u2019encontre de l\u2019ancien chef du gouvernement et vice-pr\u00e9sident d...\" \/>\n<meta property=\"og:url\" content=\"https:\/\/www.webdo.tn\/fr\/actualite\/national-45\/mandat-de-depot-contre-ali-laarayedh\/200895\/\" \/>\n<meta property=\"og:site_name\" content=\"webdo\" \/>\n<meta property=\"article:publisher\" content=\"https:\/\/www.facebook.com\/webdotn\" \/>\n<meta property=\"article:published_time\" content=\"2022-12-20T09:10:00+00:00\" \/>\n<meta property=\"article:modified_time\" content=\"2025-05-22T11:40:45+00:00\" \/>\n<meta property=\"og:image\" content=\"https:\/\/www.webdo.tn\/fr\/wp-content\/uploads\/2022\/12\/d5ddb3df716e30a756c5016394a3774a.jpg\" \/>\n\t<meta property=\"og:image:width\" content=\"750\" \/>\n\t<meta property=\"og:image:height\" content=\"400\" \/>\n\t<meta property=\"og:image:type\" content=\"image\/jpeg\" \/>\n<meta name=\"author\" content=\"MC\" \/>\n<meta name=\"twitter:card\" content=\"summary_large_image\" \/>\n<meta name=\"twitter:creator\" content=\"@webdo_tn\" \/>\n<meta name=\"twitter:site\" content=\"@webdo_tn\" \/>\n<meta name=\"twitter:label1\" content=\"\u00c9crit par\" \/>\n\t<meta name=\"twitter:data1\" content=\"MC\" \/>\n\t<meta name=\"twitter:label2\" content=\"Dur\u00e9e de lecture estim\u00e9e\" \/>\n\t<meta name=\"twitter:data2\" content=\"1 minute\" \/>\n<script type=\"application\/ld+json\" class=\"yoast-schema-graph\">{\"@context\":\"https:\\\/\\\/schema.org\",\"@graph\":[{\"@type\":\"NewsArticle\",\"@id\":\"https:\\\/\\\/www.webdo.tn\\\/fr\\\/actualite\\\/national-45\\\/mandat-de-depot-contre-ali-laarayedh\\\/200895\\\/#article\",\"isPartOf\":{\"@id\":\"https:\\\/\\\/www.webdo.tn\\\/fr\\\/actualite\\\/national-45\\\/mandat-de-depot-contre-ali-laarayedh\\\/200895\\\/\"},\"author\":{\"name\":\"MC\",\"@id\":\"https:\\\/\\\/www.webdo.tn\\\/fr\\\/#\\\/schema\\\/person\\\/2c4929cbf5a809e3bd38617c6ce150f6\"},\"headline\":\"Mandat de d\u00e9p\u00f4t contre Ali La\u00e2rayedh\",\"datePublished\":\"2022-12-20T09:10:00+00:00\",\"dateModified\":\"2025-05-22T11:40:45+00:00\",\"mainEntityOfPage\":{\"@id\":\"https:\\\/\\\/www.webdo.tn\\\/fr\\\/actualite\\\/national-45\\\/mandat-de-depot-contre-ali-laarayedh\\\/200895\\\/\"},\"wordCount\":234,\"commentCount\":0,\"publisher\":{\"@id\":\"https:\\\/\\\/www.webdo.tn\\\/fr\\\/#organization\"},\"image\":{\"@id\":\"https:\\\/\\\/www.webdo.tn\\\/fr\\\/actualite\\\/national-45\\\/mandat-de-depot-contre-ali-laarayedh\\\/200895\\\/#primaryimage\"},\"thumbnailUrl\":\"https:\\\/\\\/www.webdo.tn\\\/fr\\\/wp-content\\\/uploads\\\/2022\\\/12\\\/d5ddb3df716e30a756c5016394a3774a.jpg\",\"keywords\":[\"Ali La\u00e2rayedh\",\"Ennahdha\",\"mandat de d\u00e9p\u00f4t\"],\"articleSection\":[\"National\"],\"inLanguage\":\"fr-FR\"},{\"@type\":\"WebPage\",\"@id\":\"https:\\\/\\\/www.webdo.tn\\\/fr\\\/actualite\\\/national-45\\\/mandat-de-depot-contre-ali-laarayedh\\\/200895\\\/\",\"url\":\"https:\\\/\\\/www.webdo.tn\\\/fr\\\/actualite\\\/national-45\\\/mandat-de-depot-contre-ali-laarayedh\\\/200895\\\/\",\"name\":\"Mandat de d\u00e9p\u00f4t contre Ali La\u00e2rayedh\",\"isPartOf\":{\"@id\":\"https:\\\/\\\/www.webdo.tn\\\/fr\\\/#website\"},\"primaryImageOfPage\":{\"@id\":\"https:\\\/\\\/www.webdo.tn\\\/fr\\\/actualite\\\/national-45\\\/mandat-de-depot-contre-ali-laarayedh\\\/200895\\\/#primaryimage\"},\"image\":{\"@id\":\"https:\\\/\\\/www.webdo.tn\\\/fr\\\/actualite\\\/national-45\\\/mandat-de-depot-contre-ali-laarayedh\\\/200895\\\/#primaryimage\"},\"thumbnailUrl\":\"https:\\\/\\\/www.webdo.tn\\\/fr\\\/wp-content\\\/uploads\\\/2022\\\/12\\\/d5ddb3df716e30a756c5016394a3774a.jpg\",\"datePublished\":\"2022-12-20T09:10:00+00:00\",\"dateModified\":\"2025-05-22T11:40:45+00:00\",\"description\":\"Le juge d\u2019instruction du bureau 12 du p\u00f4le judiciaire antiterroriste a \u00e9mis un mandat de d\u00e9p\u00f4t \u00e0 l\u2019encontre de l\u2019ancien chef du gouvernement et vice-pr\u00e9sident d...\",\"breadcrumb\":{\"@id\":\"https:\\\/\\\/www.webdo.tn\\\/fr\\\/actualite\\\/national-45\\\/mandat-de-depot-contre-ali-laarayedh\\\/200895\\\/#breadcrumb\"},\"inLanguage\":\"fr-FR\",\"potentialAction\":[{\"@type\":\"ReadAction\",\"target\":[\"https:\\\/\\\/www.webdo.tn\\\/fr\\\/actualite\\\/national-45\\\/mandat-de-depot-contre-ali-laarayedh\\\/200895\\\/\"]}]},{\"@type\":\"ImageObject\",\"inLanguage\":\"fr-FR\",\"@id\":\"https:\\\/\\\/www.webdo.tn\\\/fr\\\/actualite\\\/national-45\\\/mandat-de-depot-contre-ali-laarayedh\\\/200895\\\/#primaryimage\",\"url\":\"https:\\\/\\\/www.webdo.tn\\\/fr\\\/wp-content\\\/uploads\\\/2022\\\/12\\\/d5ddb3df716e30a756c5016394a3774a.jpg\",\"contentUrl\":\"https:\\\/\\\/www.webdo.tn\\\/fr\\\/wp-content\\\/uploads\\\/2022\\\/12\\\/d5ddb3df716e30a756c5016394a3774a.jpg\",\"width\":750,\"height\":400,\"caption\":\"Mandat de d\u00e9p\u00f4t contre Ali La\u00e2rayedh\"},{\"@type\":\"BreadcrumbList\",\"@id\":\"https:\\\/\\\/www.webdo.tn\\\/fr\\\/actualite\\\/national-45\\\/mandat-de-depot-contre-ali-laarayedh\\\/200895\\\/#breadcrumb\",\"itemListElement\":[{\"@type\":\"ListItem\",\"position\":1,\"name\":\"Accueil\",\"item\":\"https:\\\/\\\/www.webdo.tn\\\/fr\\\/\"},{\"@type\":\"ListItem\",\"position\":2,\"name\":\"Mandat de d\u00e9p\u00f4t contre Ali La\u00e2rayedh\"}]},{\"@type\":\"WebSite\",\"@id\":\"https:\\\/\\\/www.webdo.tn\\\/fr\\\/#website\",\"url\":\"https:\\\/\\\/www.webdo.tn\\\/fr\\\/\",\"name\":\"webdo\",\"description\":\"Tunisie - News en Tunisie et \u00e0 l&#039;international sur Webdo.tn\",\"publisher\":{\"@id\":\"https:\\\/\\\/www.webdo.tn\\\/fr\\\/#organization\"},\"potentialAction\":[{\"@type\":\"SearchAction\",\"target\":{\"@type\":\"EntryPoint\",\"urlTemplate\":\"https:\\\/\\\/www.webdo.tn\\\/fr\\\/?s={search_term_string}\"},\"query-input\":{\"@type\":\"PropertyValueSpecification\",\"valueRequired\":true,\"valueName\":\"search_term_string\"}}],\"inLanguage\":\"fr-FR\"},{\"@type\":\"Organization\",\"@id\":\"https:\\\/\\\/www.webdo.tn\\\/fr\\\/#organization\",\"name\":\"Webdo\",\"alternateName\":\"Webdo.tn\",\"url\":\"https:\\\/\\\/www.webdo.tn\\\/fr\\\/\",\"logo\":{\"@type\":\"ImageObject\",\"inLanguage\":\"fr-FR\",\"@id\":\"https:\\\/\\\/www.webdo.tn\\\/fr\\\/#\\\/schema\\\/logo\\\/image\\\/\",\"url\":\"https:\\\/\\\/www.webdo.tn\\\/fr\\\/wp-content\\\/uploads\\\/2025\\\/06\\\/Webdo-Tunisie_168377.jpg\",\"contentUrl\":\"https:\\\/\\\/www.webdo.tn\\\/fr\\\/wp-content\\\/uploads\\\/2025\\\/06\\\/Webdo-Tunisie_168377.jpg\",\"width\":301,\"height\":301,\"caption\":\"Webdo\"},\"image\":{\"@id\":\"https:\\\/\\\/www.webdo.tn\\\/fr\\\/#\\\/schema\\\/logo\\\/image\\\/\"},\"sameAs\":[\"https:\\\/\\\/www.facebook.com\\\/webdotn\",\"https:\\\/\\\/x.com\\\/webdo_tn\"],\"description\":\"Webdo est un m\u00e9dia num\u00e9rique tunisien fond\u00e9 en 2010, sp\u00e9cialis\u00e9 dans l\u2019actualit\u00e9 nationale et internationale, l\u2019\u00e9conomie, la soci\u00e9t\u00e9 et les analyses politiques. Le site s\u2019adresse \u00e0 un large public francophone et couvre l\u2019information tunisienne en temps r\u00e9el.\",\"email\":\"redac@webdo.tn\",\"legalName\":\"YNJ SARL\",\"foundingDate\":\"2010-09-06\",\"numberOfEmployees\":{\"@type\":\"QuantitativeValue\",\"minValue\":\"11\",\"maxValue\":\"50\"}},{\"@type\":\"Person\",\"@id\":\"https:\\\/\\\/www.webdo.tn\\\/fr\\\/#\\\/schema\\\/person\\\/2c4929cbf5a809e3bd38617c6ce150f6\",\"name\":\"MC\",\"image\":{\"@type\":\"ImageObject\",\"inLanguage\":\"fr-FR\",\"@id\":\"https:\\\/\\\/secure.gravatar.com\\\/avatar\\\/a545bbb6f84efdd5553dbbc2895e3ca8f1d12c5215e00a041c9670b54aa9b18a?s=96&d=mm&r=g\",\"url\":\"https:\\\/\\\/secure.gravatar.com\\\/avatar\\\/a545bbb6f84efdd5553dbbc2895e3ca8f1d12c5215e00a041c9670b54aa9b18a?s=96&d=mm&r=g\",\"contentUrl\":\"https:\\\/\\\/secure.gravatar.com\\\/avatar\\\/a545bbb6f84efdd5553dbbc2895e3ca8f1d12c5215e00a041c9670b54aa9b18a?s=96&d=mm&r=g\",\"caption\":\"MC\"},\"url\":\"https:\\\/\\\/www.webdo.tn\\\/fr\\\/actualite\\\/author\\\/mc\\\/\"}]}<\/script>\n<!-- \/ Yoast SEO Premium plugin. -->","yoast_head_json":{"title":"Mandat de d\u00e9p\u00f4t contre Ali La\u00e2rayedh","description":"Le juge d\u2019instruction du bureau 12 du p\u00f4le judiciaire antiterroriste a \u00e9mis un mandat de d\u00e9p\u00f4t \u00e0 l\u2019encontre de l\u2019ancien chef du gouvernement et vice-pr\u00e9sident d...","canonical":"https:\/\/www.webdo.tn\/fr\/actualite\/national-45\/mandat-de-depot-contre-ali-laarayedh\/200895\/","og_locale":"fr_FR","og_type":"article","og_title":"Mandat de d\u00e9p\u00f4t contre Ali La\u00e2rayedh","og_description":"Le juge d\u2019instruction du bureau 12 du p\u00f4le judiciaire antiterroriste a \u00e9mis un mandat de d\u00e9p\u00f4t \u00e0 l\u2019encontre de l\u2019ancien chef du gouvernement et vice-pr\u00e9sident d...","og_url":"https:\/\/www.webdo.tn\/fr\/actualite\/national-45\/mandat-de-depot-contre-ali-laarayedh\/200895\/","og_site_name":"webdo","article_publisher":"https:\/\/www.facebook.com\/webdotn","article_published_time":"2022-12-20T09:10:00+00:00","article_modified_time":"2025-05-22T11:40:45+00:00","og_image":[{"width":750,"height":400,"url":"https:\/\/www.webdo.tn\/fr\/wp-content\/uploads\/2022\/12\/d5ddb3df716e30a756c5016394a3774a.jpg","type":"image\/jpeg"}],"author":"MC","twitter_card":"summary_large_image","twitter_creator":"@webdo_tn","twitter_site":"@webdo_tn","twitter_misc":{"\u00c9crit par":"MC","Dur\u00e9e de lecture estim\u00e9e":"1 minute"},"schema":{"@context":"https:\/\/schema.org","@graph":[{"@type":"NewsArticle","@id":"https:\/\/www.webdo.tn\/fr\/actualite\/national-45\/mandat-de-depot-contre-ali-laarayedh\/200895\/#article","isPartOf":{"@id":"https:\/\/www.webdo.tn\/fr\/actualite\/national-45\/mandat-de-depot-contre-ali-laarayedh\/200895\/"},"author":{"name":"MC","@id":"https:\/\/www.webdo.tn\/fr\/#\/schema\/person\/2c4929cbf5a809e3bd38617c6ce150f6"},"headline":"Mandat de d\u00e9p\u00f4t contre Ali La\u00e2rayedh","datePublished":"2022-12-20T09:10:00+00:00","dateModified":"2025-05-22T11:40:45+00:00","mainEntityOfPage":{"@id":"https:\/\/www.webdo.tn\/fr\/actualite\/national-45\/mandat-de-depot-contre-ali-laarayedh\/200895\/"},"wordCount":234,"commentCount":0,"publisher":{"@id":"https:\/\/www.webdo.tn\/fr\/#organization"},"image":{"@id":"https:\/\/www.webdo.tn\/fr\/actualite\/national-45\/mandat-de-depot-contre-ali-laarayedh\/200895\/#primaryimage"},"thumbnailUrl":"https:\/\/www.webdo.tn\/fr\/wp-content\/uploads\/2022\/12\/d5ddb3df716e30a756c5016394a3774a.jpg","keywords":["Ali La\u00e2rayedh","Ennahdha","mandat de d\u00e9p\u00f4t"],"articleSection":["National"],"inLanguage":"fr-FR"},{"@type":"WebPage","@id":"https:\/\/www.webdo.tn\/fr\/actualite\/national-45\/mandat-de-depot-contre-ali-laarayedh\/200895\/","url":"https:\/\/www.webdo.tn\/fr\/actualite\/national-45\/mandat-de-depot-contre-ali-laarayedh\/200895\/","name":"Mandat de d\u00e9p\u00f4t contre Ali La\u00e2rayedh","isPartOf":{"@id":"https:\/\/www.webdo.tn\/fr\/#website"},"primaryImageOfPage":{"@id":"https:\/\/www.webdo.tn\/fr\/actualite\/national-45\/mandat-de-depot-contre-ali-laarayedh\/200895\/#primaryimage"},"image":{"@id":"https:\/\/www.webdo.tn\/fr\/actualite\/national-45\/mandat-de-depot-contre-ali-laarayedh\/200895\/#primaryimage"},"thumbnailUrl":"https:\/\/www.webdo.tn\/fr\/wp-content\/uploads\/2022\/12\/d5ddb3df716e30a756c5016394a3774a.jpg","datePublished":"2022-12-20T09:10:00+00:00","dateModified":"2025-05-22T11:40:45+00:00","description":"Le juge d\u2019instruction du bureau 12 du p\u00f4le judiciaire antiterroriste a \u00e9mis un mandat de d\u00e9p\u00f4t \u00e0 l\u2019encontre de l\u2019ancien chef du gouvernement et vice-pr\u00e9sident d...","breadcrumb":{"@id":"https:\/\/www.webdo.tn\/fr\/actualite\/national-45\/mandat-de-depot-contre-ali-laarayedh\/200895\/#breadcrumb"},"inLanguage":"fr-FR","potentialAction":[{"@type":"ReadAction","target":["https:\/\/www.webdo.tn\/fr\/actualite\/national-45\/mandat-de-depot-contre-ali-laarayedh\/200895\/"]}]},{"@type":"ImageObject","inLanguage":"fr-FR","@id":"https:\/\/www.webdo.tn\/fr\/actualite\/national-45\/mandat-de-depot-contre-ali-laarayedh\/200895\/#primaryimage","url":"https:\/\/www.webdo.tn\/fr\/wp-content\/uploads\/2022\/12\/d5ddb3df716e30a756c5016394a3774a.jpg","contentUrl":"https:\/\/www.webdo.tn\/fr\/wp-content\/uploads\/2022\/12\/d5ddb3df716e30a756c5016394a3774a.jpg","width":750,"height":400,"caption":"Mandat de d\u00e9p\u00f4t contre Ali La\u00e2rayedh"},{"@type":"BreadcrumbList","@id":"https:\/\/www.webdo.tn\/fr\/actualite\/national-45\/mandat-de-depot-contre-ali-laarayedh\/200895\/#breadcrumb","itemListElement":[{"@type":"ListItem","position":1,"name":"Accueil","item":"https:\/\/www.webdo.tn\/fr\/"},{"@type":"ListItem","position":2,"name":"Mandat de d\u00e9p\u00f4t contre Ali La\u00e2rayedh"}]},{"@type":"WebSite","@id":"https:\/\/www.webdo.tn\/fr\/#website","url":"https:\/\/www.webdo.tn\/fr\/","name":"webdo","description":"Tunisie - News en Tunisie et \u00e0 l&#039;international sur Webdo.tn","publisher":{"@id":"https:\/\/www.webdo.tn\/fr\/#organization"},"potentialAction":[{"@type":"SearchAction","target":{"@type":"EntryPoint","urlTemplate":"https:\/\/www.webdo.tn\/fr\/?s={search_term_string}"},"query-input":{"@type":"PropertyValueSpecification","valueRequired":true,"valueName":"search_term_string"}}],"inLanguage":"fr-FR"},{"@type":"Organization","@id":"https:\/\/www.webdo.tn\/fr\/#organization","name":"Webdo","alternateName":"Webdo.tn","url":"https:\/\/www.webdo.tn\/fr\/","logo":{"@type":"ImageObject","inLanguage":"fr-FR","@id":"https:\/\/www.webdo.tn\/fr\/#\/schema\/logo\/image\/","url":"https:\/\/www.webdo.tn\/fr\/wp-content\/uploads\/2025\/06\/Webdo-Tunisie_168377.jpg","contentUrl":"https:\/\/www.webdo.tn\/fr\/wp-content\/uploads\/2025\/06\/Webdo-Tunisie_168377.jpg","width":301,"height":301,"caption":"Webdo"},"image":{"@id":"https:\/\/www.webdo.tn\/fr\/#\/schema\/logo\/image\/"},"sameAs":["https:\/\/www.facebook.com\/webdotn","https:\/\/x.com\/webdo_tn"],"description":"Webdo est un m\u00e9dia num\u00e9rique tunisien fond\u00e9 en 2010, sp\u00e9cialis\u00e9 dans l\u2019actualit\u00e9 nationale et internationale, l\u2019\u00e9conomie, la soci\u00e9t\u00e9 et les analyses politiques. Le site s\u2019adresse \u00e0 un large public francophone et couvre l\u2019information tunisienne en temps r\u00e9el.","email":"redac@webdo.tn","legalName":"YNJ SARL","foundingDate":"2010-09-06","numberOfEmployees":{"@type":"QuantitativeValue","minValue":"11","maxValue":"50"}},{"@type":"Person","@id":"https:\/\/www.webdo.tn\/fr\/#\/schema\/person\/2c4929cbf5a809e3bd38617c6ce150f6","name":"MC","image":{"@type":"ImageObject","inLanguage":"fr-FR","@id":"https:\/\/secure.gravatar.com\/avatar\/a545bbb6f84efdd5553dbbc2895e3ca8f1d12c5215e00a041c9670b54aa9b18a?s=96&d=mm&r=g","url":"https:\/\/secure.gravatar.com\/avatar\/a545bbb6f84efdd5553dbbc2895e3ca8f1d12c5215e00a041c9670b54aa9b18a?s=96&d=mm&r=g","contentUrl":"https:\/\/secure.gravatar.com\/avatar\/a545bbb6f84efdd5553dbbc2895e3ca8f1d12c5215e00a041c9670b54aa9b18a?s=96&d=mm&r=g","caption":"MC"},"url":"https:\/\/www.webdo.tn\/fr\/actualite\/author\/mc\/"}]}},"_links":{"self":[{"href":"https:\/\/www.webdo.tn\/fr\/wp-json\/wp\/v2\/posts\/200895","targetHints":{"allow":["GET"]}}],"collection":[{"href":"https:\/\/www.webdo.tn\/fr\/wp-json\/wp\/v2\/posts"}],"about":[{"href":"https:\/\/www.webdo.tn\/fr\/wp-json\/wp\/v2\/types\/post"}],"author":[{"embeddable":true,"href":"https:\/\/www.webdo.tn\/fr\/wp-json\/wp\/v2\/users\/3162"}],"replies":[{"embeddable":true,"href":"https:\/\/www.webdo.tn\/fr\/wp-json\/wp\/v2\/comments?post=200895"}],"version-history":[{"count":0,"href":"https:\/\/www.webdo.tn\/fr\/wp-json\/wp\/v2\/posts\/200895\/revisions"}],"wp:featuredmedia":[{"embeddable":true,"href":"https:\/\/www.webdo.tn\/fr\/wp-json\/wp\/v2\/media\/348417"}],"wp:attachment":[{"href":"https:\/\/www.webdo.tn\/fr\/wp-json\/wp\/v2\/media?parent=200895"}],"wp:term":[{"taxonomy":"category","embeddable":true,"href":"https:\/\/www.webdo.tn\/fr\/wp-json\/wp\/v2\/categories?post=200895"},{"taxonomy":"post_tag","embeddable":true,"href":"https:\/\/www.webdo.tn\/fr\/wp-json\/wp\/v2\/tags?post=200895"}],"curies":[{"name":"wp","href":"https:\/\/api.w.org\/{rel}","templated":true}]}}