{"id":200874,"date":"2022-12-19T19:21:00","date_gmt":"2022-12-19T19:21:00","guid":{"rendered":"https:\/\/www.webdo.tn\/fr\/actualite\/blog\/legislatives-le-taux-de-participation-est-de-11-22-isie\/200874\/"},"modified":"2025-05-22T11:40:35","modified_gmt":"2025-05-22T11:40:35","slug":"legislatives-le-taux-de-participation-est-de-11-22-isie","status":"publish","type":"post","link":"https:\/\/www.webdo.tn\/fr\/actualite\/national\/legislatives-le-taux-de-participation-est-de-11-22-isie\/200874\/","title":{"rendered":"L\u00e9gislatives : Le taux de participation est de 11,22% (ISIE)"},"content":{"rendered":"<p>Le pr\u00e9sident de l\u2019Instance sup\u00e9rieure ind\u00e9pendante pour les \u00e9lections (ISIE), Farouk Bouasker, a tenu une conf\u00e9rence de presse, ce lundi 19 d\u00e9cembre 2022, pour annoncer les r\u00e9sultats pr\u00e9liminaires des derni\u00e8res \u00e9lections l\u00e9gislatives.<\/p>\n<p> Ainsi, on apprend que 1.025.418 \u00e9lecteurs inscrits ont vot\u00e9 lors des l\u00e9gislatives, pour un\u00a0taux de participation\u00a0de 11,22% alors que\u00a045.613 bulletins ont \u00e9t\u00e9 annul\u00e9s et 23.789 \u00e9lecteurs ont vot\u00e9 blanc.<\/p>\n<p>Farouk Bouasker a annonc\u00e9 que le conseil de l\u2019instance a d\u00e9cid\u00e9 l\u2019annulation, totale et partielle, de certains r\u00e9sultats.<\/p>\n<p>En ce sens, le pr\u00e9sident de l&rsquo;ISIE a annonc\u00e9\u00a0l\u2019annulation totale des r\u00e9sultats du candidat Slim Hrega, \u00e0 la circonscription Menzel Bourguiba \u2013 Tinja,\u00a0celle des r\u00e9sultats du candidat Abdelkader Ben Zineb, \u00e0 la circonscription de Slimane, Nabeul 2, et celle\u00a0des r\u00e9sultats du candidat Seifeddine Fehri, \u00e0 la circonscription d\u2019El Omrane sup\u00e9rieur, Tunis 2.<\/p>\n<p>De plus, l&rsquo;ISIE a annonc\u00e9 l\u2019annulation partielle des r\u00e9sultats du candidat Ahmed Sa\u00efdani \u00e0 la circonscription Menzel Mateur &#8211; Utique, celle\u00a0des r\u00e9sultats du candidat Fethi Mechergui, \u00e0 la circonscription Bizerte, et celle des r\u00e9sultats du candidat Rachid Elarabi, \u00e0 la circonscription Makthar, Erouhia, Kesra, Siliana.<\/p>\n","protected":false},"excerpt":{"rendered":"<p>Le pr\u00e9sident de l\u2019Instance sup\u00e9rieure ind\u00e9pendante pour les \u00e9lections (ISIE), Farouk Bouasker, a tenu une conf\u00e9rence de presse, ce lundi 19 d\u00e9cembre 2022, pour&#8230;<\/p>\n","protected":false},"author":3195,"featured_media":348409,"comment_status":"open","ping_status":"closed","sticky":false,"template":"","format":"standard","meta":{"footnotes":""},"categories":[44],"tags":[3923,2967,6190,5504,2608],"class_list":["post-200874","post","type-post","status-publish","format-standard","has-post-thumbnail","hentry","category-national","tag-elections","tag-isie","tag-legislatives","tag-taux-de-participation","tag-tunisie"],"yoast_head":"<!-- This site is optimized with the Yoast SEO Premium plugin v27.5 (Yoast SEO v27.5) - https:\/\/yoast.com\/product\/yoast-seo-premium-wordpress\/ -->\n<title>L\u00e9gislatives : Le taux de participation est de 11,22% (ISIE)<\/title>\n<meta name=\"description\" content=\"Le pr\u00e9sident de l\u2019Instance sup\u00e9rieure ind\u00e9pendante pour les \u00e9lections (ISIE), Farouk Bouasker, a tenu une conf\u00e9rence de presse, ce lundi 19 d\u00e9cembre 2022, pour...\" \/>\n<link rel=\"canonical\" href=\"https:\/\/www.webdo.tn\/fr\/actualite\/national-45\/legislatives-le-taux-de-participation-est-de-11-22-isie\/200874\/\" \/>\n<meta property=\"og:locale\" content=\"fr_FR\" \/>\n<meta property=\"og:type\" content=\"article\" \/>\n<meta property=\"og:title\" content=\"L\u00e9gislatives : Le taux de participation est de 11,22% (ISIE)\" \/>\n<meta property=\"og:description\" content=\"Le pr\u00e9sident de l\u2019Instance sup\u00e9rieure ind\u00e9pendante pour les \u00e9lections (ISIE), Farouk Bouasker, a tenu une conf\u00e9rence de presse, ce lundi 19 d\u00e9cembre 2022, pour...\" \/>\n<meta property=\"og:url\" content=\"https:\/\/www.webdo.tn\/fr\/actualite\/national-45\/legislatives-le-taux-de-participation-est-de-11-22-isie\/200874\/\" \/>\n<meta property=\"og:site_name\" content=\"webdo\" \/>\n<meta property=\"article:publisher\" content=\"https:\/\/www.facebook.com\/webdotn\" \/>\n<meta property=\"article:published_time\" content=\"2022-12-19T19:21:00+00:00\" \/>\n<meta property=\"article:modified_time\" content=\"2025-05-22T11:40:35+00:00\" \/>\n<meta property=\"og:image\" content=\"https:\/\/www.webdo.tn\/fr\/wp-content\/uploads\/2022\/12\/7924bf6bab99ddd8cdcaef85c0ff0c73.jpg\" \/>\n\t<meta property=\"og:image:width\" content=\"750\" \/>\n\t<meta property=\"og:image:height\" content=\"400\" \/>\n\t<meta property=\"og:image:type\" content=\"image\/jpeg\" \/>\n<meta name=\"author\" content=\"NJ\" \/>\n<meta name=\"twitter:card\" content=\"summary_large_image\" \/>\n<meta name=\"twitter:creator\" content=\"@webdo_tn\" \/>\n<meta name=\"twitter:site\" content=\"@webdo_tn\" \/>\n<meta name=\"twitter:label1\" content=\"\u00c9crit par\" \/>\n\t<meta name=\"twitter:data1\" content=\"NJ\" \/>\n\t<meta name=\"twitter:label2\" content=\"Dur\u00e9e de lecture estim\u00e9e\" \/>\n\t<meta name=\"twitter:data2\" content=\"1 minute\" \/>\n<script type=\"application\/ld+json\" class=\"yoast-schema-graph\">{\"@context\":\"https:\\\/\\\/schema.org\",\"@graph\":[{\"@type\":\"NewsArticle\",\"@id\":\"https:\\\/\\\/www.webdo.tn\\\/fr\\\/actualite\\\/national-45\\\/legislatives-le-taux-de-participation-est-de-11-22-isie\\\/200874\\\/#article\",\"isPartOf\":{\"@id\":\"https:\\\/\\\/www.webdo.tn\\\/fr\\\/actualite\\\/national-45\\\/legislatives-le-taux-de-participation-est-de-11-22-isie\\\/200874\\\/\"},\"author\":{\"name\":\"NJ\",\"@id\":\"https:\\\/\\\/www.webdo.tn\\\/fr\\\/#\\\/schema\\\/person\\\/646f7c4406ab78299805d9d39b2636d8\"},\"headline\":\"L\u00e9gislatives : Le taux de participation est de 11,22% (ISIE)\",\"datePublished\":\"2022-12-19T19:21:00+00:00\",\"dateModified\":\"2025-05-22T11:40:35+00:00\",\"mainEntityOfPage\":{\"@id\":\"https:\\\/\\\/www.webdo.tn\\\/fr\\\/actualite\\\/national-45\\\/legislatives-le-taux-de-participation-est-de-11-22-isie\\\/200874\\\/\"},\"wordCount\":207,\"commentCount\":0,\"publisher\":{\"@id\":\"https:\\\/\\\/www.webdo.tn\\\/fr\\\/#organization\"},\"image\":{\"@id\":\"https:\\\/\\\/www.webdo.tn\\\/fr\\\/actualite\\\/national-45\\\/legislatives-le-taux-de-participation-est-de-11-22-isie\\\/200874\\\/#primaryimage\"},\"thumbnailUrl\":\"https:\\\/\\\/www.webdo.tn\\\/fr\\\/wp-content\\\/uploads\\\/2022\\\/12\\\/7924bf6bab99ddd8cdcaef85c0ff0c73.jpg\",\"keywords\":[\"\u00e9lections\",\"ISIE\",\"L\u00e9gislatives\",\"taux de participation\",\"Tunisie\"],\"articleSection\":[\"National\"],\"inLanguage\":\"fr-FR\"},{\"@type\":\"WebPage\",\"@id\":\"https:\\\/\\\/www.webdo.tn\\\/fr\\\/actualite\\\/national-45\\\/legislatives-le-taux-de-participation-est-de-11-22-isie\\\/200874\\\/\",\"url\":\"https:\\\/\\\/www.webdo.tn\\\/fr\\\/actualite\\\/national-45\\\/legislatives-le-taux-de-participation-est-de-11-22-isie\\\/200874\\\/\",\"name\":\"L\u00e9gislatives : Le taux de participation est de 11,22% (ISIE)\",\"isPartOf\":{\"@id\":\"https:\\\/\\\/www.webdo.tn\\\/fr\\\/#website\"},\"primaryImageOfPage\":{\"@id\":\"https:\\\/\\\/www.webdo.tn\\\/fr\\\/actualite\\\/national-45\\\/legislatives-le-taux-de-participation-est-de-11-22-isie\\\/200874\\\/#primaryimage\"},\"image\":{\"@id\":\"https:\\\/\\\/www.webdo.tn\\\/fr\\\/actualite\\\/national-45\\\/legislatives-le-taux-de-participation-est-de-11-22-isie\\\/200874\\\/#primaryimage\"},\"thumbnailUrl\":\"https:\\\/\\\/www.webdo.tn\\\/fr\\\/wp-content\\\/uploads\\\/2022\\\/12\\\/7924bf6bab99ddd8cdcaef85c0ff0c73.jpg\",\"datePublished\":\"2022-12-19T19:21:00+00:00\",\"dateModified\":\"2025-05-22T11:40:35+00:00\",\"description\":\"Le pr\u00e9sident de l\u2019Instance sup\u00e9rieure ind\u00e9pendante pour les \u00e9lections (ISIE), Farouk Bouasker, a tenu une conf\u00e9rence de presse, ce lundi 19 d\u00e9cembre 2022, pour...\",\"breadcrumb\":{\"@id\":\"https:\\\/\\\/www.webdo.tn\\\/fr\\\/actualite\\\/national-45\\\/legislatives-le-taux-de-participation-est-de-11-22-isie\\\/200874\\\/#breadcrumb\"},\"inLanguage\":\"fr-FR\",\"potentialAction\":[{\"@type\":\"ReadAction\",\"target\":[\"https:\\\/\\\/www.webdo.tn\\\/fr\\\/actualite\\\/national-45\\\/legislatives-le-taux-de-participation-est-de-11-22-isie\\\/200874\\\/\"]}]},{\"@type\":\"ImageObject\",\"inLanguage\":\"fr-FR\",\"@id\":\"https:\\\/\\\/www.webdo.tn\\\/fr\\\/actualite\\\/national-45\\\/legislatives-le-taux-de-participation-est-de-11-22-isie\\\/200874\\\/#primaryimage\",\"url\":\"https:\\\/\\\/www.webdo.tn\\\/fr\\\/wp-content\\\/uploads\\\/2022\\\/12\\\/7924bf6bab99ddd8cdcaef85c0ff0c73.jpg\",\"contentUrl\":\"https:\\\/\\\/www.webdo.tn\\\/fr\\\/wp-content\\\/uploads\\\/2022\\\/12\\\/7924bf6bab99ddd8cdcaef85c0ff0c73.jpg\",\"width\":750,\"height\":400,\"caption\":\"L\u00e9gislatives : Le taux de participation est de 11,22% (ISIE)\"},{\"@type\":\"BreadcrumbList\",\"@id\":\"https:\\\/\\\/www.webdo.tn\\\/fr\\\/actualite\\\/national-45\\\/legislatives-le-taux-de-participation-est-de-11-22-isie\\\/200874\\\/#breadcrumb\",\"itemListElement\":[{\"@type\":\"ListItem\",\"position\":1,\"name\":\"Accueil\",\"item\":\"https:\\\/\\\/www.webdo.tn\\\/fr\\\/\"},{\"@type\":\"ListItem\",\"position\":2,\"name\":\"L\u00e9gislatives : Le taux de participation est de 11,22% (ISIE)\"}]},{\"@type\":\"WebSite\",\"@id\":\"https:\\\/\\\/www.webdo.tn\\\/fr\\\/#website\",\"url\":\"https:\\\/\\\/www.webdo.tn\\\/fr\\\/\",\"name\":\"webdo\",\"description\":\"Tunisie - News en Tunisie et \u00e0 l&#039;international sur Webdo.tn\",\"publisher\":{\"@id\":\"https:\\\/\\\/www.webdo.tn\\\/fr\\\/#organization\"},\"potentialAction\":[{\"@type\":\"SearchAction\",\"target\":{\"@type\":\"EntryPoint\",\"urlTemplate\":\"https:\\\/\\\/www.webdo.tn\\\/fr\\\/?s={search_term_string}\"},\"query-input\":{\"@type\":\"PropertyValueSpecification\",\"valueRequired\":true,\"valueName\":\"search_term_string\"}}],\"inLanguage\":\"fr-FR\"},{\"@type\":\"Organization\",\"@id\":\"https:\\\/\\\/www.webdo.tn\\\/fr\\\/#organization\",\"name\":\"Webdo\",\"alternateName\":\"Webdo.tn\",\"url\":\"https:\\\/\\\/www.webdo.tn\\\/fr\\\/\",\"logo\":{\"@type\":\"ImageObject\",\"inLanguage\":\"fr-FR\",\"@id\":\"https:\\\/\\\/www.webdo.tn\\\/fr\\\/#\\\/schema\\\/logo\\\/image\\\/\",\"url\":\"https:\\\/\\\/www.webdo.tn\\\/fr\\\/wp-content\\\/uploads\\\/2025\\\/06\\\/Webdo-Tunisie_168377.jpg\",\"contentUrl\":\"https:\\\/\\\/www.webdo.tn\\\/fr\\\/wp-content\\\/uploads\\\/2025\\\/06\\\/Webdo-Tunisie_168377.jpg\",\"width\":301,\"height\":301,\"caption\":\"Webdo\"},\"image\":{\"@id\":\"https:\\\/\\\/www.webdo.tn\\\/fr\\\/#\\\/schema\\\/logo\\\/image\\\/\"},\"sameAs\":[\"https:\\\/\\\/www.facebook.com\\\/webdotn\",\"https:\\\/\\\/x.com\\\/webdo_tn\"],\"description\":\"Webdo est un m\u00e9dia num\u00e9rique tunisien fond\u00e9 en 2010, sp\u00e9cialis\u00e9 dans l\u2019actualit\u00e9 nationale et internationale, l\u2019\u00e9conomie, la soci\u00e9t\u00e9 et les analyses politiques. Le site s\u2019adresse \u00e0 un large public francophone et couvre l\u2019information tunisienne en temps r\u00e9el.\",\"email\":\"redac@webdo.tn\",\"legalName\":\"YNJ SARL\",\"foundingDate\":\"2010-09-06\",\"numberOfEmployees\":{\"@type\":\"QuantitativeValue\",\"minValue\":\"11\",\"maxValue\":\"50\"}},{\"@type\":\"Person\",\"@id\":\"https:\\\/\\\/www.webdo.tn\\\/fr\\\/#\\\/schema\\\/person\\\/646f7c4406ab78299805d9d39b2636d8\",\"name\":\"NJ\",\"image\":{\"@type\":\"ImageObject\",\"inLanguage\":\"fr-FR\",\"@id\":\"https:\\\/\\\/secure.gravatar.com\\\/avatar\\\/57ee8a7cee8271948beede1dd4413f641d3b749a42dfabf45a3352af812389e1?s=96&d=mm&r=g\",\"url\":\"https:\\\/\\\/secure.gravatar.com\\\/avatar\\\/57ee8a7cee8271948beede1dd4413f641d3b749a42dfabf45a3352af812389e1?s=96&d=mm&r=g\",\"contentUrl\":\"https:\\\/\\\/secure.gravatar.com\\\/avatar\\\/57ee8a7cee8271948beede1dd4413f641d3b749a42dfabf45a3352af812389e1?s=96&d=mm&r=g\",\"caption\":\"NJ\"},\"url\":\"https:\\\/\\\/www.webdo.tn\\\/fr\\\/actualite\\\/author\\\/nj\\\/\"}]}<\/script>\n<!-- \/ Yoast SEO Premium plugin. -->","yoast_head_json":{"title":"L\u00e9gislatives : Le taux de participation est de 11,22% (ISIE)","description":"Le pr\u00e9sident de l\u2019Instance sup\u00e9rieure ind\u00e9pendante pour les \u00e9lections (ISIE), Farouk Bouasker, a tenu une conf\u00e9rence de presse, ce lundi 19 d\u00e9cembre 2022, pour...","canonical":"https:\/\/www.webdo.tn\/fr\/actualite\/national-45\/legislatives-le-taux-de-participation-est-de-11-22-isie\/200874\/","og_locale":"fr_FR","og_type":"article","og_title":"L\u00e9gislatives : Le taux de participation est de 11,22% (ISIE)","og_description":"Le pr\u00e9sident de l\u2019Instance sup\u00e9rieure ind\u00e9pendante pour les \u00e9lections (ISIE), Farouk Bouasker, a tenu une conf\u00e9rence de presse, ce lundi 19 d\u00e9cembre 2022, pour...","og_url":"https:\/\/www.webdo.tn\/fr\/actualite\/national-45\/legislatives-le-taux-de-participation-est-de-11-22-isie\/200874\/","og_site_name":"webdo","article_publisher":"https:\/\/www.facebook.com\/webdotn","article_published_time":"2022-12-19T19:21:00+00:00","article_modified_time":"2025-05-22T11:40:35+00:00","og_image":[{"width":750,"height":400,"url":"https:\/\/www.webdo.tn\/fr\/wp-content\/uploads\/2022\/12\/7924bf6bab99ddd8cdcaef85c0ff0c73.jpg","type":"image\/jpeg"}],"author":"NJ","twitter_card":"summary_large_image","twitter_creator":"@webdo_tn","twitter_site":"@webdo_tn","twitter_misc":{"\u00c9crit par":"NJ","Dur\u00e9e de lecture estim\u00e9e":"1 minute"},"schema":{"@context":"https:\/\/schema.org","@graph":[{"@type":"NewsArticle","@id":"https:\/\/www.webdo.tn\/fr\/actualite\/national-45\/legislatives-le-taux-de-participation-est-de-11-22-isie\/200874\/#article","isPartOf":{"@id":"https:\/\/www.webdo.tn\/fr\/actualite\/national-45\/legislatives-le-taux-de-participation-est-de-11-22-isie\/200874\/"},"author":{"name":"NJ","@id":"https:\/\/www.webdo.tn\/fr\/#\/schema\/person\/646f7c4406ab78299805d9d39b2636d8"},"headline":"L\u00e9gislatives : Le taux de participation est de 11,22% (ISIE)","datePublished":"2022-12-19T19:21:00+00:00","dateModified":"2025-05-22T11:40:35+00:00","mainEntityOfPage":{"@id":"https:\/\/www.webdo.tn\/fr\/actualite\/national-45\/legislatives-le-taux-de-participation-est-de-11-22-isie\/200874\/"},"wordCount":207,"commentCount":0,"publisher":{"@id":"https:\/\/www.webdo.tn\/fr\/#organization"},"image":{"@id":"https:\/\/www.webdo.tn\/fr\/actualite\/national-45\/legislatives-le-taux-de-participation-est-de-11-22-isie\/200874\/#primaryimage"},"thumbnailUrl":"https:\/\/www.webdo.tn\/fr\/wp-content\/uploads\/2022\/12\/7924bf6bab99ddd8cdcaef85c0ff0c73.jpg","keywords":["\u00e9lections","ISIE","L\u00e9gislatives","taux de participation","Tunisie"],"articleSection":["National"],"inLanguage":"fr-FR"},{"@type":"WebPage","@id":"https:\/\/www.webdo.tn\/fr\/actualite\/national-45\/legislatives-le-taux-de-participation-est-de-11-22-isie\/200874\/","url":"https:\/\/www.webdo.tn\/fr\/actualite\/national-45\/legislatives-le-taux-de-participation-est-de-11-22-isie\/200874\/","name":"L\u00e9gislatives : Le taux de participation est de 11,22% (ISIE)","isPartOf":{"@id":"https:\/\/www.webdo.tn\/fr\/#website"},"primaryImageOfPage":{"@id":"https:\/\/www.webdo.tn\/fr\/actualite\/national-45\/legislatives-le-taux-de-participation-est-de-11-22-isie\/200874\/#primaryimage"},"image":{"@id":"https:\/\/www.webdo.tn\/fr\/actualite\/national-45\/legislatives-le-taux-de-participation-est-de-11-22-isie\/200874\/#primaryimage"},"thumbnailUrl":"https:\/\/www.webdo.tn\/fr\/wp-content\/uploads\/2022\/12\/7924bf6bab99ddd8cdcaef85c0ff0c73.jpg","datePublished":"2022-12-19T19:21:00+00:00","dateModified":"2025-05-22T11:40:35+00:00","description":"Le pr\u00e9sident de l\u2019Instance sup\u00e9rieure ind\u00e9pendante pour les \u00e9lections (ISIE), Farouk Bouasker, a tenu une conf\u00e9rence de presse, ce lundi 19 d\u00e9cembre 2022, pour...","breadcrumb":{"@id":"https:\/\/www.webdo.tn\/fr\/actualite\/national-45\/legislatives-le-taux-de-participation-est-de-11-22-isie\/200874\/#breadcrumb"},"inLanguage":"fr-FR","potentialAction":[{"@type":"ReadAction","target":["https:\/\/www.webdo.tn\/fr\/actualite\/national-45\/legislatives-le-taux-de-participation-est-de-11-22-isie\/200874\/"]}]},{"@type":"ImageObject","inLanguage":"fr-FR","@id":"https:\/\/www.webdo.tn\/fr\/actualite\/national-45\/legislatives-le-taux-de-participation-est-de-11-22-isie\/200874\/#primaryimage","url":"https:\/\/www.webdo.tn\/fr\/wp-content\/uploads\/2022\/12\/7924bf6bab99ddd8cdcaef85c0ff0c73.jpg","contentUrl":"https:\/\/www.webdo.tn\/fr\/wp-content\/uploads\/2022\/12\/7924bf6bab99ddd8cdcaef85c0ff0c73.jpg","width":750,"height":400,"caption":"L\u00e9gislatives : Le taux de participation est de 11,22% (ISIE)"},{"@type":"BreadcrumbList","@id":"https:\/\/www.webdo.tn\/fr\/actualite\/national-45\/legislatives-le-taux-de-participation-est-de-11-22-isie\/200874\/#breadcrumb","itemListElement":[{"@type":"ListItem","position":1,"name":"Accueil","item":"https:\/\/www.webdo.tn\/fr\/"},{"@type":"ListItem","position":2,"name":"L\u00e9gislatives : Le taux de participation est de 11,22% (ISIE)"}]},{"@type":"WebSite","@id":"https:\/\/www.webdo.tn\/fr\/#website","url":"https:\/\/www.webdo.tn\/fr\/","name":"webdo","description":"Tunisie - News en Tunisie et \u00e0 l&#039;international sur Webdo.tn","publisher":{"@id":"https:\/\/www.webdo.tn\/fr\/#organization"},"potentialAction":[{"@type":"SearchAction","target":{"@type":"EntryPoint","urlTemplate":"https:\/\/www.webdo.tn\/fr\/?s={search_term_string}"},"query-input":{"@type":"PropertyValueSpecification","valueRequired":true,"valueName":"search_term_string"}}],"inLanguage":"fr-FR"},{"@type":"Organization","@id":"https:\/\/www.webdo.tn\/fr\/#organization","name":"Webdo","alternateName":"Webdo.tn","url":"https:\/\/www.webdo.tn\/fr\/","logo":{"@type":"ImageObject","inLanguage":"fr-FR","@id":"https:\/\/www.webdo.tn\/fr\/#\/schema\/logo\/image\/","url":"https:\/\/www.webdo.tn\/fr\/wp-content\/uploads\/2025\/06\/Webdo-Tunisie_168377.jpg","contentUrl":"https:\/\/www.webdo.tn\/fr\/wp-content\/uploads\/2025\/06\/Webdo-Tunisie_168377.jpg","width":301,"height":301,"caption":"Webdo"},"image":{"@id":"https:\/\/www.webdo.tn\/fr\/#\/schema\/logo\/image\/"},"sameAs":["https:\/\/www.facebook.com\/webdotn","https:\/\/x.com\/webdo_tn"],"description":"Webdo est un m\u00e9dia num\u00e9rique tunisien fond\u00e9 en 2010, sp\u00e9cialis\u00e9 dans l\u2019actualit\u00e9 nationale et internationale, l\u2019\u00e9conomie, la soci\u00e9t\u00e9 et les analyses politiques. Le site s\u2019adresse \u00e0 un large public francophone et couvre l\u2019information tunisienne en temps r\u00e9el.","email":"redac@webdo.tn","legalName":"YNJ SARL","foundingDate":"2010-09-06","numberOfEmployees":{"@type":"QuantitativeValue","minValue":"11","maxValue":"50"}},{"@type":"Person","@id":"https:\/\/www.webdo.tn\/fr\/#\/schema\/person\/646f7c4406ab78299805d9d39b2636d8","name":"NJ","image":{"@type":"ImageObject","inLanguage":"fr-FR","@id":"https:\/\/secure.gravatar.com\/avatar\/57ee8a7cee8271948beede1dd4413f641d3b749a42dfabf45a3352af812389e1?s=96&d=mm&r=g","url":"https:\/\/secure.gravatar.com\/avatar\/57ee8a7cee8271948beede1dd4413f641d3b749a42dfabf45a3352af812389e1?s=96&d=mm&r=g","contentUrl":"https:\/\/secure.gravatar.com\/avatar\/57ee8a7cee8271948beede1dd4413f641d3b749a42dfabf45a3352af812389e1?s=96&d=mm&r=g","caption":"NJ"},"url":"https:\/\/www.webdo.tn\/fr\/actualite\/author\/nj\/"}]}},"_links":{"self":[{"href":"https:\/\/www.webdo.tn\/fr\/wp-json\/wp\/v2\/posts\/200874","targetHints":{"allow":["GET"]}}],"collection":[{"href":"https:\/\/www.webdo.tn\/fr\/wp-json\/wp\/v2\/posts"}],"about":[{"href":"https:\/\/www.webdo.tn\/fr\/wp-json\/wp\/v2\/types\/post"}],"author":[{"embeddable":true,"href":"https:\/\/www.webdo.tn\/fr\/wp-json\/wp\/v2\/users\/3195"}],"replies":[{"embeddable":true,"href":"https:\/\/www.webdo.tn\/fr\/wp-json\/wp\/v2\/comments?post=200874"}],"version-history":[{"count":0,"href":"https:\/\/www.webdo.tn\/fr\/wp-json\/wp\/v2\/posts\/200874\/revisions"}],"wp:featuredmedia":[{"embeddable":true,"href":"https:\/\/www.webdo.tn\/fr\/wp-json\/wp\/v2\/media\/348409"}],"wp:attachment":[{"href":"https:\/\/www.webdo.tn\/fr\/wp-json\/wp\/v2\/media?parent=200874"}],"wp:term":[{"taxonomy":"category","embeddable":true,"href":"https:\/\/www.webdo.tn\/fr\/wp-json\/wp\/v2\/categories?post=200874"},{"taxonomy":"post_tag","embeddable":true,"href":"https:\/\/www.webdo.tn\/fr\/wp-json\/wp\/v2\/tags?post=200874"}],"curies":[{"name":"wp","href":"https:\/\/api.w.org\/{rel}","templated":true}]}}