{"id":200863,"date":"2022-12-19T16:00:00","date_gmt":"2022-12-19T16:00:00","guid":{"rendered":"https:\/\/www.webdo.tn\/fr\/actualite\/blog\/les-prix-des-boissons-vont-ils-augmenter-de-40\/200863\/"},"modified":"2025-05-22T11:40:33","modified_gmt":"2025-05-22T11:40:33","slug":"les-prix-des-boissons-vont-ils-augmenter-de-40","status":"publish","type":"post","link":"https:\/\/www.webdo.tn\/fr\/actualite\/national\/les-prix-des-boissons-vont-ils-augmenter-de-40\/200863\/","title":{"rendered":"Les prix des boissons vont-ils augmenter de 40% ?"},"content":{"rendered":"<p>Nouvelle pol\u00e9mique en vue et qui tourne autour de l\u2019avance sur imp\u00f4t. Les soci\u00e9t\u00e9s de distribution de boissons, oppos\u00e9s \u00e0 cette  mesure, pr\u00e9voient d\u2019augmenter leurs prix d&rsquo;au moins 40%&#8230;<\/p>\n<p> Les grossistes en boissons s&rsquo;opposent \u00e0 l&rsquo;instauration d&rsquo;une avance sur imp\u00f4t de 5% dans le cadre de la Loi de Finances 2023.<\/p>\n<p>Aujourd\u2019hui, la chambre syndicale des commer\u00e7ants grossistes en boissons relevant de l&rsquo;UTICA a exprim\u00e9, son rejet de cette mesure concernant l&rsquo;instauration d&rsquo;une avance sur imp\u00f4t au taux de 5%.<\/p>\n<p>Faisant part de son m\u00e9contentement quant \u00e0 sa non-implication dans les discussions autour de cette mesure par le minist\u00e8re des Finances malgr\u00e9 ses multiples demandes, la chambre \u00ab\u00a0a estim\u00e9 que l&rsquo;application d&rsquo;une avance sur imp\u00f4t de 5% aux acquisitions faites par les distributeurs de boissons aupr\u00e8s des producteurs, sera l&rsquo;\u00e9quivalent de cinq fois l&rsquo;imp\u00f4t sur les revenus des soci\u00e9t\u00e9s de distribution, ce qui conduira \u00e0 la d\u00e9t\u00e9rioration des capacit\u00e9s financi\u00e8res de ces soci\u00e9t\u00e9s et menacera leur p\u00e9rennit\u00e9\u00a0\u00bb, rapporte l\u2019agence TAP.<\/p>\n<p>La chambre estime, en outre que cela pourrait provoquer la fermeture de ces soci\u00e9t\u00e9s et la perte de milliers d&#8217;emplois et impacter d&rsquo;une mani\u00e8re directe les recettes fiscales de l&rsquo;Etat.<\/p>\n<p>La structure syndicale a, par ailleurs, soulign\u00e9 que si cette d\u00e9cision est maintenue, les soci\u00e9t\u00e9s concern\u00e9es vont \u00eatre amen\u00e9es \u00e0 augmenter leurs prix d&rsquo;au moins 40%, appelant le minist\u00e8re des Finances \u00e0 retirer cette disposition de la LF 2023 et \u00e0 ouvrir un canal de dialogue.<\/p>\n","protected":false},"excerpt":{"rendered":"<p>Nouvelle pol\u00e9mique en vue et qui tourne autour de l\u2019avance sur imp\u00f4t. Les soci\u00e9t\u00e9s de distribution de boissons, oppos\u00e9s \u00e0 cette  mesure, pr\u00e9voient d\u2019augmenter l&#8230;<\/p>\n","protected":false},"author":3162,"featured_media":348407,"comment_status":"open","ping_status":"closed","sticky":false,"template":"","format":"standard","meta":{"footnotes":""},"categories":[44],"tags":[8077,8319,2609],"class_list":["post-200863","post","type-post","status-publish","format-standard","has-post-thumbnail","hentry","category-national","tag-boisson","tag-impot","tag-prix"],"yoast_head":"<!-- This site is optimized with the Yoast SEO Premium plugin v27.5 (Yoast SEO v27.5) - https:\/\/yoast.com\/product\/yoast-seo-premium-wordpress\/ -->\n<title>Les prix des boissons vont-ils augmenter de 40% ?<\/title>\n<meta name=\"description\" content=\"Nouvelle pol\u00e9mique en vue et qui tourne autour de l\u2019avance sur imp\u00f4t. Les soci\u00e9t\u00e9s de distribution de boissons, oppos\u00e9s \u00e0 cette mesure, pr\u00e9voient d\u2019augmenter l...\" \/>\n<link rel=\"canonical\" href=\"https:\/\/www.webdo.tn\/fr\/actualite\/national-45\/les-prix-des-boissons-vont-ils-augmenter-de-40\/200863\/\" \/>\n<meta property=\"og:locale\" content=\"fr_FR\" \/>\n<meta property=\"og:type\" content=\"article\" \/>\n<meta property=\"og:title\" content=\"Les prix des boissons vont-ils augmenter de 40% ?\" \/>\n<meta property=\"og:description\" content=\"Nouvelle pol\u00e9mique en vue et qui tourne autour de l\u2019avance sur imp\u00f4t. Les soci\u00e9t\u00e9s de distribution de boissons, oppos\u00e9s \u00e0 cette mesure, pr\u00e9voient d\u2019augmenter l...\" \/>\n<meta property=\"og:url\" content=\"https:\/\/www.webdo.tn\/fr\/actualite\/national-45\/les-prix-des-boissons-vont-ils-augmenter-de-40\/200863\/\" \/>\n<meta property=\"og:site_name\" content=\"webdo\" \/>\n<meta property=\"article:publisher\" content=\"https:\/\/www.facebook.com\/webdotn\" \/>\n<meta property=\"article:published_time\" content=\"2022-12-19T16:00:00+00:00\" \/>\n<meta property=\"article:modified_time\" content=\"2025-05-22T11:40:33+00:00\" \/>\n<meta property=\"og:image\" content=\"https:\/\/www.webdo.tn\/fr\/wp-content\/uploads\/2022\/12\/120254500bf044ac0847ec1115979f9c.jpg\" \/>\n\t<meta property=\"og:image:width\" content=\"750\" \/>\n\t<meta property=\"og:image:height\" content=\"400\" \/>\n\t<meta property=\"og:image:type\" content=\"image\/jpeg\" \/>\n<meta name=\"author\" content=\"MC\" \/>\n<meta name=\"twitter:card\" content=\"summary_large_image\" \/>\n<meta name=\"twitter:creator\" content=\"@webdo_tn\" \/>\n<meta name=\"twitter:site\" content=\"@webdo_tn\" \/>\n<meta name=\"twitter:label1\" content=\"\u00c9crit par\" \/>\n\t<meta name=\"twitter:data1\" content=\"MC\" \/>\n\t<meta name=\"twitter:label2\" content=\"Dur\u00e9e de lecture estim\u00e9e\" \/>\n\t<meta name=\"twitter:data2\" content=\"1 minute\" \/>\n<script type=\"application\/ld+json\" class=\"yoast-schema-graph\">{\"@context\":\"https:\\\/\\\/schema.org\",\"@graph\":[{\"@type\":\"NewsArticle\",\"@id\":\"https:\\\/\\\/www.webdo.tn\\\/fr\\\/actualite\\\/national-45\\\/les-prix-des-boissons-vont-ils-augmenter-de-40\\\/200863\\\/#article\",\"isPartOf\":{\"@id\":\"https:\\\/\\\/www.webdo.tn\\\/fr\\\/actualite\\\/national-45\\\/les-prix-des-boissons-vont-ils-augmenter-de-40\\\/200863\\\/\"},\"author\":{\"name\":\"MC\",\"@id\":\"https:\\\/\\\/www.webdo.tn\\\/fr\\\/#\\\/schema\\\/person\\\/2c4929cbf5a809e3bd38617c6ce150f6\"},\"headline\":\"Les prix des boissons vont-ils augmenter de 40% ?\",\"datePublished\":\"2022-12-19T16:00:00+00:00\",\"dateModified\":\"2025-05-22T11:40:33+00:00\",\"mainEntityOfPage\":{\"@id\":\"https:\\\/\\\/www.webdo.tn\\\/fr\\\/actualite\\\/national-45\\\/les-prix-des-boissons-vont-ils-augmenter-de-40\\\/200863\\\/\"},\"wordCount\":280,\"commentCount\":0,\"publisher\":{\"@id\":\"https:\\\/\\\/www.webdo.tn\\\/fr\\\/#organization\"},\"image\":{\"@id\":\"https:\\\/\\\/www.webdo.tn\\\/fr\\\/actualite\\\/national-45\\\/les-prix-des-boissons-vont-ils-augmenter-de-40\\\/200863\\\/#primaryimage\"},\"thumbnailUrl\":\"https:\\\/\\\/www.webdo.tn\\\/fr\\\/wp-content\\\/uploads\\\/2022\\\/12\\\/120254500bf044ac0847ec1115979f9c.jpg\",\"keywords\":[\"boisson\",\"impot\",\"prix\"],\"articleSection\":[\"National\"],\"inLanguage\":\"fr-FR\"},{\"@type\":\"WebPage\",\"@id\":\"https:\\\/\\\/www.webdo.tn\\\/fr\\\/actualite\\\/national-45\\\/les-prix-des-boissons-vont-ils-augmenter-de-40\\\/200863\\\/\",\"url\":\"https:\\\/\\\/www.webdo.tn\\\/fr\\\/actualite\\\/national-45\\\/les-prix-des-boissons-vont-ils-augmenter-de-40\\\/200863\\\/\",\"name\":\"Les prix des boissons vont-ils augmenter de 40% ?\",\"isPartOf\":{\"@id\":\"https:\\\/\\\/www.webdo.tn\\\/fr\\\/#website\"},\"primaryImageOfPage\":{\"@id\":\"https:\\\/\\\/www.webdo.tn\\\/fr\\\/actualite\\\/national-45\\\/les-prix-des-boissons-vont-ils-augmenter-de-40\\\/200863\\\/#primaryimage\"},\"image\":{\"@id\":\"https:\\\/\\\/www.webdo.tn\\\/fr\\\/actualite\\\/national-45\\\/les-prix-des-boissons-vont-ils-augmenter-de-40\\\/200863\\\/#primaryimage\"},\"thumbnailUrl\":\"https:\\\/\\\/www.webdo.tn\\\/fr\\\/wp-content\\\/uploads\\\/2022\\\/12\\\/120254500bf044ac0847ec1115979f9c.jpg\",\"datePublished\":\"2022-12-19T16:00:00+00:00\",\"dateModified\":\"2025-05-22T11:40:33+00:00\",\"description\":\"Nouvelle pol\u00e9mique en vue et qui tourne autour de l\u2019avance sur imp\u00f4t. Les soci\u00e9t\u00e9s de distribution de boissons, oppos\u00e9s \u00e0 cette mesure, pr\u00e9voient d\u2019augmenter l...\",\"breadcrumb\":{\"@id\":\"https:\\\/\\\/www.webdo.tn\\\/fr\\\/actualite\\\/national-45\\\/les-prix-des-boissons-vont-ils-augmenter-de-40\\\/200863\\\/#breadcrumb\"},\"inLanguage\":\"fr-FR\",\"potentialAction\":[{\"@type\":\"ReadAction\",\"target\":[\"https:\\\/\\\/www.webdo.tn\\\/fr\\\/actualite\\\/national-45\\\/les-prix-des-boissons-vont-ils-augmenter-de-40\\\/200863\\\/\"]}]},{\"@type\":\"ImageObject\",\"inLanguage\":\"fr-FR\",\"@id\":\"https:\\\/\\\/www.webdo.tn\\\/fr\\\/actualite\\\/national-45\\\/les-prix-des-boissons-vont-ils-augmenter-de-40\\\/200863\\\/#primaryimage\",\"url\":\"https:\\\/\\\/www.webdo.tn\\\/fr\\\/wp-content\\\/uploads\\\/2022\\\/12\\\/120254500bf044ac0847ec1115979f9c.jpg\",\"contentUrl\":\"https:\\\/\\\/www.webdo.tn\\\/fr\\\/wp-content\\\/uploads\\\/2022\\\/12\\\/120254500bf044ac0847ec1115979f9c.jpg\",\"width\":750,\"height\":400,\"caption\":\"Les prix des boissons vont-ils augmenter de 40% ?\"},{\"@type\":\"BreadcrumbList\",\"@id\":\"https:\\\/\\\/www.webdo.tn\\\/fr\\\/actualite\\\/national-45\\\/les-prix-des-boissons-vont-ils-augmenter-de-40\\\/200863\\\/#breadcrumb\",\"itemListElement\":[{\"@type\":\"ListItem\",\"position\":1,\"name\":\"Accueil\",\"item\":\"https:\\\/\\\/www.webdo.tn\\\/fr\\\/\"},{\"@type\":\"ListItem\",\"position\":2,\"name\":\"Les prix des boissons vont-ils augmenter de 40% ?\"}]},{\"@type\":\"WebSite\",\"@id\":\"https:\\\/\\\/www.webdo.tn\\\/fr\\\/#website\",\"url\":\"https:\\\/\\\/www.webdo.tn\\\/fr\\\/\",\"name\":\"webdo\",\"description\":\"Tunisie - News en Tunisie et \u00e0 l&#039;international sur Webdo.tn\",\"publisher\":{\"@id\":\"https:\\\/\\\/www.webdo.tn\\\/fr\\\/#organization\"},\"potentialAction\":[{\"@type\":\"SearchAction\",\"target\":{\"@type\":\"EntryPoint\",\"urlTemplate\":\"https:\\\/\\\/www.webdo.tn\\\/fr\\\/?s={search_term_string}\"},\"query-input\":{\"@type\":\"PropertyValueSpecification\",\"valueRequired\":true,\"valueName\":\"search_term_string\"}}],\"inLanguage\":\"fr-FR\"},{\"@type\":\"Organization\",\"@id\":\"https:\\\/\\\/www.webdo.tn\\\/fr\\\/#organization\",\"name\":\"Webdo\",\"alternateName\":\"Webdo.tn\",\"url\":\"https:\\\/\\\/www.webdo.tn\\\/fr\\\/\",\"logo\":{\"@type\":\"ImageObject\",\"inLanguage\":\"fr-FR\",\"@id\":\"https:\\\/\\\/www.webdo.tn\\\/fr\\\/#\\\/schema\\\/logo\\\/image\\\/\",\"url\":\"https:\\\/\\\/www.webdo.tn\\\/fr\\\/wp-content\\\/uploads\\\/2025\\\/06\\\/Webdo-Tunisie_168377.jpg\",\"contentUrl\":\"https:\\\/\\\/www.webdo.tn\\\/fr\\\/wp-content\\\/uploads\\\/2025\\\/06\\\/Webdo-Tunisie_168377.jpg\",\"width\":301,\"height\":301,\"caption\":\"Webdo\"},\"image\":{\"@id\":\"https:\\\/\\\/www.webdo.tn\\\/fr\\\/#\\\/schema\\\/logo\\\/image\\\/\"},\"sameAs\":[\"https:\\\/\\\/www.facebook.com\\\/webdotn\",\"https:\\\/\\\/x.com\\\/webdo_tn\"],\"description\":\"Webdo est un m\u00e9dia num\u00e9rique tunisien fond\u00e9 en 2010, sp\u00e9cialis\u00e9 dans l\u2019actualit\u00e9 nationale et internationale, l\u2019\u00e9conomie, la soci\u00e9t\u00e9 et les analyses politiques. Le site s\u2019adresse \u00e0 un large public francophone et couvre l\u2019information tunisienne en temps r\u00e9el.\",\"email\":\"redac@webdo.tn\",\"legalName\":\"YNJ SARL\",\"foundingDate\":\"2010-09-06\",\"numberOfEmployees\":{\"@type\":\"QuantitativeValue\",\"minValue\":\"11\",\"maxValue\":\"50\"}},{\"@type\":\"Person\",\"@id\":\"https:\\\/\\\/www.webdo.tn\\\/fr\\\/#\\\/schema\\\/person\\\/2c4929cbf5a809e3bd38617c6ce150f6\",\"name\":\"MC\",\"image\":{\"@type\":\"ImageObject\",\"inLanguage\":\"fr-FR\",\"@id\":\"https:\\\/\\\/secure.gravatar.com\\\/avatar\\\/a545bbb6f84efdd5553dbbc2895e3ca8f1d12c5215e00a041c9670b54aa9b18a?s=96&d=mm&r=g\",\"url\":\"https:\\\/\\\/secure.gravatar.com\\\/avatar\\\/a545bbb6f84efdd5553dbbc2895e3ca8f1d12c5215e00a041c9670b54aa9b18a?s=96&d=mm&r=g\",\"contentUrl\":\"https:\\\/\\\/secure.gravatar.com\\\/avatar\\\/a545bbb6f84efdd5553dbbc2895e3ca8f1d12c5215e00a041c9670b54aa9b18a?s=96&d=mm&r=g\",\"caption\":\"MC\"},\"url\":\"https:\\\/\\\/www.webdo.tn\\\/fr\\\/actualite\\\/author\\\/mc\\\/\"}]}<\/script>\n<!-- \/ Yoast SEO Premium plugin. -->","yoast_head_json":{"title":"Les prix des boissons vont-ils augmenter de 40% ?","description":"Nouvelle pol\u00e9mique en vue et qui tourne autour de l\u2019avance sur imp\u00f4t. Les soci\u00e9t\u00e9s de distribution de boissons, oppos\u00e9s \u00e0 cette mesure, pr\u00e9voient d\u2019augmenter l...","canonical":"https:\/\/www.webdo.tn\/fr\/actualite\/national-45\/les-prix-des-boissons-vont-ils-augmenter-de-40\/200863\/","og_locale":"fr_FR","og_type":"article","og_title":"Les prix des boissons vont-ils augmenter de 40% ?","og_description":"Nouvelle pol\u00e9mique en vue et qui tourne autour de l\u2019avance sur imp\u00f4t. Les soci\u00e9t\u00e9s de distribution de boissons, oppos\u00e9s \u00e0 cette mesure, pr\u00e9voient d\u2019augmenter l...","og_url":"https:\/\/www.webdo.tn\/fr\/actualite\/national-45\/les-prix-des-boissons-vont-ils-augmenter-de-40\/200863\/","og_site_name":"webdo","article_publisher":"https:\/\/www.facebook.com\/webdotn","article_published_time":"2022-12-19T16:00:00+00:00","article_modified_time":"2025-05-22T11:40:33+00:00","og_image":[{"width":750,"height":400,"url":"https:\/\/www.webdo.tn\/fr\/wp-content\/uploads\/2022\/12\/120254500bf044ac0847ec1115979f9c.jpg","type":"image\/jpeg"}],"author":"MC","twitter_card":"summary_large_image","twitter_creator":"@webdo_tn","twitter_site":"@webdo_tn","twitter_misc":{"\u00c9crit par":"MC","Dur\u00e9e de lecture estim\u00e9e":"1 minute"},"schema":{"@context":"https:\/\/schema.org","@graph":[{"@type":"NewsArticle","@id":"https:\/\/www.webdo.tn\/fr\/actualite\/national-45\/les-prix-des-boissons-vont-ils-augmenter-de-40\/200863\/#article","isPartOf":{"@id":"https:\/\/www.webdo.tn\/fr\/actualite\/national-45\/les-prix-des-boissons-vont-ils-augmenter-de-40\/200863\/"},"author":{"name":"MC","@id":"https:\/\/www.webdo.tn\/fr\/#\/schema\/person\/2c4929cbf5a809e3bd38617c6ce150f6"},"headline":"Les prix des boissons vont-ils augmenter de 40% ?","datePublished":"2022-12-19T16:00:00+00:00","dateModified":"2025-05-22T11:40:33+00:00","mainEntityOfPage":{"@id":"https:\/\/www.webdo.tn\/fr\/actualite\/national-45\/les-prix-des-boissons-vont-ils-augmenter-de-40\/200863\/"},"wordCount":280,"commentCount":0,"publisher":{"@id":"https:\/\/www.webdo.tn\/fr\/#organization"},"image":{"@id":"https:\/\/www.webdo.tn\/fr\/actualite\/national-45\/les-prix-des-boissons-vont-ils-augmenter-de-40\/200863\/#primaryimage"},"thumbnailUrl":"https:\/\/www.webdo.tn\/fr\/wp-content\/uploads\/2022\/12\/120254500bf044ac0847ec1115979f9c.jpg","keywords":["boisson","impot","prix"],"articleSection":["National"],"inLanguage":"fr-FR"},{"@type":"WebPage","@id":"https:\/\/www.webdo.tn\/fr\/actualite\/national-45\/les-prix-des-boissons-vont-ils-augmenter-de-40\/200863\/","url":"https:\/\/www.webdo.tn\/fr\/actualite\/national-45\/les-prix-des-boissons-vont-ils-augmenter-de-40\/200863\/","name":"Les prix des boissons vont-ils augmenter de 40% ?","isPartOf":{"@id":"https:\/\/www.webdo.tn\/fr\/#website"},"primaryImageOfPage":{"@id":"https:\/\/www.webdo.tn\/fr\/actualite\/national-45\/les-prix-des-boissons-vont-ils-augmenter-de-40\/200863\/#primaryimage"},"image":{"@id":"https:\/\/www.webdo.tn\/fr\/actualite\/national-45\/les-prix-des-boissons-vont-ils-augmenter-de-40\/200863\/#primaryimage"},"thumbnailUrl":"https:\/\/www.webdo.tn\/fr\/wp-content\/uploads\/2022\/12\/120254500bf044ac0847ec1115979f9c.jpg","datePublished":"2022-12-19T16:00:00+00:00","dateModified":"2025-05-22T11:40:33+00:00","description":"Nouvelle pol\u00e9mique en vue et qui tourne autour de l\u2019avance sur imp\u00f4t. Les soci\u00e9t\u00e9s de distribution de boissons, oppos\u00e9s \u00e0 cette mesure, pr\u00e9voient d\u2019augmenter l...","breadcrumb":{"@id":"https:\/\/www.webdo.tn\/fr\/actualite\/national-45\/les-prix-des-boissons-vont-ils-augmenter-de-40\/200863\/#breadcrumb"},"inLanguage":"fr-FR","potentialAction":[{"@type":"ReadAction","target":["https:\/\/www.webdo.tn\/fr\/actualite\/national-45\/les-prix-des-boissons-vont-ils-augmenter-de-40\/200863\/"]}]},{"@type":"ImageObject","inLanguage":"fr-FR","@id":"https:\/\/www.webdo.tn\/fr\/actualite\/national-45\/les-prix-des-boissons-vont-ils-augmenter-de-40\/200863\/#primaryimage","url":"https:\/\/www.webdo.tn\/fr\/wp-content\/uploads\/2022\/12\/120254500bf044ac0847ec1115979f9c.jpg","contentUrl":"https:\/\/www.webdo.tn\/fr\/wp-content\/uploads\/2022\/12\/120254500bf044ac0847ec1115979f9c.jpg","width":750,"height":400,"caption":"Les prix des boissons vont-ils augmenter de 40% ?"},{"@type":"BreadcrumbList","@id":"https:\/\/www.webdo.tn\/fr\/actualite\/national-45\/les-prix-des-boissons-vont-ils-augmenter-de-40\/200863\/#breadcrumb","itemListElement":[{"@type":"ListItem","position":1,"name":"Accueil","item":"https:\/\/www.webdo.tn\/fr\/"},{"@type":"ListItem","position":2,"name":"Les prix des boissons vont-ils augmenter de 40% ?"}]},{"@type":"WebSite","@id":"https:\/\/www.webdo.tn\/fr\/#website","url":"https:\/\/www.webdo.tn\/fr\/","name":"webdo","description":"Tunisie - News en Tunisie et \u00e0 l&#039;international sur Webdo.tn","publisher":{"@id":"https:\/\/www.webdo.tn\/fr\/#organization"},"potentialAction":[{"@type":"SearchAction","target":{"@type":"EntryPoint","urlTemplate":"https:\/\/www.webdo.tn\/fr\/?s={search_term_string}"},"query-input":{"@type":"PropertyValueSpecification","valueRequired":true,"valueName":"search_term_string"}}],"inLanguage":"fr-FR"},{"@type":"Organization","@id":"https:\/\/www.webdo.tn\/fr\/#organization","name":"Webdo","alternateName":"Webdo.tn","url":"https:\/\/www.webdo.tn\/fr\/","logo":{"@type":"ImageObject","inLanguage":"fr-FR","@id":"https:\/\/www.webdo.tn\/fr\/#\/schema\/logo\/image\/","url":"https:\/\/www.webdo.tn\/fr\/wp-content\/uploads\/2025\/06\/Webdo-Tunisie_168377.jpg","contentUrl":"https:\/\/www.webdo.tn\/fr\/wp-content\/uploads\/2025\/06\/Webdo-Tunisie_168377.jpg","width":301,"height":301,"caption":"Webdo"},"image":{"@id":"https:\/\/www.webdo.tn\/fr\/#\/schema\/logo\/image\/"},"sameAs":["https:\/\/www.facebook.com\/webdotn","https:\/\/x.com\/webdo_tn"],"description":"Webdo est un m\u00e9dia num\u00e9rique tunisien fond\u00e9 en 2010, sp\u00e9cialis\u00e9 dans l\u2019actualit\u00e9 nationale et internationale, l\u2019\u00e9conomie, la soci\u00e9t\u00e9 et les analyses politiques. Le site s\u2019adresse \u00e0 un large public francophone et couvre l\u2019information tunisienne en temps r\u00e9el.","email":"redac@webdo.tn","legalName":"YNJ SARL","foundingDate":"2010-09-06","numberOfEmployees":{"@type":"QuantitativeValue","minValue":"11","maxValue":"50"}},{"@type":"Person","@id":"https:\/\/www.webdo.tn\/fr\/#\/schema\/person\/2c4929cbf5a809e3bd38617c6ce150f6","name":"MC","image":{"@type":"ImageObject","inLanguage":"fr-FR","@id":"https:\/\/secure.gravatar.com\/avatar\/a545bbb6f84efdd5553dbbc2895e3ca8f1d12c5215e00a041c9670b54aa9b18a?s=96&d=mm&r=g","url":"https:\/\/secure.gravatar.com\/avatar\/a545bbb6f84efdd5553dbbc2895e3ca8f1d12c5215e00a041c9670b54aa9b18a?s=96&d=mm&r=g","contentUrl":"https:\/\/secure.gravatar.com\/avatar\/a545bbb6f84efdd5553dbbc2895e3ca8f1d12c5215e00a041c9670b54aa9b18a?s=96&d=mm&r=g","caption":"MC"},"url":"https:\/\/www.webdo.tn\/fr\/actualite\/author\/mc\/"}]}},"_links":{"self":[{"href":"https:\/\/www.webdo.tn\/fr\/wp-json\/wp\/v2\/posts\/200863","targetHints":{"allow":["GET"]}}],"collection":[{"href":"https:\/\/www.webdo.tn\/fr\/wp-json\/wp\/v2\/posts"}],"about":[{"href":"https:\/\/www.webdo.tn\/fr\/wp-json\/wp\/v2\/types\/post"}],"author":[{"embeddable":true,"href":"https:\/\/www.webdo.tn\/fr\/wp-json\/wp\/v2\/users\/3162"}],"replies":[{"embeddable":true,"href":"https:\/\/www.webdo.tn\/fr\/wp-json\/wp\/v2\/comments?post=200863"}],"version-history":[{"count":0,"href":"https:\/\/www.webdo.tn\/fr\/wp-json\/wp\/v2\/posts\/200863\/revisions"}],"wp:featuredmedia":[{"embeddable":true,"href":"https:\/\/www.webdo.tn\/fr\/wp-json\/wp\/v2\/media\/348407"}],"wp:attachment":[{"href":"https:\/\/www.webdo.tn\/fr\/wp-json\/wp\/v2\/media?parent=200863"}],"wp:term":[{"taxonomy":"category","embeddable":true,"href":"https:\/\/www.webdo.tn\/fr\/wp-json\/wp\/v2\/categories?post=200863"},{"taxonomy":"post_tag","embeddable":true,"href":"https:\/\/www.webdo.tn\/fr\/wp-json\/wp\/v2\/tags?post=200863"}],"curies":[{"name":"wp","href":"https:\/\/api.w.org\/{rel}","templated":true}]}}