{"id":200854,"date":"2022-12-19T13:15:00","date_gmt":"2022-12-19T13:15:00","guid":{"rendered":"https:\/\/www.webdo.tn\/fr\/blog\/le-centre-carter-recommande-la-mise-en-place-d-une-cour-constitutionnelle\/200854\/"},"modified":"2025-05-20T22:06:21","modified_gmt":"2025-05-20T22:06:21","slug":"le-centre-carter-recommande-la-mise-en-place-d-une-cour-constitutionnelle","status":"publish","type":"post","link":"https:\/\/www.webdo.tn\/fr\/actualite\/national\/le-centre-carter-recommande-la-mise-en-place-d-une-cour-constitutionnelle\/200854\/","title":{"rendered":"Le Centre Carter recommande la mise en place d\u2019une Cour constitutionnelle"},"content":{"rendered":"<p>Le Centre Carter a r\u00e9agi aux premiers r\u00e9sultats des \u00e9lections l\u00e9gislatives du 17 d\u00e9cembre, \u00e9pinglant notamment le tr\u00e8s faible taux de participation au scrutin.<\/p>\n<p>\t\t\t\t\t\t\t\t\tLes observateurs du Centre Carter ont jug\u00e9, lors d\u2019une conf\u00e9rence de presse tenue ce lundi 19 d\u00e9cembre 2022 en marge des l\u00e9gislatives, le taux de participation au scrutin, tr\u00e8s faible.<\/p>\n<p>Rappelons que ces \u00e9lections l\u00e9gislatives ont enregistr\u00e9 un taux d&rsquo;abstention record de 91,2% soit un taux de participation de 8,8 %.<\/p>\n<p>Le Centre Carter estime que le taux de participation enregistr\u00e9 d\u00e9note la d\u00e9ception des Tunisiens par rapport \u00e0 l\u2019actuel processus politique.<\/p>\n<p>Le Centre Carter a, par ailleurs indiqu\u00e9 que ce processus \u00e9lectoral a \u00e9t\u00e9 unilat\u00e9ralement mis en place et que les Tunisiens n\u2019ont pas eu le temps n\u00e9cessaire pour comprendre le nouveau syst\u00e8me de vote et conna\u00eetre les candidats, ce qui explique le faible taux de participation.<\/p>\n<p>Il a ainsi \u00e9mis des recommandations, appelant le pr\u00e9sident Kais Saied \u00e0 mettre en place imm\u00e9diatement la Cour Constitutionnelle et \u00e0 lancer une consultation large et inclusive qui traite des lacunes de la Constitution de 2022.<\/p>\n","protected":false},"excerpt":{"rendered":"<p>Le Centre Carter a r\u00e9agi aux premiers r\u00e9sultats des \u00e9lections l\u00e9gislatives du 17 d\u00e9cembre, \u00e9pinglant notamment le tr\u00e8s faible taux de participation au scrutin.<\/p>\n","protected":false},"author":3162,"featured_media":277443,"comment_status":"open","ping_status":"closed","sticky":false,"template":"","format":"standard","meta":{"footnotes":""},"categories":[44],"tags":[7059,9227,3923,6190,2608],"class_list":["post-200854","post","type-post","status-publish","format-standard","has-post-thumbnail","hentry","category-national","tag-abstention","tag-centre-carter","tag-elections","tag-legislatives","tag-tunisie"],"yoast_head":"<!-- This site is optimized with the Yoast SEO Premium plugin v27.5 (Yoast SEO v27.5) - https:\/\/yoast.com\/product\/yoast-seo-premium-wordpress\/ -->\n<title>Le Centre Carter recommande la mise en place d\u2019une Cour constitutionnelle<\/title>\n<meta name=\"description\" content=\"Le Centre Carter a r\u00e9agi aux premiers r\u00e9sultats des \u00e9lections l\u00e9gislatives du 17 d\u00e9cembre, \u00e9pinglant notamment le tr\u00e8s faible taux de participation au scrutin.\" \/>\n<link rel=\"canonical\" href=\"https:\/\/www.webdo.tn\/fr\/actualite\/national\/le-centre-carter-recommande-la-mise-en-place-d-une-cour-constitutionnelle\/200854\/\" \/>\n<meta property=\"og:locale\" content=\"fr_FR\" \/>\n<meta property=\"og:type\" content=\"article\" \/>\n<meta property=\"og:title\" content=\"Le Centre Carter recommande la mise en place d\u2019une Cour constitutionnelle\" \/>\n<meta property=\"og:description\" content=\"Le Centre Carter a r\u00e9agi aux premiers r\u00e9sultats des \u00e9lections l\u00e9gislatives du 17 d\u00e9cembre, \u00e9pinglant notamment le tr\u00e8s faible taux de participation au scrutin.\" \/>\n<meta property=\"og:url\" content=\"https:\/\/www.webdo.tn\/fr\/actualite\/national\/le-centre-carter-recommande-la-mise-en-place-d-une-cour-constitutionnelle\/200854\/\" \/>\n<meta property=\"og:site_name\" content=\"webdo\" \/>\n<meta property=\"article:publisher\" content=\"https:\/\/www.facebook.com\/webdotn\" \/>\n<meta property=\"article:published_time\" content=\"2022-12-19T13:15:00+00:00\" \/>\n<meta property=\"article:modified_time\" content=\"2025-05-20T22:06:21+00:00\" \/>\n<meta property=\"og:image\" content=\"https:\/\/www.webdo.tn\/fr\/wp-content\/uploads\/2022\/12\/6fd90679abc64696076b170195dff193.jpg\" \/>\n\t<meta property=\"og:image:width\" content=\"660\" \/>\n\t<meta property=\"og:image:height\" content=\"352\" \/>\n\t<meta property=\"og:image:type\" content=\"image\/jpeg\" \/>\n<meta name=\"author\" content=\"MC\" \/>\n<meta name=\"twitter:card\" content=\"summary_large_image\" \/>\n<meta name=\"twitter:creator\" content=\"@webdo_tn\" \/>\n<meta name=\"twitter:site\" content=\"@webdo_tn\" \/>\n<meta name=\"twitter:label1\" content=\"\u00c9crit par\" \/>\n\t<meta name=\"twitter:data1\" content=\"MC\" \/>\n\t<meta name=\"twitter:label2\" content=\"Dur\u00e9e de lecture estim\u00e9e\" \/>\n\t<meta name=\"twitter:data2\" content=\"1 minute\" \/>\n<script type=\"application\/ld+json\" class=\"yoast-schema-graph\">{\"@context\":\"https:\\\/\\\/schema.org\",\"@graph\":[{\"@type\":\"NewsArticle\",\"@id\":\"https:\\\/\\\/www.webdo.tn\\\/fr\\\/actualite\\\/national\\\/le-centre-carter-recommande-la-mise-en-place-d-une-cour-constitutionnelle\\\/200854\\\/#article\",\"isPartOf\":{\"@id\":\"https:\\\/\\\/www.webdo.tn\\\/fr\\\/actualite\\\/national\\\/le-centre-carter-recommande-la-mise-en-place-d-une-cour-constitutionnelle\\\/200854\\\/\"},\"author\":{\"name\":\"MC\",\"@id\":\"https:\\\/\\\/www.webdo.tn\\\/fr\\\/#\\\/schema\\\/person\\\/2c4929cbf5a809e3bd38617c6ce150f6\"},\"headline\":\"Le Centre Carter recommande la mise en place d\u2019une Cour constitutionnelle\",\"datePublished\":\"2022-12-19T13:15:00+00:00\",\"dateModified\":\"2025-05-20T22:06:21+00:00\",\"mainEntityOfPage\":{\"@id\":\"https:\\\/\\\/www.webdo.tn\\\/fr\\\/actualite\\\/national\\\/le-centre-carter-recommande-la-mise-en-place-d-une-cour-constitutionnelle\\\/200854\\\/\"},\"wordCount\":202,\"commentCount\":0,\"publisher\":{\"@id\":\"https:\\\/\\\/www.webdo.tn\\\/fr\\\/#organization\"},\"image\":{\"@id\":\"https:\\\/\\\/www.webdo.tn\\\/fr\\\/actualite\\\/national\\\/le-centre-carter-recommande-la-mise-en-place-d-une-cour-constitutionnelle\\\/200854\\\/#primaryimage\"},\"thumbnailUrl\":\"https:\\\/\\\/www.webdo.tn\\\/fr\\\/wp-content\\\/uploads\\\/2022\\\/12\\\/6fd90679abc64696076b170195dff193.jpg\",\"keywords\":[\"abstention\",\"centre carter\",\"\u00e9lections\",\"L\u00e9gislatives\",\"Tunisie\"],\"articleSection\":[\"National\"],\"inLanguage\":\"fr-FR\"},{\"@type\":\"WebPage\",\"@id\":\"https:\\\/\\\/www.webdo.tn\\\/fr\\\/actualite\\\/national\\\/le-centre-carter-recommande-la-mise-en-place-d-une-cour-constitutionnelle\\\/200854\\\/\",\"url\":\"https:\\\/\\\/www.webdo.tn\\\/fr\\\/actualite\\\/national\\\/le-centre-carter-recommande-la-mise-en-place-d-une-cour-constitutionnelle\\\/200854\\\/\",\"name\":\"Le Centre Carter recommande la mise en place d\u2019une Cour constitutionnelle\",\"isPartOf\":{\"@id\":\"https:\\\/\\\/www.webdo.tn\\\/fr\\\/#website\"},\"primaryImageOfPage\":{\"@id\":\"https:\\\/\\\/www.webdo.tn\\\/fr\\\/actualite\\\/national\\\/le-centre-carter-recommande-la-mise-en-place-d-une-cour-constitutionnelle\\\/200854\\\/#primaryimage\"},\"image\":{\"@id\":\"https:\\\/\\\/www.webdo.tn\\\/fr\\\/actualite\\\/national\\\/le-centre-carter-recommande-la-mise-en-place-d-une-cour-constitutionnelle\\\/200854\\\/#primaryimage\"},\"thumbnailUrl\":\"https:\\\/\\\/www.webdo.tn\\\/fr\\\/wp-content\\\/uploads\\\/2022\\\/12\\\/6fd90679abc64696076b170195dff193.jpg\",\"datePublished\":\"2022-12-19T13:15:00+00:00\",\"dateModified\":\"2025-05-20T22:06:21+00:00\",\"description\":\"Le Centre Carter a r\u00e9agi aux premiers r\u00e9sultats des \u00e9lections l\u00e9gislatives du 17 d\u00e9cembre, \u00e9pinglant notamment le tr\u00e8s faible taux de participation au scrutin.\",\"breadcrumb\":{\"@id\":\"https:\\\/\\\/www.webdo.tn\\\/fr\\\/actualite\\\/national\\\/le-centre-carter-recommande-la-mise-en-place-d-une-cour-constitutionnelle\\\/200854\\\/#breadcrumb\"},\"inLanguage\":\"fr-FR\",\"potentialAction\":[{\"@type\":\"ReadAction\",\"target\":[\"https:\\\/\\\/www.webdo.tn\\\/fr\\\/actualite\\\/national\\\/le-centre-carter-recommande-la-mise-en-place-d-une-cour-constitutionnelle\\\/200854\\\/\"]}]},{\"@type\":\"ImageObject\",\"inLanguage\":\"fr-FR\",\"@id\":\"https:\\\/\\\/www.webdo.tn\\\/fr\\\/actualite\\\/national\\\/le-centre-carter-recommande-la-mise-en-place-d-une-cour-constitutionnelle\\\/200854\\\/#primaryimage\",\"url\":\"https:\\\/\\\/www.webdo.tn\\\/fr\\\/wp-content\\\/uploads\\\/2022\\\/12\\\/6fd90679abc64696076b170195dff193.jpg\",\"contentUrl\":\"https:\\\/\\\/www.webdo.tn\\\/fr\\\/wp-content\\\/uploads\\\/2022\\\/12\\\/6fd90679abc64696076b170195dff193.jpg\",\"width\":660,\"height\":352,\"caption\":\"Le Centre Carter recommande la mise en place d\u2019une Cour constitutionnelle\"},{\"@type\":\"BreadcrumbList\",\"@id\":\"https:\\\/\\\/www.webdo.tn\\\/fr\\\/actualite\\\/national\\\/le-centre-carter-recommande-la-mise-en-place-d-une-cour-constitutionnelle\\\/200854\\\/#breadcrumb\",\"itemListElement\":[{\"@type\":\"ListItem\",\"position\":1,\"name\":\"Accueil\",\"item\":\"https:\\\/\\\/www.webdo.tn\\\/fr\\\/\"},{\"@type\":\"ListItem\",\"position\":2,\"name\":\"Le Centre Carter recommande la mise en place d\u2019une Cour constitutionnelle\"}]},{\"@type\":\"WebSite\",\"@id\":\"https:\\\/\\\/www.webdo.tn\\\/fr\\\/#website\",\"url\":\"https:\\\/\\\/www.webdo.tn\\\/fr\\\/\",\"name\":\"webdo\",\"description\":\"Tunisie - News en Tunisie et \u00e0 l&#039;international sur Webdo.tn\",\"publisher\":{\"@id\":\"https:\\\/\\\/www.webdo.tn\\\/fr\\\/#organization\"},\"potentialAction\":[{\"@type\":\"SearchAction\",\"target\":{\"@type\":\"EntryPoint\",\"urlTemplate\":\"https:\\\/\\\/www.webdo.tn\\\/fr\\\/?s={search_term_string}\"},\"query-input\":{\"@type\":\"PropertyValueSpecification\",\"valueRequired\":true,\"valueName\":\"search_term_string\"}}],\"inLanguage\":\"fr-FR\"},{\"@type\":\"Organization\",\"@id\":\"https:\\\/\\\/www.webdo.tn\\\/fr\\\/#organization\",\"name\":\"Webdo\",\"alternateName\":\"Webdo.tn\",\"url\":\"https:\\\/\\\/www.webdo.tn\\\/fr\\\/\",\"logo\":{\"@type\":\"ImageObject\",\"inLanguage\":\"fr-FR\",\"@id\":\"https:\\\/\\\/www.webdo.tn\\\/fr\\\/#\\\/schema\\\/logo\\\/image\\\/\",\"url\":\"https:\\\/\\\/www.webdo.tn\\\/fr\\\/wp-content\\\/uploads\\\/2025\\\/06\\\/Webdo-Tunisie_168377.jpg\",\"contentUrl\":\"https:\\\/\\\/www.webdo.tn\\\/fr\\\/wp-content\\\/uploads\\\/2025\\\/06\\\/Webdo-Tunisie_168377.jpg\",\"width\":301,\"height\":301,\"caption\":\"Webdo\"},\"image\":{\"@id\":\"https:\\\/\\\/www.webdo.tn\\\/fr\\\/#\\\/schema\\\/logo\\\/image\\\/\"},\"sameAs\":[\"https:\\\/\\\/www.facebook.com\\\/webdotn\",\"https:\\\/\\\/x.com\\\/webdo_tn\"],\"description\":\"Webdo est un m\u00e9dia num\u00e9rique tunisien fond\u00e9 en 2010, sp\u00e9cialis\u00e9 dans l\u2019actualit\u00e9 nationale et internationale, l\u2019\u00e9conomie, la soci\u00e9t\u00e9 et les analyses politiques. Le site s\u2019adresse \u00e0 un large public francophone et couvre l\u2019information tunisienne en temps r\u00e9el.\",\"email\":\"redac@webdo.tn\",\"legalName\":\"YNJ SARL\",\"foundingDate\":\"2010-09-06\",\"numberOfEmployees\":{\"@type\":\"QuantitativeValue\",\"minValue\":\"11\",\"maxValue\":\"50\"}},{\"@type\":\"Person\",\"@id\":\"https:\\\/\\\/www.webdo.tn\\\/fr\\\/#\\\/schema\\\/person\\\/2c4929cbf5a809e3bd38617c6ce150f6\",\"name\":\"MC\",\"image\":{\"@type\":\"ImageObject\",\"inLanguage\":\"fr-FR\",\"@id\":\"https:\\\/\\\/secure.gravatar.com\\\/avatar\\\/a545bbb6f84efdd5553dbbc2895e3ca8f1d12c5215e00a041c9670b54aa9b18a?s=96&d=mm&r=g\",\"url\":\"https:\\\/\\\/secure.gravatar.com\\\/avatar\\\/a545bbb6f84efdd5553dbbc2895e3ca8f1d12c5215e00a041c9670b54aa9b18a?s=96&d=mm&r=g\",\"contentUrl\":\"https:\\\/\\\/secure.gravatar.com\\\/avatar\\\/a545bbb6f84efdd5553dbbc2895e3ca8f1d12c5215e00a041c9670b54aa9b18a?s=96&d=mm&r=g\",\"caption\":\"MC\"},\"url\":\"https:\\\/\\\/www.webdo.tn\\\/fr\\\/actualite\\\/author\\\/mc\\\/\"}]}<\/script>\n<!-- \/ Yoast SEO Premium plugin. -->","yoast_head_json":{"title":"Le Centre Carter recommande la mise en place d\u2019une Cour constitutionnelle","description":"Le Centre Carter a r\u00e9agi aux premiers r\u00e9sultats des \u00e9lections l\u00e9gislatives du 17 d\u00e9cembre, \u00e9pinglant notamment le tr\u00e8s faible taux de participation au scrutin.","canonical":"https:\/\/www.webdo.tn\/fr\/actualite\/national\/le-centre-carter-recommande-la-mise-en-place-d-une-cour-constitutionnelle\/200854\/","og_locale":"fr_FR","og_type":"article","og_title":"Le Centre Carter recommande la mise en place d\u2019une Cour constitutionnelle","og_description":"Le Centre Carter a r\u00e9agi aux premiers r\u00e9sultats des \u00e9lections l\u00e9gislatives du 17 d\u00e9cembre, \u00e9pinglant notamment le tr\u00e8s faible taux de participation au scrutin.","og_url":"https:\/\/www.webdo.tn\/fr\/actualite\/national\/le-centre-carter-recommande-la-mise-en-place-d-une-cour-constitutionnelle\/200854\/","og_site_name":"webdo","article_publisher":"https:\/\/www.facebook.com\/webdotn","article_published_time":"2022-12-19T13:15:00+00:00","article_modified_time":"2025-05-20T22:06:21+00:00","og_image":[{"width":660,"height":352,"url":"https:\/\/www.webdo.tn\/fr\/wp-content\/uploads\/2022\/12\/6fd90679abc64696076b170195dff193.jpg","type":"image\/jpeg"}],"author":"MC","twitter_card":"summary_large_image","twitter_creator":"@webdo_tn","twitter_site":"@webdo_tn","twitter_misc":{"\u00c9crit par":"MC","Dur\u00e9e de lecture estim\u00e9e":"1 minute"},"schema":{"@context":"https:\/\/schema.org","@graph":[{"@type":"NewsArticle","@id":"https:\/\/www.webdo.tn\/fr\/actualite\/national\/le-centre-carter-recommande-la-mise-en-place-d-une-cour-constitutionnelle\/200854\/#article","isPartOf":{"@id":"https:\/\/www.webdo.tn\/fr\/actualite\/national\/le-centre-carter-recommande-la-mise-en-place-d-une-cour-constitutionnelle\/200854\/"},"author":{"name":"MC","@id":"https:\/\/www.webdo.tn\/fr\/#\/schema\/person\/2c4929cbf5a809e3bd38617c6ce150f6"},"headline":"Le Centre Carter recommande la mise en place d\u2019une Cour constitutionnelle","datePublished":"2022-12-19T13:15:00+00:00","dateModified":"2025-05-20T22:06:21+00:00","mainEntityOfPage":{"@id":"https:\/\/www.webdo.tn\/fr\/actualite\/national\/le-centre-carter-recommande-la-mise-en-place-d-une-cour-constitutionnelle\/200854\/"},"wordCount":202,"commentCount":0,"publisher":{"@id":"https:\/\/www.webdo.tn\/fr\/#organization"},"image":{"@id":"https:\/\/www.webdo.tn\/fr\/actualite\/national\/le-centre-carter-recommande-la-mise-en-place-d-une-cour-constitutionnelle\/200854\/#primaryimage"},"thumbnailUrl":"https:\/\/www.webdo.tn\/fr\/wp-content\/uploads\/2022\/12\/6fd90679abc64696076b170195dff193.jpg","keywords":["abstention","centre carter","\u00e9lections","L\u00e9gislatives","Tunisie"],"articleSection":["National"],"inLanguage":"fr-FR"},{"@type":"WebPage","@id":"https:\/\/www.webdo.tn\/fr\/actualite\/national\/le-centre-carter-recommande-la-mise-en-place-d-une-cour-constitutionnelle\/200854\/","url":"https:\/\/www.webdo.tn\/fr\/actualite\/national\/le-centre-carter-recommande-la-mise-en-place-d-une-cour-constitutionnelle\/200854\/","name":"Le Centre Carter recommande la mise en place d\u2019une Cour constitutionnelle","isPartOf":{"@id":"https:\/\/www.webdo.tn\/fr\/#website"},"primaryImageOfPage":{"@id":"https:\/\/www.webdo.tn\/fr\/actualite\/national\/le-centre-carter-recommande-la-mise-en-place-d-une-cour-constitutionnelle\/200854\/#primaryimage"},"image":{"@id":"https:\/\/www.webdo.tn\/fr\/actualite\/national\/le-centre-carter-recommande-la-mise-en-place-d-une-cour-constitutionnelle\/200854\/#primaryimage"},"thumbnailUrl":"https:\/\/www.webdo.tn\/fr\/wp-content\/uploads\/2022\/12\/6fd90679abc64696076b170195dff193.jpg","datePublished":"2022-12-19T13:15:00+00:00","dateModified":"2025-05-20T22:06:21+00:00","description":"Le Centre Carter a r\u00e9agi aux premiers r\u00e9sultats des \u00e9lections l\u00e9gislatives du 17 d\u00e9cembre, \u00e9pinglant notamment le tr\u00e8s faible taux de participation au scrutin.","breadcrumb":{"@id":"https:\/\/www.webdo.tn\/fr\/actualite\/national\/le-centre-carter-recommande-la-mise-en-place-d-une-cour-constitutionnelle\/200854\/#breadcrumb"},"inLanguage":"fr-FR","potentialAction":[{"@type":"ReadAction","target":["https:\/\/www.webdo.tn\/fr\/actualite\/national\/le-centre-carter-recommande-la-mise-en-place-d-une-cour-constitutionnelle\/200854\/"]}]},{"@type":"ImageObject","inLanguage":"fr-FR","@id":"https:\/\/www.webdo.tn\/fr\/actualite\/national\/le-centre-carter-recommande-la-mise-en-place-d-une-cour-constitutionnelle\/200854\/#primaryimage","url":"https:\/\/www.webdo.tn\/fr\/wp-content\/uploads\/2022\/12\/6fd90679abc64696076b170195dff193.jpg","contentUrl":"https:\/\/www.webdo.tn\/fr\/wp-content\/uploads\/2022\/12\/6fd90679abc64696076b170195dff193.jpg","width":660,"height":352,"caption":"Le Centre Carter recommande la mise en place d\u2019une Cour constitutionnelle"},{"@type":"BreadcrumbList","@id":"https:\/\/www.webdo.tn\/fr\/actualite\/national\/le-centre-carter-recommande-la-mise-en-place-d-une-cour-constitutionnelle\/200854\/#breadcrumb","itemListElement":[{"@type":"ListItem","position":1,"name":"Accueil","item":"https:\/\/www.webdo.tn\/fr\/"},{"@type":"ListItem","position":2,"name":"Le Centre Carter recommande la mise en place d\u2019une Cour constitutionnelle"}]},{"@type":"WebSite","@id":"https:\/\/www.webdo.tn\/fr\/#website","url":"https:\/\/www.webdo.tn\/fr\/","name":"webdo","description":"Tunisie - News en Tunisie et \u00e0 l&#039;international sur Webdo.tn","publisher":{"@id":"https:\/\/www.webdo.tn\/fr\/#organization"},"potentialAction":[{"@type":"SearchAction","target":{"@type":"EntryPoint","urlTemplate":"https:\/\/www.webdo.tn\/fr\/?s={search_term_string}"},"query-input":{"@type":"PropertyValueSpecification","valueRequired":true,"valueName":"search_term_string"}}],"inLanguage":"fr-FR"},{"@type":"Organization","@id":"https:\/\/www.webdo.tn\/fr\/#organization","name":"Webdo","alternateName":"Webdo.tn","url":"https:\/\/www.webdo.tn\/fr\/","logo":{"@type":"ImageObject","inLanguage":"fr-FR","@id":"https:\/\/www.webdo.tn\/fr\/#\/schema\/logo\/image\/","url":"https:\/\/www.webdo.tn\/fr\/wp-content\/uploads\/2025\/06\/Webdo-Tunisie_168377.jpg","contentUrl":"https:\/\/www.webdo.tn\/fr\/wp-content\/uploads\/2025\/06\/Webdo-Tunisie_168377.jpg","width":301,"height":301,"caption":"Webdo"},"image":{"@id":"https:\/\/www.webdo.tn\/fr\/#\/schema\/logo\/image\/"},"sameAs":["https:\/\/www.facebook.com\/webdotn","https:\/\/x.com\/webdo_tn"],"description":"Webdo est un m\u00e9dia num\u00e9rique tunisien fond\u00e9 en 2010, sp\u00e9cialis\u00e9 dans l\u2019actualit\u00e9 nationale et internationale, l\u2019\u00e9conomie, la soci\u00e9t\u00e9 et les analyses politiques. Le site s\u2019adresse \u00e0 un large public francophone et couvre l\u2019information tunisienne en temps r\u00e9el.","email":"redac@webdo.tn","legalName":"YNJ SARL","foundingDate":"2010-09-06","numberOfEmployees":{"@type":"QuantitativeValue","minValue":"11","maxValue":"50"}},{"@type":"Person","@id":"https:\/\/www.webdo.tn\/fr\/#\/schema\/person\/2c4929cbf5a809e3bd38617c6ce150f6","name":"MC","image":{"@type":"ImageObject","inLanguage":"fr-FR","@id":"https:\/\/secure.gravatar.com\/avatar\/a545bbb6f84efdd5553dbbc2895e3ca8f1d12c5215e00a041c9670b54aa9b18a?s=96&d=mm&r=g","url":"https:\/\/secure.gravatar.com\/avatar\/a545bbb6f84efdd5553dbbc2895e3ca8f1d12c5215e00a041c9670b54aa9b18a?s=96&d=mm&r=g","contentUrl":"https:\/\/secure.gravatar.com\/avatar\/a545bbb6f84efdd5553dbbc2895e3ca8f1d12c5215e00a041c9670b54aa9b18a?s=96&d=mm&r=g","caption":"MC"},"url":"https:\/\/www.webdo.tn\/fr\/actualite\/author\/mc\/"}]}},"_links":{"self":[{"href":"https:\/\/www.webdo.tn\/fr\/wp-json\/wp\/v2\/posts\/200854","targetHints":{"allow":["GET"]}}],"collection":[{"href":"https:\/\/www.webdo.tn\/fr\/wp-json\/wp\/v2\/posts"}],"about":[{"href":"https:\/\/www.webdo.tn\/fr\/wp-json\/wp\/v2\/types\/post"}],"author":[{"embeddable":true,"href":"https:\/\/www.webdo.tn\/fr\/wp-json\/wp\/v2\/users\/3162"}],"replies":[{"embeddable":true,"href":"https:\/\/www.webdo.tn\/fr\/wp-json\/wp\/v2\/comments?post=200854"}],"version-history":[{"count":0,"href":"https:\/\/www.webdo.tn\/fr\/wp-json\/wp\/v2\/posts\/200854\/revisions"}],"wp:featuredmedia":[{"embeddable":true,"href":"https:\/\/www.webdo.tn\/fr\/wp-json\/wp\/v2\/media\/277443"}],"wp:attachment":[{"href":"https:\/\/www.webdo.tn\/fr\/wp-json\/wp\/v2\/media?parent=200854"}],"wp:term":[{"taxonomy":"category","embeddable":true,"href":"https:\/\/www.webdo.tn\/fr\/wp-json\/wp\/v2\/categories?post=200854"},{"taxonomy":"post_tag","embeddable":true,"href":"https:\/\/www.webdo.tn\/fr\/wp-json\/wp\/v2\/tags?post=200854"}],"curies":[{"name":"wp","href":"https:\/\/api.w.org\/{rel}","templated":true}]}}